{"id":10466,"date":"2024-12-06T11:33:08","date_gmt":"2024-12-06T16:33:08","guid":{"rendered":"https:\/\/conducircolombia.com\/cea\/?p=10466"},"modified":"2024-12-06T13:06:30","modified_gmt":"2024-12-06T18:06:30","slug":"manejo-defensivo-importancia-para-la-seguridad-vial-empresarial","status":"publish","type":"post","link":"https:\/\/conducircolombia.com\/cea\/manejo-defensivo-importancia-para-la-seguridad-vial-empresarial\/","title":{"rendered":""},"content":{"rendered":"\t\t<div data-elementor-type=\"wp-post\" data-elementor-id=\"10466\" class=\"elementor elementor-10466\">\n\t\t\t\t\t\t<section class=\"elementor-section elementor-top-section elementor-element elementor-element-16452ae1 elementor-section-boxed elementor-section-height-default elementor-section-height-default\" data-id=\"16452ae1\" data-element_type=\"section\">\n\t\t\t\t\t\t<div class=\"elementor-container elementor-column-gap-default\">\n\t\t\t\t\t<div class=\"elementor-column elementor-col-100 elementor-top-column elementor-element elementor-element-7d932a57\" data-id=\"7d932a57\" data-element_type=\"column\">\n\t\t\t<div class=\"elementor-widget-wrap elementor-element-populated\">\n\t\t\t\t\t\t<div class=\"elementor-element elementor-element-b9b3c60 elementor-widget elementor-widget-heading\" data-id=\"b9b3c60\" data-element_type=\"widget\" data-widget_type=\"heading.default\">\n\t\t\t\t<div class=\"elementor-widget-container\">\n\t\t\t\t\t<h2 class=\"elementor-heading-title elementor-size-default\">Manejo Defensivo importancia para la Seguridad Vial Empresarial<\/h2>\t\t\t\t<\/div>\n\t\t\t\t<\/div>\n\t\t\t\t\t<\/div>\n\t\t<\/div>\n\t\t\t\t\t<\/div>\n\t\t<\/section>\n\t\t\t\t<section class=\"elementor-section elementor-top-section elementor-element elementor-element-75eba08 elementor-section-boxed elementor-section-height-default elementor-section-height-default\" data-id=\"75eba08\" data-element_type=\"section\">\n\t\t\t\t\t\t<div class=\"elementor-container elementor-column-gap-default\">\n\t\t\t\t\t<div class=\"elementor-column elementor-col-100 elementor-top-column elementor-element elementor-element-11e11e6\" data-id=\"11e11e6\" data-element_type=\"column\">\n\t\t\t<div class=\"elementor-widget-wrap elementor-element-populated\">\n\t\t\t\t\t\t<section class=\"elementor-section elementor-inner-section elementor-element elementor-element-ed1dd18 elementor-section-boxed elementor-section-height-default elementor-section-height-default\" data-id=\"ed1dd18\" data-element_type=\"section\">\n\t\t\t\t\t\t<div class=\"elementor-container elementor-column-gap-default\">\n\t\t\t\t\t<div class=\"elementor-column elementor-col-50 elementor-inner-column elementor-element elementor-element-b19c590\" data-id=\"b19c590\" data-element_type=\"column\">\n\t\t\t<div class=\"elementor-widget-wrap elementor-element-populated\">\n\t\t\t\t\t\t<div class=\"elementor-element elementor-element-e0e2f0e elementor-widget elementor-widget-image\" data-id=\"e0e2f0e\" data-element_type=\"widget\" data-widget_type=\"image.default\">\n\t\t\t\t<div class=\"elementor-widget-container\">\n\t\t\t\t\t\t\t\t\t\t\t\t\t\t\t<img fetchpriority=\"high\" decoding=\"async\" width=\"600\" height=\"600\" src=\"https:\/\/conducircolombia.com\/cea\/wp-content\/uploads\/2024\/12\/Manejo-defensivo-en-seguridad-vial-empresarial-e1733503969630.webp\" class=\"attachment-large size-large wp-image-10473\" alt=\"Manejo-defensivo-en-seguridad-vial-empresarial\" \/>\t\t\t\t\t\t\t\t\t\t\t\t\t\t\t<\/div>\n\t\t\t\t<\/div>\n\t\t\t\t\t<\/div>\n\t\t<\/div>\n\t\t\t\t<div class=\"elementor-column elementor-col-50 elementor-inner-column elementor-element elementor-element-1f9c3db\" data-id=\"1f9c3db\" data-element_type=\"column\">\n\t\t\t<div class=\"elementor-widget-wrap elementor-element-populated\">\n\t\t\t\t\t\t<div class=\"elementor-element elementor-element-5c810fd elementor-widget elementor-widget-text-editor\" data-id=\"5c810fd\" data-element_type=\"widget\" data-widget_type=\"text-editor.default\">\n\t\t\t\t<div class=\"elementor-widget-container\">\n\t\t\t\t\t\t\t\t\t<h4><strong>\u00bfQu\u00e9 es el manejo defensivo?<\/strong><\/h4><p>Es una t\u00e9cnica de conducci\u00f3n que busca anticiparse a situaciones de riesgo en la v\u00eda, manteniendo un estado constante de alerta y aplicando estrategias preventivas para evitar accidentes. En un entorno empresarial, capacitar a los conductores en estas habilidades es fundamental para reducir incidentes viales y garantizar el bienestar de los empleados.<\/p>\t\t\t\t\t\t\t\t<\/div>\n\t\t\t\t<\/div>\n\t\t\t\t<div class=\"elementor-element elementor-element-a58efa2 elementor-align-center elementor-widget elementor-widget-button\" data-id=\"a58efa2\" data-element_type=\"widget\" data-widget_type=\"button.default\">\n\t\t\t\t<div class=\"elementor-widget-container\">\n\t\t\t\t\t\t\t\t\t<div class=\"elementor-button-wrapper\">\n\t\t\t\t\t<a class=\"elementor-button elementor-button-link elementor-size-sm\" href=\"https:\/\/wa.me\/573188352225?text=conducir-Se%C3%B1ores%20Conducir%20Colombia.%20Quiero%20registrarme%20en%20el%20curso%20de%20manejo%20defensivo.%20Gracias.\">\n\t\t\t\t\t\t<span class=\"elementor-button-content-wrapper\">\n\t\t\t\t\t\t\t\t\t<span class=\"elementor-button-text\">QUIERO CERTIFICARME <\/span>\n\t\t\t\t\t<\/span>\n\t\t\t\t\t<\/a>\n\t\t\t\t<\/div>\n\t\t\t\t\t\t\t\t<\/div>\n\t\t\t\t<\/div>\n\t\t\t\t\t<\/div>\n\t\t<\/div>\n\t\t\t\t\t<\/div>\n\t\t<\/section>\n\t\t\t\t<div class=\"elementor-element elementor-element-d321299 elementor-widget elementor-widget-text-editor\" data-id=\"d321299\" data-element_type=\"widget\" data-widget_type=\"text-editor.default\">\n\t\t\t\t<div class=\"elementor-widget-container\">\n\t\t\t\t\t\t\t\t\t<h4><strong>Beneficios del manejo defensivo en las empresas<\/strong><\/h4><p>Implementar programas de Seguridad Vial dentro de las empresas ofrece ventajas significativas:<\/p><ol><li><strong>Reducci\u00f3n de accidentes:<\/strong> Los conductores aprenden a identificar y evitar riesgos en la carretera.<\/li><li><strong>Cumplimiento normativo:<\/strong> Las capacitaciones est\u00e1n alineadas con el Plan Estrat\u00e9gico de Seguridad Vial (PESV).<\/li><li><strong>Ahorro econ\u00f3mico:<\/strong> Menos accidentes significan menos costos por reparaciones y seguros.<\/li><li><strong>Mejora en la reputaci\u00f3n:<\/strong> Una empresa comprometida con la seguridad vial proyecta una imagen positiva.<\/li><\/ol><h4><strong>Normatividad sobre manejo defensivo en Colombia<\/strong><\/h4><p>En Colombia, aunque no existe una regulaci\u00f3n espec\u00edfica para estos cursos , la Resoluci\u00f3n 1565 de 2014 establece la obligatoriedad de capacitar a los conductores como parte del PESV. Estas capacitaciones son una estrategia para promover la seguridad vial.<\/p><h4><strong>\u00bfC\u00f3mo implementar el manejo defensivo en tu empresa?<\/strong><\/h4><ol><li><strong>Identifica necesidades:<\/strong> Eval\u00faa los riesgos asociados al transporte en tu organizaci\u00f3n.<\/li><li><strong>Elige un aliado estrat\u00e9gico:<\/strong> Opta por un centro de ense\u00f1anza automovil\u00edstica certificado.<\/li><li><strong>Dise\u00f1a un programa personalizado:<\/strong> Aseg\u00farate de que incluya aspectos pr\u00e1cticos y te\u00f3ricos adaptados a tu sector.<\/li><li><strong>Eval\u00faa resultados:<\/strong> Monitorea los indicadores de seguridad vial despu\u00e9s de la capacitaci\u00f3n.<\/li><\/ol>\t\t\t\t\t\t\t\t<\/div>\n\t\t\t\t<\/div>\n\t\t\t\t<div class=\"elementor-element elementor-element-463eb61 elementor-align-center elementor-widget elementor-widget-button\" data-id=\"463eb61\" data-element_type=\"widget\" data-widget_type=\"button.default\">\n\t\t\t\t<div class=\"elementor-widget-container\">\n\t\t\t\t\t\t\t\t\t<div class=\"elementor-button-wrapper\">\n\t\t\t\t\t<a class=\"elementor-button elementor-button-link elementor-size-sm\" href=\"https:\/\/wa.me\/573188352225?text=conducir-Se%C3%B1ores%20Conducir%20Colombia.%20Quiero%20registrarme%20en%20el%20curso%20de%20manejo%20defensivo.%20Gracias.\">\n\t\t\t\t\t\t<span class=\"elementor-button-content-wrapper\">\n\t\t\t\t\t\t\t\t\t<span class=\"elementor-button-text\">QUIERO CERTIFICARME <\/span>\n\t\t\t\t\t<\/span>\n\t\t\t\t\t<\/a>\n\t\t\t\t<\/div>\n\t\t\t\t\t\t\t\t<\/div>\n\t\t\t\t<\/div>\n\t\t\t\t<div class=\"elementor-element elementor-element-62fc335 elementor-invisible elementor-widget elementor-widget-text-editor\" data-id=\"62fc335\" data-element_type=\"widget\" data-settings=\"{&quot;_animation&quot;:&quot;zoomIn&quot;}\" data-widget_type=\"text-editor.default\">\n\t\t\t\t<div class=\"elementor-widget-container\">\n\t\t\t\t\t\t\t\t\t<p>El manejo Preventivo no solo es una herramienta eficaz para prevenir accidentes, sino tambi\u00e9n un componente esencial para cumplir con las normativas de seguridad vial. Invertir en la formaci\u00f3n de tus conductores es una decisi\u00f3n estrat\u00e9gica que puede salvar vidas y proteger los intereses de tu empresa.<\/p>\t\t\t\t\t\t\t\t<\/div>\n\t\t\t\t<\/div>\n\t\t\t\t\t<\/div>\n\t\t<\/div>\n\t\t\t\t\t<\/div>\n\t\t<\/section>\n\t\t\t\t<section class=\"elementor-section elementor-top-section elementor-element elementor-element-36ffa58 elementor-section-boxed elementor-section-height-default elementor-section-height-default\" data-id=\"36ffa58\" data-element_type=\"section\" data-settings=\"{&quot;background_background&quot;:&quot;gradient&quot;}\">\n\t\t\t\t\t\t<div class=\"elementor-container elementor-column-gap-default\">\n\t\t\t\t\t<div class=\"elementor-column elementor-col-50 elementor-top-column elementor-element elementor-element-6623957\" data-id=\"6623957\" data-element_type=\"column\">\n\t\t\t<div class=\"elementor-widget-wrap elementor-element-populated\">\n\t\t\t\t\t\t<div class=\"elementor-element elementor-element-bb7616d elementor-widget elementor-widget-heading\" data-id=\"bb7616d\" data-element_type=\"widget\" data-widget_type=\"heading.default\">\n\t\t\t\t<div class=\"elementor-widget-container\">\n\t\t\t\t\t<h2 class=\"elementor-heading-title elementor-size-default\">Invitaci\u00f3n Especial: Curso Virtual de manejo defensivo para Empresas<\/h2>\t\t\t\t<\/div>\n\t\t\t\t<\/div>\n\t\t\t\t<div class=\"elementor-element elementor-element-6ada377 elementor-widget elementor-widget-image\" data-id=\"6ada377\" data-element_type=\"widget\" data-widget_type=\"image.default\">\n\t\t\t\t<div class=\"elementor-widget-container\">\n\t\t\t\t\t\t\t\t\t\t\t\t\t\t\t<img decoding=\"async\" width=\"1024\" height=\"1024\" src=\"https:\/\/conducircolombia.com\/cea\/wp-content\/uploads\/2024\/12\/Curso-Virtual-Manejo-defensivo-1024x1024.webp\" class=\"attachment-large size-large wp-image-10482\" alt=\"Curso virtual de manejo defensivo\" srcset=\"https:\/\/conducircolombia.com\/cea\/wp-content\/uploads\/2024\/12\/Curso-Virtual-Manejo-defensivo-1024x1024.webp 1024w, https:\/\/conducircolombia.com\/cea\/wp-content\/uploads\/2024\/12\/Curso-Virtual-Manejo-defensivo-300x300.webp 300w, https:\/\/conducircolombia.com\/cea\/wp-content\/uploads\/2024\/12\/Curso-Virtual-Manejo-defensivo-150x150.webp 150w, https:\/\/conducircolombia.com\/cea\/wp-content\/uploads\/2024\/12\/Curso-Virtual-Manejo-defensivo-768x768.webp 768w, https:\/\/conducircolombia.com\/cea\/wp-content\/uploads\/2024\/12\/Curso-Virtual-Manejo-defensivo-e1733505514378.webp 800w\" sizes=\"(max-width: 1024px) 100vw, 1024px\" \/>\t\t\t\t\t\t\t\t\t\t\t\t\t\t\t<\/div>\n\t\t\t\t<\/div>\n\t\t\t\t\t<\/div>\n\t\t<\/div>\n\t\t\t\t<div class=\"elementor-column elementor-col-50 elementor-top-column elementor-element elementor-element-2610c5b\" data-id=\"2610c5b\" data-element_type=\"column\">\n\t\t\t<div class=\"elementor-widget-wrap elementor-element-populated\">\n\t\t\t\t\t\t<div class=\"elementor-element elementor-element-ecb766d elementor-widget elementor-widget-text-editor\" data-id=\"ecb766d\" data-element_type=\"widget\" data-widget_type=\"text-editor.default\">\n\t\t\t\t<div class=\"elementor-widget-container\">\n\t\t\t\t\t\t\t\t\t<p style=\"text-align: center;\"><span style=\"color: #ffcc00;\"><strong>\u00a1Empresas comprometidas con la seguridad vial!<\/strong><\/span><\/p><p>En Conducir Colombia entendemos la importancia de proteger a sus colaboradores y fomentar una cultura de conducci\u00f3n responsable.<\/p><p>Por ello, les invitamos a inscribir a sus conductores en nuestro <strong>Curso Virtual <\/strong>, dise\u00f1ado para cumplir con los lineamientos del <strong>Plan Estrat\u00e9gico de Seguridad Vial (PESV)<\/strong> y minimizar riesgos en la v\u00eda.<\/p>\t\t\t\t\t\t\t\t<\/div>\n\t\t\t\t<\/div>\n\t\t\t\t\t<\/div>\n\t\t<\/div>\n\t\t\t\t\t<\/div>\n\t\t<\/section>\n\t\t\t\t<section class=\"elementor-section elementor-top-section elementor-element elementor-element-c3533c3 elementor-section-boxed elementor-section-height-default elementor-section-height-default\" data-id=\"c3533c3\" data-element_type=\"section\">\n\t\t\t\t\t\t<div class=\"elementor-container elementor-column-gap-default\">\n\t\t\t\t\t<div class=\"elementor-column elementor-col-100 elementor-top-column elementor-element elementor-element-36a9bc8\" data-id=\"36a9bc8\" data-element_type=\"column\">\n\t\t\t<div class=\"elementor-widget-wrap elementor-element-populated\">\n\t\t\t\t\t\t<div class=\"elementor-element elementor-element-e44affe elementor-widget elementor-widget-text-editor\" data-id=\"e44affe\" data-element_type=\"widget\" data-widget_type=\"text-editor.default\">\n\t\t\t\t<div class=\"elementor-widget-container\">\n\t\t\t\t\t\t\t\t\t<h4><strong>\u00bfPor qu\u00e9 tomar nuestro curso?<\/strong><\/h4><ul><li><strong>Modalidad 100% virtual:<\/strong> Flexibilidad para que sus conductores puedan capacitarse desde cualquier lugar.<\/li><li><strong>Contenido pr\u00e1ctico y actualizado:<\/strong> Incluye normativas viales, estrategias de prevenci\u00f3n y t\u00e9cnicas de manejo seguro.<\/li><li><strong>Reducci\u00f3n de riesgos:<\/strong> Mejore los \u00edndices de seguridad vial en su empresa, disminuyendo accidentes y costos asociados.<\/li><li><strong>Certificaci\u00f3n avalada:<\/strong> Cada participante recibir\u00e1 un certificado que respalda su formaci\u00f3n en manejo defensivo.<\/li><\/ul><h4><strong>\u00bfA qui\u00e9n est\u00e1 dirigido?<\/strong><\/h4><p>Este curso est\u00e1 dise\u00f1ado para empresas que desean capacitar a sus conductores de motocicletas, veh\u00edculos particulares, de carga y transporte p\u00fablico.<\/p><h4><strong>Beneficios para su empresa:<\/strong><\/h4><ul><li>Cumplimiento normativo del PESV.<\/li><li>Mejora en la imagen corporativa al promover la seguridad vial.<\/li><li>Protecci\u00f3n de sus colaboradores y recursos.<\/li><\/ul><h4><strong>Detalles del curso:<\/strong><\/h4><ul><li><strong>Duraci\u00f3n:<\/strong> 6 horas<\/li><li><strong>Modalidad:<\/strong> Virtual<\/li><li><strong>Inicio:<\/strong> Inscripciones abiertas todo el a\u00f1o<\/li><\/ul><p style=\"text-align: center;\">No dejes pasar esta oportunidad para fortalecer la seguridad vial en tu empresa. <strong>\u00a1Inscribe a tus conductores hoy!<\/strong><\/p><p><strong>Cont\u00e1ctanos ahora:<\/strong><\/p><ul><li>Tel\u00e9fono:\u00a0<a href=\"http:\/\/tel:573103159131\" target=\"_blank\" rel=\"noopener\">310 315 9131<\/a><\/li><li>Correo electr\u00f3nico: <a rel=\"noopener\">info@conducir.co<\/a><\/li><li>P\u00e1gina web: <a href=\"https:\/\/conducircolombia.edu.co\/wp\/curso-de-manejo-defensivo\/\">www.conducircolombia.com<\/a><\/li><\/ul><p style=\"text-align: center;\"><strong>Conducir Colombia: Comprometidos con la seguridad vial y el desarrollo empresarial.<\/strong><\/p>\t\t\t\t\t\t\t\t<\/div>\n\t\t\t\t<\/div>\n\t\t\t\t<div class=\"elementor-element elementor-element-776d39c elementor-align-center elementor-widget elementor-widget-button\" data-id=\"776d39c\" data-element_type=\"widget\" data-widget_type=\"button.default\">\n\t\t\t\t<div class=\"elementor-widget-container\">\n\t\t\t\t\t\t\t\t\t<div class=\"elementor-button-wrapper\">\n\t\t\t\t\t<a class=\"elementor-button elementor-button-link elementor-size-sm\" href=\"https:\/\/wa.me\/573188352225?text=Se\u00f1ores%20Conducir%20Colombia...Quiero%20inscribir%20a%20mis%20conductores.%20Gracias\">\n\t\t\t\t\t\t<span class=\"elementor-button-content-wrapper\">\n\t\t\t\t\t\t\t\t\t<span class=\"elementor-button-text\">QUIERO INSCRIBIR A MIS CONDUCTORES<\/span>\n\t\t\t\t\t<\/span>\n\t\t\t\t\t<\/a>\n\t\t\t\t<\/div>\n\t\t\t\t\t\t\t\t<\/div>\n\t\t\t\t<\/div>\n\t\t\t\t\t<\/div>\n\t\t<\/div>\n\t\t\t\t\t<\/div>\n\t\t<\/section>\n\t\t\t\t<\/div>\n\t\t","protected":false},"excerpt":{"rendered":"<p>Manejo Defensivo importancia para la Seguridad Vial Empresarial \u00bfQu\u00e9 es el manejo defensivo? Es una t\u00e9cnica de conducci\u00f3n que busca [&hellip;]<\/p>\n","protected":false},"author":2,"featured_media":0,"comment_status":"open","ping_status":"open","sticky":false,"template":"elementor_theme","format":"standard","meta":{"site-sidebar-layout":"default","site-content-layout":"","ast-site-content-layout":"default","site-content-style":"default","site-sidebar-style":"default","ast-global-header-display":"","ast-banner-title-visibility":"","ast-main-header-display":"","ast-hfb-above-header-display":"","ast-hfb-below-header-display":"","ast-hfb-mobile-header-display":"","site-post-title":"","ast-breadcrumbs-content":"","ast-featured-img":"","footer-sml-layout":"","theme-transparent-header-meta":"","adv-header-id-meta":"","stick-header-meta":"","header-above-stick-meta":"","header-main-stick-meta":"","header-below-stick-meta":"","astra-migrate-meta-layouts":"set","ast-page-background-enabled":"default","ast-page-background-meta":{"desktop":{"background-color":"var(--ast-global-color-4)","background-image":"","background-repeat":"repeat","background-position":"center center","background-size":"auto","background-attachment":"scroll","background-type":"","background-media":"","overlay-type":"","overlay-color":"","overlay-opacity":"","overlay-gradient":""},"tablet":{"background-color":"","background-image":"","background-repeat":"repeat","background-position":"center center","background-size":"auto","background-attachment":"scroll","background-type":"","background-media":"","overlay-type":"","overlay-color":"","overlay-opacity":"","overlay-gradient":""},"mobile":{"background-color":"","background-image":"","background-repeat":"repeat","background-position":"center center","background-size":"auto","background-attachment":"scroll","background-type":"","background-media":"","overlay-type":"","overlay-color":"","overlay-opacity":"","overlay-gradient":""}},"ast-content-background-meta":{"desktop":{"background-color":"var(--ast-global-color-5)","background-image":"","background-repeat":"repeat","background-position":"center center","background-size":"auto","background-attachment":"scroll","background-type":"","background-media":"","overlay-type":"","overlay-color":"","overlay-opacity":"","overlay-gradient":""},"tablet":{"background-color":"var(--ast-global-color-5)","background-image":"","background-repeat":"repeat","background-position":"center center","background-size":"auto","background-attachment":"scroll","background-type":"","background-media":"","overlay-type":"","overlay-color":"","overlay-opacity":"","overlay-gradient":""},"mobile":{"background-color":"var(--ast-global-color-5)","background-image":"","background-repeat":"repeat","background-position":"center center","background-size":"auto","background-attachment":"scroll","background-type":"","background-media":"","overlay-type":"","overlay-color":"","overlay-opacity":"","overlay-gradient":""}},"footnotes":""},"categories":[17,6],"tags":[],"class_list":["post-10466","post","type-post","status-publish","format-standard","hentry","category-blog","category-consejos-para-la-buena-conduccion"],"yoast_head":"<!-- This site is optimized with the Yoast SEO plugin v26.4 - https:\/\/yoast.com\/wordpress\/plugins\/seo\/ -->\n<title>Manejo Defensivo Importancia para la Seguridad Vial Empresarial<\/title>\n<meta name=\"description\" content=\"El manejo defensivo contribuye a la seguridad vial empresarial | c\u00f3mo capacitar a tus conductores puede prevenir accidentes. \ud83d\ude91\" \/>\n<meta name=\"robots\" content=\"index, follow, max-snippet:-1, max-image-preview:large, max-video-preview:-1\" \/>\n<link rel=\"canonical\" href=\"https:\/\/conducircolombia.com\/cea\/manejo-defensivo-importancia-para-la-seguridad-vial-empresarial\/\" \/>\n<meta property=\"og:locale\" content=\"es_ES\" \/>\n<meta property=\"og:type\" content=\"article\" \/>\n<meta property=\"og:title\" content=\"Manejo Defensivo Importancia para la Seguridad Vial Empresarial\" \/>\n<meta property=\"og:description\" content=\"El manejo defensivo contribuye a la seguridad vial empresarial | c\u00f3mo capacitar a tus conductores puede prevenir accidentes. \ud83d\ude91\" \/>\n<meta property=\"og:url\" content=\"https:\/\/conducircolombia.com\/cea\/manejo-defensivo-importancia-para-la-seguridad-vial-empresarial\/\" \/>\n<meta property=\"og:site_name\" content=\"Conducir Colombia\" \/>\n<meta property=\"article:publisher\" content=\"https:\/\/www.facebook.com\/ConducirColombiaBogota\" \/>\n<meta property=\"article:published_time\" content=\"2024-12-06T16:33:08+00:00\" \/>\n<meta property=\"article:modified_time\" content=\"2024-12-06T18:06:30+00:00\" \/>\n<meta property=\"og:image\" content=\"https:\/\/conducircolombia.com\/cea\/wp-content\/uploads\/2024\/12\/Manejo-defensivo-en-seguridad-vial-empresarial-e1733503969630.webp\" \/>\n\t<meta property=\"og:image:width\" content=\"600\" \/>\n\t<meta property=\"og:image:height\" content=\"600\" \/>\n\t<meta property=\"og:image:type\" content=\"image\/webp\" \/>\n<meta name=\"author\" content=\"memo fichas\" \/>\n<meta name=\"twitter:card\" content=\"summary_large_image\" \/>\n<meta name=\"twitter:label1\" content=\"Escrito por\" \/>\n\t<meta name=\"twitter:data1\" content=\"memo fichas\" \/>\n\t<meta name=\"twitter:label2\" content=\"Tiempo de lectura\" \/>\n\t<meta name=\"twitter:data2\" content=\"3 minutos\" \/>\n<script type=\"application\/ld+json\" class=\"yoast-schema-graph\">{\"@context\":\"https:\/\/schema.org\",\"@graph\":[{\"@type\":\"Article\",\"@id\":\"https:\/\/conducircolombia.com\/cea\/manejo-defensivo-importancia-para-la-seguridad-vial-empresarial\/#article\",\"isPartOf\":{\"@id\":\"https:\/\/conducircolombia.com\/cea\/manejo-defensivo-importancia-para-la-seguridad-vial-empresarial\/\"},\"author\":{\"name\":\"memo fichas\",\"@id\":\"https:\/\/conducircolombia.com\/cea\/#\/schema\/person\/39f266f3357066ea02c614168ee5b0d2\"},\"headline\":\"Sin t\u00edtulo\",\"datePublished\":\"2024-12-06T16:33:08+00:00\",\"dateModified\":\"2024-12-06T18:06:30+00:00\",\"mainEntityOfPage\":{\"@id\":\"https:\/\/conducircolombia.com\/cea\/manejo-defensivo-importancia-para-la-seguridad-vial-empresarial\/\"},\"wordCount\":577,\"commentCount\":0,\"publisher\":{\"@id\":\"https:\/\/conducircolombia.com\/cea\/#organization\"},\"image\":{\"@id\":\"https:\/\/conducircolombia.com\/cea\/manejo-defensivo-importancia-para-la-seguridad-vial-empresarial\/#primaryimage\"},\"thumbnailUrl\":\"https:\/\/conducircolombia.com\/cea\/wp-content\/uploads\/2024\/12\/Manejo-defensivo-en-seguridad-vial-empresarial-e1733503969630.webp\",\"articleSection\":[\"Blog\",\"Consejos\"],\"inLanguage\":\"es\",\"potentialAction\":[{\"@type\":\"CommentAction\",\"name\":\"Comment\",\"target\":[\"https:\/\/conducircolombia.com\/cea\/manejo-defensivo-importancia-para-la-seguridad-vial-empresarial\/#respond\"]}]},{\"@type\":\"WebPage\",\"@id\":\"https:\/\/conducircolombia.com\/cea\/manejo-defensivo-importancia-para-la-seguridad-vial-empresarial\/\",\"url\":\"https:\/\/conducircolombia.com\/cea\/manejo-defensivo-importancia-para-la-seguridad-vial-empresarial\/\",\"name\":\"Manejo Defensivo Importancia para la Seguridad Vial Empresarial\",\"isPartOf\":{\"@id\":\"https:\/\/conducircolombia.com\/cea\/#website\"},\"primaryImageOfPage\":{\"@id\":\"https:\/\/conducircolombia.com\/cea\/manejo-defensivo-importancia-para-la-seguridad-vial-empresarial\/#primaryimage\"},\"image\":{\"@id\":\"https:\/\/conducircolombia.com\/cea\/manejo-defensivo-importancia-para-la-seguridad-vial-empresarial\/#primaryimage\"},\"thumbnailUrl\":\"https:\/\/conducircolombia.com\/cea\/wp-content\/uploads\/2024\/12\/Manejo-defensivo-en-seguridad-vial-empresarial-e1733503969630.webp\",\"datePublished\":\"2024-12-06T16:33:08+00:00\",\"dateModified\":\"2024-12-06T18:06:30+00:00\",\"description\":\"El manejo defensivo contribuye a la seguridad vial empresarial | c\u00f3mo capacitar a tus conductores puede prevenir accidentes. \ud83d\ude91\",\"inLanguage\":\"es\",\"potentialAction\":[{\"@type\":\"ReadAction\",\"target\":[\"https:\/\/conducircolombia.com\/cea\/manejo-defensivo-importancia-para-la-seguridad-vial-empresarial\/\"]}]},{\"@type\":\"ImageObject\",\"inLanguage\":\"es\",\"@id\":\"https:\/\/conducircolombia.com\/cea\/manejo-defensivo-importancia-para-la-seguridad-vial-empresarial\/#primaryimage\",\"url\":\"https:\/\/conducircolombia.com\/cea\/wp-content\/uploads\/2024\/12\/Manejo-defensivo-en-seguridad-vial-empresarial-e1733503969630.webp\",\"contentUrl\":\"https:\/\/conducircolombia.com\/cea\/wp-content\/uploads\/2024\/12\/Manejo-defensivo-en-seguridad-vial-empresarial-e1733503969630.webp\",\"width\":600,\"height\":600,\"caption\":\"Manejo-defensivo-en-seguridad-vial-empresarial\"},{\"@type\":\"WebSite\",\"@id\":\"https:\/\/conducircolombia.com\/cea\/#website\",\"url\":\"https:\/\/conducircolombia.com\/cea\/\",\"name\":\"Conducir Colombia\",\"description\":\"Academia de Conducci\u00f3n\",\"publisher\":{\"@id\":\"https:\/\/conducircolombia.com\/cea\/#organization\"},\"potentialAction\":[{\"@type\":\"SearchAction\",\"target\":{\"@type\":\"EntryPoint\",\"urlTemplate\":\"https:\/\/conducircolombia.com\/cea\/?s={search_term_string}\"},\"query-input\":{\"@type\":\"PropertyValueSpecification\",\"valueRequired\":true,\"valueName\":\"search_term_string\"}}],\"inLanguage\":\"es\"},{\"@type\":\"Organization\",\"@id\":\"https:\/\/conducircolombia.com\/cea\/#organization\",\"name\":\"Conducir Colombia\",\"alternateName\":\"Conducir Colombia\",\"url\":\"https:\/\/conducircolombia.com\/cea\/\",\"logo\":{\"@type\":\"ImageObject\",\"inLanguage\":\"es\",\"@id\":\"https:\/\/conducircolombia.com\/cea\/#\/schema\/logo\/image\/\",\"url\":\"https:\/\/conducircolombia.com\/cea\/wp-content\/uploads\/2025\/02\/logowp.jpg\",\"contentUrl\":\"https:\/\/conducircolombia.com\/cea\/wp-content\/uploads\/2025\/02\/logowp.jpg\",\"width\":300,\"height\":299,\"caption\":\"Conducir Colombia\"},\"image\":{\"@id\":\"https:\/\/conducircolombia.com\/cea\/#\/schema\/logo\/image\/\"},\"sameAs\":[\"https:\/\/www.facebook.com\/ConducirColombiaBogota\"]},{\"@type\":\"Person\",\"@id\":\"https:\/\/conducircolombia.com\/cea\/#\/schema\/person\/39f266f3357066ea02c614168ee5b0d2\",\"name\":\"memo fichas\",\"image\":{\"@type\":\"ImageObject\",\"inLanguage\":\"es\",\"@id\":\"https:\/\/conducircolombia.com\/cea\/#\/schema\/person\/image\/\",\"url\":\"https:\/\/secure.gravatar.com\/avatar\/e1b894dfed71a479efeaf73bfb32c5e92c855e56311b32924ca240a9bcec68b2?s=96&d=mm&r=g\",\"contentUrl\":\"https:\/\/secure.gravatar.com\/avatar\/e1b894dfed71a479efeaf73bfb32c5e92c855e56311b32924ca240a9bcec68b2?s=96&d=mm&r=g\",\"caption\":\"memo fichas\"},\"url\":\"https:\/\/conducircolombia.com\/cea\/author\/conducir1\/\"}]}<\/script>\n<!-- \/ Yoast SEO plugin. -->","yoast_head_json":{"title":"Manejo Defensivo Importancia para la Seguridad Vial Empresarial","description":"El manejo defensivo contribuye a la seguridad vial empresarial | c\u00f3mo capacitar a tus conductores puede prevenir accidentes. \ud83d\ude91","robots":{"index":"index","follow":"follow","max-snippet":"max-snippet:-1","max-image-preview":"max-image-preview:large","max-video-preview":"max-video-preview:-1"},"canonical":"https:\/\/conducircolombia.com\/cea\/manejo-defensivo-importancia-para-la-seguridad-vial-empresarial\/","og_locale":"es_ES","og_type":"article","og_title":"Manejo Defensivo Importancia para la Seguridad Vial Empresarial","og_description":"El manejo defensivo contribuye a la seguridad vial empresarial | c\u00f3mo capacitar a tus conductores puede prevenir accidentes. \ud83d\ude91","og_url":"https:\/\/conducircolombia.com\/cea\/manejo-defensivo-importancia-para-la-seguridad-vial-empresarial\/","og_site_name":"Conducir Colombia","article_publisher":"https:\/\/www.facebook.com\/ConducirColombiaBogota","article_published_time":"2024-12-06T16:33:08+00:00","article_modified_time":"2024-12-06T18:06:30+00:00","og_image":[{"width":600,"height":600,"url":"https:\/\/conducircolombia.com\/cea\/wp-content\/uploads\/2024\/12\/Manejo-defensivo-en-seguridad-vial-empresarial-e1733503969630.webp","type":"image\/webp"}],"author":"memo fichas","twitter_card":"summary_large_image","twitter_misc":{"Escrito por":"memo fichas","Tiempo de lectura":"3 minutos"},"schema":{"@context":"https:\/\/schema.org","@graph":[{"@type":"Article","@id":"https:\/\/conducircolombia.com\/cea\/manejo-defensivo-importancia-para-la-seguridad-vial-empresarial\/#article","isPartOf":{"@id":"https:\/\/conducircolombia.com\/cea\/manejo-defensivo-importancia-para-la-seguridad-vial-empresarial\/"},"author":{"name":"memo fichas","@id":"https:\/\/conducircolombia.com\/cea\/#\/schema\/person\/39f266f3357066ea02c614168ee5b0d2"},"headline":"Sin t\u00edtulo","datePublished":"2024-12-06T16:33:08+00:00","dateModified":"2024-12-06T18:06:30+00:00","mainEntityOfPage":{"@id":"https:\/\/conducircolombia.com\/cea\/manejo-defensivo-importancia-para-la-seguridad-vial-empresarial\/"},"wordCount":577,"commentCount":0,"publisher":{"@id":"https:\/\/conducircolombia.com\/cea\/#organization"},"image":{"@id":"https:\/\/conducircolombia.com\/cea\/manejo-defensivo-importancia-para-la-seguridad-vial-empresarial\/#primaryimage"},"thumbnailUrl":"https:\/\/conducircolombia.com\/cea\/wp-content\/uploads\/2024\/12\/Manejo-defensivo-en-seguridad-vial-empresarial-e1733503969630.webp","articleSection":["Blog","Consejos"],"inLanguage":"es","potentialAction":[{"@type":"CommentAction","name":"Comment","target":["https:\/\/conducircolombia.com\/cea\/manejo-defensivo-importancia-para-la-seguridad-vial-empresarial\/#respond"]}]},{"@type":"WebPage","@id":"https:\/\/conducircolombia.com\/cea\/manejo-defensivo-importancia-para-la-seguridad-vial-empresarial\/","url":"https:\/\/conducircolombia.com\/cea\/manejo-defensivo-importancia-para-la-seguridad-vial-empresarial\/","name":"Manejo Defensivo Importancia para la Seguridad Vial Empresarial","isPartOf":{"@id":"https:\/\/conducircolombia.com\/cea\/#website"},"primaryImageOfPage":{"@id":"https:\/\/conducircolombia.com\/cea\/manejo-defensivo-importancia-para-la-seguridad-vial-empresarial\/#primaryimage"},"image":{"@id":"https:\/\/conducircolombia.com\/cea\/manejo-defensivo-importancia-para-la-seguridad-vial-empresarial\/#primaryimage"},"thumbnailUrl":"https:\/\/conducircolombia.com\/cea\/wp-content\/uploads\/2024\/12\/Manejo-defensivo-en-seguridad-vial-empresarial-e1733503969630.webp","datePublished":"2024-12-06T16:33:08+00:00","dateModified":"2024-12-06T18:06:30+00:00","description":"El manejo defensivo contribuye a la seguridad vial empresarial | c\u00f3mo capacitar a tus conductores puede prevenir accidentes. \ud83d\ude91","inLanguage":"es","potentialAction":[{"@type":"ReadAction","target":["https:\/\/conducircolombia.com\/cea\/manejo-defensivo-importancia-para-la-seguridad-vial-empresarial\/"]}]},{"@type":"ImageObject","inLanguage":"es","@id":"https:\/\/conducircolombia.com\/cea\/manejo-defensivo-importancia-para-la-seguridad-vial-empresarial\/#primaryimage","url":"https:\/\/conducircolombia.com\/cea\/wp-content\/uploads\/2024\/12\/Manejo-defensivo-en-seguridad-vial-empresarial-e1733503969630.webp","contentUrl":"https:\/\/conducircolombia.com\/cea\/wp-content\/uploads\/2024\/12\/Manejo-defensivo-en-seguridad-vial-empresarial-e1733503969630.webp","width":600,"height":600,"caption":"Manejo-defensivo-en-seguridad-vial-empresarial"},{"@type":"WebSite","@id":"https:\/\/conducircolombia.com\/cea\/#website","url":"https:\/\/conducircolombia.com\/cea\/","name":"Conducir Colombia","description":"Academia de Conducci\u00f3n","publisher":{"@id":"https:\/\/conducircolombia.com\/cea\/#organization"},"potentialAction":[{"@type":"SearchAction","target":{"@type":"EntryPoint","urlTemplate":"https:\/\/conducircolombia.com\/cea\/?s={search_term_string}"},"query-input":{"@type":"PropertyValueSpecification","valueRequired":true,"valueName":"search_term_string"}}],"inLanguage":"es"},{"@type":"Organization","@id":"https:\/\/conducircolombia.com\/cea\/#organization","name":"Conducir Colombia","alternateName":"Conducir Colombia","url":"https:\/\/conducircolombia.com\/cea\/","logo":{"@type":"ImageObject","inLanguage":"es","@id":"https:\/\/conducircolombia.com\/cea\/#\/schema\/logo\/image\/","url":"https:\/\/conducircolombia.com\/cea\/wp-content\/uploads\/2025\/02\/logowp.jpg","contentUrl":"https:\/\/conducircolombia.com\/cea\/wp-content\/uploads\/2025\/02\/logowp.jpg","width":300,"height":299,"caption":"Conducir Colombia"},"image":{"@id":"https:\/\/conducircolombia.com\/cea\/#\/schema\/logo\/image\/"},"sameAs":["https:\/\/www.facebook.com\/ConducirColombiaBogota"]},{"@type":"Person","@id":"https:\/\/conducircolombia.com\/cea\/#\/schema\/person\/39f266f3357066ea02c614168ee5b0d2","name":"memo fichas","image":{"@type":"ImageObject","inLanguage":"es","@id":"https:\/\/conducircolombia.com\/cea\/#\/schema\/person\/image\/","url":"https:\/\/secure.gravatar.com\/avatar\/e1b894dfed71a479efeaf73bfb32c5e92c855e56311b32924ca240a9bcec68b2?s=96&d=mm&r=g","contentUrl":"https:\/\/secure.gravatar.com\/avatar\/e1b894dfed71a479efeaf73bfb32c5e92c855e56311b32924ca240a9bcec68b2?s=96&d=mm&r=g","caption":"memo fichas"},"url":"https:\/\/conducircolombia.com\/cea\/author\/conducir1\/"}]}},"_links":{"self":[{"href":"https:\/\/conducircolombia.com\/cea\/wp-json\/wp\/v2\/posts\/10466","targetHints":{"allow":["GET"]}}],"collection":[{"href":"https:\/\/conducircolombia.com\/cea\/wp-json\/wp\/v2\/posts"}],"about":[{"href":"https:\/\/conducircolombia.com\/cea\/wp-json\/wp\/v2\/types\/post"}],"author":[{"embeddable":true,"href":"https:\/\/conducircolombia.com\/cea\/wp-json\/wp\/v2\/users\/2"}],"replies":[{"embeddable":true,"href":"https:\/\/conducircolombia.com\/cea\/wp-json\/wp\/v2\/comments?post=10466"}],"version-history":[{"count":43,"href":"https:\/\/conducircolombia.com\/cea\/wp-json\/wp\/v2\/posts\/10466\/revisions"}],"predecessor-version":[{"id":10516,"href":"https:\/\/conducircolombia.com\/cea\/wp-json\/wp\/v2\/posts\/10466\/revisions\/10516"}],"wp:attachment":[{"href":"https:\/\/conducircolombia.com\/cea\/wp-json\/wp\/v2\/media?parent=10466"}],"wp:term":[{"taxonomy":"category","embeddable":true,"href":"https:\/\/conducircolombia.com\/cea\/wp-json\/wp\/v2\/categories?post=10466"},{"taxonomy":"post_tag","embeddable":true,"href":"https:\/\/conducircolombia.com\/cea\/wp-json\/wp\/v2\/tags?post=10466"}],"curies":[{"name":"wp","href":"https:\/\/api.w.org\/{rel}","templated":true}]}}