{"id":10648,"date":"2024-12-14T14:16:43","date_gmt":"2024-12-14T19:16:43","guid":{"rendered":"https:\/\/conducircolombia.com\/cea\/?p=10648"},"modified":"2024-12-14T15:18:31","modified_gmt":"2024-12-14T20:18:31","slug":"como-abordar-la-vision-cero","status":"publish","type":"post","link":"https:\/\/conducircolombia.com\/cea\/como-abordar-la-vision-cero\/","title":{"rendered":"C\u00f3mo abordar la Visi\u00f3n Cero"},"content":{"rendered":"\t\t<div data-elementor-type=\"wp-post\" data-elementor-id=\"10648\" class=\"elementor elementor-10648\">\n\t\t\t\t\t\t<section class=\"elementor-section elementor-top-section elementor-element elementor-element-6ee5f66 elementor-section-full_width elementor-section-height-default elementor-section-height-default\" data-id=\"6ee5f66\" data-element_type=\"section\">\n\t\t\t\t\t\t<div class=\"elementor-container elementor-column-gap-default\">\n\t\t\t\t\t<div class=\"elementor-column elementor-col-100 elementor-top-column elementor-element elementor-element-05f8522\" data-id=\"05f8522\" data-element_type=\"column\">\n\t\t\t<div class=\"elementor-widget-wrap elementor-element-populated\">\n\t\t\t\t\t\t<section class=\"elementor-section elementor-inner-section elementor-element elementor-element-d838c33 elementor-section-boxed elementor-section-height-default elementor-section-height-default\" data-id=\"d838c33\" data-element_type=\"section\">\n\t\t\t\t\t\t\t<div class=\"elementor-background-overlay\"><\/div>\n\t\t\t\t\t\t\t<div class=\"elementor-container elementor-column-gap-default\">\n\t\t\t\t\t<div class=\"elementor-column elementor-col-50 elementor-inner-column elementor-element elementor-element-b725957\" data-id=\"b725957\" data-element_type=\"column\">\n\t\t\t<div class=\"elementor-widget-wrap elementor-element-populated\">\n\t\t\t\t\t\t<div class=\"elementor-element elementor-element-bcd0383 elementor-widget elementor-widget-heading\" data-id=\"bcd0383\" data-element_type=\"widget\" data-widget_type=\"heading.default\">\n\t\t\t\t<div class=\"elementor-widget-container\">\n\t\t\t\t\t<h2 class=\"elementor-heading-title elementor-size-default\">C\u00f3mo abordar la Visi\u00f3n Cero<\/h2>\t\t\t\t<\/div>\n\t\t\t\t<\/div>\n\t\t\t\t\t<\/div>\n\t\t<\/div>\n\t\t\t\t<div class=\"elementor-column elementor-col-50 elementor-inner-column elementor-element elementor-element-88ecc0b\" data-id=\"88ecc0b\" data-element_type=\"column\">\n\t\t\t<div class=\"elementor-widget-wrap elementor-element-populated\">\n\t\t\t\t\t\t<div class=\"elementor-element elementor-element-b110c59 elementor-widget elementor-widget-text-editor\" data-id=\"b110c59\" data-element_type=\"widget\" data-widget_type=\"text-editor.default\">\n\t\t\t\t<div class=\"elementor-widget-container\">\n\t\t\t\t\t\t\t\t\t<p>La seguridad vial es un tema prioritario en Colombia debido a las alarmantes cifras de accidentalidad vial.<\/p><p>En este contexto, la iniciativa <strong>Visi\u00f3n Cero<\/strong> emerge como una estrategia que busca reducir a cero las muertes y lesiones graves en las v\u00edas de la ciudad. Este enfoque \u00e9tico y pragm\u00e1tico se basa en el principio de que ninguna p\u00e9rdida de vida en el tr\u00e1nsito es aceptable.<\/p>\t\t\t\t\t\t\t\t<\/div>\n\t\t\t\t<\/div>\n\t\t\t\t\t<\/div>\n\t\t<\/div>\n\t\t\t\t\t<\/div>\n\t\t<\/section>\n\t\t\t\t<div class=\"elementor-element elementor-element-e091448 elementor-widget elementor-widget-text-editor\" data-id=\"e091448\" data-element_type=\"widget\" data-widget_type=\"text-editor.default\">\n\t\t\t\t<div class=\"elementor-widget-container\">\n\t\t\t\t\t\t\t\t\t<h2 class=\"western\">\u00bfQu\u00e9 es Visi\u00f3n Cero y c\u00f3mo surge?<\/h2><p>Visi\u00f3n Cero fue desarrollada originalmente en Suecia y ha sido adoptada en diversas ciudades del mundo, incluyendo Bogot\u00e1. Reconoce que la accidentalidad vial no es solo un problema de tr\u00e1nsito, sino tambi\u00e9n una cuesti\u00f3n de salud p\u00fablica. La iniciativa se fundamenta en la premisa de que todos los accidentes viales son prevenibles si se implementan medidas adecuadas en infraestructura, educaci\u00f3n y gesti\u00f3n vial.<\/p><p>En Colombia, la implementaci\u00f3n de Visi\u00f3n Cero responde a cifras alarmantes que muestran c\u00f3mo los accidentes viales superan incluso a enfermedades graves como el c\u00e1ncer de mama o la diabetes en tasas de mortalidad. Por ello, se ha integrado esta pol\u00edtica como parte central del\u00a0 plan de movilidad segura.<\/p><h2 class=\"western\">Los principios de Visi\u00f3n Cero<\/h2><p>Visi\u00f3n Cero se basa en cinco principios fundamentales:<\/p><ol><li><p><strong>Reconocer la vulnerabilidad humana:<\/strong> Las personas tienen un l\u00edmite f\u00edsico al impacto que pueden soportar en un accidente vial. Dise\u00f1ar sistemas viales que minimicen estos impactos es clave.<\/p><\/li><li><p><strong>Aceptar los errores humanos:<\/strong> Reconoce que los errores son inevitables y, por ende, el sistema vial debe estar dise\u00f1ado para prevenir que dichos errores resulten en consecuencias fatales.<\/p><\/li><li><p><strong>Responsabilidad compartida:<\/strong> Todos los actores viales (gobierno, empresas, ciudadanos) tienen la responsabilidad de contribuir a un sistema de movilidad seguro.<\/p><\/li><li><p><strong>Prevenir heridos graves:<\/strong> El sistema debe enfocarse en minimizar las consecuencias de los accidentes mediante medidas preventivas y correctivas.<\/p><\/li><li><p><strong>Cero muertes como meta:<\/strong> No se considera aceptable ninguna p\u00e9rdida de vida en el tr\u00e1nsito.<\/p><\/li><\/ol><h2 class=\"western\">Los ejes de acci\u00f3n de Visi\u00f3n Cero<\/h2><p>Para implementar estos principios, Visi\u00f3n Cero trabaja en Colombia a trav\u00e9s de cinco ejes principales:<\/p><h3 class=\"western\">1. Gesti\u00f3n<\/h3><p>Se fortalece el trabajo interinstitucional entre las entidades y se promueve la coordinaci\u00f3n para garantizar la efectividad de las medidas implementadas.<\/p><h3 class=\"western\">2. Atenci\u00f3n a v\u00edctimas<\/h3><p>La agilizaci\u00f3n en la atenci\u00f3n a las v\u00edctimas de accidentes viales es fundamental para salvar vidas y reducir la gravedad de las lesiones.<\/p><h3 class=\"western\">3. Veh\u00edculos, control y tecnolog\u00eda<\/h3><p>Se promueve el control de comportamientos de riesgo como el exceso de velocidad y el consumo de alcohol al conducir, junto con la mejora de las condiciones de seguridad en las v\u00edas.<\/p><h3 class=\"western\">4. Comportamiento<\/h3><p>Se trabaja en la promoci\u00f3n de una cultura vial responsable, fomentando el respeto por las normas y el cuidado de la vida como prioridad.<\/p><h3 class=\"western\">5. Infraestructura<\/h3><p>La construcci\u00f3n de v\u00edas m\u00e1s seguras mediante dise\u00f1os que minimicen riesgos es clave. Por ejemplo, el concepto de \u00abcalles completas\u00bb prioriza a peatones y ciclistas, adem\u00e1s de gestionar velocidades seguras.<\/p><ul><li>\u00a0<\/li><\/ul>\t\t\t\t\t\t\t\t<\/div>\n\t\t\t\t<\/div>\n\t\t\t\t<section class=\"elementor-section elementor-inner-section elementor-element elementor-element-bdb7771 elementor-section-boxed elementor-section-height-default elementor-section-height-default\" data-id=\"bdb7771\" data-element_type=\"section\">\n\t\t\t\t\t\t<div class=\"elementor-container elementor-column-gap-default\">\n\t\t\t\t\t<div class=\"elementor-column elementor-col-50 elementor-inner-column elementor-element elementor-element-a57bcb3\" data-id=\"a57bcb3\" data-element_type=\"column\">\n\t\t\t<div class=\"elementor-widget-wrap elementor-element-populated\">\n\t\t\t\t\t\t<div class=\"elementor-element elementor-element-e4bb0fb elementor-widget elementor-widget-image\" data-id=\"e4bb0fb\" data-element_type=\"widget\" data-widget_type=\"image.default\">\n\t\t\t\t<div class=\"elementor-widget-container\">\n\t\t\t\t\t\t\t\t\t\t\t\t\t\t\t<img fetchpriority=\"high\" decoding=\"async\" width=\"600\" height=\"600\" src=\"https:\/\/conducircolombia.com\/cea\/wp-content\/uploads\/2024\/12\/Manejo-en-vehiculo-automatico-e1733579379509.webp\" class=\"attachment-large size-large wp-image-10520\" alt=\"Manejo en vehiculo automatico Como abordar la vision cero\" \/>\t\t\t\t\t\t\t\t\t\t\t\t\t\t\t<\/div>\n\t\t\t\t<\/div>\n\t\t\t\t\t<\/div>\n\t\t<\/div>\n\t\t\t\t<div class=\"elementor-column elementor-col-50 elementor-inner-column elementor-element elementor-element-041ea05\" data-id=\"041ea05\" data-element_type=\"column\">\n\t\t\t<div class=\"elementor-widget-wrap elementor-element-populated\">\n\t\t\t\t\t\t<div class=\"elementor-element elementor-element-3917d68 elementor-widget elementor-widget-text-editor\" data-id=\"3917d68\" data-element_type=\"widget\" data-widget_type=\"text-editor.default\">\n\t\t\t\t<div class=\"elementor-widget-container\">\n\t\t\t\t\t\t\t\t\t<h2 class=\"western\">C\u00f3mo participar como futuro conductor<\/h2><p>Si est\u00e1s en proceso de obtener tu licencia de conducci\u00f3n en Colombia, es importante que te involucres activamente con los principios de Visi\u00f3n Cero. Algunas recomendaciones incluyen:<\/p><ul><li><p><strong>Formarte en seguridad vial:<\/strong> Aseg\u00farate de que tu capacitaci\u00f3n como conductor incluya principios de movilidad segura y eco-conducci\u00f3n.<\/p><\/li><li><p><strong>Respetar los l\u00edmites de velocidad:<\/strong> Reducir la velocidad salva vidas y disminuye la gravedad de los accidentes.<\/p><\/li><li><p><strong>Adoptar una actitud responsable:<\/strong> Como conductor, tienes una responsabilidad hacia los dem\u00e1s usuarios de la v\u00eda.<\/p><\/li><\/ul>\t\t\t\t\t\t\t\t<\/div>\n\t\t\t\t<\/div>\n\t\t\t\t\t<\/div>\n\t\t<\/div>\n\t\t\t\t\t<\/div>\n\t\t<\/section>\n\t\t\t\t<div class=\"elementor-element elementor-element-e7cbb24 elementor-invisible elementor-widget elementor-widget-text-editor\" data-id=\"e7cbb24\" data-element_type=\"widget\" data-settings=\"{&quot;_animation&quot;:&quot;zoomInLeft&quot;}\" data-widget_type=\"text-editor.default\">\n\t\t\t\t<div class=\"elementor-widget-container\">\n\t\t\t\t\t\t\t\t\t<p>Abordar la Visi\u00f3n Cero representa una oportunidad para transformar la movilidad en Colombia y convertirla en un ejemplo de seguridad vial. Como futuros conductores, adoptar este enfoque no solo es una obligaci\u00f3n \u00e9tica, sino tambi\u00e9n una contribuci\u00f3n significativa a una ciudad m\u00e1s segura para todos.<\/p>\t\t\t\t\t\t\t\t<\/div>\n\t\t\t\t<\/div>\n\t\t\t\t\t<\/div>\n\t\t<\/div>\n\t\t\t\t\t<\/div>\n\t\t<\/section>\n\t\t\t\t<\/div>\n\t\t","protected":false},"excerpt":{"rendered":"<p>C\u00f3mo abordar la Visi\u00f3n Cero La seguridad vial es un tema prioritario en Colombia debido a las alarmantes cifras de [&hellip;]<\/p>\n","protected":false},"author":2,"featured_media":0,"comment_status":"open","ping_status":"open","sticky":false,"template":"elementor_theme","format":"standard","meta":{"site-sidebar-layout":"default","site-content-layout":"","ast-site-content-layout":"default","site-content-style":"default","site-sidebar-style":"default","ast-global-header-display":"","ast-banner-title-visibility":"","ast-main-header-display":"","ast-hfb-above-header-display":"","ast-hfb-below-header-display":"","ast-hfb-mobile-header-display":"","site-post-title":"","ast-breadcrumbs-content":"","ast-featured-img":"","footer-sml-layout":"","theme-transparent-header-meta":"","adv-header-id-meta":"","stick-header-meta":"","header-above-stick-meta":"","header-main-stick-meta":"","header-below-stick-meta":"","astra-migrate-meta-layouts":"set","ast-page-background-enabled":"default","ast-page-background-meta":{"desktop":{"background-color":"var(--ast-global-color-4)","background-image":"","background-repeat":"repeat","background-position":"center center","background-size":"auto","background-attachment":"scroll","background-type":"","background-media":"","overlay-type":"","overlay-color":"","overlay-opacity":"","overlay-gradient":""},"tablet":{"background-color":"","background-image":"","background-repeat":"repeat","background-position":"center center","background-size":"auto","background-attachment":"scroll","background-type":"","background-media":"","overlay-type":"","overlay-color":"","overlay-opacity":"","overlay-gradient":""},"mobile":{"background-color":"","background-image":"","background-repeat":"repeat","background-position":"center center","background-size":"auto","background-attachment":"scroll","background-type":"","background-media":"","overlay-type":"","overlay-color":"","overlay-opacity":"","overlay-gradient":""}},"ast-content-background-meta":{"desktop":{"background-color":"var(--ast-global-color-5)","background-image":"","background-repeat":"repeat","background-position":"center center","background-size":"auto","background-attachment":"scroll","background-type":"","background-media":"","overlay-type":"","overlay-color":"","overlay-opacity":"","overlay-gradient":""},"tablet":{"background-color":"var(--ast-global-color-5)","background-image":"","background-repeat":"repeat","background-position":"center center","background-size":"auto","background-attachment":"scroll","background-type":"","background-media":"","overlay-type":"","overlay-color":"","overlay-opacity":"","overlay-gradient":""},"mobile":{"background-color":"var(--ast-global-color-5)","background-image":"","background-repeat":"repeat","background-position":"center center","background-size":"auto","background-attachment":"scroll","background-type":"","background-media":"","overlay-type":"","overlay-color":"","overlay-opacity":"","overlay-gradient":""}},"footnotes":""},"categories":[17],"tags":[],"class_list":["post-10648","post","type-post","status-publish","format-standard","hentry","category-blog"],"yoast_head":"<!-- This site is optimized with the Yoast SEO plugin v26.4 - https:\/\/yoast.com\/wordpress\/plugins\/seo\/ -->\n<title>C\u00f3mo abordar la Visi\u00f3n Cero<\/title>\n<meta name=\"description\" content=\"C\u00f3mo abordar la Visi\u00f3n Cero | Los principios de Visi\u00f3n Cero | Los ejes de acci\u00f3n de Visi\u00f3n Cero | C\u00f3mo participar como futuro conductor |\" \/>\n<meta name=\"robots\" content=\"index, follow, max-snippet:-1, max-image-preview:large, max-video-preview:-1\" \/>\n<link rel=\"canonical\" href=\"https:\/\/conducircolombia.com\/cea\/como-abordar-la-vision-cero\/\" \/>\n<meta property=\"og:locale\" content=\"es_ES\" \/>\n<meta property=\"og:type\" content=\"article\" \/>\n<meta property=\"og:title\" content=\"C\u00f3mo abordar la Visi\u00f3n Cero\" \/>\n<meta property=\"og:description\" content=\"C\u00f3mo abordar la Visi\u00f3n Cero | Los principios de Visi\u00f3n Cero | Los ejes de acci\u00f3n de Visi\u00f3n Cero | C\u00f3mo participar como futuro conductor |\" \/>\n<meta property=\"og:url\" content=\"https:\/\/conducircolombia.com\/cea\/como-abordar-la-vision-cero\/\" \/>\n<meta property=\"og:site_name\" content=\"Conducir Colombia\" \/>\n<meta property=\"article:publisher\" content=\"https:\/\/www.facebook.com\/ConducirColombiaBogota\" \/>\n<meta property=\"article:published_time\" content=\"2024-12-14T19:16:43+00:00\" \/>\n<meta property=\"article:modified_time\" content=\"2024-12-14T20:18:31+00:00\" \/>\n<meta property=\"og:image\" content=\"https:\/\/conducircolombia.com\/cea\/wp-content\/uploads\/2024\/12\/Manejo-en-vehiculo-automatico-e1733579379509.webp\" \/>\n\t<meta property=\"og:image:width\" content=\"600\" \/>\n\t<meta property=\"og:image:height\" content=\"600\" \/>\n\t<meta property=\"og:image:type\" content=\"image\/webp\" \/>\n<meta name=\"author\" content=\"memo fichas\" \/>\n<meta name=\"twitter:card\" content=\"summary_large_image\" \/>\n<meta name=\"twitter:label1\" content=\"Escrito por\" \/>\n\t<meta name=\"twitter:data1\" content=\"memo fichas\" \/>\n\t<meta name=\"twitter:label2\" content=\"Tiempo de lectura\" \/>\n\t<meta name=\"twitter:data2\" content=\"3 minutos\" \/>\n<script type=\"application\/ld+json\" class=\"yoast-schema-graph\">{\"@context\":\"https:\/\/schema.org\",\"@graph\":[{\"@type\":\"Article\",\"@id\":\"https:\/\/conducircolombia.com\/cea\/como-abordar-la-vision-cero\/#article\",\"isPartOf\":{\"@id\":\"https:\/\/conducircolombia.com\/cea\/como-abordar-la-vision-cero\/\"},\"author\":{\"name\":\"memo fichas\",\"@id\":\"https:\/\/conducircolombia.com\/cea\/#\/schema\/person\/39f266f3357066ea02c614168ee5b0d2\"},\"headline\":\"C\u00f3mo abordar la Visi\u00f3n Cero\",\"datePublished\":\"2024-12-14T19:16:43+00:00\",\"dateModified\":\"2024-12-14T20:18:31+00:00\",\"mainEntityOfPage\":{\"@id\":\"https:\/\/conducircolombia.com\/cea\/como-abordar-la-vision-cero\/\"},\"wordCount\":673,\"commentCount\":0,\"publisher\":{\"@id\":\"https:\/\/conducircolombia.com\/cea\/#organization\"},\"image\":{\"@id\":\"https:\/\/conducircolombia.com\/cea\/como-abordar-la-vision-cero\/#primaryimage\"},\"thumbnailUrl\":\"https:\/\/conducircolombia.com\/cea\/wp-content\/uploads\/2024\/12\/Manejo-en-vehiculo-automatico-e1733579379509.webp\",\"articleSection\":[\"Blog\"],\"inLanguage\":\"es\",\"potentialAction\":[{\"@type\":\"CommentAction\",\"name\":\"Comment\",\"target\":[\"https:\/\/conducircolombia.com\/cea\/como-abordar-la-vision-cero\/#respond\"]}]},{\"@type\":\"WebPage\",\"@id\":\"https:\/\/conducircolombia.com\/cea\/como-abordar-la-vision-cero\/\",\"url\":\"https:\/\/conducircolombia.com\/cea\/como-abordar-la-vision-cero\/\",\"name\":\"C\u00f3mo abordar la Visi\u00f3n Cero\",\"isPartOf\":{\"@id\":\"https:\/\/conducircolombia.com\/cea\/#website\"},\"primaryImageOfPage\":{\"@id\":\"https:\/\/conducircolombia.com\/cea\/como-abordar-la-vision-cero\/#primaryimage\"},\"image\":{\"@id\":\"https:\/\/conducircolombia.com\/cea\/como-abordar-la-vision-cero\/#primaryimage\"},\"thumbnailUrl\":\"https:\/\/conducircolombia.com\/cea\/wp-content\/uploads\/2024\/12\/Manejo-en-vehiculo-automatico-e1733579379509.webp\",\"datePublished\":\"2024-12-14T19:16:43+00:00\",\"dateModified\":\"2024-12-14T20:18:31+00:00\",\"description\":\"C\u00f3mo abordar la Visi\u00f3n Cero | Los principios de Visi\u00f3n Cero | Los ejes de acci\u00f3n de Visi\u00f3n Cero | C\u00f3mo participar como futuro conductor |\",\"breadcrumb\":{\"@id\":\"https:\/\/conducircolombia.com\/cea\/como-abordar-la-vision-cero\/#breadcrumb\"},\"inLanguage\":\"es\",\"potentialAction\":[{\"@type\":\"ReadAction\",\"target\":[\"https:\/\/conducircolombia.com\/cea\/como-abordar-la-vision-cero\/\"]}]},{\"@type\":\"ImageObject\",\"inLanguage\":\"es\",\"@id\":\"https:\/\/conducircolombia.com\/cea\/como-abordar-la-vision-cero\/#primaryimage\",\"url\":\"https:\/\/conducircolombia.com\/cea\/wp-content\/uploads\/2024\/12\/Manejo-en-vehiculo-automatico-e1733579379509.webp\",\"contentUrl\":\"https:\/\/conducircolombia.com\/cea\/wp-content\/uploads\/2024\/12\/Manejo-en-vehiculo-automatico-e1733579379509.webp\",\"width\":600,\"height\":600,\"caption\":\"Manejo en vehiculo automatico Como abordar la vision cero\"},{\"@type\":\"BreadcrumbList\",\"@id\":\"https:\/\/conducircolombia.com\/cea\/como-abordar-la-vision-cero\/#breadcrumb\",\"itemListElement\":[{\"@type\":\"ListItem\",\"position\":1,\"name\":\"Portada\",\"item\":\"https:\/\/conducircolombia.com\/cea\/\"},{\"@type\":\"ListItem\",\"position\":2,\"name\":\"C\u00f3mo abordar la Visi\u00f3n Cero\"}]},{\"@type\":\"WebSite\",\"@id\":\"https:\/\/conducircolombia.com\/cea\/#website\",\"url\":\"https:\/\/conducircolombia.com\/cea\/\",\"name\":\"Conducir Colombia\",\"description\":\"Academia de Conducci\u00f3n\",\"publisher\":{\"@id\":\"https:\/\/conducircolombia.com\/cea\/#organization\"},\"potentialAction\":[{\"@type\":\"SearchAction\",\"target\":{\"@type\":\"EntryPoint\",\"urlTemplate\":\"https:\/\/conducircolombia.com\/cea\/?s={search_term_string}\"},\"query-input\":{\"@type\":\"PropertyValueSpecification\",\"valueRequired\":true,\"valueName\":\"search_term_string\"}}],\"inLanguage\":\"es\"},{\"@type\":\"Organization\",\"@id\":\"https:\/\/conducircolombia.com\/cea\/#organization\",\"name\":\"Conducir Colombia\",\"alternateName\":\"Conducir Colombia\",\"url\":\"https:\/\/conducircolombia.com\/cea\/\",\"logo\":{\"@type\":\"ImageObject\",\"inLanguage\":\"es\",\"@id\":\"https:\/\/conducircolombia.com\/cea\/#\/schema\/logo\/image\/\",\"url\":\"https:\/\/conducircolombia.com\/cea\/wp-content\/uploads\/2025\/02\/logowp.jpg\",\"contentUrl\":\"https:\/\/conducircolombia.com\/cea\/wp-content\/uploads\/2025\/02\/logowp.jpg\",\"width\":300,\"height\":299,\"caption\":\"Conducir Colombia\"},\"image\":{\"@id\":\"https:\/\/conducircolombia.com\/cea\/#\/schema\/logo\/image\/\"},\"sameAs\":[\"https:\/\/www.facebook.com\/ConducirColombiaBogota\"]},{\"@type\":\"Person\",\"@id\":\"https:\/\/conducircolombia.com\/cea\/#\/schema\/person\/39f266f3357066ea02c614168ee5b0d2\",\"name\":\"memo fichas\",\"image\":{\"@type\":\"ImageObject\",\"inLanguage\":\"es\",\"@id\":\"https:\/\/conducircolombia.com\/cea\/#\/schema\/person\/image\/\",\"url\":\"https:\/\/secure.gravatar.com\/avatar\/e1b894dfed71a479efeaf73bfb32c5e92c855e56311b32924ca240a9bcec68b2?s=96&d=mm&r=g\",\"contentUrl\":\"https:\/\/secure.gravatar.com\/avatar\/e1b894dfed71a479efeaf73bfb32c5e92c855e56311b32924ca240a9bcec68b2?s=96&d=mm&r=g\",\"caption\":\"memo fichas\"},\"url\":\"https:\/\/conducircolombia.com\/cea\/author\/conducir1\/\"}]}<\/script>\n<!-- \/ Yoast SEO plugin. -->","yoast_head_json":{"title":"C\u00f3mo abordar la Visi\u00f3n Cero","description":"C\u00f3mo abordar la Visi\u00f3n Cero | Los principios de Visi\u00f3n Cero | Los ejes de acci\u00f3n de Visi\u00f3n Cero | C\u00f3mo participar como futuro conductor |","robots":{"index":"index","follow":"follow","max-snippet":"max-snippet:-1","max-image-preview":"max-image-preview:large","max-video-preview":"max-video-preview:-1"},"canonical":"https:\/\/conducircolombia.com\/cea\/como-abordar-la-vision-cero\/","og_locale":"es_ES","og_type":"article","og_title":"C\u00f3mo abordar la Visi\u00f3n Cero","og_description":"C\u00f3mo abordar la Visi\u00f3n Cero | Los principios de Visi\u00f3n Cero | Los ejes de acci\u00f3n de Visi\u00f3n Cero | C\u00f3mo participar como futuro conductor |","og_url":"https:\/\/conducircolombia.com\/cea\/como-abordar-la-vision-cero\/","og_site_name":"Conducir Colombia","article_publisher":"https:\/\/www.facebook.com\/ConducirColombiaBogota","article_published_time":"2024-12-14T19:16:43+00:00","article_modified_time":"2024-12-14T20:18:31+00:00","og_image":[{"width":600,"height":600,"url":"https:\/\/conducircolombia.com\/cea\/wp-content\/uploads\/2024\/12\/Manejo-en-vehiculo-automatico-e1733579379509.webp","type":"image\/webp"}],"author":"memo fichas","twitter_card":"summary_large_image","twitter_misc":{"Escrito por":"memo fichas","Tiempo de lectura":"3 minutos"},"schema":{"@context":"https:\/\/schema.org","@graph":[{"@type":"Article","@id":"https:\/\/conducircolombia.com\/cea\/como-abordar-la-vision-cero\/#article","isPartOf":{"@id":"https:\/\/conducircolombia.com\/cea\/como-abordar-la-vision-cero\/"},"author":{"name":"memo fichas","@id":"https:\/\/conducircolombia.com\/cea\/#\/schema\/person\/39f266f3357066ea02c614168ee5b0d2"},"headline":"C\u00f3mo abordar la Visi\u00f3n Cero","datePublished":"2024-12-14T19:16:43+00:00","dateModified":"2024-12-14T20:18:31+00:00","mainEntityOfPage":{"@id":"https:\/\/conducircolombia.com\/cea\/como-abordar-la-vision-cero\/"},"wordCount":673,"commentCount":0,"publisher":{"@id":"https:\/\/conducircolombia.com\/cea\/#organization"},"image":{"@id":"https:\/\/conducircolombia.com\/cea\/como-abordar-la-vision-cero\/#primaryimage"},"thumbnailUrl":"https:\/\/conducircolombia.com\/cea\/wp-content\/uploads\/2024\/12\/Manejo-en-vehiculo-automatico-e1733579379509.webp","articleSection":["Blog"],"inLanguage":"es","potentialAction":[{"@type":"CommentAction","name":"Comment","target":["https:\/\/conducircolombia.com\/cea\/como-abordar-la-vision-cero\/#respond"]}]},{"@type":"WebPage","@id":"https:\/\/conducircolombia.com\/cea\/como-abordar-la-vision-cero\/","url":"https:\/\/conducircolombia.com\/cea\/como-abordar-la-vision-cero\/","name":"C\u00f3mo abordar la Visi\u00f3n Cero","isPartOf":{"@id":"https:\/\/conducircolombia.com\/cea\/#website"},"primaryImageOfPage":{"@id":"https:\/\/conducircolombia.com\/cea\/como-abordar-la-vision-cero\/#primaryimage"},"image":{"@id":"https:\/\/conducircolombia.com\/cea\/como-abordar-la-vision-cero\/#primaryimage"},"thumbnailUrl":"https:\/\/conducircolombia.com\/cea\/wp-content\/uploads\/2024\/12\/Manejo-en-vehiculo-automatico-e1733579379509.webp","datePublished":"2024-12-14T19:16:43+00:00","dateModified":"2024-12-14T20:18:31+00:00","description":"C\u00f3mo abordar la Visi\u00f3n Cero | Los principios de Visi\u00f3n Cero | Los ejes de acci\u00f3n de Visi\u00f3n Cero | C\u00f3mo participar como futuro conductor |","breadcrumb":{"@id":"https:\/\/conducircolombia.com\/cea\/como-abordar-la-vision-cero\/#breadcrumb"},"inLanguage":"es","potentialAction":[{"@type":"ReadAction","target":["https:\/\/conducircolombia.com\/cea\/como-abordar-la-vision-cero\/"]}]},{"@type":"ImageObject","inLanguage":"es","@id":"https:\/\/conducircolombia.com\/cea\/como-abordar-la-vision-cero\/#primaryimage","url":"https:\/\/conducircolombia.com\/cea\/wp-content\/uploads\/2024\/12\/Manejo-en-vehiculo-automatico-e1733579379509.webp","contentUrl":"https:\/\/conducircolombia.com\/cea\/wp-content\/uploads\/2024\/12\/Manejo-en-vehiculo-automatico-e1733579379509.webp","width":600,"height":600,"caption":"Manejo en vehiculo automatico Como abordar la vision cero"},{"@type":"BreadcrumbList","@id":"https:\/\/conducircolombia.com\/cea\/como-abordar-la-vision-cero\/#breadcrumb","itemListElement":[{"@type":"ListItem","position":1,"name":"Portada","item":"https:\/\/conducircolombia.com\/cea\/"},{"@type":"ListItem","position":2,"name":"C\u00f3mo abordar la Visi\u00f3n Cero"}]},{"@type":"WebSite","@id":"https:\/\/conducircolombia.com\/cea\/#website","url":"https:\/\/conducircolombia.com\/cea\/","name":"Conducir Colombia","description":"Academia de Conducci\u00f3n","publisher":{"@id":"https:\/\/conducircolombia.com\/cea\/#organization"},"potentialAction":[{"@type":"SearchAction","target":{"@type":"EntryPoint","urlTemplate":"https:\/\/conducircolombia.com\/cea\/?s={search_term_string}"},"query-input":{"@type":"PropertyValueSpecification","valueRequired":true,"valueName":"search_term_string"}}],"inLanguage":"es"},{"@type":"Organization","@id":"https:\/\/conducircolombia.com\/cea\/#organization","name":"Conducir Colombia","alternateName":"Conducir Colombia","url":"https:\/\/conducircolombia.com\/cea\/","logo":{"@type":"ImageObject","inLanguage":"es","@id":"https:\/\/conducircolombia.com\/cea\/#\/schema\/logo\/image\/","url":"https:\/\/conducircolombia.com\/cea\/wp-content\/uploads\/2025\/02\/logowp.jpg","contentUrl":"https:\/\/conducircolombia.com\/cea\/wp-content\/uploads\/2025\/02\/logowp.jpg","width":300,"height":299,"caption":"Conducir Colombia"},"image":{"@id":"https:\/\/conducircolombia.com\/cea\/#\/schema\/logo\/image\/"},"sameAs":["https:\/\/www.facebook.com\/ConducirColombiaBogota"]},{"@type":"Person","@id":"https:\/\/conducircolombia.com\/cea\/#\/schema\/person\/39f266f3357066ea02c614168ee5b0d2","name":"memo fichas","image":{"@type":"ImageObject","inLanguage":"es","@id":"https:\/\/conducircolombia.com\/cea\/#\/schema\/person\/image\/","url":"https:\/\/secure.gravatar.com\/avatar\/e1b894dfed71a479efeaf73bfb32c5e92c855e56311b32924ca240a9bcec68b2?s=96&d=mm&r=g","contentUrl":"https:\/\/secure.gravatar.com\/avatar\/e1b894dfed71a479efeaf73bfb32c5e92c855e56311b32924ca240a9bcec68b2?s=96&d=mm&r=g","caption":"memo fichas"},"url":"https:\/\/conducircolombia.com\/cea\/author\/conducir1\/"}]}},"_links":{"self":[{"href":"https:\/\/conducircolombia.com\/cea\/wp-json\/wp\/v2\/posts\/10648","targetHints":{"allow":["GET"]}}],"collection":[{"href":"https:\/\/conducircolombia.com\/cea\/wp-json\/wp\/v2\/posts"}],"about":[{"href":"https:\/\/conducircolombia.com\/cea\/wp-json\/wp\/v2\/types\/post"}],"author":[{"embeddable":true,"href":"https:\/\/conducircolombia.com\/cea\/wp-json\/wp\/v2\/users\/2"}],"replies":[{"embeddable":true,"href":"https:\/\/conducircolombia.com\/cea\/wp-json\/wp\/v2\/comments?post=10648"}],"version-history":[{"count":70,"href":"https:\/\/conducircolombia.com\/cea\/wp-json\/wp\/v2\/posts\/10648\/revisions"}],"predecessor-version":[{"id":10721,"href":"https:\/\/conducircolombia.com\/cea\/wp-json\/wp\/v2\/posts\/10648\/revisions\/10721"}],"wp:attachment":[{"href":"https:\/\/conducircolombia.com\/cea\/wp-json\/wp\/v2\/media?parent=10648"}],"wp:term":[{"taxonomy":"category","embeddable":true,"href":"https:\/\/conducircolombia.com\/cea\/wp-json\/wp\/v2\/categories?post=10648"},{"taxonomy":"post_tag","embeddable":true,"href":"https:\/\/conducircolombia.com\/cea\/wp-json\/wp\/v2\/tags?post=10648"}],"curies":[{"name":"wp","href":"https:\/\/api.w.org\/{rel}","templated":true}]}}