{"id":10990,"date":"2025-01-26T22:27:22","date_gmt":"2025-01-27T03:27:22","guid":{"rendered":"https:\/\/conducircolombia.com\/cea\/?p=10990"},"modified":"2025-03-28T21:34:43","modified_gmt":"2025-03-29T02:34:43","slug":"conciencia-vial","status":"publish","type":"post","link":"https:\/\/conducircolombia.com\/cea\/conciencia-vial\/","title":{"rendered":"Conciencia Vial"},"content":{"rendered":"\t\t<div data-elementor-type=\"wp-post\" data-elementor-id=\"10990\" class=\"elementor elementor-10990\">\n\t\t\t\t\t\t<section class=\"elementor-section elementor-top-section elementor-element elementor-element-4360bfc elementor-section-boxed elementor-section-height-default elementor-section-height-default\" data-id=\"4360bfc\" data-element_type=\"section\">\n\t\t\t\t\t\t<div class=\"elementor-container elementor-column-gap-default\">\n\t\t\t\t\t<div class=\"elementor-column elementor-col-100 elementor-top-column elementor-element elementor-element-b70e847\" data-id=\"b70e847\" data-element_type=\"column\">\n\t\t\t<div class=\"elementor-widget-wrap elementor-element-populated\">\n\t\t\t\t\t\t<section class=\"elementor-section elementor-inner-section elementor-element elementor-element-2dec19b elementor-section-boxed elementor-section-height-default elementor-section-height-default\" data-id=\"2dec19b\" data-element_type=\"section\">\n\t\t\t\t\t\t<div class=\"elementor-container elementor-column-gap-default\">\n\t\t\t\t\t<div class=\"elementor-column elementor-col-50 elementor-inner-column elementor-element elementor-element-14702f1\" data-id=\"14702f1\" data-element_type=\"column\">\n\t\t\t<div class=\"elementor-widget-wrap elementor-element-populated\">\n\t\t\t\t\t\t<div class=\"elementor-element elementor-element-8540117 elementor-widget elementor-widget-image\" data-id=\"8540117\" data-element_type=\"widget\" data-widget_type=\"image.default\">\n\t\t\t\t<div class=\"elementor-widget-container\">\n\t\t\t\t\t\t\t\t\t\t\t\t\t\t\t\t<a href=\"https:\/\/conducircolombia.com\/\">\n\t\t\t\t\t\t\t<img fetchpriority=\"high\" decoding=\"async\" width=\"500\" height=\"100\" src=\"https:\/\/conducircolombia.com\/cea\/wp-content\/uploads\/2025\/02\/Logo-ITDH-500.webp\" class=\"attachment-large size-large wp-image-11854\" alt=\"Logo Conducir Colombia\" srcset=\"https:\/\/conducircolombia.com\/cea\/wp-content\/uploads\/2025\/02\/Logo-ITDH-500.webp 500w, https:\/\/conducircolombia.com\/cea\/wp-content\/uploads\/2025\/02\/Logo-ITDH-500-300x60.webp 300w\" sizes=\"(max-width: 500px) 100vw, 500px\" \/>\t\t\t\t\t\t\t\t<\/a>\n\t\t\t\t\t\t\t\t\t\t\t\t\t\t\t<\/div>\n\t\t\t\t<\/div>\n\t\t\t\t\t<\/div>\n\t\t<\/div>\n\t\t\t\t<div class=\"elementor-column elementor-col-50 elementor-inner-column elementor-element elementor-element-0d06873\" data-id=\"0d06873\" data-element_type=\"column\">\n\t\t\t<div class=\"elementor-widget-wrap elementor-element-populated\">\n\t\t\t\t\t\t<div class=\"elementor-element elementor-element-881b900 elementor-widget__width-initial elementor-widget elementor-widget-text-editor\" data-id=\"881b900\" data-element_type=\"widget\" data-widget_type=\"text-editor.default\">\n\t\t\t\t<div class=\"elementor-widget-container\">\n\t\t\t\t\t\t\t\t\t<h6 style=\"text-align: left;\">Organismo de Apoyo al Tr\u00e1nsito<\/h6><ul><li><h6>Min Transporte Res. 1347\/13<\/h6><\/li><li><h6>Educaci\u00f3n Res. 14024\/11<\/h6><\/li><\/ul>\t\t\t\t\t\t\t\t<\/div>\n\t\t\t\t<\/div>\n\t\t\t\t\t<\/div>\n\t\t<\/div>\n\t\t\t\t\t<\/div>\n\t\t<\/section>\n\t\t\t\t\t<\/div>\n\t\t<\/div>\n\t\t\t\t\t<\/div>\n\t\t<\/section>\n\t\t\t\t<section class=\"elementor-section elementor-top-section elementor-element elementor-element-d181b1b elementor-section-boxed elementor-section-height-default elementor-section-height-default\" data-id=\"d181b1b\" data-element_type=\"section\">\n\t\t\t\t\t\t<div class=\"elementor-container elementor-column-gap-default\">\n\t\t\t\t\t<div class=\"elementor-column elementor-col-100 elementor-top-column elementor-element elementor-element-e9fe6bf\" data-id=\"e9fe6bf\" data-element_type=\"column\">\n\t\t\t<div class=\"elementor-widget-wrap elementor-element-populated\">\n\t\t\t\t\t\t<div class=\"elementor-element elementor-element-d2c32bd elementor-widget elementor-widget-heading\" data-id=\"d2c32bd\" data-element_type=\"widget\" data-widget_type=\"heading.default\">\n\t\t\t\t<div class=\"elementor-widget-container\">\n\t\t\t\t\t<h2 class=\"elementor-heading-title elementor-size-default\">Manejo Defensivo<\/h2>\t\t\t\t<\/div>\n\t\t\t\t<\/div>\n\t\t\t\t<div class=\"elementor-element elementor-element-54d3d6d elementor-widget elementor-widget-heading\" data-id=\"54d3d6d\" data-element_type=\"widget\" data-widget_type=\"heading.default\">\n\t\t\t\t<div class=\"elementor-widget-container\">\n\t\t\t\t\t<h2 class=\"elementor-heading-title elementor-size-default\">Conciencia Vial<\/h2>\t\t\t\t<\/div>\n\t\t\t\t<\/div>\n\t\t\t\t\t<\/div>\n\t\t<\/div>\n\t\t\t\t\t<\/div>\n\t\t<\/section>\n\t\t\t\t<section class=\"elementor-section elementor-top-section elementor-element elementor-element-77c88eb elementor-section-boxed elementor-section-height-default elementor-section-height-default\" data-id=\"77c88eb\" data-element_type=\"section\">\n\t\t\t\t\t\t<div class=\"elementor-container elementor-column-gap-default\">\n\t\t\t\t\t<div class=\"elementor-column elementor-col-50 elementor-top-column elementor-element elementor-element-bfe8696\" data-id=\"bfe8696\" data-element_type=\"column\">\n\t\t\t<div class=\"elementor-widget-wrap elementor-element-populated\">\n\t\t\t\t\t\t<div class=\"elementor-element elementor-element-8fe69a8 elementor-widget elementor-widget-text-editor\" data-id=\"8fe69a8\" data-element_type=\"widget\" data-widget_type=\"text-editor.default\">\n\t\t\t\t<div class=\"elementor-widget-container\">\n\t\t\t\t\t\t\t\t\t<p>La <strong>conciencia vial<\/strong> es la base para una convivencia segura y armoniosa en las v\u00edas. No se trata solo de cumplir las normas de tr\u00e1nsito, sino tambi\u00e9n de adoptar un comportamiento \u00e9tico que demuestre respeto por la vida y los derechos de todos los usuarios de la v\u00eda. En este tema abordaremos dos aspectos fundamentales: el <strong>comportamiento \u00e9tico en la v\u00eda<\/strong> y la <strong>empat\u00eda y respeto hacia otros usuarios<\/strong>.<\/p>\t\t\t\t\t\t\t\t<\/div>\n\t\t\t\t<\/div>\n\t\t\t\t\t<\/div>\n\t\t<\/div>\n\t\t\t\t<div class=\"elementor-column elementor-col-50 elementor-top-column elementor-element elementor-element-4fb054f\" data-id=\"4fb054f\" data-element_type=\"column\" data-settings=\"{&quot;background_background&quot;:&quot;gradient&quot;}\">\n\t\t\t<div class=\"elementor-widget-wrap\">\n\t\t\t\t\t\t\t<\/div>\n\t\t<\/div>\n\t\t\t\t\t<\/div>\n\t\t<\/section>\n\t\t\t\t<section class=\"elementor-section elementor-top-section elementor-element elementor-element-c241873 elementor-section-boxed elementor-section-height-default elementor-section-height-default\" data-id=\"c241873\" data-element_type=\"section\">\n\t\t\t\t\t\t<div class=\"elementor-container elementor-column-gap-default\">\n\t\t\t\t\t<div class=\"elementor-column elementor-col-50 elementor-top-column elementor-element elementor-element-f1054e0\" data-id=\"f1054e0\" data-element_type=\"column\">\n\t\t\t<div class=\"elementor-widget-wrap elementor-element-populated\">\n\t\t\t\t\t\t<div class=\"elementor-element elementor-element-310d880 elementor-widget elementor-widget-text-editor\" data-id=\"310d880\" data-element_type=\"widget\" data-widget_type=\"text-editor.default\">\n\t\t\t\t<div class=\"elementor-widget-container\">\n\t\t\t\t\t\t\t\t\t<h4 class=\"western\"><strong>1. Comportamiento \u00c9tico en la V\u00eda<\/strong><\/h4><p>La \u00e9tica vial no es m\u00e1s que aplicar los valores de respeto, responsabilidad y solidaridad en nuestras acciones como conductores, peatones o pasajeros. Esto va m\u00e1s all\u00e1 de evitar infracciones; implica actuar pensando en el bienestar colectivo.<\/p><p><strong>Claves para un comportamiento \u00e9tico:<\/strong><\/p><ul><li><p><strong>Cumple las normas:<\/strong> Respetar se\u00f1ales, l\u00edmites de velocidad, pasos peatonales y sem\u00e1foros no es opcional; es una obligaci\u00f3n moral y legal.<\/p><\/li><li><p><strong>Evita el ego\u00edsmo en la v\u00eda:<\/strong> No ocupes m\u00e1s espacio del necesario, no cierres el paso a otros y respeta el carril que te corresponde.<\/p><\/li><li><p><strong>S\u00e9 predecible:<\/strong> Usa las direccionales, no frenes de manera abrupta sin necesidad y evita movimientos sorpresivos. Esto ayuda a que otros puedan anticipar tus acciones.<\/p><\/li><li><p><strong>S\u00e9 paciente:<\/strong> La prisa no justifica acciones imprudentes como adelantar en lugares peligrosos o bloquear intersecciones.<\/p><\/li><li><p><strong>No uses el claxon innecesariamente:<\/strong> Este no es para desahogar frustraciones, sino para alertar en casos de peligro.<\/p><\/li><\/ul><p>El comportamiento \u00e9tico tambi\u00e9n incluye ser consciente de tus propias limitaciones. Si est\u00e1s cansado, enojado o bajo el efecto de alguna sustancia, evita conducir. Reconocer estas situaciones puede salvar vidas.<\/p><hr \/>\t\t\t\t\t\t\t\t<\/div>\n\t\t\t\t<\/div>\n\t\t\t\t\t<\/div>\n\t\t<\/div>\n\t\t\t\t<div class=\"elementor-column elementor-col-50 elementor-top-column elementor-element elementor-element-3aebe1f\" data-id=\"3aebe1f\" data-element_type=\"column\" data-settings=\"{&quot;background_background&quot;:&quot;classic&quot;}\">\n\t\t\t<div class=\"elementor-widget-wrap\">\n\t\t\t\t\t\t\t<\/div>\n\t\t<\/div>\n\t\t\t\t\t<\/div>\n\t\t<\/section>\n\t\t\t\t<section class=\"elementor-section elementor-top-section elementor-element elementor-element-36644c5 elementor-section-boxed elementor-section-height-default elementor-section-height-default\" data-id=\"36644c5\" data-element_type=\"section\">\n\t\t\t\t\t\t<div class=\"elementor-container elementor-column-gap-default\">\n\t\t\t\t\t<div class=\"elementor-column elementor-col-50 elementor-top-column elementor-element elementor-element-9469470\" data-id=\"9469470\" data-element_type=\"column\">\n\t\t\t<div class=\"elementor-widget-wrap elementor-element-populated\">\n\t\t\t\t\t\t<div class=\"elementor-element elementor-element-64b1cd8 elementor-widget elementor-widget-text-editor\" data-id=\"64b1cd8\" data-element_type=\"widget\" data-widget_type=\"text-editor.default\">\n\t\t\t\t<div class=\"elementor-widget-container\">\n\t\t\t\t\t\t\t\t\t<h4 class=\"western\"><strong>2. Empat\u00eda y Respeto hacia Otros Usuarios<\/strong><\/h4><p>Las v\u00edas son espacios compartidos por diversos actores: peatones, ciclistas, motociclistas, conductores de transporte p\u00fablico y privado, entre otros. Cada uno tiene necesidades y vulnerabilidades diferentes, y la empat\u00eda es clave para garantizar una convivencia segura.<\/p><p><strong>a) Respeto a los peatones:<\/strong><\/p><ul><li><p>Los peatones son los usuarios m\u00e1s vulnerables de la v\u00eda.<\/p><\/li><li><p>Siempre da prioridad en los pasos peatonales, incluso si tienes prisa.<\/p><\/li><li><p>En zonas escolares o residenciales, reduce la velocidad y presta atenci\u00f3n a ni\u00f1os o personas mayores.<\/p><\/li><li><p>Nunca estaciones tu veh\u00edculo en aceras o rampas destinadas a personas con movilidad reducida.<\/p><\/li><\/ul><p><strong>b) Consideraci\u00f3n hacia los ciclistas:<\/strong><\/p><ul><li><p>Los ciclistas tienen derecho a usar la v\u00eda y, en muchos casos, carriles exclusivos.<\/p><\/li><li><p><strong>Deja espacio al adelantar:<\/strong> Mant\u00e9n una distancia m\u00ednima de 1.5 metros al rebasarlos.<\/p><\/li><li><p>Nunca bloquees carriles bici o cruces exclusivos para bicicletas.<\/p><\/li><li><p>S\u00e9 paciente si el ciclista reduce la velocidad del tr\u00e1fico, especialmente en v\u00edas estrechas.<\/p><\/li><\/ul><p><strong>c) Cuidado con los motociclistas:<\/strong><\/p><ul><li><p>Las motocicletas son m\u00e1s dif\u00edciles de ver, especialmente en puntos ciegos.<\/p><\/li><li><p>Usa los espejos y verifica tus puntos ciegos antes de cambiar de carril o girar.<\/p><\/li><li><p>Mant\u00e9n una distancia adecuada detr\u00e1s de las motocicletas, ya que pueden frenar de forma m\u00e1s r\u00e1pida y repentina.<\/p><\/li><li><p>No te molestes si un motociclista filtra entre los veh\u00edculos; mientras lo haga con cuidado, no representa un peligro para ti.<\/p><\/li><\/ul><p><strong>d) Respeto hacia conductores de transporte p\u00fablico:<\/strong><\/p><ul><li><p>Entiende que los conductores de autobuses o veh\u00edculos de carga tienen limitaciones en maniobrabilidad y visibilidad.<\/p><\/li><li><p>S\u00e9 paciente en paradas de autobuses y no intentes adelantar de manera imprudente.<\/p><\/li><\/ul><hr \/><h4 class=\"western\">\u00a0<\/h4>\t\t\t\t\t\t\t\t<\/div>\n\t\t\t\t<\/div>\n\t\t\t\t\t<\/div>\n\t\t<\/div>\n\t\t\t\t<div class=\"elementor-column elementor-col-50 elementor-top-column elementor-element elementor-element-338cef8\" data-id=\"338cef8\" data-element_type=\"column\" data-settings=\"{&quot;background_background&quot;:&quot;classic&quot;}\">\n\t\t\t<div class=\"elementor-widget-wrap\">\n\t\t\t\t\t\t\t<\/div>\n\t\t<\/div>\n\t\t\t\t\t<\/div>\n\t\t<\/section>\n\t\t\t\t<section class=\"elementor-section elementor-top-section elementor-element elementor-element-ade65d1 elementor-section-boxed elementor-section-height-default elementor-section-height-default\" data-id=\"ade65d1\" data-element_type=\"section\">\n\t\t\t\t\t\t<div class=\"elementor-container elementor-column-gap-default\">\n\t\t\t\t\t<div class=\"elementor-column elementor-col-50 elementor-top-column elementor-element elementor-element-ccc832e\" data-id=\"ccc832e\" data-element_type=\"column\">\n\t\t\t<div class=\"elementor-widget-wrap elementor-element-populated\">\n\t\t\t\t\t\t<div class=\"elementor-element elementor-element-887b1dd elementor-widget elementor-widget-text-editor\" data-id=\"887b1dd\" data-element_type=\"widget\" data-widget_type=\"text-editor.default\">\n\t\t\t\t<div class=\"elementor-widget-container\">\n\t\t\t\t\t\t\t\t\t<h4 class=\"western\"><strong>3. Beneficios de la Conciencia Vial<\/strong><\/h4><p>Cuando todos adoptamos una actitud \u00e9tica y respetuosa en la v\u00eda, los beneficios se extienden a toda la comunidad:<\/p><ul><li><p><strong>Reducci\u00f3n de accidentes:<\/strong> El respeto mutuo minimiza los conflictos y riesgos en la v\u00eda.<\/p><\/li><li><p><strong>Mayor fluidez del tr\u00e1fico:<\/strong> La empat\u00eda y el orden hacen que los desplazamientos sean m\u00e1s eficientes.<\/p><\/li><li><p><strong>Un entorno m\u00e1s seguro y agradable:<\/strong> Todos nos sentimos m\u00e1s tranquilos y protegidos al saber que otros respetan las reglas y nuestra integridad.<\/p><\/li><\/ul>\t\t\t\t\t\t\t\t<\/div>\n\t\t\t\t<\/div>\n\t\t\t\t\t<\/div>\n\t\t<\/div>\n\t\t\t\t<div class=\"elementor-column elementor-col-50 elementor-top-column elementor-element elementor-element-c1a4370\" data-id=\"c1a4370\" data-element_type=\"column\" data-settings=\"{&quot;background_background&quot;:&quot;classic&quot;}\">\n\t\t\t<div class=\"elementor-widget-wrap\">\n\t\t\t\t\t\t\t<\/div>\n\t\t<\/div>\n\t\t\t\t\t<\/div>\n\t\t<\/section>\n\t\t\t\t<section class=\"elementor-section elementor-top-section elementor-element elementor-element-dea31b5 elementor-section-boxed elementor-section-height-default elementor-section-height-default\" data-id=\"dea31b5\" data-element_type=\"section\">\n\t\t\t\t\t\t<div class=\"elementor-container elementor-column-gap-default\">\n\t\t\t\t\t<div class=\"elementor-column elementor-col-50 elementor-top-column elementor-element elementor-element-a6c7899\" data-id=\"a6c7899\" data-element_type=\"column\">\n\t\t\t<div class=\"elementor-widget-wrap elementor-element-populated\">\n\t\t\t\t\t\t<div class=\"elementor-element elementor-element-aa515ba elementor-widget elementor-widget-text-editor\" data-id=\"aa515ba\" data-element_type=\"widget\" data-widget_type=\"text-editor.default\">\n\t\t\t\t<div class=\"elementor-widget-container\">\n\t\t\t\t\t\t\t\t\t<p>La <strong>conciencia vial<\/strong> no se trata solo de cumplir reglas, sino de ser un ejemplo de respeto y empat\u00eda hacia los dem\u00e1s. Cada decisi\u00f3n que tomamos en la v\u00eda puede tener un impacto positivo o negativo en nuestra comunidad.<\/p><p><strong>Recuerda:<\/strong><\/p><ul><li><p>S\u00e9 paciente y respeta los derechos de otros usuarios.<\/p><\/li><li><p>Piensa que cada persona tiene un destino importante, igual que t\u00fa.<\/p><\/li><li><p>Tu comportamiento \u00e9tico puede inspirar a otros y marcar una gran diferencia en la seguridad vial.<\/p><\/li><\/ul><p>\u00a1La seguridad vial es responsabilidad de todos! Juntos podemos construir v\u00edas m\u00e1s seguras y una convivencia m\u00e1s armoniosa.<\/p>\t\t\t\t\t\t\t\t<\/div>\n\t\t\t\t<\/div>\n\t\t\t\t\t<\/div>\n\t\t<\/div>\n\t\t\t\t<div class=\"elementor-column elementor-col-50 elementor-top-column elementor-element elementor-element-a2e3cb5\" data-id=\"a2e3cb5\" data-element_type=\"column\" data-settings=\"{&quot;background_background&quot;:&quot;classic&quot;}\">\n\t\t\t<div class=\"elementor-widget-wrap\">\n\t\t\t\t\t\t\t<\/div>\n\t\t<\/div>\n\t\t\t\t\t<\/div>\n\t\t<\/section>\n\t\t\t\t<section class=\"elementor-section elementor-top-section elementor-element elementor-element-eb1b0e7 elementor-section-boxed elementor-section-height-default elementor-section-height-default\" data-id=\"eb1b0e7\" data-element_type=\"section\">\n\t\t\t\t\t\t<div class=\"elementor-container elementor-column-gap-default\">\n\t\t\t\t\t<div class=\"elementor-column elementor-col-50 elementor-top-column elementor-element elementor-element-709fa5c\" data-id=\"709fa5c\" data-element_type=\"column\">\n\t\t\t<div class=\"elementor-widget-wrap elementor-element-populated\">\n\t\t\t\t\t\t<div class=\"elementor-element elementor-element-293c17c elementor-widget elementor-widget-html\" data-id=\"293c17c\" data-element_type=\"widget\" data-widget_type=\"html.default\">\n\t\t\t\t<div class=\"elementor-widget-container\">\n\t\t\t\t\t<style>\r\n\/* Estilos para el t\u00edtulo *\/\r\n.widget-title {\r\n  font-size: 24px;\r\n  font-weight: bold;\r\n  color: #fff;\r\n  text-align: center;\r\n  margin-bottom: 20px;\r\n}\r\n\r\n\/* Estilos para el acorde\u00f3n *\/\r\n.accordion {\r\n  background-color: #333;\r\n  color: #fff;\r\n  cursor: pointer;\r\n  padding: 15px;\r\n  width: 100%;\r\n  border: none;\r\n  text-align: left;\r\n  outline: none;\r\n  font-size: 16px;\r\n  transition: background-color 0.3s ease;\r\n  margin-bottom: 5px;\r\n}\r\n\r\n.accordion.active, .accordion:hover {\r\n  background-color: #555;\r\n}\r\n\r\n.panel {\r\n  padding: 0 15px;\r\n  background-color: #222;\r\n  color: #fff;\r\n  max-height: 0;\r\n  overflow: hidden;\r\n  transition: max-height 0.3s ease-out;\r\n  border: 1px solid #444;\r\n  margin-bottom: 10px;\r\n}\r\n\r\n.panel p {\r\n  margin: 10px 0;\r\n  line-height: 1.5;\r\n}\r\n<\/style>\r\n\r\n<h2 class=\"widget-title\">Preguntas basadas en el m\u00e9todo Feynman<\/h2>\r\n\r\n<!-- 1. Explicaci\u00f3n b\u00e1sica -->\r\n<button class=\"accordion\">1. Explicaci\u00f3n b\u00e1sica<\/button>\r\n<div class=\"panel\">\r\n  <p>\"Imagina que le explicas a un ni\u00f1o por qu\u00e9 debemos respetar a los peatones, aunque vayamos en auto. Usa una comparaci\u00f3n sencilla (ej: 'Es como dejar pasar al m\u00e1s peque\u00f1o en los juegos...').\"<\/p>\r\n<\/div>\r\n\r\n<!-- 2. Comportamiento \u00e9tico -->\r\n<button class=\"accordion\">2. Comportamiento \u00e9tico<\/button>\r\n<div class=\"panel\">\r\n  <p>\"\u00bfPor qu\u00e9 ser 'predecible' al conducir es un acto de respeto hacia los dem\u00e1s? Da 2 ejemplos de acciones predecibles vs. peligrosas.\"<\/p>\r\n<\/div>\r\n\r\n<!-- 3. Empat\u00eda en acci\u00f3n -->\r\n<button class=\"accordion\">3. Empat\u00eda en acci\u00f3n<\/button>\r\n<div class=\"panel\">\r\n  <p>\"Un ciclista va lento en una calle estrecha:<br>\r\n    a) \u00bfQu\u00e9 3 cosas considerar\u00edas antes de adelantarlo?<br>\r\n    b) \u00bfPor qu\u00e9 tocarle el claxon en esta situaci\u00f3n ser\u00eda anti\u00e9tico?\"<\/p>\r\n<\/div>\r\n\r\n<!-- 4. Prioridad peatonal -->\r\n<button class=\"accordion\">4. Prioridad peatonal<\/button>\r\n<div class=\"panel\">\r\n  <p>\"En un paso de cebra sin sem\u00e1foro ves a:<br>\r\n    - Un adulto mayor cruzando lentamente<br>\r\n    - Un joven mirando el celular sin cruzar<br>\r\n    \u00bfA qui\u00e9n das prioridad y por qu\u00e9? \u00bfC\u00f3mo manejas cada caso?\"<\/p>\r\n<\/div>\r\n\r\n<!-- 5. Transporte p\u00fablico -->\r\n<button class=\"accordion\">5. Transporte p\u00fablico<\/button>\r\n<div class=\"panel\">\r\n  <p>\"Un bus se detiene bruscamente para recoger pasajeros:<br>\r\n    a) \u00bfPor qu\u00e9 es peligroso adelantarlo por la derecha?<br>\r\n    b) \u00bfQu\u00e9 alternativa defensiva propondr\u00edas?\"<\/p>\r\n<\/div>\r\n\r\n<!-- 6. Error com\u00fan -->\r\n<button class=\"accordion\">6. Error com\u00fan<\/button>\r\n<div class=\"panel\">\r\n  <p>\"Un conductor dice: 'Los motociclistas que filtran entre carriles merecen que los cierren'. \u00bfQu\u00e9 2 argumentos del texto refutan esta idea?\"<\/p>\r\n<\/div>\r\n\r\n<!-- 7. Beneficios comunitarios -->\r\n<button class=\"accordion\">7. Beneficios comunitarios<\/button>\r\n<div class=\"panel\">\r\n  <p>\"Relaciona estos valores con sus impactos:<br>\r\n    - Paciencia \u2192<br>\r\n    - Uso correcto de direccionales \u2192<br>\r\n    - Respeto a ciclov\u00edas \u2192<br>\r\n    (Ej: 'Paciencia = menos choques por estr\u00e9s')\" <\/p>\r\n<\/div>\r\n\r\n<!-- 8. Caso pr\u00e1ctico -->\r\n<button class=\"accordion\">8. Caso pr\u00e1ctico<\/button>\r\n<div class=\"panel\">\r\n  <p>\"En un embotellamiento, ves a un auto intentar colarse cambiando de carril constantemente:<br>\r\n    a) \u00bfC\u00f3mo act\u00faa un conductor \u00e9tico en esta situaci\u00f3n?<br>\r\n    b) \u00bfQu\u00e9 riesgo crea este comportamiento?\"<\/p>\r\n<\/div>\r\n\r\n<!-- 9. S\u00edntesis Feynman -->\r\n<button class=\"accordion\">9. S\u00edntesis Feynman<\/button>\r\n<div class=\"panel\">\r\n  <p>\"En 30 segundos: Explica en 3 frases cortas:<br>\r\n    - La relaci\u00f3n entre \u00e9tica y seguridad.<br>\r\n    - La vulnerabilidad de peatones y ciclistas.<br>\r\n    - El rol del conductor como ejemplo social.\"<\/p>\r\n<\/div>\r\n\r\n<script>\r\nvar acc = document.getElementsByClassName(\"accordion\");\r\nfor (var i = 0; i < acc.length; i++) {\r\n  acc[i].addEventListener(\"click\", function() {\r\n    this.classList.toggle(\"active\");\r\n    var panel = this.nextElementSibling;\r\n    if (panel.style.maxHeight) {\r\n      panel.style.maxHeight = null;\r\n    } else {\r\n      panel.style.maxHeight = panel.scrollHeight + \"px\";\r\n    }\r\n  });\r\n}\r\n<\/script>\r\n\t\t\t\t<\/div>\n\t\t\t\t<\/div>\n\t\t\t\t\t<\/div>\n\t\t<\/div>\n\t\t\t\t<div class=\"elementor-column elementor-col-50 elementor-top-column elementor-element elementor-element-e6f7ddc\" data-id=\"e6f7ddc\" data-element_type=\"column\">\n\t\t\t<div class=\"elementor-widget-wrap elementor-element-populated\">\n\t\t\t\t\t\t<div class=\"elementor-element elementor-element-a527184 elementor-widget__width-initial elementor-widget elementor-widget-text-editor\" data-id=\"a527184\" data-element_type=\"widget\" data-widget_type=\"text-editor.default\">\n\t\t\t\t<div class=\"elementor-widget-container\">\n\t\t\t\t\t\t\t\t\t<p style=\"text-align: center;\">Contesta de forma acertada todas las siguientes preguntas.<\/p>\t\t\t\t\t\t\t\t<\/div>\n\t\t\t\t<\/div>\n\t\t\t\t<div class=\"elementor-element elementor-element-8a00744 elementor-widget__width-initial elementor-widget elementor-widget-html\" data-id=\"8a00744\" data-element_type=\"widget\" data-widget_type=\"html.default\">\n\t\t\t\t<div class=\"elementor-widget-container\">\n\t\t\t\t\t<div style=\"padding: 10px; font-family: Arial, sans-serif; max-width: 400px; margin: auto;\">\r\n    <h3 style=\"text-align: center; color: #333;\">Cuestionario sobre Conciencia Vial<\/h3>\r\n    <p style=\"text-align: center; font-size: 14px;\">Selecciona la respuesta correcta para cada pregunta.<\/p>\r\n\r\n    <form id=\"quizForm\" style=\"color: #333;\" onsubmit=\"checkAnswers(event)\">\r\n        <!-- Pregunta 1 -->\r\n        <p><strong>1. \u00bfQu\u00e9 implica un comportamiento \u00e9tico en la v\u00eda?<\/strong><br>\r\n        <label><input type=\"radio\" name=\"p1\" value=\"a\"> a) Respetar normas y pensar en los dem\u00e1s<\/label><br>\r\n        <label><input type=\"radio\" name=\"p1\" value=\"b\"> b) Conducir ego\u00edstamente<\/label><br>\r\n        <label><input type=\"radio\" name=\"p1\" value=\"c\"> c) Ignorar las se\u00f1ales<\/label><\/p>\r\n\r\n        <!-- Pregunta 2 -->\r\n        <p><strong>2. \u00bfQu\u00e9 significa ser predecible al conducir?<\/strong><br>\r\n        <label><input type=\"radio\" name=\"p2\" value=\"a\"> a) Frenar sin avisar<\/label><br>\r\n        <label><input type=\"radio\" name=\"p2\" value=\"b\"> b) Usar direccionales y evitar sorpresas<\/label><br>\r\n        <label><input type=\"radio\" name=\"p2\" value=\"c\"> c) Cambiar de carril sin se\u00f1alizar<\/label><\/p>\r\n\r\n        <!-- Pregunta 3 -->\r\n        <p><strong>3. \u00bfCu\u00e1ndo debes evitar conducir?<\/strong><br>\r\n        <label><input type=\"radio\" name=\"p3\" value=\"a\"> a) Cuando est\u00e1s cansado o enojado<\/label><br>\r\n        <label><input type=\"radio\" name=\"p3\" value=\"b\"> b) Solo si no tienes prisa<\/label><br>\r\n        <label><input type=\"radio\" name=\"p3\" value=\"c\"> c) Siempre que tengas prisa<\/label><\/p>\r\n\r\n        <!-- Pregunta 4 -->\r\n        <p><strong>4. \u00bfQu\u00e9 hacer en pasos peatonales?<\/strong><br>\r\n        <label><input type=\"radio\" name=\"p4\" value=\"a\"> a) Acelerar para pasar r\u00e1pido<\/label><br>\r\n        <label><input type=\"radio\" name=\"p4\" value=\"b\"> b) Dar prioridad a los peatones<\/label><br>\r\n        <label><input type=\"radio\" name=\"p4\" value=\"c\"> c) Estacionar en ellos<\/label><\/p>\r\n\r\n        <!-- Pregunta 5 -->\r\n        <p><strong>5. \u00bfCu\u00e1l es la distancia m\u00ednima al adelantar ciclistas?<\/strong><br>\r\n        <label><input type=\"radio\" name=\"p5\" value=\"a\"> a) 0.5 metros<\/label><br>\r\n        <label><input type=\"radio\" name=\"p5\" value=\"b\"> b) 1.5 metros<\/label><br>\r\n        <label><input type=\"radio\" name=\"p5\" value=\"c\"> c) No hay distancia m\u00ednima<\/label><\/p>\r\n\r\n        <!-- Pregunta 6 -->\r\n        <p><strong>6. \u00bfQu\u00e9 hacer al ver un motociclista en tu punto ciego?<\/strong><br>\r\n        <label><input type=\"radio\" name=\"p6\" value=\"a\"> a) Cambiar de carril sin verificar<\/label><br>\r\n        <label><input type=\"radio\" name=\"p6\" value=\"b\"> b) Revisar espejos y puntos ciegos antes de moverte<\/label><br>\r\n        <label><input type=\"radio\" name=\"p6\" value=\"c\"> c) Acelerar para dejarlo atr\u00e1s<\/label><\/p>\r\n\r\n        <!-- Pregunta 7 -->\r\n        <p><strong>7. \u00bfC\u00f3mo tratar a los conductores de transporte p\u00fablico?<\/strong><br>\r\n        <label><input type=\"radio\" name=\"p7\" value=\"a\"> a) Adelantarlos imprudentemente<\/label><br>\r\n        <label><input type=\"radio\" name=\"p7\" value=\"b\"> b) Ser paciente por sus limitaciones<\/label><br>\r\n        <label><input type=\"radio\" name=\"p7\" value=\"c\"> c) Bloquear sus paradas<\/label><\/p>\r\n\r\n        <!-- Pregunta 8 -->\r\n        <p><strong>8. \u00bfPara qu\u00e9 sirve el claxon?(Pito)<\/strong><br>\r\n        <label><input type=\"radio\" name=\"p8\" value=\"a\"> a) Desahogar frustraciones<\/label><br>\r\n        <label><input type=\"radio\" name=\"p8\" value=\"b\"> b) Alertar en casos de peligro<\/label><br>\r\n        <label><input type=\"radio\" name=\"p8\" value=\"c\"> c) Saludar a otros conductores<\/label><\/p>\r\n\r\n        <!-- Pregunta 9 -->\r\n        <p><strong>9. \u00bfQu\u00e9 beneficio tiene la conciencia vial?<\/strong><br>\r\n        <label><input type=\"radio\" name=\"p9\" value=\"a\"> a) Aumenta los accidentes<\/label><br>\r\n        <label><input type=\"radio\" name=\"p9\" value=\"b\"> b) Reduce accidentes y mejora la fluidez<\/label><br>\r\n        <label><input type=\"radio\" name=\"p9\" value=\"c\"> c) Genera m\u00e1s conflictos<\/label><\/p>\r\n\r\n        <!-- Pregunta 10 -->\r\n        <p><strong>10. \u00bfQu\u00e9 actitud fomenta la conciencia vial?<\/strong><br>\r\n        <label><input type=\"radio\" name=\"p10\" value=\"a\"> a) Ego\u00edsmo en la v\u00eda<\/label><br>\r\n        <label><input type=\"radio\" name=\"p10\" value=\"b\"> b) Empat\u00eda y respeto hacia otros<\/label><br>\r\n        <label><input type=\"radio\" name=\"p10\" value=\"c\"> c) Impaciencia constante<\/label><\/p>\r\n\r\n        <div style=\"text-align: center; margin-top: 15px;\">\r\n            <button type=\"submit\" style=\"padding: 10px 20px; font-size: 14px; background-color: #0A3F9B; color: white; border: none; border-radius: 5px; cursor: pointer;\">Enviar Respuestas<\/button>\r\n        <\/div>\r\n    <\/form>\r\n\r\n    <script>\r\n        function checkAnswers(event) {\r\n            event.preventDefault();\r\n            const form = document.getElementById('quizForm');\r\n            const answers = {\r\n                p1: 'a', p2: 'b', p3: 'a', p4: 'b', p5: 'b',\r\n                p6: 'b', p7: 'b', p8: 'b', p9: 'b', p10: 'b'\r\n            };\r\n            const selected = form.querySelectorAll('input[type=\"radio\"]:checked');\r\n            let allCorrect = true;\r\n\r\n            if (selected.length !== 10) {\r\n                alert('Por favor, contesta todas las preguntas antes de enviar.');\r\n                return;\r\n            }\r\n\r\n            selected.forEach(input => {\r\n                if (input.value !== answers[input.name]) {\r\n                    allCorrect = false;\r\n                }\r\n            });\r\n\r\n            if (allCorrect) {\r\n                alert('\u00a1Felicitaciones! Todas tus respuestas son correctas. Ser\u00e1s redirigido a la Zona de Alumnos.');\r\n                setTimeout(() => {\r\n                    window.location.href = 'https:\/\/conducircolombia.com\/cea\/zona-alumnos\/';\r\n                }, 1000); \/\/ Redirige despu\u00e9s de 1 segundo\r\n            } else {\r\n                alert('Algunas respuestas son incorrectas. Revisa e intenta de nuevo.');\r\n            }\r\n        }\r\n    <\/script>\r\n<\/div>\t\t\t\t<\/div>\n\t\t\t\t<\/div>\n\t\t\t\t\t<\/div>\n\t\t<\/div>\n\t\t\t\t\t<\/div>\n\t\t<\/section>\n\t\t\t\t<section class=\"elementor-section elementor-top-section elementor-element elementor-element-437157f elementor-section-boxed elementor-section-height-default elementor-section-height-default\" data-id=\"437157f\" data-element_type=\"section\">\n\t\t\t\t\t\t<div class=\"elementor-container elementor-column-gap-default\">\n\t\t\t\t\t<div class=\"elementor-column elementor-col-100 elementor-top-column elementor-element elementor-element-2ddf28f\" data-id=\"2ddf28f\" data-element_type=\"column\">\n\t\t\t<div class=\"elementor-widget-wrap elementor-element-populated\">\n\t\t\t\t\t\t<div class=\"elementor-element elementor-element-bea52da elementor-widget elementor-widget-spacer\" data-id=\"bea52da\" data-element_type=\"widget\" data-widget_type=\"spacer.default\">\n\t\t\t\t<div class=\"elementor-widget-container\">\n\t\t\t\t\t\t\t<div class=\"elementor-spacer\">\n\t\t\t<div class=\"elementor-spacer-inner\"><\/div>\n\t\t<\/div>\n\t\t\t\t\t\t<\/div>\n\t\t\t\t<\/div>\n\t\t\t\t<div class=\"elementor-element elementor-element-5daaed9 elementor-widget elementor-widget-image\" data-id=\"5daaed9\" data-element_type=\"widget\" data-widget_type=\"image.default\">\n\t\t\t\t<div class=\"elementor-widget-container\">\n\t\t\t\t\t\t\t\t\t\t\t\t\t\t\t<img decoding=\"async\" width=\"1024\" height=\"34\" src=\"https:\/\/conducircolombia.com\/cea\/wp-content\/uploads\/2024\/11\/franja-1024x34.webp\" class=\"attachment-large size-large wp-image-10337\" alt=\"\" srcset=\"https:\/\/conducircolombia.com\/cea\/wp-content\/uploads\/2024\/11\/franja-1024x34.webp 1024w, https:\/\/conducircolombia.com\/cea\/wp-content\/uploads\/2024\/11\/franja-300x10.webp 300w, https:\/\/conducircolombia.com\/cea\/wp-content\/uploads\/2024\/11\/franja-768x26.webp 768w, https:\/\/conducircolombia.com\/cea\/wp-content\/uploads\/2024\/11\/franja.webp 1500w\" sizes=\"(max-width: 1024px) 100vw, 1024px\" \/>\t\t\t\t\t\t\t\t\t\t\t\t\t\t\t<\/div>\n\t\t\t\t<\/div>\n\t\t\t\t\t<\/div>\n\t\t<\/div>\n\t\t\t\t\t<\/div>\n\t\t<\/section>\n\t\t\t\t<\/div>\n\t\t","protected":false},"excerpt":{"rendered":"<p>Organismo de Apoyo al Tr\u00e1nsito Min Transporte Res. 1347\/13 Educaci\u00f3n Res. 14024\/11 Manejo Defensivo Conciencia Vial La conciencia vial es [&hellip;]<\/p>\n","protected":false},"author":2,"featured_media":0,"comment_status":"open","ping_status":"open","sticky":false,"template":"elementor_canvas","format":"standard","meta":{"site-sidebar-layout":"default","site-content-layout":"","ast-site-content-layout":"default","site-content-style":"default","site-sidebar-style":"default","ast-global-header-display":"","ast-banner-title-visibility":"","ast-main-header-display":"","ast-hfb-above-header-display":"","ast-hfb-below-header-display":"","ast-hfb-mobile-header-display":"","site-post-title":"","ast-breadcrumbs-content":"","ast-featured-img":"","footer-sml-layout":"","theme-transparent-header-meta":"","adv-header-id-meta":"","stick-header-meta":"","header-above-stick-meta":"","header-main-stick-meta":"","header-below-stick-meta":"","astra-migrate-meta-layouts":"set","ast-page-background-enabled":"default","ast-page-background-meta":{"desktop":{"background-color":"var(--ast-global-color-4)","background-image":"","background-repeat":"repeat","background-position":"center center","background-size":"auto","background-attachment":"scroll","background-type":"","background-media":"","overlay-type":"","overlay-color":"","overlay-opacity":"","overlay-gradient":""},"tablet":{"background-color":"","background-image":"","background-repeat":"repeat","background-position":"center center","background-size":"auto","background-attachment":"scroll","background-type":"","background-media":"","overlay-type":"","overlay-color":"","overlay-opacity":"","overlay-gradient":""},"mobile":{"background-color":"","background-image":"","background-repeat":"repeat","background-position":"center center","background-size":"auto","background-attachment":"scroll","background-type":"","background-media":"","overlay-type":"","overlay-color":"","overlay-opacity":"","overlay-gradient":""}},"ast-content-background-meta":{"desktop":{"background-color":"var(--ast-global-color-5)","background-image":"","background-repeat":"repeat","background-position":"center center","background-size":"auto","background-attachment":"scroll","background-type":"","background-media":"","overlay-type":"","overlay-color":"","overlay-opacity":"","overlay-gradient":""},"tablet":{"background-color":"var(--ast-global-color-5)","background-image":"","background-repeat":"repeat","background-position":"center center","background-size":"auto","background-attachment":"scroll","background-type":"","background-media":"","overlay-type":"","overlay-color":"","overlay-opacity":"","overlay-gradient":""},"mobile":{"background-color":"var(--ast-global-color-5)","background-image":"","background-repeat":"repeat","background-position":"center center","background-size":"auto","background-attachment":"scroll","background-type":"","background-media":"","overlay-type":"","overlay-color":"","overlay-opacity":"","overlay-gradient":""}},"footnotes":""},"categories":[21],"tags":[],"class_list":["post-10990","post","type-post","status-publish","format-standard","hentry","category-manejo-defensivo"],"yoast_head":"<!-- This site is optimized with the Yoast SEO plugin v26.4 - https:\/\/yoast.com\/wordpress\/plugins\/seo\/ -->\n<title>Conciencia Vial<\/title>\n<meta name=\"description\" content=\"Conciencia Vial | La conciencia vial es la base para una convivencia segura y armoniosa en las v\u00edas\" \/>\n<meta name=\"robots\" content=\"index, follow, max-snippet:-1, max-image-preview:large, max-video-preview:-1\" \/>\n<link rel=\"canonical\" href=\"https:\/\/conducircolombia.com\/cea\/conciencia-vial\/\" \/>\n<meta property=\"og:locale\" content=\"es_ES\" \/>\n<meta property=\"og:type\" content=\"article\" \/>\n<meta property=\"og:title\" content=\"Conciencia Vial\" \/>\n<meta property=\"og:description\" content=\"Conciencia Vial | La conciencia vial es la base para una convivencia segura y armoniosa en las v\u00edas\" \/>\n<meta property=\"og:url\" content=\"https:\/\/conducircolombia.com\/cea\/conciencia-vial\/\" \/>\n<meta property=\"og:site_name\" content=\"Conducir Colombia\" \/>\n<meta property=\"article:publisher\" content=\"https:\/\/www.facebook.com\/ConducirColombiaBogota\" \/>\n<meta property=\"article:published_time\" content=\"2025-01-27T03:27:22+00:00\" \/>\n<meta property=\"article:modified_time\" content=\"2025-03-29T02:34:43+00:00\" \/>\n<meta property=\"og:image\" content=\"https:\/\/conducircolombia.com\/cea\/wp-content\/uploads\/2025\/02\/Logo-ITDH-500.webp\" \/>\n\t<meta property=\"og:image:width\" content=\"500\" \/>\n\t<meta property=\"og:image:height\" content=\"100\" \/>\n\t<meta property=\"og:image:type\" content=\"image\/webp\" \/>\n<meta name=\"author\" content=\"memo fichas\" \/>\n<meta name=\"twitter:card\" content=\"summary_large_image\" \/>\n<meta name=\"twitter:label1\" content=\"Escrito por\" \/>\n\t<meta name=\"twitter:data1\" content=\"memo fichas\" \/>\n\t<meta name=\"twitter:label2\" content=\"Tiempo de lectura\" \/>\n\t<meta name=\"twitter:data2\" content=\"6 minutos\" \/>\n<script type=\"application\/ld+json\" class=\"yoast-schema-graph\">{\"@context\":\"https:\/\/schema.org\",\"@graph\":[{\"@type\":\"Article\",\"@id\":\"https:\/\/conducircolombia.com\/cea\/conciencia-vial\/#article\",\"isPartOf\":{\"@id\":\"https:\/\/conducircolombia.com\/cea\/conciencia-vial\/\"},\"author\":{\"name\":\"memo fichas\",\"@id\":\"https:\/\/conducircolombia.com\/cea\/#\/schema\/person\/39f266f3357066ea02c614168ee5b0d2\"},\"headline\":\"Conciencia Vial\",\"datePublished\":\"2025-01-27T03:27:22+00:00\",\"dateModified\":\"2025-03-29T02:34:43+00:00\",\"mainEntityOfPage\":{\"@id\":\"https:\/\/conducircolombia.com\/cea\/conciencia-vial\/\"},\"wordCount\":1297,\"commentCount\":0,\"publisher\":{\"@id\":\"https:\/\/conducircolombia.com\/cea\/#organization\"},\"image\":{\"@id\":\"https:\/\/conducircolombia.com\/cea\/conciencia-vial\/#primaryimage\"},\"thumbnailUrl\":\"https:\/\/conducircolombia.com\/cea\/wp-content\/uploads\/2025\/02\/Logo-ITDH-500.webp\",\"articleSection\":[\"Manejo defensivo\"],\"inLanguage\":\"es\",\"potentialAction\":[{\"@type\":\"CommentAction\",\"name\":\"Comment\",\"target\":[\"https:\/\/conducircolombia.com\/cea\/conciencia-vial\/#respond\"]}]},{\"@type\":\"WebPage\",\"@id\":\"https:\/\/conducircolombia.com\/cea\/conciencia-vial\/\",\"url\":\"https:\/\/conducircolombia.com\/cea\/conciencia-vial\/\",\"name\":\"Conciencia Vial\",\"isPartOf\":{\"@id\":\"https:\/\/conducircolombia.com\/cea\/#website\"},\"primaryImageOfPage\":{\"@id\":\"https:\/\/conducircolombia.com\/cea\/conciencia-vial\/#primaryimage\"},\"image\":{\"@id\":\"https:\/\/conducircolombia.com\/cea\/conciencia-vial\/#primaryimage\"},\"thumbnailUrl\":\"https:\/\/conducircolombia.com\/cea\/wp-content\/uploads\/2025\/02\/Logo-ITDH-500.webp\",\"datePublished\":\"2025-01-27T03:27:22+00:00\",\"dateModified\":\"2025-03-29T02:34:43+00:00\",\"description\":\"Conciencia Vial | La conciencia vial es la base para una convivencia segura y armoniosa en las v\u00edas\",\"breadcrumb\":{\"@id\":\"https:\/\/conducircolombia.com\/cea\/conciencia-vial\/#breadcrumb\"},\"inLanguage\":\"es\",\"potentialAction\":[{\"@type\":\"ReadAction\",\"target\":[\"https:\/\/conducircolombia.com\/cea\/conciencia-vial\/\"]}]},{\"@type\":\"ImageObject\",\"inLanguage\":\"es\",\"@id\":\"https:\/\/conducircolombia.com\/cea\/conciencia-vial\/#primaryimage\",\"url\":\"https:\/\/conducircolombia.com\/cea\/wp-content\/uploads\/2025\/02\/Logo-ITDH-500.webp\",\"contentUrl\":\"https:\/\/conducircolombia.com\/cea\/wp-content\/uploads\/2025\/02\/Logo-ITDH-500.webp\",\"width\":500,\"height\":100,\"caption\":\"Logo Conducir Colombia\"},{\"@type\":\"BreadcrumbList\",\"@id\":\"https:\/\/conducircolombia.com\/cea\/conciencia-vial\/#breadcrumb\",\"itemListElement\":[{\"@type\":\"ListItem\",\"position\":1,\"name\":\"Portada\",\"item\":\"https:\/\/conducircolombia.com\/cea\/\"},{\"@type\":\"ListItem\",\"position\":2,\"name\":\"Conciencia Vial\"}]},{\"@type\":\"WebSite\",\"@id\":\"https:\/\/conducircolombia.com\/cea\/#website\",\"url\":\"https:\/\/conducircolombia.com\/cea\/\",\"name\":\"Conducir Colombia\",\"description\":\"Academia de Conducci\u00f3n\",\"publisher\":{\"@id\":\"https:\/\/conducircolombia.com\/cea\/#organization\"},\"potentialAction\":[{\"@type\":\"SearchAction\",\"target\":{\"@type\":\"EntryPoint\",\"urlTemplate\":\"https:\/\/conducircolombia.com\/cea\/?s={search_term_string}\"},\"query-input\":{\"@type\":\"PropertyValueSpecification\",\"valueRequired\":true,\"valueName\":\"search_term_string\"}}],\"inLanguage\":\"es\"},{\"@type\":\"Organization\",\"@id\":\"https:\/\/conducircolombia.com\/cea\/#organization\",\"name\":\"Conducir Colombia\",\"alternateName\":\"Conducir Colombia\",\"url\":\"https:\/\/conducircolombia.com\/cea\/\",\"logo\":{\"@type\":\"ImageObject\",\"inLanguage\":\"es\",\"@id\":\"https:\/\/conducircolombia.com\/cea\/#\/schema\/logo\/image\/\",\"url\":\"https:\/\/conducircolombia.com\/cea\/wp-content\/uploads\/2025\/02\/logowp.jpg\",\"contentUrl\":\"https:\/\/conducircolombia.com\/cea\/wp-content\/uploads\/2025\/02\/logowp.jpg\",\"width\":300,\"height\":299,\"caption\":\"Conducir Colombia\"},\"image\":{\"@id\":\"https:\/\/conducircolombia.com\/cea\/#\/schema\/logo\/image\/\"},\"sameAs\":[\"https:\/\/www.facebook.com\/ConducirColombiaBogota\"]},{\"@type\":\"Person\",\"@id\":\"https:\/\/conducircolombia.com\/cea\/#\/schema\/person\/39f266f3357066ea02c614168ee5b0d2\",\"name\":\"memo fichas\",\"image\":{\"@type\":\"ImageObject\",\"inLanguage\":\"es\",\"@id\":\"https:\/\/conducircolombia.com\/cea\/#\/schema\/person\/image\/\",\"url\":\"https:\/\/secure.gravatar.com\/avatar\/e1b894dfed71a479efeaf73bfb32c5e92c855e56311b32924ca240a9bcec68b2?s=96&d=mm&r=g\",\"contentUrl\":\"https:\/\/secure.gravatar.com\/avatar\/e1b894dfed71a479efeaf73bfb32c5e92c855e56311b32924ca240a9bcec68b2?s=96&d=mm&r=g\",\"caption\":\"memo fichas\"},\"url\":\"https:\/\/conducircolombia.com\/cea\/author\/conducir1\/\"}]}<\/script>\n<!-- \/ Yoast SEO plugin. -->","yoast_head_json":{"title":"Conciencia Vial","description":"Conciencia Vial | La conciencia vial es la base para una convivencia segura y armoniosa en las v\u00edas","robots":{"index":"index","follow":"follow","max-snippet":"max-snippet:-1","max-image-preview":"max-image-preview:large","max-video-preview":"max-video-preview:-1"},"canonical":"https:\/\/conducircolombia.com\/cea\/conciencia-vial\/","og_locale":"es_ES","og_type":"article","og_title":"Conciencia Vial","og_description":"Conciencia Vial | La conciencia vial es la base para una convivencia segura y armoniosa en las v\u00edas","og_url":"https:\/\/conducircolombia.com\/cea\/conciencia-vial\/","og_site_name":"Conducir Colombia","article_publisher":"https:\/\/www.facebook.com\/ConducirColombiaBogota","article_published_time":"2025-01-27T03:27:22+00:00","article_modified_time":"2025-03-29T02:34:43+00:00","og_image":[{"width":500,"height":100,"url":"https:\/\/conducircolombia.com\/cea\/wp-content\/uploads\/2025\/02\/Logo-ITDH-500.webp","type":"image\/webp"}],"author":"memo fichas","twitter_card":"summary_large_image","twitter_misc":{"Escrito por":"memo fichas","Tiempo de lectura":"6 minutos"},"schema":{"@context":"https:\/\/schema.org","@graph":[{"@type":"Article","@id":"https:\/\/conducircolombia.com\/cea\/conciencia-vial\/#article","isPartOf":{"@id":"https:\/\/conducircolombia.com\/cea\/conciencia-vial\/"},"author":{"name":"memo fichas","@id":"https:\/\/conducircolombia.com\/cea\/#\/schema\/person\/39f266f3357066ea02c614168ee5b0d2"},"headline":"Conciencia Vial","datePublished":"2025-01-27T03:27:22+00:00","dateModified":"2025-03-29T02:34:43+00:00","mainEntityOfPage":{"@id":"https:\/\/conducircolombia.com\/cea\/conciencia-vial\/"},"wordCount":1297,"commentCount":0,"publisher":{"@id":"https:\/\/conducircolombia.com\/cea\/#organization"},"image":{"@id":"https:\/\/conducircolombia.com\/cea\/conciencia-vial\/#primaryimage"},"thumbnailUrl":"https:\/\/conducircolombia.com\/cea\/wp-content\/uploads\/2025\/02\/Logo-ITDH-500.webp","articleSection":["Manejo defensivo"],"inLanguage":"es","potentialAction":[{"@type":"CommentAction","name":"Comment","target":["https:\/\/conducircolombia.com\/cea\/conciencia-vial\/#respond"]}]},{"@type":"WebPage","@id":"https:\/\/conducircolombia.com\/cea\/conciencia-vial\/","url":"https:\/\/conducircolombia.com\/cea\/conciencia-vial\/","name":"Conciencia Vial","isPartOf":{"@id":"https:\/\/conducircolombia.com\/cea\/#website"},"primaryImageOfPage":{"@id":"https:\/\/conducircolombia.com\/cea\/conciencia-vial\/#primaryimage"},"image":{"@id":"https:\/\/conducircolombia.com\/cea\/conciencia-vial\/#primaryimage"},"thumbnailUrl":"https:\/\/conducircolombia.com\/cea\/wp-content\/uploads\/2025\/02\/Logo-ITDH-500.webp","datePublished":"2025-01-27T03:27:22+00:00","dateModified":"2025-03-29T02:34:43+00:00","description":"Conciencia Vial | La conciencia vial es la base para una convivencia segura y armoniosa en las v\u00edas","breadcrumb":{"@id":"https:\/\/conducircolombia.com\/cea\/conciencia-vial\/#breadcrumb"},"inLanguage":"es","potentialAction":[{"@type":"ReadAction","target":["https:\/\/conducircolombia.com\/cea\/conciencia-vial\/"]}]},{"@type":"ImageObject","inLanguage":"es","@id":"https:\/\/conducircolombia.com\/cea\/conciencia-vial\/#primaryimage","url":"https:\/\/conducircolombia.com\/cea\/wp-content\/uploads\/2025\/02\/Logo-ITDH-500.webp","contentUrl":"https:\/\/conducircolombia.com\/cea\/wp-content\/uploads\/2025\/02\/Logo-ITDH-500.webp","width":500,"height":100,"caption":"Logo Conducir Colombia"},{"@type":"BreadcrumbList","@id":"https:\/\/conducircolombia.com\/cea\/conciencia-vial\/#breadcrumb","itemListElement":[{"@type":"ListItem","position":1,"name":"Portada","item":"https:\/\/conducircolombia.com\/cea\/"},{"@type":"ListItem","position":2,"name":"Conciencia Vial"}]},{"@type":"WebSite","@id":"https:\/\/conducircolombia.com\/cea\/#website","url":"https:\/\/conducircolombia.com\/cea\/","name":"Conducir Colombia","description":"Academia de Conducci\u00f3n","publisher":{"@id":"https:\/\/conducircolombia.com\/cea\/#organization"},"potentialAction":[{"@type":"SearchAction","target":{"@type":"EntryPoint","urlTemplate":"https:\/\/conducircolombia.com\/cea\/?s={search_term_string}"},"query-input":{"@type":"PropertyValueSpecification","valueRequired":true,"valueName":"search_term_string"}}],"inLanguage":"es"},{"@type":"Organization","@id":"https:\/\/conducircolombia.com\/cea\/#organization","name":"Conducir Colombia","alternateName":"Conducir Colombia","url":"https:\/\/conducircolombia.com\/cea\/","logo":{"@type":"ImageObject","inLanguage":"es","@id":"https:\/\/conducircolombia.com\/cea\/#\/schema\/logo\/image\/","url":"https:\/\/conducircolombia.com\/cea\/wp-content\/uploads\/2025\/02\/logowp.jpg","contentUrl":"https:\/\/conducircolombia.com\/cea\/wp-content\/uploads\/2025\/02\/logowp.jpg","width":300,"height":299,"caption":"Conducir Colombia"},"image":{"@id":"https:\/\/conducircolombia.com\/cea\/#\/schema\/logo\/image\/"},"sameAs":["https:\/\/www.facebook.com\/ConducirColombiaBogota"]},{"@type":"Person","@id":"https:\/\/conducircolombia.com\/cea\/#\/schema\/person\/39f266f3357066ea02c614168ee5b0d2","name":"memo fichas","image":{"@type":"ImageObject","inLanguage":"es","@id":"https:\/\/conducircolombia.com\/cea\/#\/schema\/person\/image\/","url":"https:\/\/secure.gravatar.com\/avatar\/e1b894dfed71a479efeaf73bfb32c5e92c855e56311b32924ca240a9bcec68b2?s=96&d=mm&r=g","contentUrl":"https:\/\/secure.gravatar.com\/avatar\/e1b894dfed71a479efeaf73bfb32c5e92c855e56311b32924ca240a9bcec68b2?s=96&d=mm&r=g","caption":"memo fichas"},"url":"https:\/\/conducircolombia.com\/cea\/author\/conducir1\/"}]}},"_links":{"self":[{"href":"https:\/\/conducircolombia.com\/cea\/wp-json\/wp\/v2\/posts\/10990","targetHints":{"allow":["GET"]}}],"collection":[{"href":"https:\/\/conducircolombia.com\/cea\/wp-json\/wp\/v2\/posts"}],"about":[{"href":"https:\/\/conducircolombia.com\/cea\/wp-json\/wp\/v2\/types\/post"}],"author":[{"embeddable":true,"href":"https:\/\/conducircolombia.com\/cea\/wp-json\/wp\/v2\/users\/2"}],"replies":[{"embeddable":true,"href":"https:\/\/conducircolombia.com\/cea\/wp-json\/wp\/v2\/comments?post=10990"}],"version-history":[{"count":64,"href":"https:\/\/conducircolombia.com\/cea\/wp-json\/wp\/v2\/posts\/10990\/revisions"}],"predecessor-version":[{"id":14192,"href":"https:\/\/conducircolombia.com\/cea\/wp-json\/wp\/v2\/posts\/10990\/revisions\/14192"}],"wp:attachment":[{"href":"https:\/\/conducircolombia.com\/cea\/wp-json\/wp\/v2\/media?parent=10990"}],"wp:term":[{"taxonomy":"category","embeddable":true,"href":"https:\/\/conducircolombia.com\/cea\/wp-json\/wp\/v2\/categories?post=10990"},{"taxonomy":"post_tag","embeddable":true,"href":"https:\/\/conducircolombia.com\/cea\/wp-json\/wp\/v2\/tags?post=10990"}],"curies":[{"name":"wp","href":"https:\/\/api.w.org\/{rel}","templated":true}]}}