{"id":11439,"date":"2025-02-07T19:18:06","date_gmt":"2025-02-08T00:18:06","guid":{"rendered":"https:\/\/conducircolombia.com\/cea\/?p=11439"},"modified":"2025-04-26T14:16:36","modified_gmt":"2025-04-26T19:16:36","slug":"codigo-de-transito-titulo-ii-capitulo-iii","status":"publish","type":"post","link":"https:\/\/conducircolombia.com\/cea\/codigo-de-transito-titulo-ii-capitulo-iii\/","title":{"rendered":"C\u00f3digo de Tr\u00e1nsito T\u00cdTULO II CAP\u00cdTULO III"},"content":{"rendered":"\t\t<div data-elementor-type=\"wp-post\" data-elementor-id=\"11439\" class=\"elementor elementor-11439\">\n\t\t\t\t\t\t<section class=\"elementor-section elementor-top-section elementor-element elementor-element-2441bda elementor-section-boxed elementor-section-height-default elementor-section-height-default\" data-id=\"2441bda\" data-element_type=\"section\">\n\t\t\t\t\t\t<div class=\"elementor-container elementor-column-gap-default\">\n\t\t\t\t\t<div class=\"elementor-column elementor-col-100 elementor-top-column elementor-element elementor-element-1077a3a\" data-id=\"1077a3a\" data-element_type=\"column\">\n\t\t\t<div class=\"elementor-widget-wrap elementor-element-populated\">\n\t\t\t\t\t\t<section class=\"elementor-section elementor-inner-section elementor-element elementor-element-17f7cc4 elementor-section-boxed elementor-section-height-default elementor-section-height-default\" data-id=\"17f7cc4\" data-element_type=\"section\">\n\t\t\t\t\t\t<div class=\"elementor-container elementor-column-gap-default\">\n\t\t\t\t\t<div class=\"elementor-column elementor-col-50 elementor-inner-column elementor-element elementor-element-1a97443\" data-id=\"1a97443\" data-element_type=\"column\">\n\t\t\t<div class=\"elementor-widget-wrap elementor-element-populated\">\n\t\t\t\t\t\t<div class=\"elementor-element elementor-element-61bdf4d elementor-widget elementor-widget-image\" data-id=\"61bdf4d\" data-element_type=\"widget\" data-widget_type=\"image.default\">\n\t\t\t\t<div class=\"elementor-widget-container\">\n\t\t\t\t\t\t\t\t\t\t\t\t\t\t\t\t<a href=\"https:\/\/conducircolombia.com\/\">\n\t\t\t\t\t\t\t<img fetchpriority=\"high\" decoding=\"async\" width=\"500\" height=\"100\" src=\"https:\/\/conducircolombia.com\/cea\/wp-content\/uploads\/2025\/02\/Logo-ITDH-500.webp\" class=\"attachment-large size-large wp-image-11854\" alt=\"Logo Conducir Colombia\" srcset=\"https:\/\/conducircolombia.com\/cea\/wp-content\/uploads\/2025\/02\/Logo-ITDH-500.webp 500w, https:\/\/conducircolombia.com\/cea\/wp-content\/uploads\/2025\/02\/Logo-ITDH-500-300x60.webp 300w\" sizes=\"(max-width: 500px) 100vw, 500px\" \/>\t\t\t\t\t\t\t\t<\/a>\n\t\t\t\t\t\t\t\t\t\t\t\t\t\t\t<\/div>\n\t\t\t\t<\/div>\n\t\t\t\t\t<\/div>\n\t\t<\/div>\n\t\t\t\t<div class=\"elementor-column elementor-col-50 elementor-inner-column elementor-element elementor-element-55703a5\" data-id=\"55703a5\" data-element_type=\"column\">\n\t\t\t<div class=\"elementor-widget-wrap elementor-element-populated\">\n\t\t\t\t\t\t<div class=\"elementor-element elementor-element-ad19633 elementor-widget__width-initial elementor-widget elementor-widget-text-editor\" data-id=\"ad19633\" data-element_type=\"widget\" data-widget_type=\"text-editor.default\">\n\t\t\t\t<div class=\"elementor-widget-container\">\n\t\t\t\t\t\t\t\t\t<h6 style=\"text-align: left;\">Organismo de Apoyo al Tr\u00e1nsito<\/h6><ul><li><h6>Min Transporte Res. 1347\/13<\/h6><\/li><li><h6>Educaci\u00f3n Res. 14024\/11<\/h6><\/li><\/ul>\t\t\t\t\t\t\t\t<\/div>\n\t\t\t\t<\/div>\n\t\t\t\t\t<\/div>\n\t\t<\/div>\n\t\t\t\t\t<\/div>\n\t\t<\/section>\n\t\t\t\t\t<\/div>\n\t\t<\/div>\n\t\t\t\t\t<\/div>\n\t\t<\/section>\n\t\t\t\t<section class=\"elementor-section elementor-top-section elementor-element elementor-element-e0d266d elementor-section-boxed elementor-section-height-default elementor-section-height-default\" data-id=\"e0d266d\" data-element_type=\"section\" data-settings=\"{&quot;background_background&quot;:&quot;classic&quot;}\">\n\t\t\t\t\t\t<div class=\"elementor-container elementor-column-gap-default\">\n\t\t\t\t\t<div class=\"elementor-column elementor-col-100 elementor-top-column elementor-element elementor-element-7b92500\" data-id=\"7b92500\" data-element_type=\"column\">\n\t\t\t<div class=\"elementor-widget-wrap elementor-element-populated\">\n\t\t\t\t\t\t<div class=\"elementor-element elementor-element-6e17f3a elementor-align-left elementor-widget elementor-widget-button\" data-id=\"6e17f3a\" data-element_type=\"widget\" data-widget_type=\"button.default\">\n\t\t\t\t<div class=\"elementor-widget-container\">\n\t\t\t\t\t\t\t\t\t<div class=\"elementor-button-wrapper\">\n\t\t\t\t\t<a class=\"elementor-button elementor-button-link elementor-size-sm\" href=\"https:\/\/conducircolombia.com\/cea\/codigo-de-transito-indice\/\">\n\t\t\t\t\t\t<span class=\"elementor-button-content-wrapper\">\n\t\t\t\t\t\t\t\t\t<span class=\"elementor-button-text\">\u00cdNDICE<\/span>\n\t\t\t\t\t<\/span>\n\t\t\t\t\t<\/a>\n\t\t\t\t<\/div>\n\t\t\t\t\t\t\t\t<\/div>\n\t\t\t\t<\/div>\n\t\t\t\t<div class=\"elementor-element elementor-element-e7f9f1b elementor-widget elementor-widget-text-editor\" data-id=\"e7f9f1b\" data-element_type=\"widget\" data-widget_type=\"text-editor.default\">\n\t\t\t\t<div class=\"elementor-widget-container\">\n\t\t\t\t\t\t\t\t\t<h2 style=\"text-align: center;\"><strong>Comprendiendo el C\u00f3digo Nacional de Tr\u00e1nsito:<\/strong><\/h2><h2 style=\"text-align: center;\"><strong> Un Viaje por la Ley 769 de 2002<\/strong><\/h2>\t\t\t\t\t\t\t\t<\/div>\n\t\t\t\t<\/div>\n\t\t\t\t<div class=\"elementor-element elementor-element-8b92905 elementor-widget elementor-widget-text-editor\" data-id=\"8b92905\" data-element_type=\"widget\" data-widget_type=\"text-editor.default\">\n\t\t\t\t<div class=\"elementor-widget-container\">\n\t\t\t\t\t\t\t\t\t<p style=\"font-weight: 400; text-align: center;\"><b><strong>T\u00cdTULO<\/strong><\/b>\u00a0<b><strong>2<\/strong><\/b><\/p><p style=\"font-weight: 400; text-align: center;\"><b>CAPITULO<\/b>\u00a0<b>3<\/b><\/p><p style=\"font-weight: 400; text-align: center;\"><b>VEH\u00cdCULOS<\/b><\/p>\t\t\t\t\t\t\t\t<\/div>\n\t\t\t\t<\/div>\n\t\t\t\t<div class=\"elementor-element elementor-element-bfb0069 elementor-widget elementor-widget-text-editor\" data-id=\"bfb0069\" data-element_type=\"widget\" data-widget_type=\"text-editor.default\">\n\t\t\t\t<div class=\"elementor-widget-container\">\n\t\t\t\t\t\t\t\t\t<h2 style=\"text-align: center;\">\ud83d\ude97 <strong>Regulaci\u00f3n de Veh\u00edculos en Colombia:<\/strong><\/h2><h2 style=\"text-align: center;\"><strong> Todo lo que necesitas saber<\/strong><\/h2>\t\t\t\t\t\t\t\t<\/div>\n\t\t\t\t<\/div>\n\t\t\t\t\t<\/div>\n\t\t<\/div>\n\t\t\t\t\t<\/div>\n\t\t<\/section>\n\t\t\t\t<section class=\"elementor-section elementor-top-section elementor-element elementor-element-7913a35 elementor-section-boxed elementor-section-height-default elementor-section-height-default\" data-id=\"7913a35\" data-element_type=\"section\">\n\t\t\t\t\t\t<div class=\"elementor-container elementor-column-gap-default\">\n\t\t\t\t\t<div class=\"elementor-column elementor-col-100 elementor-top-column elementor-element elementor-element-e23f658\" data-id=\"e23f658\" data-element_type=\"column\">\n\t\t\t<div class=\"elementor-widget-wrap elementor-element-populated\">\n\t\t\t\t\t\t<section class=\"elementor-section elementor-inner-section elementor-element elementor-element-82c5343 elementor-section-boxed elementor-section-height-default elementor-section-height-default\" data-id=\"82c5343\" data-element_type=\"section\">\n\t\t\t\t\t\t<div class=\"elementor-container elementor-column-gap-default\">\n\t\t\t\t\t<div class=\"elementor-column elementor-col-50 elementor-inner-column elementor-element elementor-element-6786620\" data-id=\"6786620\" data-element_type=\"column\">\n\t\t\t<div class=\"elementor-widget-wrap elementor-element-populated\">\n\t\t\t\t\t\t<div class=\"elementor-element elementor-element-7dd3b53 elementor-widget elementor-widget-image\" data-id=\"7dd3b53\" data-element_type=\"widget\" data-widget_type=\"image.default\">\n\t\t\t\t<div class=\"elementor-widget-container\">\n\t\t\t\t\t\t\t\t\t\t\t\t\t\t\t<img decoding=\"async\" width=\"612\" height=\"408\" src=\"https:\/\/conducircolombia.com\/cea\/wp-content\/uploads\/2025\/02\/carros-runt.webp\" class=\"attachment-large size-large wp-image-11625\" alt=\"carros runt\" srcset=\"https:\/\/conducircolombia.com\/cea\/wp-content\/uploads\/2025\/02\/carros-runt.webp 612w, https:\/\/conducircolombia.com\/cea\/wp-content\/uploads\/2025\/02\/carros-runt-300x200.webp 300w\" sizes=\"(max-width: 612px) 100vw, 612px\" \/>\t\t\t\t\t\t\t\t\t\t\t\t\t\t\t<\/div>\n\t\t\t\t<\/div>\n\t\t\t\t\t<\/div>\n\t\t<\/div>\n\t\t\t\t<div class=\"elementor-column elementor-col-50 elementor-inner-column elementor-element elementor-element-28a4fc6\" data-id=\"28a4fc6\" data-element_type=\"column\">\n\t\t\t<div class=\"elementor-widget-wrap elementor-element-populated\">\n\t\t\t\t\t\t<div class=\"elementor-element elementor-element-271d72e elementor-widget elementor-widget-text-editor\" data-id=\"271d72e\" data-element_type=\"widget\" data-widget_type=\"text-editor.default\">\n\t\t\t\t<div class=\"elementor-widget-container\">\n\t\t\t\t\t\t\t\t\t<p>En Colombia, los veh\u00edculos deben cumplir con <strong>normas espec\u00edficas<\/strong> para poder circular de manera segura y en armon\u00eda con el medio ambiente.<\/p><p>En este art\u00edculo te explicamos de manera sencilla las principales reglas establecidas en el <strong>Cap\u00edtulo III del C\u00f3digo Nacional de Tr\u00e1nsito<\/strong>, desde <strong>requisitos mec\u00e1nicos y t\u00e9cnicos<\/strong>, hasta <strong>dimensiones permitidas y equipos de seguridad obligatorios<\/strong>. \u00a1Acomp\u00e1\u00f1anos en este recorrido! \ud83d\udea6\ud83d\udcdc<\/p>\t\t\t\t\t\t\t\t<\/div>\n\t\t\t\t<\/div>\n\t\t\t\t<div class=\"elementor-element elementor-element-bf0314a elementor-widget elementor-widget-html\" data-id=\"bf0314a\" data-element_type=\"widget\" data-widget_type=\"html.default\">\n\t\t\t\t<div class=\"elementor-widget-container\">\n\t\t\t\t\t<style>\r\n\/* Estilos para el pop-up *\/\r\n.youtube-popup-overlay {\r\n    position: fixed;\r\n    top: 0;\r\n    left: 0;\r\n    width: 100%;\r\n    height: 100%;\r\n    background: rgba(0, 0, 0, 0.7); \/* Fondo oscuro semi-transparente *\/\r\n    display: none; \/* Oculto por defecto *\/\r\n    justify-content: center; \/* Centrar horizontalmente *\/\r\n    align-items: center; \/* Centrar verticalmente *\/\r\n    z-index: 9999; \/* Asegura que est\u00e9 por encima de otros elementos *\/\r\n    \/* Esto asegura que el contenido no se desplace al abrir el popup *\/\r\n    overflow-y: auto;\r\n}\r\n\r\n.youtube-popup-content {\r\n    background: #fff; \/* Fondo del contenido del pop-up (opcional) *\/\r\n    padding: 20px;\r\n    position: relative;\r\n    max-width: 800px; \/* Ajusta el ancho m\u00e1ximo del video\/pop-up *\/\r\n    width: 90%; \/* Ancho relativo *\/\r\n    box-shadow: 0 0 20px rgba(0, 0, 0, 0.3);\r\n    box-sizing: border-box; \/* Incluye padding y borde en el ancho\/alto *\/\r\n}\r\n\r\n.youtube-popup-close {\r\n    position: absolute;\r\n    top: 10px;\r\n    right: 10px;\r\n    font-size: 20px;\r\n    font-weight: bold;\r\n    color: #aaa;\r\n    cursor: pointer;\r\n    z-index: 10000; \/* Asegura que el bot\u00f3n de cerrar est\u00e9 por encima del video *\/\r\n}\r\n\r\n.youtube-popup-close:hover {\r\n    color: #555;\r\n}\r\n\r\n\/* Estilos para el contenedor del video (aspect ratio 16:9) *\/\r\n.video-container {\r\n    position: relative;\r\n    padding-bottom: 56.25%; \/* 16:9 aspect ratio *\/\r\n    height: 0;\r\n    overflow: hidden;\r\n    max-width: 100%;\r\n    background: #000; \/* Fondo negro mientras carga *\/\r\n    margin-top: 10px; \/* Espacio por si el bot\u00f3n cerrar est\u00e1 muy cerca *\/\r\n}\r\n\r\n.video-container iframe {\r\n    position: absolute;\r\n    top: 0;\r\n    left: 0;\r\n    width: 100%;\r\n    height: 100%;\r\n}\r\n\r\n\/* Estilos para la imagen clickable *\/\r\n.clickable-image {\r\n    cursor: pointer;\r\n    max-width: 100%; \/* Para que la imagen sea responsive *\/\r\n    height: auto;\r\n    display: block; \/* Ayuda a evitar espacio extra debajo de la imagen *\/\r\n}\r\n<\/style>\r\n\r\n<img decoding=\"async\" src=\"https:\/\/conducircolombia.com\/cea\/wp-content\/uploads\/2025\/02\/youtube-1-300x160.webp\r\n\" alt=\"Haz clic para ver el video\" class=\"clickable-image\" data-youtube-id=\"AIHcmCDZB3c\">\r\n\r\n<div class=\"youtube-popup-overlay\">\r\n    <div class=\"youtube-popup-content\">\r\n        <span class=\"youtube-popup-close\">\u00d7<\/span>\r\n        <div class=\"video-container\">\r\n            <iframe src=\"\" frameborder=\"0\" allow=\"accelerometer; autoplay; clipboard-write; encrypted-media; gyroscope; picture-in-picture\" allowfullscreen><\/iframe>\r\n        <\/div>\r\n    <\/div>\r\n<\/div>\r\n\r\n<script>\r\ndocument.addEventListener('DOMContentLoaded', function() {\r\n    const image = document.querySelector('.clickable-image');\r\n    const popupOverlay = document.querySelector('.youtube-popup-overlay');\r\n    const closeButton = document.querySelector('.youtube-popup-close');\r\n    const iframe = document.querySelector('.youtube-popup-content iframe');\r\n\r\n    \/\/ Funci\u00f3n para abrir el pop-up\r\n    if(image && popupOverlay && closeButton && iframe) { \/\/ Verifica que los elementos existan\r\n        image.addEventListener('click', function() {\r\n            const youtubeId = this.getAttribute('data-youtube-id');\r\n            if (youtubeId) {\r\n                \/\/ *** MODIFICACI\u00d3N AQU\u00cd: A\u00f1adido '&rel=0' ***\r\n                iframe.src = 'https:\/\/www.youtube.com\/embed\/' + youtubeId + '?autoplay=1&rel=0'; \/\/ Autoplay y solo videos del mismo canal\r\n                popupOverlay.style.display = 'flex'; \/\/ Muestra el pop-up (usando flexbox para centrar)\r\n            }\r\n        });\r\n\r\n        \/\/ Funci\u00f3n para cerrar el pop-up\r\n        function closePopup() {\r\n            iframe.src = ''; \/\/ Detiene el video al cerrar (vac\u00eda el src)\r\n            popupOverlay.style.display = 'none'; \/\/ Oculta el pop-up\r\n        }\r\n\r\n        \/\/ Cerrar al hacer clic en el bot\u00f3n de cerrar\r\n        closeButton.addEventListener('click', closePopup);\r\n\r\n        \/\/ Cerrar al hacer clic fuera del contenido del pop-up (en el overlay)\r\n        \/\/ Usamos currentTarget para asegurar que solo cierre si se clica DIRECTAMENTE en el overlay\r\n        popupOverlay.addEventListener('click', function(event) {\r\n            if (event.target === event.currentTarget) {\r\n                closePopup();\r\n            }\r\n        });\r\n\r\n        \/\/ Opcional: Cerrar con la tecla Escape\r\n        document.addEventListener('keydown', function(event) {\r\n             if (event.key === 'Escape' && popupOverlay.style.display === 'flex') {\r\n                closePopup();\r\n            }\r\n        });\r\n    } else {\r\n        console.error(\"Alguno de los elementos HTML necesarios no se encontr\u00f3.\");\r\n    }\r\n});\r\n<\/script>\t\t\t\t<\/div>\n\t\t\t\t<\/div>\n\t\t\t\t\t<\/div>\n\t\t<\/div>\n\t\t\t\t\t<\/div>\n\t\t<\/section>\n\t\t\t\t<div class=\"elementor-element elementor-element-ba4b856 elementor-widget__width-initial elementor-widget elementor-widget-text-editor\" data-id=\"ba4b856\" data-element_type=\"widget\" data-widget_type=\"text-editor.default\">\n\t\t\t\t<div class=\"elementor-widget-container\">\n\t\t\t\t\t\t\t\t\t<h2><strong>\ud83d\udccc Requisitos para que un veh\u00edculo pueda circular en Colombia<\/strong><\/h2><p>El <strong>Art\u00edculo 27<\/strong> establece que <strong>todos los veh\u00edculos que circulen por el pa\u00eds deben cumplir con las normas de tr\u00e1nsito terrestre<\/strong>. Esto incluye <strong>requisitos generales, condiciones mec\u00e1nicas y t\u00e9cnicas<\/strong> que aseguren <strong>seguridad, higiene y comodidad<\/strong> en la v\u00eda.<\/p><p>\ud83d\udce2 <strong>Dato clave:<\/strong> Tambi\u00e9n se regulan aspectos como <strong>peso y dimensiones<\/strong>, garantizando que los veh\u00edculos sean adecuados para la infraestructura vial del pa\u00eds.<\/p><h2><strong>\ud83d\udd04 Cambio de servicio de los veh\u00edculos: \u00bfEs posible?<\/strong><\/h2><p>El <strong>C\u00f3digo Nacional de Tr\u00e1nsito<\/strong> permite que ciertos veh\u00edculos cambien su <strong>servicio de particular a p\u00fablico<\/strong>. Esto aplica solo para:<\/p><p>\u2714 <strong>Volquetas.<\/strong><br \/>\u2714 <strong>Camperos.<\/strong><br \/>\u2714 <strong>Veh\u00edculos de carga de dos ejes de hasta cuatro toneladas.<\/strong><\/p><p>\ud83d\udccc <strong>Condiciones para el cambio:<\/strong><\/p><p>\ud83d\udd39 Debe ser en <strong>zonas rurales o de dif\u00edcil acceso<\/strong> donde no haya suficiente oferta de transporte.<br \/>\ud83d\udd39 No puede haber empresas de transporte habilitadas que presten el servicio.<br \/>\ud83d\udd39 El cambio <strong>solo es permitido en casos espec\u00edficos<\/strong> y est\u00e1 sujeto a reglamentaci\u00f3n del Ministerio de Transporte.<\/p><p>\ud83d\udea8 <strong>\u00a1Importante!<\/strong> No se puede cambiar la <strong>clase<\/strong> del veh\u00edculo. Es decir, un autom\u00f3vil particular <strong>no puede convertirse en una moto o en un cami\u00f3n.<\/strong><\/p><h2><strong>\ud83d\udea6 Condiciones mec\u00e1nicas y ambientales para transitar<\/strong><\/h2><p>El <strong>Art\u00edculo 28<\/strong> exige que todo veh\u00edculo en circulaci\u00f3n garantice el <strong>correcto funcionamiento<\/strong> de los siguientes sistemas:<\/p><p>\u2714 <strong>Frenos.<\/strong><br \/>\u2714 <strong>Sistema de direcci\u00f3n.<\/strong><br \/>\u2714 <strong>Sistema de suspensi\u00f3n.<\/strong><br \/>\u2714 <strong>Se\u00f1ales visuales y audibles (luces y bocina).<\/strong><br \/>\u2714 <strong>Escape de gases en \u00f3ptimas condiciones.<\/strong><br \/>\u2714 <strong>Llantas en buen estado.<\/strong><br \/>\u2714 <strong>Vidrios de seguridad y espejos bien instalados.<\/strong><\/p><p>\ud83d\udccc <strong>Control sobre veh\u00edculos de servicio p\u00fablico:<\/strong><\/p><p>\ud83d\udd39 Las autoridades verificar\u00e1n que los dispositivos de cobro en taxis y buses funcionen correctamente.<br \/>\ud83d\udd39 Se implement\u00f3 un <strong>centro de llamadas gratuito<\/strong> para reportar infracciones de tr\u00e1nsito cometidas por veh\u00edculos de transporte p\u00fablico.<br \/>\ud83d\udd39 Todo veh\u00edculo de servicio p\u00fablico debe <strong>tener visible su placa en los costados y en el techo<\/strong>.<\/p><p>\ud83d\udea8 <strong>Recuerda:<\/strong> Las autoridades de tr\u00e1nsito pueden inmovilizar cualquier veh\u00edculo que no cumpla con estas condiciones.<\/p><h2><strong>\ud83d\udccf Dimensiones y pesos permitidos<\/strong><\/h2><p>\ud83d\udccc <strong>El Art\u00edculo 29<\/strong> establece que los veh\u00edculos deben cumplir con <strong>l\u00edmites de peso y dimensiones<\/strong> definidos por el <strong>Ministerio de Transporte<\/strong>, bas\u00e1ndose en normas t\u00e9cnicas nacionales e internacionales.<\/p><p>\ud83d\ude9b <strong>\u00bfPor qu\u00e9 es importante?<\/strong><br \/>\u2714 Evita da\u00f1os en puentes y carreteras.<br \/>\u2714 Reduce el riesgo de accidentes por sobrecarga.<br \/>\u2714 Protege la vida de conductores y peatones.<\/p><p>\ud83d\udce2 <strong>Dato clave:<\/strong> Si un veh\u00edculo supera los pesos o dimensiones permitidas, <strong>debe solicitar un permiso especial<\/strong> para circular.<\/p><h2><strong>\ud83d\uded1 Equipo de seguridad obligatorio en los veh\u00edculos<\/strong><\/h2><p>El <strong>Art\u00edculo 30<\/strong> detalla los elementos de seguridad que <strong>todo veh\u00edculo<\/strong> debe portar para circular en Colombia.<\/p><p>\ud83d\udccc <strong>Equipos obligatorios:<\/strong><\/p><p>\ud83d\udd39 <strong>Un gato<\/strong> con capacidad para elevar el veh\u00edculo.<br \/>\ud83d\udd39 <strong>Una cruceta.<\/strong><br \/>\ud83d\udd39 <strong>Dos se\u00f1ales de carretera en forma de tri\u00e1ngulo reflectivo.<\/strong><br \/>\ud83d\udd39 <strong>Un botiqu\u00edn de primeros auxilios.<\/strong><br \/>\ud83d\udd39 <strong>Un extintor.<\/strong><br \/>\ud83d\udd39 <strong>Dos tacos para bloquear el veh\u00edculo en caso de emergencia.<\/strong><br \/>\ud83d\udd39 <strong>Caja de herramientas b\u00e1sica<\/strong> (alicates, destornilladores, llaves fijas y llave de expansi\u00f3n).<br \/>\ud83d\udd39 <strong>Llanta de repuesto.<\/strong><br \/>\ud83d\udd39 <strong>Linterna.<\/strong><\/p><p>\ud83d\udce2 <strong>Dato importante:<\/strong> Est\u00e1 prohibido circular con <strong>defensas r\u00edgidas no originales<\/strong> del fabricante.<\/p><p>\ud83d\udea8 <strong>\u00a1Consejo!<\/strong> Antes de salir a la carretera, revisa que tu veh\u00edculo tenga estos elementos para evitar sanciones y garantizar tu seguridad.<\/p><h2><strong>\ud83d\ude8d Seguridad en el transporte p\u00fablico de pasajeros<\/strong><\/h2><p>\ud83d\udccc <strong>Salida de emergencia obligatoria<\/strong><\/p><p>El <strong>Art\u00edculo 31<\/strong> establece que <strong>todos los veh\u00edculos de transporte p\u00fablico colectivo<\/strong> deben contar con <strong>m\u00ednimo una salida de emergencia en cada costado<\/strong>.<\/p><p>\ud83d\udce2 <strong>Importante:<\/strong> El Ministerio de Transporte define las caracter\u00edsticas t\u00e9cnicas de estas salidas para garantizar la seguridad de los pasajeros en caso de accidente.<\/p><h2><strong>\ud83d\udce6 Reglas para el transporte de carga<\/strong><\/h2><p>\ud83d\udccc <strong>Art\u00edculo 32:<\/strong> <strong>Las mercanc\u00edas transportadas deben estar correctamente embaladas, rotuladas y aseguradas<\/strong> para evitar accidentes y da\u00f1os ambientales.<\/p><p>\u2714 <strong>Los contenedores deben llevar dispositivos especiales de sujeci\u00f3n.<\/strong><br \/>\u2714 <strong>Las autoridades de tr\u00e1nsito pueden verificar la correcta manipulaci\u00f3n de la carga.<\/strong><\/p><p>\ud83d\udce2 <strong>Dato clave:<\/strong> El Ministerio de Transporte expide permisos especiales para transportar <strong>cargas indivisibles, extrapesadas y extradimensionadas<\/strong>.<\/p><h2><strong>\ud83c\udfaf Conclusi\u00f3n: Cumple las normas y evita sanciones<\/strong><\/h2><p>El <strong>C\u00f3digo Nacional de Tr\u00e1nsito<\/strong> establece reglas claras para la circulaci\u00f3n de veh\u00edculos en Colombia, garantizando <strong>seguridad vial, protecci\u00f3n ambiental y control del transporte de carga y pasajeros<\/strong>.<\/p><p>\ud83d\ude97 <strong>Si eres conductor, recuerda:<\/strong><\/p><p>\u2714 Mant\u00e9n tu veh\u00edculo en <strong>\u00f3ptimas condiciones mec\u00e1nicas y ambientales.<\/strong><br \/>\u2714 <strong>Lleva siempre el equipo de seguridad obligatorio.<\/strong><br \/>\u2714 Si transportas carga, <strong>aseg\u00farala correctamente<\/strong> para evitar sanciones.<br \/>\u2714 Si tienes un taxi o un bus, <strong>cumple con las normativas de identificaci\u00f3n y seguridad.<\/strong><\/p><p>\ud83d\udce2 <strong>\u00a1La seguridad vial es responsabilidad de todos!<\/strong> Conducir un veh\u00edculo en buen estado y respetar las normas reduce los accidentes y mejora la movilidad en el pa\u00eds.<\/p><h3><strong>\ud83d\udce2 \u00bfTienes preguntas sobre las regulaciones de veh\u00edculos en Colombia? D\u00e9jalas en los comentarios y sigamos aprendiendo juntos.<\/strong><\/h3><p>\ud83d\udcf2 <strong>Comparte esta informaci\u00f3n<\/strong> para que m\u00e1s personas conozcan las normas de tr\u00e1nsito y eviten sanciones. \u00a1Juntos podemos hacer de las carreteras un lugar m\u00e1s seguro! \ud83d\ude97\ud83d\udee3\ufe0f<\/p>\t\t\t\t\t\t\t\t<\/div>\n\t\t\t\t<\/div>\n\t\t\t\t<div class=\"elementor-element elementor-element-f3b5926 elementor-align-left elementor-widget elementor-widget-button\" data-id=\"f3b5926\" data-element_type=\"widget\" data-widget_type=\"button.default\">\n\t\t\t\t<div class=\"elementor-widget-container\">\n\t\t\t\t\t\t\t\t\t<div class=\"elementor-button-wrapper\">\n\t\t\t\t\t<a class=\"elementor-button elementor-button-link elementor-size-sm\" href=\"https:\/\/conducircolombia.com\/cea\/codigo-de-transito-indice\/\">\n\t\t\t\t\t\t<span class=\"elementor-button-content-wrapper\">\n\t\t\t\t\t\t\t\t\t<span class=\"elementor-button-text\">\u00cdNDICE<\/span>\n\t\t\t\t\t<\/span>\n\t\t\t\t\t<\/a>\n\t\t\t\t<\/div>\n\t\t\t\t\t\t\t\t<\/div>\n\t\t\t\t<\/div>\n\t\t\t\t<div class=\"elementor-element elementor-element-8e73162 elementor-widget elementor-widget-heading\" data-id=\"8e73162\" data-element_type=\"widget\" data-widget_type=\"heading.default\">\n\t\t\t\t<div class=\"elementor-widget-container\">\n\t\t\t\t\t<h2 class=\"elementor-heading-title elementor-size-default\">Texto del c\u00f3digo:<\/h2>\t\t\t\t<\/div>\n\t\t\t\t<\/div>\n\t\t\t\t<div class=\"elementor-element elementor-element-2832943 elementor-widget__width-initial elementor-widget elementor-widget-text-editor\" data-id=\"2832943\" data-element_type=\"widget\" data-widget_type=\"text-editor.default\">\n\t\t\t\t<div class=\"elementor-widget-container\">\n\t\t\t\t\t\t\t\t\t<p style=\"font-weight: 400;\"><b>CAPITULO<\/b>\u00a0<b>3<\/b><\/p><p style=\"font-weight: 400;\"><b>VEH\u00cdCULOS<\/b><\/p><p style=\"font-weight: 400;\"><b><strong>ART\u00cdCULO<\/strong><\/b>\u00a0<b><strong>27.\u00a0<\/strong><\/b><a href=\"https:\/\/www.alcaldiabogota.gov.co\/sisjur\/normas\/Norma1.jsp?i=80827#1\">Reglamentado por el art. 1, Resoluci\u00f3n 3257 de 2018, Ministerio de Transporte.<\/a><b><strong>\u00a0CONDICIONES DE CAMBIO DE SERVICIO.<\/strong><\/b>\u00a0Todos los veh\u00edculos que circulen por el territorio nacional deben someterse a las normas que sobre tr\u00e1nsito terrestre determine este C\u00f3digo. Estos deben cumplir con los requisitos generales y las condiciones mec\u00e1nicas y t\u00e9cnicas que propendan a la seguridad, la higiene y comodidad dentro de los reglamentos correspondientes sobre peso y dimensiones.<\/p><p style=\"font-weight: 400;\"><b><strong>Par\u00e1grafo<\/strong><\/b>\u00a0<b><strong>1.<\/strong><\/b>\u00a0<a href=\"https:\/\/www.alcaldiabogota.gov.co\/sisjur\/normas\/Norma1.jsp?i=14293#1\">Modificado por el art. 1, Ley 903 de 2004.<\/a>\u00a0&lt;<em>El nuevo texto es el siguiente<\/em>&gt;\u00a0El Ministerio de Transporte determinar\u00e1 un per\u00edodo no mayor de seis (6) meses, en el cual se permitir\u00e1 el cambio de servicio particular a p\u00fablico de los veh\u00edculos tipo volqueta, camperos y veh\u00edculos de carga de dos (2) ejes hasta de cuatro (4) toneladas.<\/p><p style=\"font-weight: 400;\">El Ministerio de Transporte reglamentar\u00e1 en un t\u00e9rmino de sesenta (60) d\u00edas, a partir de la promulgaci\u00f3n de la presente ley, el cambio de servicio de particular a p\u00fablico, teniendo en cuenta las siguientes consideraciones:<\/p><ol><li>Por ser zonas rurales o suburbanas de dif\u00edcil acceso para el servicio de carga y pasajeros por parte de empresas habilitadas por el Ministerio de Transporte.<\/li><li>Por tratarse de un servicio que es debidamente atendido por empresas habilitadas para ese tipo de transporte.<\/li><li>En el caso de transporte, que por sus caracter\u00edsticas requieran un tipo especial de veh\u00edculos.<\/li><\/ol><p style=\"font-weight: 400;\">En ning\u00fan caso se podr\u00e1 cambiar de clase un veh\u00edculo automotor.<\/p><p style=\"font-weight: 400;\"><a href=\"https:\/\/www.alcaldiabogota.gov.co\/sisjur\/normas\/Norma1.jsp?i=5226\">Ver Resoluci\u00f3n 7730 de 2002, Ministerio de Transporte.<\/a><\/p><p style=\"font-weight: 400;\"><b><strong>ART\u00cdCULO\u00a028.\u00a0<\/strong><\/b><a href=\"https:\/\/www.alcaldiabogota.gov.co\/sisjur\/normas\/Norma1.jsp?i=39180#8\">Modificado por el art. 8, Ley 1383 de 2010.<\/a>\u00a0&lt;<em>El nuevo texto es el siguiente<\/em>&gt;\u00a0<b><strong>CONDICIONES TECNOMEC\u00c1NICAS, DE EMISIONES CONTAMINANTES Y DE OPERACI\u00d3N.<\/strong><\/b><b><strong>\u00a0<\/strong><\/b>Para que un veh\u00edculo pueda transitar por el Territorio Nacional, debe garantizar como m\u00ednimo un perfecto funcionamiento de frenos, del sistema de direcci\u00f3n, del sistema de suspensi\u00f3n, del sistema de se\u00f1ales visuales y audibles permitidas y del sistema de escape de gases; y demostrar un estado adecuado de llantas, del conjunto de vidrios de seguridad y de los espejos y cumplir con las normas de emisiones contaminantes que establezcan las autoridades ambientales.<\/p><p style=\"font-weight: 400;\"><b><strong>Par\u00e1grafo<\/strong><\/b>\u00a0<b><strong>1.\u00a0<\/strong><\/b>Las autoridades de tr\u00e1nsito ejercer\u00e1n en los veh\u00edculos de servicio p\u00fablico de transporte, un control y verificaci\u00f3n del correcto funcionamiento y calibraci\u00f3n de los dispositivos utilizados para el cobro en la prestaci\u00f3n de un servicio p\u00fablico.<\/p><p style=\"font-weight: 400;\"><b><strong>Par\u00e1grafo<\/strong><\/b>\u00a0<b><strong>2.\u00a0<\/strong><\/b>La Superintendencia de Puertos y Transporte, contratar\u00e1 los servicios de un centro de llamadas, el cual estar\u00e1 bajo su vigilancia, inspecci\u00f3n y control, mediante el cual cualquier persona podr\u00e1 reportar la comisi\u00f3n de infracciones de tr\u00e1nsito, o la violaci\u00f3n al r\u00e9gimen de sanciones por parte de las empresas de servicio p\u00fablico de transporte terrestre automotor. Las llamadas no tendr\u00e1n costo alguno. Los costos de dicho servicio ser\u00e1n sufragados por las empresas de servicio p\u00fablico de transporte automotor en proporci\u00f3n al n\u00famero de veh\u00edculos vinculados.<\/p><p style=\"font-weight: 400;\">Con dicho prop\u00f3sito, los veh\u00edculos de servicio p\u00fablico y oficial, de manera obligatoria deber\u00e1n llevar un aviso visible tanto en el interior como en el exterior en el que se se\u00f1ale el n\u00famero telef\u00f3nico correspondiente al centro de llamadas antes indicado.<\/p><p style=\"font-weight: 400;\">Los veh\u00edculos de servicio p\u00fablico deber\u00e1n llevar adem\u00e1s marcado en los costados y en el techo el n\u00famero de la placa seg\u00fan normas que profiera el Ministerio de Transporte.<\/p><p style=\"font-weight: 400;\">Las obligaciones previstas en este art\u00edculo y la contrataci\u00f3n de los servicios del centro de llamadas deber\u00e1n implementarse en un t\u00e9rmino no mayor de un (1) a\u00f1o contado a partir de la fecha de promulgaci\u00f3n de la presente ley.<\/p><p style=\"font-weight: 400;\"><b><strong>ART\u00cdCULO<\/strong><\/b>\u00a0<b><strong>29. DIMENSIONES Y PESOS<\/strong><\/b>. Los veh\u00edculos deber\u00e1n someterse a las dimensiones y pesos, incluida carrocer\u00eda y accesorios, que para tal efecto determine el Ministerio de Transporte, para lo cual debe tener en cuenta la normatividad t\u00e9cnica nacional e internacional.<\/p><p style=\"font-weight: 400;\"><b><strong>ART\u00cdCULO<\/strong><\/b>\u00a0<b><strong>30. EQUIPOS DE PREVENCI\u00d3N Y SEGURIDAD.<\/strong><\/b>\u00a0Ning\u00fan veh\u00edculo podr\u00e1 transitar por las v\u00edas del territorio nacional sin portar el siguiente equipo de carretera como m\u00ednimo.<\/p><ol><li>Un gato con capacidad para elevar el veh\u00edculo.<\/li><li>Una cruceta.<\/li><li>Dos se\u00f1ales de carretera en forma de tri\u00e1ngulo en material reflectivo y provistas de soportes para ser colocadas en forma vertical o l\u00e1mparas de se\u00f1al de luz amarilla intermitentes o de destello.<\/li><li>Un botiqu\u00edn de primeros auxilios.<\/li><li>Un extintor.<\/li><li>Dos tacos para bloquear el veh\u00edculo.<\/li><li>Caja de herramienta b\u00e1sica que como m\u00ednimo deber\u00e1 contener: Alicate, destornilladores, llave de expansi\u00f3n y llaves fijas.<\/li><li>Llanta de repuesto.<\/li><li>Linterna.<\/li><\/ol><p style=\"font-weight: 400;\"><b><strong>Par\u00e1grafo.<\/strong><\/b>\u00a0Ning\u00fan veh\u00edculo podr\u00e1 circular\u00a0<u>por las v\u00edas urbanas<\/u>, portando defensas r\u00edgidas diferentes de las instaladas originalmente por el fabricante.<\/p><p style=\"font-weight: 400;\"><b><strong>Jurisprudencia:<\/strong><\/b><\/p><p style=\"font-weight: 400;\"><b><strong>El texto subrayado, que fue declarado INEXEQUIBLE<\/strong><\/b><b><strong>\u00a0por la\u00a0<\/strong><\/b>\u00a0<b><strong>Sentencia<\/strong><\/b>\u00a0<a href=\"https:\/\/www.alcaldiabogota.gov.co\/sisjur\/normas\/Norma1.jsp?i=28356#0\">C-529<\/a>\u00a0<b><strong>de 2003<\/strong><\/b><b><strong>,\u00a0<\/strong><\/b><b><strong>Corte Constitucional.<\/strong><\/b><\/p><p style=\"font-weight: 400;\"><b><strong>ART\u00cdCULO<\/strong><\/b>\u00a0<b><strong>31. SALIDA DE EMERGENCIA.<\/strong><\/b>\u00a0Todo veh\u00edculo dedicado al transporte colectivo de pasajeros debe tener como m\u00ednimo una salida de emergencia en cada uno de sus costados adicionalmente a las puertas de ascenso de pasajeros. El Ministerio de Transporte definir\u00e1 las caracter\u00edsticas t\u00e9cnicas correspondientes.<\/p><p style=\"font-weight: 400;\"><a href=\"https:\/\/www.alcaldiabogota.gov.co\/sisjur\/normas\/Norma1.jsp?i=9204\">Ver Resoluci\u00f3n 5666 de 2003, Ministerio de Transporte.<\/a><\/p><p style=\"font-weight: 400;\"><b><strong>ART\u00cdCULO<\/strong><\/b>\u00a0<b><strong>32. CONDICIONES DE LA CARGA.<\/strong><\/b>\u00a0La carga de un veh\u00edculo debe estar debidamente empacada, rotulada, embalada y cubierta conforme a la normatividad t\u00e9cnica nacional cuando esta aplique, de acuerdo con las exigencias propias de su naturaleza, de manera que cumpla con las medidas de seguridad vial y la normatividad ambiental. Los contenedores deber\u00e1n llevar dispositivos especiales de sujeci\u00f3n, seg\u00fan lo estipulado por el Ministerio de Transporte.<\/p><p style=\"font-weight: 400;\"><a href=\"https:\/\/www.alcaldiabogota.gov.co\/sisjur\/normas\/Norma1.jsp?i=15253\">Ver Resoluci\u00f3n 9606 de 2003, Ministerio de Transporte.<\/a><\/p><p style=\"font-weight: 400;\"><b><strong>ART\u00cdCULO<\/strong><\/b>\u00a0<b><strong>33. PERMISO PARA CARGA.<\/strong><\/b>\u00a0El Ministerio de Transporte definir\u00e1 lo referente a permisos para transportar cargas indivisibles, extrapesadas y extradimensionadas, as\u00ed como las especificaciones de los veh\u00edculos que realizan esta clase de transporte.<\/p>\t\t\t\t\t\t\t\t<\/div>\n\t\t\t\t<\/div>\n\t\t\t\t<section class=\"elementor-section elementor-inner-section elementor-element elementor-element-99fae4e elementor-section-boxed elementor-section-height-default elementor-section-height-default\" data-id=\"99fae4e\" data-element_type=\"section\">\n\t\t\t\t\t\t<div class=\"elementor-container elementor-column-gap-default\">\n\t\t\t\t\t<div class=\"elementor-column elementor-col-50 elementor-inner-column elementor-element elementor-element-dba91ea\" data-id=\"dba91ea\" data-element_type=\"column\" data-settings=\"{&quot;background_background&quot;:&quot;classic&quot;}\">\n\t\t\t<div class=\"elementor-widget-wrap elementor-element-populated\">\n\t\t\t\t\t\t<div class=\"elementor-element elementor-element-261e0e1 elementor-widget elementor-widget-html\" data-id=\"261e0e1\" data-element_type=\"widget\" data-widget_type=\"html.default\">\n\t\t\t\t<div class=\"elementor-widget-container\">\n\t\t\t\t\t<style>\r\n\/* Estilos para el t\u00edtulo *\/\r\n.widget-title {\r\n  font-size: 24px;\r\n  font-weight: bold;\r\n  color: #fff;\r\n  text-align: center;\r\n  margin-bottom: 20px;\r\n}\r\n\r\n\/* Estilos para el acorde\u00f3n *\/\r\n.accordion {\r\n  background-color: #333;\r\n  color: #fff;\r\n  cursor: pointer;\r\n  padding: 15px;\r\n  width: 100%;\r\n  border: none;\r\n  text-align: left;\r\n  outline: none;\r\n  font-size: 16px;\r\n  transition: background-color 0.3s ease;\r\n  margin-bottom: 5px;\r\n}\r\n\r\n.accordion.active, .accordion:hover {\r\n  background-color: #555;\r\n}\r\n\r\n.panel {\r\n  padding: 0 15px;\r\n  background-color: #222;\r\n  color: #fff;\r\n  max-height: 0;\r\n  overflow: hidden;\r\n  transition: max-height 0.3s ease-out;\r\n  border: 1px solid #444;\r\n  margin-bottom: 10px;\r\n}\r\n\r\n.panel p {\r\n  margin: 10px 0;\r\n  line-height: 1.5;\r\n}\r\n<\/style>\r\n\r\n<!-- T\u00edtulo del widget -->\r\n<h2 class=\"widget-title\">Preguntas basadas en el m\u00e9todo Feynman<\/h2>\r\n\r\n<!-- 1. Requisitos generales para circular -->\r\n<button class=\"accordion\">1. Requisitos generales para circular<\/button>\r\n<div class=\"panel\">\r\n  <p>\ud83d\udd39 <strong>Explica como si ense\u00f1aras a un ni\u00f1o:<\/strong> \u00bfPor qu\u00e9 los veh\u00edculos deben cumplir normas t\u00e9cnicas para circular? Usa una analog\u00eda (ej: \"Es como cuando revisas tu bicicleta antes de usarla para que no se suelte el freno\").<\/p>\r\n  <p>\ud83d\udd39 <strong>Compara y contrasta:<\/strong> Seg\u00fan el Art\u00edculo 28, \u00bfqu\u00e9 sistemas del veh\u00edculo son m\u00e1s cr\u00edticos para la seguridad (ej: frenos vs. bocina)? \u00bfPor qu\u00e9?<\/p>\r\n  <p>\ud83d\udd39 <strong>Identifica el error:<\/strong> Un conductor dice: \"Mientras mi carro encienda, no importa si el escape contamina\". \u00bfQu\u00e9 art\u00edculo del c\u00f3digo corrige esto y qu\u00e9 riesgo genera?<\/p>\r\n<\/div>\r\n\r\n<!-- 2. Equipos de seguridad y condiciones especiales -->\r\n<button class=\"accordion\">2. Equipos de seguridad y condiciones especiales<\/button>\r\n<div class=\"panel\">\r\n  <p>\ud83d\udd39 <strong>En tus propias palabras:<\/strong> El Art\u00edculo 30 lista 9 elementos obligatorios. \u00bfCu\u00e1les crees que son los 3 m\u00e1s importantes y por qu\u00e9? (Ej: \"El extintor puede salvar vidas en un incendio\").<\/p>\r\n  <p>\ud83d\udd39 <strong>Aplica el concepto:<\/strong> Si transportas carga en una camioneta, \u00bfqu\u00e9 requisitos del Art\u00edculo 32 debes cumplir para evitar multas?<\/p>\r\n  <p>\ud83d\udd39 <strong>Debate Feynman:<\/strong> \"Los taxis no deber\u00edan llevar placa en el techo porque se ve feo\". \u00bfEst\u00e1s de acuerdo? Usa el Art\u00edculo 28 (p\u00e1rrafo 3) para argumentar.<\/p>\r\n<\/div>\r\n\r\n<!-- 3. Transporte p\u00fablico y carga especial -->\r\n<button class=\"accordion\">3. Transporte p\u00fablico y carga especial<\/button>\r\n<div class=\"panel\">\r\n  <p>\ud83d\udd39 <strong>Piensa cr\u00edticamente:<\/strong> El Art\u00edculo 31 exige salidas de emergencia en buses. \u00bfQu\u00e9 pasar\u00eda si un bus choca y solo tiene una puerta funcional? Relaci\u00f3nalo con tragedias reales.<\/p>\r\n  <p>\ud83d\udd39 <strong>Conecta con la realidad:<\/strong> \u00bfHas visto veh\u00edculos con cargas mal aseguradas? Describe el peligro usando el Art\u00edculo 32.<\/p>\r\n  <p>\ud83d\udd39 <strong>Ejercicio de empat\u00eda:<\/strong> Un camionero protesta: \"Los permisos para carga pesada son muy caros\". \u00bfPor qu\u00e9 el Art\u00edculo 33 los hace obligatorios?<\/p>\r\n<\/div>\r\n\r\n<!-- 4. Preguntas de aplicaci\u00f3n pr\u00e1ctica -->\r\n<button class=\"accordion\">4. Preguntas de aplicaci\u00f3n pr\u00e1ctica<\/button>\r\n<div class=\"panel\">\r\n  <p>\ud83d\udd39 <strong>Sintetiza:<\/strong> En menos de 20 palabras, \u00bfcu\u00e1l es el objetivo principal de este cap\u00edtulo?<\/p>\r\n  <p>\ud83d\udd39 <strong>Role-playing:<\/strong> Eres un agente de tr\u00e1nsito. Un turista pregunta: \"\u00bfPuedo manejar mi campero europeo en Colombia?\". Explica qu\u00e9 debe verificar (usa Art\u00edculos 27-29).<\/p>\r\n  <p>\ud83d\udd39 <strong>Dibuja el proceso:<\/strong> Haz un flujograma mostrando los pasos para obtener un permiso de carga extradimensionada (Art\u00edculo 33).<\/p>\r\n<\/div>\r\n\r\n<!-- Bonus: Reflexi\u00f3n profunda -->\r\n<button class=\"accordion\">Bonus: Reflexi\u00f3n profunda<\/button>\r\n<div class=\"panel\">\r\n  <p>\u26a0\ufe0f <strong>Pregunta abierta:<\/strong> Si no existieran l\u00edmites de peso para veh\u00edculos (Art\u00edculo 29), \u00bfqu\u00e9 3 problemas graves surgir\u00edan en las carreteras?<\/p>\r\n<\/div>\r\n\r\n<script>\r\n\/\/ C\u00f3digo JavaScript para el comportamiento del acorde\u00f3n\r\nvar acc = document.getElementsByClassName(\"accordion\");\r\nfor (var i = 0; i < acc.length; i++) {\r\n  acc[i].addEventListener(\"click\", function() {\r\n    this.classList.toggle(\"active\");\r\n    var panel = this.nextElementSibling;\r\n    if (panel.style.maxHeight) {\r\n      panel.style.maxHeight = null;\r\n    } else {\r\n      panel.style.maxHeight = panel.scrollHeight + \"px\";\r\n    }\r\n  });\r\n}\r\n<\/script>\r\n\t\t\t\t<\/div>\n\t\t\t\t<\/div>\n\t\t\t\t\t<\/div>\n\t\t<\/div>\n\t\t\t\t<div class=\"elementor-column elementor-col-50 elementor-inner-column elementor-element elementor-element-86e8ddf\" data-id=\"86e8ddf\" data-element_type=\"column\">\n\t\t\t<div class=\"elementor-widget-wrap elementor-element-populated\">\n\t\t\t\t\t\t<div class=\"elementor-element elementor-element-36ae53a elementor-widget elementor-widget-html\" data-id=\"36ae53a\" data-element_type=\"widget\" data-widget_type=\"html.default\">\n\t\t\t\t<div class=\"elementor-widget-container\">\n\t\t\t\t\t<div id=\"quiz-container\">\r\n    <h2>Comprendiendo el C\u00f3digo Nacional de Tr\u00e1nsito: T\u00edtulo 2 - Cap\u00edtulo 3 - Veh\u00edculos<\/h2>\r\n    <form id=\"quiz-form\">\r\n        <div class=\"question\">\r\n            <p>1. \u00bfQu\u00e9 establece el Art\u00edculo 27 del C\u00f3digo Nacional de Tr\u00e1nsito sobre los veh\u00edculos?<\/p>\r\n            <label><input type=\"radio\" name=\"q1\" value=\"a\"> A) Que los veh\u00edculos deben cumplir con normas de tr\u00e1nsito, condiciones mec\u00e1nicas y t\u00e9cnicas.<\/label>\r\n            <label><input type=\"radio\" name=\"q1\" value=\"b\"> B) Que los veh\u00edculos no necesitan cumplir con normas espec\u00edficas.<\/label>\r\n            <label><input type=\"radio\" name=\"q1\" value=\"c\"> C) Que solo los veh\u00edculos de servicio p\u00fablico deben cumplir normas.<\/label>\r\n        <\/div>\r\n        <div class=\"question\">\r\n            <p>2. \u00bfQu\u00e9 tipo de veh\u00edculos pueden cambiar de servicio particular a p\u00fablico seg\u00fan el Art\u00edculo 27?<\/p>\r\n            <label><input type=\"radio\" name=\"q2\" value=\"a\"> A) Volquetas, camperos y veh\u00edculos de carga de dos ejes hasta cuatro toneladas.<\/label>\r\n            <label><input type=\"radio\" name=\"q2\" value=\"b\"> B) Autom\u00f3viles particulares y motocicletas.<\/label>\r\n            <label><input type=\"radio\" name=\"q2\" value=\"c\"> C) Veh\u00edculos de transporte masivo.<\/label>\r\n        <\/div>\r\n        <div class=\"question\">\r\n            <p>3. \u00bfQu\u00e9 sistemas deben funcionar correctamente para que un veh\u00edculo pueda transitar seg\u00fan el Art\u00edculo 28?<\/p>\r\n            <label><input type=\"radio\" name=\"q3\" value=\"a\"> A) Frenos, direcci\u00f3n, suspensi\u00f3n, se\u00f1ales visuales y audibles, y escape de gases.<\/label>\r\n            <label><input type=\"radio\" name=\"q3\" value=\"b\"> B) Solo el sistema de frenos y direcci\u00f3n.<\/label>\r\n            <label><input type=\"radio\" name=\"q3\" value=\"c\"> C) Solo el sistema de escape de gases.<\/label>\r\n        <\/div>\r\n        <div class=\"question\">\r\n            <p>4. \u00bfQu\u00e9 deben llevar los veh\u00edculos de servicio p\u00fablico seg\u00fan el Art\u00edculo 28?<\/p>\r\n            <label><input type=\"radio\" name=\"q4\" value=\"a\"> A) Un aviso visible con el n\u00famero de placa en los costados y techo.<\/label>\r\n            <label><input type=\"radio\" name=\"q4\" value=\"b\"> B) Un sistema de sonido especial.<\/label>\r\n            <label><input type=\"radio\" name=\"q4\" value=\"c\"> C) Un dispositivo de rastreo GPS.<\/label>\r\n        <\/div>\r\n        <div class=\"question\">\r\n            <p>5. \u00bfQu\u00e9 regula el Art\u00edculo 29 sobre los veh\u00edculos?<\/p>\r\n            <label><input type=\"radio\" name=\"q5\" value=\"a\"> A) Las dimensiones y pesos permitidos.<\/label>\r\n            <label><input type=\"radio\" name=\"q5\" value=\"b\"> B) El color de los veh\u00edculos.<\/label>\r\n            <label><input type=\"radio\" name=\"q5\" value=\"c\"> C) La velocidad m\u00e1xima permitida.<\/label>\r\n        <\/div>\r\n        <div class=\"question\">\r\n            <p>6. \u00bfQu\u00e9 equipo de seguridad es obligatorio seg\u00fan el Art\u00edculo 30?<\/p>\r\n            <label><input type=\"radio\" name=\"q6\" value=\"a\"> A) Gato, cruceta, se\u00f1ales de carretera, botiqu\u00edn, extintor, tacos, caja de herramientas, llanta de repuesto y linterna.<\/label>\r\n            <label><input type=\"radio\" name=\"q6\" value=\"b\"> B) Solo un extintor y un botiqu\u00edn.<\/label>\r\n            <label><input type=\"radio\" name=\"q6\" value=\"c\"> C) Solo una llanta de repuesto y una linterna.<\/label>\r\n        <\/div>\r\n        <div class=\"question\">\r\n            <p>7. \u00bfQu\u00e9 proh\u00edbe el Art\u00edculo 30 en cuanto a las defensas de los veh\u00edculos?<\/p>\r\n            <label><input type=\"radio\" name=\"q7\" value=\"a\"> A) Circular con defensas r\u00edgidas no originales del fabricante.<\/label>\r\n            <label><input type=\"radio\" name=\"q7\" value=\"b\"> B) Circular sin defensas.<\/label>\r\n            <label><input type=\"radio\" name=\"q7\" value=\"c\"> C) Circular con defensas de colores llamativos.<\/label>\r\n        <\/div>\r\n        <div class=\"question\">\r\n            <p>8. \u00bfQu\u00e9 establece el Art\u00edculo 31 sobre los veh\u00edculos de transporte colectivo de pasajeros?<\/p>\r\n            <label><input type=\"radio\" name=\"q8\" value=\"a\"> A) Deben tener al menos una salida de emergencia en cada costado.<\/label>\r\n            <label><input type=\"radio\" name=\"q8\" value=\"b\"> B) Deben tener solo una puerta de ascenso de pasajeros.<\/label>\r\n            <label><input type=\"radio\" name=\"q8\" value=\"c\"> C) No necesitan salidas de emergencia.<\/label>\r\n        <\/div>\r\n        <div class=\"question\">\r\n            <p>9. \u00bfQu\u00e9 condiciones debe cumplir la carga de un veh\u00edculo seg\u00fan el Art\u00edculo 32?<\/p>\r\n            <label><input type=\"radio\" name=\"q9\" value=\"a\"> A) Debe estar debidamente empacada, rotulada, embalada y cubierta.<\/label>\r\n            <label><input type=\"radio\" name=\"q9\" value=\"b\"> B) No necesita cumplir con ninguna condici\u00f3n espec\u00edfica.<\/label>\r\n            <label><input type=\"radio\" name=\"q9\" value=\"c\"> C) Solo debe estar cubierta con una lona.<\/label>\r\n        <\/div>\r\n        <div class=\"question\">\r\n            <p>10. \u00bfQu\u00e9 regula el Art\u00edculo 33 sobre el transporte de carga?<\/p>\r\n            <label><input type=\"radio\" name=\"q10\" value=\"a\"> A) Permisos para transportar cargas indivisibles, extrapesadas y extradimensionadas.<\/label>\r\n            <label><input type=\"radio\" name=\"q10\" value=\"b\"> B) Solo el transporte de carga ligera.<\/label>\r\n            <label><input type=\"radio\" name=\"q10\" value=\"c\"> C) El color de los veh\u00edculos de carga.<\/label>\r\n        <\/div>\r\n        <div class=\"question\">\r\n            <p>11. \u00bfQu\u00e9 sucede si un veh\u00edculo no cumple con las condiciones mec\u00e1nicas y t\u00e9cnicas?<\/p>\r\n            <label><input type=\"radio\" name=\"q11\" value=\"a\"> A) Puede ser inmovilizado por las autoridades de tr\u00e1nsito.<\/label>\r\n            <label><input type=\"radio\" name=\"q11\" value=\"b\"> B) Recibe una multa leve.<\/label>\r\n            <label><input type=\"radio\" name=\"q11\" value=\"c\"> C) No tiene consecuencias.<\/label>\r\n        <\/div>\r\n        <div class=\"question\">\r\n            <p>12. \u00bfQu\u00e9 debe hacer un conductor si su veh\u00edculo supera los pesos o dimensiones permitidos?<\/p>\r\n            <label><input type=\"radio\" name=\"q12\" value=\"a\"> A) Solicitar un permiso especial para circular.<\/label>\r\n            <label><input type=\"radio\" name=\"q12\" value=\"b\"> B) Circular sin ning\u00fan permiso adicional.<\/label>\r\n            <label><input type=\"radio\" name=\"q12\" value=\"c\"> C) No puede circular bajo ninguna circunstancia.<\/label>\r\n        <\/div>\r\n        <div class=\"question\">\r\n            <p>13. \u00bfQu\u00e9 sucede si un veh\u00edculo no lleva el equipo de seguridad obligatorio?<\/p>\r\n            <label><input type=\"radio\" name=\"q13\" value=\"a\"> A) Puede ser sancionado por las autoridades de tr\u00e1nsito.<\/label>\r\n            <label><input type=\"radio\" name=\"q13\" value=\"b\"> B) Recibe una advertencia verbal.<\/label>\r\n            <label><input type=\"radio\" name=\"q13\" value=\"c\"> C) No tiene consecuencias.<\/label>\r\n        <\/div>\r\n        <div class=\"question\">\r\n            <p>14. \u00bfQu\u00e9 deben hacer los veh\u00edculos de servicio p\u00fablico para reportar infracciones?<\/p>\r\n            <label><input type=\"radio\" name=\"q14\" value=\"a\"> A) Llevar un aviso visible con el n\u00famero de un centro de llamadas.<\/label>\r\n            <label><input type=\"radio\" name=\"q14\" value=\"b\"> B) No necesitan hacer nada especial.<\/label>\r\n            <label><input type=\"radio\" name=\"q14\" value=\"c\"> C) Instalar un sistema de c\u00e1maras.<\/label>\r\n        <\/div>\r\n        <div class=\"question\">\r\n            <p>15. \u00bfQu\u00e9 sucede si un veh\u00edculo de transporte p\u00fablico no tiene salidas de emergencia?<\/p>\r\n            <label><input type=\"radio\" name=\"q15\" value=\"a\"> A) Puede ser sancionado y no autorizado para circular.<\/label>\r\n            <label><input type=\"radio\" name=\"q15\" value=\"b\"> B) Recibe una multa leve.<\/label>\r\n            <label><input type=\"radio\" name=\"q15\" value=\"c\"> C) No tiene consecuencias.<\/label>\r\n        <\/div>\r\n        <div class=\"question\">\r\n            <p>16. \u00bfQu\u00e9 sucede si un veh\u00edculo transporta carga sin cumplir las normas de seguridad?<\/p>\r\n            <label><input type=\"radio\" name=\"q16\" value=\"a\"> A) Puede ser sancionado y la carga inmovilizada.<\/label>\r\n            <label><input type=\"radio\" name=\"q16\" value=\"b\"> B) Recibe una advertencia verbal.<\/label>\r\n            <label><input type=\"radio\" name=\"q16\" value=\"c\"> C) No tiene consecuencias.<\/label>\r\n        <\/div>\r\n        <div class=\"question\">\r\n            <p>17. \u00bfQu\u00e9 sucede si un veh\u00edculo no cumple con las normas de emisiones contaminantes?<\/p>\r\n            <label><input type=\"radio\" name=\"q17\" value=\"a\"> A) Puede ser sancionado y no autorizado para circular.<\/label>\r\n            <label><input type=\"radio\" name=\"q17\" value=\"b\"> B) Recibe una multa leve.<\/label>\r\n            <label><input type=\"radio\" name=\"q17\" value=\"c\"> C) No tiene consecuencias.<\/label>\r\n        <\/div>\r\n        <div class=\"question\">\r\n            <p>18. \u00bfQu\u00e9 sucede si un veh\u00edculo no tiene un extintor en buen estado?<\/p>\r\n            <label><input type=\"radio\" name=\"q18\" value=\"a\"> A) Puede ser sancionado por las autoridades de tr\u00e1nsito.<\/label>\r\n            <label><input type=\"radio\" name=\"q18\" value=\"b\"> B) Recibe una advertencia verbal.<\/label>\r\n            <label><input type=\"radio\" name=\"q18\" value=\"c\"> C) No tiene consecuencias.<\/label>\r\n        <\/div>\r\n        <div class=\"question\">\r\n            <p>19. \u00bfQu\u00e9 sucede si un veh\u00edculo no tiene se\u00f1ales de carretera en forma de tri\u00e1ngulo reflectivo?<\/p>\r\n            <label><input type=\"radio\" name=\"q19\" value=\"a\"> A) Puede ser sancionado por las autoridades de tr\u00e1nsito.<\/label>\r\n            <label><input type=\"radio\" name=\"q19\" value=\"b\"> B) Recibe una multa leve.<\/label>\r\n            <label><input type=\"radio\" name=\"q19\" value=\"c\"> C) No tiene consecuencias.<\/label>\r\n        <\/div>\r\n        <div class=\"question\">\r\n            <p>20. \u00bfQu\u00e9 sucede si un veh\u00edculo no tiene una llanta de repuesto?<\/p>\r\n            <label><input type=\"radio\" name=\"q20\" value=\"a\"> A) Puede ser sancionado por las autoridades de tr\u00e1nsito.<\/label>\r\n            <label><input type=\"radio\" name=\"q20\" value=\"b\"> B) Recibe una advertencia verbal.<\/label>\r\n            <label><input type=\"radio\" name=\"q20\" value=\"c\"> C) No tiene consecuencias.<\/label>\r\n        <\/div>\r\n        <button type=\"submit\">Enviar respuestas<\/button>\r\n    <\/form>\r\n    <div id=\"result\"><\/div>\r\n<\/div>\r\n\r\n<script>\r\ndocument.getElementById('quiz-form').addEventListener('submit', function(event) {\r\n    event.preventDefault();\r\n    var answers = {\r\n        q1: 'a',\r\n        q2: 'a',\r\n        q3: 'a',\r\n        q4: 'a',\r\n        q5: 'a',\r\n        q6: 'a',\r\n        q7: 'a',\r\n        q8: 'a',\r\n        q9: 'a',\r\n        q10: 'a',\r\n        q11: 'a',\r\n        q12: 'a',\r\n        q13: 'a',\r\n        q14: 'a',\r\n        q15: 'a',\r\n        q16: 'a',\r\n        q17: 'a',\r\n        q18: 'a',\r\n        q19: 'a',\r\n        q20: 'a',\r\n    };\r\n    var score = 0;\r\n    var totalQuestions = Object.keys(answers).length;\r\n\r\n    for (var i = 1; i <= totalQuestions; i++) {\r\n        var selected = document.querySelector('input[name=\"q' + i + '\"]:checked');\r\n        if (selected && selected.value === answers['q' + i]) {\r\n            score++;\r\n        }\r\n    }\r\n\r\n    var resultText = '';\r\n    if (score === totalQuestions) {\r\n        resultText = '\ud83c\udf89 \u00a1Felicidades! Has respondido todas las preguntas correctamente. Tu compromiso con la seguridad vial es admirable. \ud83c\udf1f';\r\n    } else {\r\n        resultText = '\ud83d\ude14 Algunas respuestas no son correctas. \u00a1No te rindas! Sigue aprendiendo y vuelve a intentarlo. \ud83d\udcaa';\r\n    }\r\n\r\n    document.getElementById('result').innerHTML = resultText;\r\n});\r\n<\/script>\r\n\r\n<style>\r\n#quiz-container {\r\n    font-family: Arial, sans-serif;\r\n    max-width: 600px;\r\n    margin: 0 auto;\r\n    padding: 20px;\r\n    border: 1px solid #ccc;\r\n    border-radius: 10px;\r\n    background-color: #f9f9f9;\r\n}\r\n\r\n.question {\r\n    margin-bottom: 15px;\r\n}\r\n\r\nlabel {\r\n    display: block;\r\n    margin: 5px 0;\r\n}\r\n\r\nbutton {\r\n    background-color: #4CAF50;\r\n    color: white;\r\n    padding: 10px 20px;\r\n    border: none;\r\n    border-radius: 5px;\r\n    cursor: pointer;\r\n}\r\n\r\nbutton:hover {\r\n    background-color: #45a049;\r\n}\r\n\r\n#result {\r\n    margin-top: 20px;\r\n    font-size: 1.2em;\r\n    font-weight: bold;\r\n}\r\n<\/style>\t\t\t\t<\/div>\n\t\t\t\t<\/div>\n\t\t\t\t\t<\/div>\n\t\t<\/div>\n\t\t\t\t\t<\/div>\n\t\t<\/section>\n\t\t\t\t<div class=\"elementor-element elementor-element-8295c3c elementor-align-right elementor-widget elementor-widget-button\" data-id=\"8295c3c\" data-element_type=\"widget\" data-widget_type=\"button.default\">\n\t\t\t\t<div class=\"elementor-widget-container\">\n\t\t\t\t\t\t\t\t\t<div class=\"elementor-button-wrapper\">\n\t\t\t\t\t<a class=\"elementor-button elementor-button-link elementor-size-sm\" href=\"https:\/\/conducircolombia.com\/cea\/codigo-de-transito-titulo-ii-capitulo-iv\/\">\n\t\t\t\t\t\t<span class=\"elementor-button-content-wrapper\">\n\t\t\t\t\t\t\t\t\t<span class=\"elementor-button-text\">SIGUIENTE<\/span>\n\t\t\t\t\t<\/span>\n\t\t\t\t\t<\/a>\n\t\t\t\t<\/div>\n\t\t\t\t\t\t\t\t<\/div>\n\t\t\t\t<\/div>\n\t\t\t\t<div class=\"elementor-element elementor-element-dfc8fcb elementor-align-left elementor-widget elementor-widget-button\" data-id=\"dfc8fcb\" data-element_type=\"widget\" data-widget_type=\"button.default\">\n\t\t\t\t<div class=\"elementor-widget-container\">\n\t\t\t\t\t\t\t\t\t<div class=\"elementor-button-wrapper\">\n\t\t\t\t\t<a class=\"elementor-button elementor-button-link elementor-size-sm\" href=\"https:\/\/conducircolombia.com\/cea\/codigo-de-transito-indice\/\">\n\t\t\t\t\t\t<span class=\"elementor-button-content-wrapper\">\n\t\t\t\t\t\t\t\t\t<span class=\"elementor-button-text\">\u00cdNDICE<\/span>\n\t\t\t\t\t<\/span>\n\t\t\t\t\t<\/a>\n\t\t\t\t<\/div>\n\t\t\t\t\t\t\t\t<\/div>\n\t\t\t\t<\/div>\n\t\t\t\t\t<\/div>\n\t\t<\/div>\n\t\t\t\t\t<\/div>\n\t\t<\/section>\n\t\t\t\t<\/div>\n\t\t","protected":false},"excerpt":{"rendered":"<p>Organismo de Apoyo al Tr\u00e1nsito Min Transporte Res. 1347\/13 Educaci\u00f3n Res. 14024\/11 \u00cdNDICE Comprendiendo el C\u00f3digo Nacional de Tr\u00e1nsito: Un [&hellip;]<\/p>\n","protected":false},"author":2,"featured_media":0,"comment_status":"open","ping_status":"open","sticky":false,"template":"elementor_canvas","format":"standard","meta":{"site-sidebar-layout":"default","site-content-layout":"","ast-site-content-layout":"default","site-content-style":"default","site-sidebar-style":"default","ast-global-header-display":"","ast-banner-title-visibility":"","ast-main-header-display":"","ast-hfb-above-header-display":"","ast-hfb-below-header-display":"","ast-hfb-mobile-header-display":"","site-post-title":"","ast-breadcrumbs-content":"","ast-featured-img":"","footer-sml-layout":"","theme-transparent-header-meta":"","adv-header-id-meta":"","stick-header-meta":"","header-above-stick-meta":"","header-main-stick-meta":"","header-below-stick-meta":"","astra-migrate-meta-layouts":"set","ast-page-background-enabled":"default","ast-page-background-meta":{"desktop":{"background-color":"var(--ast-global-color-4)","background-image":"","background-repeat":"repeat","background-position":"center center","background-size":"auto","background-attachment":"scroll","background-type":"","background-media":"","overlay-type":"","overlay-color":"","overlay-opacity":"","overlay-gradient":""},"tablet":{"background-color":"","background-image":"","background-repeat":"repeat","background-position":"center center","background-size":"auto","background-attachment":"scroll","background-type":"","background-media":"","overlay-type":"","overlay-color":"","overlay-opacity":"","overlay-gradient":""},"mobile":{"background-color":"","background-image":"","background-repeat":"repeat","background-position":"center center","background-size":"auto","background-attachment":"scroll","background-type":"","background-media":"","overlay-type":"","overlay-color":"","overlay-opacity":"","overlay-gradient":""}},"ast-content-background-meta":{"desktop":{"background-color":"var(--ast-global-color-5)","background-image":"","background-repeat":"repeat","background-position":"center center","background-size":"auto","background-attachment":"scroll","background-type":"","background-media":"","overlay-type":"","overlay-color":"","overlay-opacity":"","overlay-gradient":""},"tablet":{"background-color":"var(--ast-global-color-5)","background-image":"","background-repeat":"repeat","background-position":"center center","background-size":"auto","background-attachment":"scroll","background-type":"","background-media":"","overlay-type":"","overlay-color":"","overlay-opacity":"","overlay-gradient":""},"mobile":{"background-color":"var(--ast-global-color-5)","background-image":"","background-repeat":"repeat","background-position":"center center","background-size":"auto","background-attachment":"scroll","background-type":"","background-media":"","overlay-type":"","overlay-color":"","overlay-opacity":"","overlay-gradient":""}},"footnotes":""},"categories":[5],"tags":[],"class_list":["post-11439","post","type-post","status-publish","format-standard","hentry","category-codigo-de-transito"],"yoast_head":"<!-- This site is optimized with the Yoast SEO plugin v26.4 - https:\/\/yoast.com\/wordpress\/plugins\/seo\/ -->\n<title>Regulaci\u00f3n de Veh\u00edculos en Colombia<\/title>\n<meta name=\"description\" content=\"Regulaci\u00f3n de Veh\u00edculos en Colombia |\" \/>\n<meta name=\"robots\" content=\"index, follow, max-snippet:-1, max-image-preview:large, max-video-preview:-1\" \/>\n<link rel=\"canonical\" href=\"https:\/\/conducircolombia.com\/cea\/codigo-de-transito-titulo-ii-capitulo-iii\/\" \/>\n<meta property=\"og:locale\" content=\"es_ES\" \/>\n<meta property=\"og:type\" content=\"article\" \/>\n<meta property=\"og:title\" content=\"Regulaci\u00f3n de Veh\u00edculos en Colombia\" \/>\n<meta property=\"og:description\" content=\"Regulaci\u00f3n de Veh\u00edculos en Colombia |\" \/>\n<meta property=\"og:url\" content=\"https:\/\/conducircolombia.com\/cea\/codigo-de-transito-titulo-ii-capitulo-iii\/\" \/>\n<meta property=\"og:site_name\" content=\"Conducir Colombia\" \/>\n<meta property=\"article:publisher\" content=\"https:\/\/www.facebook.com\/ConducirColombiaBogota\" \/>\n<meta property=\"article:published_time\" content=\"2025-02-08T00:18:06+00:00\" \/>\n<meta property=\"article:modified_time\" content=\"2025-04-26T19:16:36+00:00\" \/>\n<meta property=\"og:image\" content=\"https:\/\/conducircolombia.com\/cea\/wp-content\/uploads\/2025\/02\/Logo-ITDH-500.webp\" \/>\n\t<meta property=\"og:image:width\" content=\"500\" \/>\n\t<meta property=\"og:image:height\" content=\"100\" \/>\n\t<meta property=\"og:image:type\" content=\"image\/webp\" \/>\n<meta name=\"author\" content=\"memo fichas\" \/>\n<meta name=\"twitter:card\" content=\"summary_large_image\" \/>\n<meta name=\"twitter:label1\" content=\"Escrito por\" \/>\n\t<meta name=\"twitter:data1\" content=\"memo fichas\" \/>\n\t<meta name=\"twitter:label2\" content=\"Tiempo de lectura\" \/>\n\t<meta name=\"twitter:data2\" content=\"14 minutos\" \/>\n<script type=\"application\/ld+json\" class=\"yoast-schema-graph\">{\"@context\":\"https:\/\/schema.org\",\"@graph\":[{\"@type\":\"Article\",\"@id\":\"https:\/\/conducircolombia.com\/cea\/codigo-de-transito-titulo-ii-capitulo-iii\/#article\",\"isPartOf\":{\"@id\":\"https:\/\/conducircolombia.com\/cea\/codigo-de-transito-titulo-ii-capitulo-iii\/\"},\"author\":{\"name\":\"memo fichas\",\"@id\":\"https:\/\/conducircolombia.com\/cea\/#\/schema\/person\/39f266f3357066ea02c614168ee5b0d2\"},\"headline\":\"C\u00f3digo de Tr\u00e1nsito T\u00cdTULO II CAP\u00cdTULO III\",\"datePublished\":\"2025-02-08T00:18:06+00:00\",\"dateModified\":\"2025-04-26T19:16:36+00:00\",\"mainEntityOfPage\":{\"@id\":\"https:\/\/conducircolombia.com\/cea\/codigo-de-transito-titulo-ii-capitulo-iii\/\"},\"wordCount\":3113,\"commentCount\":0,\"publisher\":{\"@id\":\"https:\/\/conducircolombia.com\/cea\/#organization\"},\"image\":{\"@id\":\"https:\/\/conducircolombia.com\/cea\/codigo-de-transito-titulo-ii-capitulo-iii\/#primaryimage\"},\"thumbnailUrl\":\"https:\/\/conducircolombia.com\/cea\/wp-content\/uploads\/2025\/02\/Logo-ITDH-500.webp\",\"articleSection\":[\"C\u00f3digo de tr\u00e1nsito\"],\"inLanguage\":\"es\",\"potentialAction\":[{\"@type\":\"CommentAction\",\"name\":\"Comment\",\"target\":[\"https:\/\/conducircolombia.com\/cea\/codigo-de-transito-titulo-ii-capitulo-iii\/#respond\"]}]},{\"@type\":\"WebPage\",\"@id\":\"https:\/\/conducircolombia.com\/cea\/codigo-de-transito-titulo-ii-capitulo-iii\/\",\"url\":\"https:\/\/conducircolombia.com\/cea\/codigo-de-transito-titulo-ii-capitulo-iii\/\",\"name\":\"Regulaci\u00f3n de Veh\u00edculos en Colombia\",\"isPartOf\":{\"@id\":\"https:\/\/conducircolombia.com\/cea\/#website\"},\"primaryImageOfPage\":{\"@id\":\"https:\/\/conducircolombia.com\/cea\/codigo-de-transito-titulo-ii-capitulo-iii\/#primaryimage\"},\"image\":{\"@id\":\"https:\/\/conducircolombia.com\/cea\/codigo-de-transito-titulo-ii-capitulo-iii\/#primaryimage\"},\"thumbnailUrl\":\"https:\/\/conducircolombia.com\/cea\/wp-content\/uploads\/2025\/02\/Logo-ITDH-500.webp\",\"datePublished\":\"2025-02-08T00:18:06+00:00\",\"dateModified\":\"2025-04-26T19:16:36+00:00\",\"description\":\"Regulaci\u00f3n de Veh\u00edculos en Colombia |\",\"breadcrumb\":{\"@id\":\"https:\/\/conducircolombia.com\/cea\/codigo-de-transito-titulo-ii-capitulo-iii\/#breadcrumb\"},\"inLanguage\":\"es\",\"potentialAction\":[{\"@type\":\"ReadAction\",\"target\":[\"https:\/\/conducircolombia.com\/cea\/codigo-de-transito-titulo-ii-capitulo-iii\/\"]}]},{\"@type\":\"ImageObject\",\"inLanguage\":\"es\",\"@id\":\"https:\/\/conducircolombia.com\/cea\/codigo-de-transito-titulo-ii-capitulo-iii\/#primaryimage\",\"url\":\"https:\/\/conducircolombia.com\/cea\/wp-content\/uploads\/2025\/02\/Logo-ITDH-500.webp\",\"contentUrl\":\"https:\/\/conducircolombia.com\/cea\/wp-content\/uploads\/2025\/02\/Logo-ITDH-500.webp\",\"width\":500,\"height\":100,\"caption\":\"Logo Conducir Colombia\"},{\"@type\":\"BreadcrumbList\",\"@id\":\"https:\/\/conducircolombia.com\/cea\/codigo-de-transito-titulo-ii-capitulo-iii\/#breadcrumb\",\"itemListElement\":[{\"@type\":\"ListItem\",\"position\":1,\"name\":\"Portada\",\"item\":\"https:\/\/conducircolombia.com\/cea\/\"},{\"@type\":\"ListItem\",\"position\":2,\"name\":\"C\u00f3digo de Tr\u00e1nsito T\u00cdTULO II CAP\u00cdTULO III\"}]},{\"@type\":\"WebSite\",\"@id\":\"https:\/\/conducircolombia.com\/cea\/#website\",\"url\":\"https:\/\/conducircolombia.com\/cea\/\",\"name\":\"Conducir Colombia\",\"description\":\"Academia de Conducci\u00f3n\",\"publisher\":{\"@id\":\"https:\/\/conducircolombia.com\/cea\/#organization\"},\"potentialAction\":[{\"@type\":\"SearchAction\",\"target\":{\"@type\":\"EntryPoint\",\"urlTemplate\":\"https:\/\/conducircolombia.com\/cea\/?s={search_term_string}\"},\"query-input\":{\"@type\":\"PropertyValueSpecification\",\"valueRequired\":true,\"valueName\":\"search_term_string\"}}],\"inLanguage\":\"es\"},{\"@type\":\"Organization\",\"@id\":\"https:\/\/conducircolombia.com\/cea\/#organization\",\"name\":\"Conducir Colombia\",\"alternateName\":\"Conducir Colombia\",\"url\":\"https:\/\/conducircolombia.com\/cea\/\",\"logo\":{\"@type\":\"ImageObject\",\"inLanguage\":\"es\",\"@id\":\"https:\/\/conducircolombia.com\/cea\/#\/schema\/logo\/image\/\",\"url\":\"https:\/\/conducircolombia.com\/cea\/wp-content\/uploads\/2025\/02\/logowp.jpg\",\"contentUrl\":\"https:\/\/conducircolombia.com\/cea\/wp-content\/uploads\/2025\/02\/logowp.jpg\",\"width\":300,\"height\":299,\"caption\":\"Conducir Colombia\"},\"image\":{\"@id\":\"https:\/\/conducircolombia.com\/cea\/#\/schema\/logo\/image\/\"},\"sameAs\":[\"https:\/\/www.facebook.com\/ConducirColombiaBogota\"]},{\"@type\":\"Person\",\"@id\":\"https:\/\/conducircolombia.com\/cea\/#\/schema\/person\/39f266f3357066ea02c614168ee5b0d2\",\"name\":\"memo fichas\",\"image\":{\"@type\":\"ImageObject\",\"inLanguage\":\"es\",\"@id\":\"https:\/\/conducircolombia.com\/cea\/#\/schema\/person\/image\/\",\"url\":\"https:\/\/secure.gravatar.com\/avatar\/e1b894dfed71a479efeaf73bfb32c5e92c855e56311b32924ca240a9bcec68b2?s=96&d=mm&r=g\",\"contentUrl\":\"https:\/\/secure.gravatar.com\/avatar\/e1b894dfed71a479efeaf73bfb32c5e92c855e56311b32924ca240a9bcec68b2?s=96&d=mm&r=g\",\"caption\":\"memo fichas\"},\"url\":\"https:\/\/conducircolombia.com\/cea\/author\/conducir1\/\"}]}<\/script>\n<!-- \/ Yoast SEO plugin. -->","yoast_head_json":{"title":"Regulaci\u00f3n de Veh\u00edculos en Colombia","description":"Regulaci\u00f3n de Veh\u00edculos en Colombia |","robots":{"index":"index","follow":"follow","max-snippet":"max-snippet:-1","max-image-preview":"max-image-preview:large","max-video-preview":"max-video-preview:-1"},"canonical":"https:\/\/conducircolombia.com\/cea\/codigo-de-transito-titulo-ii-capitulo-iii\/","og_locale":"es_ES","og_type":"article","og_title":"Regulaci\u00f3n de Veh\u00edculos en Colombia","og_description":"Regulaci\u00f3n de Veh\u00edculos en Colombia |","og_url":"https:\/\/conducircolombia.com\/cea\/codigo-de-transito-titulo-ii-capitulo-iii\/","og_site_name":"Conducir Colombia","article_publisher":"https:\/\/www.facebook.com\/ConducirColombiaBogota","article_published_time":"2025-02-08T00:18:06+00:00","article_modified_time":"2025-04-26T19:16:36+00:00","og_image":[{"width":500,"height":100,"url":"https:\/\/conducircolombia.com\/cea\/wp-content\/uploads\/2025\/02\/Logo-ITDH-500.webp","type":"image\/webp"}],"author":"memo fichas","twitter_card":"summary_large_image","twitter_misc":{"Escrito por":"memo fichas","Tiempo de lectura":"14 minutos"},"schema":{"@context":"https:\/\/schema.org","@graph":[{"@type":"Article","@id":"https:\/\/conducircolombia.com\/cea\/codigo-de-transito-titulo-ii-capitulo-iii\/#article","isPartOf":{"@id":"https:\/\/conducircolombia.com\/cea\/codigo-de-transito-titulo-ii-capitulo-iii\/"},"author":{"name":"memo fichas","@id":"https:\/\/conducircolombia.com\/cea\/#\/schema\/person\/39f266f3357066ea02c614168ee5b0d2"},"headline":"C\u00f3digo de Tr\u00e1nsito T\u00cdTULO II CAP\u00cdTULO III","datePublished":"2025-02-08T00:18:06+00:00","dateModified":"2025-04-26T19:16:36+00:00","mainEntityOfPage":{"@id":"https:\/\/conducircolombia.com\/cea\/codigo-de-transito-titulo-ii-capitulo-iii\/"},"wordCount":3113,"commentCount":0,"publisher":{"@id":"https:\/\/conducircolombia.com\/cea\/#organization"},"image":{"@id":"https:\/\/conducircolombia.com\/cea\/codigo-de-transito-titulo-ii-capitulo-iii\/#primaryimage"},"thumbnailUrl":"https:\/\/conducircolombia.com\/cea\/wp-content\/uploads\/2025\/02\/Logo-ITDH-500.webp","articleSection":["C\u00f3digo de tr\u00e1nsito"],"inLanguage":"es","potentialAction":[{"@type":"CommentAction","name":"Comment","target":["https:\/\/conducircolombia.com\/cea\/codigo-de-transito-titulo-ii-capitulo-iii\/#respond"]}]},{"@type":"WebPage","@id":"https:\/\/conducircolombia.com\/cea\/codigo-de-transito-titulo-ii-capitulo-iii\/","url":"https:\/\/conducircolombia.com\/cea\/codigo-de-transito-titulo-ii-capitulo-iii\/","name":"Regulaci\u00f3n de Veh\u00edculos en Colombia","isPartOf":{"@id":"https:\/\/conducircolombia.com\/cea\/#website"},"primaryImageOfPage":{"@id":"https:\/\/conducircolombia.com\/cea\/codigo-de-transito-titulo-ii-capitulo-iii\/#primaryimage"},"image":{"@id":"https:\/\/conducircolombia.com\/cea\/codigo-de-transito-titulo-ii-capitulo-iii\/#primaryimage"},"thumbnailUrl":"https:\/\/conducircolombia.com\/cea\/wp-content\/uploads\/2025\/02\/Logo-ITDH-500.webp","datePublished":"2025-02-08T00:18:06+00:00","dateModified":"2025-04-26T19:16:36+00:00","description":"Regulaci\u00f3n de Veh\u00edculos en Colombia |","breadcrumb":{"@id":"https:\/\/conducircolombia.com\/cea\/codigo-de-transito-titulo-ii-capitulo-iii\/#breadcrumb"},"inLanguage":"es","potentialAction":[{"@type":"ReadAction","target":["https:\/\/conducircolombia.com\/cea\/codigo-de-transito-titulo-ii-capitulo-iii\/"]}]},{"@type":"ImageObject","inLanguage":"es","@id":"https:\/\/conducircolombia.com\/cea\/codigo-de-transito-titulo-ii-capitulo-iii\/#primaryimage","url":"https:\/\/conducircolombia.com\/cea\/wp-content\/uploads\/2025\/02\/Logo-ITDH-500.webp","contentUrl":"https:\/\/conducircolombia.com\/cea\/wp-content\/uploads\/2025\/02\/Logo-ITDH-500.webp","width":500,"height":100,"caption":"Logo Conducir Colombia"},{"@type":"BreadcrumbList","@id":"https:\/\/conducircolombia.com\/cea\/codigo-de-transito-titulo-ii-capitulo-iii\/#breadcrumb","itemListElement":[{"@type":"ListItem","position":1,"name":"Portada","item":"https:\/\/conducircolombia.com\/cea\/"},{"@type":"ListItem","position":2,"name":"C\u00f3digo de Tr\u00e1nsito T\u00cdTULO II CAP\u00cdTULO III"}]},{"@type":"WebSite","@id":"https:\/\/conducircolombia.com\/cea\/#website","url":"https:\/\/conducircolombia.com\/cea\/","name":"Conducir Colombia","description":"Academia de Conducci\u00f3n","publisher":{"@id":"https:\/\/conducircolombia.com\/cea\/#organization"},"potentialAction":[{"@type":"SearchAction","target":{"@type":"EntryPoint","urlTemplate":"https:\/\/conducircolombia.com\/cea\/?s={search_term_string}"},"query-input":{"@type":"PropertyValueSpecification","valueRequired":true,"valueName":"search_term_string"}}],"inLanguage":"es"},{"@type":"Organization","@id":"https:\/\/conducircolombia.com\/cea\/#organization","name":"Conducir Colombia","alternateName":"Conducir Colombia","url":"https:\/\/conducircolombia.com\/cea\/","logo":{"@type":"ImageObject","inLanguage":"es","@id":"https:\/\/conducircolombia.com\/cea\/#\/schema\/logo\/image\/","url":"https:\/\/conducircolombia.com\/cea\/wp-content\/uploads\/2025\/02\/logowp.jpg","contentUrl":"https:\/\/conducircolombia.com\/cea\/wp-content\/uploads\/2025\/02\/logowp.jpg","width":300,"height":299,"caption":"Conducir Colombia"},"image":{"@id":"https:\/\/conducircolombia.com\/cea\/#\/schema\/logo\/image\/"},"sameAs":["https:\/\/www.facebook.com\/ConducirColombiaBogota"]},{"@type":"Person","@id":"https:\/\/conducircolombia.com\/cea\/#\/schema\/person\/39f266f3357066ea02c614168ee5b0d2","name":"memo fichas","image":{"@type":"ImageObject","inLanguage":"es","@id":"https:\/\/conducircolombia.com\/cea\/#\/schema\/person\/image\/","url":"https:\/\/secure.gravatar.com\/avatar\/e1b894dfed71a479efeaf73bfb32c5e92c855e56311b32924ca240a9bcec68b2?s=96&d=mm&r=g","contentUrl":"https:\/\/secure.gravatar.com\/avatar\/e1b894dfed71a479efeaf73bfb32c5e92c855e56311b32924ca240a9bcec68b2?s=96&d=mm&r=g","caption":"memo fichas"},"url":"https:\/\/conducircolombia.com\/cea\/author\/conducir1\/"}]}},"_links":{"self":[{"href":"https:\/\/conducircolombia.com\/cea\/wp-json\/wp\/v2\/posts\/11439","targetHints":{"allow":["GET"]}}],"collection":[{"href":"https:\/\/conducircolombia.com\/cea\/wp-json\/wp\/v2\/posts"}],"about":[{"href":"https:\/\/conducircolombia.com\/cea\/wp-json\/wp\/v2\/types\/post"}],"author":[{"embeddable":true,"href":"https:\/\/conducircolombia.com\/cea\/wp-json\/wp\/v2\/users\/2"}],"replies":[{"embeddable":true,"href":"https:\/\/conducircolombia.com\/cea\/wp-json\/wp\/v2\/comments?post=11439"}],"version-history":[{"count":64,"href":"https:\/\/conducircolombia.com\/cea\/wp-json\/wp\/v2\/posts\/11439\/revisions"}],"predecessor-version":[{"id":14324,"href":"https:\/\/conducircolombia.com\/cea\/wp-json\/wp\/v2\/posts\/11439\/revisions\/14324"}],"wp:attachment":[{"href":"https:\/\/conducircolombia.com\/cea\/wp-json\/wp\/v2\/media?parent=11439"}],"wp:term":[{"taxonomy":"category","embeddable":true,"href":"https:\/\/conducircolombia.com\/cea\/wp-json\/wp\/v2\/categories?post=11439"},{"taxonomy":"post_tag","embeddable":true,"href":"https:\/\/conducircolombia.com\/cea\/wp-json\/wp\/v2\/tags?post=11439"}],"curies":[{"name":"wp","href":"https:\/\/api.w.org\/{rel}","templated":true}]}}