{"id":11496,"date":"2025-02-07T20:14:54","date_gmt":"2025-02-08T01:14:54","guid":{"rendered":"https:\/\/conducircolombia.com\/cea\/?p=11496"},"modified":"2025-04-26T14:45:02","modified_gmt":"2025-04-26T19:45:02","slug":"codigo-de-transito-titulo-iii-capitulo-v","status":"publish","type":"post","link":"https:\/\/conducircolombia.com\/cea\/codigo-de-transito-titulo-iii-capitulo-v\/","title":{"rendered":"C\u00f3digo de Tr\u00e1nsito T\u00cdTULO III CAP\u00cdTULO V"},"content":{"rendered":"\t\t<div data-elementor-type=\"wp-post\" data-elementor-id=\"11496\" class=\"elementor elementor-11496\">\n\t\t\t\t\t\t<section class=\"elementor-section elementor-top-section elementor-element elementor-element-f6f5377 elementor-section-boxed elementor-section-height-default elementor-section-height-default\" data-id=\"f6f5377\" data-element_type=\"section\">\n\t\t\t\t\t\t<div class=\"elementor-container elementor-column-gap-default\">\n\t\t\t\t\t<div class=\"elementor-column elementor-col-100 elementor-top-column elementor-element elementor-element-a5fb300\" data-id=\"a5fb300\" data-element_type=\"column\">\n\t\t\t<div class=\"elementor-widget-wrap elementor-element-populated\">\n\t\t\t\t\t\t<section class=\"elementor-section elementor-inner-section elementor-element elementor-element-acf809f elementor-section-boxed elementor-section-height-default elementor-section-height-default\" data-id=\"acf809f\" data-element_type=\"section\">\n\t\t\t\t\t\t<div class=\"elementor-container elementor-column-gap-default\">\n\t\t\t\t\t<div class=\"elementor-column elementor-col-50 elementor-inner-column elementor-element elementor-element-fa73ffe\" data-id=\"fa73ffe\" data-element_type=\"column\">\n\t\t\t<div class=\"elementor-widget-wrap elementor-element-populated\">\n\t\t\t\t\t\t<div class=\"elementor-element elementor-element-9e7c1f9 elementor-widget elementor-widget-image\" data-id=\"9e7c1f9\" data-element_type=\"widget\" data-widget_type=\"image.default\">\n\t\t\t\t<div class=\"elementor-widget-container\">\n\t\t\t\t\t\t\t\t\t\t\t\t\t\t\t\t<a href=\"https:\/\/conducircolombia.com\/\">\n\t\t\t\t\t\t\t<img fetchpriority=\"high\" decoding=\"async\" width=\"500\" height=\"100\" src=\"https:\/\/conducircolombia.com\/cea\/wp-content\/uploads\/2025\/02\/Logo-ITDH-500.webp\" class=\"attachment-large size-large wp-image-11854\" alt=\"Logo Conducir Colombia\" srcset=\"https:\/\/conducircolombia.com\/cea\/wp-content\/uploads\/2025\/02\/Logo-ITDH-500.webp 500w, https:\/\/conducircolombia.com\/cea\/wp-content\/uploads\/2025\/02\/Logo-ITDH-500-300x60.webp 300w\" sizes=\"(max-width: 500px) 100vw, 500px\" \/>\t\t\t\t\t\t\t\t<\/a>\n\t\t\t\t\t\t\t\t\t\t\t\t\t\t\t<\/div>\n\t\t\t\t<\/div>\n\t\t\t\t\t<\/div>\n\t\t<\/div>\n\t\t\t\t<div class=\"elementor-column elementor-col-50 elementor-inner-column elementor-element elementor-element-7d0f043\" data-id=\"7d0f043\" data-element_type=\"column\">\n\t\t\t<div class=\"elementor-widget-wrap elementor-element-populated\">\n\t\t\t\t\t\t<div class=\"elementor-element elementor-element-4ab69f5 elementor-widget__width-initial elementor-widget elementor-widget-text-editor\" data-id=\"4ab69f5\" data-element_type=\"widget\" data-widget_type=\"text-editor.default\">\n\t\t\t\t<div class=\"elementor-widget-container\">\n\t\t\t\t\t\t\t\t\t<h6 style=\"text-align: left;\">Organismo de Apoyo al Tr\u00e1nsito<\/h6><ul><li><h6>Min Transporte Res. 1347\/13<\/h6><\/li><li><h6>Educaci\u00f3n Res. 14024\/11<\/h6><\/li><\/ul>\t\t\t\t\t\t\t\t<\/div>\n\t\t\t\t<\/div>\n\t\t\t\t\t<\/div>\n\t\t<\/div>\n\t\t\t\t\t<\/div>\n\t\t<\/section>\n\t\t\t\t\t<\/div>\n\t\t<\/div>\n\t\t\t\t\t<\/div>\n\t\t<\/section>\n\t\t\t\t<section class=\"elementor-section elementor-top-section elementor-element elementor-element-96d503c elementor-section-boxed elementor-section-height-default elementor-section-height-default\" data-id=\"96d503c\" data-element_type=\"section\" data-settings=\"{&quot;background_background&quot;:&quot;classic&quot;}\">\n\t\t\t\t\t\t<div class=\"elementor-container elementor-column-gap-default\">\n\t\t\t\t\t<div class=\"elementor-column elementor-col-100 elementor-top-column elementor-element elementor-element-2c49601\" data-id=\"2c49601\" data-element_type=\"column\">\n\t\t\t<div class=\"elementor-widget-wrap elementor-element-populated\">\n\t\t\t\t\t\t<div class=\"elementor-element elementor-element-81f03c7 elementor-align-left elementor-widget elementor-widget-button\" data-id=\"81f03c7\" data-element_type=\"widget\" data-widget_type=\"button.default\">\n\t\t\t\t<div class=\"elementor-widget-container\">\n\t\t\t\t\t\t\t\t\t<div class=\"elementor-button-wrapper\">\n\t\t\t\t\t<a class=\"elementor-button elementor-button-link elementor-size-sm\" href=\"https:\/\/conducircolombia.com\/cea\/codigo-de-transito-indice\/\">\n\t\t\t\t\t\t<span class=\"elementor-button-content-wrapper\">\n\t\t\t\t\t\t\t\t\t<span class=\"elementor-button-text\">\u00cdNDICE<\/span>\n\t\t\t\t\t<\/span>\n\t\t\t\t\t<\/a>\n\t\t\t\t<\/div>\n\t\t\t\t\t\t\t\t<\/div>\n\t\t\t\t<\/div>\n\t\t\t\t<div class=\"elementor-element elementor-element-0dac4ab elementor-widget elementor-widget-text-editor\" data-id=\"0dac4ab\" data-element_type=\"widget\" data-widget_type=\"text-editor.default\">\n\t\t\t\t<div class=\"elementor-widget-container\">\n\t\t\t\t\t\t\t\t\t<h1 style=\"text-align: center;\"><strong>Comprendiendo el C\u00f3digo Nacional de Tr\u00e1nsito:<\/strong><\/h1><h1 style=\"text-align: center;\"><strong> Un Viaje por la Ley 769 de 2002<\/strong><\/h1>\t\t\t\t\t\t\t\t<\/div>\n\t\t\t\t<\/div>\n\t\t\t\t<div class=\"elementor-element elementor-element-68ffa83 elementor-widget elementor-widget-text-editor\" data-id=\"68ffa83\" data-element_type=\"widget\" data-widget_type=\"text-editor.default\">\n\t\t\t\t<div class=\"elementor-widget-container\">\n\t\t\t\t\t\t\t\t\t<p style=\"font-weight: 400; text-align: center;\"><b><strong>T\u00cdTULO<\/strong><\/b>\u00a0<b><strong>3<\/strong><\/b><\/p><p style=\"font-weight: 400; text-align: center;\"><b>CAPITULO<\/b>\u00a0<b>5<\/b><\/p><p style=\"font-weight: 400; text-align: center;\"><b><strong>CICLISTAS Y MOTOCICLISTAS<\/strong><\/b><\/p>\t\t\t\t\t\t\t\t<\/div>\n\t\t\t\t<\/div>\n\t\t\t\t<div class=\"elementor-element elementor-element-4e445d4 elementor-widget elementor-widget-text-editor\" data-id=\"4e445d4\" data-element_type=\"widget\" data-widget_type=\"text-editor.default\">\n\t\t\t\t<div class=\"elementor-widget-container\">\n\t\t\t\t\t\t\t\t\t<h1 style=\"text-align: center;\">\ud83d\udeb4\u200d\u2642\ufe0f <strong>Normas para Ciclistas y Motociclistas:<\/strong><\/h1><h1 style=\"text-align: center;\"><strong> Seguridad y Convivencia en la V\u00eda<\/strong> \ud83c\udfcd\ufe0f<\/h1>\t\t\t\t\t\t\t\t<\/div>\n\t\t\t\t<\/div>\n\t\t\t\t\t<\/div>\n\t\t<\/div>\n\t\t\t\t\t<\/div>\n\t\t<\/section>\n\t\t\t\t<section class=\"elementor-section elementor-top-section elementor-element elementor-element-b0ff022 elementor-section-boxed elementor-section-height-default elementor-section-height-default\" data-id=\"b0ff022\" data-element_type=\"section\">\n\t\t\t\t\t\t<div class=\"elementor-container elementor-column-gap-default\">\n\t\t\t\t\t<div class=\"elementor-column elementor-col-100 elementor-top-column elementor-element elementor-element-adf853a\" data-id=\"adf853a\" data-element_type=\"column\">\n\t\t\t<div class=\"elementor-widget-wrap elementor-element-populated\">\n\t\t\t\t\t\t<section class=\"elementor-section elementor-inner-section elementor-element elementor-element-28234a6 elementor-section-boxed elementor-section-height-default elementor-section-height-default\" data-id=\"28234a6\" data-element_type=\"section\">\n\t\t\t\t\t\t<div class=\"elementor-container elementor-column-gap-default\">\n\t\t\t\t\t<div class=\"elementor-column elementor-col-50 elementor-inner-column elementor-element elementor-element-a937f05\" data-id=\"a937f05\" data-element_type=\"column\">\n\t\t\t<div class=\"elementor-widget-wrap elementor-element-populated\">\n\t\t\t\t\t\t<div class=\"elementor-element elementor-element-a6c19e4 elementor-widget elementor-widget-image\" data-id=\"a6c19e4\" data-element_type=\"widget\" data-widget_type=\"image.default\">\n\t\t\t\t<div class=\"elementor-widget-container\">\n\t\t\t\t\t\t\t\t\t\t\t\t\t\t\t<img decoding=\"async\" width=\"1024\" height=\"407\" src=\"https:\/\/conducircolombia.com\/cea\/wp-content\/uploads\/2025\/02\/ciclista-1024x407.webp\" class=\"attachment-large size-large wp-image-11679\" alt=\"ciclista\" srcset=\"https:\/\/conducircolombia.com\/cea\/wp-content\/uploads\/2025\/02\/ciclista-1024x407.webp 1024w, https:\/\/conducircolombia.com\/cea\/wp-content\/uploads\/2025\/02\/ciclista-300x119.webp 300w, https:\/\/conducircolombia.com\/cea\/wp-content\/uploads\/2025\/02\/ciclista-768x305.webp 768w, https:\/\/conducircolombia.com\/cea\/wp-content\/uploads\/2025\/02\/ciclista-1536x611.webp 1536w, https:\/\/conducircolombia.com\/cea\/wp-content\/uploads\/2025\/02\/ciclista-2048x815.webp 2048w, https:\/\/conducircolombia.com\/cea\/wp-content\/uploads\/2025\/02\/ciclista-scaled-e1738987920654.webp 700w\" sizes=\"(max-width: 1024px) 100vw, 1024px\" \/>\t\t\t\t\t\t\t\t\t\t\t\t\t\t\t<\/div>\n\t\t\t\t<\/div>\n\t\t\t\t\t<\/div>\n\t\t<\/div>\n\t\t\t\t<div class=\"elementor-column elementor-col-50 elementor-inner-column elementor-element elementor-element-427be49\" data-id=\"427be49\" data-element_type=\"column\">\n\t\t\t<div class=\"elementor-widget-wrap elementor-element-populated\">\n\t\t\t\t\t\t<div class=\"elementor-element elementor-element-05017bc elementor-widget elementor-widget-text-editor\" data-id=\"05017bc\" data-element_type=\"widget\" data-widget_type=\"text-editor.default\">\n\t\t\t\t<div class=\"elementor-widget-container\">\n\t\t\t\t\t\t\t\t\t<p>En las ciudades y carreteras, los <strong>ciclistas y motociclistas<\/strong> forman una parte esencial del tr\u00e1fico. Sin embargo, debido a su vulnerabilidad, es fundamental que <strong>cumplan ciertas normas<\/strong> para garantizar su seguridad y la de los dem\u00e1s actores viales.<\/p><p>Este cap\u00edtulo establece las <strong>reglas de tr\u00e1nsito para bicicletas, triciclos, motocicletas, motociclos y mototriciclos<\/strong>. Aqu\u00ed te explicamos de manera clara y sencilla <strong>c\u00f3mo debes conducir de manera segura y respetuosa<\/strong>.<\/p>\t\t\t\t\t\t\t\t<\/div>\n\t\t\t\t<\/div>\n\t\t\t\t<div class=\"elementor-element elementor-element-2c0fa19 elementor-widget elementor-widget-html\" data-id=\"2c0fa19\" data-element_type=\"widget\" data-widget_type=\"html.default\">\n\t\t\t\t<div class=\"elementor-widget-container\">\n\t\t\t\t\t<style>\r\n\/* Estilos para el pop-up *\/\r\n.youtube-popup-overlay {\r\n    position: fixed;\r\n    top: 0;\r\n    left: 0;\r\n    width: 100%;\r\n    height: 100%;\r\n    background: rgba(0, 0, 0, 0.7); \/* Fondo oscuro semi-transparente *\/\r\n    display: none; \/* Oculto por defecto *\/\r\n    justify-content: center; \/* Centrar horizontalmente *\/\r\n    align-items: center; \/* Centrar verticalmente *\/\r\n    z-index: 9999; \/* Asegura que est\u00e9 por encima de otros elementos *\/\r\n    \/* Esto asegura que el contenido no se desplace al abrir el popup *\/\r\n    overflow-y: auto;\r\n}\r\n\r\n.youtube-popup-content {\r\n    background: #fff; \/* Fondo del contenido del pop-up (opcional) *\/\r\n    padding: 20px;\r\n    position: relative;\r\n    max-width: 800px; \/* Ajusta el ancho m\u00e1ximo del video\/pop-up *\/\r\n    width: 90%; \/* Ancho relativo *\/\r\n    box-shadow: 0 0 20px rgba(0, 0, 0, 0.3);\r\n    box-sizing: border-box; \/* Incluye padding y borde en el ancho\/alto *\/\r\n}\r\n\r\n.youtube-popup-close {\r\n    position: absolute;\r\n    top: 10px;\r\n    right: 10px;\r\n    font-size: 20px;\r\n    font-weight: bold;\r\n    color: #aaa;\r\n    cursor: pointer;\r\n    z-index: 10000; \/* Asegura que el bot\u00f3n de cerrar est\u00e9 por encima del video *\/\r\n}\r\n\r\n.youtube-popup-close:hover {\r\n    color: #555;\r\n}\r\n\r\n\/* Estilos para el contenedor del video (aspect ratio 16:9) *\/\r\n.video-container {\r\n    position: relative;\r\n    padding-bottom: 56.25%; \/* 16:9 aspect ratio *\/\r\n    height: 0;\r\n    overflow: hidden;\r\n    max-width: 100%;\r\n    background: #000; \/* Fondo negro mientras carga *\/\r\n    margin-top: 10px; \/* Espacio por si el bot\u00f3n cerrar est\u00e1 muy cerca *\/\r\n}\r\n\r\n.video-container iframe {\r\n    position: absolute;\r\n    top: 0;\r\n    left: 0;\r\n    width: 100%;\r\n    height: 100%;\r\n}\r\n\r\n\/* Estilos para la imagen clickable *\/\r\n.clickable-image {\r\n    cursor: pointer;\r\n    max-width: 100%; \/* Para que la imagen sea responsive *\/\r\n    height: auto;\r\n    display: block; \/* Ayuda a evitar espacio extra debajo de la imagen *\/\r\n}\r\n<\/style>\r\n\r\n<img decoding=\"async\" src=\"https:\/\/conducircolombia.com\/cea\/wp-content\/uploads\/2025\/02\/youtube-1-300x160.webp\r\n\" alt=\"Haz clic para ver el video\" class=\"clickable-image\" data-youtube-id=\"n0ZvtD3T048\">\r\n\r\n<div class=\"youtube-popup-overlay\">\r\n    <div class=\"youtube-popup-content\">\r\n        <span class=\"youtube-popup-close\">\u00d7<\/span>\r\n        <div class=\"video-container\">\r\n            <iframe src=\"\" frameborder=\"0\" allow=\"accelerometer; autoplay; clipboard-write; encrypted-media; gyroscope; picture-in-picture\" allowfullscreen><\/iframe>\r\n        <\/div>\r\n    <\/div>\r\n<\/div>\r\n\r\n<script>\r\ndocument.addEventListener('DOMContentLoaded', function() {\r\n    const image = document.querySelector('.clickable-image');\r\n    const popupOverlay = document.querySelector('.youtube-popup-overlay');\r\n    const closeButton = document.querySelector('.youtube-popup-close');\r\n    const iframe = document.querySelector('.youtube-popup-content iframe');\r\n\r\n    \/\/ Funci\u00f3n para abrir el pop-up\r\n    if(image && popupOverlay && closeButton && iframe) { \/\/ Verifica que los elementos existan\r\n        image.addEventListener('click', function() {\r\n            const youtubeId = this.getAttribute('data-youtube-id');\r\n            if (youtubeId) {\r\n                \/\/ *** MODIFICACI\u00d3N AQU\u00cd: A\u00f1adido '&rel=0' ***\r\n                iframe.src = 'https:\/\/www.youtube.com\/embed\/' + youtubeId + '?autoplay=1&rel=0'; \/\/ Autoplay y solo videos del mismo canal\r\n                popupOverlay.style.display = 'flex'; \/\/ Muestra el pop-up (usando flexbox para centrar)\r\n            }\r\n        });\r\n\r\n        \/\/ Funci\u00f3n para cerrar el pop-up\r\n        function closePopup() {\r\n            iframe.src = ''; \/\/ Detiene el video al cerrar (vac\u00eda el src)\r\n            popupOverlay.style.display = 'none'; \/\/ Oculta el pop-up\r\n        }\r\n\r\n        \/\/ Cerrar al hacer clic en el bot\u00f3n de cerrar\r\n        closeButton.addEventListener('click', closePopup);\r\n\r\n        \/\/ Cerrar al hacer clic fuera del contenido del pop-up (en el overlay)\r\n        \/\/ Usamos currentTarget para asegurar que solo cierre si se clica DIRECTAMENTE en el overlay\r\n        popupOverlay.addEventListener('click', function(event) {\r\n            if (event.target === event.currentTarget) {\r\n                closePopup();\r\n            }\r\n        });\r\n\r\n        \/\/ Opcional: Cerrar con la tecla Escape\r\n        document.addEventListener('keydown', function(event) {\r\n             if (event.key === 'Escape' && popupOverlay.style.display === 'flex') {\r\n                closePopup();\r\n            }\r\n        });\r\n    } else {\r\n        console.error(\"Alguno de los elementos HTML necesarios no se encontr\u00f3.\");\r\n    }\r\n});\r\n<\/script>\t\t\t\t<\/div>\n\t\t\t\t<\/div>\n\t\t\t\t\t<\/div>\n\t\t<\/div>\n\t\t\t\t\t<\/div>\n\t\t<\/section>\n\t\t\t\t<div class=\"elementor-element elementor-element-05d6d48 elementor-widget__width-initial elementor-widget elementor-widget-text-editor\" data-id=\"05d6d48\" data-element_type=\"widget\" data-widget_type=\"text-editor.default\">\n\t\t\t\t<div class=\"elementor-widget-container\">\n\t\t\t\t\t\t\t\t\t<div class=\"react-scroll-to-bottom--css-qrkep-1n7m0yu\"><div class=\"flex flex-col text-sm md:pb-9\"><article class=\"w-full text-token-text-primary focus-visible:outline-2 focus-visible:outline-offset-[-4px] sm:AIPRM__conversation__response\" dir=\"auto\" data-testid=\"conversation-turn-39\" data-scroll-anchor=\"true\"><div class=\"m-auto text-base py-[18px] px-6\"><div class=\"mx-auto flex flex-1 gap-4 text-base md:gap-5 lg:gap-6 md:max-w-3xl lg:max-w-[40rem] xl:max-w-[48rem]\"><div class=\"group\/conversation-turn relative flex w-full min-w-0 flex-col agent-turn @xs\/thread:px-0 @sm\/thread:px-1.5 @md\/thread:px-4\"><div class=\"flex-col gap-1 md:gap-3\"><div class=\"flex max-w-full flex-col flex-grow AIPRM__conversation__response\"><div class=\"min-h-8 text-message flex w-full flex-col items-end gap-2 whitespace-normal break-words text-start [.text-message+&amp;]:mt-5\" dir=\"auto\" data-message-author-role=\"assistant\" data-message-id=\"9a69c089-7ba0-42bf-a93b-cb5fe61aeb37\" data-message-model-slug=\"gpt-4o\"><div class=\"flex w-full flex-col gap-1 empty:hidden first:pt-[3px]\"><div class=\"markdown prose w-full break-words dark:prose-invert light\"><h2><strong>\ud83d\udea6 Normas generales para ciclistas y motociclistas<\/strong><\/h2><p>\ud83d\udccc <strong>Art\u00edculo 94<\/strong><\/p><p>Tanto los ciclistas como los motociclistas deben seguir <strong>ciertas reglas b\u00e1sicas<\/strong> para transitar de forma segura.<\/p><p>\ud83d\udce2 <strong>Reglas clave:<\/strong><\/p><p>\u2714 <strong>Circular por la derecha<\/strong>, a no m\u00e1s de 1 metro de la acera u orilla.<br \/>\u2714 <strong>No usar carriles exclusivos de transporte p\u00fablico.<\/strong><br \/>\u2714 <strong>Usar chalecos o chaquetas reflectivas<\/strong> entre las 6:00 p.m. y las 6:00 a.m.<br \/>\u2714 <strong>No agarrarse de otros veh\u00edculos en movimiento.<\/strong><br \/>\u2714 <strong>No transitar sobre aceras o espacios destinados a los peatones.<\/strong><br \/>\u2714 <strong>Respetar se\u00f1ales de tr\u00e1nsito y l\u00edmites de velocidad.<\/strong><br \/>\u2714 <strong>No adelantar por la derecha ni zigzaguear entre veh\u00edculos.<\/strong><br \/>\u2714 <strong>Utilizar las se\u00f1ales manuales de giro y frenado<\/strong> (seg\u00fan el Art. 69 del C\u00f3digo).<br \/>\u2714 <strong>Siempre usar casco de seguridad<\/strong>, tanto el conductor como el acompa\u00f1ante.<\/p><p>\ud83d\udea8 <strong>Si un motociclista no usa casco, su veh\u00edculo puede ser inmovilizado.<\/strong><\/p><h2><strong>\ud83d\udeb4 Normas espec\u00edficas para ciclistas y triciclos<\/strong><\/h2><p>\ud83d\udccc <strong>Art\u00edculo 95<\/strong><\/p><p>Los ciclistas y triciclistas tienen derechos en la v\u00eda, pero tambi\u00e9n deben cumplir <strong>reglas espec\u00edficas<\/strong> para evitar accidentes.<\/p><p>\ud83d\udce2 <strong>\u00bfQu\u00e9 deben hacer los ciclistas?<\/strong><\/p><p>\u2714 <strong>Deben ocupar un solo carril y respetar las normas de tr\u00e1nsito.<\/strong><br \/>\u2714 <strong>No pueden llevar acompa\u00f1antes, salvo que el veh\u00edculo tenga un asiento adicional.<\/strong><br \/>\u2714 <strong>No deben transportar objetos que obstruyan la visibilidad o el control del veh\u00edculo.<\/strong><br \/>\u2714 <strong>Si circulan de noche, deben llevar luces:<\/strong><\/p><ul><li><strong>Delantera de color blanco.<\/strong><\/li><li><strong>Trasera reflectiva de color rojo.<\/strong><\/li><\/ul><p>\ud83d\udccc <strong>Medidas especiales los domingos y festivos:<\/strong><\/p><p>Los alcaldes pueden restringir temporalmente la circulaci\u00f3n de veh\u00edculos automotores en algunas v\u00edas para permitir actividades recreativas como:<br \/>\ud83c\udfc3 Atletismo<br \/>\ud83d\udeb4 Ciclismo<br \/>\ud83d\udefc Patinaje<br \/>\ud83d\udeb6 Caminatas<\/p><p>\ud83d\udea8 <strong>Si se cierran v\u00edas para estas actividades, los veh\u00edculos solo podr\u00e1n circular a un m\u00e1ximo de 25 km\/h.<\/strong><\/p><h2><strong>\ud83c\udfcd\ufe0f Normas espec\u00edficas para motociclistas<\/strong><\/h2><p>\ud83d\udccc <strong>Art\u00edculo 96<\/strong><\/p><p>Las motocicletas son un medio de transporte muy \u00fatil, pero <strong>requieren de un manejo seguro y responsable<\/strong>.<\/p><p>\ud83d\udce2 <strong>Reglas que deben cumplir los motociclistas:<\/strong><\/p><p>\u2714 <strong>Deben transitar por un solo carril<\/strong> y respetar la se\u00f1alizaci\u00f3n.<br \/>\u2714 <strong>Pueden llevar un solo acompa\u00f1ante, quien tambi\u00e9n debe usar casco y chaleco reflectivo.<\/strong><br \/>\u2714 <strong>Deben usar luces direccionales al girar y espejos retrovisores en todo momento.<\/strong><br \/>\u2714 <strong>Siempre deben llevar las luces delanteras y traseras encendidas, incluso de d\u00eda.<\/strong><br \/>\u2714 <strong>No pueden transportar objetos que afecten su visibilidad o equilibrio.<\/strong><\/p><p>\ud83d\udea8 <strong>Importante:<\/strong> No se puede exigir que el casco tenga la placa de la moto.<\/p><h2><strong>\ud83c\udfaf Conclusi\u00f3n: Seguridad y Respeto para Todos<\/strong><\/h2><p>Los ciclistas y motociclistas tienen derecho a circular por las v\u00edas, pero deben hacerlo de manera segura y respetuosa.<\/p><p>\u2714 <strong>Circular por el carril adecuado y respetar las se\u00f1ales de tr\u00e1nsito.<\/strong><br \/>\u2714 <strong>Usar los elementos de seguridad obligatorios (casco, luces, chaleco reflectivo).<\/strong><br \/>\u2714 <strong>Evitar maniobras peligrosas como adelantar por la derecha o sujetarse de otros veh\u00edculos.<\/strong><br \/>\u2714 <strong>Mantener la visibilidad adecuada y no transportar objetos que dificulten la conducci\u00f3n.<\/strong><\/p><p>\ud83d\udea6 <strong>\u00a1Respetemos las normas para un tr\u00e1nsito m\u00e1s seguro!<\/strong> \ud83d\udeb2\ud83c\udfcd\ufe0f<\/p><p>\ud83d\udce2 <strong>\u00bfTienes dudas sobre estas normas? D\u00e9jalas en los comentarios.<\/strong><\/p><p>\ud83d\udcf2 <strong>Comparte esta informaci\u00f3n para que m\u00e1s personas conozcan sus derechos y deberes como ciclistas y motociclistas.<\/strong> \ud83d\udeb4\u200d\u2642\ufe0f\ud83c\udfcd\ufe0f<\/p><\/div><\/div><\/div><\/div><\/div><div class=\"absolute\"><div class=\"flex items-center justify-center\">\u00a0<\/div><\/div><\/div><\/div><\/div><\/article><\/div><\/div><div id=\"AIPRM__sidebar-icon\" class=\"AIPRM__p-2 AIPRM__top-12 md:AIPRM__top-2 AIPRM__p-2 AIPRM__items-center AIPRM__transition-colors AIPRM__duration-200 AIPRM__cursor-pointer AIPRM__text-sm AIPRM__rounded-md AIPRM__border AIPRM__bg-white dark:AIPRM__bg-gray-900 AIPRM__border-black\/10 dark:AIPRM__border-white\/20 hover:AIPRM__bg-gray-50 dark:hover:AIPRM__bg-gray-850 AIPRM__cursor-pointer AIPRM__fixed AIPRM__right-4 AIPRM__z-30\" title=\"Open AIPRM sidebar\"><div class=\"AIPRM__invert dark:AIPRM__filter-none AIPRM__sidebar-icon AIPRM__w-12 AIPRM__h-12\">\u00a0<\/div><\/div>\t\t\t\t\t\t\t\t<\/div>\n\t\t\t\t<\/div>\n\t\t\t\t<div class=\"elementor-element elementor-element-1ddbfba elementor-align-left elementor-widget elementor-widget-button\" data-id=\"1ddbfba\" data-element_type=\"widget\" data-widget_type=\"button.default\">\n\t\t\t\t<div class=\"elementor-widget-container\">\n\t\t\t\t\t\t\t\t\t<div class=\"elementor-button-wrapper\">\n\t\t\t\t\t<a class=\"elementor-button elementor-button-link elementor-size-sm\" href=\"https:\/\/conducircolombia.com\/cea\/codigo-de-transito-indice\/\">\n\t\t\t\t\t\t<span class=\"elementor-button-content-wrapper\">\n\t\t\t\t\t\t\t\t\t<span class=\"elementor-button-text\">\u00cdNDICE<\/span>\n\t\t\t\t\t<\/span>\n\t\t\t\t\t<\/a>\n\t\t\t\t<\/div>\n\t\t\t\t\t\t\t\t<\/div>\n\t\t\t\t<\/div>\n\t\t\t\t<div class=\"elementor-element elementor-element-d2fde5a elementor-widget elementor-widget-heading\" data-id=\"d2fde5a\" data-element_type=\"widget\" data-widget_type=\"heading.default\">\n\t\t\t\t<div class=\"elementor-widget-container\">\n\t\t\t\t\t<h2 class=\"elementor-heading-title elementor-size-default\">Texto del c\u00f3digo:<\/h2>\t\t\t\t<\/div>\n\t\t\t\t<\/div>\n\t\t\t\t<div class=\"elementor-element elementor-element-ba5764d elementor-widget__width-initial elementor-widget elementor-widget-text-editor\" data-id=\"ba5764d\" data-element_type=\"widget\" data-widget_type=\"text-editor.default\">\n\t\t\t\t<div class=\"elementor-widget-container\">\n\t\t\t\t\t\t\t\t\t<p style=\"font-weight: 400;\"><b>CAPITULO<\/b>\u00a0<b>5<\/b><\/p><p style=\"font-weight: 400;\"><b><strong>CICLISTAS Y MOTOCICLISTAS<\/strong><\/b><\/p><p style=\"font-weight: 400;\"><b><strong>ART\u00cdCULO<\/strong><\/b>\u00a0<b><strong>94. NORMAS GENERALES PARA BICICLETAS, TRICICLOS, MOTOCICLETAS, MOTOCICLOS Y MOTOTRICICLOS.\u00a0<\/strong><\/b>Los conductores de bicicletas, triciclos, motocicletas, motociclos y mototriciclos, estar\u00e1n sujetos a las siguientes normas:<\/p><p style=\"font-weight: 400;\">Deben transitar por la derecha de las v\u00edas a distancia no mayor de un (1) metro de la acera u orilla y nunca utilizar las v\u00edas exclusivas para servicio p\u00fablico colectivo.<\/p><p style=\"font-weight: 400;\">Los conductores de estos tipos de veh\u00edculos y sus acompa\u00f1antes deben vestir chalecos o chaquetas reflectivas de identificaci\u00f3n que deben ser visibles cuando se conduzca entre las 18:00 y las 6:00 horas del d\u00eda siguiente, y siempre que la visibilidad sea escasa.<\/p><p style=\"font-weight: 400;\">Los conductores que transiten en grupo lo har\u00e1n uno detr\u00e1s de otro.<\/p><p style=\"font-weight: 400;\">No deben sujetarse de otro veh\u00edculo o viajar cerca de otro carruaje de mayor tama\u00f1o que lo oculte de la vista de los conductores que transiten en sentido contrario.<\/p><p style=\"font-weight: 400;\">No deben transitar sobre las aceras, lugares destinados al tr\u00e1nsito de peatones y por aquellas v\u00edas en donde las autoridades competentes lo proh\u00edban. Deben conducir en las v\u00edas p\u00fablicas permitidas o, donde existan, en aquellas especialmente dise\u00f1adas para ello.<\/p><p style=\"font-weight: 400;\">Deben respetar las se\u00f1ales, normas de tr\u00e1nsito y l\u00edmites de velocidad.<\/p><p style=\"font-weight: 400;\">No deben adelantar a otros veh\u00edculos por la derecha o entre veh\u00edculos que transiten por sus respectivos carriles. Siempre utilizar\u00e1n el carril libre a la izquierda del veh\u00edculo a sobrepasar.<\/p><p style=\"font-weight: 400;\">Deben usar las se\u00f1ales manuales detalladas en el art\u00edculo\u00a0<a href=\"https:\/\/www.alcaldiabogota.gov.co\/sisjur\/normas\/Norma1.jsp?i=5557#69\">69<\/a>\u00a0de este c\u00f3digo.<\/p><p style=\"font-weight: 400;\">Los conductores y los acompa\u00f1antes cuando hubieren, deber\u00e1n utilizar casco de seguridad, de acuerdo como fije el Ministerio de Transporte.<\/p><p style=\"font-weight: 400;\">La no utilizaci\u00f3n del casco de seguridad cuando corresponda dar\u00e1 lugar a la inmovilizaci\u00f3n del veh\u00edculo.<\/p><p style=\"font-weight: 400;\"><b><strong>ART\u00cdCULO<\/strong><\/b>\u00a0<b><strong>95.\u00a0<\/strong><\/b><a href=\"https:\/\/www.alcaldiabogota.gov.co\/sisjur\/normas\/Norma1.jsp?i=67295#9\">Modificado por el art. 9, Ley 1811 de 2016.<\/a>\u00a0<em>&lt;El nuevo texto es el siguiente&gt;<\/em><b><strong>\u00a0<\/strong><\/b><b><strong>NORMAS ESPEC\u00cdFICAS PARA BICICLETAS Y TRICICLOS.<\/strong><\/b>\u00a0Las bicicletas y triciclos se sujetar\u00e1n a las siguientes normas espec\u00edficas:<\/p><ol><li>Debe transitar ocupando un carril, observando lo dispuesto en los art\u00edculos<a href=\"https:\/\/www.alcaldiabogota.gov.co\/sisjur\/normas\/Norma1.jsp?i=5557#60\">60<\/a>\u00a0y\u00a0<a href=\"https:\/\/www.alcaldiabogota.gov.co\/sisjur\/normas\/Norma1.jsp?i=5557#68\">68<\/a>\u00a0del presente c\u00f3digo.<\/li><li>Los conductores que transiten en grupo deber\u00e1n ocupar un carril y nunca podr\u00e1n utilizar las v\u00edas exclusivas para servicio p\u00fablico colectivo.<\/li><li>Los conductores podr\u00e1n compartir espacios garantizando la prioridad de estos en el entorno vial.<\/li><li>No podr\u00e1n llevar acompa\u00f1ante excepto mediante el uso de dispositivos dise\u00f1ados especialmente para \u00e9l o, ni transportar objetos que disminuyan la visibilidad o que impida un tr\u00e1nsito seguro.<\/li><li>Cuando circulen en horas nocturnas, deben llevar dispositivos en la parte delantera que proyecten luz blanca, y en la parte trasera que reflecte luz roja.<\/li><\/ol><p style=\"font-weight: 400;\"><b><strong>Par\u00e1grafo<\/strong><\/b>\u00a0<b><strong>1.<\/strong><\/b>\u00a0Los Alcaldes Municipales podr\u00e1n restringir temporalmente los d\u00edas domingos y festivos, el tr\u00e1nsito de todo\u00a0tipo de veh\u00edculo automotor por las v\u00edas locales y nacionales o departamentales que pasen por su jurisdicci\u00f3n, a\u00a0efectos de\u00a0promover la pr\u00e1ctica de actividades deportivas tales como el ciclismo, el atletismo, el patinaje, las caminatas y similares,\u00a0as\u00ed como, la recreaci\u00f3n y el esparcimiento de los habitantes de su jurisdicci\u00f3n, siempre y cuando haya una v\u00eda alterna por\u00a0donde dichos veh\u00edculos puedan hacer su tr\u00e1nsito normal.<\/p><p style=\"font-weight: 400;\"><b><strong>Par\u00e1grafo<\/strong><\/b>\u00a0<b><strong>2.<\/strong><\/b>\u00a0La velocidad m\u00e1xima de operaci\u00f3n en las v\u00edas mientras se realicen actividades deportivas, l\u00fadicas y, o recreativas ser\u00e1 de 25 km\/h.<\/p><p style=\"font-weight: 400;\"><b><strong>ART\u00cdCULO\u00a0<\/strong><\/b><b><strong>96.\u00a0<\/strong><\/b><a href=\"https:\/\/www.alcaldiabogota.gov.co\/sisjur\/normas\/Norma1.jsp?i=125520#9\">Modificado por el art. 9, Ley 2251 de 2022.<\/a>\u00a0&lt;<em>El nuevo texto es el siguiente&gt;\u00a0<\/em><b><strong>NORMAS ESPEC\u00cdFICAS PARA MOTOCICLETAS, MOTOCICLOS Y MOTOTRICICLOS.<\/strong><\/b><b><strong>\u00a0<\/strong><\/b>Las motocicletas se sujetar\u00e1n a las siguientes normas espec\u00edficas:<\/p><ol><li>Deben transitar ocupando un carril, observando lo dispuesto en los art\u00edculos<a href=\"https:\/\/www.alcaldiabogota.gov.co\/sisjur\/normas\/Norma1.jsp?i=5557#60\">60<\/a>\u00a0y\u00a0<a href=\"https:\/\/www.alcaldiabogota.gov.co\/sisjur\/normas\/Norma1.jsp?i=5557#68\">68<\/a>\u00a0del Presente C\u00f3digo.<\/li><li>Podr\u00e1n llevar un acompa\u00f1ante en su veh\u00edculo, el cual tambi\u00e9n\u00a0deber\u00e1 utilizar casco y la prenda reflectiva exigida para el conductor.<\/li><li>Deber\u00e1n usar de acuerdo con lo estipulado para veh\u00edculos automotores, las luces direccionales. De igual forma utilizar, en todo momento, los espejos retrovisores.<\/li><li>Todo el tiempo que transiten por las v\u00edas de uso p\u00fablico, deber\u00e1n hacerlo con las luces delanteras y traseras encendidas.<\/li><li>El conductor y el acompa\u00f1ante deber\u00e1n portar siempre el casco de seguridad, conforme a la reglamentaci\u00f3n que expida el Ministerio de Transporte. En todo caso, no se podr\u00e1 exigir que el casco contenga el n\u00famero de placa correspondiente al del veh\u00edculo en que se moviliza.<\/li><li>No se podr\u00e1n transportar objetos que disminuyan la visibilidad, que incomoden al conductor o acompa\u00f1ante o que ofrezcan peligro para los dem\u00e1s usuarios de las v\u00edas.<\/li><\/ol><p style=\"font-weight: 400;\"><b><strong>Otras Modificaciones:<\/strong><\/b>\u00a0<a href=\"https:\/\/www.alcaldiabogota.gov.co\/sisjur\/normas\/Norma1.jsp?i=31604#3\">Modificado por el art. 3, Ley 1239 de 2008.<\/a><\/p><p>\u00a0<\/p>\t\t\t\t\t\t\t\t<\/div>\n\t\t\t\t<\/div>\n\t\t\t\t<section class=\"elementor-section elementor-inner-section elementor-element elementor-element-5e1611e elementor-section-boxed elementor-section-height-default elementor-section-height-default\" data-id=\"5e1611e\" data-element_type=\"section\">\n\t\t\t\t\t\t<div class=\"elementor-container elementor-column-gap-default\">\n\t\t\t\t\t<div class=\"elementor-column elementor-col-50 elementor-inner-column elementor-element elementor-element-5debf98\" data-id=\"5debf98\" data-element_type=\"column\" data-settings=\"{&quot;background_background&quot;:&quot;classic&quot;}\">\n\t\t\t<div class=\"elementor-widget-wrap elementor-element-populated\">\n\t\t\t\t\t\t<div class=\"elementor-element elementor-element-cf6ffc1 elementor-widget elementor-widget-html\" data-id=\"cf6ffc1\" data-element_type=\"widget\" data-widget_type=\"html.default\">\n\t\t\t\t<div class=\"elementor-widget-container\">\n\t\t\t\t\t<style>\r\n\/* Estilos para el t\u00edtulo *\/\r\n.widget-title {\r\n  font-size: 24px;\r\n  font-weight: bold;\r\n  color: #fff;\r\n  text-align: center;\r\n  margin-bottom: 20px;\r\n}\r\n\r\n\/* Estilos para el acorde\u00f3n *\/\r\n.accordion {\r\n  background-color: #333;\r\n  color: #fff;\r\n  cursor: pointer;\r\n  padding: 15px;\r\n  width: 100%;\r\n  border: none;\r\n  text-align: left;\r\n  outline: none;\r\n  font-size: 16px;\r\n  transition: background-color 0.3s ease;\r\n  margin-bottom: 5px;\r\n}\r\n\r\n.accordion.active, .accordion:hover {\r\n  background-color: #555;\r\n}\r\n\r\n.panel {\r\n  padding: 0 15px;\r\n  background-color: #222;\r\n  color: #fff;\r\n  max-height: 0;\r\n  overflow: hidden;\r\n  transition: max-height 0.3s ease-out;\r\n  border: 1px solid #444;\r\n  margin-bottom: 10px;\r\n}\r\n\r\n.panel p {\r\n  margin: 10px 0;\r\n  line-height: 1.5;\r\n}\r\n<\/style>\r\n\r\n<!-- T\u00edtulo del widget -->\r\n<h2 class=\"widget-title\">Preguntas basadas en el m\u00e9todo Feynman<\/h2>\r\n\r\n<!-- 1. Sobre el Art\u00edculo 94 (Normas generales) -->\r\n<button class=\"accordion\">1. Sobre el Art\u00edculo 94 (Normas generales)<\/button>\r\n<div class=\"panel\">\r\n  <p>\ud83d\udd39 <strong>Explica como si ense\u00f1aras a un ni\u00f1o:<\/strong> \u00bfPor qu\u00e9 los ciclistas y motociclistas deben circular por la derecha y cerca de la orilla?<\/p>\r\n  <p>\ud83d\udd39 <strong>Ejemplo pr\u00e1ctico:<\/strong> Un motociclista no lleva chaleco reflectivo a las 7:00 p.m. \u00bfEst\u00e1 incumpliendo la norma? \u00bfQu\u00e9 consecuencias podr\u00eda tener?<\/p>\r\n  <p>\ud83d\udd39 <strong>Detecci\u00f3n de errores:<\/strong> \"Los ciclistas pueden usar el carril exclusivo de TransMilenio si no hay buses cerca\". \u00bfEs correcto? Explica por qu\u00e9.<\/p>\r\n<\/div>\r\n\r\n<!-- 2. Sobre el Art\u00edculo 95 (Normas para ciclistas) -->\r\n<button class=\"accordion\">2. Sobre el Art\u00edculo 95 (Normas para ciclistas)<\/button>\r\n<div class=\"panel\">\r\n  <p>\ud83d\udd39 <strong>Analog\u00eda:<\/strong> Compara la norma de \"no llevar objetos que obstruyan la visibilidad\" con algo cotidiano (ej: cargar una caja grande mientras caminas).<\/p>\r\n  <p>\ud83d\udd39 <strong>Role-playing:<\/strong> Eres un ciclista de noche sin luces. Un polic\u00eda te detiene. \u00bfQu\u00e9 art\u00edculo incumpliste y qu\u00e9 riesgo generas?<\/p>\r\n  <p>\ud83d\udd39 <strong>Debate:<\/strong> \u00bfPor qu\u00e9 los alcaldes pueden cerrar v\u00edas los domingos para ciclistas? \u00bfQu\u00e9 velocidad m\u00e1xima deben respetar los veh\u00edculos en esas v\u00edas?<\/p>\r\n<\/div>\r\n\r\n<!-- 3. Sobre el Art\u00edculo 96 (Normas para motociclistas) -->\r\n<button class=\"accordion\">3. Sobre el Art\u00edculo 96 (Normas para motociclistas)<\/button>\r\n<div class=\"panel\">\r\n  <p>\ud83d\udd39 <strong>Explica con causa-efecto:<\/strong> \u00bfPor qu\u00e9 es obligatorio que las motos lleven luces encendidas incluso de d\u00eda?<\/p>\r\n  <p>\ud83d\udd39 <strong>Pregunta cr\u00edtica:<\/strong> Un motociclista lleva a su hijo peque\u00f1o sin casco. \u00bfQu\u00e9 dos normas est\u00e1 violando?<\/p>\r\n  <p>\ud83d\udd39 <strong>Brecha de conocimiento:<\/strong> \u00bfPor qu\u00e9 la ley aclara que no se puede exigir que el casco tenga la placa de la moto?<\/p>\r\n<\/div>\r\n\r\n<!-- 4. Preguntas de s\u00edntesis (M\u00e9todo Feynman) -->\r\n<button class=\"accordion\">4. Preguntas de s\u00edntesis (M\u00e9todo Feynman)<\/button>\r\n<div class=\"panel\">\r\n  <p>\ud83d\udd39 <strong>Ens\u00e9\u00f1ame como si fuera un extraterrestre:<\/strong> Resume en 3 oraciones las diferencias clave entre las normas para ciclistas y motociclistas.<\/p>\r\n  <p>\ud83d\udd39 <strong>Compara y contrasta:<\/strong> \u00bfEn qu\u00e9 se parecen y en qu\u00e9 se diferencian las normas de seguridad para ciclistas y motociclistas? Usa una tabla.<\/p>\r\n<\/div>\r\n\r\n<!-- 5. Bonus: Aplicaci\u00f3n pr\u00e1ctica y \u00e9tica -->\r\n<button class=\"accordion\">5. Bonus: Aplicaci\u00f3n pr\u00e1ctica y \u00e9tica<\/button>\r\n<div class=\"panel\">\r\n  <p>\ud83d\udd39 <strong>Escenario hipot\u00e9tico:<\/strong> Un motociclista zigzaguea entre carros para evitar el tr\u00e1fico. \u00bfQu\u00e9 art\u00edculo viola y qu\u00e9 peligros genera?<\/p>\r\n  <p>\ud83d\udd39 <strong>Propuesta de mejora:<\/strong> Si pudieras agregar una nueva norma para proteger a ciclistas, \u00bfcu\u00e1l ser\u00eda y c\u00f3mo la explicar\u00edas?<\/p>\r\n<\/div>\r\n\r\n<script>\r\nvar acc = document.getElementsByClassName(\"accordion\");\r\nfor (var i = 0; i < acc.length; i++) {\r\n  acc[i].addEventListener(\"click\", function() {\r\n    this.classList.toggle(\"active\");\r\n    var panel = this.nextElementSibling;\r\n    if (panel.style.maxHeight) {\r\n      panel.style.maxHeight = null;\r\n    } else {\r\n      panel.style.maxHeight = panel.scrollHeight + \"px\";\r\n    }\r\n  });\r\n}\r\n<\/script>\r\n\t\t\t\t<\/div>\n\t\t\t\t<\/div>\n\t\t\t\t\t<\/div>\n\t\t<\/div>\n\t\t\t\t<div class=\"elementor-column elementor-col-50 elementor-inner-column elementor-element elementor-element-869b4c3\" data-id=\"869b4c3\" data-element_type=\"column\">\n\t\t\t<div class=\"elementor-widget-wrap elementor-element-populated\">\n\t\t\t\t\t\t<div class=\"elementor-element elementor-element-60febfc elementor-widget elementor-widget-html\" data-id=\"60febfc\" data-element_type=\"widget\" data-widget_type=\"html.default\">\n\t\t\t\t<div class=\"elementor-widget-container\">\n\t\t\t\t\t<style>\r\n.quiz-container {\r\n    font-family: Arial, sans-serif;\r\n    max-width: 600px;\r\n    margin: 0 auto;\r\n    padding: 20px;\r\n    border: 1px solid #ccc;\r\n    border-radius: 10px;\r\n    background-color: #f9f9f9;\r\n}\r\n\r\n.pregunta {\r\n    margin-bottom: 15px;\r\n    padding: 10px;\r\n    border: 1px solid #ddd;\r\n    border-radius: 10px;\r\n    background-color: #fff;\r\n    box-shadow: 2px 2px 10px rgba(0, 0, 0, 0.1);\r\n}\r\n\r\n.pregunta h4 {\r\n    margin-top: 0;\r\n    color: #333;\r\n}\r\n\r\ninput[type=\"submit\"] {\r\n    display: block;\r\n    width: 100%;\r\n    margin: 20px 0;\r\n    padding: 10px;\r\n    background-color: #007bff;\r\n    color: white;\r\n    border: none;\r\n    border-radius: 5px;\r\n    cursor: pointer;\r\n}\r\n\r\n#resultado {\r\n    margin-top: 20px;\r\n    padding: 15px;\r\n    border-radius: 5px;\r\n    text-align: center;\r\n    background-color: #e9ecef;\r\n    font-weight: bold;\r\n    display: none;\r\n}\r\n<\/style>\r\n\r\n<div class=\"quiz-container\">\r\n    <form id=\"cuestionario\">\r\n        <!-- Preguntas -->\r\n        <div class=\"pregunta\">\r\n            <h4>1. \u00bfA qu\u00e9 distancia de la acera deben circular los ciclistas?<\/h4>\r\n            <input type=\"radio\" name=\"q1\" value=\"a\"> A) No m\u00e1s de 1 metro<br>\r\n            <input type=\"radio\" name=\"q1\" value=\"b\"> B) 3 metros<br>\r\n            <input type=\"radio\" name=\"q1\" value=\"c\"> C) Pueden ir por cualquier parte de la v\u00eda<br>\r\n        <\/div>\r\n        \r\n        <div class=\"pregunta\">\r\n            <h4>2. \u00bfQu\u00e9 elemento de seguridad es obligatorio para motociclistas y acompa\u00f1antes?<\/h4>\r\n            \r\n            <input type=\"radio\" name=\"q2\" value=\"a\"> A) Guantes<br>\r\n            <input type=\"radio\" name=\"q2\" value=\"b\"> B) Rodilleras<br>\r\n            <input type=\"radio\" name=\"q2\" value=\"c\"> C) Casco de seguridad<br>\r\n\t<\/div>\r\n\r\n        <div class=\"pregunta\">\r\n            <h4>3. \u00bfCu\u00e1ndo deben usar chaleco reflectivo los motociclistas?<\/h4>\r\n            <input type=\"radio\" name=\"q3\" value=\"a\"> A) Entre las 6:00 p.m. y las 6:00 a.m.<br>\r\n            <input type=\"radio\" name=\"q3\" value=\"b\"> B) Solo de noche<br>\r\n            <input type=\"radio\" name=\"q3\" value=\"c\"> C) No es obligatorio<br>\r\n        <\/div>\r\n\r\n        <div class=\"pregunta\">\r\n            <h4>4. \u00bfQu\u00e9 tipo de luces deben llevar los ciclistas en la noche?<\/h4>\r\n            \r\n            <input type=\"radio\" name=\"q4\" value=\"A\"> A) Azul y amarilla<br>\r\n            <input type=\"radio\" name=\"q4\" value=\"b\"> B) No necesitan luces<br>\r\n            <input type=\"radio\" name=\"q4\" value=\"c\"> C) Delantera blanca y trasera roja<br>\r\n\t<\/div>\r\n\r\n        <div class=\"pregunta\">\r\n            <h4>5. \u00bfQu\u00e9 acci\u00f3n est\u00e1 prohibida para ciclistas?<\/h4>\r\n            <input type=\"radio\" name=\"q5\" value=\"a\"> A) Agarrarse de otros veh\u00edculos<br>\r\n            <input type=\"radio\" name=\"q5\" value=\"b\"> B) Usar casco<br>\r\n            <input type=\"radio\" name=\"q5\" value=\"c\"> C) Circular por la derecha de la v\u00eda<br>\r\n        <\/div>\r\n\r\n        <div class=\"pregunta\">\r\n            <h4>6. \u00bfQu\u00e9 deben hacer los motociclistas con las luces de su veh\u00edculo?<\/h4>\r\n            <input type=\"radio\" name=\"q6\" value=\"a\"> A) Mantenerlas encendidas siempre<br>\r\n            <input type=\"radio\" name=\"q6\" value=\"b\"> B) Solo encenderlas de noche<br>\r\n            <input type=\"radio\" name=\"q6\" value=\"c\"> C) Solo usarlas en autopistas<br>\r\n        <\/div>\r\n\r\n        <div class=\"pregunta\">\r\n            <h4>7. \u00bfCu\u00e1ntos acompa\u00f1antes puede llevar un motociclista?<\/h4>\r\n            <input type=\"radio\" name=\"q7\" value=\"a\"> A) Uno, siempre con casco<br>\r\n            <input type=\"radio\" name=\"q7\" value=\"b\"> B) Dos<br>\r\n            <input type=\"radio\" name=\"q7\" value=\"c\"> C) No hay l\u00edmite<br>\r\n        <\/div>\r\n\r\n        <div class=\"pregunta\">\r\n            <h4>8. \u00bfQu\u00e9 debe hacer un ciclista antes de girar?<\/h4>\r\n            <input type=\"radio\" name=\"q8\" value=\"a\"> A) Se\u00f1alizar con la mano<br>\r\n            <input type=\"radio\" name=\"q8\" value=\"b\"> B) Acelerar<br>\r\n            <input type=\"radio\" name=\"q8\" value=\"c\"> C) No es necesario hacer nada<br>\r\n        <\/div>\r\n\r\n        <div class=\"pregunta\">\r\n            <h4>9. \u00bfQu\u00e9 est\u00e1 prohibido para motociclistas?<\/h4>\r\n            \r\n            \r\n\t    <input type=\"radio\" name=\"q9\" value=\"a\"> A) Usar luces direccionales<br>\r\n            <input type=\"radio\" name=\"q9\" value=\"b\"> B) Llevar objetos que dificulten la conducci\u00f3n<br>\r\n\t    <input type=\"radio\" name=\"q9\" value=\"c\"> C) Circular en un solo carril<br>\r\n            \r\n\t<\/div>\r\n\r\n        <div class=\"pregunta\">\r\n            <h4>10. \u00bfQu\u00e9 velocidad m\u00e1xima se permite en v\u00edas cerradas para actividades deportivas?<\/h4>\r\n            <input type=\"radio\" name=\"q10\" value=\"a\"> A) 25 km\/h<br>\r\n            <input type=\"radio\" name=\"q10\" value=\"b\"> B) 40 km\/h<br>\r\n            <input type=\"radio\" name=\"q10\" value=\"c\"> C) No hay l\u00edmite de velocidad<br>\r\n        <\/div>\r\n\r\n        <input type=\"submit\" value=\"Enviar Respuestas \ud83d\udcdd\" class=\"wp-block-button__link\">\r\n        <div id=\"resultado\">\r\n            <p class=\"puntaje\"><\/p>\r\n            <p class=\"mensaje\"><\/p>\r\n        <\/div>\r\n    <\/form>\r\n<\/div>\r\n\r\n<script>\r\ndocument.getElementById('cuestionario').onsubmit = function(event) {\r\n    event.preventDefault();\r\n    let score = 0;\r\n    const correctas = { q1:'a', q2:'c', q3:'a', q4:'c', q5:'a', q6:'a', q7:'a', q8:'a', q9:'b', q10:'a' };\r\n    for(let pregunta in correctas) {\r\n        const seleccionada = document.querySelector(`input[name=\"${pregunta}\"]:checked`);\r\n        if(seleccionada && seleccionada.value === correctas[pregunta]) score++;\r\n    }\r\n    \r\n    let mensaje;\r\n    if (score === 10) {\r\n        mensaje = \"\u00a1Excelente! Has respondido todas las preguntas correctamente. \ud83d\udeb4\ud83c\udfcd\ufe0f\ud83d\udc4f\";\r\n    } else if (score >= 7) {\r\n        mensaje = \"\u00a1Muy bien! Tienes un buen conocimiento sobre seguridad vial. \ud83d\udea6\";\r\n    } else {\r\n        mensaje = \"Necesitas mejorar. Revisa las normas para ciclistas y motociclistas. \ud83d\udcda\";\r\n    }\r\n\r\n    document.querySelector('.puntaje').textContent = `Puntuaci\u00f3n: ${score} de 10`;\r\n    document.querySelector('.mensaje').textContent = mensaje;\r\n    document.getElementById('resultado').style.display = 'block';\r\n};\r\n<\/script>\r\n\t\t\t\t<\/div>\n\t\t\t\t<\/div>\n\t\t\t\t\t<\/div>\n\t\t<\/div>\n\t\t\t\t\t<\/div>\n\t\t<\/section>\n\t\t\t\t<div class=\"elementor-element elementor-element-cec98db elementor-align-right elementor-widget elementor-widget-button\" data-id=\"cec98db\" data-element_type=\"widget\" data-widget_type=\"button.default\">\n\t\t\t\t<div class=\"elementor-widget-container\">\n\t\t\t\t\t\t\t\t\t<div class=\"elementor-button-wrapper\">\n\t\t\t\t\t<a class=\"elementor-button elementor-button-link elementor-size-sm\" href=\"https:\/\/conducircolombia.com\/cea\/codigo-de-transito-titulo-iii-capitulo-vi\/\">\n\t\t\t\t\t\t<span class=\"elementor-button-content-wrapper\">\n\t\t\t\t\t\t\t\t\t<span class=\"elementor-button-text\">SIGUIENTE<\/span>\n\t\t\t\t\t<\/span>\n\t\t\t\t\t<\/a>\n\t\t\t\t<\/div>\n\t\t\t\t\t\t\t\t<\/div>\n\t\t\t\t<\/div>\n\t\t\t\t<div class=\"elementor-element elementor-element-136ff65 elementor-align-left elementor-widget elementor-widget-button\" data-id=\"136ff65\" data-element_type=\"widget\" data-widget_type=\"button.default\">\n\t\t\t\t<div class=\"elementor-widget-container\">\n\t\t\t\t\t\t\t\t\t<div class=\"elementor-button-wrapper\">\n\t\t\t\t\t<a class=\"elementor-button elementor-button-link elementor-size-sm\" href=\"https:\/\/conducircolombia.com\/cea\/codigo-de-transito-indice\/\">\n\t\t\t\t\t\t<span class=\"elementor-button-content-wrapper\">\n\t\t\t\t\t\t\t\t\t<span class=\"elementor-button-text\">\u00cdNDICE<\/span>\n\t\t\t\t\t<\/span>\n\t\t\t\t\t<\/a>\n\t\t\t\t<\/div>\n\t\t\t\t\t\t\t\t<\/div>\n\t\t\t\t<\/div>\n\t\t\t\t\t<\/div>\n\t\t<\/div>\n\t\t\t\t\t<\/div>\n\t\t<\/section>\n\t\t\t\t<\/div>\n\t\t","protected":false},"excerpt":{"rendered":"<p>Organismo de Apoyo al Tr\u00e1nsito Min Transporte Res. 1347\/13 Educaci\u00f3n Res. 14024\/11 \u00cdNDICE Comprendiendo el C\u00f3digo Nacional de Tr\u00e1nsito: Un [&hellip;]<\/p>\n","protected":false},"author":2,"featured_media":0,"comment_status":"open","ping_status":"open","sticky":false,"template":"elementor_canvas","format":"standard","meta":{"site-sidebar-layout":"default","site-content-layout":"","ast-site-content-layout":"default","site-content-style":"default","site-sidebar-style":"default","ast-global-header-display":"","ast-banner-title-visibility":"","ast-main-header-display":"","ast-hfb-above-header-display":"","ast-hfb-below-header-display":"","ast-hfb-mobile-header-display":"","site-post-title":"","ast-breadcrumbs-content":"","ast-featured-img":"","footer-sml-layout":"","theme-transparent-header-meta":"","adv-header-id-meta":"","stick-header-meta":"","header-above-stick-meta":"","header-main-stick-meta":"","header-below-stick-meta":"","astra-migrate-meta-layouts":"set","ast-page-background-enabled":"default","ast-page-background-meta":{"desktop":{"background-color":"var(--ast-global-color-4)","background-image":"","background-repeat":"repeat","background-position":"center center","background-size":"auto","background-attachment":"scroll","background-type":"","background-media":"","overlay-type":"","overlay-color":"","overlay-opacity":"","overlay-gradient":""},"tablet":{"background-color":"","background-image":"","background-repeat":"repeat","background-position":"center center","background-size":"auto","background-attachment":"scroll","background-type":"","background-media":"","overlay-type":"","overlay-color":"","overlay-opacity":"","overlay-gradient":""},"mobile":{"background-color":"","background-image":"","background-repeat":"repeat","background-position":"center center","background-size":"auto","background-attachment":"scroll","background-type":"","background-media":"","overlay-type":"","overlay-color":"","overlay-opacity":"","overlay-gradient":""}},"ast-content-background-meta":{"desktop":{"background-color":"var(--ast-global-color-5)","background-image":"","background-repeat":"repeat","background-position":"center center","background-size":"auto","background-attachment":"scroll","background-type":"","background-media":"","overlay-type":"","overlay-color":"","overlay-opacity":"","overlay-gradient":""},"tablet":{"background-color":"var(--ast-global-color-5)","background-image":"","background-repeat":"repeat","background-position":"center center","background-size":"auto","background-attachment":"scroll","background-type":"","background-media":"","overlay-type":"","overlay-color":"","overlay-opacity":"","overlay-gradient":""},"mobile":{"background-color":"var(--ast-global-color-5)","background-image":"","background-repeat":"repeat","background-position":"center center","background-size":"auto","background-attachment":"scroll","background-type":"","background-media":"","overlay-type":"","overlay-color":"","overlay-opacity":"","overlay-gradient":""}},"footnotes":""},"categories":[5],"tags":[],"class_list":["post-11496","post","type-post","status-publish","format-standard","hentry","category-codigo-de-transito"],"yoast_head":"<!-- This site is optimized with the Yoast SEO plugin v26.4 - https:\/\/yoast.com\/wordpress\/plugins\/seo\/ -->\n<title>Normas para Ciclistas y Motociclistas<\/title>\n<meta name=\"description\" content=\"Normas para Ciclistas y Motociclistas | En las ciudades y carreteras, los ciclistas y motociclistas forman una parte esencial del tr\u00e1fico.\" \/>\n<meta name=\"robots\" content=\"index, follow, max-snippet:-1, max-image-preview:large, max-video-preview:-1\" \/>\n<link rel=\"canonical\" href=\"https:\/\/conducircolombia.com\/cea\/codigo-de-transito-titulo-iii-capitulo-v\/\" \/>\n<meta property=\"og:locale\" content=\"es_ES\" \/>\n<meta property=\"og:type\" content=\"article\" \/>\n<meta property=\"og:title\" content=\"Normas para Ciclistas y Motociclistas\" \/>\n<meta property=\"og:description\" content=\"Normas para Ciclistas y Motociclistas | En las ciudades y carreteras, los ciclistas y motociclistas forman una parte esencial del tr\u00e1fico.\" \/>\n<meta property=\"og:url\" content=\"https:\/\/conducircolombia.com\/cea\/codigo-de-transito-titulo-iii-capitulo-v\/\" \/>\n<meta property=\"og:site_name\" content=\"Conducir Colombia\" \/>\n<meta property=\"article:publisher\" content=\"https:\/\/www.facebook.com\/ConducirColombiaBogota\" \/>\n<meta property=\"article:published_time\" content=\"2025-02-08T01:14:54+00:00\" \/>\n<meta property=\"article:modified_time\" content=\"2025-04-26T19:45:02+00:00\" \/>\n<meta property=\"og:image\" content=\"https:\/\/conducircolombia.com\/cea\/wp-content\/uploads\/2025\/02\/Logo-ITDH-500.webp\" \/>\n\t<meta property=\"og:image:width\" content=\"500\" \/>\n\t<meta property=\"og:image:height\" content=\"100\" \/>\n\t<meta property=\"og:image:type\" content=\"image\/webp\" \/>\n<meta name=\"author\" content=\"memo fichas\" \/>\n<meta name=\"twitter:card\" content=\"summary_large_image\" \/>\n<meta name=\"twitter:label1\" content=\"Escrito por\" \/>\n\t<meta name=\"twitter:data1\" content=\"memo fichas\" \/>\n\t<meta name=\"twitter:label2\" content=\"Tiempo de lectura\" \/>\n\t<meta name=\"twitter:data2\" content=\"10 minutos\" \/>\n<script type=\"application\/ld+json\" class=\"yoast-schema-graph\">{\"@context\":\"https:\/\/schema.org\",\"@graph\":[{\"@type\":\"Article\",\"@id\":\"https:\/\/conducircolombia.com\/cea\/codigo-de-transito-titulo-iii-capitulo-v\/#article\",\"isPartOf\":{\"@id\":\"https:\/\/conducircolombia.com\/cea\/codigo-de-transito-titulo-iii-capitulo-v\/\"},\"author\":{\"name\":\"memo fichas\",\"@id\":\"https:\/\/conducircolombia.com\/cea\/#\/schema\/person\/39f266f3357066ea02c614168ee5b0d2\"},\"headline\":\"C\u00f3digo de Tr\u00e1nsito T\u00cdTULO III CAP\u00cdTULO V\",\"datePublished\":\"2025-02-08T01:14:54+00:00\",\"dateModified\":\"2025-04-26T19:45:02+00:00\",\"mainEntityOfPage\":{\"@id\":\"https:\/\/conducircolombia.com\/cea\/codigo-de-transito-titulo-iii-capitulo-v\/\"},\"wordCount\":1995,\"commentCount\":0,\"publisher\":{\"@id\":\"https:\/\/conducircolombia.com\/cea\/#organization\"},\"image\":{\"@id\":\"https:\/\/conducircolombia.com\/cea\/codigo-de-transito-titulo-iii-capitulo-v\/#primaryimage\"},\"thumbnailUrl\":\"https:\/\/conducircolombia.com\/cea\/wp-content\/uploads\/2025\/02\/Logo-ITDH-500.webp\",\"articleSection\":[\"C\u00f3digo de tr\u00e1nsito\"],\"inLanguage\":\"es\",\"potentialAction\":[{\"@type\":\"CommentAction\",\"name\":\"Comment\",\"target\":[\"https:\/\/conducircolombia.com\/cea\/codigo-de-transito-titulo-iii-capitulo-v\/#respond\"]}]},{\"@type\":\"WebPage\",\"@id\":\"https:\/\/conducircolombia.com\/cea\/codigo-de-transito-titulo-iii-capitulo-v\/\",\"url\":\"https:\/\/conducircolombia.com\/cea\/codigo-de-transito-titulo-iii-capitulo-v\/\",\"name\":\"Normas para Ciclistas y Motociclistas\",\"isPartOf\":{\"@id\":\"https:\/\/conducircolombia.com\/cea\/#website\"},\"primaryImageOfPage\":{\"@id\":\"https:\/\/conducircolombia.com\/cea\/codigo-de-transito-titulo-iii-capitulo-v\/#primaryimage\"},\"image\":{\"@id\":\"https:\/\/conducircolombia.com\/cea\/codigo-de-transito-titulo-iii-capitulo-v\/#primaryimage\"},\"thumbnailUrl\":\"https:\/\/conducircolombia.com\/cea\/wp-content\/uploads\/2025\/02\/Logo-ITDH-500.webp\",\"datePublished\":\"2025-02-08T01:14:54+00:00\",\"dateModified\":\"2025-04-26T19:45:02+00:00\",\"description\":\"Normas para Ciclistas y Motociclistas | En las ciudades y carreteras, los ciclistas y motociclistas forman una parte esencial del tr\u00e1fico.\",\"breadcrumb\":{\"@id\":\"https:\/\/conducircolombia.com\/cea\/codigo-de-transito-titulo-iii-capitulo-v\/#breadcrumb\"},\"inLanguage\":\"es\",\"potentialAction\":[{\"@type\":\"ReadAction\",\"target\":[\"https:\/\/conducircolombia.com\/cea\/codigo-de-transito-titulo-iii-capitulo-v\/\"]}]},{\"@type\":\"ImageObject\",\"inLanguage\":\"es\",\"@id\":\"https:\/\/conducircolombia.com\/cea\/codigo-de-transito-titulo-iii-capitulo-v\/#primaryimage\",\"url\":\"https:\/\/conducircolombia.com\/cea\/wp-content\/uploads\/2025\/02\/Logo-ITDH-500.webp\",\"contentUrl\":\"https:\/\/conducircolombia.com\/cea\/wp-content\/uploads\/2025\/02\/Logo-ITDH-500.webp\",\"width\":500,\"height\":100,\"caption\":\"Logo Conducir Colombia\"},{\"@type\":\"BreadcrumbList\",\"@id\":\"https:\/\/conducircolombia.com\/cea\/codigo-de-transito-titulo-iii-capitulo-v\/#breadcrumb\",\"itemListElement\":[{\"@type\":\"ListItem\",\"position\":1,\"name\":\"Portada\",\"item\":\"https:\/\/conducircolombia.com\/cea\/\"},{\"@type\":\"ListItem\",\"position\":2,\"name\":\"C\u00f3digo de Tr\u00e1nsito T\u00cdTULO III CAP\u00cdTULO V\"}]},{\"@type\":\"WebSite\",\"@id\":\"https:\/\/conducircolombia.com\/cea\/#website\",\"url\":\"https:\/\/conducircolombia.com\/cea\/\",\"name\":\"Conducir Colombia\",\"description\":\"Academia de Conducci\u00f3n\",\"publisher\":{\"@id\":\"https:\/\/conducircolombia.com\/cea\/#organization\"},\"potentialAction\":[{\"@type\":\"SearchAction\",\"target\":{\"@type\":\"EntryPoint\",\"urlTemplate\":\"https:\/\/conducircolombia.com\/cea\/?s={search_term_string}\"},\"query-input\":{\"@type\":\"PropertyValueSpecification\",\"valueRequired\":true,\"valueName\":\"search_term_string\"}}],\"inLanguage\":\"es\"},{\"@type\":\"Organization\",\"@id\":\"https:\/\/conducircolombia.com\/cea\/#organization\",\"name\":\"Conducir Colombia\",\"alternateName\":\"Conducir Colombia\",\"url\":\"https:\/\/conducircolombia.com\/cea\/\",\"logo\":{\"@type\":\"ImageObject\",\"inLanguage\":\"es\",\"@id\":\"https:\/\/conducircolombia.com\/cea\/#\/schema\/logo\/image\/\",\"url\":\"https:\/\/conducircolombia.com\/cea\/wp-content\/uploads\/2025\/02\/logowp.jpg\",\"contentUrl\":\"https:\/\/conducircolombia.com\/cea\/wp-content\/uploads\/2025\/02\/logowp.jpg\",\"width\":300,\"height\":299,\"caption\":\"Conducir Colombia\"},\"image\":{\"@id\":\"https:\/\/conducircolombia.com\/cea\/#\/schema\/logo\/image\/\"},\"sameAs\":[\"https:\/\/www.facebook.com\/ConducirColombiaBogota\"]},{\"@type\":\"Person\",\"@id\":\"https:\/\/conducircolombia.com\/cea\/#\/schema\/person\/39f266f3357066ea02c614168ee5b0d2\",\"name\":\"memo fichas\",\"image\":{\"@type\":\"ImageObject\",\"inLanguage\":\"es\",\"@id\":\"https:\/\/conducircolombia.com\/cea\/#\/schema\/person\/image\/\",\"url\":\"https:\/\/secure.gravatar.com\/avatar\/e1b894dfed71a479efeaf73bfb32c5e92c855e56311b32924ca240a9bcec68b2?s=96&d=mm&r=g\",\"contentUrl\":\"https:\/\/secure.gravatar.com\/avatar\/e1b894dfed71a479efeaf73bfb32c5e92c855e56311b32924ca240a9bcec68b2?s=96&d=mm&r=g\",\"caption\":\"memo fichas\"},\"url\":\"https:\/\/conducircolombia.com\/cea\/author\/conducir1\/\"}]}<\/script>\n<!-- \/ Yoast SEO plugin. -->","yoast_head_json":{"title":"Normas para Ciclistas y Motociclistas","description":"Normas para Ciclistas y Motociclistas | En las ciudades y carreteras, los ciclistas y motociclistas forman una parte esencial del tr\u00e1fico.","robots":{"index":"index","follow":"follow","max-snippet":"max-snippet:-1","max-image-preview":"max-image-preview:large","max-video-preview":"max-video-preview:-1"},"canonical":"https:\/\/conducircolombia.com\/cea\/codigo-de-transito-titulo-iii-capitulo-v\/","og_locale":"es_ES","og_type":"article","og_title":"Normas para Ciclistas y Motociclistas","og_description":"Normas para Ciclistas y Motociclistas | En las ciudades y carreteras, los ciclistas y motociclistas forman una parte esencial del tr\u00e1fico.","og_url":"https:\/\/conducircolombia.com\/cea\/codigo-de-transito-titulo-iii-capitulo-v\/","og_site_name":"Conducir Colombia","article_publisher":"https:\/\/www.facebook.com\/ConducirColombiaBogota","article_published_time":"2025-02-08T01:14:54+00:00","article_modified_time":"2025-04-26T19:45:02+00:00","og_image":[{"width":500,"height":100,"url":"https:\/\/conducircolombia.com\/cea\/wp-content\/uploads\/2025\/02\/Logo-ITDH-500.webp","type":"image\/webp"}],"author":"memo fichas","twitter_card":"summary_large_image","twitter_misc":{"Escrito por":"memo fichas","Tiempo de lectura":"10 minutos"},"schema":{"@context":"https:\/\/schema.org","@graph":[{"@type":"Article","@id":"https:\/\/conducircolombia.com\/cea\/codigo-de-transito-titulo-iii-capitulo-v\/#article","isPartOf":{"@id":"https:\/\/conducircolombia.com\/cea\/codigo-de-transito-titulo-iii-capitulo-v\/"},"author":{"name":"memo fichas","@id":"https:\/\/conducircolombia.com\/cea\/#\/schema\/person\/39f266f3357066ea02c614168ee5b0d2"},"headline":"C\u00f3digo de Tr\u00e1nsito T\u00cdTULO III CAP\u00cdTULO V","datePublished":"2025-02-08T01:14:54+00:00","dateModified":"2025-04-26T19:45:02+00:00","mainEntityOfPage":{"@id":"https:\/\/conducircolombia.com\/cea\/codigo-de-transito-titulo-iii-capitulo-v\/"},"wordCount":1995,"commentCount":0,"publisher":{"@id":"https:\/\/conducircolombia.com\/cea\/#organization"},"image":{"@id":"https:\/\/conducircolombia.com\/cea\/codigo-de-transito-titulo-iii-capitulo-v\/#primaryimage"},"thumbnailUrl":"https:\/\/conducircolombia.com\/cea\/wp-content\/uploads\/2025\/02\/Logo-ITDH-500.webp","articleSection":["C\u00f3digo de tr\u00e1nsito"],"inLanguage":"es","potentialAction":[{"@type":"CommentAction","name":"Comment","target":["https:\/\/conducircolombia.com\/cea\/codigo-de-transito-titulo-iii-capitulo-v\/#respond"]}]},{"@type":"WebPage","@id":"https:\/\/conducircolombia.com\/cea\/codigo-de-transito-titulo-iii-capitulo-v\/","url":"https:\/\/conducircolombia.com\/cea\/codigo-de-transito-titulo-iii-capitulo-v\/","name":"Normas para Ciclistas y Motociclistas","isPartOf":{"@id":"https:\/\/conducircolombia.com\/cea\/#website"},"primaryImageOfPage":{"@id":"https:\/\/conducircolombia.com\/cea\/codigo-de-transito-titulo-iii-capitulo-v\/#primaryimage"},"image":{"@id":"https:\/\/conducircolombia.com\/cea\/codigo-de-transito-titulo-iii-capitulo-v\/#primaryimage"},"thumbnailUrl":"https:\/\/conducircolombia.com\/cea\/wp-content\/uploads\/2025\/02\/Logo-ITDH-500.webp","datePublished":"2025-02-08T01:14:54+00:00","dateModified":"2025-04-26T19:45:02+00:00","description":"Normas para Ciclistas y Motociclistas | En las ciudades y carreteras, los ciclistas y motociclistas forman una parte esencial del tr\u00e1fico.","breadcrumb":{"@id":"https:\/\/conducircolombia.com\/cea\/codigo-de-transito-titulo-iii-capitulo-v\/#breadcrumb"},"inLanguage":"es","potentialAction":[{"@type":"ReadAction","target":["https:\/\/conducircolombia.com\/cea\/codigo-de-transito-titulo-iii-capitulo-v\/"]}]},{"@type":"ImageObject","inLanguage":"es","@id":"https:\/\/conducircolombia.com\/cea\/codigo-de-transito-titulo-iii-capitulo-v\/#primaryimage","url":"https:\/\/conducircolombia.com\/cea\/wp-content\/uploads\/2025\/02\/Logo-ITDH-500.webp","contentUrl":"https:\/\/conducircolombia.com\/cea\/wp-content\/uploads\/2025\/02\/Logo-ITDH-500.webp","width":500,"height":100,"caption":"Logo Conducir Colombia"},{"@type":"BreadcrumbList","@id":"https:\/\/conducircolombia.com\/cea\/codigo-de-transito-titulo-iii-capitulo-v\/#breadcrumb","itemListElement":[{"@type":"ListItem","position":1,"name":"Portada","item":"https:\/\/conducircolombia.com\/cea\/"},{"@type":"ListItem","position":2,"name":"C\u00f3digo de Tr\u00e1nsito T\u00cdTULO III CAP\u00cdTULO V"}]},{"@type":"WebSite","@id":"https:\/\/conducircolombia.com\/cea\/#website","url":"https:\/\/conducircolombia.com\/cea\/","name":"Conducir Colombia","description":"Academia de Conducci\u00f3n","publisher":{"@id":"https:\/\/conducircolombia.com\/cea\/#organization"},"potentialAction":[{"@type":"SearchAction","target":{"@type":"EntryPoint","urlTemplate":"https:\/\/conducircolombia.com\/cea\/?s={search_term_string}"},"query-input":{"@type":"PropertyValueSpecification","valueRequired":true,"valueName":"search_term_string"}}],"inLanguage":"es"},{"@type":"Organization","@id":"https:\/\/conducircolombia.com\/cea\/#organization","name":"Conducir Colombia","alternateName":"Conducir Colombia","url":"https:\/\/conducircolombia.com\/cea\/","logo":{"@type":"ImageObject","inLanguage":"es","@id":"https:\/\/conducircolombia.com\/cea\/#\/schema\/logo\/image\/","url":"https:\/\/conducircolombia.com\/cea\/wp-content\/uploads\/2025\/02\/logowp.jpg","contentUrl":"https:\/\/conducircolombia.com\/cea\/wp-content\/uploads\/2025\/02\/logowp.jpg","width":300,"height":299,"caption":"Conducir Colombia"},"image":{"@id":"https:\/\/conducircolombia.com\/cea\/#\/schema\/logo\/image\/"},"sameAs":["https:\/\/www.facebook.com\/ConducirColombiaBogota"]},{"@type":"Person","@id":"https:\/\/conducircolombia.com\/cea\/#\/schema\/person\/39f266f3357066ea02c614168ee5b0d2","name":"memo fichas","image":{"@type":"ImageObject","inLanguage":"es","@id":"https:\/\/conducircolombia.com\/cea\/#\/schema\/person\/image\/","url":"https:\/\/secure.gravatar.com\/avatar\/e1b894dfed71a479efeaf73bfb32c5e92c855e56311b32924ca240a9bcec68b2?s=96&d=mm&r=g","contentUrl":"https:\/\/secure.gravatar.com\/avatar\/e1b894dfed71a479efeaf73bfb32c5e92c855e56311b32924ca240a9bcec68b2?s=96&d=mm&r=g","caption":"memo fichas"},"url":"https:\/\/conducircolombia.com\/cea\/author\/conducir1\/"}]}},"_links":{"self":[{"href":"https:\/\/conducircolombia.com\/cea\/wp-json\/wp\/v2\/posts\/11496","targetHints":{"allow":["GET"]}}],"collection":[{"href":"https:\/\/conducircolombia.com\/cea\/wp-json\/wp\/v2\/posts"}],"about":[{"href":"https:\/\/conducircolombia.com\/cea\/wp-json\/wp\/v2\/types\/post"}],"author":[{"embeddable":true,"href":"https:\/\/conducircolombia.com\/cea\/wp-json\/wp\/v2\/users\/2"}],"replies":[{"embeddable":true,"href":"https:\/\/conducircolombia.com\/cea\/wp-json\/wp\/v2\/comments?post=11496"}],"version-history":[{"count":43,"href":"https:\/\/conducircolombia.com\/cea\/wp-json\/wp\/v2\/posts\/11496\/revisions"}],"predecessor-version":[{"id":14390,"href":"https:\/\/conducircolombia.com\/cea\/wp-json\/wp\/v2\/posts\/11496\/revisions\/14390"}],"wp:attachment":[{"href":"https:\/\/conducircolombia.com\/cea\/wp-json\/wp\/v2\/media?parent=11496"}],"wp:term":[{"taxonomy":"category","embeddable":true,"href":"https:\/\/conducircolombia.com\/cea\/wp-json\/wp\/v2\/categories?post=11496"},{"taxonomy":"post_tag","embeddable":true,"href":"https:\/\/conducircolombia.com\/cea\/wp-json\/wp\/v2\/tags?post=11496"}],"curies":[{"name":"wp","href":"https:\/\/api.w.org\/{rel}","templated":true}]}}