{"id":11521,"date":"2025-02-07T20:39:37","date_gmt":"2025-02-08T01:39:37","guid":{"rendered":"https:\/\/conducircolombia.com\/cea\/?p=11521"},"modified":"2025-03-28T19:26:27","modified_gmt":"2025-03-29T00:26:27","slug":"codigo-de-transito-titulo-iii-capitulo-x","status":"publish","type":"post","link":"https:\/\/conducircolombia.com\/cea\/codigo-de-transito-titulo-iii-capitulo-x\/","title":{"rendered":"C\u00f3digo de Tr\u00e1nsito T\u00cdTULO III CAP\u00cdTULO X"},"content":{"rendered":"\t\t<div data-elementor-type=\"wp-post\" data-elementor-id=\"11521\" class=\"elementor elementor-11521\">\n\t\t\t\t\t\t<section class=\"elementor-section elementor-top-section elementor-element elementor-element-d6b342b elementor-section-boxed elementor-section-height-default elementor-section-height-default\" data-id=\"d6b342b\" data-element_type=\"section\">\n\t\t\t\t\t\t<div class=\"elementor-container elementor-column-gap-default\">\n\t\t\t\t\t<div class=\"elementor-column elementor-col-100 elementor-top-column elementor-element elementor-element-23f13dd\" data-id=\"23f13dd\" data-element_type=\"column\">\n\t\t\t<div class=\"elementor-widget-wrap elementor-element-populated\">\n\t\t\t\t\t\t<section class=\"elementor-section elementor-inner-section elementor-element elementor-element-d788604 elementor-section-boxed elementor-section-height-default elementor-section-height-default\" data-id=\"d788604\" data-element_type=\"section\">\n\t\t\t\t\t\t<div class=\"elementor-container elementor-column-gap-default\">\n\t\t\t\t\t<div class=\"elementor-column elementor-col-50 elementor-inner-column elementor-element elementor-element-b172ca8\" data-id=\"b172ca8\" data-element_type=\"column\">\n\t\t\t<div class=\"elementor-widget-wrap elementor-element-populated\">\n\t\t\t\t\t\t<div class=\"elementor-element elementor-element-9d8deff elementor-widget elementor-widget-image\" data-id=\"9d8deff\" data-element_type=\"widget\" data-widget_type=\"image.default\">\n\t\t\t\t<div class=\"elementor-widget-container\">\n\t\t\t\t\t\t\t\t\t\t\t\t\t\t\t\t<a href=\"https:\/\/conducircolombia.com\/\">\n\t\t\t\t\t\t\t<img fetchpriority=\"high\" decoding=\"async\" width=\"500\" height=\"100\" src=\"https:\/\/conducircolombia.com\/cea\/wp-content\/uploads\/2025\/02\/Logo-ITDH-500.webp\" class=\"attachment-large size-large wp-image-11854\" alt=\"Logo Conducir Colombia\" srcset=\"https:\/\/conducircolombia.com\/cea\/wp-content\/uploads\/2025\/02\/Logo-ITDH-500.webp 500w, https:\/\/conducircolombia.com\/cea\/wp-content\/uploads\/2025\/02\/Logo-ITDH-500-300x60.webp 300w\" sizes=\"(max-width: 500px) 100vw, 500px\" \/>\t\t\t\t\t\t\t\t<\/a>\n\t\t\t\t\t\t\t\t\t\t\t\t\t\t\t<\/div>\n\t\t\t\t<\/div>\n\t\t\t\t\t<\/div>\n\t\t<\/div>\n\t\t\t\t<div class=\"elementor-column elementor-col-50 elementor-inner-column elementor-element elementor-element-7cd7dca\" data-id=\"7cd7dca\" data-element_type=\"column\">\n\t\t\t<div class=\"elementor-widget-wrap elementor-element-populated\">\n\t\t\t\t\t\t<div class=\"elementor-element elementor-element-ba7bd8b elementor-widget__width-initial elementor-widget elementor-widget-text-editor\" data-id=\"ba7bd8b\" data-element_type=\"widget\" data-widget_type=\"text-editor.default\">\n\t\t\t\t<div class=\"elementor-widget-container\">\n\t\t\t\t\t\t\t\t\t<h6 style=\"text-align: left;\">Organismo de Apoyo al Tr\u00e1nsito<\/h6><ul><li><h6>Min Transporte Res. 1347\/13<\/h6><\/li><li><h6>Educaci\u00f3n Res. 14024\/11<\/h6><\/li><\/ul>\t\t\t\t\t\t\t\t<\/div>\n\t\t\t\t<\/div>\n\t\t\t\t\t<\/div>\n\t\t<\/div>\n\t\t\t\t\t<\/div>\n\t\t<\/section>\n\t\t\t\t\t<\/div>\n\t\t<\/div>\n\t\t\t\t\t<\/div>\n\t\t<\/section>\n\t\t\t\t<section class=\"elementor-section elementor-top-section elementor-element elementor-element-905bc65 elementor-section-boxed elementor-section-height-default elementor-section-height-default\" data-id=\"905bc65\" data-element_type=\"section\" data-settings=\"{&quot;background_background&quot;:&quot;classic&quot;}\">\n\t\t\t\t\t\t<div class=\"elementor-container elementor-column-gap-default\">\n\t\t\t\t\t<div class=\"elementor-column elementor-col-100 elementor-top-column elementor-element elementor-element-053456f\" data-id=\"053456f\" data-element_type=\"column\">\n\t\t\t<div class=\"elementor-widget-wrap elementor-element-populated\">\n\t\t\t\t\t\t<div class=\"elementor-element elementor-element-0ca88de elementor-align-left elementor-widget elementor-widget-button\" data-id=\"0ca88de\" data-element_type=\"widget\" data-widget_type=\"button.default\">\n\t\t\t\t<div class=\"elementor-widget-container\">\n\t\t\t\t\t\t\t\t\t<div class=\"elementor-button-wrapper\">\n\t\t\t\t\t<a class=\"elementor-button elementor-button-link elementor-size-sm\" href=\"https:\/\/conducircolombia.com\/cea\/codigo-de-transito-indice\/\">\n\t\t\t\t\t\t<span class=\"elementor-button-content-wrapper\">\n\t\t\t\t\t\t\t\t\t<span class=\"elementor-button-text\">\u00cdNDICE<\/span>\n\t\t\t\t\t<\/span>\n\t\t\t\t\t<\/a>\n\t\t\t\t<\/div>\n\t\t\t\t\t\t\t\t<\/div>\n\t\t\t\t<\/div>\n\t\t\t\t<div class=\"elementor-element elementor-element-d5fa675 elementor-widget elementor-widget-text-editor\" data-id=\"d5fa675\" data-element_type=\"widget\" data-widget_type=\"text-editor.default\">\n\t\t\t\t<div class=\"elementor-widget-container\">\n\t\t\t\t\t\t\t\t\t<h1 style=\"text-align: center;\"><strong>Comprendiendo el C\u00f3digo Nacional de Tr\u00e1nsito:<\/strong><\/h1><h1 style=\"text-align: center;\"><strong> Un Viaje por la Ley 769 de 2002<\/strong><\/h1>\t\t\t\t\t\t\t\t<\/div>\n\t\t\t\t<\/div>\n\t\t\t\t<div class=\"elementor-element elementor-element-b3672e3 elementor-widget elementor-widget-text-editor\" data-id=\"b3672e3\" data-element_type=\"widget\" data-widget_type=\"text-editor.default\">\n\t\t\t\t<div class=\"elementor-widget-container\">\n\t\t\t\t\t\t\t\t\t<p style=\"font-weight: 400; text-align: center;\"><b><strong>T\u00cdTULO<\/strong><\/b>\u00a0<b><strong>3<\/strong><\/b><\/p><p style=\"font-weight: 400; text-align: center;\"><b>CAPITULO<\/b>\u00a0<b>10<\/b><\/p><p style=\"font-weight: 400; text-align: center;\"><b>CLASIFICACI\u00d3N Y USO DE LAS V\u00cdAS<\/b><\/p>\t\t\t\t\t\t\t\t<\/div>\n\t\t\t\t<\/div>\n\t\t\t\t<div class=\"elementor-element elementor-element-4fa0440 elementor-widget elementor-widget-text-editor\" data-id=\"4fa0440\" data-element_type=\"widget\" data-widget_type=\"text-editor.default\">\n\t\t\t\t<div class=\"elementor-widget-container\">\n\t\t\t\t\t\t\t\t\t<h1 style=\"text-align: center;\">\ud83d\ude97\ud83c\udfd9\ufe0f <strong>Clasificaci\u00f3n y Uso de las V\u00edas:<\/strong><\/h1><h1 style=\"text-align: center;\"><strong> \u00bfC\u00f3mo Funcionan?<\/strong><\/h1>\t\t\t\t\t\t\t\t<\/div>\n\t\t\t\t<\/div>\n\t\t\t\t\t<\/div>\n\t\t<\/div>\n\t\t\t\t\t<\/div>\n\t\t<\/section>\n\t\t\t\t<section class=\"elementor-section elementor-top-section elementor-element elementor-element-53430df elementor-section-boxed elementor-section-height-default elementor-section-height-default\" data-id=\"53430df\" data-element_type=\"section\">\n\t\t\t\t\t\t<div class=\"elementor-container elementor-column-gap-default\">\n\t\t\t\t\t<div class=\"elementor-column elementor-col-100 elementor-top-column elementor-element elementor-element-a79881d\" data-id=\"a79881d\" data-element_type=\"column\">\n\t\t\t<div class=\"elementor-widget-wrap elementor-element-populated\">\n\t\t\t\t\t\t<section class=\"elementor-section elementor-inner-section elementor-element elementor-element-9610a2c elementor-section-boxed elementor-section-height-default elementor-section-height-default\" data-id=\"9610a2c\" data-element_type=\"section\">\n\t\t\t\t\t\t<div class=\"elementor-container elementor-column-gap-default\">\n\t\t\t\t\t<div class=\"elementor-column elementor-col-50 elementor-inner-column elementor-element elementor-element-b0f2a10\" data-id=\"b0f2a10\" data-element_type=\"column\">\n\t\t\t<div class=\"elementor-widget-wrap elementor-element-populated\">\n\t\t\t\t\t\t<div class=\"elementor-element elementor-element-1fa06c7 elementor-widget elementor-widget-image\" data-id=\"1fa06c7\" data-element_type=\"widget\" data-widget_type=\"image.default\">\n\t\t\t\t<div class=\"elementor-widget-container\">\n\t\t\t\t\t\t\t\t\t\t\t\t\t\t\t<img decoding=\"async\" width=\"1024\" height=\"576\" src=\"https:\/\/conducircolombia.com\/cea\/wp-content\/uploads\/2025\/02\/autopista-1024x576.webp\" class=\"attachment-large size-large wp-image-11704\" alt=\"autopista clasificaci\u00f3n de las vias\" srcset=\"https:\/\/conducircolombia.com\/cea\/wp-content\/uploads\/2025\/02\/autopista-1024x576.webp 1024w, https:\/\/conducircolombia.com\/cea\/wp-content\/uploads\/2025\/02\/autopista-300x169.webp 300w, https:\/\/conducircolombia.com\/cea\/wp-content\/uploads\/2025\/02\/autopista-768x432.webp 768w, https:\/\/conducircolombia.com\/cea\/wp-content\/uploads\/2025\/02\/autopista-1536x864.webp 1536w, https:\/\/conducircolombia.com\/cea\/wp-content\/uploads\/2025\/02\/autopista.webp 1920w\" sizes=\"(max-width: 1024px) 100vw, 1024px\" \/>\t\t\t\t\t\t\t\t\t\t\t\t\t\t\t<\/div>\n\t\t\t\t<\/div>\n\t\t\t\t\t<\/div>\n\t\t<\/div>\n\t\t\t\t<div class=\"elementor-column elementor-col-50 elementor-inner-column elementor-element elementor-element-d37dc6f\" data-id=\"d37dc6f\" data-element_type=\"column\">\n\t\t\t<div class=\"elementor-widget-wrap elementor-element-populated\">\n\t\t\t\t\t\t<div class=\"elementor-element elementor-element-b06e60f elementor-widget elementor-widget-text-editor\" data-id=\"b06e60f\" data-element_type=\"widget\" data-widget_type=\"text-editor.default\">\n\t\t\t\t<div class=\"elementor-widget-container\">\n\t\t\t\t\t\t\t\t\t<p>Las calles y carreteras no son todas iguales. Dependiendo de su ubicaci\u00f3n y funci\u00f3n, existen <strong>diferentes tipos de v\u00edas<\/strong> que determinan c\u00f3mo deben usarse y qui\u00e9n tiene prioridad en ellas.<\/p><p>El C\u00f3digo de Tr\u00e1nsito <strong>clasifica las v\u00edas en urbanas y rurales<\/strong>, estableciendo reglas claras para su uso, seguridad y circulaci\u00f3n. Veamos c\u00f3mo est\u00e1n organizadas y qu\u00e9 debemos tener en cuenta al transitar por ellas.<\/p>\t\t\t\t\t\t\t\t<\/div>\n\t\t\t\t<\/div>\n\t\t\t\t\t<\/div>\n\t\t<\/div>\n\t\t\t\t\t<\/div>\n\t\t<\/section>\n\t\t\t\t<div class=\"elementor-element elementor-element-437d983 elementor-widget elementor-widget-audio\" data-id=\"437d983\" data-element_type=\"widget\" data-widget_type=\"audio.default\">\n\t\t\t\t<div class=\"elementor-widget-container\">\n\t\t\t\t\t\t\t\t<div class=\"elementor-soundcloud-wrapper\">\n\t\t\t\t<iframe width=\"1200\" height=\"200\" frameborder=\"no\" src=\"https:\/\/w.soundcloud.com\/player\/?visual=false&#038;url=https%3A%2F%2Fapi.soundcloud.com%2Ftracks%2F2060871140&#038;show_artwork=true&#038;maxheight=1000&#038;maxwidth=1200&#038;auto_play=false&#038;buying=true&#038;liking=true&#038;download=true&#038;sharing=true&#038;show_comments=true&#038;show_playcount=true&#038;show_user=true&#038;color\"><\/iframe>\t\t\t<\/div>\n\t\t\t\t\t\t\t<\/div>\n\t\t\t\t<\/div>\n\t\t\t\t<div class=\"elementor-element elementor-element-2443428 elementor-widget__width-initial elementor-widget elementor-widget-text-editor\" data-id=\"2443428\" data-element_type=\"widget\" data-widget_type=\"text-editor.default\">\n\t\t\t\t<div class=\"elementor-widget-container\">\n\t\t\t\t\t\t\t\t\t<h2><strong>\ud83d\udccc Tipos de V\u00edas en la Ciudad<\/strong><\/h2><p>En las zonas urbanas, las v\u00edas se dividen en varias categor\u00edas seg\u00fan su importancia y funci\u00f3n:<\/p><p>\ud83d\ude84 <strong>V\u00eda de metro o metrov\u00eda:<\/strong> Exclusiva para sistemas de transporte masivo como metros o tranv\u00edas.<br \/>\ud83d\ude8d <strong>V\u00eda troncal:<\/strong> Destinada al transporte p\u00fablico de gran capacidad, como los buses articulados.<br \/>\ud83d\ude8a <strong>F\u00e9rreas:<\/strong> Carriles para trenes urbanos o intermunicipales.<br \/>\ud83c\udfce\ufe0f <strong>Autopistas:<\/strong> V\u00edas de alta velocidad con accesos restringidos y sin intersecciones a nivel.<br \/>\ud83d\udea6 <strong>Arterias:<\/strong> Calles principales que conectan diferentes sectores de la ciudad.<br \/>\ud83d\udee3\ufe0f <strong>Principales:<\/strong> V\u00edas con alto flujo vehicular, pero con intersecciones y sem\u00e1foros.<br \/>\ud83d\udee4\ufe0f <strong>Secundarias:<\/strong> Calles de menor tr\u00e1fico que conectan zonas residenciales o comerciales.<br \/>\ud83d\ude97 <strong>Colectoras:<\/strong> Recogen el tr\u00e1fico de calles secundarias y lo dirigen a las v\u00edas principales.<br \/>\ud83d\ude99 <strong>Ordinarias:<\/strong> Calles de menor importancia dentro de barrios y sectores locales.<br \/>\ud83c\udfd8\ufe0f <strong>Locales:<\/strong> Peque\u00f1as calles dentro de conjuntos residenciales o comerciales.<br \/>\ud83d\udeb4 <strong>Ciclorrutas:<\/strong> Carriles exclusivos para bicicletas.<br \/>\ud83d\udeb6 <strong>Peatonales:<\/strong> \u00c1reas destinadas exclusivamente para los peatones, como andenes o zonas de caminata.<\/p><p>\ud83d\udd39 <strong>Dato Importante:<\/strong> <strong>Los peatones siempre tienen prioridad en las zonas dise\u00f1adas para ellos<\/strong>, excepto en autopistas, v\u00edas f\u00e9rreas y arterias.<\/p><h2><strong>\ud83c\udfde\ufe0f Tipos de V\u00edas en Zonas Rurales<\/strong><\/h2><p>En las carreteras y caminos fuera de la ciudad, las v\u00edas tambi\u00e9n tienen diferentes clasificaciones:<\/p><p>\ud83d\ude8a <strong>F\u00e9rreas:<\/strong> Para trenes de carga o transporte intermunicipal.<br \/>\ud83c\udfce\ufe0f <strong>Autopistas:<\/strong> V\u00edas de alta velocidad con peajes y accesos controlados.<br \/>\ud83d\udee3\ufe0f <strong>Carreteras principales:<\/strong> Conectan grandes ciudades y tienen doble sentido de circulaci\u00f3n.<br \/>\ud83d\udee4\ufe0f <strong>Carreteras secundarias:<\/strong> Comunican pueblos y municipios m\u00e1s peque\u00f1os.<br \/>\ud83d\udede <strong>Carreteables:<\/strong> V\u00edas de acceso a zonas rurales o fincas, muchas veces sin pavimentar.<br \/>\ud83d\udeb6 <strong>Peatonales:<\/strong> Senderos y caminos dise\u00f1ados solo para personas.<br \/>\ud83c\udfe1 <strong>Privadas:<\/strong> Caminos dentro de propiedades o terrenos particulares.<\/p><p>\ud83d\uded1 <strong>Regla Clave:<\/strong> En las zonas rurales, la autoridad de tr\u00e1nsito determina qu\u00e9 v\u00eda tiene <strong>prioridad de paso<\/strong>.<\/p><h2><strong>\ud83d\udce2 Normas Especiales Sobre el Uso de las V\u00edas<\/strong><\/h2><p>\ud83d\udccc <strong>Consulta con la Comunidad:<\/strong><br \/>Cuando una calle no sea autopista ni v\u00eda principal, <strong>las comunidades locales pueden opinar sobre su uso<\/strong>, especialmente si se quiere incluir rutas de transporte p\u00fablico.<\/p><p>\ud83d\udccc <strong>V\u00edas Aptas para Transporte P\u00fablico:<\/strong><br \/>Si una calle va a ser usada por buses o colectivos, <strong>se necesita un estudio t\u00e9cnico<\/strong> que confirme que puede soportar el tr\u00e1fico sin deteriorarse.<\/p><p>\ud83d\udccc <strong>Protecci\u00f3n de Monumentos Hist\u00f3ricos:<\/strong><br \/>\ud83d\ude9b <strong>Los veh\u00edculos de alto tonelaje NO pueden transitar<\/strong> por zonas declaradas como <strong>monumentos hist\u00f3ricos<\/strong>. Esto protege estructuras antiguas de vibraciones y da\u00f1os estructurales.<\/p><h2><strong>\ud83d\udea6 Conducci\u00f3n Responsable y Segura en Cada Tipo de V\u00eda<\/strong><\/h2><p>\ud83d\udd39 <strong>Respeta los l\u00edmites de velocidad seg\u00fan la v\u00eda en la que circules.<\/strong><br \/>\ud83d\udd39 <strong>Usa las ciclorrutas si conduces bicicleta.<\/strong><br \/>\ud83d\udd39 <strong>Si eres peat\u00f3n, camina por las zonas designadas para ti.<\/strong><br \/>\ud83d\udd39 <strong>En carreteras rurales, ten en cuenta la prioridad de paso.<\/strong><\/p><p>\ud83d\ude97 <strong>Conocer los diferentes tipos de v\u00edas y c\u00f3mo utilizarlas correctamente ayuda a mejorar la seguridad vial y la movilidad en nuestras ciudades y carreteras. \u00a1Resp\u00e9talas y conduce con precauci\u00f3n!<\/strong> \ud83d\udea6\u2705<\/p>\t\t\t\t\t\t\t\t<\/div>\n\t\t\t\t<\/div>\n\t\t\t\t<div class=\"elementor-element elementor-element-b737cb2 elementor-align-left elementor-widget elementor-widget-button\" data-id=\"b737cb2\" data-element_type=\"widget\" data-widget_type=\"button.default\">\n\t\t\t\t<div class=\"elementor-widget-container\">\n\t\t\t\t\t\t\t\t\t<div class=\"elementor-button-wrapper\">\n\t\t\t\t\t<a class=\"elementor-button elementor-button-link elementor-size-sm\" href=\"https:\/\/conducircolombia.com\/cea\/codigo-de-transito-indice\/\">\n\t\t\t\t\t\t<span class=\"elementor-button-content-wrapper\">\n\t\t\t\t\t\t\t\t\t<span class=\"elementor-button-text\">\u00cdNDICE<\/span>\n\t\t\t\t\t<\/span>\n\t\t\t\t\t<\/a>\n\t\t\t\t<\/div>\n\t\t\t\t\t\t\t\t<\/div>\n\t\t\t\t<\/div>\n\t\t\t\t<div class=\"elementor-element elementor-element-0552a32 elementor-widget elementor-widget-heading\" data-id=\"0552a32\" data-element_type=\"widget\" data-widget_type=\"heading.default\">\n\t\t\t\t<div class=\"elementor-widget-container\">\n\t\t\t\t\t<h2 class=\"elementor-heading-title elementor-size-default\">Texto del c\u00f3digo:<\/h2>\t\t\t\t<\/div>\n\t\t\t\t<\/div>\n\t\t\t\t<div class=\"elementor-element elementor-element-0fed325 elementor-widget__width-initial elementor-widget elementor-widget-text-editor\" data-id=\"0fed325\" data-element_type=\"widget\" data-widget_type=\"text-editor.default\">\n\t\t\t\t<div class=\"elementor-widget-container\">\n\t\t\t\t\t\t\t\t\t<p style=\"font-weight: 400;\"><b>CAPITULO<\/b>\u00a0<b>10<\/b><\/p><p style=\"font-weight: 400;\"><b>CLASIFICACI\u00d3N Y USO DE LAS V\u00cdAS<\/b><\/p><p style=\"font-weight: 400;\"><b><strong>ART\u00cdCULO<\/strong><\/b>\u00a0<b><strong>\u00a0105. CLASIFICACI\u00d3N DE V\u00cdAS.\u00a0<\/strong><\/b>Para efectos de determinar su prelaci\u00f3n, las v\u00edas se clasifican as\u00ed:<\/p><ol><li style=\"font-weight: 400;\"><b><\/b><b><strong>Dentro del per\u00edmetro urbano:<\/strong><\/b><\/li><\/ol><ul><li style=\"font-weight: 400;\">V\u00eda de metro o metrov\u00eda<\/li><li style=\"font-weight: 400;\">V\u00eda troncal<\/li><li style=\"font-weight: 400;\">F\u00e9rreas<\/li><li style=\"font-weight: 400;\">Autopistas<\/li><li style=\"font-weight: 400;\">Arterias<\/li><li style=\"font-weight: 400;\">Principales<\/li><li style=\"font-weight: 400;\">Secundarias<\/li><li style=\"font-weight: 400;\">Colectoras<\/li><li style=\"font-weight: 400;\">Ordinarias<\/li><li style=\"font-weight: 400;\">Locales<\/li><li style=\"font-weight: 400;\">Privadas<\/li><li style=\"font-weight: 400;\">Ciclorrutas<\/li><li style=\"font-weight: 400;\">Peatonales<\/li><\/ul><ol start=\"2\"><li style=\"font-weight: 400;\"><b><\/b><b><strong>En las zonas rurales:<\/strong><\/b><\/li><\/ol><ul><li style=\"font-weight: 400;\">F\u00e9rreas<\/li><li style=\"font-weight: 400;\">Autopistas<\/li><li style=\"font-weight: 400;\">Carreteras Principales<\/li><li style=\"font-weight: 400;\">Carreteras Secundarias<\/li><li style=\"font-weight: 400;\">Carreteables<\/li><li style=\"font-weight: 400;\">Privadas<\/li><li style=\"font-weight: 400;\">Peatonales.<\/li><\/ul><p style=\"font-weight: 400;\">La presencia de peatones en las v\u00edas y zonas para ellos dise\u00f1adas, les otorgar\u00e1n prelaci\u00f3n, excepto sobre v\u00edas f\u00e9rreas, autopistas y v\u00edas arterias.<\/p><p style=\"font-weight: 400;\">La autoridad de tr\u00e1nsito competente, por medio de resoluci\u00f3n motivada se\u00f1alar\u00e1 las categor\u00edas correspondientes a las v\u00edas urbanas, cualquiera que sea su denominaci\u00f3n. En cualquier caso, las autoridades de tr\u00e1nsito podr\u00e1n incorporar nuevas categor\u00edas y homologar su prioridad con cualquiera de las existentes.<\/p><p style=\"font-weight: 400;\">La prelaci\u00f3n entre las v\u00edas en zonas rurales ser\u00e1 determinada por la autoridad de tr\u00e1nsito competente.<\/p><p style=\"font-weight: 400;\"><a href=\"https:\/\/www.alcaldiabogota.gov.co\/sisjur\/normas\/Norma1.jsp?i=17095\">Ver Resoluci\u00f3n 1848 de 2005, Ministerio de Transporte.<\/a><\/p><p style=\"font-weight: 400;\"><b><strong>Par\u00e1grafo<\/strong><\/b>\u00a0<b><strong>1.<\/strong><\/b>\u00a0Las autoridades de tr\u00e1nsito deber\u00e1n consultar con las comunidades el uso de las v\u00edas cuando no se trate de v\u00edas arterias o autopistas, principales y secundarias, para la definici\u00f3n de las rutas de transporte p\u00fablico. Si las juntas administradoras votan negativamente un tramo de una ruta, \u00e9sta no se podr\u00e1 autorizar.<\/p><p style=\"font-weight: 400;\"><b><strong>P<\/strong><\/b><b><strong>ar\u00e1grafo<\/strong><\/b>\u00a0<b><strong>2.<\/strong><\/b>\u00a0En todo caso, las v\u00edas principales y secundarias que se autoricen para rutas de transporte p\u00fablico requieren concepto t\u00e9cnico de la autoridad competente de que son aptas para resistir el tr\u00e1nsito de rutas de transporte p\u00fablico.<\/p><p style=\"font-weight: 400;\"><b><strong>P<\/strong><\/b><b><strong>ar\u00e1grafo<\/strong><\/b>\u00a0<b><strong>3.<\/strong><\/b>\u00a0Se proh\u00edbe el tr\u00e1nsito de veh\u00edculos de alto tonelaje por las v\u00edas de sitios que est\u00e9n declarados o se declaren como monumentos de conservaci\u00f3n hist\u00f3rica.<\/p>\t\t\t\t\t\t\t\t<\/div>\n\t\t\t\t<\/div>\n\t\t\t\t<section class=\"elementor-section elementor-inner-section elementor-element elementor-element-4e8dfdf elementor-section-boxed elementor-section-height-default elementor-section-height-default\" data-id=\"4e8dfdf\" data-element_type=\"section\">\n\t\t\t\t\t\t<div class=\"elementor-container elementor-column-gap-default\">\n\t\t\t\t\t<div class=\"elementor-column elementor-col-50 elementor-inner-column elementor-element elementor-element-2a9e35c\" data-id=\"2a9e35c\" data-element_type=\"column\" data-settings=\"{&quot;background_background&quot;:&quot;classic&quot;}\">\n\t\t\t<div class=\"elementor-widget-wrap elementor-element-populated\">\n\t\t\t\t\t\t<div class=\"elementor-element elementor-element-a038c54 elementor-widget elementor-widget-html\" data-id=\"a038c54\" data-element_type=\"widget\" data-widget_type=\"html.default\">\n\t\t\t\t<div class=\"elementor-widget-container\">\n\t\t\t\t\t<style>\r\n\/* Estilos para el t\u00edtulo *\/\r\n.widget-title {\r\n  font-size: 24px;\r\n  font-weight: bold;\r\n  color: #fff;\r\n  text-align: center;\r\n  margin-bottom: 20px;\r\n}\r\n\r\n\/* Estilos para el acorde\u00f3n *\/\r\n.accordion {\r\n  background-color: #333;\r\n  color: #fff;\r\n  cursor: pointer;\r\n  padding: 15px;\r\n  width: 100%;\r\n  border: none;\r\n  text-align: left;\r\n  outline: none;\r\n  font-size: 16px;\r\n  transition: background-color 0.3s ease;\r\n  margin-bottom: 5px;\r\n}\r\n\r\n.accordion.active, .accordion:hover {\r\n  background-color: #555;\r\n}\r\n\r\n.panel {\r\n  padding: 0 15px;\r\n  background-color: #222;\r\n  color: #fff;\r\n  max-height: 0;\r\n  overflow: hidden;\r\n  transition: max-height 0.3s ease-out;\r\n  border: 1px solid #444;\r\n  margin-bottom: 10px;\r\n}\r\n\r\n.panel p {\r\n  margin: 10px 0;\r\n  line-height: 1.5;\r\n}\r\n<\/style>\r\n\r\n<!-- T\u00edtulo del widget -->\r\n<h2 class=\"widget-title\">Preguntas basadas en el m\u00e9todo Feynman<\/h2>\r\n\r\n<!-- 1. Sobre el Art\u00edculo 105 (Clasificaci\u00f3n de V\u00edas) -->\r\n<button class=\"accordion\">1. Sobre el Art\u00edculo 105 (Clasificaci\u00f3n de V\u00edas)<\/button>\r\n<div class=\"panel\">\r\n  <p>\ud83d\udd39 <strong>Explica con tus palabras:<\/strong> \u00bfPor qu\u00e9 es importante clasificar las v\u00edas en urbanas y rurales?<\/p>\r\n  <p>\ud83d\udd39 <strong>Ejemplo pr\u00e1ctico:<\/strong> \u00bfQu\u00e9 tipo de v\u00eda usar\u00edas para ir en bicicleta de tu casa al trabajo? \u00bfY para transportar carga entre ciudades?<\/p>\r\n  <p>\ud83d\udd39 <strong>Detecci\u00f3n de errores:<\/strong> \"Los peatones tienen prioridad absoluta en todas las v\u00edas\". \u00bfEs correcto? \u00bfQu\u00e9 excepciones menciona la ley?<\/p>\r\n  <p>\ud83d\udd39 <strong>Reflexi\u00f3n \u00e9tica:<\/strong> \u00bfPor qu\u00e9 crees que se proh\u00edbe el tr\u00e1nsito de veh\u00edculos pesados en zonas hist\u00f3ricas?<\/p>\r\n<\/div>\r\n\r\n<!-- 2. Sobre los Par\u00e1grafos (Uso Especial de V\u00edas) -->\r\n<button class=\"accordion\">2. Sobre los Par\u00e1grafos (Uso Especial de V\u00edas)<\/button>\r\n<div class=\"panel\">\r\n  <p>\ud83d\udd39 <strong>Analog\u00eda:<\/strong> Compara la consulta a comunidades sobre rutas de transporte p\u00fablico con elegir el men\u00fa de una fiesta. \u00bfPor qu\u00e9 es importante considerar a todos?<\/p>\r\n  <p>\ud83d\udd39 <strong>Role-playing:<\/strong> Eres un alcalde y quieres convertir una calle secundaria en ruta de buses. \u00bfQu\u00e9 pasos debes seguir seg\u00fan el par\u00e1grafo 2?<\/p>\r\n  <p>\ud83d\udd39 <strong>Conexi\u00f3n con la realidad:<\/strong> En tu ciudad, \u00bfhas visto v\u00edas mal utilizadas (ej: ciclorrutas ocupadas por motos)? Describe el problema y qu\u00e9 norma se viola.<\/p>\r\n<\/div>\r\n\r\n<!-- 3. Preguntas de S\u00edntesis (M\u00e9todo Feynman) -->\r\n<button class=\"accordion\">3. Preguntas de S\u00edntesis (M\u00e9todo Feynman)<\/button>\r\n<div class=\"panel\">\r\n  <p>\ud83d\udd39 <strong>\"Ens\u00e9\u00f1ame como si fuera un extraterrestre\":<\/strong> Dibuja un mapa simple con 3 tipos de v\u00edas urbanas y explica qui\u00e9n tiene prioridad en cada una.<\/p>\r\n  <p>\ud83d\udd39 <strong>Compara y contrasta:<\/strong> \u00bfEn qu\u00e9 se diferencian las autopistas urbanas de las rurales?<\/p>\r\n<\/div>\r\n\r\n<!-- 4. Bonus: Aplicaci\u00f3n Pr\u00e1ctica y Debate -->\r\n<button class=\"accordion\">4. Bonus: Aplicaci\u00f3n Pr\u00e1ctica y Debate<\/button>\r\n<div class=\"panel\">\r\n  <p>\ud83d\udd39 <strong>Escenario hipot\u00e9tico:<\/strong> Una empresa quiere pasar camiones de 20 toneladas por un barrio hist\u00f3rico. \u00bfQu\u00e9 argumentos legales usar\u00edas para oponerte? (Usa el par\u00e1grafo 3)<\/p>\r\n  <p>\ud83d\udd39 <strong>Propuesta de mejora:<\/strong> Si pudieras agregar un nuevo tipo de v\u00eda a la clasificaci\u00f3n, \u00bfcu\u00e1l ser\u00eda y c\u00f3mo funcionar\u00eda?<\/p>\r\n<\/div>\r\n\r\n<!-- Objetivo de las preguntas (opcional) -->\r\n<!--\r\nObjetivo:\r\n- Clarificar la jerarqu\u00eda vial (prelaci\u00f3n, excepciones).\r\n- Relacionar clasificaci\u00f3n con usos reales (transporte p\u00fablico, protecci\u00f3n patrimonial).\r\n- Fomentar pensamiento cr\u00edtico sobre planificaci\u00f3n urbana y participaci\u00f3n ciudadana.\r\n-->\r\n\r\n<script>\r\nvar acc = document.getElementsByClassName(\"accordion\");\r\nfor (var i = 0; i < acc.length; i++) {\r\n  acc[i].addEventListener(\"click\", function() {\r\n    this.classList.toggle(\"active\");\r\n    var panel = this.nextElementSibling;\r\n    if (panel.style.maxHeight) {\r\n      panel.style.maxHeight = null;\r\n    } else {\r\n      panel.style.maxHeight = panel.scrollHeight + \"px\";\r\n    }\r\n  });\r\n}\r\n<\/script>\r\n\t\t\t\t<\/div>\n\t\t\t\t<\/div>\n\t\t\t\t\t<\/div>\n\t\t<\/div>\n\t\t\t\t<div class=\"elementor-column elementor-col-50 elementor-inner-column elementor-element elementor-element-1895b0a\" data-id=\"1895b0a\" data-element_type=\"column\">\n\t\t\t<div class=\"elementor-widget-wrap elementor-element-populated\">\n\t\t\t\t\t\t<div class=\"elementor-element elementor-element-6928418 elementor-widget elementor-widget-html\" data-id=\"6928418\" data-element_type=\"widget\" data-widget_type=\"html.default\">\n\t\t\t\t<div class=\"elementor-widget-container\">\n\t\t\t\t\t<style>\r\n.quiz-container {\r\n    font-family: Arial, sans-serif;\r\n    max-width: 600px;\r\n    margin: 0 auto;\r\n    padding: 20px;\r\n    border: 1px solid #ccc;\r\n    border-radius: 10px;\r\n    background-color: #f9f9f9;\r\n}\r\n\r\n.pregunta {\r\n    margin-bottom: 15px;\r\n    padding: 10px;\r\n    border: 1px solid #ddd;\r\n    border-radius: 10px;\r\n    background-color: #fff;\r\n    box-shadow: 2px 2px 10px rgba(0, 0, 0, 0.1);\r\n}\r\n\r\n.pregunta h4 {\r\n    margin-top: 0;\r\n    color: #333;\r\n}\r\n\r\ninput[type=\"submit\"] {\r\n    display: block;\r\n    width: 100%;\r\n    margin: 20px 0;\r\n    padding: 10px;\r\n    background-color: #007bff;\r\n    color: white;\r\n    border: none;\r\n    border-radius: 5px;\r\n    cursor: pointer;\r\n}\r\n\r\n#resultado {\r\n    margin-top: 20px;\r\n    padding: 15px;\r\n    border-radius: 5px;\r\n    text-align: center;\r\n    background-color: #e9ecef;\r\n    font-weight: bold;\r\n    display: none;\r\n}\r\n<\/style>\r\n\r\n<div class=\"quiz-container\">\r\n    <form id=\"cuestionario\">\r\n        <!-- Preguntas -->\r\n        <div class=\"pregunta\">\r\n  <h4>1. \u00bfQu\u00e9 tipo de v\u00eda es exclusiva para el transporte masivo como metros o tranv\u00edas?<\/h4>\r\n  <input type=\"radio\" name=\"q1\" value=\"a\"> A) V\u00eda colectora<br>\r\n  <input type=\"radio\" name=\"q1\" value=\"b\"> B) V\u00eda de metro o metrov\u00eda<br>\r\n  <input type=\"radio\" name=\"q1\" value=\"c\"> C) V\u00eda troncal<br>\r\n<\/div>\r\n        \r\n        <div class=\"pregunta\">\r\n            <h4>2. \u00bfCu\u00e1l de las siguientes v\u00edas es de alta velocidad y con accesos restringidos?<\/h4>\r\n            <input type=\"radio\" name=\"q2\" value=\"a\"> A) Autopista<br>\r\n            <input type=\"radio\" name=\"q2\" value=\"b\"> B) Ciclorruta<br>\r\n            <input type=\"radio\" name=\"q2\" value=\"c\"> C) V\u00eda secundaria<br>\r\n        <\/div>\r\n\r\n        <div class=\"pregunta\">\r\n  <h4>3. \u00bfQu\u00e9 tipo de v\u00eda recoge el tr\u00e1fico de calles secundarias y lo dirige a las v\u00edas principales?<\/h4>\r\n  <input type=\"radio\" name=\"q3\" value=\"a\"> A) Carretera rural<br>\r\n  <input type=\"radio\" name=\"q3\" value=\"b\"> B) V\u00eda arteria<br>\r\n  <input type=\"radio\" name=\"q3\" value=\"c\"> C) V\u00eda colectora<br>\r\n<\/div>\r\n\r\n        <div class=\"pregunta\">\r\n            <h4>4. \u00bfEn qu\u00e9 tipo de v\u00eda los peatones tienen prioridad en la ciudad?<\/h4>\r\n            <input type=\"radio\" name=\"q4\" value=\"a\"> A) Peatonales y andenes<br>\r\n            <input type=\"radio\" name=\"q4\" value=\"b\"> B) Autopistas<br>\r\n            <input type=\"radio\" name=\"q4\" value=\"c\"> C) V\u00edas arterias<br>\r\n        <\/div>\r\n\r\n        <div class=\"pregunta\">\r\n  <h4>5. \u00bfQu\u00e9 tipo de v\u00eda conecta ciudades y tiene doble sentido de circulaci\u00f3n?<\/h4>\r\n  <input type=\"radio\" name=\"q5\" value=\"a\"> A) V\u00eda troncal<br>\r\n  <input type=\"radio\" name=\"q5\" value=\"b\"> B) Ciclorruta<br>\r\n  <input type=\"radio\" name=\"q5\" value=\"c\"> C) Carretera principal<br>\r\n<\/div>\r\n\r\n        <div class=\"pregunta\">\r\n            <h4>6. \u00bfD\u00f3nde est\u00e1 prohibido el tr\u00e1nsito de veh\u00edculos de alto tonelaje?<\/h4>\r\n            <input type=\"radio\" name=\"q6\" value=\"a\"> A) En zonas declaradas como monumentos hist\u00f3ricos<br>\r\n            <input type=\"radio\" name=\"q6\" value=\"b\"> B) En carreteras secundarias<br>\r\n            <input type=\"radio\" name=\"q6\" value=\"c\"> C) En carreteables<br>\r\n        <\/div>\r\n\r\n        <div class=\"pregunta\">\r\n  <h4>7. \u00bfQu\u00e9 tipo de v\u00eda es utilizada para trenes urbanos o intermunicipales?<\/h4>\r\n  <input type=\"radio\" name=\"q7\" value=\"a\"> A) V\u00eda principal<br>\r\n  <input type=\"radio\" name=\"q7\" value=\"b\"> B) Carreteras terciarias<br>\r\n  <input type=\"radio\" name=\"q7\" value=\"c\"> C) V\u00edas f\u00e9rreas<br>\r\n<\/div>\r\n\r\n        <div class=\"pregunta\">\r\n            <h4>8. \u00bfCu\u00e1l es la funci\u00f3n de las v\u00edas colectoras?<\/h4>\r\n            <input type=\"radio\" name=\"q8\" value=\"a\"> A) Recoger el tr\u00e1fico de calles secundarias y dirigirlo a v\u00edas principales<br>\r\n            <input type=\"radio\" name=\"q8\" value=\"b\"> B) Son de uso exclusivo para transporte masivo<br>\r\n            <input type=\"radio\" name=\"q8\" value=\"c\"> C) Permitir solo el paso de peatones y ciclistas<br>\r\n        <\/div>\r\n\r\n        <div class=\"pregunta\">\r\n  <h4>9. \u00bfQu\u00e9 tipo de v\u00eda se encuentra dentro de una propiedad privada?<\/h4>\r\n  <input type=\"radio\" name=\"q9\" value=\"a\"> A) V\u00eda troncal<br>\r\n  <input type=\"radio\" name=\"q9\" value=\"b\"> B) Autopista<br>\r\n  <input type=\"radio\" name=\"q9\" value=\"c\"> C) V\u00eda privada<br>\r\n<\/div>\r\n\r\n        <div class=\"pregunta\">\r\n            <h4>10. \u00bfQu\u00e9 v\u00edas requieren un estudio t\u00e9cnico antes de ser usadas por transporte p\u00fablico?<\/h4>\r\n            <input type=\"radio\" name=\"q10\" value=\"a\"> A) V\u00edas principales y secundarias<br>\r\n            <input type=\"radio\" name=\"q10\" value=\"b\"> B) V\u00edas de metro<br>\r\n            <input type=\"radio\" name=\"q10\" value=\"c\"> C) Peatonales<br>\r\n        <\/div>\r\n\r\n        <input type=\"submit\" value=\"Enviar Respuestas \ud83d\udcdd\" class=\"wp-block-button__link\">\r\n        <div id=\"resultado\">\r\n            <p class=\"puntaje\"><\/p>\r\n            <p class=\"mensaje\"><\/p>\r\n        <\/div>\r\n    <\/form>\r\n<\/div>\r\n\r\n<script>\r\ndocument.getElementById('cuestionario').onsubmit = function(event) {\r\n    event.preventDefault();\r\n    let score = 0;\r\n    const correctas = { q1:'b', q2:'a', q3:'c', q4:'a', q5:'c', q6:'a', q7:'c', q8:'a', q9:'c', q10:'a' };\r\n    for(let pregunta in correctas) {\r\n        const seleccionada = document.querySelector(`input[name=\"${pregunta}\"]:checked`);\r\n        if(seleccionada && seleccionada.value === correctas[pregunta]) score++;\r\n    }\r\n    \r\n    let mensaje;\r\n    if (score === 10) {\r\n        mensaje = \"\u00a1Excelente! Conoces bien la clasificaci\u00f3n y uso de las v\u00edas. \ud83d\udea6\ud83d\udee3\ufe0f\";\r\n    } else if (score >= 7) {\r\n        mensaje = \"\u00a1Muy bien! Tienes buen conocimiento sobre el uso de las v\u00edas. \u2705\";\r\n    } else {\r\n        mensaje = \"Necesitas mejorar. Revisa la clasificaci\u00f3n de v\u00edas para conocer su correcto uso. \ud83d\udcda\";\r\n    }\r\n\r\n    document.querySelector('.puntaje').textContent = `Puntuaci\u00f3n: ${score} de 10`;\r\n    document.querySelector('.mensaje').textContent = mensaje;\r\n    document.getElementById('resultado').style.display = 'block';\r\n};\r\n<\/script>\r\n\t\t\t\t<\/div>\n\t\t\t\t<\/div>\n\t\t\t\t\t<\/div>\n\t\t<\/div>\n\t\t\t\t\t<\/div>\n\t\t<\/section>\n\t\t\t\t<div class=\"elementor-element elementor-element-abb8d01 elementor-align-right elementor-widget elementor-widget-button\" data-id=\"abb8d01\" data-element_type=\"widget\" data-widget_type=\"button.default\">\n\t\t\t\t<div class=\"elementor-widget-container\">\n\t\t\t\t\t\t\t\t\t<div class=\"elementor-button-wrapper\">\n\t\t\t\t\t<a class=\"elementor-button elementor-button-link elementor-size-sm\" href=\"https:\/\/conducircolombia.com\/cea\/codigo-de-transito-titulo-iii-capitulo-xi\/\">\n\t\t\t\t\t\t<span class=\"elementor-button-content-wrapper\">\n\t\t\t\t\t\t\t\t\t<span class=\"elementor-button-text\">SIGUIENTE<\/span>\n\t\t\t\t\t<\/span>\n\t\t\t\t\t<\/a>\n\t\t\t\t<\/div>\n\t\t\t\t\t\t\t\t<\/div>\n\t\t\t\t<\/div>\n\t\t\t\t\t<\/div>\n\t\t<\/div>\n\t\t\t\t\t<\/div>\n\t\t<\/section>\n\t\t\t\t<\/div>\n\t\t","protected":false},"excerpt":{"rendered":"<p>Organismo de Apoyo al Tr\u00e1nsito Min Transporte Res. 1347\/13 Educaci\u00f3n Res. 14024\/11 \u00cdNDICE Comprendiendo el C\u00f3digo Nacional de Tr\u00e1nsito: Un [&hellip;]<\/p>\n","protected":false},"author":2,"featured_media":0,"comment_status":"open","ping_status":"open","sticky":false,"template":"elementor_canvas","format":"standard","meta":{"site-sidebar-layout":"default","site-content-layout":"","ast-site-content-layout":"default","site-content-style":"default","site-sidebar-style":"default","ast-global-header-display":"","ast-banner-title-visibility":"","ast-main-header-display":"","ast-hfb-above-header-display":"","ast-hfb-below-header-display":"","ast-hfb-mobile-header-display":"","site-post-title":"","ast-breadcrumbs-content":"","ast-featured-img":"","footer-sml-layout":"","theme-transparent-header-meta":"","adv-header-id-meta":"","stick-header-meta":"","header-above-stick-meta":"","header-main-stick-meta":"","header-below-stick-meta":"","astra-migrate-meta-layouts":"set","ast-page-background-enabled":"default","ast-page-background-meta":{"desktop":{"background-color":"var(--ast-global-color-4)","background-image":"","background-repeat":"repeat","background-position":"center center","background-size":"auto","background-attachment":"scroll","background-type":"","background-media":"","overlay-type":"","overlay-color":"","overlay-opacity":"","overlay-gradient":""},"tablet":{"background-color":"","background-image":"","background-repeat":"repeat","background-position":"center center","background-size":"auto","background-attachment":"scroll","background-type":"","background-media":"","overlay-type":"","overlay-color":"","overlay-opacity":"","overlay-gradient":""},"mobile":{"background-color":"","background-image":"","background-repeat":"repeat","background-position":"center center","background-size":"auto","background-attachment":"scroll","background-type":"","background-media":"","overlay-type":"","overlay-color":"","overlay-opacity":"","overlay-gradient":""}},"ast-content-background-meta":{"desktop":{"background-color":"var(--ast-global-color-5)","background-image":"","background-repeat":"repeat","background-position":"center center","background-size":"auto","background-attachment":"scroll","background-type":"","background-media":"","overlay-type":"","overlay-color":"","overlay-opacity":"","overlay-gradient":""},"tablet":{"background-color":"var(--ast-global-color-5)","background-image":"","background-repeat":"repeat","background-position":"center center","background-size":"auto","background-attachment":"scroll","background-type":"","background-media":"","overlay-type":"","overlay-color":"","overlay-opacity":"","overlay-gradient":""},"mobile":{"background-color":"var(--ast-global-color-5)","background-image":"","background-repeat":"repeat","background-position":"center center","background-size":"auto","background-attachment":"scroll","background-type":"","background-media":"","overlay-type":"","overlay-color":"","overlay-opacity":"","overlay-gradient":""}},"footnotes":""},"categories":[5],"tags":[],"class_list":["post-11521","post","type-post","status-publish","format-standard","hentry","category-codigo-de-transito"],"yoast_head":"<!-- This site is optimized with the Yoast SEO plugin v26.4 - https:\/\/yoast.com\/wordpress\/plugins\/seo\/ -->\n<title>Clasificaci\u00f3n y Uso de las V\u00edas<\/title>\n<meta name=\"description\" content=\"Clasificaci\u00f3n y Uso de las V\u00edas | Las calles y carreteras no son todas iguales. Dependiendo de su ubicaci\u00f3n y funci\u00f3n, existen diferentes tipos de v\u00edas\" \/>\n<meta name=\"robots\" content=\"index, follow, max-snippet:-1, max-image-preview:large, max-video-preview:-1\" \/>\n<link rel=\"canonical\" href=\"https:\/\/conducircolombia.com\/cea\/codigo-de-transito-titulo-iii-capitulo-x\/\" \/>\n<meta property=\"og:locale\" content=\"es_ES\" \/>\n<meta property=\"og:type\" content=\"article\" \/>\n<meta property=\"og:title\" content=\"Clasificaci\u00f3n y Uso de las V\u00edas\" \/>\n<meta property=\"og:description\" content=\"Clasificaci\u00f3n y Uso de las V\u00edas | Las calles y carreteras no son todas iguales. Dependiendo de su ubicaci\u00f3n y funci\u00f3n, existen diferentes tipos de v\u00edas\" \/>\n<meta property=\"og:url\" content=\"https:\/\/conducircolombia.com\/cea\/codigo-de-transito-titulo-iii-capitulo-x\/\" \/>\n<meta property=\"og:site_name\" content=\"Conducir Colombia\" \/>\n<meta property=\"article:publisher\" content=\"https:\/\/www.facebook.com\/ConducirColombiaBogota\" \/>\n<meta property=\"article:published_time\" content=\"2025-02-08T01:39:37+00:00\" \/>\n<meta property=\"article:modified_time\" content=\"2025-03-29T00:26:27+00:00\" \/>\n<meta property=\"og:image\" content=\"https:\/\/conducircolombia.com\/cea\/wp-content\/uploads\/2025\/02\/Logo-ITDH-500.webp\" \/>\n\t<meta property=\"og:image:width\" content=\"500\" \/>\n\t<meta property=\"og:image:height\" content=\"100\" \/>\n\t<meta property=\"og:image:type\" content=\"image\/webp\" \/>\n<meta name=\"author\" content=\"memo fichas\" \/>\n<meta name=\"twitter:card\" content=\"summary_large_image\" \/>\n<meta name=\"twitter:label1\" content=\"Escrito por\" \/>\n\t<meta name=\"twitter:data1\" content=\"memo fichas\" \/>\n\t<meta name=\"twitter:label2\" content=\"Tiempo de lectura\" \/>\n\t<meta name=\"twitter:data2\" content=\"7 minutos\" \/>\n<script type=\"application\/ld+json\" class=\"yoast-schema-graph\">{\"@context\":\"https:\/\/schema.org\",\"@graph\":[{\"@type\":\"Article\",\"@id\":\"https:\/\/conducircolombia.com\/cea\/codigo-de-transito-titulo-iii-capitulo-x\/#article\",\"isPartOf\":{\"@id\":\"https:\/\/conducircolombia.com\/cea\/codigo-de-transito-titulo-iii-capitulo-x\/\"},\"author\":{\"name\":\"memo fichas\",\"@id\":\"https:\/\/conducircolombia.com\/cea\/#\/schema\/person\/39f266f3357066ea02c614168ee5b0d2\"},\"headline\":\"C\u00f3digo de Tr\u00e1nsito T\u00cdTULO III CAP\u00cdTULO X\",\"datePublished\":\"2025-02-08T01:39:37+00:00\",\"dateModified\":\"2025-03-29T00:26:27+00:00\",\"mainEntityOfPage\":{\"@id\":\"https:\/\/conducircolombia.com\/cea\/codigo-de-transito-titulo-iii-capitulo-x\/\"},\"wordCount\":1527,\"commentCount\":0,\"publisher\":{\"@id\":\"https:\/\/conducircolombia.com\/cea\/#organization\"},\"image\":{\"@id\":\"https:\/\/conducircolombia.com\/cea\/codigo-de-transito-titulo-iii-capitulo-x\/#primaryimage\"},\"thumbnailUrl\":\"https:\/\/conducircolombia.com\/cea\/wp-content\/uploads\/2025\/02\/Logo-ITDH-500.webp\",\"articleSection\":[\"C\u00f3digo de tr\u00e1nsito\"],\"inLanguage\":\"es\",\"potentialAction\":[{\"@type\":\"CommentAction\",\"name\":\"Comment\",\"target\":[\"https:\/\/conducircolombia.com\/cea\/codigo-de-transito-titulo-iii-capitulo-x\/#respond\"]}]},{\"@type\":\"WebPage\",\"@id\":\"https:\/\/conducircolombia.com\/cea\/codigo-de-transito-titulo-iii-capitulo-x\/\",\"url\":\"https:\/\/conducircolombia.com\/cea\/codigo-de-transito-titulo-iii-capitulo-x\/\",\"name\":\"Clasificaci\u00f3n y Uso de las V\u00edas\",\"isPartOf\":{\"@id\":\"https:\/\/conducircolombia.com\/cea\/#website\"},\"primaryImageOfPage\":{\"@id\":\"https:\/\/conducircolombia.com\/cea\/codigo-de-transito-titulo-iii-capitulo-x\/#primaryimage\"},\"image\":{\"@id\":\"https:\/\/conducircolombia.com\/cea\/codigo-de-transito-titulo-iii-capitulo-x\/#primaryimage\"},\"thumbnailUrl\":\"https:\/\/conducircolombia.com\/cea\/wp-content\/uploads\/2025\/02\/Logo-ITDH-500.webp\",\"datePublished\":\"2025-02-08T01:39:37+00:00\",\"dateModified\":\"2025-03-29T00:26:27+00:00\",\"description\":\"Clasificaci\u00f3n y Uso de las V\u00edas | Las calles y carreteras no son todas iguales. Dependiendo de su ubicaci\u00f3n y funci\u00f3n, existen diferentes tipos de v\u00edas\",\"breadcrumb\":{\"@id\":\"https:\/\/conducircolombia.com\/cea\/codigo-de-transito-titulo-iii-capitulo-x\/#breadcrumb\"},\"inLanguage\":\"es\",\"potentialAction\":[{\"@type\":\"ReadAction\",\"target\":[\"https:\/\/conducircolombia.com\/cea\/codigo-de-transito-titulo-iii-capitulo-x\/\"]}]},{\"@type\":\"ImageObject\",\"inLanguage\":\"es\",\"@id\":\"https:\/\/conducircolombia.com\/cea\/codigo-de-transito-titulo-iii-capitulo-x\/#primaryimage\",\"url\":\"https:\/\/conducircolombia.com\/cea\/wp-content\/uploads\/2025\/02\/Logo-ITDH-500.webp\",\"contentUrl\":\"https:\/\/conducircolombia.com\/cea\/wp-content\/uploads\/2025\/02\/Logo-ITDH-500.webp\",\"width\":500,\"height\":100,\"caption\":\"Logo Conducir Colombia\"},{\"@type\":\"BreadcrumbList\",\"@id\":\"https:\/\/conducircolombia.com\/cea\/codigo-de-transito-titulo-iii-capitulo-x\/#breadcrumb\",\"itemListElement\":[{\"@type\":\"ListItem\",\"position\":1,\"name\":\"Portada\",\"item\":\"https:\/\/conducircolombia.com\/cea\/\"},{\"@type\":\"ListItem\",\"position\":2,\"name\":\"C\u00f3digo de Tr\u00e1nsito T\u00cdTULO III CAP\u00cdTULO X\"}]},{\"@type\":\"WebSite\",\"@id\":\"https:\/\/conducircolombia.com\/cea\/#website\",\"url\":\"https:\/\/conducircolombia.com\/cea\/\",\"name\":\"Conducir Colombia\",\"description\":\"Academia de Conducci\u00f3n\",\"publisher\":{\"@id\":\"https:\/\/conducircolombia.com\/cea\/#organization\"},\"potentialAction\":[{\"@type\":\"SearchAction\",\"target\":{\"@type\":\"EntryPoint\",\"urlTemplate\":\"https:\/\/conducircolombia.com\/cea\/?s={search_term_string}\"},\"query-input\":{\"@type\":\"PropertyValueSpecification\",\"valueRequired\":true,\"valueName\":\"search_term_string\"}}],\"inLanguage\":\"es\"},{\"@type\":\"Organization\",\"@id\":\"https:\/\/conducircolombia.com\/cea\/#organization\",\"name\":\"Conducir Colombia\",\"alternateName\":\"Conducir Colombia\",\"url\":\"https:\/\/conducircolombia.com\/cea\/\",\"logo\":{\"@type\":\"ImageObject\",\"inLanguage\":\"es\",\"@id\":\"https:\/\/conducircolombia.com\/cea\/#\/schema\/logo\/image\/\",\"url\":\"https:\/\/conducircolombia.com\/cea\/wp-content\/uploads\/2025\/02\/logowp.jpg\",\"contentUrl\":\"https:\/\/conducircolombia.com\/cea\/wp-content\/uploads\/2025\/02\/logowp.jpg\",\"width\":300,\"height\":299,\"caption\":\"Conducir Colombia\"},\"image\":{\"@id\":\"https:\/\/conducircolombia.com\/cea\/#\/schema\/logo\/image\/\"},\"sameAs\":[\"https:\/\/www.facebook.com\/ConducirColombiaBogota\"]},{\"@type\":\"Person\",\"@id\":\"https:\/\/conducircolombia.com\/cea\/#\/schema\/person\/39f266f3357066ea02c614168ee5b0d2\",\"name\":\"memo fichas\",\"image\":{\"@type\":\"ImageObject\",\"inLanguage\":\"es\",\"@id\":\"https:\/\/conducircolombia.com\/cea\/#\/schema\/person\/image\/\",\"url\":\"https:\/\/secure.gravatar.com\/avatar\/e1b894dfed71a479efeaf73bfb32c5e92c855e56311b32924ca240a9bcec68b2?s=96&d=mm&r=g\",\"contentUrl\":\"https:\/\/secure.gravatar.com\/avatar\/e1b894dfed71a479efeaf73bfb32c5e92c855e56311b32924ca240a9bcec68b2?s=96&d=mm&r=g\",\"caption\":\"memo fichas\"},\"url\":\"https:\/\/conducircolombia.com\/cea\/author\/conducir1\/\"}]}<\/script>\n<!-- \/ Yoast SEO plugin. -->","yoast_head_json":{"title":"Clasificaci\u00f3n y Uso de las V\u00edas","description":"Clasificaci\u00f3n y Uso de las V\u00edas | Las calles y carreteras no son todas iguales. Dependiendo de su ubicaci\u00f3n y funci\u00f3n, existen diferentes tipos de v\u00edas","robots":{"index":"index","follow":"follow","max-snippet":"max-snippet:-1","max-image-preview":"max-image-preview:large","max-video-preview":"max-video-preview:-1"},"canonical":"https:\/\/conducircolombia.com\/cea\/codigo-de-transito-titulo-iii-capitulo-x\/","og_locale":"es_ES","og_type":"article","og_title":"Clasificaci\u00f3n y Uso de las V\u00edas","og_description":"Clasificaci\u00f3n y Uso de las V\u00edas | Las calles y carreteras no son todas iguales. Dependiendo de su ubicaci\u00f3n y funci\u00f3n, existen diferentes tipos de v\u00edas","og_url":"https:\/\/conducircolombia.com\/cea\/codigo-de-transito-titulo-iii-capitulo-x\/","og_site_name":"Conducir Colombia","article_publisher":"https:\/\/www.facebook.com\/ConducirColombiaBogota","article_published_time":"2025-02-08T01:39:37+00:00","article_modified_time":"2025-03-29T00:26:27+00:00","og_image":[{"width":500,"height":100,"url":"https:\/\/conducircolombia.com\/cea\/wp-content\/uploads\/2025\/02\/Logo-ITDH-500.webp","type":"image\/webp"}],"author":"memo fichas","twitter_card":"summary_large_image","twitter_misc":{"Escrito por":"memo fichas","Tiempo de lectura":"7 minutos"},"schema":{"@context":"https:\/\/schema.org","@graph":[{"@type":"Article","@id":"https:\/\/conducircolombia.com\/cea\/codigo-de-transito-titulo-iii-capitulo-x\/#article","isPartOf":{"@id":"https:\/\/conducircolombia.com\/cea\/codigo-de-transito-titulo-iii-capitulo-x\/"},"author":{"name":"memo fichas","@id":"https:\/\/conducircolombia.com\/cea\/#\/schema\/person\/39f266f3357066ea02c614168ee5b0d2"},"headline":"C\u00f3digo de Tr\u00e1nsito T\u00cdTULO III CAP\u00cdTULO X","datePublished":"2025-02-08T01:39:37+00:00","dateModified":"2025-03-29T00:26:27+00:00","mainEntityOfPage":{"@id":"https:\/\/conducircolombia.com\/cea\/codigo-de-transito-titulo-iii-capitulo-x\/"},"wordCount":1527,"commentCount":0,"publisher":{"@id":"https:\/\/conducircolombia.com\/cea\/#organization"},"image":{"@id":"https:\/\/conducircolombia.com\/cea\/codigo-de-transito-titulo-iii-capitulo-x\/#primaryimage"},"thumbnailUrl":"https:\/\/conducircolombia.com\/cea\/wp-content\/uploads\/2025\/02\/Logo-ITDH-500.webp","articleSection":["C\u00f3digo de tr\u00e1nsito"],"inLanguage":"es","potentialAction":[{"@type":"CommentAction","name":"Comment","target":["https:\/\/conducircolombia.com\/cea\/codigo-de-transito-titulo-iii-capitulo-x\/#respond"]}]},{"@type":"WebPage","@id":"https:\/\/conducircolombia.com\/cea\/codigo-de-transito-titulo-iii-capitulo-x\/","url":"https:\/\/conducircolombia.com\/cea\/codigo-de-transito-titulo-iii-capitulo-x\/","name":"Clasificaci\u00f3n y Uso de las V\u00edas","isPartOf":{"@id":"https:\/\/conducircolombia.com\/cea\/#website"},"primaryImageOfPage":{"@id":"https:\/\/conducircolombia.com\/cea\/codigo-de-transito-titulo-iii-capitulo-x\/#primaryimage"},"image":{"@id":"https:\/\/conducircolombia.com\/cea\/codigo-de-transito-titulo-iii-capitulo-x\/#primaryimage"},"thumbnailUrl":"https:\/\/conducircolombia.com\/cea\/wp-content\/uploads\/2025\/02\/Logo-ITDH-500.webp","datePublished":"2025-02-08T01:39:37+00:00","dateModified":"2025-03-29T00:26:27+00:00","description":"Clasificaci\u00f3n y Uso de las V\u00edas | Las calles y carreteras no son todas iguales. Dependiendo de su ubicaci\u00f3n y funci\u00f3n, existen diferentes tipos de v\u00edas","breadcrumb":{"@id":"https:\/\/conducircolombia.com\/cea\/codigo-de-transito-titulo-iii-capitulo-x\/#breadcrumb"},"inLanguage":"es","potentialAction":[{"@type":"ReadAction","target":["https:\/\/conducircolombia.com\/cea\/codigo-de-transito-titulo-iii-capitulo-x\/"]}]},{"@type":"ImageObject","inLanguage":"es","@id":"https:\/\/conducircolombia.com\/cea\/codigo-de-transito-titulo-iii-capitulo-x\/#primaryimage","url":"https:\/\/conducircolombia.com\/cea\/wp-content\/uploads\/2025\/02\/Logo-ITDH-500.webp","contentUrl":"https:\/\/conducircolombia.com\/cea\/wp-content\/uploads\/2025\/02\/Logo-ITDH-500.webp","width":500,"height":100,"caption":"Logo Conducir Colombia"},{"@type":"BreadcrumbList","@id":"https:\/\/conducircolombia.com\/cea\/codigo-de-transito-titulo-iii-capitulo-x\/#breadcrumb","itemListElement":[{"@type":"ListItem","position":1,"name":"Portada","item":"https:\/\/conducircolombia.com\/cea\/"},{"@type":"ListItem","position":2,"name":"C\u00f3digo de Tr\u00e1nsito T\u00cdTULO III CAP\u00cdTULO X"}]},{"@type":"WebSite","@id":"https:\/\/conducircolombia.com\/cea\/#website","url":"https:\/\/conducircolombia.com\/cea\/","name":"Conducir Colombia","description":"Academia de Conducci\u00f3n","publisher":{"@id":"https:\/\/conducircolombia.com\/cea\/#organization"},"potentialAction":[{"@type":"SearchAction","target":{"@type":"EntryPoint","urlTemplate":"https:\/\/conducircolombia.com\/cea\/?s={search_term_string}"},"query-input":{"@type":"PropertyValueSpecification","valueRequired":true,"valueName":"search_term_string"}}],"inLanguage":"es"},{"@type":"Organization","@id":"https:\/\/conducircolombia.com\/cea\/#organization","name":"Conducir Colombia","alternateName":"Conducir Colombia","url":"https:\/\/conducircolombia.com\/cea\/","logo":{"@type":"ImageObject","inLanguage":"es","@id":"https:\/\/conducircolombia.com\/cea\/#\/schema\/logo\/image\/","url":"https:\/\/conducircolombia.com\/cea\/wp-content\/uploads\/2025\/02\/logowp.jpg","contentUrl":"https:\/\/conducircolombia.com\/cea\/wp-content\/uploads\/2025\/02\/logowp.jpg","width":300,"height":299,"caption":"Conducir Colombia"},"image":{"@id":"https:\/\/conducircolombia.com\/cea\/#\/schema\/logo\/image\/"},"sameAs":["https:\/\/www.facebook.com\/ConducirColombiaBogota"]},{"@type":"Person","@id":"https:\/\/conducircolombia.com\/cea\/#\/schema\/person\/39f266f3357066ea02c614168ee5b0d2","name":"memo fichas","image":{"@type":"ImageObject","inLanguage":"es","@id":"https:\/\/conducircolombia.com\/cea\/#\/schema\/person\/image\/","url":"https:\/\/secure.gravatar.com\/avatar\/e1b894dfed71a479efeaf73bfb32c5e92c855e56311b32924ca240a9bcec68b2?s=96&d=mm&r=g","contentUrl":"https:\/\/secure.gravatar.com\/avatar\/e1b894dfed71a479efeaf73bfb32c5e92c855e56311b32924ca240a9bcec68b2?s=96&d=mm&r=g","caption":"memo fichas"},"url":"https:\/\/conducircolombia.com\/cea\/author\/conducir1\/"}]}},"_links":{"self":[{"href":"https:\/\/conducircolombia.com\/cea\/wp-json\/wp\/v2\/posts\/11521","targetHints":{"allow":["GET"]}}],"collection":[{"href":"https:\/\/conducircolombia.com\/cea\/wp-json\/wp\/v2\/posts"}],"about":[{"href":"https:\/\/conducircolombia.com\/cea\/wp-json\/wp\/v2\/types\/post"}],"author":[{"embeddable":true,"href":"https:\/\/conducircolombia.com\/cea\/wp-json\/wp\/v2\/users\/2"}],"replies":[{"embeddable":true,"href":"https:\/\/conducircolombia.com\/cea\/wp-json\/wp\/v2\/comments?post=11521"}],"version-history":[{"count":46,"href":"https:\/\/conducircolombia.com\/cea\/wp-json\/wp\/v2\/posts\/11521\/revisions"}],"predecessor-version":[{"id":14114,"href":"https:\/\/conducircolombia.com\/cea\/wp-json\/wp\/v2\/posts\/11521\/revisions\/14114"}],"wp:attachment":[{"href":"https:\/\/conducircolombia.com\/cea\/wp-json\/wp\/v2\/media?parent=11521"}],"wp:term":[{"taxonomy":"category","embeddable":true,"href":"https:\/\/conducircolombia.com\/cea\/wp-json\/wp\/v2\/categories?post=11521"},{"taxonomy":"post_tag","embeddable":true,"href":"https:\/\/conducircolombia.com\/cea\/wp-json\/wp\/v2\/tags?post=11521"}],"curies":[{"name":"wp","href":"https:\/\/api.w.org\/{rel}","templated":true}]}}