{"id":13151,"date":"2025-02-24T17:41:21","date_gmt":"2025-02-24T22:41:21","guid":{"rendered":"https:\/\/conducircolombia.com\/cea\/?p=13151"},"modified":"2026-04-30T23:35:06","modified_gmt":"2026-05-01T04:35:06","slug":"estructura-del-curso-para-la-formacion-de-instructores-en-tecnicas-de-conduccion","status":"publish","type":"post","link":"https:\/\/conducircolombia.com\/cea\/estructura-del-curso-para-la-formacion-de-instructores-en-tecnicas-de-conduccion\/","title":{"rendered":"Estructura del Curso para la Formaci\u00f3n de Instructores en T\u00e9cnicas de Conducci\u00f3n"},"content":{"rendered":"\t\t<div data-elementor-type=\"wp-post\" data-elementor-id=\"13151\" class=\"elementor elementor-13151\">\n\t\t\t\t\t\t<section class=\"elementor-section elementor-top-section elementor-element elementor-element-0f907e0 elementor-section-boxed elementor-section-height-default elementor-section-height-default\" data-id=\"0f907e0\" data-element_type=\"section\">\n\t\t\t\t\t\t<div class=\"elementor-container elementor-column-gap-default\">\n\t\t\t\t\t<div class=\"elementor-column elementor-col-100 elementor-top-column elementor-element elementor-element-cd68f2a\" data-id=\"cd68f2a\" data-element_type=\"column\">\n\t\t\t<div class=\"elementor-widget-wrap elementor-element-populated\">\n\t\t\t\t\t\t<section class=\"elementor-section elementor-inner-section elementor-element elementor-element-0c7fa79 elementor-section-boxed elementor-section-height-default elementor-section-height-default\" data-id=\"0c7fa79\" data-element_type=\"section\">\n\t\t\t\t\t\t<div class=\"elementor-container elementor-column-gap-default\">\n\t\t\t\t\t<div class=\"elementor-column elementor-col-50 elementor-inner-column elementor-element elementor-element-0dc1cf9\" data-id=\"0dc1cf9\" data-element_type=\"column\">\n\t\t\t<div class=\"elementor-widget-wrap elementor-element-populated\">\n\t\t\t\t\t\t<div class=\"elementor-element elementor-element-a7d8d74 elementor-widget elementor-widget-image\" data-id=\"a7d8d74\" data-element_type=\"widget\" data-widget_type=\"image.default\">\n\t\t\t\t<div class=\"elementor-widget-container\">\n\t\t\t\t\t\t\t\t\t\t\t\t\t\t\t\t<a href=\"https:\/\/conducircolombia.com\/\">\n\t\t\t\t\t\t\t<img fetchpriority=\"high\" decoding=\"async\" width=\"500\" height=\"100\" src=\"https:\/\/conducircolombia.com\/cea\/wp-content\/uploads\/2025\/02\/Logo-ITDH-500.webp\" class=\"attachment-large size-large wp-image-11854\" alt=\"Logo Conducir Colombia\" srcset=\"https:\/\/conducircolombia.com\/cea\/wp-content\/uploads\/2025\/02\/Logo-ITDH-500.webp 500w, https:\/\/conducircolombia.com\/cea\/wp-content\/uploads\/2025\/02\/Logo-ITDH-500-300x60.webp 300w\" sizes=\"(max-width: 500px) 100vw, 500px\" \/>\t\t\t\t\t\t\t\t<\/a>\n\t\t\t\t\t\t\t\t\t\t\t\t\t\t\t<\/div>\n\t\t\t\t<\/div>\n\t\t\t\t\t<\/div>\n\t\t<\/div>\n\t\t\t\t<div class=\"elementor-column elementor-col-50 elementor-inner-column elementor-element elementor-element-ff45aea\" data-id=\"ff45aea\" data-element_type=\"column\">\n\t\t\t<div class=\"elementor-widget-wrap elementor-element-populated\">\n\t\t\t\t\t\t<div class=\"elementor-element elementor-element-ff03994 elementor-widget__width-initial elementor-widget elementor-widget-text-editor\" data-id=\"ff03994\" data-element_type=\"widget\" data-widget_type=\"text-editor.default\">\n\t\t\t\t<div class=\"elementor-widget-container\">\n\t\t\t\t\t\t\t\t\t<h6 style=\"text-align: left;\">Organismo de Apoyo al Tr\u00e1nsito<\/h6><ul><li><h6>Min Transporte Res. 1347\/13<\/h6><\/li><li><h6>Educaci\u00f3n Res. 14024\/11<\/h6><\/li><\/ul>\t\t\t\t\t\t\t\t<\/div>\n\t\t\t\t<\/div>\n\t\t\t\t\t<\/div>\n\t\t<\/div>\n\t\t\t\t\t<\/div>\n\t\t<\/section>\n\t\t\t\t\t<\/div>\n\t\t<\/div>\n\t\t\t\t\t<\/div>\n\t\t<\/section>\n\t\t\t\t<section class=\"elementor-section elementor-top-section elementor-element elementor-element-e60a593 elementor-section-boxed elementor-section-height-default elementor-section-height-default\" data-id=\"e60a593\" data-element_type=\"section\" data-settings=\"{&quot;background_background&quot;:&quot;classic&quot;}\">\n\t\t\t\t\t\t<div class=\"elementor-container elementor-column-gap-default\">\n\t\t\t\t\t<div class=\"elementor-column elementor-col-100 elementor-top-column elementor-element elementor-element-50ab6a6\" data-id=\"50ab6a6\" data-element_type=\"column\">\n\t\t\t<div class=\"elementor-widget-wrap elementor-element-populated\">\n\t\t\t\t\t\t<div class=\"elementor-element elementor-element-b9553c1 elementor-align-left elementor-widget elementor-widget-button\" data-id=\"b9553c1\" data-element_type=\"widget\" data-widget_type=\"button.default\">\n\t\t\t\t<div class=\"elementor-widget-container\">\n\t\t\t\t\t\t\t\t\t<div class=\"elementor-button-wrapper\">\n\t\t\t\t\t<a class=\"elementor-button elementor-button-link elementor-size-sm\" href=\"https:\/\/conducircolombia.com\/cea\/codigo-de-transito-indice\/\">\n\t\t\t\t\t\t<span class=\"elementor-button-content-wrapper\">\n\t\t\t\t\t\t\t\t\t<span class=\"elementor-button-text\">\u00cdNDICE<\/span>\n\t\t\t\t\t<\/span>\n\t\t\t\t\t<\/a>\n\t\t\t\t<\/div>\n\t\t\t\t\t\t\t\t<\/div>\n\t\t\t\t<\/div>\n\t\t\t\t\t<\/div>\n\t\t<\/div>\n\t\t\t\t\t<\/div>\n\t\t<\/section>\n\t\t\t\t<section class=\"elementor-section elementor-top-section elementor-element elementor-element-6b7cc33 elementor-section-boxed elementor-section-height-default elementor-section-height-default\" data-id=\"6b7cc33\" data-element_type=\"section\">\n\t\t\t\t\t\t<div class=\"elementor-container elementor-column-gap-default\">\n\t\t\t\t\t<div class=\"elementor-column elementor-col-100 elementor-top-column elementor-element elementor-element-4904a83\" data-id=\"4904a83\" data-element_type=\"column\">\n\t\t\t<div class=\"elementor-widget-wrap elementor-element-populated\">\n\t\t\t\t\t\t<div class=\"elementor-element elementor-element-1e11845 elementor-widget elementor-widget-text-editor\" data-id=\"1e11845\" data-element_type=\"widget\" data-widget_type=\"text-editor.default\">\n\t\t\t\t<div class=\"elementor-widget-container\">\n\t\t\t\t\t\t\t\t\t<style>\n    \/* ============================================\n       ESTILOS CORPORATIVOS - Conducir Colombia\n       Colores: #003087 (base), #FFCD00 (acento), #C8102E (toque)\n       SIN BOT\u00d3N FLOTANTE\/FIJO - Solo botones inline\n       ============================================ *\/\n    \n    * {\n        margin: 0;\n        padding: 0;\n        box-sizing: border-box;\n    }\n\n    .curso-instructores-container {\n        font-family: 'Poppins', -apple-system, BlinkMacSystemFont, 'Segoe UI', Roboto, Helvetica, Arial, sans-serif;\n        color: #1a2a3a;\n        line-height: 1.5;\n        max-width: 1300px;\n        margin: 0 auto;\n        padding: 30px 24px 40px 24px;\n        background: #ffffff;\n        border-radius: 0;\n    }\n\n    \/* Encabezado principal *\/\n    .header-curso {\n        text-align: center;\n        margin-bottom: 40px;\n        padding-bottom: 25px;\n        border-bottom: 4px solid #FFCD00;\n    }\n    .header-curso h2 {\n        font-size: 2.2rem;\n        font-weight: 700;\n        color: #003087;\n        margin-bottom: 15px;\n    }\n    .header-curso .subtitulo {\n        font-size: 1.2rem;\n        color: #4a5568;\n        max-width: 800px;\n        margin: 0 auto;\n        font-weight: 500;\n    }\n    .badge-certificado {\n        background: #003087;\n        color: #FFCD00;\n        display: inline-block;\n        padding: 6px 18px;\n        border-radius: 30px;\n        font-size: 0.85rem;\n        font-weight: 600;\n        margin-bottom: 15px;\n        letter-spacing: 1px;\n    }\n\n    \/* T\u00edtulos de secci\u00f3n *\/\n    .section-title {\n        font-size: 1.7rem;\n        font-weight: 700;\n        margin: 40px 0 20px 0;\n        padding-left: 16px;\n        border-left: 6px solid #C8102E;\n        color: #003087;\n    }\n    .section-title:first-of-type {\n        margin-top: 0;\n    }\n\n    \/* Badge duraci\u00f3n *\/\n    .badge-duracion {\n        background: linear-gradient(135deg, #003087, #002266);\n        color: #FFCD00;\n        padding: 12px 28px;\n        border-radius: 50px;\n        font-weight: 700;\n        font-size: 1.2rem;\n        display: inline-block;\n        margin: 15px 0 20px;\n        box-shadow: 0 6px 14px rgba(0,48,135,0.2);\n        border: 1px solid #FFCD00;\n    }\n\n    \/* Grid de m\u00f3dulos *\/\n    .grid-modulos {\n        display: grid;\n        grid-template-columns: repeat(auto-fit, minmax(320px, 1fr));\n        gap: 28px;\n        margin: 30px 0;\n    }\n    .card-modulo {\n        background: #ffffff;\n        border-radius: 20px;\n        padding: 0;\n        box-shadow: 0 12px 28px rgba(0,0,0,0.08);\n        transition: transform 0.25s ease, box-shadow 0.25s ease;\n        border: 1px solid #e9ecef;\n        overflow: hidden;\n    }\n    .card-modulo:hover {\n        transform: translateY(-6px);\n        box-shadow: 0 20px 35px -12px rgba(0,48,135,0.25);\n    }\n    .card-header {\n        background: #003087;\n        padding: 18px 20px;\n        color: white;\n    }\n    .card-header .card-icon {\n        font-size: 2rem;\n        margin-bottom: 8px;\n    }\n    .card-header h5 {\n        font-size: 1.3rem;\n        margin: 0;\n        font-weight: 600;\n        color: #FFCD00;\n    }\n    .card-header p {\n        margin: 8px 0 0;\n        font-size: 0.85rem;\n        opacity: 0.9;\n    }\n    .card-body {\n        padding: 20px;\n    }\n    .card-body strong {\n        color: #C8102E;\n    }\n    details summary {\n        font-weight: 600;\n        cursor: pointer;\n        color: #003087;\n        margin: 12px 0 5px;\n        padding: 8px 0;\n        border-top: 1px solid #eef2f6;\n    }\n    details summary:hover {\n        color: #C8102E;\n    }\n    .contenido-modulo {\n        background: #f8faff;\n        padding: 14px 16px;\n        border-radius: 14px;\n        margin: 12px 0;\n        font-size: 0.9rem;\n    }\n    .lista-contenido {\n        padding-left: 20px;\n        margin: 8px 0;\n    }\n    .lista-contenido li {\n        margin-bottom: 8px;\n        line-height: 1.4;\n    }\n\n    \/* Perfil egresado *\/\n    .perfil-egresado {\n        background: #f0f4fe;\n        border-left: 6px solid #FFCD00;\n        padding: 22px 28px;\n        border-radius: 20px;\n        margin: 25px 0;\n    }\n    .perfil-egresado ul {\n        margin: 0;\n        padding-left: 20px;\n    }\n    .perfil-egresado li {\n        margin-bottom: 10px;\n    }\n\n    \/* Evaluaci\u00f3n *\/\n    .evaluacion-item {\n        background: #ffffff;\n        border: 1px solid #e2e8f0;\n        border-radius: 16px;\n        padding: 12px 18px;\n        margin: 12px 0;\n        display: flex;\n        justify-content: space-between;\n        flex-wrap: wrap;\n        align-items: baseline;\n    }\n    .porcentaje {\n        font-weight: 700;\n        color: #C8102E;\n        background: #fff0f0;\n        padding: 4px 14px;\n        border-radius: 40px;\n        font-size: 0.85rem;\n    }\n\n    \/* Requisitos *\/\n    .requisitos-lista {\n        background: #f9f9fc;\n        padding: 20px 25px;\n        border-radius: 20px;\n        list-style: none;\n    }\n    .requisitos-lista li {\n        margin-bottom: 12px;\n        padding-left: 28px;\n        position: relative;\n    }\n    .requisitos-lista li::before {\n        content: \"\u2713\";\n        color: #FFCD00;\n        background: #003087;\n        border-radius: 50%;\n        width: 20px;\n        height: 20px;\n        display: inline-flex;\n        align-items: center;\n        justify-content: center;\n        font-size: 12px;\n        position: absolute;\n        left: 0;\n        top: 0;\n    }\n\n    \/* Bot\u00f3n cronograma *\/\n    .boton-cronograma {\n        background: #C8102E;\n        color: white;\n        border: none;\n        padding: 12px 28px;\n        border-radius: 40px;\n        font-weight: 600;\n        cursor: pointer;\n        transition: 0.2s;\n        margin: 10px 0 15px;\n        font-size: 0.95rem;\n        display: inline-flex;\n        align-items: center;\n        gap: 10px;\n    }\n    .boton-cronograma:hover {\n        background: #a00d26;\n        transform: scale(1.02);\n    }\n    .cronograma-oculto {\n        display: none;\n        background: #fef9e6;\n        padding: 18px 22px;\n        border-radius: 20px;\n        margin-top: 15px;\n        border-left: 5px solid #FFCD00;\n    }\n\n    hr {\n        margin: 40px 0;\n        border: 0;\n        height: 2px;\n        background: linear-gradient(90deg, #e2e8f0, #FFCD00, #C8102E, #003087, #e2e8f0);\n    }\n\n    \/* Botones inline de WhatsApp *\/\n    .whatsapp-inline {\n        background-color: #25D366;\n        color: white;\n        border: none;\n        padding: 14px 32px;\n        border-radius: 60px;\n        font-weight: 700;\n        font-size: 1.1rem;\n        cursor: pointer;\n        display: inline-flex;\n        align-items: center;\n        gap: 12px;\n        transition: 0.2s;\n        margin: 20px 10px 20px 0;\n        text-decoration: none;\n    }\n    .whatsapp-inline:hover {\n        background-color: #128C7E;\n        transform: translateY(-2px);\n    }\n    \n    .cta-wrapper {\n        text-align: center;\n        margin: 35px 0 20px;\n        padding: 25px;\n        background: linear-gradient(135deg, #f0f4fe, #ffffff);\n        border-radius: 40px;\n    }\n    .cta-wrapper p {\n        font-size: 1.2rem;\n        color: #003087;\n        margin-bottom: 15px;\n        font-weight: 500;\n    }\n\n    @media (max-width: 768px) {\n        .curso-instructores-container {\n            padding: 20px 16px;\n        }\n        .header-curso h2 {\n            font-size: 1.6rem;\n        }\n        .whatsapp-inline {\n            padding: 10px 24px;\n            font-size: 0.95rem;\n        }\n    }\n<\/style>\n\n<div class=\"curso-instructores-container\">\n    <!-- Encabezado -->\n    <div class=\"header-curso\">\n        <div class=\"badge-certificado\">\ud83c\udfc6 Certificaci\u00f3n Oficial<\/div>\n        <h2>\ud83d\udcd8 Estructura del Curso para Instructores en T\u00e9cnicas de Conducci\u00f3n<\/h2>\n        <div class=\"subtitulo\">Formaci\u00f3n integral con enfoque pedag\u00f3gico, dominio t\u00e9cnico y seguridad vial \u2013 Categor\u00eda B1 (150 horas)<\/div>\n    <\/div>\n\n    <!-- CTA WhatsApp 1 (dentro del contenido, arriba) -->\n    <div class=\"cta-wrapper\">\n        <p>\ud83d\ude80 \u00a1Cupos limitados para la pr\u00f3xima cohorte de instructores!<\/p>\n        <a href=\"https:\/\/wa.me\/573188352225?text=Hola%2C%20quiero%20informaci\u00f3n%20sobre%20el%20curso%20de%20instructores%20de%20conducci\u00f3n\" target=\"_blank\" class=\"whatsapp-inline\">\n            \ud83d\udcf2 \u00a1QUIERO SER INSTRUCTOR! | Escr\u00edbeme a WhatsApp\n        <\/a>\n    <\/div>\n\n    <!-- Objetivo General -->\n    <div class=\"section-title\">\ud83c\udfaf Objetivo General<\/div>\n    <p>Formar personas con aptitudes pedag\u00f3gicas y conocimientos t\u00e9cnicos suficientes para <strong>capacitar conductores que se movilicen por las v\u00edas de manera segura, eficiente y responsable<\/strong>, sin poner en riesgo su vida ni la de los dem\u00e1s actores viales.<\/p>\n\n    <!-- Descripci\u00f3n -->\n    <div class=\"section-title\">\ud83d\udcd6 Descripci\u00f3n General<\/div>\n    <p>El curso profundiza en <strong>movilidad segura, sostenible y normatividad<\/strong>, mientras desarrolla competencias pedag\u00f3gicas en los instructores. Prepara profesionales capaces de ense\u00f1ar por competencias a aspirantes a licencias de conducci\u00f3n, con \u00e9nfasis en prevenci\u00f3n, \u00e9tica y responsabilidad vial.<\/p>\n\n    <!-- Duraci\u00f3n -->\n    <div class=\"badge-duracion\">\u23f1\ufe0f Duraci\u00f3n total: 150 horas (Categor\u00eda B1)<\/div>\n    <ul style=\"margin-bottom: 20px;\">\n        <li>\ud83d\udcda 90 horas te\u00f3ricas (M\u00f3dulos 1 y 2)<\/li>\n        <li>\ud83d\ude97 60 horas pr\u00e1cticas (M\u00f3dulo 3) \u2192 40% te\u00f3rico-pr\u00e1ctico (24h) + 60% pr\u00e1ctica real (36h)<\/li>\n        <li>\ud83d\udd04 Para otras categor\u00edas (A1, A2, C1, B2, C2, B3, C3) consulta disponibilidad y ajustes de horas.<\/li>\n    <\/ul>\n\n    <!-- M\u00f3dulos -->\n    <div class=\"section-title\">\ud83e\udde9 M\u00f3dulos de Formaci\u00f3n<\/div>\n    <div class=\"grid-modulos\">\n        <div class=\"card-modulo\">\n            <div class=\"card-header\">\n                <div class=\"card-icon\">\ud83d\udcd8<\/div>\n                <h5>M\u00f3dulo 1: Formaci\u00f3n B\u00e1sica (Te\u00f3rica)<\/h5>\n                <p>45 horas (50% te\u00f3ricas)<\/p>\n            <\/div>\n            <div class=\"card-body\">\n                <p><strong>\ud83c\udfaf Objetivo:<\/strong> Desarrollar estrategias pedag\u00f3gicas y conocimiento en movilidad segura.<\/p>\n                <details>\n                    <summary>\ud83d\udccc Contenidos<\/summary>\n                    <div class=\"contenido-modulo\">\n                        <ul class=\"lista-contenido\">\n                            <li><strong>Adaptaci\u00f3n al medio:<\/strong> Rol instructor, pedagog\u00eda adultos, h\u00e1bitos seguros, Sistema Seguro.<\/li>\n                            <li><strong>\u00c9tica y comunicaci\u00f3n:<\/strong> Usuarios vulnerables, comunicaci\u00f3n asertiva, DDHH.<\/li>\n                            <li><strong>Metodolog\u00eda:<\/strong> Clases magistrales, an\u00e1lisis de casos, TIC.<\/li>\n                        <\/ul>\n                    <\/div>\n                <\/details>\n            <\/div>\n        <\/div>\n        <div class=\"card-modulo\">\n            <div class=\"card-header\">\n                <div class=\"card-icon\">\u2699\ufe0f<\/div>\n                <h5>M\u00f3dulo 2: Formaci\u00f3n B\u00e1sica Aplicada<\/h5>\n                <p>45 horas (50% te\u00f3ricas)<\/p>\n            <\/div>\n            <div class=\"card-body\">\n                <p><strong>\ud83c\udfaf Objetivo:<\/strong> Fortalecer t\u00e9cnicas de ense\u00f1anza y conocimientos t\u00e9cnicos.<\/p>\n                <details>\n                    <summary>\ud83d\udccc Contenidos<\/summary>\n                    <div class=\"contenido-modulo\">\n                        <ul class=\"lista-contenido\">\n                            <li><strong>T\u00e9cnicas de ense\u00f1anza:<\/strong> Metodolog\u00edas, autocontrol, dise\u00f1o de instrumentos.<\/li>\n                            <li><strong>T\u00e9cnicas de conducci\u00f3n:<\/strong> Inspecci\u00f3n preoperacional, manejo preventivo, puntos ciegos.<\/li>\n                            <li><strong>Marco legal:<\/strong> Normatividad, SOAT, C\u00f3digo Nacional de Tr\u00e1nsito.<\/li>\n                        <\/ul>\n                    <\/div>\n                <\/details>\n            <\/div>\n        <\/div>\n        <div class=\"card-modulo\">\n            <div class=\"card-header\">\n                <div class=\"card-icon\">\ud83d\udea6<\/div>\n                <h5>M\u00f3dulo 3: Formaci\u00f3n Espec\u00edfica (Pr\u00e1ctica)<\/h5>\n                <p>60h (24h te\u00f3rico-pr\u00e1cticas + 36h pr\u00e1cticas)<\/p>\n            <\/div>\n            <div class=\"card-body\">\n                <p><strong>\ud83c\udfaf Objetivo:<\/strong> Desarrollar habilidades pr\u00e1cticas con doble comando.<\/p>\n                <details>\n                    <summary>\ud83d\udccc Contenidos<\/summary>\n                    <div class=\"contenido-modulo\">\n                        <ul class=\"lista-contenido\">\n                            <li><strong>Dominio t\u00e9cnico:<\/strong> Conducci\u00f3n en pendiente, adversas, estacionamiento.<\/li>\n                            <li><strong>Pr\u00e1ctica pedag\u00f3gica:<\/strong> Protocolo P.A.S., doble comando.<\/li>\n                            <li><strong>Gesti\u00f3n:<\/strong> Cambio de llantas, emergencias.<\/li>\n                        <\/ul>\n                    <\/div>\n                <\/details>\n            <\/div>\n        <\/div>\n    <\/div>\n\n    <!-- Perfil del Egresado -->\n    <div class=\"section-title\">\ud83c\udf93 Perfil del Egresado<\/div>\n    <div class=\"perfil-egresado\">\n        <ul>\n            <li>\u2705 Dise\u00f1ar y ejecutar sesiones te\u00f3rico-pr\u00e1cticas para licencias de conducci\u00f3n.<\/li>\n            <li>\u2705 Aplicar estrategias pedag\u00f3gicas que fomenten movilidad segura y sostenible.<\/li>\n            <li>\u2705 Dominar t\u00e9cnicas de conducci\u00f3n con enfoque preventivo.<\/li>\n            <li>\u2705 Gestionar emergencias y promover valores \u00e9ticos en la v\u00eda.<\/li>\n            <li>\u2705 Ser agente de cambio en seguridad vial.<\/li>\n        <\/ul>\n    <\/div>\n\n    <!-- Evaluaci\u00f3n -->\n    <div class=\"section-title\">\ud83d\udcca Evaluaci\u00f3n<\/div>\n    <div class=\"evaluacion-item\"><span><strong>M\u00f3dulo 1:<\/strong> Examen te\u00f3rico (30%) + Taller pr\u00e1ctico (20%)<\/span><span class=\"porcentaje\">50% m\u00f3dulo<\/span><\/div>\n    <div class=\"evaluacion-item\"><span><strong>M\u00f3dulo 2:<\/strong> Dise\u00f1o sesi\u00f3n de clase (30%) + An\u00e1lisis de caso (20%)<\/span><span class=\"porcentaje\">50% m\u00f3dulo<\/span><\/div>\n    <div class=\"evaluacion-item\"><span><strong>M\u00f3dulo 3:<\/strong> Evaluaci\u00f3n pr\u00e1ctica v\u00eda p\u00fablica (50%) + Dominio doble comando (50%)<\/span><span class=\"porcentaje\">100% m\u00f3dulo<\/span><\/div>\n    <p><strong>\u2705 Nota m\u00ednima aprobatoria:<\/strong> 70\/100 en cada m\u00f3dulo.<\/p>\n\n    <!-- Requisitos -->\n    <div class=\"section-title\">\ud83d\udccb Requisitos de Ingreso<\/div>\n    <ul class=\"requisitos-lista\">\n        <li>Licencia de conducci\u00f3n vigente en la categor\u00eda correspondiente.<\/li>\n        <li>Certificado de aptitud f\u00edsica y mental.<\/li>\n        <li>Aprobaci\u00f3n del curso de conductor en la categor\u00eda (si aplica).<\/li>\n    <\/ul>\n\n    <!-- Cronograma -->\n    <div class=\"section-title\">\ud83d\udcc5 Cronograma ejemplo (B1 \u2013 150h)<\/div>\n    <button class=\"boton-cronograma\" onclick=\"toggleCronograma()\">\ud83d\udcc6 Mostrar distribuci\u00f3n semanal<\/button>\n    <div id=\"cronogramaDetalle\" class=\"cronograma-oculto\">\n        <ul style=\"margin:0\">\n            <li><strong>Semana 1-3:<\/strong> M\u00f3dulo 1 (45h) \u2192 15h\/semana.<\/li>\n            <li><strong>Semana 4-6:<\/strong> M\u00f3dulo 2 (45h) \u2192 15h\/semana.<\/li>\n            <li><strong>Semana 7-9:<\/strong> M\u00f3dulo 3 (60h) \u2192 20h\/semana (8h te\u00f3rico-pr\u00e1cticas + 12h pr\u00e1cticas).<\/li>\n        <\/ul>\n        <p style=\"margin-top:12px\"><em>* Horario flexible adaptable al alumno.<\/em><\/p>\n    <\/div>\n\n    <!-- CTA WhatsApp 2 (interno, al final) -->\n    <div class=\"cta-wrapper\">\n        <p>\ud83c\udf93 \u00a1Convi\u00e9rtete en instructor certificado con nuestra metodolog\u00eda!<\/p>\n        <a href=\"https:\/\/wa.me\/573188352225?text=Hola%2C%20quiero%20inscribirme%20al%20curso%20de%20instructores%20de%20conducci\u00f3n\" target=\"_blank\" class=\"whatsapp-inline\">\n            \ud83d\udcac INSCRIPCIONES ABIERTAS | Cont\u00e1ctame ahora\n        <\/a>\n    <\/div>\n\n    <hr \/>\n    <p style=\"text-align: center; font-size:0.85rem; color:#4a627a;\">\ud83d\udccd Formaci\u00f3n alineada con est\u00e1ndares de seguridad vial | Conducir Colombia &#8211; M\u00e1s de 30 a\u00f1os de experiencia<\/p>\n<\/div>\n\n<!-- Script para el cronograma -->\n<script>\n    function toggleCronograma() {\n        var x = document.getElementById(\"cronogramaDetalle\");\n        if (x.style.display === \"none\" || x.style.display === \"\") {\n            x.style.display = \"block\";\n        } else {\n            x.style.display = \"none\";\n        }\n    }\n    document.getElementById(\"cronogramaDetalle\").style.display = \"none\";\n<\/script>\t\t\t\t\t\t\t\t<\/div>\n\t\t\t\t<\/div>\n\t\t\t\t\t<\/div>\n\t\t<\/div>\n\t\t\t\t\t<\/div>\n\t\t<\/section>\n\t\t\t\t<\/div>\n\t\t","protected":false},"excerpt":{"rendered":"<p>Organismo de Apoyo al Tr\u00e1nsito Min Transporte Res. 1347\/13 Educaci\u00f3n Res. 14024\/11 \u00cdNDICE \ud83c\udfc6 Certificaci\u00f3n Oficial \ud83d\udcd8 Estructura del Curso [&hellip;]<\/p>\n","protected":false},"author":2,"featured_media":0,"comment_status":"open","ping_status":"open","sticky":false,"template":"elementor_canvas","format":"standard","meta":{"site-sidebar-layout":"default","site-content-layout":"","ast-site-content-layout":"default","site-content-style":"default","site-sidebar-style":"default","ast-global-header-display":"","ast-banner-title-visibility":"","ast-main-header-display":"","ast-hfb-above-header-display":"","ast-hfb-below-header-display":"","ast-hfb-mobile-header-display":"","site-post-title":"","ast-breadcrumbs-content":"","ast-featured-img":"","footer-sml-layout":"","theme-transparent-header-meta":"","adv-header-id-meta":"","stick-header-meta":"","header-above-stick-meta":"","header-main-stick-meta":"","header-below-stick-meta":"","astra-migrate-meta-layouts":"set","ast-page-background-enabled":"default","ast-page-background-meta":{"desktop":{"background-color":"var(--ast-global-color-4)","background-image":"","background-repeat":"repeat","background-position":"center center","background-size":"auto","background-attachment":"scroll","background-type":"","background-media":"","overlay-type":"","overlay-color":"","overlay-opacity":"","overlay-gradient":""},"tablet":{"background-color":"","background-image":"","background-repeat":"repeat","background-position":"center center","background-size":"auto","background-attachment":"scroll","background-type":"","background-media":"","overlay-type":"","overlay-color":"","overlay-opacity":"","overlay-gradient":""},"mobile":{"background-color":"","background-image":"","background-repeat":"repeat","background-position":"center center","background-size":"auto","background-attachment":"scroll","background-type":"","background-media":"","overlay-type":"","overlay-color":"","overlay-opacity":"","overlay-gradient":""}},"ast-content-background-meta":{"desktop":{"background-color":"var(--ast-global-color-5)","background-image":"","background-repeat":"repeat","background-position":"center center","background-size":"auto","background-attachment":"scroll","background-type":"","background-media":"","overlay-type":"","overlay-color":"","overlay-opacity":"","overlay-gradient":""},"tablet":{"background-color":"var(--ast-global-color-5)","background-image":"","background-repeat":"repeat","background-position":"center center","background-size":"auto","background-attachment":"scroll","background-type":"","background-media":"","overlay-type":"","overlay-color":"","overlay-opacity":"","overlay-gradient":""},"mobile":{"background-color":"var(--ast-global-color-5)","background-image":"","background-repeat":"repeat","background-position":"center center","background-size":"auto","background-attachment":"scroll","background-type":"","background-media":"","overlay-type":"","overlay-color":"","overlay-opacity":"","overlay-gradient":""}},"footnotes":""},"categories":[25],"tags":[],"class_list":["post-13151","post","type-post","status-publish","format-standard","hentry","category-curso-instructores"],"yoast_head":"<!-- This site is optimized with the Yoast SEO plugin v26.4 - https:\/\/yoast.com\/wordpress\/plugins\/seo\/ -->\n<title>Estructura del Curso para la Formaci\u00f3n de Instructores en T\u00e9cnicas de Conducci\u00f3n - Conducir Colombia<\/title>\n<meta name=\"robots\" content=\"index, follow, max-snippet:-1, max-image-preview:large, max-video-preview:-1\" \/>\n<link rel=\"canonical\" href=\"https:\/\/conducircolombia.com\/cea\/estructura-del-curso-para-la-formacion-de-instructores-en-tecnicas-de-conduccion\/\" \/>\n<meta property=\"og:locale\" content=\"es_ES\" \/>\n<meta property=\"og:type\" content=\"article\" \/>\n<meta property=\"og:title\" content=\"Estructura del Curso para la Formaci\u00f3n de Instructores en T\u00e9cnicas de Conducci\u00f3n - Conducir Colombia\" \/>\n<meta property=\"og:description\" content=\"Organismo de Apoyo al Tr\u00e1nsito Min Transporte Res. 1347\/13 Educaci\u00f3n Res. 14024\/11 \u00cdNDICE \ud83c\udfc6 Certificaci\u00f3n Oficial \ud83d\udcd8 Estructura del Curso [&hellip;]\" \/>\n<meta property=\"og:url\" content=\"https:\/\/conducircolombia.com\/cea\/estructura-del-curso-para-la-formacion-de-instructores-en-tecnicas-de-conduccion\/\" \/>\n<meta property=\"og:site_name\" content=\"Conducir Colombia\" \/>\n<meta property=\"article:publisher\" content=\"https:\/\/www.facebook.com\/ConducirColombiaBogota\" \/>\n<meta property=\"article:published_time\" content=\"2025-02-24T22:41:21+00:00\" \/>\n<meta property=\"article:modified_time\" content=\"2026-05-01T04:35:06+00:00\" \/>\n<meta property=\"og:image\" content=\"https:\/\/conducircolombia.com\/cea\/wp-content\/uploads\/2025\/02\/Logo-ITDH-500.webp\" \/>\n\t<meta property=\"og:image:width\" content=\"500\" \/>\n\t<meta property=\"og:image:height\" content=\"100\" \/>\n\t<meta property=\"og:image:type\" content=\"image\/webp\" \/>\n<meta name=\"author\" content=\"memo fichas\" \/>\n<meta name=\"twitter:card\" content=\"summary_large_image\" \/>\n<meta name=\"twitter:label1\" content=\"Escrito por\" \/>\n\t<meta name=\"twitter:data1\" content=\"memo fichas\" \/>\n\t<meta name=\"twitter:label2\" content=\"Tiempo de lectura\" \/>\n\t<meta name=\"twitter:data2\" content=\"10 minutos\" \/>\n<script type=\"application\/ld+json\" class=\"yoast-schema-graph\">{\"@context\":\"https:\/\/schema.org\",\"@graph\":[{\"@type\":\"Article\",\"@id\":\"https:\/\/conducircolombia.com\/cea\/estructura-del-curso-para-la-formacion-de-instructores-en-tecnicas-de-conduccion\/#article\",\"isPartOf\":{\"@id\":\"https:\/\/conducircolombia.com\/cea\/estructura-del-curso-para-la-formacion-de-instructores-en-tecnicas-de-conduccion\/\"},\"author\":{\"name\":\"memo fichas\",\"@id\":\"https:\/\/conducircolombia.com\/cea\/#\/schema\/person\/39f266f3357066ea02c614168ee5b0d2\"},\"headline\":\"Estructura del Curso para la Formaci\u00f3n de Instructores en T\u00e9cnicas de Conducci\u00f3n\",\"datePublished\":\"2025-02-24T22:41:21+00:00\",\"dateModified\":\"2026-05-01T04:35:06+00:00\",\"mainEntityOfPage\":{\"@id\":\"https:\/\/conducircolombia.com\/cea\/estructura-del-curso-para-la-formacion-de-instructores-en-tecnicas-de-conduccion\/\"},\"wordCount\":578,\"commentCount\":0,\"publisher\":{\"@id\":\"https:\/\/conducircolombia.com\/cea\/#organization\"},\"image\":{\"@id\":\"https:\/\/conducircolombia.com\/cea\/estructura-del-curso-para-la-formacion-de-instructores-en-tecnicas-de-conduccion\/#primaryimage\"},\"thumbnailUrl\":\"https:\/\/conducircolombia.com\/cea\/wp-content\/uploads\/2025\/02\/Logo-ITDH-500.webp\",\"articleSection\":[\"Curso Instructores\"],\"inLanguage\":\"es\",\"potentialAction\":[{\"@type\":\"CommentAction\",\"name\":\"Comment\",\"target\":[\"https:\/\/conducircolombia.com\/cea\/estructura-del-curso-para-la-formacion-de-instructores-en-tecnicas-de-conduccion\/#respond\"]}]},{\"@type\":\"WebPage\",\"@id\":\"https:\/\/conducircolombia.com\/cea\/estructura-del-curso-para-la-formacion-de-instructores-en-tecnicas-de-conduccion\/\",\"url\":\"https:\/\/conducircolombia.com\/cea\/estructura-del-curso-para-la-formacion-de-instructores-en-tecnicas-de-conduccion\/\",\"name\":\"Estructura del Curso para la Formaci\u00f3n de Instructores en T\u00e9cnicas de Conducci\u00f3n - Conducir Colombia\",\"isPartOf\":{\"@id\":\"https:\/\/conducircolombia.com\/cea\/#website\"},\"primaryImageOfPage\":{\"@id\":\"https:\/\/conducircolombia.com\/cea\/estructura-del-curso-para-la-formacion-de-instructores-en-tecnicas-de-conduccion\/#primaryimage\"},\"image\":{\"@id\":\"https:\/\/conducircolombia.com\/cea\/estructura-del-curso-para-la-formacion-de-instructores-en-tecnicas-de-conduccion\/#primaryimage\"},\"thumbnailUrl\":\"https:\/\/conducircolombia.com\/cea\/wp-content\/uploads\/2025\/02\/Logo-ITDH-500.webp\",\"datePublished\":\"2025-02-24T22:41:21+00:00\",\"dateModified\":\"2026-05-01T04:35:06+00:00\",\"breadcrumb\":{\"@id\":\"https:\/\/conducircolombia.com\/cea\/estructura-del-curso-para-la-formacion-de-instructores-en-tecnicas-de-conduccion\/#breadcrumb\"},\"inLanguage\":\"es\",\"potentialAction\":[{\"@type\":\"ReadAction\",\"target\":[\"https:\/\/conducircolombia.com\/cea\/estructura-del-curso-para-la-formacion-de-instructores-en-tecnicas-de-conduccion\/\"]}]},{\"@type\":\"ImageObject\",\"inLanguage\":\"es\",\"@id\":\"https:\/\/conducircolombia.com\/cea\/estructura-del-curso-para-la-formacion-de-instructores-en-tecnicas-de-conduccion\/#primaryimage\",\"url\":\"https:\/\/conducircolombia.com\/cea\/wp-content\/uploads\/2025\/02\/Logo-ITDH-500.webp\",\"contentUrl\":\"https:\/\/conducircolombia.com\/cea\/wp-content\/uploads\/2025\/02\/Logo-ITDH-500.webp\",\"width\":500,\"height\":100,\"caption\":\"Logo Conducir Colombia\"},{\"@type\":\"BreadcrumbList\",\"@id\":\"https:\/\/conducircolombia.com\/cea\/estructura-del-curso-para-la-formacion-de-instructores-en-tecnicas-de-conduccion\/#breadcrumb\",\"itemListElement\":[{\"@type\":\"ListItem\",\"position\":1,\"name\":\"Portada\",\"item\":\"https:\/\/conducircolombia.com\/cea\/\"},{\"@type\":\"ListItem\",\"position\":2,\"name\":\"Estructura del Curso para la Formaci\u00f3n de Instructores en T\u00e9cnicas de Conducci\u00f3n\"}]},{\"@type\":\"WebSite\",\"@id\":\"https:\/\/conducircolombia.com\/cea\/#website\",\"url\":\"https:\/\/conducircolombia.com\/cea\/\",\"name\":\"Conducir Colombia\",\"description\":\"Academia de Conducci\u00f3n\",\"publisher\":{\"@id\":\"https:\/\/conducircolombia.com\/cea\/#organization\"},\"potentialAction\":[{\"@type\":\"SearchAction\",\"target\":{\"@type\":\"EntryPoint\",\"urlTemplate\":\"https:\/\/conducircolombia.com\/cea\/?s={search_term_string}\"},\"query-input\":{\"@type\":\"PropertyValueSpecification\",\"valueRequired\":true,\"valueName\":\"search_term_string\"}}],\"inLanguage\":\"es\"},{\"@type\":\"Organization\",\"@id\":\"https:\/\/conducircolombia.com\/cea\/#organization\",\"name\":\"Conducir Colombia\",\"alternateName\":\"Conducir Colombia\",\"url\":\"https:\/\/conducircolombia.com\/cea\/\",\"logo\":{\"@type\":\"ImageObject\",\"inLanguage\":\"es\",\"@id\":\"https:\/\/conducircolombia.com\/cea\/#\/schema\/logo\/image\/\",\"url\":\"https:\/\/conducircolombia.com\/cea\/wp-content\/uploads\/2025\/02\/logowp.jpg\",\"contentUrl\":\"https:\/\/conducircolombia.com\/cea\/wp-content\/uploads\/2025\/02\/logowp.jpg\",\"width\":300,\"height\":299,\"caption\":\"Conducir Colombia\"},\"image\":{\"@id\":\"https:\/\/conducircolombia.com\/cea\/#\/schema\/logo\/image\/\"},\"sameAs\":[\"https:\/\/www.facebook.com\/ConducirColombiaBogota\"]},{\"@type\":\"Person\",\"@id\":\"https:\/\/conducircolombia.com\/cea\/#\/schema\/person\/39f266f3357066ea02c614168ee5b0d2\",\"name\":\"memo fichas\",\"image\":{\"@type\":\"ImageObject\",\"inLanguage\":\"es\",\"@id\":\"https:\/\/conducircolombia.com\/cea\/#\/schema\/person\/image\/\",\"url\":\"https:\/\/secure.gravatar.com\/avatar\/e1b894dfed71a479efeaf73bfb32c5e92c855e56311b32924ca240a9bcec68b2?s=96&d=mm&r=g\",\"contentUrl\":\"https:\/\/secure.gravatar.com\/avatar\/e1b894dfed71a479efeaf73bfb32c5e92c855e56311b32924ca240a9bcec68b2?s=96&d=mm&r=g\",\"caption\":\"memo fichas\"},\"url\":\"https:\/\/conducircolombia.com\/cea\/author\/conducir1\/\"}]}<\/script>\n<!-- \/ Yoast SEO plugin. -->","yoast_head_json":{"title":"Estructura del Curso para la Formaci\u00f3n de Instructores en T\u00e9cnicas de Conducci\u00f3n - Conducir Colombia","robots":{"index":"index","follow":"follow","max-snippet":"max-snippet:-1","max-image-preview":"max-image-preview:large","max-video-preview":"max-video-preview:-1"},"canonical":"https:\/\/conducircolombia.com\/cea\/estructura-del-curso-para-la-formacion-de-instructores-en-tecnicas-de-conduccion\/","og_locale":"es_ES","og_type":"article","og_title":"Estructura del Curso para la Formaci\u00f3n de Instructores en T\u00e9cnicas de Conducci\u00f3n - Conducir Colombia","og_description":"Organismo de Apoyo al Tr\u00e1nsito Min Transporte Res. 1347\/13 Educaci\u00f3n Res. 14024\/11 \u00cdNDICE \ud83c\udfc6 Certificaci\u00f3n Oficial \ud83d\udcd8 Estructura del Curso [&hellip;]","og_url":"https:\/\/conducircolombia.com\/cea\/estructura-del-curso-para-la-formacion-de-instructores-en-tecnicas-de-conduccion\/","og_site_name":"Conducir Colombia","article_publisher":"https:\/\/www.facebook.com\/ConducirColombiaBogota","article_published_time":"2025-02-24T22:41:21+00:00","article_modified_time":"2026-05-01T04:35:06+00:00","og_image":[{"width":500,"height":100,"url":"https:\/\/conducircolombia.com\/cea\/wp-content\/uploads\/2025\/02\/Logo-ITDH-500.webp","type":"image\/webp"}],"author":"memo fichas","twitter_card":"summary_large_image","twitter_misc":{"Escrito por":"memo fichas","Tiempo de lectura":"10 minutos"},"schema":{"@context":"https:\/\/schema.org","@graph":[{"@type":"Article","@id":"https:\/\/conducircolombia.com\/cea\/estructura-del-curso-para-la-formacion-de-instructores-en-tecnicas-de-conduccion\/#article","isPartOf":{"@id":"https:\/\/conducircolombia.com\/cea\/estructura-del-curso-para-la-formacion-de-instructores-en-tecnicas-de-conduccion\/"},"author":{"name":"memo fichas","@id":"https:\/\/conducircolombia.com\/cea\/#\/schema\/person\/39f266f3357066ea02c614168ee5b0d2"},"headline":"Estructura del Curso para la Formaci\u00f3n de Instructores en T\u00e9cnicas de Conducci\u00f3n","datePublished":"2025-02-24T22:41:21+00:00","dateModified":"2026-05-01T04:35:06+00:00","mainEntityOfPage":{"@id":"https:\/\/conducircolombia.com\/cea\/estructura-del-curso-para-la-formacion-de-instructores-en-tecnicas-de-conduccion\/"},"wordCount":578,"commentCount":0,"publisher":{"@id":"https:\/\/conducircolombia.com\/cea\/#organization"},"image":{"@id":"https:\/\/conducircolombia.com\/cea\/estructura-del-curso-para-la-formacion-de-instructores-en-tecnicas-de-conduccion\/#primaryimage"},"thumbnailUrl":"https:\/\/conducircolombia.com\/cea\/wp-content\/uploads\/2025\/02\/Logo-ITDH-500.webp","articleSection":["Curso Instructores"],"inLanguage":"es","potentialAction":[{"@type":"CommentAction","name":"Comment","target":["https:\/\/conducircolombia.com\/cea\/estructura-del-curso-para-la-formacion-de-instructores-en-tecnicas-de-conduccion\/#respond"]}]},{"@type":"WebPage","@id":"https:\/\/conducircolombia.com\/cea\/estructura-del-curso-para-la-formacion-de-instructores-en-tecnicas-de-conduccion\/","url":"https:\/\/conducircolombia.com\/cea\/estructura-del-curso-para-la-formacion-de-instructores-en-tecnicas-de-conduccion\/","name":"Estructura del Curso para la Formaci\u00f3n de Instructores en T\u00e9cnicas de Conducci\u00f3n - Conducir Colombia","isPartOf":{"@id":"https:\/\/conducircolombia.com\/cea\/#website"},"primaryImageOfPage":{"@id":"https:\/\/conducircolombia.com\/cea\/estructura-del-curso-para-la-formacion-de-instructores-en-tecnicas-de-conduccion\/#primaryimage"},"image":{"@id":"https:\/\/conducircolombia.com\/cea\/estructura-del-curso-para-la-formacion-de-instructores-en-tecnicas-de-conduccion\/#primaryimage"},"thumbnailUrl":"https:\/\/conducircolombia.com\/cea\/wp-content\/uploads\/2025\/02\/Logo-ITDH-500.webp","datePublished":"2025-02-24T22:41:21+00:00","dateModified":"2026-05-01T04:35:06+00:00","breadcrumb":{"@id":"https:\/\/conducircolombia.com\/cea\/estructura-del-curso-para-la-formacion-de-instructores-en-tecnicas-de-conduccion\/#breadcrumb"},"inLanguage":"es","potentialAction":[{"@type":"ReadAction","target":["https:\/\/conducircolombia.com\/cea\/estructura-del-curso-para-la-formacion-de-instructores-en-tecnicas-de-conduccion\/"]}]},{"@type":"ImageObject","inLanguage":"es","@id":"https:\/\/conducircolombia.com\/cea\/estructura-del-curso-para-la-formacion-de-instructores-en-tecnicas-de-conduccion\/#primaryimage","url":"https:\/\/conducircolombia.com\/cea\/wp-content\/uploads\/2025\/02\/Logo-ITDH-500.webp","contentUrl":"https:\/\/conducircolombia.com\/cea\/wp-content\/uploads\/2025\/02\/Logo-ITDH-500.webp","width":500,"height":100,"caption":"Logo Conducir Colombia"},{"@type":"BreadcrumbList","@id":"https:\/\/conducircolombia.com\/cea\/estructura-del-curso-para-la-formacion-de-instructores-en-tecnicas-de-conduccion\/#breadcrumb","itemListElement":[{"@type":"ListItem","position":1,"name":"Portada","item":"https:\/\/conducircolombia.com\/cea\/"},{"@type":"ListItem","position":2,"name":"Estructura del Curso para la Formaci\u00f3n de Instructores en T\u00e9cnicas de Conducci\u00f3n"}]},{"@type":"WebSite","@id":"https:\/\/conducircolombia.com\/cea\/#website","url":"https:\/\/conducircolombia.com\/cea\/","name":"Conducir Colombia","description":"Academia de Conducci\u00f3n","publisher":{"@id":"https:\/\/conducircolombia.com\/cea\/#organization"},"potentialAction":[{"@type":"SearchAction","target":{"@type":"EntryPoint","urlTemplate":"https:\/\/conducircolombia.com\/cea\/?s={search_term_string}"},"query-input":{"@type":"PropertyValueSpecification","valueRequired":true,"valueName":"search_term_string"}}],"inLanguage":"es"},{"@type":"Organization","@id":"https:\/\/conducircolombia.com\/cea\/#organization","name":"Conducir Colombia","alternateName":"Conducir Colombia","url":"https:\/\/conducircolombia.com\/cea\/","logo":{"@type":"ImageObject","inLanguage":"es","@id":"https:\/\/conducircolombia.com\/cea\/#\/schema\/logo\/image\/","url":"https:\/\/conducircolombia.com\/cea\/wp-content\/uploads\/2025\/02\/logowp.jpg","contentUrl":"https:\/\/conducircolombia.com\/cea\/wp-content\/uploads\/2025\/02\/logowp.jpg","width":300,"height":299,"caption":"Conducir Colombia"},"image":{"@id":"https:\/\/conducircolombia.com\/cea\/#\/schema\/logo\/image\/"},"sameAs":["https:\/\/www.facebook.com\/ConducirColombiaBogota"]},{"@type":"Person","@id":"https:\/\/conducircolombia.com\/cea\/#\/schema\/person\/39f266f3357066ea02c614168ee5b0d2","name":"memo fichas","image":{"@type":"ImageObject","inLanguage":"es","@id":"https:\/\/conducircolombia.com\/cea\/#\/schema\/person\/image\/","url":"https:\/\/secure.gravatar.com\/avatar\/e1b894dfed71a479efeaf73bfb32c5e92c855e56311b32924ca240a9bcec68b2?s=96&d=mm&r=g","contentUrl":"https:\/\/secure.gravatar.com\/avatar\/e1b894dfed71a479efeaf73bfb32c5e92c855e56311b32924ca240a9bcec68b2?s=96&d=mm&r=g","caption":"memo fichas"},"url":"https:\/\/conducircolombia.com\/cea\/author\/conducir1\/"}]}},"_links":{"self":[{"href":"https:\/\/conducircolombia.com\/cea\/wp-json\/wp\/v2\/posts\/13151","targetHints":{"allow":["GET"]}}],"collection":[{"href":"https:\/\/conducircolombia.com\/cea\/wp-json\/wp\/v2\/posts"}],"about":[{"href":"https:\/\/conducircolombia.com\/cea\/wp-json\/wp\/v2\/types\/post"}],"author":[{"embeddable":true,"href":"https:\/\/conducircolombia.com\/cea\/wp-json\/wp\/v2\/users\/2"}],"replies":[{"embeddable":true,"href":"https:\/\/conducircolombia.com\/cea\/wp-json\/wp\/v2\/comments?post=13151"}],"version-history":[{"count":10,"href":"https:\/\/conducircolombia.com\/cea\/wp-json\/wp\/v2\/posts\/13151\/revisions"}],"predecessor-version":[{"id":15866,"href":"https:\/\/conducircolombia.com\/cea\/wp-json\/wp\/v2\/posts\/13151\/revisions\/15866"}],"wp:attachment":[{"href":"https:\/\/conducircolombia.com\/cea\/wp-json\/wp\/v2\/media?parent=13151"}],"wp:term":[{"taxonomy":"category","embeddable":true,"href":"https:\/\/conducircolombia.com\/cea\/wp-json\/wp\/v2\/categories?post=13151"},{"taxonomy":"post_tag","embeddable":true,"href":"https:\/\/conducircolombia.com\/cea\/wp-json\/wp\/v2\/tags?post=13151"}],"curies":[{"name":"wp","href":"https:\/\/api.w.org\/{rel}","templated":true}]}}