{"id":13174,"date":"2025-02-24T18:26:06","date_gmt":"2025-02-24T23:26:06","guid":{"rendered":"https:\/\/conducircolombia.com\/cea\/?p=13174"},"modified":"2025-02-24T18:27:52","modified_gmt":"2025-02-24T23:27:52","slug":"adaptacion-al-medio-desarrollo-de-habitos-y-valores-para-la-movilidad-segura-gestion-de-velocidad-y-fatiga","status":"publish","type":"post","link":"https:\/\/conducircolombia.com\/cea\/adaptacion-al-medio-desarrollo-de-habitos-y-valores-para-la-movilidad-segura-gestion-de-velocidad-y-fatiga\/","title":{"rendered":"Adaptaci\u00f3n al Medio: Desarrollo de H\u00e1bitos y Valores para la Movilidad Segura (Gesti\u00f3n de Velocidad y Fatiga)"},"content":{"rendered":"\t\t<div data-elementor-type=\"wp-post\" data-elementor-id=\"13174\" class=\"elementor elementor-13174\">\n\t\t\t\t\t\t<section class=\"elementor-section elementor-top-section elementor-element elementor-element-0458f43 elementor-section-boxed elementor-section-height-default elementor-section-height-default\" data-id=\"0458f43\" data-element_type=\"section\">\n\t\t\t\t\t\t<div class=\"elementor-container elementor-column-gap-default\">\n\t\t\t\t\t<div class=\"elementor-column elementor-col-100 elementor-top-column elementor-element elementor-element-8a4fed7\" data-id=\"8a4fed7\" data-element_type=\"column\">\n\t\t\t<div class=\"elementor-widget-wrap elementor-element-populated\">\n\t\t\t\t\t\t<div class=\"elementor-element elementor-element-960c599 elementor-widget elementor-widget-text-editor\" data-id=\"960c599\" data-element_type=\"widget\" data-widget_type=\"text-editor.default\">\n\t\t\t\t<div class=\"elementor-widget-container\">\n\t\t\t\t\t\t\t\t\t<h2 style=\"text-align: center;\">Adaptaci\u00f3n al Medio: Desarrollo de H\u00e1bitos y Valores para la Movilidad Segura (Gesti\u00f3n de Velocidad y Fatiga)<\/h2>\t\t\t\t\t\t\t\t<\/div>\n\t\t\t\t<\/div>\n\t\t\t\t<div class=\"elementor-element elementor-element-ffc3b9a elementor-widget elementor-widget-text-editor\" data-id=\"ffc3b9a\" data-element_type=\"widget\" data-widget_type=\"text-editor.default\">\n\t\t\t\t<div class=\"elementor-widget-container\">\n\t\t\t\t\t\t\t\t\t<div><h4><strong>1. Definici\u00f3n y Contexto<\/strong><\/h4><br \/><p class=\"break-words\">El desarrollo de h\u00e1bitos y valores para la movilidad segura implica inculcar en los conductores patrones de comportamiento y actitudes que prioricen la seguridad, la sostenibilidad y la corresponsabilidad en las v\u00edas. Dentro de este marco, la <strong>gesti\u00f3n de la velocidad<\/strong> y la <strong>gesti\u00f3n de la fatiga<\/strong> son aspectos cr\u00edticos, ya que est\u00e1n directamente relacionados con la prevenci\u00f3n de siniestros viales y la protecci\u00f3n de la vida. Estos elementos forman parte de la \u00abAdaptaci\u00f3n al Medio\u00bb, ya que requieren que el conductor se ajuste a las condiciones del entorno vial (tipo de v\u00eda, tr\u00e1fico, clima) y a sus propias limitaciones f\u00edsicas y mentales.<\/p><br \/><h4><strong>2. Importancia de los H\u00e1bitos y Valores en la Movilidad Segura<\/strong><\/h4><br \/><ul><li style=\"list-style-type: none;\"><ul><li class=\"break-words\"><strong>H\u00e1bitos:<\/strong> Son acciones repetitivas que se convierten en autom\u00e1ticas con la pr\u00e1ctica, como mantener una velocidad adecuada o hacer pausas durante viajes largos. Un h\u00e1bito bien formado puede salvar vidas al reducir la incidencia de errores humanos.<\/li><\/ul><\/li><\/ul><br \/><ul><li style=\"list-style-type: none;\"><ul><li class=\"break-words\"><strong>Valores:<\/strong> Incluyen el respeto por la vida, la responsabilidad hacia los dem\u00e1s actores viales y el compromiso con una conducci\u00f3n \u00e9tica. Estos valores gu\u00edan las decisiones del conductor m\u00e1s all\u00e1 de las normas legales.<\/li><\/ul><\/li><\/ul><br \/><ul><li style=\"list-style-type: none;\"><ul><li class=\"break-words\"><strong>Gesti\u00f3n de Velocidad:<\/strong> La velocidad excesiva es una de las principales causas de accidentes en Colombia (seg\u00fan el Observatorio Nacional de Seguridad Vial, est\u00e1 vinculada a m\u00e1s del 30% de los siniestros fatales). Gestionarla implica adaptarse a las condiciones de la v\u00eda y respetar los l\u00edmites establecidos.<\/li><\/ul><\/li><\/ul><br \/><ul><li style=\"list-style-type: none;\"><ul><li class=\"break-words\"><strong>Gesti\u00f3n de Fatiga:<\/strong> La fatiga reduce la capacidad de reacci\u00f3n y concentraci\u00f3n, aumentando el riesgo de colisiones. Ense\u00f1ar a reconocerla y manejarla es esencial, especialmente en un pa\u00eds con largas distancias viales y condiciones clim\u00e1ticas variables.<\/li><\/ul><\/li><\/ul><br \/><h4><strong>3. Desarrollo de H\u00e1bitos para la Gesti\u00f3n de Velocidad<\/strong><\/h4><br \/><p class=\"break-words\">El instructor tiene la tarea de transformar la velocidad de un factor de riesgo a un elemento controlado mediante h\u00e1bitos espec\u00edficos:<\/p><br \/><ul><li style=\"list-style-type: none;\"><ul><li class=\"break-words\"><strong>Conciencia Situacional:<\/strong> Ense\u00f1ar a los conductores a ajustar la velocidad seg\u00fan el tipo de v\u00eda (urbana, rural, carretera), las condiciones (lluvia, niebla) y la presencia de usuarios vulnerables (peatones, ciclistas).<br \/><ul><li style=\"list-style-type: none;\"><ul><li class=\"break-words\"><strong>T\u00e9cnica:<\/strong> Repetici\u00f3n supervisada en simuladores o v\u00edas reales, donde el aprendiz practica reducir velocidad en zonas escolares o cruces.<\/li><\/ul><\/li><\/ul><\/li><\/ul><\/li><\/ul><br \/><ul><li style=\"list-style-type: none;\"><ul><li class=\"break-words\"><strong>Respeto a los L\u00edmites:<\/strong> Fomentar la costumbre de consultar y obedecer las se\u00f1ales de tr\u00e1nsito que indican velocidades m\u00e1ximas.<br \/><ul><li style=\"list-style-type: none;\"><ul><li class=\"break-words\"><strong>T\u00e9cnica:<\/strong> Asociar cada l\u00edmite con un riesgo espec\u00edfico (por ejemplo, 30 km\/h en zonas residenciales para proteger ni\u00f1os).<\/li><\/ul><\/li><\/ul><\/li><\/ul><\/li><\/ul><br \/><ul><li style=\"list-style-type: none;\"><ul><li class=\"break-words\"><strong>Anticipaci\u00f3n:<\/strong> Desarrollar el h\u00e1bito de decelerar ante posibles obst\u00e1culos, como curvas cerradas o tr\u00e1fico denso.<br \/><ul><li style=\"list-style-type: none;\"><ul><li class=\"break-words\"><strong>T\u00e9cnica:<\/strong> Ejercicios de frenado progresivo en diferentes escenarios, reforzando la distancia de seguridad.<\/li><\/ul><\/li><\/ul><\/li><\/ul><\/li><\/ul><br \/><h4><strong>4. Desarrollo de H\u00e1bitos para la Gesti\u00f3n de Fatiga<\/strong><\/h4><br \/><p class=\"break-words\">La fatiga es un enemigo silencioso que el conductor debe aprender a detectar y controlar. El instructor puede fomentar los siguientes h\u00e1bitos:<\/p><br \/><ul><li style=\"list-style-type: none;\"><ul><li class=\"break-words\"><strong>Pausas Regulares:<\/strong> Crear la rutina de detenerse cada 2 horas o 200 km en viajes largos para descansar.<br \/><ul><li style=\"list-style-type: none;\"><ul><li class=\"break-words\"><strong>T\u00e9cnica:<\/strong> Simular un viaje largo en clase y practicar la planificaci\u00f3n de paradas, destacando c\u00f3mo mejora la alerta.<\/li><\/ul><\/li><\/ul><\/li><\/ul><\/li><\/ul><br \/><ul><li style=\"list-style-type: none;\"><ul><li class=\"break-words\"><strong>Reconocimiento de S\u00edntomas:<\/strong> Ense\u00f1ar a identificar se\u00f1ales de fatiga (bostezos, visi\u00f3n borrosa, dificultad para concentrarse) y actuar de inmediato.<br \/><ul><li style=\"list-style-type: none;\"><ul><li class=\"break-words\"><strong>T\u00e9cnica:<\/strong> Role-playing donde el aprendiz describe c\u00f3mo se siente y el instructor sugiere acciones (descansar, hidratarse).<\/li><\/ul><\/li><\/ul><\/li><\/ul><\/li><\/ul><br \/><ul><li style=\"list-style-type: none;\"><ul><li class=\"break-words\"><strong>Preparaci\u00f3n Previa:<\/strong> Promover el h\u00e1bito de dormir bien antes de conducir y evitar sustancias que afecten el estado de alerta (alcohol, medicamentos sedantes).<br \/><ul><li style=\"list-style-type: none;\"><ul><li class=\"break-words\"><strong>T\u00e9cnica:<\/strong> Discusi\u00f3n guiada sobre casos reales de accidentes por fatiga, como los ocurridos en carreteras colombianas.<\/li><\/ul><\/li><\/ul><\/li><\/ul><\/li><\/ul><br \/><h4><strong>5. Fomento de Valores para la Movilidad Segura<\/strong><\/h4><br \/><p class=\"break-words\">Los valores complementan los h\u00e1bitos al darles un prop\u00f3sito \u00e9tico:<\/p><br \/><ul><li style=\"list-style-type: none;\"><ul><li class=\"break-words\"><strong>Respeto por la Vida:<\/strong> Enfatizar que una velocidad adecuada y la gesti\u00f3n de la fatiga protegen no solo al conductor, sino tambi\u00e9n a peatones, ciclistas y otros conductores.<br \/><ul><li style=\"list-style-type: none;\"><ul><li class=\"break-words\"><strong>Ejemplo:<\/strong> Mostrar estad\u00edsticas locales (por ejemplo, m\u00e1s de 1,500 peatones fallecidos al a\u00f1o en Colombia) para sensibilizar sobre la responsabilidad individual.<\/li><\/ul><\/li><\/ul><\/li><\/ul><\/li><\/ul><br \/><ul><li style=\"list-style-type: none;\"><ul><li class=\"break-words\"><strong>Corresponsabilidad:<\/strong> Ense\u00f1ar que la movilidad segura es un esfuerzo colectivo donde cada decisi\u00f3n cuenta.<br \/><ul><li style=\"list-style-type: none;\"><ul><li class=\"break-words\"><strong>Ejemplo:<\/strong> Resaltar c\u00f3mo una pausa para evitar la fatiga puede prevenir un choque que afecte a m\u00faltiples familias.<\/li><\/ul><\/li><\/ul><\/li><\/ul><\/li><\/ul><br \/><ul><li style=\"list-style-type: none;\"><ul><li class=\"break-words\"><strong>Sostenibilidad:<\/strong> Vincular la gesti\u00f3n de velocidad con el ahorro de combustible y la reducci\u00f3n de emisiones, aline\u00e1ndose con una movilidad ecol\u00f3gica.<br \/><ul><li style=\"list-style-type: none;\"><ul><li class=\"break-words\"><strong>Ejemplo:<\/strong> Explicar c\u00f3mo conducir a 60 km\/h en lugar de 80 km\/h reduce el consumo energ\u00e9tico en un 20%.<\/li><\/ul><\/li><\/ul><\/li><\/ul><\/li><\/ul><br \/><h4><strong>6. T\u00e9cnicas Pedag\u00f3gicas para Inculcar H\u00e1bitos y Valores<\/strong><\/h4><br \/><p class=\"break-words\">El instructor puede emplear las siguientes estrategias:<\/p><br \/><ul><li style=\"list-style-type: none;\"><ul><li class=\"break-words\"><strong>An\u00e1lisis de Casos Reales:<\/strong> Presentar siniestros viales causados por velocidad excesiva o fatiga (como los reportados por el Observatorio Nacional) para conectar emocionalmente al aprendiz con las consecuencias.<\/li><\/ul><\/li><\/ul><br \/><ul><li style=\"list-style-type: none;\"><ul><li class=\"break-words\"><strong>Pr\u00e1ctica Reforzada:<\/strong> Realizar ejercicios en simuladores o v\u00edas controladas donde el aprendiz experimente los efectos de la velocidad y la fatiga (por ejemplo, simular visi\u00f3n cansada con lentes especiales).<\/li><\/ul><\/li><\/ul><br \/><ul><li style=\"list-style-type: none;\"><ul><li class=\"break-words\"><strong>Discusi\u00f3n Reflexiva:<\/strong> Facilitar debates sobre la responsabilidad del conductor, preguntando: \u00ab\u00bfQu\u00e9 har\u00edas si te sientes cansado en una carretera desierta?\u00bb para desarrollar juicio cr\u00edtico.<\/li><\/ul><\/li><\/ul><br \/><ul><li style=\"list-style-type: none;\"><ul><li class=\"break-words\"><strong>Refuerzo Positivo:<\/strong> Elogiar al aprendiz cuando ajusta la velocidad o propone una pausa, reforzando el h\u00e1bito con reconocimiento.<\/li><\/ul><\/li><\/ul><br \/><h4><strong>7. Ejemplo Pr\u00e1ctico<\/strong><\/h4><br \/><p class=\"break-words\">Un instructor trabaja con un aprendiz para la categor\u00eda B1 (autom\u00f3viles particulares):<\/p><br \/><ul><li style=\"list-style-type: none;\"><ul><li class=\"break-words\"><strong>Situaci\u00f3n:<\/strong> El aprendiz tiende a exceder los 60 km\/h en una zona urbana y no reconoce su fatiga tras 3 horas de pr\u00e1ctica.<\/li><\/ul><\/li><\/ul><br \/><ul><li style=\"list-style-type: none;\"><ul><li class=\"break-words\"><strong>Acci\u00f3n del Instructor:<\/strong><ol><li style=\"list-style-type: none;\"><ol><li class=\"break-words\"><strong>Gesti\u00f3n de Velocidad:<\/strong> Durante una pr\u00e1ctica en v\u00eda, usa el doble comando para reducir la velocidad cerca de un paso peatonal, explicando: \u00abA 60 km\/h, tu distancia de frenado es de 40 metros; a 40 km\/h, solo 20. Eso salva vidas.\u00bb<\/li><\/ol><\/li><\/ol><br \/><ol><li style=\"list-style-type: none;\"><ol><li class=\"break-words\"><strong>Gesti\u00f3n de Fatiga:<\/strong> Simula un viaje largo en clase, pide al aprendiz conducir 30 minutos m\u00e1s y le pregunta c\u00f3mo se siente. Luego, propone una pausa de 10 minutos y compara la diferencia en su concentraci\u00f3n.<\/li><\/ol><\/li><\/ol><\/li><\/ul><\/li><\/ul><br \/><ul><li style=\"list-style-type: none;\"><ul><li class=\"break-words\"><strong>Resultado:<\/strong> El aprendiz adopta el h\u00e1bito de verificar su velocidad con las se\u00f1ales y planificar descansos, internalizando el valor del respeto por los dem\u00e1s.<\/li><\/ul><\/li><\/ul><br \/><h4><strong>8. Relevancia en el Contexto Colombiano<\/strong><\/h4><br \/><p class=\"break-words\">En Colombia, donde las carreteras largas (como la v\u00eda Bogot\u00e1-Medell\u00edn) y el tr\u00e1fico urbano ca\u00f3tico son comunes, la gesti\u00f3n de velocidad y fatiga es vital. Los datos del Observatorio muestran que la fatiga est\u00e1 implicada en accidentes nocturnos y la velocidad en colisiones fatales. El instructor, al desarrollar estos h\u00e1bitos y valores, contribuye a la meta de \u00abVisi\u00f3n Cero\u00bb: cero muertes evitables.<\/p><br \/><h4><strong>9. Conclusi\u00f3n<\/strong><\/h4><br \/><p class=\"break-words\">El desarrollo de h\u00e1bitos y valores para la movilidad segura, centrado en la gesti\u00f3n de velocidad y fatiga, es un pilar de la formaci\u00f3n vial. El instructor no solo ense\u00f1a t\u00e9cnicas de conducci\u00f3n, sino que moldea conductores responsables que se adapten al medio con conciencia y prevenci\u00f3n. Al combinar pr\u00e1ctica, reflexi\u00f3n y \u00e9tica, se fomenta una cultura vial que protege vidas y promueve la sostenibilidad.<\/p><\/div>\t\t\t\t\t\t\t\t<\/div>\n\t\t\t\t<\/div>\n\t\t\t\t\t<\/div>\n\t\t<\/div>\n\t\t\t\t\t<\/div>\n\t\t<\/section>\n\t\t\t\t<\/div>\n\t\t","protected":false},"excerpt":{"rendered":"<p>Adaptaci\u00f3n al Medio: Desarrollo de H\u00e1bitos y Valores para la Movilidad Segura (Gesti\u00f3n de Velocidad y Fatiga) 1. Definici\u00f3n y [&hellip;]<\/p>\n","protected":false},"author":2,"featured_media":0,"comment_status":"open","ping_status":"open","sticky":false,"template":"elementor_canvas","format":"standard","meta":{"site-sidebar-layout":"default","site-content-layout":"","ast-site-content-layout":"default","site-content-style":"default","site-sidebar-style":"default","ast-global-header-display":"","ast-banner-title-visibility":"","ast-main-header-display":"","ast-hfb-above-header-display":"","ast-hfb-below-header-display":"","ast-hfb-mobile-header-display":"","site-post-title":"","ast-breadcrumbs-content":"","ast-featured-img":"","footer-sml-layout":"","theme-transparent-header-meta":"","adv-header-id-meta":"","stick-header-meta":"","header-above-stick-meta":"","header-main-stick-meta":"","header-below-stick-meta":"","astra-migrate-meta-layouts":"set","ast-page-background-enabled":"default","ast-page-background-meta":{"desktop":{"background-color":"var(--ast-global-color-4)","background-image":"","background-repeat":"repeat","background-position":"center center","background-size":"auto","background-attachment":"scroll","background-type":"","background-media":"","overlay-type":"","overlay-color":"","overlay-opacity":"","overlay-gradient":""},"tablet":{"background-color":"","background-image":"","background-repeat":"repeat","background-position":"center center","background-size":"auto","background-attachment":"scroll","background-type":"","background-media":"","overlay-type":"","overlay-color":"","overlay-opacity":"","overlay-gradient":""},"mobile":{"background-color":"","background-image":"","background-repeat":"repeat","background-position":"center center","background-size":"auto","background-attachment":"scroll","background-type":"","background-media":"","overlay-type":"","overlay-color":"","overlay-opacity":"","overlay-gradient":""}},"ast-content-background-meta":{"desktop":{"background-color":"var(--ast-global-color-5)","background-image":"","background-repeat":"repeat","background-position":"center center","background-size":"auto","background-attachment":"scroll","background-type":"","background-media":"","overlay-type":"","overlay-color":"","overlay-opacity":"","overlay-gradient":""},"tablet":{"background-color":"var(--ast-global-color-5)","background-image":"","background-repeat":"repeat","background-position":"center center","background-size":"auto","background-attachment":"scroll","background-type":"","background-media":"","overlay-type":"","overlay-color":"","overlay-opacity":"","overlay-gradient":""},"mobile":{"background-color":"var(--ast-global-color-5)","background-image":"","background-repeat":"repeat","background-position":"center center","background-size":"auto","background-attachment":"scroll","background-type":"","background-media":"","overlay-type":"","overlay-color":"","overlay-opacity":"","overlay-gradient":""}},"footnotes":""},"categories":[25],"tags":[],"class_list":["post-13174","post","type-post","status-publish","format-standard","hentry","category-curso-instructores"],"yoast_head":"<!-- This site is optimized with the Yoast SEO plugin v26.4 - https:\/\/yoast.com\/wordpress\/plugins\/seo\/ -->\n<title>Adaptaci\u00f3n al Medio: Desarrollo de H\u00e1bitos y Valores para la Movilidad Segura (Gesti\u00f3n de Velocidad y Fatiga) - Conducir Colombia<\/title>\n<meta name=\"robots\" content=\"index, follow, max-snippet:-1, max-image-preview:large, max-video-preview:-1\" \/>\n<link rel=\"canonical\" href=\"https:\/\/conducircolombia.com\/cea\/adaptacion-al-medio-desarrollo-de-habitos-y-valores-para-la-movilidad-segura-gestion-de-velocidad-y-fatiga\/\" \/>\n<meta property=\"og:locale\" content=\"es_ES\" \/>\n<meta property=\"og:type\" content=\"article\" \/>\n<meta property=\"og:title\" content=\"Adaptaci\u00f3n al Medio: Desarrollo de H\u00e1bitos y Valores para la Movilidad Segura (Gesti\u00f3n de Velocidad y Fatiga) - Conducir Colombia\" \/>\n<meta property=\"og:description\" content=\"Adaptaci\u00f3n al Medio: Desarrollo de H\u00e1bitos y Valores para la Movilidad Segura (Gesti\u00f3n de Velocidad y Fatiga) 1. Definici\u00f3n y [&hellip;]\" \/>\n<meta property=\"og:url\" content=\"https:\/\/conducircolombia.com\/cea\/adaptacion-al-medio-desarrollo-de-habitos-y-valores-para-la-movilidad-segura-gestion-de-velocidad-y-fatiga\/\" \/>\n<meta property=\"og:site_name\" content=\"Conducir Colombia\" \/>\n<meta property=\"article:publisher\" content=\"https:\/\/www.facebook.com\/ConducirColombiaBogota\" \/>\n<meta property=\"article:published_time\" content=\"2025-02-24T23:26:06+00:00\" \/>\n<meta property=\"article:modified_time\" content=\"2025-02-24T23:27:52+00:00\" \/>\n<meta property=\"og:image\" content=\"https:\/\/conducircolombia.com\/cea\/wp-content\/uploads\/2025\/02\/logo1000.webp\" \/>\n\t<meta property=\"og:image:width\" content=\"1000\" \/>\n\t<meta property=\"og:image:height\" content=\"201\" \/>\n\t<meta property=\"og:image:type\" content=\"image\/webp\" \/>\n<meta name=\"author\" content=\"memo fichas\" \/>\n<meta name=\"twitter:card\" content=\"summary_large_image\" \/>\n<meta name=\"twitter:label1\" content=\"Escrito por\" \/>\n\t<meta name=\"twitter:data1\" content=\"memo fichas\" \/>\n\t<meta name=\"twitter:label2\" content=\"Tiempo de lectura\" \/>\n\t<meta name=\"twitter:data2\" content=\"6 minutos\" \/>\n<script type=\"application\/ld+json\" class=\"yoast-schema-graph\">{\"@context\":\"https:\/\/schema.org\",\"@graph\":[{\"@type\":\"Article\",\"@id\":\"https:\/\/conducircolombia.com\/cea\/adaptacion-al-medio-desarrollo-de-habitos-y-valores-para-la-movilidad-segura-gestion-de-velocidad-y-fatiga\/#article\",\"isPartOf\":{\"@id\":\"https:\/\/conducircolombia.com\/cea\/adaptacion-al-medio-desarrollo-de-habitos-y-valores-para-la-movilidad-segura-gestion-de-velocidad-y-fatiga\/\"},\"author\":{\"name\":\"memo fichas\",\"@id\":\"https:\/\/conducircolombia.com\/cea\/#\/schema\/person\/39f266f3357066ea02c614168ee5b0d2\"},\"headline\":\"Adaptaci\u00f3n al Medio: Desarrollo de H\u00e1bitos y Valores para la Movilidad Segura (Gesti\u00f3n de Velocidad y Fatiga)\",\"datePublished\":\"2025-02-24T23:26:06+00:00\",\"dateModified\":\"2025-02-24T23:27:52+00:00\",\"mainEntityOfPage\":{\"@id\":\"https:\/\/conducircolombia.com\/cea\/adaptacion-al-medio-desarrollo-de-habitos-y-valores-para-la-movilidad-segura-gestion-de-velocidad-y-fatiga\/\"},\"wordCount\":1242,\"commentCount\":0,\"publisher\":{\"@id\":\"https:\/\/conducircolombia.com\/cea\/#organization\"},\"articleSection\":[\"Curso Instructores\"],\"inLanguage\":\"es\",\"potentialAction\":[{\"@type\":\"CommentAction\",\"name\":\"Comment\",\"target\":[\"https:\/\/conducircolombia.com\/cea\/adaptacion-al-medio-desarrollo-de-habitos-y-valores-para-la-movilidad-segura-gestion-de-velocidad-y-fatiga\/#respond\"]}]},{\"@type\":\"WebPage\",\"@id\":\"https:\/\/conducircolombia.com\/cea\/adaptacion-al-medio-desarrollo-de-habitos-y-valores-para-la-movilidad-segura-gestion-de-velocidad-y-fatiga\/\",\"url\":\"https:\/\/conducircolombia.com\/cea\/adaptacion-al-medio-desarrollo-de-habitos-y-valores-para-la-movilidad-segura-gestion-de-velocidad-y-fatiga\/\",\"name\":\"Adaptaci\u00f3n al Medio: Desarrollo de H\u00e1bitos y Valores para la Movilidad Segura (Gesti\u00f3n de Velocidad y Fatiga) - Conducir Colombia\",\"isPartOf\":{\"@id\":\"https:\/\/conducircolombia.com\/cea\/#website\"},\"datePublished\":\"2025-02-24T23:26:06+00:00\",\"dateModified\":\"2025-02-24T23:27:52+00:00\",\"breadcrumb\":{\"@id\":\"https:\/\/conducircolombia.com\/cea\/adaptacion-al-medio-desarrollo-de-habitos-y-valores-para-la-movilidad-segura-gestion-de-velocidad-y-fatiga\/#breadcrumb\"},\"inLanguage\":\"es\",\"potentialAction\":[{\"@type\":\"ReadAction\",\"target\":[\"https:\/\/conducircolombia.com\/cea\/adaptacion-al-medio-desarrollo-de-habitos-y-valores-para-la-movilidad-segura-gestion-de-velocidad-y-fatiga\/\"]}]},{\"@type\":\"BreadcrumbList\",\"@id\":\"https:\/\/conducircolombia.com\/cea\/adaptacion-al-medio-desarrollo-de-habitos-y-valores-para-la-movilidad-segura-gestion-de-velocidad-y-fatiga\/#breadcrumb\",\"itemListElement\":[{\"@type\":\"ListItem\",\"position\":1,\"name\":\"Portada\",\"item\":\"https:\/\/conducircolombia.com\/cea\/\"},{\"@type\":\"ListItem\",\"position\":2,\"name\":\"Adaptaci\u00f3n al Medio: Desarrollo de H\u00e1bitos y Valores para la Movilidad Segura (Gesti\u00f3n de Velocidad y Fatiga)\"}]},{\"@type\":\"WebSite\",\"@id\":\"https:\/\/conducircolombia.com\/cea\/#website\",\"url\":\"https:\/\/conducircolombia.com\/cea\/\",\"name\":\"Conducir Colombia\",\"description\":\"Academia de Conducci\u00f3n\",\"publisher\":{\"@id\":\"https:\/\/conducircolombia.com\/cea\/#organization\"},\"potentialAction\":[{\"@type\":\"SearchAction\",\"target\":{\"@type\":\"EntryPoint\",\"urlTemplate\":\"https:\/\/conducircolombia.com\/cea\/?s={search_term_string}\"},\"query-input\":{\"@type\":\"PropertyValueSpecification\",\"valueRequired\":true,\"valueName\":\"search_term_string\"}}],\"inLanguage\":\"es\"},{\"@type\":\"Organization\",\"@id\":\"https:\/\/conducircolombia.com\/cea\/#organization\",\"name\":\"Conducir Colombia\",\"alternateName\":\"Conducir Colombia\",\"url\":\"https:\/\/conducircolombia.com\/cea\/\",\"logo\":{\"@type\":\"ImageObject\",\"inLanguage\":\"es\",\"@id\":\"https:\/\/conducircolombia.com\/cea\/#\/schema\/logo\/image\/\",\"url\":\"https:\/\/conducircolombia.com\/cea\/wp-content\/uploads\/2025\/02\/logowp.jpg\",\"contentUrl\":\"https:\/\/conducircolombia.com\/cea\/wp-content\/uploads\/2025\/02\/logowp.jpg\",\"width\":300,\"height\":299,\"caption\":\"Conducir Colombia\"},\"image\":{\"@id\":\"https:\/\/conducircolombia.com\/cea\/#\/schema\/logo\/image\/\"},\"sameAs\":[\"https:\/\/www.facebook.com\/ConducirColombiaBogota\"]},{\"@type\":\"Person\",\"@id\":\"https:\/\/conducircolombia.com\/cea\/#\/schema\/person\/39f266f3357066ea02c614168ee5b0d2\",\"name\":\"memo fichas\",\"image\":{\"@type\":\"ImageObject\",\"inLanguage\":\"es\",\"@id\":\"https:\/\/conducircolombia.com\/cea\/#\/schema\/person\/image\/\",\"url\":\"https:\/\/secure.gravatar.com\/avatar\/e1b894dfed71a479efeaf73bfb32c5e92c855e56311b32924ca240a9bcec68b2?s=96&d=mm&r=g\",\"contentUrl\":\"https:\/\/secure.gravatar.com\/avatar\/e1b894dfed71a479efeaf73bfb32c5e92c855e56311b32924ca240a9bcec68b2?s=96&d=mm&r=g\",\"caption\":\"memo fichas\"},\"url\":\"https:\/\/conducircolombia.com\/cea\/author\/conducir1\/\"}]}<\/script>\n<!-- \/ Yoast SEO plugin. -->","yoast_head_json":{"title":"Adaptaci\u00f3n al Medio: Desarrollo de H\u00e1bitos y Valores para la Movilidad Segura (Gesti\u00f3n de Velocidad y Fatiga) - Conducir Colombia","robots":{"index":"index","follow":"follow","max-snippet":"max-snippet:-1","max-image-preview":"max-image-preview:large","max-video-preview":"max-video-preview:-1"},"canonical":"https:\/\/conducircolombia.com\/cea\/adaptacion-al-medio-desarrollo-de-habitos-y-valores-para-la-movilidad-segura-gestion-de-velocidad-y-fatiga\/","og_locale":"es_ES","og_type":"article","og_title":"Adaptaci\u00f3n al Medio: Desarrollo de H\u00e1bitos y Valores para la Movilidad Segura (Gesti\u00f3n de Velocidad y Fatiga) - Conducir Colombia","og_description":"Adaptaci\u00f3n al Medio: Desarrollo de H\u00e1bitos y Valores para la Movilidad Segura (Gesti\u00f3n de Velocidad y Fatiga) 1. Definici\u00f3n y [&hellip;]","og_url":"https:\/\/conducircolombia.com\/cea\/adaptacion-al-medio-desarrollo-de-habitos-y-valores-para-la-movilidad-segura-gestion-de-velocidad-y-fatiga\/","og_site_name":"Conducir Colombia","article_publisher":"https:\/\/www.facebook.com\/ConducirColombiaBogota","article_published_time":"2025-02-24T23:26:06+00:00","article_modified_time":"2025-02-24T23:27:52+00:00","og_image":[{"width":1000,"height":201,"url":"https:\/\/conducircolombia.com\/cea\/wp-content\/uploads\/2025\/02\/logo1000.webp","type":"image\/webp"}],"author":"memo fichas","twitter_card":"summary_large_image","twitter_misc":{"Escrito por":"memo fichas","Tiempo de lectura":"6 minutos"},"schema":{"@context":"https:\/\/schema.org","@graph":[{"@type":"Article","@id":"https:\/\/conducircolombia.com\/cea\/adaptacion-al-medio-desarrollo-de-habitos-y-valores-para-la-movilidad-segura-gestion-de-velocidad-y-fatiga\/#article","isPartOf":{"@id":"https:\/\/conducircolombia.com\/cea\/adaptacion-al-medio-desarrollo-de-habitos-y-valores-para-la-movilidad-segura-gestion-de-velocidad-y-fatiga\/"},"author":{"name":"memo fichas","@id":"https:\/\/conducircolombia.com\/cea\/#\/schema\/person\/39f266f3357066ea02c614168ee5b0d2"},"headline":"Adaptaci\u00f3n al Medio: Desarrollo de H\u00e1bitos y Valores para la Movilidad Segura (Gesti\u00f3n de Velocidad y Fatiga)","datePublished":"2025-02-24T23:26:06+00:00","dateModified":"2025-02-24T23:27:52+00:00","mainEntityOfPage":{"@id":"https:\/\/conducircolombia.com\/cea\/adaptacion-al-medio-desarrollo-de-habitos-y-valores-para-la-movilidad-segura-gestion-de-velocidad-y-fatiga\/"},"wordCount":1242,"commentCount":0,"publisher":{"@id":"https:\/\/conducircolombia.com\/cea\/#organization"},"articleSection":["Curso Instructores"],"inLanguage":"es","potentialAction":[{"@type":"CommentAction","name":"Comment","target":["https:\/\/conducircolombia.com\/cea\/adaptacion-al-medio-desarrollo-de-habitos-y-valores-para-la-movilidad-segura-gestion-de-velocidad-y-fatiga\/#respond"]}]},{"@type":"WebPage","@id":"https:\/\/conducircolombia.com\/cea\/adaptacion-al-medio-desarrollo-de-habitos-y-valores-para-la-movilidad-segura-gestion-de-velocidad-y-fatiga\/","url":"https:\/\/conducircolombia.com\/cea\/adaptacion-al-medio-desarrollo-de-habitos-y-valores-para-la-movilidad-segura-gestion-de-velocidad-y-fatiga\/","name":"Adaptaci\u00f3n al Medio: Desarrollo de H\u00e1bitos y Valores para la Movilidad Segura (Gesti\u00f3n de Velocidad y Fatiga) - Conducir Colombia","isPartOf":{"@id":"https:\/\/conducircolombia.com\/cea\/#website"},"datePublished":"2025-02-24T23:26:06+00:00","dateModified":"2025-02-24T23:27:52+00:00","breadcrumb":{"@id":"https:\/\/conducircolombia.com\/cea\/adaptacion-al-medio-desarrollo-de-habitos-y-valores-para-la-movilidad-segura-gestion-de-velocidad-y-fatiga\/#breadcrumb"},"inLanguage":"es","potentialAction":[{"@type":"ReadAction","target":["https:\/\/conducircolombia.com\/cea\/adaptacion-al-medio-desarrollo-de-habitos-y-valores-para-la-movilidad-segura-gestion-de-velocidad-y-fatiga\/"]}]},{"@type":"BreadcrumbList","@id":"https:\/\/conducircolombia.com\/cea\/adaptacion-al-medio-desarrollo-de-habitos-y-valores-para-la-movilidad-segura-gestion-de-velocidad-y-fatiga\/#breadcrumb","itemListElement":[{"@type":"ListItem","position":1,"name":"Portada","item":"https:\/\/conducircolombia.com\/cea\/"},{"@type":"ListItem","position":2,"name":"Adaptaci\u00f3n al Medio: Desarrollo de H\u00e1bitos y Valores para la Movilidad Segura (Gesti\u00f3n de Velocidad y Fatiga)"}]},{"@type":"WebSite","@id":"https:\/\/conducircolombia.com\/cea\/#website","url":"https:\/\/conducircolombia.com\/cea\/","name":"Conducir Colombia","description":"Academia de Conducci\u00f3n","publisher":{"@id":"https:\/\/conducircolombia.com\/cea\/#organization"},"potentialAction":[{"@type":"SearchAction","target":{"@type":"EntryPoint","urlTemplate":"https:\/\/conducircolombia.com\/cea\/?s={search_term_string}"},"query-input":{"@type":"PropertyValueSpecification","valueRequired":true,"valueName":"search_term_string"}}],"inLanguage":"es"},{"@type":"Organization","@id":"https:\/\/conducircolombia.com\/cea\/#organization","name":"Conducir Colombia","alternateName":"Conducir Colombia","url":"https:\/\/conducircolombia.com\/cea\/","logo":{"@type":"ImageObject","inLanguage":"es","@id":"https:\/\/conducircolombia.com\/cea\/#\/schema\/logo\/image\/","url":"https:\/\/conducircolombia.com\/cea\/wp-content\/uploads\/2025\/02\/logowp.jpg","contentUrl":"https:\/\/conducircolombia.com\/cea\/wp-content\/uploads\/2025\/02\/logowp.jpg","width":300,"height":299,"caption":"Conducir Colombia"},"image":{"@id":"https:\/\/conducircolombia.com\/cea\/#\/schema\/logo\/image\/"},"sameAs":["https:\/\/www.facebook.com\/ConducirColombiaBogota"]},{"@type":"Person","@id":"https:\/\/conducircolombia.com\/cea\/#\/schema\/person\/39f266f3357066ea02c614168ee5b0d2","name":"memo fichas","image":{"@type":"ImageObject","inLanguage":"es","@id":"https:\/\/conducircolombia.com\/cea\/#\/schema\/person\/image\/","url":"https:\/\/secure.gravatar.com\/avatar\/e1b894dfed71a479efeaf73bfb32c5e92c855e56311b32924ca240a9bcec68b2?s=96&d=mm&r=g","contentUrl":"https:\/\/secure.gravatar.com\/avatar\/e1b894dfed71a479efeaf73bfb32c5e92c855e56311b32924ca240a9bcec68b2?s=96&d=mm&r=g","caption":"memo fichas"},"url":"https:\/\/conducircolombia.com\/cea\/author\/conducir1\/"}]}},"_links":{"self":[{"href":"https:\/\/conducircolombia.com\/cea\/wp-json\/wp\/v2\/posts\/13174","targetHints":{"allow":["GET"]}}],"collection":[{"href":"https:\/\/conducircolombia.com\/cea\/wp-json\/wp\/v2\/posts"}],"about":[{"href":"https:\/\/conducircolombia.com\/cea\/wp-json\/wp\/v2\/types\/post"}],"author":[{"embeddable":true,"href":"https:\/\/conducircolombia.com\/cea\/wp-json\/wp\/v2\/users\/2"}],"replies":[{"embeddable":true,"href":"https:\/\/conducircolombia.com\/cea\/wp-json\/wp\/v2\/comments?post=13174"}],"version-history":[{"count":4,"href":"https:\/\/conducircolombia.com\/cea\/wp-json\/wp\/v2\/posts\/13174\/revisions"}],"predecessor-version":[{"id":13178,"href":"https:\/\/conducircolombia.com\/cea\/wp-json\/wp\/v2\/posts\/13174\/revisions\/13178"}],"wp:attachment":[{"href":"https:\/\/conducircolombia.com\/cea\/wp-json\/wp\/v2\/media?parent=13174"}],"wp:term":[{"taxonomy":"category","embeddable":true,"href":"https:\/\/conducircolombia.com\/cea\/wp-json\/wp\/v2\/categories?post=13174"},{"taxonomy":"post_tag","embeddable":true,"href":"https:\/\/conducircolombia.com\/cea\/wp-json\/wp\/v2\/tags?post=13174"}],"curies":[{"name":"wp","href":"https:\/\/api.w.org\/{rel}","templated":true}]}}