{"id":13179,"date":"2025-02-24T18:32:44","date_gmt":"2025-02-24T23:32:44","guid":{"rendered":"https:\/\/conducircolombia.com\/cea\/?p=13179"},"modified":"2025-02-24T18:34:50","modified_gmt":"2025-02-24T23:34:50","slug":"adaptacion-al-medio-manejo-de-grupos-y-uso-de-medios-audiovisuales-en-la-ensenanza","status":"publish","type":"post","link":"https:\/\/conducircolombia.com\/cea\/adaptacion-al-medio-manejo-de-grupos-y-uso-de-medios-audiovisuales-en-la-ensenanza\/","title":{"rendered":"Adaptaci\u00f3n al Medio: Manejo de Grupos y Uso de Medios Audiovisuales en la Ense\u00f1anza"},"content":{"rendered":"\t\t<div data-elementor-type=\"wp-post\" data-elementor-id=\"13179\" class=\"elementor elementor-13179\">\n\t\t\t\t\t\t<section class=\"elementor-section elementor-top-section elementor-element elementor-element-a935416 elementor-section-boxed elementor-section-height-default elementor-section-height-default\" data-id=\"a935416\" data-element_type=\"section\">\n\t\t\t\t\t\t<div class=\"elementor-container elementor-column-gap-default\">\n\t\t\t\t\t<div class=\"elementor-column elementor-col-100 elementor-top-column elementor-element elementor-element-1c1ff4f\" data-id=\"1c1ff4f\" data-element_type=\"column\">\n\t\t\t<div class=\"elementor-widget-wrap elementor-element-populated\">\n\t\t\t\t\t\t<div class=\"elementor-element elementor-element-c5472af elementor-widget elementor-widget-text-editor\" data-id=\"c5472af\" data-element_type=\"widget\" data-widget_type=\"text-editor.default\">\n\t\t\t\t<div class=\"elementor-widget-container\">\n\t\t\t\t\t\t\t\t\t<h2 style=\"text-align: center;\">Adaptaci\u00f3n al Medio: Manejo de Grupos y Uso de Medios Audiovisuales en la Ense\u00f1anza<\/h2>\t\t\t\t\t\t\t\t<\/div>\n\t\t\t\t<\/div>\n\t\t\t\t<div class=\"elementor-element elementor-element-fa29f53 elementor-widget elementor-widget-text-editor\" data-id=\"fa29f53\" data-element_type=\"widget\" data-widget_type=\"text-editor.default\">\n\t\t\t\t<div class=\"elementor-widget-container\">\n\t\t\t\t\t\t\t\t\t<div><h4><strong>1. Definici\u00f3n y Contexto<\/strong><\/h4><br \/><p class=\"break-words\">Dentro del marco de \u00abAdaptaci\u00f3n al Medio\u00bb, el <strong>manejo de grupos<\/strong> y el <strong>uso de medios audiovisuales<\/strong> son habilidades esenciales para que el instructor de conducci\u00f3n gestione eficazmente el proceso de aprendizaje y transmita conocimientos de manera clara y atractiva. El manejo de grupos implica liderar y dinamizar a los aprendices, considerando su diversidad (edad, experiencia, motivaci\u00f3n), mientras que los medios audiovisuales potencian la ense\u00f1anza al complementar explicaciones te\u00f3ricas con recursos visuales y auditivos. Ambos elementos son clave para adaptarse al entorno educativo y vial, asegurando que los futuros conductores adquieran competencias de manera efectiva.<\/p><br \/><h4><strong>2. Manejo de Grupos<\/strong><\/h4><br \/><p class=\"break-words\">El manejo de grupos se refiere a la capacidad del instructor para organizar, motivar y guiar a un conjunto de aprendices hacia el objetivo com\u00fan de aprender a conducir de forma segura. Esto incluye resolver conflictos, mantener el inter\u00e9s y adaptar la ense\u00f1anza a las din\u00e1micas grupales.<\/p><br \/><h5><strong>a) Importancia del Manejo de Grupos<\/strong><\/h5><br \/><ul><li style=\"list-style-type: none;\"><ul><li class=\"break-words\"><strong>Diversidad de Aprendices:<\/strong> Los grupos suelen incluir personas con distintos niveles de experiencia (desde novatos hasta conductores informales), edades y actitudes hacia el aprendizaje.<\/li><\/ul><\/li><\/ul><br \/><ul><li style=\"list-style-type: none;\"><ul><li class=\"break-words\"><strong>Ambiente de Aprendizaje:<\/strong> Un grupo bien gestionado fomenta la colaboraci\u00f3n, reduce tensiones y mejora la retenci\u00f3n de conocimientos.<\/li><\/ul><\/li><\/ul><br \/><ul><li style=\"list-style-type: none;\"><ul><li class=\"break-words\"><strong>Eficiencia:<\/strong> Permite al instructor abordar las necesidades colectivas e individuales sin perder el control del proceso educativo.<\/li><\/ul><\/li><\/ul><br \/><h5><strong>b) Estrategias para el Manejo de Grupos<\/strong><\/h5><br \/><ul><li style=\"list-style-type: none;\"><ul><li class=\"break-words\"><strong>Establecer Reglas Claras:<\/strong> Desde el inicio, definir expectativas (puntualidad, respeto, participaci\u00f3n) para crear un ambiente ordenado.<br \/><ul><li style=\"list-style-type: none;\"><ul><li class=\"break-words\"><strong>Ejemplo:<\/strong> \u00abEn las pr\u00e1cticas, todos deben esperar su turno y escuchar las correcciones al compa\u00f1ero; esto beneficia al grupo.\u00bb<\/li><\/ul><\/li><\/ul><\/li><\/ul><\/li><\/ul><br \/><ul><li style=\"list-style-type: none;\"><ul><li class=\"break-words\"><strong>Fomentar la Participaci\u00f3n:<\/strong> Usar preguntas abiertas o din\u00e1micas para involucrar a los aprendices.<br \/><ul><li style=\"list-style-type: none;\"><ul><li class=\"break-words\"><strong>Ejemplo:<\/strong> \u00ab\u00bfQu\u00e9 har\u00edas si ves una se\u00f1al de pare adelante? Discut\u00e1moslo juntos.\u00bb<\/li><\/ul><\/li><\/ul><\/li><\/ul><\/li><\/ul><br \/><ul><li style=\"list-style-type: none;\"><ul><li class=\"break-words\"><strong>Resolver Conflictos:<\/strong> Identificar tensiones (como frustraci\u00f3n por errores) y mediar con empat\u00eda.<br \/><ul><li style=\"list-style-type: none;\"><ul><li class=\"break-words\"><strong>Ejemplo:<\/strong> Si un aprendiz se queja de otro por retrasar la pr\u00e1ctica, el instructor puede decir: \u00abTodos aprendemos a nuestro ritmo; ayud\u00e9monos mutuamente.\u00bb<\/li><\/ul><\/li><\/ul><\/li><\/ul><\/li><\/ul><br \/><ul><li style=\"list-style-type: none;\"><ul><li class=\"break-words\"><strong>Adaptarse a la Diversidad:<\/strong> Ajustar el tono y el ritmo seg\u00fan el grupo (por ejemplo, m\u00e1s t\u00e9cnico con j\u00f3venes, m\u00e1s pausado con adultos mayores).<\/li><\/ul><\/li><\/ul><br \/><ul><li style=\"list-style-type: none;\"><ul><li class=\"break-words\"><strong>Motivaci\u00f3n Continua:<\/strong> Reconocer logros grupales e individuales para mantener el \u00e1nimo.<br \/><ul><li style=\"list-style-type: none;\"><ul><li class=\"break-words\"><strong>Ejemplo:<\/strong> \u00abHoy todos identificaron bien las se\u00f1ales; \u00a1estamos avanzando como equipo!\u00bb<\/li><\/ul><\/li><\/ul><\/li><\/ul><\/li><\/ul><br \/><h4><strong>3. Uso de Medios Audiovisuales en la Ense\u00f1anza<\/strong><\/h4><br \/><p class=\"break-words\">Los medios audiovisuales incluyen herramientas como videos, presentaciones, simuladores, animaciones y aplicaciones interactivas que enriquecen la transmisi\u00f3n de conocimientos y habilidades en la formaci\u00f3n vial.<\/p><br \/><h5><strong>a) Importancia de los Medios Audiovisuales<\/strong><\/h5><br \/><ul><li style=\"list-style-type: none;\"><ul><li class=\"break-words\"><strong>Refuerzo Visual y Auditivo:<\/strong> Facilitan la comprensi\u00f3n de conceptos abstractos (como la distancia de frenado) mediante im\u00e1genes y sonidos.<\/li><\/ul><\/li><\/ul><br \/><ul><li style=\"list-style-type: none;\"><ul><li class=\"break-words\"><strong>Enganche:<\/strong> Captan la atenci\u00f3n de los aprendices, especialmente en sesiones te\u00f3ricas que podr\u00edan ser mon\u00f3tonas.<\/li><\/ul><\/li><\/ul><br \/><ul><li style=\"list-style-type: none;\"><ul><li class=\"break-words\"><strong>Simulaci\u00f3n Segura:<\/strong> Permiten practicar situaciones de riesgo (como un adelantamiento en carretera) sin exponerse a peligros reales.<\/li><\/ul><\/li><\/ul><br \/><ul><li style=\"list-style-type: none;\"><ul><li class=\"break-words\"><strong>Actualizaci\u00f3n:<\/strong> Conectan la ense\u00f1anza con tecnolog\u00edas modernas, aline\u00e1ndose con las expectativas de los aprendices.<\/li><\/ul><\/li><\/ul><br \/><h5><strong>b) Estrategias para el Uso de Medios Audiovisuales<\/strong><\/h5><br \/><ul><li style=\"list-style-type: none;\"><ul><li class=\"break-words\"><strong>Videos Educativos:<\/strong> Mostrar ejemplos reales de conducci\u00f3n segura o errores comunes.<br \/><ul><li style=\"list-style-type: none;\"><ul><li class=\"break-words\"><strong>Ejemplo:<\/strong> Un video de un accidente por no respetar una se\u00f1al de stop, seguido de un an\u00e1lisis grupal.<\/li><\/ul><\/li><\/ul><\/li><\/ul><\/li><\/ul><br \/><ul><li style=\"list-style-type: none;\"><ul><li class=\"break-words\"><strong>Presentaciones Interactivas:<\/strong> Usar diapositivas con gr\u00e1ficos (como la pir\u00e1mide de movilidad) y preguntas integradas.<br \/><ul><li style=\"list-style-type: none;\"><ul><li class=\"break-words\"><strong>Ejemplo:<\/strong> Una diapositiva que muestra c\u00f3mo la velocidad afecta la distancia de frenado, con un cuestionario breve.<\/li><\/ul><\/li><\/ul><\/li><\/ul><\/li><\/ul><br \/><ul><li style=\"list-style-type: none;\"><ul><li class=\"break-words\"><strong>Simuladores:<\/strong> Practicar maniobras en un entorno virtual antes de la v\u00eda real.<br \/><ul><li style=\"list-style-type: none;\"><ul><li class=\"break-words\"><strong>Ejemplo:<\/strong> Simular un cruce con peatones para ense\u00f1ar la prioridad de los usuarios vulnerables.<\/li><\/ul><\/li><\/ul><\/li><\/ul><\/li><\/ul><br \/><ul><li style=\"list-style-type: none;\"><ul><li class=\"break-words\"><strong>Animaciones:<\/strong> Explicar conceptos t\u00e9cnicos, como el funcionamiento del ABS (sistema antibloqueo de frenos).<br \/><ul><li style=\"list-style-type: none;\"><ul><li class=\"break-words\"><strong>Ejemplo:<\/strong> Una animaci\u00f3n que muestra c\u00f3mo las ruedas mantienen tracci\u00f3n con ABS versus sin \u00e9l.<\/li><\/ul><\/li><\/ul><\/li><\/ul><\/li><\/ul><br \/><ul><li style=\"list-style-type: none;\"><ul><li class=\"break-words\"><strong>Aplicaciones M\u00f3viles:<\/strong> Usar apps para repasar se\u00f1ales de tr\u00e1nsito o calcular rutas seguras.<br \/><ul><li style=\"list-style-type: none;\"><ul><li class=\"break-words\"><strong>Ejemplo:<\/strong> Una app que genera un quiz sobre se\u00f1ales para resolver en grupo.<\/li><\/ul><\/li><\/ul><\/li><\/ul><\/li><\/ul><br \/><h4><strong>4. Integraci\u00f3n de Ambas Habilidades en la Adaptaci\u00f3n al Medio<\/strong><\/h4><br \/><ul><li style=\"list-style-type: none;\"><ul><li class=\"break-words\"><strong>Manejo de Grupos y Audiovisuales:<\/strong> Combinar estas herramientas permite al instructor adaptar su ense\u00f1anza al entorno educativo y vial. Por ejemplo, un video puede captar la atenci\u00f3n de un grupo disperso, mientras que una din\u00e1mica grupal posterior refuerza el aprendizaje.<\/li><\/ul><\/li><\/ul><br \/><ul><li style=\"list-style-type: none;\"><ul><li class=\"break-words\"><strong>Contexto Vial:<\/strong> Ense\u00f1ar c\u00f3mo las se\u00f1ales, la infraestructura y los actores viales (temas del M\u00f3dulo 1) se relacionan con la pr\u00e1ctica, usando recursos visuales para ilustrarlos y discusiones grupales para reflexionar.<\/li><\/ul><\/li><\/ul><br \/><ul><li style=\"list-style-type: none;\"><ul><li class=\"break-words\"><strong>Diversidad Cultural:<\/strong> En Colombia, donde los aprendices pueden provenir de zonas urbanas o rurales, los medios audiovisuales ayudan a estandarizar conceptos, mientras el manejo de grupos asegura que todos participen seg\u00fan sus experiencias.<\/li><\/ul><\/li><\/ul><br \/><h4><strong>5. Ejemplo Pr\u00e1ctico<\/strong><\/h4><br \/><p class=\"break-words\">Un instructor forma a un grupo de 10 aprendices para la categor\u00eda B1 (autom\u00f3viles particulares):<\/p><br \/><ul><li style=\"list-style-type: none;\"><ul><li class=\"break-words\"><strong>Situaci\u00f3n:<\/strong> El grupo est\u00e1 desmotivado tras una hora de teor\u00eda sobre normas de tr\u00e1nsito y algunos no interact\u00faan.<\/li><\/ul><\/li><\/ul><br \/><ul><li style=\"list-style-type: none;\"><ul><li class=\"break-words\"><strong>Acci\u00f3n del Instructor:<\/strong><ol><li style=\"list-style-type: none;\"><ol><li class=\"break-words\"><strong>Manejo de Grupos:<\/strong> Divide al grupo en pares y les asigna identificar se\u00f1ales en una v\u00eda simulada proyectada en pantalla, pidiendo que expliquen su significado al resto.<\/li><\/ol><\/li><\/ol><br \/><ol><li style=\"list-style-type: none;\"><ol><li class=\"break-words\"><strong>Medios Audiovisuales:<\/strong> Proyecta un video corto de un cruce mal manejado que termina en colisi\u00f3n, seguido de una animaci\u00f3n que muestra la maniobra correcta.<\/li><\/ol><\/li><\/ol><\/li><\/ul><\/li><\/ul><br \/><ul><li style=\"list-style-type: none;\"><ul><li class=\"break-words\"><strong>Resultado:<\/strong> El grupo se activa, participa y comprende visualmente la importancia de las se\u00f1ales, fortaleciendo su aprendizaje colectivo.<\/li><\/ul><\/li><\/ul><br \/><h4><strong>6. Relevancia en la Formaci\u00f3n Vial<\/strong><\/h4><br \/><ul><li style=\"list-style-type: none;\"><ul><li class=\"break-words\"><strong>Efectividad Pedag\u00f3gica:<\/strong> El manejo de grupos asegura que todos los aprendices avancen, mientras los medios audiovisuales hacen el contenido accesible y memorable.<\/li><\/ul><\/li><\/ul><br \/><ul><li style=\"list-style-type: none;\"><ul><li class=\"break-words\"><strong>Seguridad Vial:<\/strong> Al ense\u00f1ar temas como la interacci\u00f3n con se\u00f1ales o la prioridad de peatones de forma din\u00e1mica y visual, se fomenta una conducci\u00f3n m\u00e1s consciente.<\/li><\/ul><\/li><\/ul><br \/><ul><li style=\"list-style-type: none;\"><ul><li class=\"break-words\"><strong>Adaptaci\u00f3n al Siglo XXI:<\/strong> Los aprendices, acostumbrados a la tecnolog\u00eda, responden mejor a m\u00e9todos modernos, lo que mejora su compromiso con la movilidad segura.<\/li><\/ul><\/li><\/ul><br \/><h4><strong>7. Conclusi\u00f3n<\/strong><\/h4><br \/><p class=\"break-words\">El manejo de grupos y el uso de medios audiovisuales son herramientas fundamentales para que el instructor se adapte al medio educativo y forme conductores responsables. Gestionar la din\u00e1mica grupal crea un entorno colaborativo, mientras que los recursos audiovisuales enriquecen la ense\u00f1anza, haciendo que conceptos complejos sean claros y aplicables. Juntos, estos elementos preparan a los aprendices no solo para obtener una licencia, sino para contribuir a una cultura vial segura y sostenible.<\/p><\/div>\t\t\t\t\t\t\t\t<\/div>\n\t\t\t\t<\/div>\n\t\t\t\t\t<\/div>\n\t\t<\/div>\n\t\t\t\t\t<\/div>\n\t\t<\/section>\n\t\t\t\t<\/div>\n\t\t","protected":false},"excerpt":{"rendered":"<p>Adaptaci\u00f3n al Medio: Manejo de Grupos y Uso de Medios Audiovisuales en la Ense\u00f1anza 1. Definici\u00f3n y Contexto Dentro del [&hellip;]<\/p>\n","protected":false},"author":2,"featured_media":0,"comment_status":"open","ping_status":"open","sticky":false,"template":"elementor_canvas","format":"standard","meta":{"site-sidebar-layout":"default","site-content-layout":"","ast-site-content-layout":"default","site-content-style":"default","site-sidebar-style":"default","ast-global-header-display":"","ast-banner-title-visibility":"","ast-main-header-display":"","ast-hfb-above-header-display":"","ast-hfb-below-header-display":"","ast-hfb-mobile-header-display":"","site-post-title":"","ast-breadcrumbs-content":"","ast-featured-img":"","footer-sml-layout":"","theme-transparent-header-meta":"","adv-header-id-meta":"","stick-header-meta":"","header-above-stick-meta":"","header-main-stick-meta":"","header-below-stick-meta":"","astra-migrate-meta-layouts":"set","ast-page-background-enabled":"default","ast-page-background-meta":{"desktop":{"background-color":"var(--ast-global-color-4)","background-image":"","background-repeat":"repeat","background-position":"center center","background-size":"auto","background-attachment":"scroll","background-type":"","background-media":"","overlay-type":"","overlay-color":"","overlay-opacity":"","overlay-gradient":""},"tablet":{"background-color":"","background-image":"","background-repeat":"repeat","background-position":"center center","background-size":"auto","background-attachment":"scroll","background-type":"","background-media":"","overlay-type":"","overlay-color":"","overlay-opacity":"","overlay-gradient":""},"mobile":{"background-color":"","background-image":"","background-repeat":"repeat","background-position":"center center","background-size":"auto","background-attachment":"scroll","background-type":"","background-media":"","overlay-type":"","overlay-color":"","overlay-opacity":"","overlay-gradient":""}},"ast-content-background-meta":{"desktop":{"background-color":"var(--ast-global-color-5)","background-image":"","background-repeat":"repeat","background-position":"center center","background-size":"auto","background-attachment":"scroll","background-type":"","background-media":"","overlay-type":"","overlay-color":"","overlay-opacity":"","overlay-gradient":""},"tablet":{"background-color":"var(--ast-global-color-5)","background-image":"","background-repeat":"repeat","background-position":"center center","background-size":"auto","background-attachment":"scroll","background-type":"","background-media":"","overlay-type":"","overlay-color":"","overlay-opacity":"","overlay-gradient":""},"mobile":{"background-color":"var(--ast-global-color-5)","background-image":"","background-repeat":"repeat","background-position":"center center","background-size":"auto","background-attachment":"scroll","background-type":"","background-media":"","overlay-type":"","overlay-color":"","overlay-opacity":"","overlay-gradient":""}},"footnotes":""},"categories":[25],"tags":[],"class_list":["post-13179","post","type-post","status-publish","format-standard","hentry","category-curso-instructores"],"yoast_head":"<!-- This site is optimized with the Yoast SEO plugin v26.4 - https:\/\/yoast.com\/wordpress\/plugins\/seo\/ -->\n<title>Adaptaci\u00f3n al Medio: Manejo de Grupos y Uso de Medios Audiovisuales en la Ense\u00f1anza - Conducir Colombia<\/title>\n<meta name=\"robots\" content=\"index, follow, max-snippet:-1, max-image-preview:large, max-video-preview:-1\" \/>\n<link rel=\"canonical\" href=\"https:\/\/conducircolombia.com\/cea\/adaptacion-al-medio-manejo-de-grupos-y-uso-de-medios-audiovisuales-en-la-ensenanza\/\" \/>\n<meta property=\"og:locale\" content=\"es_ES\" \/>\n<meta property=\"og:type\" content=\"article\" \/>\n<meta property=\"og:title\" content=\"Adaptaci\u00f3n al Medio: Manejo de Grupos y Uso de Medios Audiovisuales en la Ense\u00f1anza - Conducir Colombia\" \/>\n<meta property=\"og:description\" content=\"Adaptaci\u00f3n al Medio: Manejo de Grupos y Uso de Medios Audiovisuales en la Ense\u00f1anza 1. Definici\u00f3n y Contexto Dentro del [&hellip;]\" \/>\n<meta property=\"og:url\" content=\"https:\/\/conducircolombia.com\/cea\/adaptacion-al-medio-manejo-de-grupos-y-uso-de-medios-audiovisuales-en-la-ensenanza\/\" \/>\n<meta property=\"og:site_name\" content=\"Conducir Colombia\" \/>\n<meta property=\"article:publisher\" content=\"https:\/\/www.facebook.com\/ConducirColombiaBogota\" \/>\n<meta property=\"article:published_time\" content=\"2025-02-24T23:32:44+00:00\" \/>\n<meta property=\"article:modified_time\" content=\"2025-02-24T23:34:50+00:00\" \/>\n<meta property=\"og:image\" content=\"https:\/\/conducircolombia.com\/cea\/wp-content\/uploads\/2025\/02\/logo1000.webp\" \/>\n\t<meta property=\"og:image:width\" content=\"1000\" \/>\n\t<meta property=\"og:image:height\" content=\"201\" \/>\n\t<meta property=\"og:image:type\" content=\"image\/webp\" \/>\n<meta name=\"author\" content=\"memo fichas\" \/>\n<meta name=\"twitter:card\" content=\"summary_large_image\" \/>\n<meta name=\"twitter:label1\" content=\"Escrito por\" \/>\n\t<meta name=\"twitter:data1\" content=\"memo fichas\" \/>\n\t<meta name=\"twitter:label2\" content=\"Tiempo de lectura\" \/>\n\t<meta name=\"twitter:data2\" content=\"5 minutos\" \/>\n<script type=\"application\/ld+json\" class=\"yoast-schema-graph\">{\"@context\":\"https:\/\/schema.org\",\"@graph\":[{\"@type\":\"Article\",\"@id\":\"https:\/\/conducircolombia.com\/cea\/adaptacion-al-medio-manejo-de-grupos-y-uso-de-medios-audiovisuales-en-la-ensenanza\/#article\",\"isPartOf\":{\"@id\":\"https:\/\/conducircolombia.com\/cea\/adaptacion-al-medio-manejo-de-grupos-y-uso-de-medios-audiovisuales-en-la-ensenanza\/\"},\"author\":{\"name\":\"memo fichas\",\"@id\":\"https:\/\/conducircolombia.com\/cea\/#\/schema\/person\/39f266f3357066ea02c614168ee5b0d2\"},\"headline\":\"Adaptaci\u00f3n al Medio: Manejo de Grupos y Uso de Medios Audiovisuales en la Ense\u00f1anza\",\"datePublished\":\"2025-02-24T23:32:44+00:00\",\"dateModified\":\"2025-02-24T23:34:50+00:00\",\"mainEntityOfPage\":{\"@id\":\"https:\/\/conducircolombia.com\/cea\/adaptacion-al-medio-manejo-de-grupos-y-uso-de-medios-audiovisuales-en-la-ensenanza\/\"},\"wordCount\":1112,\"commentCount\":0,\"publisher\":{\"@id\":\"https:\/\/conducircolombia.com\/cea\/#organization\"},\"articleSection\":[\"Curso Instructores\"],\"inLanguage\":\"es\",\"potentialAction\":[{\"@type\":\"CommentAction\",\"name\":\"Comment\",\"target\":[\"https:\/\/conducircolombia.com\/cea\/adaptacion-al-medio-manejo-de-grupos-y-uso-de-medios-audiovisuales-en-la-ensenanza\/#respond\"]}]},{\"@type\":\"WebPage\",\"@id\":\"https:\/\/conducircolombia.com\/cea\/adaptacion-al-medio-manejo-de-grupos-y-uso-de-medios-audiovisuales-en-la-ensenanza\/\",\"url\":\"https:\/\/conducircolombia.com\/cea\/adaptacion-al-medio-manejo-de-grupos-y-uso-de-medios-audiovisuales-en-la-ensenanza\/\",\"name\":\"Adaptaci\u00f3n al Medio: Manejo de Grupos y Uso de Medios Audiovisuales en la Ense\u00f1anza - Conducir Colombia\",\"isPartOf\":{\"@id\":\"https:\/\/conducircolombia.com\/cea\/#website\"},\"datePublished\":\"2025-02-24T23:32:44+00:00\",\"dateModified\":\"2025-02-24T23:34:50+00:00\",\"breadcrumb\":{\"@id\":\"https:\/\/conducircolombia.com\/cea\/adaptacion-al-medio-manejo-de-grupos-y-uso-de-medios-audiovisuales-en-la-ensenanza\/#breadcrumb\"},\"inLanguage\":\"es\",\"potentialAction\":[{\"@type\":\"ReadAction\",\"target\":[\"https:\/\/conducircolombia.com\/cea\/adaptacion-al-medio-manejo-de-grupos-y-uso-de-medios-audiovisuales-en-la-ensenanza\/\"]}]},{\"@type\":\"BreadcrumbList\",\"@id\":\"https:\/\/conducircolombia.com\/cea\/adaptacion-al-medio-manejo-de-grupos-y-uso-de-medios-audiovisuales-en-la-ensenanza\/#breadcrumb\",\"itemListElement\":[{\"@type\":\"ListItem\",\"position\":1,\"name\":\"Portada\",\"item\":\"https:\/\/conducircolombia.com\/cea\/\"},{\"@type\":\"ListItem\",\"position\":2,\"name\":\"Adaptaci\u00f3n al Medio: Manejo de Grupos y Uso de Medios Audiovisuales en la Ense\u00f1anza\"}]},{\"@type\":\"WebSite\",\"@id\":\"https:\/\/conducircolombia.com\/cea\/#website\",\"url\":\"https:\/\/conducircolombia.com\/cea\/\",\"name\":\"Conducir Colombia\",\"description\":\"Academia de Conducci\u00f3n\",\"publisher\":{\"@id\":\"https:\/\/conducircolombia.com\/cea\/#organization\"},\"potentialAction\":[{\"@type\":\"SearchAction\",\"target\":{\"@type\":\"EntryPoint\",\"urlTemplate\":\"https:\/\/conducircolombia.com\/cea\/?s={search_term_string}\"},\"query-input\":{\"@type\":\"PropertyValueSpecification\",\"valueRequired\":true,\"valueName\":\"search_term_string\"}}],\"inLanguage\":\"es\"},{\"@type\":\"Organization\",\"@id\":\"https:\/\/conducircolombia.com\/cea\/#organization\",\"name\":\"Conducir Colombia\",\"alternateName\":\"Conducir Colombia\",\"url\":\"https:\/\/conducircolombia.com\/cea\/\",\"logo\":{\"@type\":\"ImageObject\",\"inLanguage\":\"es\",\"@id\":\"https:\/\/conducircolombia.com\/cea\/#\/schema\/logo\/image\/\",\"url\":\"https:\/\/conducircolombia.com\/cea\/wp-content\/uploads\/2025\/02\/logowp.jpg\",\"contentUrl\":\"https:\/\/conducircolombia.com\/cea\/wp-content\/uploads\/2025\/02\/logowp.jpg\",\"width\":300,\"height\":299,\"caption\":\"Conducir Colombia\"},\"image\":{\"@id\":\"https:\/\/conducircolombia.com\/cea\/#\/schema\/logo\/image\/\"},\"sameAs\":[\"https:\/\/www.facebook.com\/ConducirColombiaBogota\"]},{\"@type\":\"Person\",\"@id\":\"https:\/\/conducircolombia.com\/cea\/#\/schema\/person\/39f266f3357066ea02c614168ee5b0d2\",\"name\":\"memo fichas\",\"image\":{\"@type\":\"ImageObject\",\"inLanguage\":\"es\",\"@id\":\"https:\/\/conducircolombia.com\/cea\/#\/schema\/person\/image\/\",\"url\":\"https:\/\/secure.gravatar.com\/avatar\/e1b894dfed71a479efeaf73bfb32c5e92c855e56311b32924ca240a9bcec68b2?s=96&d=mm&r=g\",\"contentUrl\":\"https:\/\/secure.gravatar.com\/avatar\/e1b894dfed71a479efeaf73bfb32c5e92c855e56311b32924ca240a9bcec68b2?s=96&d=mm&r=g\",\"caption\":\"memo fichas\"},\"url\":\"https:\/\/conducircolombia.com\/cea\/author\/conducir1\/\"}]}<\/script>\n<!-- \/ Yoast SEO plugin. -->","yoast_head_json":{"title":"Adaptaci\u00f3n al Medio: Manejo de Grupos y Uso de Medios Audiovisuales en la Ense\u00f1anza - Conducir Colombia","robots":{"index":"index","follow":"follow","max-snippet":"max-snippet:-1","max-image-preview":"max-image-preview:large","max-video-preview":"max-video-preview:-1"},"canonical":"https:\/\/conducircolombia.com\/cea\/adaptacion-al-medio-manejo-de-grupos-y-uso-de-medios-audiovisuales-en-la-ensenanza\/","og_locale":"es_ES","og_type":"article","og_title":"Adaptaci\u00f3n al Medio: Manejo de Grupos y Uso de Medios Audiovisuales en la Ense\u00f1anza - Conducir Colombia","og_description":"Adaptaci\u00f3n al Medio: Manejo de Grupos y Uso de Medios Audiovisuales en la Ense\u00f1anza 1. Definici\u00f3n y Contexto Dentro del [&hellip;]","og_url":"https:\/\/conducircolombia.com\/cea\/adaptacion-al-medio-manejo-de-grupos-y-uso-de-medios-audiovisuales-en-la-ensenanza\/","og_site_name":"Conducir Colombia","article_publisher":"https:\/\/www.facebook.com\/ConducirColombiaBogota","article_published_time":"2025-02-24T23:32:44+00:00","article_modified_time":"2025-02-24T23:34:50+00:00","og_image":[{"width":1000,"height":201,"url":"https:\/\/conducircolombia.com\/cea\/wp-content\/uploads\/2025\/02\/logo1000.webp","type":"image\/webp"}],"author":"memo fichas","twitter_card":"summary_large_image","twitter_misc":{"Escrito por":"memo fichas","Tiempo de lectura":"5 minutos"},"schema":{"@context":"https:\/\/schema.org","@graph":[{"@type":"Article","@id":"https:\/\/conducircolombia.com\/cea\/adaptacion-al-medio-manejo-de-grupos-y-uso-de-medios-audiovisuales-en-la-ensenanza\/#article","isPartOf":{"@id":"https:\/\/conducircolombia.com\/cea\/adaptacion-al-medio-manejo-de-grupos-y-uso-de-medios-audiovisuales-en-la-ensenanza\/"},"author":{"name":"memo fichas","@id":"https:\/\/conducircolombia.com\/cea\/#\/schema\/person\/39f266f3357066ea02c614168ee5b0d2"},"headline":"Adaptaci\u00f3n al Medio: Manejo de Grupos y Uso de Medios Audiovisuales en la Ense\u00f1anza","datePublished":"2025-02-24T23:32:44+00:00","dateModified":"2025-02-24T23:34:50+00:00","mainEntityOfPage":{"@id":"https:\/\/conducircolombia.com\/cea\/adaptacion-al-medio-manejo-de-grupos-y-uso-de-medios-audiovisuales-en-la-ensenanza\/"},"wordCount":1112,"commentCount":0,"publisher":{"@id":"https:\/\/conducircolombia.com\/cea\/#organization"},"articleSection":["Curso Instructores"],"inLanguage":"es","potentialAction":[{"@type":"CommentAction","name":"Comment","target":["https:\/\/conducircolombia.com\/cea\/adaptacion-al-medio-manejo-de-grupos-y-uso-de-medios-audiovisuales-en-la-ensenanza\/#respond"]}]},{"@type":"WebPage","@id":"https:\/\/conducircolombia.com\/cea\/adaptacion-al-medio-manejo-de-grupos-y-uso-de-medios-audiovisuales-en-la-ensenanza\/","url":"https:\/\/conducircolombia.com\/cea\/adaptacion-al-medio-manejo-de-grupos-y-uso-de-medios-audiovisuales-en-la-ensenanza\/","name":"Adaptaci\u00f3n al Medio: Manejo de Grupos y Uso de Medios Audiovisuales en la Ense\u00f1anza - Conducir Colombia","isPartOf":{"@id":"https:\/\/conducircolombia.com\/cea\/#website"},"datePublished":"2025-02-24T23:32:44+00:00","dateModified":"2025-02-24T23:34:50+00:00","breadcrumb":{"@id":"https:\/\/conducircolombia.com\/cea\/adaptacion-al-medio-manejo-de-grupos-y-uso-de-medios-audiovisuales-en-la-ensenanza\/#breadcrumb"},"inLanguage":"es","potentialAction":[{"@type":"ReadAction","target":["https:\/\/conducircolombia.com\/cea\/adaptacion-al-medio-manejo-de-grupos-y-uso-de-medios-audiovisuales-en-la-ensenanza\/"]}]},{"@type":"BreadcrumbList","@id":"https:\/\/conducircolombia.com\/cea\/adaptacion-al-medio-manejo-de-grupos-y-uso-de-medios-audiovisuales-en-la-ensenanza\/#breadcrumb","itemListElement":[{"@type":"ListItem","position":1,"name":"Portada","item":"https:\/\/conducircolombia.com\/cea\/"},{"@type":"ListItem","position":2,"name":"Adaptaci\u00f3n al Medio: Manejo de Grupos y Uso de Medios Audiovisuales en la Ense\u00f1anza"}]},{"@type":"WebSite","@id":"https:\/\/conducircolombia.com\/cea\/#website","url":"https:\/\/conducircolombia.com\/cea\/","name":"Conducir Colombia","description":"Academia de Conducci\u00f3n","publisher":{"@id":"https:\/\/conducircolombia.com\/cea\/#organization"},"potentialAction":[{"@type":"SearchAction","target":{"@type":"EntryPoint","urlTemplate":"https:\/\/conducircolombia.com\/cea\/?s={search_term_string}"},"query-input":{"@type":"PropertyValueSpecification","valueRequired":true,"valueName":"search_term_string"}}],"inLanguage":"es"},{"@type":"Organization","@id":"https:\/\/conducircolombia.com\/cea\/#organization","name":"Conducir Colombia","alternateName":"Conducir Colombia","url":"https:\/\/conducircolombia.com\/cea\/","logo":{"@type":"ImageObject","inLanguage":"es","@id":"https:\/\/conducircolombia.com\/cea\/#\/schema\/logo\/image\/","url":"https:\/\/conducircolombia.com\/cea\/wp-content\/uploads\/2025\/02\/logowp.jpg","contentUrl":"https:\/\/conducircolombia.com\/cea\/wp-content\/uploads\/2025\/02\/logowp.jpg","width":300,"height":299,"caption":"Conducir Colombia"},"image":{"@id":"https:\/\/conducircolombia.com\/cea\/#\/schema\/logo\/image\/"},"sameAs":["https:\/\/www.facebook.com\/ConducirColombiaBogota"]},{"@type":"Person","@id":"https:\/\/conducircolombia.com\/cea\/#\/schema\/person\/39f266f3357066ea02c614168ee5b0d2","name":"memo fichas","image":{"@type":"ImageObject","inLanguage":"es","@id":"https:\/\/conducircolombia.com\/cea\/#\/schema\/person\/image\/","url":"https:\/\/secure.gravatar.com\/avatar\/e1b894dfed71a479efeaf73bfb32c5e92c855e56311b32924ca240a9bcec68b2?s=96&d=mm&r=g","contentUrl":"https:\/\/secure.gravatar.com\/avatar\/e1b894dfed71a479efeaf73bfb32c5e92c855e56311b32924ca240a9bcec68b2?s=96&d=mm&r=g","caption":"memo fichas"},"url":"https:\/\/conducircolombia.com\/cea\/author\/conducir1\/"}]}},"_links":{"self":[{"href":"https:\/\/conducircolombia.com\/cea\/wp-json\/wp\/v2\/posts\/13179","targetHints":{"allow":["GET"]}}],"collection":[{"href":"https:\/\/conducircolombia.com\/cea\/wp-json\/wp\/v2\/posts"}],"about":[{"href":"https:\/\/conducircolombia.com\/cea\/wp-json\/wp\/v2\/types\/post"}],"author":[{"embeddable":true,"href":"https:\/\/conducircolombia.com\/cea\/wp-json\/wp\/v2\/users\/2"}],"replies":[{"embeddable":true,"href":"https:\/\/conducircolombia.com\/cea\/wp-json\/wp\/v2\/comments?post=13179"}],"version-history":[{"count":4,"href":"https:\/\/conducircolombia.com\/cea\/wp-json\/wp\/v2\/posts\/13179\/revisions"}],"predecessor-version":[{"id":13183,"href":"https:\/\/conducircolombia.com\/cea\/wp-json\/wp\/v2\/posts\/13179\/revisions\/13183"}],"wp:attachment":[{"href":"https:\/\/conducircolombia.com\/cea\/wp-json\/wp\/v2\/media?parent=13179"}],"wp:term":[{"taxonomy":"category","embeddable":true,"href":"https:\/\/conducircolombia.com\/cea\/wp-json\/wp\/v2\/categories?post=13179"},{"taxonomy":"post_tag","embeddable":true,"href":"https:\/\/conducircolombia.com\/cea\/wp-json\/wp\/v2\/tags?post=13179"}],"curies":[{"name":"wp","href":"https:\/\/api.w.org\/{rel}","templated":true}]}}