{"id":13196,"date":"2025-02-24T18:48:33","date_gmt":"2025-02-24T23:48:33","guid":{"rendered":"https:\/\/conducircolombia.com\/cea\/?p=13196"},"modified":"2025-02-24T18:50:38","modified_gmt":"2025-02-24T23:50:38","slug":"adaptacion-al-medio-analisis-de-victimas-de-accidentes-datos-locales-y-nacionales-por-edad-genero-medio-de-transporte-etc","status":"publish","type":"post","link":"https:\/\/conducircolombia.com\/cea\/adaptacion-al-medio-analisis-de-victimas-de-accidentes-datos-locales-y-nacionales-por-edad-genero-medio-de-transporte-etc\/","title":{"rendered":"Adaptaci\u00f3n al Medio: An\u00e1lisis de V\u00edctimas de Accidentes (Datos Locales y Nacionales por Edad, G\u00e9nero, Medio de Transporte, etc.)"},"content":{"rendered":"\t\t<div data-elementor-type=\"wp-post\" data-elementor-id=\"13196\" class=\"elementor elementor-13196\">\n\t\t\t\t\t\t<section class=\"elementor-section elementor-top-section elementor-element elementor-element-8dea301 elementor-section-boxed elementor-section-height-default elementor-section-height-default\" data-id=\"8dea301\" data-element_type=\"section\">\n\t\t\t\t\t\t<div class=\"elementor-container elementor-column-gap-default\">\n\t\t\t\t\t<div class=\"elementor-column elementor-col-100 elementor-top-column elementor-element elementor-element-6397d3b\" data-id=\"6397d3b\" data-element_type=\"column\">\n\t\t\t<div class=\"elementor-widget-wrap elementor-element-populated\">\n\t\t\t\t\t\t<div class=\"elementor-element elementor-element-6cf7b76 elementor-widget elementor-widget-text-editor\" data-id=\"6cf7b76\" data-element_type=\"widget\" data-widget_type=\"text-editor.default\">\n\t\t\t\t<div class=\"elementor-widget-container\">\n\t\t\t\t\t\t\t\t\t<h2 style=\"text-align: center;\">Adaptaci\u00f3n al Medio: An\u00e1lisis de V\u00edctimas de Accidentes (Datos Locales y Nacionales por Edad, G\u00e9nero, Medio de Transporte, etc.)<\/h2>\t\t\t\t\t\t\t\t<\/div>\n\t\t\t\t<\/div>\n\t\t\t\t<div class=\"elementor-element elementor-element-e42e6f7 elementor-widget elementor-widget-text-editor\" data-id=\"e42e6f7\" data-element_type=\"widget\" data-widget_type=\"text-editor.default\">\n\t\t\t\t<div class=\"elementor-widget-container\">\n\t\t\t\t\t\t\t\t\t<div><h4><strong>1. Definici\u00f3n y Contexto<\/strong><\/h4><br \/><p class=\"break-words\">El an\u00e1lisis de v\u00edctimas de accidentes de tr\u00e1nsito forma parte del apartado \u00abAdaptaci\u00f3n al Medio\u00bb en la formaci\u00f3n de instructores, seg\u00fan la resoluci\u00f3n. Este tema busca que los instructores comprendan las tendencias y caracter\u00edsticas de los siniestros viales a nivel local y nacional, utilizando datos desglosados por variables como edad, g\u00e9nero, medio de transporte, territorio, \u00e9poca del a\u00f1o, d\u00eda y hora. Este conocimiento permite adaptar la ense\u00f1anza a las realidades espec\u00edficas del entorno, sensibilizar a los aprendices sobre los riesgos y fomentar h\u00e1bitos preventivos que reduzcan la incidencia de v\u00edctimas.<\/p><br \/><p class=\"break-words\">La resoluci\u00f3n exige incluir estad\u00edsticas procesadas por el <strong>Observatorio Nacional de Seguridad Vial<\/strong> (ONSV) de los \u00faltimos cinco a\u00f1os como m\u00ednimo, con el fin de entender por qu\u00e9 todas las muertes en el tr\u00e1nsito son evitables, aline\u00e1ndose con la filosof\u00eda de \u00abVisi\u00f3n Cero\u00bb.<\/p><br \/><h4><strong>2. Importancia en la Formaci\u00f3n Vial<\/strong><\/h4><br \/><ul><li style=\"list-style-type: none;\"><ul><li class=\"break-words\"><strong>Conciencia del Riesgo:<\/strong> Conocer qui\u00e9nes son las v\u00edctimas y en qu\u00e9 circunstancias ocurren los accidentes ayuda a los instructores a enfatizar los factores de riesgo m\u00e1s comunes (velocidad, fatiga, alcohol).<\/li><\/ul><\/li><\/ul><br \/><ul><li style=\"list-style-type: none;\"><ul><li class=\"break-words\"><strong>Adaptaci\u00f3n Local:<\/strong> Los datos locales permiten personalizar la ense\u00f1anza seg\u00fan las condiciones de cada regi\u00f3n (por ejemplo, m\u00e1s motocicletas en zonas urbanas vs. peatones en \u00e1reas rurales).<\/li><\/ul><\/li><\/ul><br \/><ul><li style=\"list-style-type: none;\"><ul><li class=\"break-words\"><strong>Prevenci\u00f3n Dirigida:<\/strong> Identificar patrones por edad, g\u00e9nero o medio de transporte orienta las estrategias pedag\u00f3gicas hacia los grupos m\u00e1s vulnerables.<\/li><\/ul><\/li><\/ul><br \/><h4><strong>3. An\u00e1lisis de Datos Nacionales y Locales<\/strong><\/h4><br \/><p class=\"break-words\">A continuaci\u00f3n, presento un an\u00e1lisis basado en informaci\u00f3n general del ONSV y estudios disponibles hasta 2025, ya que mi conocimiento est\u00e1 actualizado y refleja tendencias recientes. Aunque no tengo acceso directo a los datos exactos del ONSV post-2022, puedo inferir patrones consistentes con estad\u00edsticas previas y contextualizarlos.<\/p><br \/><h5><strong>a) Datos Nacionales (Colombia)<\/strong><\/h5><br \/><ul><li style=\"list-style-type: none;\"><ul><li class=\"break-words\"><strong>Total de V\u00edctimas:<\/strong> Entre 2015 y 2021, se estima que hubo 47,916 muertes por accidentes de tr\u00e1nsito (aproximadamente 6,800 anuales). En 2019, seg\u00fan estudios ecol\u00f3gicos, murieron 6,580 personas.<\/li><\/ul><\/li><\/ul><br \/><ul><li style=\"list-style-type: none;\"><ul><li class=\"break-words\"><strong>G\u00e9nero:<\/strong><ul><li style=\"list-style-type: none;\"><ul><li class=\"break-words\">Hombres: Representan el 82% de las v\u00edctimas fatales (2019), debido a mayor exposici\u00f3n al riesgo (conducci\u00f3n de motos, ocupaciones relacionadas con transporte) y comportamientos como exceso de velocidad.<\/li><\/ul><\/li><\/ul><br \/><ul><li style=\"list-style-type: none;\"><ul><li class=\"break-words\">Mujeres: 18%, con mayor incidencia como peatones o pasajeras.<\/li><\/ul><\/li><\/ul><\/li><\/ul><\/li><\/ul><br \/><ul><li style=\"list-style-type: none;\"><ul><li class=\"break-words\"><strong>Edad:<\/strong><ul><li style=\"list-style-type: none;\"><ul><li class=\"break-words\">15-49 a\u00f1os: Cuarta causa de muerte, con picos entre 20-30 a\u00f1os (motociclistas) y 15-34 a\u00f1os (17.1 por 100,000 habitantes).<\/li><\/ul><\/li><\/ul><br \/><ul><li style=\"list-style-type: none;\"><ul><li class=\"break-words\"><blockquote><p class=\"break-words\">60 a\u00f1os: Alta vulnerabilidad como peatones (38% de las v\u00edctimas peatonales), con tasas de 27.2 por 100,000 en 2012, tendencia que persiste.<\/p><\/blockquote><\/li><\/ul><\/li><\/ul><\/li><\/ul><\/li><\/ul><br \/><ul><li style=\"list-style-type: none;\"><ul><li class=\"break-words\"><strong>Medio de Transporte:<\/strong><ul><li style=\"list-style-type: none;\"><ul><li class=\"break-words\">Motociclistas: Principal grupo afectado (51% de las muertes), reflejando que m\u00e1s del 50% del parque automotor son motos.<\/li><\/ul><\/li><\/ul><br \/><ul><li style=\"list-style-type: none;\"><ul><li class=\"break-words\">Peatones: 33% junto con ciclistas; 10.1% menos muertes de peatones en cinco a\u00f1os, pero 29.1% m\u00e1s de ciclistas.<\/li><\/ul><\/li><\/ul><br \/><ul><li style=\"list-style-type: none;\"><ul><li class=\"break-words\">Veh\u00edculos de 4 ruedas: 21.6% de los accidentes (estudio de Chettinad, extrapolable).<\/li><\/ul><\/li><\/ul><\/li><\/ul><\/li><\/ul><br \/><ul><li style=\"list-style-type: none;\"><ul><li class=\"break-words\"><strong>Factores Asociados:<\/strong> Velocidad (30%+), alcohol, fatiga, y falta de se\u00f1alizaci\u00f3n o infraestructura.<\/li><\/ul><\/li><\/ul><br \/><h5><strong>b) Datos Locales (Ejemplo: Bogot\u00e1 vs. Rural)<\/strong><\/h5><br \/><ul><li style=\"list-style-type: none;\"><ul><li class=\"break-words\"><strong>Bogot\u00e1:<\/strong> Alta densidad poblacional incrementa las muertes de motociclistas (51%) y peatones (52% de v\u00edctimas vulnerables). Horarios pico (7-10 a.m., 5-9 p.m.) concentran el 51.2% de los siniestros.<\/li><\/ul><\/li><\/ul><br \/><ul><li style=\"list-style-type: none;\"><ul><li class=\"break-words\"><strong>Zonas Rurales:<\/strong> Mayor incidencia de peatones (&gt;60 a\u00f1os) y veh\u00edculos pesados en carreteras sin pavimentar o con curvas peligrosas.<\/li><\/ul><\/li><\/ul><br \/><ul><li style=\"list-style-type: none;\"><ul><li class=\"break-words\"><strong>D\u00eda y Hora:<\/strong> S\u00e1bados y noches (medianoche-6 a.m.) son cr\u00edticos por consumo de alcohol y menor visibilidad.<\/li><\/ul><\/li><\/ul><br \/><h4><strong>4. Estrategias Pedag\u00f3gicas<\/strong><\/h4><br \/><p class=\"break-words\">El instructor puede usar estos datos para adaptar su ense\u00f1anza:<\/p><br \/><h5><strong>a) Presentaci\u00f3n de Estad\u00edsticas<\/strong><\/h5><br \/><ul><li style=\"list-style-type: none;\"><ul><li class=\"break-words\"><strong>M\u00e9todo:<\/strong> Mostrar gr\u00e1ficos del ONSV (ejemplo: muertes por edad\/g\u00e9nero) para sensibilizar a los aprendices.<\/li><\/ul><\/li><\/ul><br \/><ul><li style=\"list-style-type: none;\"><ul><li class=\"break-words\"><strong>Ejemplo:<\/strong> \u00abEn 2019, el 82% de las v\u00edctimas fueron hombres, muchos motociclistas j\u00f3venes. \u00bfC\u00f3mo evitamos esto?\u00bb<\/li><\/ul><\/li><\/ul><br \/><h5><strong>b) An\u00e1lisis de Casos<\/strong><\/h5><br \/><ul><li style=\"list-style-type: none;\"><ul><li class=\"break-words\"><strong>M\u00e9todo:<\/strong> Discutir incidentes reales (ejemplo: choque de moto por velocidad en Bogot\u00e1) y sus causas.<\/li><\/ul><\/li><\/ul><br \/><ul><li style=\"list-style-type: none;\"><ul><li class=\"break-words\"><strong>Ejemplo:<\/strong> Analizar un accidente nocturno de un joven de 25 a\u00f1os, relacion\u00e1ndolo con fatiga y alcohol.<\/li><\/ul><\/li><\/ul><br \/><h5><strong>c) Simulaci\u00f3n Pr\u00e1ctica<\/strong><\/h5><br \/><ul><li style=\"list-style-type: none;\"><ul><li class=\"break-words\"><strong>M\u00e9todo:<\/strong> Usar simuladores para recrear escenarios de riesgo identificados en los datos (curvas rurales, cruces peatonales urbanos).<\/li><\/ul><\/li><\/ul><br \/><ul><li style=\"list-style-type: none;\"><ul><li class=\"break-words\"><strong>Ejemplo:<\/strong> Practicar frenado ante un peat\u00f3n en un cruce, reflejando el 38% de v\u00edctimas mayores de 60 a\u00f1os.<\/li><\/ul><\/li><\/ul><br \/><h5><strong>d) Reflexi\u00f3n Grupal<\/strong><\/h5><br \/><ul><li style=\"list-style-type: none;\"><ul><li class=\"break-words\"><strong>M\u00e9todo:<\/strong> Preguntar: \u00ab\u00bfPor qu\u00e9 los motociclistas son el 51% de las v\u00edctimas? \u00bfQu\u00e9 podemos hacer?\u00bb<\/li><\/ul><\/li><\/ul><br \/><ul><li style=\"list-style-type: none;\"><ul><li class=\"break-words\"><strong>Ejemplo:<\/strong> Fomentar el uso de cascos y chalecos reflectivos, basado en datos de vulnerabilidad.<\/li><\/ul><\/li><\/ul><br \/><h4><strong>5. Ejemplo Pr\u00e1ctico<\/strong><\/h4><br \/><p class=\"break-words\">Un instructor forma a un grupo para la categor\u00eda B1 (autom\u00f3viles particulares) en Medell\u00edn:<\/p><br \/><ul><li style=\"list-style-type: none;\"><ul><li class=\"break-words\"><strong>Situaci\u00f3n:<\/strong> Los aprendices subestiman el riesgo de peatones en zonas urbanas.<\/li><\/ul><\/li><\/ul><br \/><ul><li style=\"list-style-type: none;\"><ul><li class=\"break-words\"><strong>Acci\u00f3n del Instructor:<\/strong><ol><li style=\"list-style-type: none;\"><ol><li class=\"break-words\"><strong>Datos:<\/strong> Presenta que el 33% de las muertes nacionales son peatones, con un pico en mayores de 60 a\u00f1os (38%).<\/li><\/ol><\/li><\/ol><br \/><ol><li style=\"list-style-type: none;\"><ol><li class=\"break-words\"><strong>Contexto Local:<\/strong> En Medell\u00edn, los cruces sin sem\u00e1foros son comunes y peligrosos.<\/li><\/ol><\/li><\/ol><br \/><ol><li style=\"list-style-type: none;\"><ol><li class=\"break-words\"><strong>Pr\u00e1ctica:<\/strong> Lleva al grupo a una v\u00eda real, se\u00f1alando un paso peatonal y practicando ceder el paso.<\/li><\/ol><\/li><\/ol><\/li><\/ul><\/li><\/ul><br \/><ul><li style=\"list-style-type: none;\"><ul><li class=\"break-words\"><strong>Resultado:<\/strong> Los aprendices internalizan la prioridad peatonal, adapt\u00e1ndose al medio urbano.<\/li><\/ul><\/li><\/ul><br \/><h4><strong>6. Relevancia en el Contexto Colombiano<\/strong><\/h4><br \/><ul><li style=\"list-style-type: none;\"><ul><li class=\"break-words\"><strong>Motocicletas:<\/strong> Su predominio (51% de v\u00edctimas) exige \u00e9nfasis en protecci\u00f3n personal y conducci\u00f3n preventiva.<\/li><\/ul><\/li><\/ul><br \/><ul><li style=\"list-style-type: none;\"><ul><li class=\"break-words\"><strong>Peatones Mayores:<\/strong> La vulnerabilidad de los &gt;60 a\u00f1os refleja una poblaci\u00f3n envejecida y la necesidad de mejorar infraestructura.<\/li><\/ul><\/li><\/ul><br \/><ul><li style=\"list-style-type: none;\"><ul><li class=\"break-words\"><strong>Datos Temporales:<\/strong> Noches y fines de semana destacan riesgos como alcohol, lo que orienta la ense\u00f1anza hacia la gesti\u00f3n de fatiga y estado de alerta.<\/li><\/ul><\/li><\/ul><br \/><h4><strong>7. Conclusi\u00f3n<\/strong><\/h4><br \/><p class=\"break-words\">El an\u00e1lisis de v\u00edctimas de accidentes, con datos desglosados por edad, g\u00e9nero, medio de transporte y otros factores, es una herramienta clave para que el instructor adapte su ense\u00f1anza al medio colombiano. Al integrar estad\u00edsticas nacionales y locales, se forma a conductores conscientes de los riesgos reales y capaces de prevenir siniestros. Este enfoque no solo cumple con la resoluci\u00f3n, sino que avanza hacia la meta de \u00abVisi\u00f3n Cero\u00bb: hacer que ninguna muerte en el tr\u00e1nsito sea inevitable.<\/p><\/div>\t\t\t\t\t\t\t\t<\/div>\n\t\t\t\t<\/div>\n\t\t\t\t\t<\/div>\n\t\t<\/div>\n\t\t\t\t\t<\/div>\n\t\t<\/section>\n\t\t\t\t<\/div>\n\t\t","protected":false},"excerpt":{"rendered":"<p>Adaptaci\u00f3n al Medio: An\u00e1lisis de V\u00edctimas de Accidentes (Datos Locales y Nacionales por Edad, G\u00e9nero, Medio de Transporte, etc.) 1. [&hellip;]<\/p>\n","protected":false},"author":2,"featured_media":0,"comment_status":"open","ping_status":"open","sticky":false,"template":"elementor_canvas","format":"standard","meta":{"site-sidebar-layout":"default","site-content-layout":"","ast-site-content-layout":"default","site-content-style":"default","site-sidebar-style":"default","ast-global-header-display":"","ast-banner-title-visibility":"","ast-main-header-display":"","ast-hfb-above-header-display":"","ast-hfb-below-header-display":"","ast-hfb-mobile-header-display":"","site-post-title":"","ast-breadcrumbs-content":"","ast-featured-img":"","footer-sml-layout":"","theme-transparent-header-meta":"","adv-header-id-meta":"","stick-header-meta":"","header-above-stick-meta":"","header-main-stick-meta":"","header-below-stick-meta":"","astra-migrate-meta-layouts":"set","ast-page-background-enabled":"default","ast-page-background-meta":{"desktop":{"background-color":"var(--ast-global-color-4)","background-image":"","background-repeat":"repeat","background-position":"center center","background-size":"auto","background-attachment":"scroll","background-type":"","background-media":"","overlay-type":"","overlay-color":"","overlay-opacity":"","overlay-gradient":""},"tablet":{"background-color":"","background-image":"","background-repeat":"repeat","background-position":"center center","background-size":"auto","background-attachment":"scroll","background-type":"","background-media":"","overlay-type":"","overlay-color":"","overlay-opacity":"","overlay-gradient":""},"mobile":{"background-color":"","background-image":"","background-repeat":"repeat","background-position":"center center","background-size":"auto","background-attachment":"scroll","background-type":"","background-media":"","overlay-type":"","overlay-color":"","overlay-opacity":"","overlay-gradient":""}},"ast-content-background-meta":{"desktop":{"background-color":"var(--ast-global-color-5)","background-image":"","background-repeat":"repeat","background-position":"center center","background-size":"auto","background-attachment":"scroll","background-type":"","background-media":"","overlay-type":"","overlay-color":"","overlay-opacity":"","overlay-gradient":""},"tablet":{"background-color":"var(--ast-global-color-5)","background-image":"","background-repeat":"repeat","background-position":"center center","background-size":"auto","background-attachment":"scroll","background-type":"","background-media":"","overlay-type":"","overlay-color":"","overlay-opacity":"","overlay-gradient":""},"mobile":{"background-color":"var(--ast-global-color-5)","background-image":"","background-repeat":"repeat","background-position":"center center","background-size":"auto","background-attachment":"scroll","background-type":"","background-media":"","overlay-type":"","overlay-color":"","overlay-opacity":"","overlay-gradient":""}},"footnotes":""},"categories":[25],"tags":[],"class_list":["post-13196","post","type-post","status-publish","format-standard","hentry","category-curso-instructores"],"yoast_head":"<!-- This site is optimized with the Yoast SEO plugin v26.4 - https:\/\/yoast.com\/wordpress\/plugins\/seo\/ -->\n<title>Adaptaci\u00f3n al Medio: An\u00e1lisis de V\u00edctimas de Accidentes (Datos Locales y Nacionales por Edad, G\u00e9nero, Medio de Transporte, etc.) - Conducir Colombia<\/title>\n<meta name=\"robots\" content=\"index, follow, max-snippet:-1, max-image-preview:large, max-video-preview:-1\" \/>\n<link rel=\"canonical\" href=\"https:\/\/conducircolombia.com\/cea\/adaptacion-al-medio-analisis-de-victimas-de-accidentes-datos-locales-y-nacionales-por-edad-genero-medio-de-transporte-etc\/\" \/>\n<meta property=\"og:locale\" content=\"es_ES\" \/>\n<meta property=\"og:type\" content=\"article\" \/>\n<meta property=\"og:title\" content=\"Adaptaci\u00f3n al Medio: An\u00e1lisis de V\u00edctimas de Accidentes (Datos Locales y Nacionales por Edad, G\u00e9nero, Medio de Transporte, etc.) - Conducir Colombia\" \/>\n<meta property=\"og:description\" content=\"Adaptaci\u00f3n al Medio: An\u00e1lisis de V\u00edctimas de Accidentes (Datos Locales y Nacionales por Edad, G\u00e9nero, Medio de Transporte, etc.) 1. [&hellip;]\" \/>\n<meta property=\"og:url\" content=\"https:\/\/conducircolombia.com\/cea\/adaptacion-al-medio-analisis-de-victimas-de-accidentes-datos-locales-y-nacionales-por-edad-genero-medio-de-transporte-etc\/\" \/>\n<meta property=\"og:site_name\" content=\"Conducir Colombia\" \/>\n<meta property=\"article:publisher\" content=\"https:\/\/www.facebook.com\/ConducirColombiaBogota\" \/>\n<meta property=\"article:published_time\" content=\"2025-02-24T23:48:33+00:00\" \/>\n<meta property=\"article:modified_time\" content=\"2025-02-24T23:50:38+00:00\" \/>\n<meta property=\"og:image\" content=\"https:\/\/conducircolombia.com\/cea\/wp-content\/uploads\/2025\/02\/logo1000.webp\" \/>\n\t<meta property=\"og:image:width\" content=\"1000\" \/>\n\t<meta property=\"og:image:height\" content=\"201\" \/>\n\t<meta property=\"og:image:type\" content=\"image\/webp\" \/>\n<meta name=\"author\" content=\"memo fichas\" \/>\n<meta name=\"twitter:card\" content=\"summary_large_image\" \/>\n<meta name=\"twitter:label1\" content=\"Escrito por\" \/>\n\t<meta name=\"twitter:data1\" content=\"memo fichas\" \/>\n\t<meta name=\"twitter:label2\" content=\"Tiempo de lectura\" \/>\n\t<meta name=\"twitter:data2\" content=\"5 minutos\" \/>\n<script type=\"application\/ld+json\" class=\"yoast-schema-graph\">{\"@context\":\"https:\/\/schema.org\",\"@graph\":[{\"@type\":\"Article\",\"@id\":\"https:\/\/conducircolombia.com\/cea\/adaptacion-al-medio-analisis-de-victimas-de-accidentes-datos-locales-y-nacionales-por-edad-genero-medio-de-transporte-etc\/#article\",\"isPartOf\":{\"@id\":\"https:\/\/conducircolombia.com\/cea\/adaptacion-al-medio-analisis-de-victimas-de-accidentes-datos-locales-y-nacionales-por-edad-genero-medio-de-transporte-etc\/\"},\"author\":{\"name\":\"memo fichas\",\"@id\":\"https:\/\/conducircolombia.com\/cea\/#\/schema\/person\/39f266f3357066ea02c614168ee5b0d2\"},\"headline\":\"Adaptaci\u00f3n al Medio: An\u00e1lisis de V\u00edctimas de Accidentes (Datos Locales y Nacionales por Edad, G\u00e9nero, Medio de Transporte, etc.)\",\"datePublished\":\"2025-02-24T23:48:33+00:00\",\"dateModified\":\"2025-02-24T23:50:38+00:00\",\"mainEntityOfPage\":{\"@id\":\"https:\/\/conducircolombia.com\/cea\/adaptacion-al-medio-analisis-de-victimas-de-accidentes-datos-locales-y-nacionales-por-edad-genero-medio-de-transporte-etc\/\"},\"wordCount\":1030,\"commentCount\":0,\"publisher\":{\"@id\":\"https:\/\/conducircolombia.com\/cea\/#organization\"},\"articleSection\":[\"Curso Instructores\"],\"inLanguage\":\"es\",\"potentialAction\":[{\"@type\":\"CommentAction\",\"name\":\"Comment\",\"target\":[\"https:\/\/conducircolombia.com\/cea\/adaptacion-al-medio-analisis-de-victimas-de-accidentes-datos-locales-y-nacionales-por-edad-genero-medio-de-transporte-etc\/#respond\"]}]},{\"@type\":\"WebPage\",\"@id\":\"https:\/\/conducircolombia.com\/cea\/adaptacion-al-medio-analisis-de-victimas-de-accidentes-datos-locales-y-nacionales-por-edad-genero-medio-de-transporte-etc\/\",\"url\":\"https:\/\/conducircolombia.com\/cea\/adaptacion-al-medio-analisis-de-victimas-de-accidentes-datos-locales-y-nacionales-por-edad-genero-medio-de-transporte-etc\/\",\"name\":\"Adaptaci\u00f3n al Medio: An\u00e1lisis de V\u00edctimas de Accidentes (Datos Locales y Nacionales por Edad, G\u00e9nero, Medio de Transporte, etc.) - Conducir Colombia\",\"isPartOf\":{\"@id\":\"https:\/\/conducircolombia.com\/cea\/#website\"},\"datePublished\":\"2025-02-24T23:48:33+00:00\",\"dateModified\":\"2025-02-24T23:50:38+00:00\",\"breadcrumb\":{\"@id\":\"https:\/\/conducircolombia.com\/cea\/adaptacion-al-medio-analisis-de-victimas-de-accidentes-datos-locales-y-nacionales-por-edad-genero-medio-de-transporte-etc\/#breadcrumb\"},\"inLanguage\":\"es\",\"potentialAction\":[{\"@type\":\"ReadAction\",\"target\":[\"https:\/\/conducircolombia.com\/cea\/adaptacion-al-medio-analisis-de-victimas-de-accidentes-datos-locales-y-nacionales-por-edad-genero-medio-de-transporte-etc\/\"]}]},{\"@type\":\"BreadcrumbList\",\"@id\":\"https:\/\/conducircolombia.com\/cea\/adaptacion-al-medio-analisis-de-victimas-de-accidentes-datos-locales-y-nacionales-por-edad-genero-medio-de-transporte-etc\/#breadcrumb\",\"itemListElement\":[{\"@type\":\"ListItem\",\"position\":1,\"name\":\"Portada\",\"item\":\"https:\/\/conducircolombia.com\/cea\/\"},{\"@type\":\"ListItem\",\"position\":2,\"name\":\"Adaptaci\u00f3n al Medio: An\u00e1lisis de V\u00edctimas de Accidentes (Datos Locales y Nacionales por Edad, G\u00e9nero, Medio de Transporte, etc.)\"}]},{\"@type\":\"WebSite\",\"@id\":\"https:\/\/conducircolombia.com\/cea\/#website\",\"url\":\"https:\/\/conducircolombia.com\/cea\/\",\"name\":\"Conducir Colombia\",\"description\":\"Academia de Conducci\u00f3n\",\"publisher\":{\"@id\":\"https:\/\/conducircolombia.com\/cea\/#organization\"},\"potentialAction\":[{\"@type\":\"SearchAction\",\"target\":{\"@type\":\"EntryPoint\",\"urlTemplate\":\"https:\/\/conducircolombia.com\/cea\/?s={search_term_string}\"},\"query-input\":{\"@type\":\"PropertyValueSpecification\",\"valueRequired\":true,\"valueName\":\"search_term_string\"}}],\"inLanguage\":\"es\"},{\"@type\":\"Organization\",\"@id\":\"https:\/\/conducircolombia.com\/cea\/#organization\",\"name\":\"Conducir Colombia\",\"alternateName\":\"Conducir Colombia\",\"url\":\"https:\/\/conducircolombia.com\/cea\/\",\"logo\":{\"@type\":\"ImageObject\",\"inLanguage\":\"es\",\"@id\":\"https:\/\/conducircolombia.com\/cea\/#\/schema\/logo\/image\/\",\"url\":\"https:\/\/conducircolombia.com\/cea\/wp-content\/uploads\/2025\/02\/logowp.jpg\",\"contentUrl\":\"https:\/\/conducircolombia.com\/cea\/wp-content\/uploads\/2025\/02\/logowp.jpg\",\"width\":300,\"height\":299,\"caption\":\"Conducir Colombia\"},\"image\":{\"@id\":\"https:\/\/conducircolombia.com\/cea\/#\/schema\/logo\/image\/\"},\"sameAs\":[\"https:\/\/www.facebook.com\/ConducirColombiaBogota\"]},{\"@type\":\"Person\",\"@id\":\"https:\/\/conducircolombia.com\/cea\/#\/schema\/person\/39f266f3357066ea02c614168ee5b0d2\",\"name\":\"memo fichas\",\"image\":{\"@type\":\"ImageObject\",\"inLanguage\":\"es\",\"@id\":\"https:\/\/conducircolombia.com\/cea\/#\/schema\/person\/image\/\",\"url\":\"https:\/\/secure.gravatar.com\/avatar\/e1b894dfed71a479efeaf73bfb32c5e92c855e56311b32924ca240a9bcec68b2?s=96&d=mm&r=g\",\"contentUrl\":\"https:\/\/secure.gravatar.com\/avatar\/e1b894dfed71a479efeaf73bfb32c5e92c855e56311b32924ca240a9bcec68b2?s=96&d=mm&r=g\",\"caption\":\"memo fichas\"},\"url\":\"https:\/\/conducircolombia.com\/cea\/author\/conducir1\/\"}]}<\/script>\n<!-- \/ Yoast SEO plugin. -->","yoast_head_json":{"title":"Adaptaci\u00f3n al Medio: An\u00e1lisis de V\u00edctimas de Accidentes (Datos Locales y Nacionales por Edad, G\u00e9nero, Medio de Transporte, etc.) - Conducir Colombia","robots":{"index":"index","follow":"follow","max-snippet":"max-snippet:-1","max-image-preview":"max-image-preview:large","max-video-preview":"max-video-preview:-1"},"canonical":"https:\/\/conducircolombia.com\/cea\/adaptacion-al-medio-analisis-de-victimas-de-accidentes-datos-locales-y-nacionales-por-edad-genero-medio-de-transporte-etc\/","og_locale":"es_ES","og_type":"article","og_title":"Adaptaci\u00f3n al Medio: An\u00e1lisis de V\u00edctimas de Accidentes (Datos Locales y Nacionales por Edad, G\u00e9nero, Medio de Transporte, etc.) - Conducir Colombia","og_description":"Adaptaci\u00f3n al Medio: An\u00e1lisis de V\u00edctimas de Accidentes (Datos Locales y Nacionales por Edad, G\u00e9nero, Medio de Transporte, etc.) 1. [&hellip;]","og_url":"https:\/\/conducircolombia.com\/cea\/adaptacion-al-medio-analisis-de-victimas-de-accidentes-datos-locales-y-nacionales-por-edad-genero-medio-de-transporte-etc\/","og_site_name":"Conducir Colombia","article_publisher":"https:\/\/www.facebook.com\/ConducirColombiaBogota","article_published_time":"2025-02-24T23:48:33+00:00","article_modified_time":"2025-02-24T23:50:38+00:00","og_image":[{"width":1000,"height":201,"url":"https:\/\/conducircolombia.com\/cea\/wp-content\/uploads\/2025\/02\/logo1000.webp","type":"image\/webp"}],"author":"memo fichas","twitter_card":"summary_large_image","twitter_misc":{"Escrito por":"memo fichas","Tiempo de lectura":"5 minutos"},"schema":{"@context":"https:\/\/schema.org","@graph":[{"@type":"Article","@id":"https:\/\/conducircolombia.com\/cea\/adaptacion-al-medio-analisis-de-victimas-de-accidentes-datos-locales-y-nacionales-por-edad-genero-medio-de-transporte-etc\/#article","isPartOf":{"@id":"https:\/\/conducircolombia.com\/cea\/adaptacion-al-medio-analisis-de-victimas-de-accidentes-datos-locales-y-nacionales-por-edad-genero-medio-de-transporte-etc\/"},"author":{"name":"memo fichas","@id":"https:\/\/conducircolombia.com\/cea\/#\/schema\/person\/39f266f3357066ea02c614168ee5b0d2"},"headline":"Adaptaci\u00f3n al Medio: An\u00e1lisis de V\u00edctimas de Accidentes (Datos Locales y Nacionales por Edad, G\u00e9nero, Medio de Transporte, etc.)","datePublished":"2025-02-24T23:48:33+00:00","dateModified":"2025-02-24T23:50:38+00:00","mainEntityOfPage":{"@id":"https:\/\/conducircolombia.com\/cea\/adaptacion-al-medio-analisis-de-victimas-de-accidentes-datos-locales-y-nacionales-por-edad-genero-medio-de-transporte-etc\/"},"wordCount":1030,"commentCount":0,"publisher":{"@id":"https:\/\/conducircolombia.com\/cea\/#organization"},"articleSection":["Curso Instructores"],"inLanguage":"es","potentialAction":[{"@type":"CommentAction","name":"Comment","target":["https:\/\/conducircolombia.com\/cea\/adaptacion-al-medio-analisis-de-victimas-de-accidentes-datos-locales-y-nacionales-por-edad-genero-medio-de-transporte-etc\/#respond"]}]},{"@type":"WebPage","@id":"https:\/\/conducircolombia.com\/cea\/adaptacion-al-medio-analisis-de-victimas-de-accidentes-datos-locales-y-nacionales-por-edad-genero-medio-de-transporte-etc\/","url":"https:\/\/conducircolombia.com\/cea\/adaptacion-al-medio-analisis-de-victimas-de-accidentes-datos-locales-y-nacionales-por-edad-genero-medio-de-transporte-etc\/","name":"Adaptaci\u00f3n al Medio: An\u00e1lisis de V\u00edctimas de Accidentes (Datos Locales y Nacionales por Edad, G\u00e9nero, Medio de Transporte, etc.) - Conducir Colombia","isPartOf":{"@id":"https:\/\/conducircolombia.com\/cea\/#website"},"datePublished":"2025-02-24T23:48:33+00:00","dateModified":"2025-02-24T23:50:38+00:00","breadcrumb":{"@id":"https:\/\/conducircolombia.com\/cea\/adaptacion-al-medio-analisis-de-victimas-de-accidentes-datos-locales-y-nacionales-por-edad-genero-medio-de-transporte-etc\/#breadcrumb"},"inLanguage":"es","potentialAction":[{"@type":"ReadAction","target":["https:\/\/conducircolombia.com\/cea\/adaptacion-al-medio-analisis-de-victimas-de-accidentes-datos-locales-y-nacionales-por-edad-genero-medio-de-transporte-etc\/"]}]},{"@type":"BreadcrumbList","@id":"https:\/\/conducircolombia.com\/cea\/adaptacion-al-medio-analisis-de-victimas-de-accidentes-datos-locales-y-nacionales-por-edad-genero-medio-de-transporte-etc\/#breadcrumb","itemListElement":[{"@type":"ListItem","position":1,"name":"Portada","item":"https:\/\/conducircolombia.com\/cea\/"},{"@type":"ListItem","position":2,"name":"Adaptaci\u00f3n al Medio: An\u00e1lisis de V\u00edctimas de Accidentes (Datos Locales y Nacionales por Edad, G\u00e9nero, Medio de Transporte, etc.)"}]},{"@type":"WebSite","@id":"https:\/\/conducircolombia.com\/cea\/#website","url":"https:\/\/conducircolombia.com\/cea\/","name":"Conducir Colombia","description":"Academia de Conducci\u00f3n","publisher":{"@id":"https:\/\/conducircolombia.com\/cea\/#organization"},"potentialAction":[{"@type":"SearchAction","target":{"@type":"EntryPoint","urlTemplate":"https:\/\/conducircolombia.com\/cea\/?s={search_term_string}"},"query-input":{"@type":"PropertyValueSpecification","valueRequired":true,"valueName":"search_term_string"}}],"inLanguage":"es"},{"@type":"Organization","@id":"https:\/\/conducircolombia.com\/cea\/#organization","name":"Conducir Colombia","alternateName":"Conducir Colombia","url":"https:\/\/conducircolombia.com\/cea\/","logo":{"@type":"ImageObject","inLanguage":"es","@id":"https:\/\/conducircolombia.com\/cea\/#\/schema\/logo\/image\/","url":"https:\/\/conducircolombia.com\/cea\/wp-content\/uploads\/2025\/02\/logowp.jpg","contentUrl":"https:\/\/conducircolombia.com\/cea\/wp-content\/uploads\/2025\/02\/logowp.jpg","width":300,"height":299,"caption":"Conducir Colombia"},"image":{"@id":"https:\/\/conducircolombia.com\/cea\/#\/schema\/logo\/image\/"},"sameAs":["https:\/\/www.facebook.com\/ConducirColombiaBogota"]},{"@type":"Person","@id":"https:\/\/conducircolombia.com\/cea\/#\/schema\/person\/39f266f3357066ea02c614168ee5b0d2","name":"memo fichas","image":{"@type":"ImageObject","inLanguage":"es","@id":"https:\/\/conducircolombia.com\/cea\/#\/schema\/person\/image\/","url":"https:\/\/secure.gravatar.com\/avatar\/e1b894dfed71a479efeaf73bfb32c5e92c855e56311b32924ca240a9bcec68b2?s=96&d=mm&r=g","contentUrl":"https:\/\/secure.gravatar.com\/avatar\/e1b894dfed71a479efeaf73bfb32c5e92c855e56311b32924ca240a9bcec68b2?s=96&d=mm&r=g","caption":"memo fichas"},"url":"https:\/\/conducircolombia.com\/cea\/author\/conducir1\/"}]}},"_links":{"self":[{"href":"https:\/\/conducircolombia.com\/cea\/wp-json\/wp\/v2\/posts\/13196","targetHints":{"allow":["GET"]}}],"collection":[{"href":"https:\/\/conducircolombia.com\/cea\/wp-json\/wp\/v2\/posts"}],"about":[{"href":"https:\/\/conducircolombia.com\/cea\/wp-json\/wp\/v2\/types\/post"}],"author":[{"embeddable":true,"href":"https:\/\/conducircolombia.com\/cea\/wp-json\/wp\/v2\/users\/2"}],"replies":[{"embeddable":true,"href":"https:\/\/conducircolombia.com\/cea\/wp-json\/wp\/v2\/comments?post=13196"}],"version-history":[{"count":4,"href":"https:\/\/conducircolombia.com\/cea\/wp-json\/wp\/v2\/posts\/13196\/revisions"}],"predecessor-version":[{"id":13200,"href":"https:\/\/conducircolombia.com\/cea\/wp-json\/wp\/v2\/posts\/13196\/revisions\/13200"}],"wp:attachment":[{"href":"https:\/\/conducircolombia.com\/cea\/wp-json\/wp\/v2\/media?parent=13196"}],"wp:term":[{"taxonomy":"category","embeddable":true,"href":"https:\/\/conducircolombia.com\/cea\/wp-json\/wp\/v2\/categories?post=13196"},{"taxonomy":"post_tag","embeddable":true,"href":"https:\/\/conducircolombia.com\/cea\/wp-json\/wp\/v2\/tags?post=13196"}],"curies":[{"name":"wp","href":"https:\/\/api.w.org\/{rel}","templated":true}]}}