{"id":13201,"date":"2025-02-24T18:53:13","date_gmt":"2025-02-24T23:53:13","guid":{"rendered":"https:\/\/conducircolombia.com\/cea\/?p=13201"},"modified":"2025-02-24T18:54:53","modified_gmt":"2025-02-24T23:54:53","slug":"etica-prevencion-de-conflictos-y-comunicacion-usuarios-vulnerables-peatones-ciclistas-motociclistas-y-su-proteccion","status":"publish","type":"post","link":"https:\/\/conducircolombia.com\/cea\/etica-prevencion-de-conflictos-y-comunicacion-usuarios-vulnerables-peatones-ciclistas-motociclistas-y-su-proteccion\/","title":{"rendered":"\u00c9tica, Prevenci\u00f3n de Conflictos y Comunicaci\u00f3n: Usuarios Vulnerables (Peatones, Ciclistas, Motociclistas) y su Protecci\u00f3n"},"content":{"rendered":"\t\t<div data-elementor-type=\"wp-post\" data-elementor-id=\"13201\" class=\"elementor elementor-13201\">\n\t\t\t\t\t\t<section class=\"elementor-section elementor-top-section elementor-element elementor-element-b2a8119 elementor-section-boxed elementor-section-height-default elementor-section-height-default\" data-id=\"b2a8119\" data-element_type=\"section\">\n\t\t\t\t\t\t<div class=\"elementor-container elementor-column-gap-default\">\n\t\t\t\t\t<div class=\"elementor-column elementor-col-100 elementor-top-column elementor-element elementor-element-9a1696e\" data-id=\"9a1696e\" data-element_type=\"column\">\n\t\t\t<div class=\"elementor-widget-wrap elementor-element-populated\">\n\t\t\t\t\t\t<div class=\"elementor-element elementor-element-cf6b0fd elementor-widget elementor-widget-text-editor\" data-id=\"cf6b0fd\" data-element_type=\"widget\" data-widget_type=\"text-editor.default\">\n\t\t\t\t<div class=\"elementor-widget-container\">\n\t\t\t\t\t\t\t\t\t<h2 style=\"text-align: center;\">\u00c9tica, Prevenci\u00f3n de Conflictos y Comunicaci\u00f3n: Usuarios Vulnerables (Peatones, Ciclistas, Motociclistas) y su Protecci\u00f3n<\/h2>\t\t\t\t\t\t\t\t<\/div>\n\t\t\t\t<\/div>\n\t\t\t\t<div class=\"elementor-element elementor-element-2157dcc elementor-widget elementor-widget-text-editor\" data-id=\"2157dcc\" data-element_type=\"widget\" data-widget_type=\"text-editor.default\">\n\t\t\t\t<div class=\"elementor-widget-container\">\n\t\t\t\t\t\t\t\t\t<div><h4><strong>1. Definici\u00f3n y Contexto<\/strong><\/h4><br \/><p class=\"break-words\">Dentro del apartado \u00ab\u00c9tica, Prevenci\u00f3n de Conflictos y Comunicaci\u00f3n\u00bb, el enfoque en <strong>usuarios vulnerables<\/strong> (peatones, ciclistas y motociclistas) subraya la necesidad de formar conductores que prioricen la protecci\u00f3n de estos grupos, quienes enfrentan mayores riesgos en el sistema vial debido a su exposici\u00f3n f\u00edsica y falta de protecci\u00f3n estructural. Este tema combina:<\/p><br \/><ul><li style=\"list-style-type: none;\"><ul><li class=\"break-words\"><strong>\u00c9tica:<\/strong> La responsabilidad moral de respetar y proteger la vida de los dem\u00e1s.<\/li><\/ul><\/li><\/ul><br \/><ul><li style=\"list-style-type: none;\"><ul><li class=\"break-words\"><strong>Prevenci\u00f3n de Conflictos:<\/strong> Estrategias para evitar enfrentamientos o situaciones de riesgo con estos usuarios.<\/li><\/ul><\/li><\/ul><br \/><ul><li style=\"list-style-type: none;\"><ul><li class=\"break-words\"><strong>Comunicaci\u00f3n:<\/strong> El uso de se\u00f1ales y comportamientos para interactuar de manera segura y respetuosa.<\/li><\/ul><\/li><\/ul><br \/><p class=\"break-words\">La resoluci\u00f3n destaca que los instructores deben inculcar en los aprendices el deber de proteger a los usuarios vulnerables como parte de una movilidad segura y sostenible, aline\u00e1ndose con principios como la corresponsabilidad y el respeto a la vida.<\/p><br \/><h4><strong>2. Usuarios Vulnerables: Caracter\u00edsticas y Riesgos<\/strong><\/h4><br \/><ul><li style=\"list-style-type: none;\"><ul><li class=\"break-words\"><strong>Peatones:<\/strong> Sin protecci\u00f3n f\u00edsica, dependen de la infraestructura (pasos cebra, sem\u00e1foros) y del comportamiento de los conductores. En Colombia, representan el 33% de las v\u00edctimas fatales (Observatorio Nacional de Seguridad Vial, ONSV).<\/li><\/ul><\/li><\/ul><br \/><ul><li style=\"list-style-type: none;\"><ul><li class=\"break-words\"><strong>Ciclistas:<\/strong> Expuestos al tr\u00e1fico, con m\u00ednima protecci\u00f3n (casco), y vulnerables a la falta de ciclorrutas. Su mortalidad ha aumentado un 29.1% en cinco a\u00f1os (ONSV).<\/li><\/ul><\/li><\/ul><br \/><ul><li style=\"list-style-type: none;\"><ul><li class=\"break-words\"><strong>Motociclistas:<\/strong> Aunque motorizados, carecen de carrocer\u00eda protectora. Constituyen el 51% de las muertes viales en Colombia, reflejando su alta presencia (m\u00e1s del 50% del parque automotor).<\/li><\/ul><\/li><\/ul><br \/><h4><strong>3. Importancia en la Formaci\u00f3n Vial<\/strong><\/h4><br \/><ul><li style=\"list-style-type: none;\"><ul><li class=\"break-words\"><strong>Perspectiva \u00c9tica:<\/strong> Proteger a los usuarios vulnerables es un valor fundamental que reconoce la prelaci\u00f3n de la vida sobre la prisa o la comodidad.<\/li><\/ul><\/li><\/ul><br \/><ul><li style=\"list-style-type: none;\"><ul><li class=\"break-words\"><strong>Reducci\u00f3n de Siniestros:<\/strong> Ense\u00f1ar a los conductores a anticipar y respetar a estos grupos disminuye la probabilidad de accidentes, apoyando la \u00abVisi\u00f3n Cero\u00bb.<\/li><\/ul><\/li><\/ul><br \/><ul><li style=\"list-style-type: none;\"><ul><li class=\"break-words\"><strong>Convivencia Vial:<\/strong> Fomentar una comunicaci\u00f3n efectiva y prevenir conflictos mejora la armon\u00eda en las v\u00edas, especialmente en entornos mixtos como los de Colombia.<\/li><\/ul><\/li><\/ul><br \/><h4><strong>4. Enfoque \u00c9tico<\/strong><\/h4><br \/><p class=\"break-words\">El instructor debe transmitir que proteger a los usuarios vulnerables es una obligaci\u00f3n moral y legal:<\/p><br \/><ul><li style=\"list-style-type: none;\"><ul><li class=\"break-words\"><strong>Respeto a la Vida:<\/strong> Cada usuario vulnerable es una persona con derechos, no un obst\u00e1culo.<\/li><\/ul><\/li><\/ul><br \/><ul><li style=\"list-style-type: none;\"><ul><li class=\"break-words\"><strong>Prioridad Legal:<\/strong> El C\u00f3digo Nacional de Tr\u00e1nsito (Ley 769 de 2002) establece la prelaci\u00f3n de peatones y ciclistas en cruces y zonas designadas.<\/li><\/ul><\/li><\/ul><br \/><ul><li style=\"list-style-type: none;\"><ul><li class=\"break-words\"><strong>Responsabilidad Compartida:<\/strong> Los conductores de veh\u00edculos motorizados, con mayor capacidad de da\u00f1o, tienen el deber de actuar con precauci\u00f3n.<\/li><\/ul><\/li><\/ul><br \/><h4><strong>5. Prevenci\u00f3n de Conflictos<\/strong><\/h4><br \/><p class=\"break-words\">Los conflictos surgen cuando los conductores ignoran o compiten con los usuarios vulnerables. Estrategias para evitarlos incluyen:<\/p><br \/><ul><li style=\"list-style-type: none;\"><ul><li class=\"break-words\"><strong>Anticipaci\u00f3n:<\/strong> Ense\u00f1ar a identificar a estos usuarios con antelaci\u00f3n (por ejemplo, un ciclista en el borde de la v\u00eda).<\/li><\/ul><\/li><\/ul><br \/><ul><li style=\"list-style-type: none;\"><ul><li class=\"break-words\"><strong>Distancia de Seguridad:<\/strong> Mantener al menos 1.5 metros al adelantar a ciclistas o motociclistas, como recomienda la normatividad.<\/li><\/ul><\/li><\/ul><br \/><ul><li style=\"list-style-type: none;\"><ul><li class=\"break-words\"><strong>Paciencia:<\/strong> Evitar reacciones agresivas (como tocar el claxon innecesariamente) ante peatones lentos o ciclistas en carriles compartidos.<\/li><\/ul><\/li><\/ul><br \/><ul><li style=\"list-style-type: none;\"><ul><li class=\"break-words\"><strong>Ejemplo:<\/strong> Un conductor que respeta el paso de un peat\u00f3n mayor en lugar de apresurarlo previene tensiones y riesgos.<\/li><\/ul><\/li><\/ul><br \/><h4><strong>6. Comunicaci\u00f3n Efectiva<\/strong><\/h4><br \/><p class=\"break-words\">La interacci\u00f3n con usuarios vulnerables depende de una comunicaci\u00f3n clara:<\/p><br \/><ul><li style=\"list-style-type: none;\"><ul><li class=\"break-words\"><strong>Se\u00f1ales Manuales y Luminosas:<\/strong> Usar direccionales o gestos para indicar intenciones (como ceder el paso).<\/li><\/ul><\/li><\/ul><br \/><ul><li style=\"list-style-type: none;\"><ul><li class=\"break-words\"><strong>Contacto Visual:<\/strong> Establecerlo con peatones o motociclistas en cruces para confirmar que son vistos.<\/li><\/ul><\/li><\/ul><br \/><ul><li style=\"list-style-type: none;\"><ul><li class=\"break-words\"><strong>Velocidad Reducida:<\/strong> Comunicar precauci\u00f3n al disminuir el ritmo cerca de estos usuarios.<\/li><\/ul><\/li><\/ul><br \/><ul><li style=\"list-style-type: none;\"><ul><li class=\"break-words\"><strong>Ejemplo:<\/strong> Un conductor que enciende las luces intermitentes al detenerse para un ciclista env\u00eda una se\u00f1al clara de respeto.<\/li><\/ul><\/li><\/ul><br \/><h4><strong>7. Estrategias Pedag\u00f3gicas<\/strong><\/h4><br \/><p class=\"break-words\">El instructor puede emplear estas estrategias para ense\u00f1ar este tema:<\/p><br \/><h5><strong>a) Sensibilizaci\u00f3n con Datos<\/strong><\/h5><br \/><ul><li style=\"list-style-type: none;\"><ul><li class=\"break-words\"><strong>M\u00e9todo:<\/strong> Mostrar estad\u00edsticas del ONSV (51% motociclistas, 33% peatones) para destacar su vulnerabilidad.<\/li><\/ul><\/li><\/ul><br \/><ul><li style=\"list-style-type: none;\"><ul><li class=\"break-words\"><strong>Ejemplo:<\/strong> \u00abEn 2021, m\u00e1s de 3,000 motociclistas murieron. \u00bfC\u00f3mo podemos protegerlos?\u00bb<\/li><\/ul><\/li><\/ul><br \/><h5><strong>b) An\u00e1lisis de Escenarios<\/strong><\/h5><br \/><ul><li style=\"list-style-type: none;\"><ul><li class=\"break-words\"><strong>M\u00e9todo:<\/strong> Discutir casos reales donde la falta de \u00e9tica o comunicaci\u00f3n caus\u00f3 accidentes.<\/li><\/ul><\/li><\/ul><br \/><ul><li style=\"list-style-type: none;\"><ul><li class=\"break-words\"><strong>Ejemplo:<\/strong> Un peat\u00f3n atropellado por no cederle el paso en un cruce sin sem\u00e1foro.<\/li><\/ul><\/li><\/ul><br \/><h5><strong>c) Pr\u00e1ctica en V\u00eda<\/strong><\/h5><br \/><ul><li style=\"list-style-type: none;\"><ul><li class=\"break-words\"><strong>M\u00e9todo:<\/strong> Llevar a los aprendices a interactuar con usuarios vulnerables en entornos controlados.<\/li><\/ul><\/li><\/ul><br \/><ul><li style=\"list-style-type: none;\"><ul><li class=\"break-words\"><strong>Ejemplo:<\/strong> Practicar ceder el paso a un ciclista en una v\u00eda urbana, usando el doble comando si es necesario.<\/li><\/ul><\/li><\/ul><br \/><h5><strong>d) Role-Playing<\/strong><\/h5><br \/><ul><li style=\"list-style-type: none;\"><ul><li class=\"break-words\"><strong>M\u00e9todo:<\/strong> Simular conflictos (un motociclista que reclama por un adelantamiento riesgoso) y resolverlos con comunicaci\u00f3n.<\/li><\/ul><\/li><\/ul><br \/><ul><li style=\"list-style-type: none;\"><ul><li class=\"break-words\"><strong>Ejemplo:<\/strong> El aprendiz practica pedir disculpas y ajustar su maniobra.<\/li><\/ul><\/li><\/ul><br \/><h4><strong>8. Ejemplo Pr\u00e1ctico<\/strong><\/h4><br \/><p class=\"break-words\">Un instructor forma a un grupo para la categor\u00eda B1 (autom\u00f3viles particulares) en Cali:<\/p><br \/><ul><li style=\"list-style-type: none;\"><ul><li class=\"break-words\"><strong>Situaci\u00f3n:<\/strong> Los aprendices tienden a ignorar a los ciclistas en carriles compartidos.<\/li><\/ul><\/li><\/ul><br \/><ul><li style=\"list-style-type: none;\"><ul><li class=\"break-words\"><strong>Acci\u00f3n del Instructor:<\/strong><ol><li style=\"list-style-type: none;\"><ol><li class=\"break-words\"><strong>\u00c9tica:<\/strong> Explica que los ciclistas tienen prioridad y que protegerlos es una responsabilidad moral.<\/li><\/ol><\/li><\/ol><br \/><ol><li style=\"list-style-type: none;\"><ol><li class=\"break-words\"><strong>Prevenci\u00f3n:<\/strong> Ense\u00f1a a mantener 1.5 metros al adelantar, evitando conflictos.<\/li><\/ol><\/li><\/ol><br \/><ol><li style=\"list-style-type: none;\"><ol><li class=\"break-words\"><strong>Comunicaci\u00f3n:<\/strong> Practica usar direccionales y reducir velocidad al pasar cerca de un ciclista.<\/li><\/ol><\/li><\/ol><br \/><ol><li style=\"list-style-type: none;\"><ol><li class=\"break-words\"><strong>Pr\u00e1ctica:<\/strong> En una v\u00eda real, supervisa c\u00f3mo el aprendiz cede el paso a un ciclista y lo elogia por su precauci\u00f3n.<\/li><\/ol><\/li><\/ol><\/li><\/ul><\/li><\/ul><br \/><ul><li style=\"list-style-type: none;\"><ul><li class=\"break-words\"><strong>Resultado:<\/strong> Los aprendices adoptan una actitud respetuosa y preventiva hacia los ciclistas.<\/li><\/ul><\/li><\/ul><br \/><h4><strong>9. Relevancia en el Contexto Colombiano<\/strong><\/h4><br \/><ul><li style=\"list-style-type: none;\"><ul><li class=\"break-words\"><strong>Alta Vulnerabilidad:<\/strong> Con el 51% de las muertes siendo motociclistas y un tercio peatones, Colombia tiene una necesidad urgente de proteger a estos grupos.<\/li><\/ul><\/li><\/ul><br \/><ul><li style=\"list-style-type: none;\"><ul><li class=\"break-words\"><strong>Infraestructura Limitada:<\/strong> La falta de ciclorrutas o pasos peatonales adecuados aumenta la dependencia del comportamiento \u00e9tico de los conductores.<\/li><\/ul><\/li><\/ul><br \/><ul><li style=\"list-style-type: none;\"><ul><li class=\"break-words\"><strong>Cultura Vial:<\/strong> Cambiar actitudes agresivas o despectivas hacia usuarios vulnerables es un desaf\u00edo que empieza en la formaci\u00f3n.<\/li><\/ul><\/li><\/ul><br \/><h4><strong>10. Conclusi\u00f3n<\/strong><\/h4><br \/><p class=\"break-words\">El enfoque en usuarios vulnerables dentro de \u00ab\u00c9tica, Prevenci\u00f3n de Conflictos y Comunicaci\u00f3n\u00bb es esencial para formar conductores responsables y emp\u00e1ticos. El instructor, al inculcar valores \u00e9ticos, estrategias de prevenci\u00f3n y habilidades comunicativas, prepara a los aprendices para proteger a peatones, ciclistas y motociclistas, reduciendo riesgos y fomentando una convivencia vial armoniosa. En Colombia, donde estos grupos son mayoritarios entre las v\u00edctimas, esta ense\u00f1anza es un paso clave hacia una movilidad m\u00e1s segura y humana.<\/p><\/div>\t\t\t\t\t\t\t\t<\/div>\n\t\t\t\t<\/div>\n\t\t\t\t\t<\/div>\n\t\t<\/div>\n\t\t\t\t\t<\/div>\n\t\t<\/section>\n\t\t\t\t<\/div>\n\t\t","protected":false},"excerpt":{"rendered":"<p>\u00c9tica, Prevenci\u00f3n de Conflictos y Comunicaci\u00f3n: Usuarios Vulnerables (Peatones, Ciclistas, Motociclistas) y su Protecci\u00f3n 1. Definici\u00f3n y Contexto Dentro del [&hellip;]<\/p>\n","protected":false},"author":2,"featured_media":0,"comment_status":"open","ping_status":"open","sticky":false,"template":"elementor_canvas","format":"standard","meta":{"site-sidebar-layout":"default","site-content-layout":"","ast-site-content-layout":"default","site-content-style":"default","site-sidebar-style":"default","ast-global-header-display":"","ast-banner-title-visibility":"","ast-main-header-display":"","ast-hfb-above-header-display":"","ast-hfb-below-header-display":"","ast-hfb-mobile-header-display":"","site-post-title":"","ast-breadcrumbs-content":"","ast-featured-img":"","footer-sml-layout":"","theme-transparent-header-meta":"","adv-header-id-meta":"","stick-header-meta":"","header-above-stick-meta":"","header-main-stick-meta":"","header-below-stick-meta":"","astra-migrate-meta-layouts":"set","ast-page-background-enabled":"default","ast-page-background-meta":{"desktop":{"background-color":"var(--ast-global-color-4)","background-image":"","background-repeat":"repeat","background-position":"center center","background-size":"auto","background-attachment":"scroll","background-type":"","background-media":"","overlay-type":"","overlay-color":"","overlay-opacity":"","overlay-gradient":""},"tablet":{"background-color":"","background-image":"","background-repeat":"repeat","background-position":"center center","background-size":"auto","background-attachment":"scroll","background-type":"","background-media":"","overlay-type":"","overlay-color":"","overlay-opacity":"","overlay-gradient":""},"mobile":{"background-color":"","background-image":"","background-repeat":"repeat","background-position":"center center","background-size":"auto","background-attachment":"scroll","background-type":"","background-media":"","overlay-type":"","overlay-color":"","overlay-opacity":"","overlay-gradient":""}},"ast-content-background-meta":{"desktop":{"background-color":"var(--ast-global-color-5)","background-image":"","background-repeat":"repeat","background-position":"center center","background-size":"auto","background-attachment":"scroll","background-type":"","background-media":"","overlay-type":"","overlay-color":"","overlay-opacity":"","overlay-gradient":""},"tablet":{"background-color":"var(--ast-global-color-5)","background-image":"","background-repeat":"repeat","background-position":"center center","background-size":"auto","background-attachment":"scroll","background-type":"","background-media":"","overlay-type":"","overlay-color":"","overlay-opacity":"","overlay-gradient":""},"mobile":{"background-color":"var(--ast-global-color-5)","background-image":"","background-repeat":"repeat","background-position":"center center","background-size":"auto","background-attachment":"scroll","background-type":"","background-media":"","overlay-type":"","overlay-color":"","overlay-opacity":"","overlay-gradient":""}},"footnotes":""},"categories":[25],"tags":[],"class_list":["post-13201","post","type-post","status-publish","format-standard","hentry","category-curso-instructores"],"yoast_head":"<!-- This site is optimized with the Yoast SEO plugin v26.4 - https:\/\/yoast.com\/wordpress\/plugins\/seo\/ -->\n<title>\u00c9tica, Prevenci\u00f3n de Conflictos y Comunicaci\u00f3n: Usuarios Vulnerables (Peatones, Ciclistas, Motociclistas) y su Protecci\u00f3n - Conducir Colombia<\/title>\n<meta name=\"robots\" content=\"index, follow, max-snippet:-1, max-image-preview:large, max-video-preview:-1\" \/>\n<link rel=\"canonical\" href=\"https:\/\/conducircolombia.com\/cea\/etica-prevencion-de-conflictos-y-comunicacion-usuarios-vulnerables-peatones-ciclistas-motociclistas-y-su-proteccion\/\" \/>\n<meta property=\"og:locale\" content=\"es_ES\" \/>\n<meta property=\"og:type\" content=\"article\" \/>\n<meta property=\"og:title\" content=\"\u00c9tica, Prevenci\u00f3n de Conflictos y Comunicaci\u00f3n: Usuarios Vulnerables (Peatones, Ciclistas, Motociclistas) y su Protecci\u00f3n - Conducir Colombia\" \/>\n<meta property=\"og:description\" content=\"\u00c9tica, Prevenci\u00f3n de Conflictos y Comunicaci\u00f3n: Usuarios Vulnerables (Peatones, Ciclistas, Motociclistas) y su Protecci\u00f3n 1. Definici\u00f3n y Contexto Dentro del [&hellip;]\" \/>\n<meta property=\"og:url\" content=\"https:\/\/conducircolombia.com\/cea\/etica-prevencion-de-conflictos-y-comunicacion-usuarios-vulnerables-peatones-ciclistas-motociclistas-y-su-proteccion\/\" \/>\n<meta property=\"og:site_name\" content=\"Conducir Colombia\" \/>\n<meta property=\"article:publisher\" content=\"https:\/\/www.facebook.com\/ConducirColombiaBogota\" \/>\n<meta property=\"article:published_time\" content=\"2025-02-24T23:53:13+00:00\" \/>\n<meta property=\"article:modified_time\" content=\"2025-02-24T23:54:53+00:00\" \/>\n<meta property=\"og:image\" content=\"https:\/\/conducircolombia.com\/cea\/wp-content\/uploads\/2025\/02\/logo1000.webp\" \/>\n\t<meta property=\"og:image:width\" content=\"1000\" \/>\n\t<meta property=\"og:image:height\" content=\"201\" \/>\n\t<meta property=\"og:image:type\" content=\"image\/webp\" \/>\n<meta name=\"author\" content=\"memo fichas\" \/>\n<meta name=\"twitter:card\" content=\"summary_large_image\" \/>\n<meta name=\"twitter:label1\" content=\"Escrito por\" \/>\n\t<meta name=\"twitter:data1\" content=\"memo fichas\" \/>\n\t<meta name=\"twitter:label2\" content=\"Tiempo de lectura\" \/>\n\t<meta name=\"twitter:data2\" content=\"5 minutos\" \/>\n<script type=\"application\/ld+json\" class=\"yoast-schema-graph\">{\"@context\":\"https:\/\/schema.org\",\"@graph\":[{\"@type\":\"Article\",\"@id\":\"https:\/\/conducircolombia.com\/cea\/etica-prevencion-de-conflictos-y-comunicacion-usuarios-vulnerables-peatones-ciclistas-motociclistas-y-su-proteccion\/#article\",\"isPartOf\":{\"@id\":\"https:\/\/conducircolombia.com\/cea\/etica-prevencion-de-conflictos-y-comunicacion-usuarios-vulnerables-peatones-ciclistas-motociclistas-y-su-proteccion\/\"},\"author\":{\"name\":\"memo fichas\",\"@id\":\"https:\/\/conducircolombia.com\/cea\/#\/schema\/person\/39f266f3357066ea02c614168ee5b0d2\"},\"headline\":\"\u00c9tica, Prevenci\u00f3n de Conflictos y Comunicaci\u00f3n: Usuarios Vulnerables (Peatones, Ciclistas, Motociclistas) y su Protecci\u00f3n\",\"datePublished\":\"2025-02-24T23:53:13+00:00\",\"dateModified\":\"2025-02-24T23:54:53+00:00\",\"mainEntityOfPage\":{\"@id\":\"https:\/\/conducircolombia.com\/cea\/etica-prevencion-de-conflictos-y-comunicacion-usuarios-vulnerables-peatones-ciclistas-motociclistas-y-su-proteccion\/\"},\"wordCount\":1029,\"commentCount\":0,\"publisher\":{\"@id\":\"https:\/\/conducircolombia.com\/cea\/#organization\"},\"articleSection\":[\"Curso Instructores\"],\"inLanguage\":\"es\",\"potentialAction\":[{\"@type\":\"CommentAction\",\"name\":\"Comment\",\"target\":[\"https:\/\/conducircolombia.com\/cea\/etica-prevencion-de-conflictos-y-comunicacion-usuarios-vulnerables-peatones-ciclistas-motociclistas-y-su-proteccion\/#respond\"]}]},{\"@type\":\"WebPage\",\"@id\":\"https:\/\/conducircolombia.com\/cea\/etica-prevencion-de-conflictos-y-comunicacion-usuarios-vulnerables-peatones-ciclistas-motociclistas-y-su-proteccion\/\",\"url\":\"https:\/\/conducircolombia.com\/cea\/etica-prevencion-de-conflictos-y-comunicacion-usuarios-vulnerables-peatones-ciclistas-motociclistas-y-su-proteccion\/\",\"name\":\"\u00c9tica, Prevenci\u00f3n de Conflictos y Comunicaci\u00f3n: Usuarios Vulnerables (Peatones, Ciclistas, Motociclistas) y su Protecci\u00f3n - Conducir Colombia\",\"isPartOf\":{\"@id\":\"https:\/\/conducircolombia.com\/cea\/#website\"},\"datePublished\":\"2025-02-24T23:53:13+00:00\",\"dateModified\":\"2025-02-24T23:54:53+00:00\",\"breadcrumb\":{\"@id\":\"https:\/\/conducircolombia.com\/cea\/etica-prevencion-de-conflictos-y-comunicacion-usuarios-vulnerables-peatones-ciclistas-motociclistas-y-su-proteccion\/#breadcrumb\"},\"inLanguage\":\"es\",\"potentialAction\":[{\"@type\":\"ReadAction\",\"target\":[\"https:\/\/conducircolombia.com\/cea\/etica-prevencion-de-conflictos-y-comunicacion-usuarios-vulnerables-peatones-ciclistas-motociclistas-y-su-proteccion\/\"]}]},{\"@type\":\"BreadcrumbList\",\"@id\":\"https:\/\/conducircolombia.com\/cea\/etica-prevencion-de-conflictos-y-comunicacion-usuarios-vulnerables-peatones-ciclistas-motociclistas-y-su-proteccion\/#breadcrumb\",\"itemListElement\":[{\"@type\":\"ListItem\",\"position\":1,\"name\":\"Portada\",\"item\":\"https:\/\/conducircolombia.com\/cea\/\"},{\"@type\":\"ListItem\",\"position\":2,\"name\":\"\u00c9tica, Prevenci\u00f3n de Conflictos y Comunicaci\u00f3n: Usuarios Vulnerables (Peatones, Ciclistas, Motociclistas) y su Protecci\u00f3n\"}]},{\"@type\":\"WebSite\",\"@id\":\"https:\/\/conducircolombia.com\/cea\/#website\",\"url\":\"https:\/\/conducircolombia.com\/cea\/\",\"name\":\"Conducir Colombia\",\"description\":\"Academia de Conducci\u00f3n\",\"publisher\":{\"@id\":\"https:\/\/conducircolombia.com\/cea\/#organization\"},\"potentialAction\":[{\"@type\":\"SearchAction\",\"target\":{\"@type\":\"EntryPoint\",\"urlTemplate\":\"https:\/\/conducircolombia.com\/cea\/?s={search_term_string}\"},\"query-input\":{\"@type\":\"PropertyValueSpecification\",\"valueRequired\":true,\"valueName\":\"search_term_string\"}}],\"inLanguage\":\"es\"},{\"@type\":\"Organization\",\"@id\":\"https:\/\/conducircolombia.com\/cea\/#organization\",\"name\":\"Conducir Colombia\",\"alternateName\":\"Conducir Colombia\",\"url\":\"https:\/\/conducircolombia.com\/cea\/\",\"logo\":{\"@type\":\"ImageObject\",\"inLanguage\":\"es\",\"@id\":\"https:\/\/conducircolombia.com\/cea\/#\/schema\/logo\/image\/\",\"url\":\"https:\/\/conducircolombia.com\/cea\/wp-content\/uploads\/2025\/02\/logowp.jpg\",\"contentUrl\":\"https:\/\/conducircolombia.com\/cea\/wp-content\/uploads\/2025\/02\/logowp.jpg\",\"width\":300,\"height\":299,\"caption\":\"Conducir Colombia\"},\"image\":{\"@id\":\"https:\/\/conducircolombia.com\/cea\/#\/schema\/logo\/image\/\"},\"sameAs\":[\"https:\/\/www.facebook.com\/ConducirColombiaBogota\"]},{\"@type\":\"Person\",\"@id\":\"https:\/\/conducircolombia.com\/cea\/#\/schema\/person\/39f266f3357066ea02c614168ee5b0d2\",\"name\":\"memo fichas\",\"image\":{\"@type\":\"ImageObject\",\"inLanguage\":\"es\",\"@id\":\"https:\/\/conducircolombia.com\/cea\/#\/schema\/person\/image\/\",\"url\":\"https:\/\/secure.gravatar.com\/avatar\/e1b894dfed71a479efeaf73bfb32c5e92c855e56311b32924ca240a9bcec68b2?s=96&d=mm&r=g\",\"contentUrl\":\"https:\/\/secure.gravatar.com\/avatar\/e1b894dfed71a479efeaf73bfb32c5e92c855e56311b32924ca240a9bcec68b2?s=96&d=mm&r=g\",\"caption\":\"memo fichas\"},\"url\":\"https:\/\/conducircolombia.com\/cea\/author\/conducir1\/\"}]}<\/script>\n<!-- \/ Yoast SEO plugin. -->","yoast_head_json":{"title":"\u00c9tica, Prevenci\u00f3n de Conflictos y Comunicaci\u00f3n: Usuarios Vulnerables (Peatones, Ciclistas, Motociclistas) y su Protecci\u00f3n - Conducir Colombia","robots":{"index":"index","follow":"follow","max-snippet":"max-snippet:-1","max-image-preview":"max-image-preview:large","max-video-preview":"max-video-preview:-1"},"canonical":"https:\/\/conducircolombia.com\/cea\/etica-prevencion-de-conflictos-y-comunicacion-usuarios-vulnerables-peatones-ciclistas-motociclistas-y-su-proteccion\/","og_locale":"es_ES","og_type":"article","og_title":"\u00c9tica, Prevenci\u00f3n de Conflictos y Comunicaci\u00f3n: Usuarios Vulnerables (Peatones, Ciclistas, Motociclistas) y su Protecci\u00f3n - Conducir Colombia","og_description":"\u00c9tica, Prevenci\u00f3n de Conflictos y Comunicaci\u00f3n: Usuarios Vulnerables (Peatones, Ciclistas, Motociclistas) y su Protecci\u00f3n 1. Definici\u00f3n y Contexto Dentro del [&hellip;]","og_url":"https:\/\/conducircolombia.com\/cea\/etica-prevencion-de-conflictos-y-comunicacion-usuarios-vulnerables-peatones-ciclistas-motociclistas-y-su-proteccion\/","og_site_name":"Conducir Colombia","article_publisher":"https:\/\/www.facebook.com\/ConducirColombiaBogota","article_published_time":"2025-02-24T23:53:13+00:00","article_modified_time":"2025-02-24T23:54:53+00:00","og_image":[{"width":1000,"height":201,"url":"https:\/\/conducircolombia.com\/cea\/wp-content\/uploads\/2025\/02\/logo1000.webp","type":"image\/webp"}],"author":"memo fichas","twitter_card":"summary_large_image","twitter_misc":{"Escrito por":"memo fichas","Tiempo de lectura":"5 minutos"},"schema":{"@context":"https:\/\/schema.org","@graph":[{"@type":"Article","@id":"https:\/\/conducircolombia.com\/cea\/etica-prevencion-de-conflictos-y-comunicacion-usuarios-vulnerables-peatones-ciclistas-motociclistas-y-su-proteccion\/#article","isPartOf":{"@id":"https:\/\/conducircolombia.com\/cea\/etica-prevencion-de-conflictos-y-comunicacion-usuarios-vulnerables-peatones-ciclistas-motociclistas-y-su-proteccion\/"},"author":{"name":"memo fichas","@id":"https:\/\/conducircolombia.com\/cea\/#\/schema\/person\/39f266f3357066ea02c614168ee5b0d2"},"headline":"\u00c9tica, Prevenci\u00f3n de Conflictos y Comunicaci\u00f3n: Usuarios Vulnerables (Peatones, Ciclistas, Motociclistas) y su Protecci\u00f3n","datePublished":"2025-02-24T23:53:13+00:00","dateModified":"2025-02-24T23:54:53+00:00","mainEntityOfPage":{"@id":"https:\/\/conducircolombia.com\/cea\/etica-prevencion-de-conflictos-y-comunicacion-usuarios-vulnerables-peatones-ciclistas-motociclistas-y-su-proteccion\/"},"wordCount":1029,"commentCount":0,"publisher":{"@id":"https:\/\/conducircolombia.com\/cea\/#organization"},"articleSection":["Curso Instructores"],"inLanguage":"es","potentialAction":[{"@type":"CommentAction","name":"Comment","target":["https:\/\/conducircolombia.com\/cea\/etica-prevencion-de-conflictos-y-comunicacion-usuarios-vulnerables-peatones-ciclistas-motociclistas-y-su-proteccion\/#respond"]}]},{"@type":"WebPage","@id":"https:\/\/conducircolombia.com\/cea\/etica-prevencion-de-conflictos-y-comunicacion-usuarios-vulnerables-peatones-ciclistas-motociclistas-y-su-proteccion\/","url":"https:\/\/conducircolombia.com\/cea\/etica-prevencion-de-conflictos-y-comunicacion-usuarios-vulnerables-peatones-ciclistas-motociclistas-y-su-proteccion\/","name":"\u00c9tica, Prevenci\u00f3n de Conflictos y Comunicaci\u00f3n: Usuarios Vulnerables (Peatones, Ciclistas, Motociclistas) y su Protecci\u00f3n - Conducir Colombia","isPartOf":{"@id":"https:\/\/conducircolombia.com\/cea\/#website"},"datePublished":"2025-02-24T23:53:13+00:00","dateModified":"2025-02-24T23:54:53+00:00","breadcrumb":{"@id":"https:\/\/conducircolombia.com\/cea\/etica-prevencion-de-conflictos-y-comunicacion-usuarios-vulnerables-peatones-ciclistas-motociclistas-y-su-proteccion\/#breadcrumb"},"inLanguage":"es","potentialAction":[{"@type":"ReadAction","target":["https:\/\/conducircolombia.com\/cea\/etica-prevencion-de-conflictos-y-comunicacion-usuarios-vulnerables-peatones-ciclistas-motociclistas-y-su-proteccion\/"]}]},{"@type":"BreadcrumbList","@id":"https:\/\/conducircolombia.com\/cea\/etica-prevencion-de-conflictos-y-comunicacion-usuarios-vulnerables-peatones-ciclistas-motociclistas-y-su-proteccion\/#breadcrumb","itemListElement":[{"@type":"ListItem","position":1,"name":"Portada","item":"https:\/\/conducircolombia.com\/cea\/"},{"@type":"ListItem","position":2,"name":"\u00c9tica, Prevenci\u00f3n de Conflictos y Comunicaci\u00f3n: Usuarios Vulnerables (Peatones, Ciclistas, Motociclistas) y su Protecci\u00f3n"}]},{"@type":"WebSite","@id":"https:\/\/conducircolombia.com\/cea\/#website","url":"https:\/\/conducircolombia.com\/cea\/","name":"Conducir Colombia","description":"Academia de Conducci\u00f3n","publisher":{"@id":"https:\/\/conducircolombia.com\/cea\/#organization"},"potentialAction":[{"@type":"SearchAction","target":{"@type":"EntryPoint","urlTemplate":"https:\/\/conducircolombia.com\/cea\/?s={search_term_string}"},"query-input":{"@type":"PropertyValueSpecification","valueRequired":true,"valueName":"search_term_string"}}],"inLanguage":"es"},{"@type":"Organization","@id":"https:\/\/conducircolombia.com\/cea\/#organization","name":"Conducir Colombia","alternateName":"Conducir Colombia","url":"https:\/\/conducircolombia.com\/cea\/","logo":{"@type":"ImageObject","inLanguage":"es","@id":"https:\/\/conducircolombia.com\/cea\/#\/schema\/logo\/image\/","url":"https:\/\/conducircolombia.com\/cea\/wp-content\/uploads\/2025\/02\/logowp.jpg","contentUrl":"https:\/\/conducircolombia.com\/cea\/wp-content\/uploads\/2025\/02\/logowp.jpg","width":300,"height":299,"caption":"Conducir Colombia"},"image":{"@id":"https:\/\/conducircolombia.com\/cea\/#\/schema\/logo\/image\/"},"sameAs":["https:\/\/www.facebook.com\/ConducirColombiaBogota"]},{"@type":"Person","@id":"https:\/\/conducircolombia.com\/cea\/#\/schema\/person\/39f266f3357066ea02c614168ee5b0d2","name":"memo fichas","image":{"@type":"ImageObject","inLanguage":"es","@id":"https:\/\/conducircolombia.com\/cea\/#\/schema\/person\/image\/","url":"https:\/\/secure.gravatar.com\/avatar\/e1b894dfed71a479efeaf73bfb32c5e92c855e56311b32924ca240a9bcec68b2?s=96&d=mm&r=g","contentUrl":"https:\/\/secure.gravatar.com\/avatar\/e1b894dfed71a479efeaf73bfb32c5e92c855e56311b32924ca240a9bcec68b2?s=96&d=mm&r=g","caption":"memo fichas"},"url":"https:\/\/conducircolombia.com\/cea\/author\/conducir1\/"}]}},"_links":{"self":[{"href":"https:\/\/conducircolombia.com\/cea\/wp-json\/wp\/v2\/posts\/13201","targetHints":{"allow":["GET"]}}],"collection":[{"href":"https:\/\/conducircolombia.com\/cea\/wp-json\/wp\/v2\/posts"}],"about":[{"href":"https:\/\/conducircolombia.com\/cea\/wp-json\/wp\/v2\/types\/post"}],"author":[{"embeddable":true,"href":"https:\/\/conducircolombia.com\/cea\/wp-json\/wp\/v2\/users\/2"}],"replies":[{"embeddable":true,"href":"https:\/\/conducircolombia.com\/cea\/wp-json\/wp\/v2\/comments?post=13201"}],"version-history":[{"count":4,"href":"https:\/\/conducircolombia.com\/cea\/wp-json\/wp\/v2\/posts\/13201\/revisions"}],"predecessor-version":[{"id":13205,"href":"https:\/\/conducircolombia.com\/cea\/wp-json\/wp\/v2\/posts\/13201\/revisions\/13205"}],"wp:attachment":[{"href":"https:\/\/conducircolombia.com\/cea\/wp-json\/wp\/v2\/media?parent=13201"}],"wp:term":[{"taxonomy":"category","embeddable":true,"href":"https:\/\/conducircolombia.com\/cea\/wp-json\/wp\/v2\/categories?post=13201"},{"taxonomy":"post_tag","embeddable":true,"href":"https:\/\/conducircolombia.com\/cea\/wp-json\/wp\/v2\/tags?post=13201"}],"curies":[{"name":"wp","href":"https:\/\/api.w.org\/{rel}","templated":true}]}}