{"id":13303,"date":"2025-02-24T20:59:01","date_gmt":"2025-02-25T01:59:01","guid":{"rendered":"https:\/\/conducircolombia.com\/cea\/?p=13303"},"modified":"2025-02-24T21:00:03","modified_gmt":"2025-02-25T02:00:03","slug":"modulo-3-formacion-especifica-practica-dominio-tecnico-del-vehiculo-conduccion-en-condiciones-adversas-lluvia-neblina-baja-visibilidad","status":"publish","type":"post","link":"https:\/\/conducircolombia.com\/cea\/modulo-3-formacion-especifica-practica-dominio-tecnico-del-vehiculo-conduccion-en-condiciones-adversas-lluvia-neblina-baja-visibilidad\/","title":{"rendered":"M\u00f3dulo 3: Formaci\u00f3n Espec\u00edfica (Pr\u00e1ctica): Dominio T\u00e9cnico del Veh\u00edculo: Conducci\u00f3n en Condiciones Adversas (Lluvia, Neblina, Baja Visibilidad)"},"content":{"rendered":"\t\t<div data-elementor-type=\"wp-post\" data-elementor-id=\"13303\" class=\"elementor elementor-13303\">\n\t\t\t\t\t\t<section class=\"elementor-section elementor-top-section elementor-element elementor-element-ee0b7ba elementor-section-boxed elementor-section-height-default elementor-section-height-default\" data-id=\"ee0b7ba\" data-element_type=\"section\">\n\t\t\t\t\t\t<div class=\"elementor-container elementor-column-gap-default\">\n\t\t\t\t\t<div class=\"elementor-column elementor-col-100 elementor-top-column elementor-element elementor-element-a9dcba6\" data-id=\"a9dcba6\" data-element_type=\"column\">\n\t\t\t<div class=\"elementor-widget-wrap elementor-element-populated\">\n\t\t\t\t\t\t<div class=\"elementor-element elementor-element-be94d51 elementor-widget elementor-widget-text-editor\" data-id=\"be94d51\" data-element_type=\"widget\" data-widget_type=\"text-editor.default\">\n\t\t\t\t<div class=\"elementor-widget-container\">\n\t\t\t\t\t\t\t\t\t<h2 style=\"text-align: center;\">M\u00f3dulo 3: Formaci\u00f3n Espec\u00edfica (Pr\u00e1ctica): Dominio T\u00e9cnico del Veh\u00edculo: Conducci\u00f3n en Condiciones Adversas (Lluvia, Neblina, Baja Visibilidad)<\/h2>\t\t\t\t\t\t\t\t<\/div>\n\t\t\t\t<\/div>\n\t\t\t\t<div class=\"elementor-element elementor-element-c6f0a17 elementor-widget elementor-widget-text-editor\" data-id=\"c6f0a17\" data-element_type=\"widget\" data-widget_type=\"text-editor.default\">\n\t\t\t\t<div class=\"elementor-widget-container\">\n\t\t\t\t\t\t\t\t\t<div><h4><strong>1. Definici\u00f3n y Contexto<\/strong><\/h4><br \/><p class=\"break-words\">Dentro del <strong>M\u00f3dulo 3: Formaci\u00f3n Espec\u00edfica (Pr\u00e1ctica)<\/strong>, el apartado \u00abDominio T\u00e9cnico del Veh\u00edculo\u00bb incluye la <strong>conducci\u00f3n en condiciones adversas<\/strong> como una habilidad pr\u00e1ctica clave que los instructores deben ense\u00f1ar a los futuros conductores para manejar con seguridad bajo circunstancias desafiantes como:<\/p><br \/><ul><li style=\"list-style-type: none;\"><ul><li class=\"break-words\"><strong>Lluvia:<\/strong> Superficies resbaladizas y visibilidad reducida por agua.<\/li><\/ul><\/li><\/ul><br \/><ul><li style=\"list-style-type: none;\"><ul><li class=\"break-words\"><strong>Neblina:<\/strong> Visi\u00f3n limitada por densidad de niebla.<\/li><\/ul><\/li><\/ul><br \/><ul><li style=\"list-style-type: none;\"><ul><li class=\"break-words\"><strong>Baja Visibilidad:<\/strong> Condiciones nocturnas, polvo o luz insuficiente.<\/li><\/ul><\/li><\/ul><br \/><p class=\"break-words\">La resoluci\u00f3n enfatiza estas t\u00e9cnicas como esenciales para la formaci\u00f3n pr\u00e1ctica, destacando su rol en la prevenci\u00f3n de siniestros en entornos de riesgo, alineados con la meta de movilidad segura.<\/p><br \/><h4><strong>2. Importancia en la Formaci\u00f3n Vial<\/strong><\/h4><br \/><ul><li style=\"list-style-type: none;\"><ul><li class=\"break-words\"><strong>Seguridad:<\/strong> Las condiciones adversas aumentan el riesgo de accidentes (el ONSV reporta que la lluvia y la baja visibilidad est\u00e1n implicadas en el 15-20% de siniestros en Colombia).<\/li><\/ul><\/li><\/ul><br \/><ul><li style=\"list-style-type: none;\"><ul><li class=\"break-words\"><strong>Adaptabilidad:<\/strong> Prepara a los conductores para los climas variables y noches frecuentes en un pa\u00eds con m\u00e1s de 7,000 muertes viales anuales.<\/li><\/ul><\/li><\/ul><br \/><ul><li style=\"list-style-type: none;\"><ul><li class=\"break-words\"><strong>Control:<\/strong> Mejora la capacidad t\u00e9cnica para reaccionar ante superficies resbalosas o visi\u00f3n limitada, reduciendo colisiones.<\/li><\/ul><\/li><\/ul><br \/><h4><strong>3. Conducci\u00f3n en Lluvia<\/strong><\/h4><br \/><p class=\"break-words\">La lluvia plantea desaf\u00edos de tracci\u00f3n y visibilidad.<\/p><br \/><h5><strong>a) Caracter\u00edsticas<\/strong><\/h5><br \/><ul><li style=\"list-style-type: none;\"><ul><li class=\"break-words\">Carreteras mojadas, hidroplaneo, parabrisas empa\u00f1ado.<\/li><\/ul><\/li><\/ul><br \/><ul><li style=\"list-style-type: none;\"><ul><li class=\"break-words\">Riesgo de derrapes o colisiones por frenado inadecuado.<\/li><\/ul><\/li><\/ul><br \/><h5><strong>b) T\u00e9cnicas<\/strong><\/h5><br \/><ul><li style=\"list-style-type: none;\"><ul><li class=\"break-words\"><strong>Velocidad Reducida:<\/strong> Disminuir un 20-30% del l\u00edmite (ejemplo: 40 km\/h en zona de 60 km\/h).<\/li><\/ul><\/li><\/ul><br \/><ul><li style=\"list-style-type: none;\"><ul><li class=\"break-words\"><strong>Distancia Ampliada:<\/strong> 4-5 segundos detr\u00e1s del veh\u00edculo\u524d\u65b9 para mayor tiempo de reacci\u00f3n.<\/li><\/ul><\/li><\/ul><br \/><ul><li style=\"list-style-type: none;\"><ul><li class=\"break-words\"><strong>Frenado Suave:<\/strong> Usar freno motor (bajar marcha) y pisar progresivamente para evitar bloqueo.<\/li><\/ul><\/li><\/ul><br \/><ul><li style=\"list-style-type: none;\"><ul><li class=\"break-words\"><strong>Luces:<\/strong> Encender bajas y antiniebla (si aplica), limpiaparabrisas en marcha.<\/li><\/ul><\/li><\/ul><br \/><ul><li style=\"list-style-type: none;\"><ul><li class=\"break-words\"><strong>Evitar Hidroplaneo:<\/strong> Mantener neum\u00e1ticos con buen dibujo y reducir velocidad en charcos.<\/li><\/ul><\/li><\/ul><br \/><h5><strong>c) Ejemplo<\/strong><\/h5><br \/><ul><li style=\"list-style-type: none;\"><ul><li class=\"break-words\">Conducir a 30 km\/h en una v\u00eda urbana bajo lluvia, usando 2\u00aa marcha y luces bajas.<\/li><\/ul><\/li><\/ul><br \/><h4><strong>4. Conducci\u00f3n en Neblina<\/strong><\/h4><br \/><p class=\"break-words\">La neblina limita severamente la visibilidad.<\/p><br \/><h5><strong>a) Caracter\u00edsticas<\/strong><\/h5><br \/><ul><li style=\"list-style-type: none;\"><ul><li class=\"break-words\">Visi\u00f3n reducida a 50-100 metros o menos.<\/li><\/ul><\/li><\/ul><br \/><ul><li style=\"list-style-type: none;\"><ul><li class=\"break-words\">Riesgo de colisiones traseras o frontales por falta de percepci\u00f3n.<\/li><\/ul><\/li><\/ul><br \/><h5><strong>b) T\u00e9cnicas<\/strong><\/h5><br \/><ul><li style=\"list-style-type: none;\"><ul><li class=\"break-words\"><strong>Velocidad Muy Baja:<\/strong> 20-40 km\/h seg\u00fan densidad de la niebla.<\/li><\/ul><\/li><\/ul><br \/><ul><li style=\"list-style-type: none;\"><ul><li class=\"break-words\"><strong>Luces Antiniebla:<\/strong> Usarlas (delanteras y traseras) junto con bajas; evitar altas por reflejo.<\/li><\/ul><\/li><\/ul><br \/><ul><li style=\"list-style-type: none;\"><ul><li class=\"break-words\"><strong>Distancia Segura:<\/strong> 5-6 segundos de separaci\u00f3n o m\u00e1s.<\/li><\/ul><\/li><\/ul><br \/><ul><li style=\"list-style-type: none;\"><ul><li class=\"break-words\"><strong>Seguimiento de L\u00edneas:<\/strong> Usar l\u00edneas de carril como gu\u00eda si son visibles.<\/li><\/ul><\/li><\/ul><br \/><ul><li style=\"list-style-type: none;\"><ul><li class=\"break-words\"><strong>Parada Segura:<\/strong> Si la visibilidad es nula, detenerse fuera de la v\u00eda con luces de emergencia.<\/li><\/ul><\/li><\/ul><br \/><h5><strong>c) Ejemplo<\/strong><\/h5><br \/><ul><li style=\"list-style-type: none;\"><ul><li class=\"break-words\">Reducir a 25 km\/h en una carretera con neblina, siguiendo la l\u00ednea central con luces antiniebla.<\/li><\/ul><\/li><\/ul><br \/><h4><strong>5. Conducci\u00f3n en Baja Visibilidad<\/strong><\/h4><br \/><p class=\"break-words\">La baja visibilidad incluye noches, polvo o condiciones sin luz adecuada.<\/p><br \/><h5><strong>a) Caracter\u00edsticas<\/strong><\/h5><br \/><ul><li style=\"list-style-type: none;\"><ul><li class=\"break-words\">Visi\u00f3n limitada por oscuridad o part\u00edculas (polvo en v\u00edas rurales).<\/li><\/ul><\/li><\/ul><br \/><ul><li style=\"list-style-type: none;\"><ul><li class=\"break-words\">Riesgo de no detectar obst\u00e1culos o peatones.<\/li><\/ul><\/li><\/ul><br \/><h5><strong>b) T\u00e9cnicas<\/strong><\/h5><br \/><ul><li style=\"list-style-type: none;\"><ul><li class=\"break-words\"><strong>Luces Bajas:<\/strong> Obligatorias d\u00eda y noche en Colombia (Art. 92, Ley 769), ajustarlas al tr\u00e1fico.<\/li><\/ul><\/li><\/ul><br \/><ul><li style=\"list-style-type: none;\"><ul><li class=\"break-words\"><strong>Velocidad Moderada:<\/strong> 50-70 km\/h en carretera nocturna, menos si hay polvo.<\/li><\/ul><\/li><\/ul><br \/><ul><li style=\"list-style-type: none;\"><ul><li class=\"break-words\"><strong>Escaneo Activo:<\/strong> Mirar adelante 10-15 segundos, revisar espejos cada 5-8 segundos.<\/li><\/ul><\/li><\/ul><br \/><ul><li style=\"list-style-type: none;\"><ul><li class=\"break-words\"><strong>Atenci\u00f3n a Reflectivos:<\/strong> Usar se\u00f1ales o chalecos de otros como gu\u00eda.<\/li><\/ul><\/li><\/ul><br \/><ul><li style=\"list-style-type: none;\"><ul><li class=\"break-words\"><strong>Fatiga:<\/strong> Evitar conducir cansado; pausas si hay somnolencia.<\/li><\/ul><\/li><\/ul><br \/><h5><strong>c) Ejemplo<\/strong><\/h5><br \/><ul><li style=\"list-style-type: none;\"><ul><li class=\"break-words\">Conducir a 60 km\/h de noche en carretera, usando luces bajas y vigilando peatones con reflectivos.<\/li><\/ul><\/li><\/ul><br \/><h4><strong>6. Estrategias Pedag\u00f3gicas<\/strong><\/h4><br \/><p class=\"break-words\">El instructor puede emplear estas estrategias para ense\u00f1ar este tema:<\/p><br \/><h5><strong>a) Explicaci\u00f3n Te\u00f3rica<\/strong><\/h5><br \/><ul><li style=\"list-style-type: none;\"><ul><li class=\"break-words\"><strong>M\u00e9todo:<\/strong> Describir efectos de cada condici\u00f3n con datos del ONSV.<\/li><\/ul><\/li><\/ul><br \/><ul><li style=\"list-style-type: none;\"><ul><li class=\"break-words\"><strong>Ejemplo:<\/strong> \u00abLa lluvia duplica la distancia de frenado; vean este video.\u00bb<\/li><\/ul><\/li><\/ul><br \/><h5><strong>b) Simulaci\u00f3n<\/strong><\/h5><br \/><ul><li style=\"list-style-type: none;\"><ul><li class=\"break-words\"><strong>M\u00e9todo:<\/strong> Usar simuladores para practicar lluvia, neblina y noche.<\/li><\/ul><\/li><\/ul><br \/><ul><li style=\"list-style-type: none;\"><ul><li class=\"break-words\"><strong>Ejemplo:<\/strong> Simular un derrape en lluvia y ajustar velocidad.<\/li><\/ul><\/li><\/ul><br \/><h5><strong>c) Pr\u00e1ctica Controlada<\/strong><\/h5><br \/><ul><li style=\"list-style-type: none;\"><ul><li class=\"break-words\"><strong>M\u00e9todo:<\/strong> Conducir en v\u00eda con condiciones simuladas (agua rociada, luces bajas).<\/li><\/ul><\/li><\/ul><br \/><ul><li style=\"list-style-type: none;\"><ul><li class=\"break-words\"><strong>Ejemplo:<\/strong> Practicar frenado en mojado con doble comando.<\/li><\/ul><\/li><\/ul><br \/><h5><strong>d) An\u00e1lisis de Riesgos<\/strong><\/h5><br \/><ul><li style=\"list-style-type: none;\"><ul><li class=\"break-words\"><strong>M\u00e9todo:<\/strong> Revisar siniestros reales por condiciones adversas.<\/li><\/ul><\/li><\/ul><br \/><ul><li style=\"list-style-type: none;\"><ul><li class=\"break-words\"><strong>Ejemplo:<\/strong> \u00abChoque en neblina por velocidad; \u00bfc\u00f3mo lo prevenimos?\u00bb<\/li><\/ul><\/li><\/ul><br \/><h4><strong>7. Ejemplo Pr\u00e1ctico<\/strong><\/h4><br \/><p class=\"break-words\">Un instructor forma a un grupo para la categor\u00eda B1 (autom\u00f3viles particulares) en Cali:<\/p><br \/><ul><li style=\"list-style-type: none;\"><ul><li class=\"break-words\"><strong>Tema:<\/strong> Conducci\u00f3n en condiciones adversas.<\/li><\/ul><\/li><\/ul><br \/><ul><li style=\"list-style-type: none;\"><ul><li class=\"break-words\"><strong>Estrategia:<\/strong><ol><li style=\"list-style-type: none;\"><ol><li class=\"break-words\"><strong>Teor\u00eda:<\/strong> Explica t\u00e9cnicas con video de lluvia y neblina (15 min).<\/li><\/ol><\/li><\/ol><br \/><ol><li style=\"list-style-type: none;\"><ol><li class=\"break-words\"><strong>Simulaci\u00f3n:<\/strong> Practicar frenado en lluvia y neblina en simulador (30 min).<\/li><\/ol><\/li><\/ol><br \/><ol><li style=\"list-style-type: none;\"><ol><li class=\"break-words\"><strong>Pr\u00e1ctica:<\/strong> Conducir de noche en v\u00eda con luces bajas (20 min).<\/li><\/ol><\/li><\/ol><\/li><\/ul><\/li><\/ul><br \/><ul><li style=\"list-style-type: none;\"><ul><li class=\"break-words\"><strong>Resultado:<\/strong> Los aprendices manejan con seguridad bajo lluvia, neblina y baja visibilidad.<\/li><\/ul><\/li><\/ul><br \/><h4><strong>8. Relevancia en el Contexto Colombiano<\/strong><\/h4><br \/><ul><li style=\"list-style-type: none;\"><ul><li class=\"break-words\"><strong>Clima:<\/strong> Lluvias frecuentes (zonas tropicales) y neblina en monta\u00f1as (Andes) son comunes.<\/li><\/ul><\/li><\/ul><br \/><ul><li style=\"list-style-type: none;\"><ul><li class=\"break-words\"><strong>Visibilidad:<\/strong> Noches sin iluminaci\u00f3n en carreteras rurales y polvo en llanos exigen adaptaci\u00f3n.<\/li><\/ul><\/li><\/ul><br \/><ul><li style=\"list-style-type: none;\"><ul><li class=\"break-words\"><strong>Siniestralidad:<\/strong> Condiciones adversas agravan las 7,000+ muertes anuales (ONSV).<\/li><\/ul><\/li><\/ul><br \/><h4><strong>9. Conclusi\u00f3n<\/strong><\/h4><br \/><p class=\"break-words\">La conducci\u00f3n en condiciones adversas como lluvia, neblina y baja visibilidad requiere un dominio t\u00e9cnico avanzado. El instructor, al ense\u00f1ar estas t\u00e9cnicas, prepara a los conductores para enfrentar desaf\u00edos clim\u00e1ticos y de visibilidad con seguridad. En Colombia, donde estas condiciones son habituales, esta formaci\u00f3n es crucial para una movilidad resiliente y responsable.<\/p><\/div>\t\t\t\t\t\t\t\t<\/div>\n\t\t\t\t<\/div>\n\t\t\t\t\t<\/div>\n\t\t<\/div>\n\t\t\t\t\t<\/div>\n\t\t<\/section>\n\t\t\t\t<\/div>\n\t\t","protected":false},"excerpt":{"rendered":"<p>M\u00f3dulo 3: Formaci\u00f3n Espec\u00edfica (Pr\u00e1ctica): Dominio T\u00e9cnico del Veh\u00edculo: Conducci\u00f3n en Condiciones Adversas (Lluvia, Neblina, Baja Visibilidad) 1. Definici\u00f3n y [&hellip;]<\/p>\n","protected":false},"author":2,"featured_media":0,"comment_status":"open","ping_status":"open","sticky":false,"template":"elementor_canvas","format":"standard","meta":{"site-sidebar-layout":"default","site-content-layout":"","ast-site-content-layout":"default","site-content-style":"default","site-sidebar-style":"default","ast-global-header-display":"","ast-banner-title-visibility":"","ast-main-header-display":"","ast-hfb-above-header-display":"","ast-hfb-below-header-display":"","ast-hfb-mobile-header-display":"","site-post-title":"","ast-breadcrumbs-content":"","ast-featured-img":"","footer-sml-layout":"","theme-transparent-header-meta":"","adv-header-id-meta":"","stick-header-meta":"","header-above-stick-meta":"","header-main-stick-meta":"","header-below-stick-meta":"","astra-migrate-meta-layouts":"set","ast-page-background-enabled":"default","ast-page-background-meta":{"desktop":{"background-color":"var(--ast-global-color-4)","background-image":"","background-repeat":"repeat","background-position":"center center","background-size":"auto","background-attachment":"scroll","background-type":"","background-media":"","overlay-type":"","overlay-color":"","overlay-opacity":"","overlay-gradient":""},"tablet":{"background-color":"","background-image":"","background-repeat":"repeat","background-position":"center center","background-size":"auto","background-attachment":"scroll","background-type":"","background-media":"","overlay-type":"","overlay-color":"","overlay-opacity":"","overlay-gradient":""},"mobile":{"background-color":"","background-image":"","background-repeat":"repeat","background-position":"center center","background-size":"auto","background-attachment":"scroll","background-type":"","background-media":"","overlay-type":"","overlay-color":"","overlay-opacity":"","overlay-gradient":""}},"ast-content-background-meta":{"desktop":{"background-color":"var(--ast-global-color-5)","background-image":"","background-repeat":"repeat","background-position":"center center","background-size":"auto","background-attachment":"scroll","background-type":"","background-media":"","overlay-type":"","overlay-color":"","overlay-opacity":"","overlay-gradient":""},"tablet":{"background-color":"var(--ast-global-color-5)","background-image":"","background-repeat":"repeat","background-position":"center center","background-size":"auto","background-attachment":"scroll","background-type":"","background-media":"","overlay-type":"","overlay-color":"","overlay-opacity":"","overlay-gradient":""},"mobile":{"background-color":"var(--ast-global-color-5)","background-image":"","background-repeat":"repeat","background-position":"center center","background-size":"auto","background-attachment":"scroll","background-type":"","background-media":"","overlay-type":"","overlay-color":"","overlay-opacity":"","overlay-gradient":""}},"footnotes":""},"categories":[25],"tags":[],"class_list":["post-13303","post","type-post","status-publish","format-standard","hentry","category-curso-instructores"],"yoast_head":"<!-- This site is optimized with the Yoast SEO plugin v26.4 - https:\/\/yoast.com\/wordpress\/plugins\/seo\/ -->\n<title>M\u00f3dulo 3: Formaci\u00f3n Espec\u00edfica (Pr\u00e1ctica): Dominio T\u00e9cnico del Veh\u00edculo: Conducci\u00f3n en Condiciones Adversas (Lluvia, Neblina, Baja Visibilidad) - Conducir Colombia<\/title>\n<meta name=\"robots\" content=\"index, follow, max-snippet:-1, max-image-preview:large, max-video-preview:-1\" \/>\n<link rel=\"canonical\" href=\"https:\/\/conducircolombia.com\/cea\/modulo-3-formacion-especifica-practica-dominio-tecnico-del-vehiculo-conduccion-en-condiciones-adversas-lluvia-neblina-baja-visibilidad\/\" \/>\n<meta property=\"og:locale\" content=\"es_ES\" \/>\n<meta property=\"og:type\" content=\"article\" \/>\n<meta property=\"og:title\" content=\"M\u00f3dulo 3: Formaci\u00f3n Espec\u00edfica (Pr\u00e1ctica): Dominio T\u00e9cnico del Veh\u00edculo: Conducci\u00f3n en Condiciones Adversas (Lluvia, Neblina, Baja Visibilidad) - Conducir Colombia\" \/>\n<meta property=\"og:description\" content=\"M\u00f3dulo 3: Formaci\u00f3n Espec\u00edfica (Pr\u00e1ctica): Dominio T\u00e9cnico del Veh\u00edculo: Conducci\u00f3n en Condiciones Adversas (Lluvia, Neblina, Baja Visibilidad) 1. Definici\u00f3n y [&hellip;]\" \/>\n<meta property=\"og:url\" content=\"https:\/\/conducircolombia.com\/cea\/modulo-3-formacion-especifica-practica-dominio-tecnico-del-vehiculo-conduccion-en-condiciones-adversas-lluvia-neblina-baja-visibilidad\/\" \/>\n<meta property=\"og:site_name\" content=\"Conducir Colombia\" \/>\n<meta property=\"article:publisher\" content=\"https:\/\/www.facebook.com\/ConducirColombiaBogota\" \/>\n<meta property=\"article:published_time\" content=\"2025-02-25T01:59:01+00:00\" \/>\n<meta property=\"article:modified_time\" content=\"2025-02-25T02:00:03+00:00\" \/>\n<meta property=\"og:image\" content=\"https:\/\/conducircolombia.com\/cea\/wp-content\/uploads\/2025\/02\/logo1000.webp\" \/>\n\t<meta property=\"og:image:width\" content=\"1000\" \/>\n\t<meta property=\"og:image:height\" content=\"201\" \/>\n\t<meta property=\"og:image:type\" content=\"image\/webp\" \/>\n<meta name=\"author\" content=\"memo fichas\" \/>\n<meta name=\"twitter:card\" content=\"summary_large_image\" \/>\n<meta name=\"twitter:label1\" content=\"Escrito por\" \/>\n\t<meta name=\"twitter:data1\" content=\"memo fichas\" \/>\n\t<meta name=\"twitter:label2\" content=\"Tiempo de lectura\" \/>\n\t<meta name=\"twitter:data2\" content=\"4 minutos\" \/>\n<script type=\"application\/ld+json\" class=\"yoast-schema-graph\">{\"@context\":\"https:\/\/schema.org\",\"@graph\":[{\"@type\":\"Article\",\"@id\":\"https:\/\/conducircolombia.com\/cea\/modulo-3-formacion-especifica-practica-dominio-tecnico-del-vehiculo-conduccion-en-condiciones-adversas-lluvia-neblina-baja-visibilidad\/#article\",\"isPartOf\":{\"@id\":\"https:\/\/conducircolombia.com\/cea\/modulo-3-formacion-especifica-practica-dominio-tecnico-del-vehiculo-conduccion-en-condiciones-adversas-lluvia-neblina-baja-visibilidad\/\"},\"author\":{\"name\":\"memo fichas\",\"@id\":\"https:\/\/conducircolombia.com\/cea\/#\/schema\/person\/39f266f3357066ea02c614168ee5b0d2\"},\"headline\":\"M\u00f3dulo 3: Formaci\u00f3n Espec\u00edfica (Pr\u00e1ctica): Dominio T\u00e9cnico del Veh\u00edculo: Conducci\u00f3n en Condiciones Adversas (Lluvia, Neblina, Baja Visibilidad)\",\"datePublished\":\"2025-02-25T01:59:01+00:00\",\"dateModified\":\"2025-02-25T02:00:03+00:00\",\"mainEntityOfPage\":{\"@id\":\"https:\/\/conducircolombia.com\/cea\/modulo-3-formacion-especifica-practica-dominio-tecnico-del-vehiculo-conduccion-en-condiciones-adversas-lluvia-neblina-baja-visibilidad\/\"},\"wordCount\":881,\"commentCount\":0,\"publisher\":{\"@id\":\"https:\/\/conducircolombia.com\/cea\/#organization\"},\"articleSection\":[\"Curso Instructores\"],\"inLanguage\":\"es\",\"potentialAction\":[{\"@type\":\"CommentAction\",\"name\":\"Comment\",\"target\":[\"https:\/\/conducircolombia.com\/cea\/modulo-3-formacion-especifica-practica-dominio-tecnico-del-vehiculo-conduccion-en-condiciones-adversas-lluvia-neblina-baja-visibilidad\/#respond\"]}]},{\"@type\":\"WebPage\",\"@id\":\"https:\/\/conducircolombia.com\/cea\/modulo-3-formacion-especifica-practica-dominio-tecnico-del-vehiculo-conduccion-en-condiciones-adversas-lluvia-neblina-baja-visibilidad\/\",\"url\":\"https:\/\/conducircolombia.com\/cea\/modulo-3-formacion-especifica-practica-dominio-tecnico-del-vehiculo-conduccion-en-condiciones-adversas-lluvia-neblina-baja-visibilidad\/\",\"name\":\"M\u00f3dulo 3: Formaci\u00f3n Espec\u00edfica (Pr\u00e1ctica): Dominio T\u00e9cnico del Veh\u00edculo: Conducci\u00f3n en Condiciones Adversas (Lluvia, Neblina, Baja Visibilidad) - Conducir Colombia\",\"isPartOf\":{\"@id\":\"https:\/\/conducircolombia.com\/cea\/#website\"},\"datePublished\":\"2025-02-25T01:59:01+00:00\",\"dateModified\":\"2025-02-25T02:00:03+00:00\",\"breadcrumb\":{\"@id\":\"https:\/\/conducircolombia.com\/cea\/modulo-3-formacion-especifica-practica-dominio-tecnico-del-vehiculo-conduccion-en-condiciones-adversas-lluvia-neblina-baja-visibilidad\/#breadcrumb\"},\"inLanguage\":\"es\",\"potentialAction\":[{\"@type\":\"ReadAction\",\"target\":[\"https:\/\/conducircolombia.com\/cea\/modulo-3-formacion-especifica-practica-dominio-tecnico-del-vehiculo-conduccion-en-condiciones-adversas-lluvia-neblina-baja-visibilidad\/\"]}]},{\"@type\":\"BreadcrumbList\",\"@id\":\"https:\/\/conducircolombia.com\/cea\/modulo-3-formacion-especifica-practica-dominio-tecnico-del-vehiculo-conduccion-en-condiciones-adversas-lluvia-neblina-baja-visibilidad\/#breadcrumb\",\"itemListElement\":[{\"@type\":\"ListItem\",\"position\":1,\"name\":\"Portada\",\"item\":\"https:\/\/conducircolombia.com\/cea\/\"},{\"@type\":\"ListItem\",\"position\":2,\"name\":\"M\u00f3dulo 3: Formaci\u00f3n Espec\u00edfica (Pr\u00e1ctica): Dominio T\u00e9cnico del Veh\u00edculo: Conducci\u00f3n en Condiciones Adversas (Lluvia, Neblina, Baja Visibilidad)\"}]},{\"@type\":\"WebSite\",\"@id\":\"https:\/\/conducircolombia.com\/cea\/#website\",\"url\":\"https:\/\/conducircolombia.com\/cea\/\",\"name\":\"Conducir Colombia\",\"description\":\"Academia de Conducci\u00f3n\",\"publisher\":{\"@id\":\"https:\/\/conducircolombia.com\/cea\/#organization\"},\"potentialAction\":[{\"@type\":\"SearchAction\",\"target\":{\"@type\":\"EntryPoint\",\"urlTemplate\":\"https:\/\/conducircolombia.com\/cea\/?s={search_term_string}\"},\"query-input\":{\"@type\":\"PropertyValueSpecification\",\"valueRequired\":true,\"valueName\":\"search_term_string\"}}],\"inLanguage\":\"es\"},{\"@type\":\"Organization\",\"@id\":\"https:\/\/conducircolombia.com\/cea\/#organization\",\"name\":\"Conducir Colombia\",\"alternateName\":\"Conducir Colombia\",\"url\":\"https:\/\/conducircolombia.com\/cea\/\",\"logo\":{\"@type\":\"ImageObject\",\"inLanguage\":\"es\",\"@id\":\"https:\/\/conducircolombia.com\/cea\/#\/schema\/logo\/image\/\",\"url\":\"https:\/\/conducircolombia.com\/cea\/wp-content\/uploads\/2025\/02\/logowp.jpg\",\"contentUrl\":\"https:\/\/conducircolombia.com\/cea\/wp-content\/uploads\/2025\/02\/logowp.jpg\",\"width\":300,\"height\":299,\"caption\":\"Conducir Colombia\"},\"image\":{\"@id\":\"https:\/\/conducircolombia.com\/cea\/#\/schema\/logo\/image\/\"},\"sameAs\":[\"https:\/\/www.facebook.com\/ConducirColombiaBogota\"]},{\"@type\":\"Person\",\"@id\":\"https:\/\/conducircolombia.com\/cea\/#\/schema\/person\/39f266f3357066ea02c614168ee5b0d2\",\"name\":\"memo fichas\",\"image\":{\"@type\":\"ImageObject\",\"inLanguage\":\"es\",\"@id\":\"https:\/\/conducircolombia.com\/cea\/#\/schema\/person\/image\/\",\"url\":\"https:\/\/secure.gravatar.com\/avatar\/e1b894dfed71a479efeaf73bfb32c5e92c855e56311b32924ca240a9bcec68b2?s=96&d=mm&r=g\",\"contentUrl\":\"https:\/\/secure.gravatar.com\/avatar\/e1b894dfed71a479efeaf73bfb32c5e92c855e56311b32924ca240a9bcec68b2?s=96&d=mm&r=g\",\"caption\":\"memo fichas\"},\"url\":\"https:\/\/conducircolombia.com\/cea\/author\/conducir1\/\"}]}<\/script>\n<!-- \/ Yoast SEO plugin. -->","yoast_head_json":{"title":"M\u00f3dulo 3: Formaci\u00f3n Espec\u00edfica (Pr\u00e1ctica): Dominio T\u00e9cnico del Veh\u00edculo: Conducci\u00f3n en Condiciones Adversas (Lluvia, Neblina, Baja Visibilidad) - Conducir Colombia","robots":{"index":"index","follow":"follow","max-snippet":"max-snippet:-1","max-image-preview":"max-image-preview:large","max-video-preview":"max-video-preview:-1"},"canonical":"https:\/\/conducircolombia.com\/cea\/modulo-3-formacion-especifica-practica-dominio-tecnico-del-vehiculo-conduccion-en-condiciones-adversas-lluvia-neblina-baja-visibilidad\/","og_locale":"es_ES","og_type":"article","og_title":"M\u00f3dulo 3: Formaci\u00f3n Espec\u00edfica (Pr\u00e1ctica): Dominio T\u00e9cnico del Veh\u00edculo: Conducci\u00f3n en Condiciones Adversas (Lluvia, Neblina, Baja Visibilidad) - Conducir Colombia","og_description":"M\u00f3dulo 3: Formaci\u00f3n Espec\u00edfica (Pr\u00e1ctica): Dominio T\u00e9cnico del Veh\u00edculo: Conducci\u00f3n en Condiciones Adversas (Lluvia, Neblina, Baja Visibilidad) 1. Definici\u00f3n y [&hellip;]","og_url":"https:\/\/conducircolombia.com\/cea\/modulo-3-formacion-especifica-practica-dominio-tecnico-del-vehiculo-conduccion-en-condiciones-adversas-lluvia-neblina-baja-visibilidad\/","og_site_name":"Conducir Colombia","article_publisher":"https:\/\/www.facebook.com\/ConducirColombiaBogota","article_published_time":"2025-02-25T01:59:01+00:00","article_modified_time":"2025-02-25T02:00:03+00:00","og_image":[{"width":1000,"height":201,"url":"https:\/\/conducircolombia.com\/cea\/wp-content\/uploads\/2025\/02\/logo1000.webp","type":"image\/webp"}],"author":"memo fichas","twitter_card":"summary_large_image","twitter_misc":{"Escrito por":"memo fichas","Tiempo de lectura":"4 minutos"},"schema":{"@context":"https:\/\/schema.org","@graph":[{"@type":"Article","@id":"https:\/\/conducircolombia.com\/cea\/modulo-3-formacion-especifica-practica-dominio-tecnico-del-vehiculo-conduccion-en-condiciones-adversas-lluvia-neblina-baja-visibilidad\/#article","isPartOf":{"@id":"https:\/\/conducircolombia.com\/cea\/modulo-3-formacion-especifica-practica-dominio-tecnico-del-vehiculo-conduccion-en-condiciones-adversas-lluvia-neblina-baja-visibilidad\/"},"author":{"name":"memo fichas","@id":"https:\/\/conducircolombia.com\/cea\/#\/schema\/person\/39f266f3357066ea02c614168ee5b0d2"},"headline":"M\u00f3dulo 3: Formaci\u00f3n Espec\u00edfica (Pr\u00e1ctica): Dominio T\u00e9cnico del Veh\u00edculo: Conducci\u00f3n en Condiciones Adversas (Lluvia, Neblina, Baja Visibilidad)","datePublished":"2025-02-25T01:59:01+00:00","dateModified":"2025-02-25T02:00:03+00:00","mainEntityOfPage":{"@id":"https:\/\/conducircolombia.com\/cea\/modulo-3-formacion-especifica-practica-dominio-tecnico-del-vehiculo-conduccion-en-condiciones-adversas-lluvia-neblina-baja-visibilidad\/"},"wordCount":881,"commentCount":0,"publisher":{"@id":"https:\/\/conducircolombia.com\/cea\/#organization"},"articleSection":["Curso Instructores"],"inLanguage":"es","potentialAction":[{"@type":"CommentAction","name":"Comment","target":["https:\/\/conducircolombia.com\/cea\/modulo-3-formacion-especifica-practica-dominio-tecnico-del-vehiculo-conduccion-en-condiciones-adversas-lluvia-neblina-baja-visibilidad\/#respond"]}]},{"@type":"WebPage","@id":"https:\/\/conducircolombia.com\/cea\/modulo-3-formacion-especifica-practica-dominio-tecnico-del-vehiculo-conduccion-en-condiciones-adversas-lluvia-neblina-baja-visibilidad\/","url":"https:\/\/conducircolombia.com\/cea\/modulo-3-formacion-especifica-practica-dominio-tecnico-del-vehiculo-conduccion-en-condiciones-adversas-lluvia-neblina-baja-visibilidad\/","name":"M\u00f3dulo 3: Formaci\u00f3n Espec\u00edfica (Pr\u00e1ctica): Dominio T\u00e9cnico del Veh\u00edculo: Conducci\u00f3n en Condiciones Adversas (Lluvia, Neblina, Baja Visibilidad) - Conducir Colombia","isPartOf":{"@id":"https:\/\/conducircolombia.com\/cea\/#website"},"datePublished":"2025-02-25T01:59:01+00:00","dateModified":"2025-02-25T02:00:03+00:00","breadcrumb":{"@id":"https:\/\/conducircolombia.com\/cea\/modulo-3-formacion-especifica-practica-dominio-tecnico-del-vehiculo-conduccion-en-condiciones-adversas-lluvia-neblina-baja-visibilidad\/#breadcrumb"},"inLanguage":"es","potentialAction":[{"@type":"ReadAction","target":["https:\/\/conducircolombia.com\/cea\/modulo-3-formacion-especifica-practica-dominio-tecnico-del-vehiculo-conduccion-en-condiciones-adversas-lluvia-neblina-baja-visibilidad\/"]}]},{"@type":"BreadcrumbList","@id":"https:\/\/conducircolombia.com\/cea\/modulo-3-formacion-especifica-practica-dominio-tecnico-del-vehiculo-conduccion-en-condiciones-adversas-lluvia-neblina-baja-visibilidad\/#breadcrumb","itemListElement":[{"@type":"ListItem","position":1,"name":"Portada","item":"https:\/\/conducircolombia.com\/cea\/"},{"@type":"ListItem","position":2,"name":"M\u00f3dulo 3: Formaci\u00f3n Espec\u00edfica (Pr\u00e1ctica): Dominio T\u00e9cnico del Veh\u00edculo: Conducci\u00f3n en Condiciones Adversas (Lluvia, Neblina, Baja Visibilidad)"}]},{"@type":"WebSite","@id":"https:\/\/conducircolombia.com\/cea\/#website","url":"https:\/\/conducircolombia.com\/cea\/","name":"Conducir Colombia","description":"Academia de Conducci\u00f3n","publisher":{"@id":"https:\/\/conducircolombia.com\/cea\/#organization"},"potentialAction":[{"@type":"SearchAction","target":{"@type":"EntryPoint","urlTemplate":"https:\/\/conducircolombia.com\/cea\/?s={search_term_string}"},"query-input":{"@type":"PropertyValueSpecification","valueRequired":true,"valueName":"search_term_string"}}],"inLanguage":"es"},{"@type":"Organization","@id":"https:\/\/conducircolombia.com\/cea\/#organization","name":"Conducir Colombia","alternateName":"Conducir Colombia","url":"https:\/\/conducircolombia.com\/cea\/","logo":{"@type":"ImageObject","inLanguage":"es","@id":"https:\/\/conducircolombia.com\/cea\/#\/schema\/logo\/image\/","url":"https:\/\/conducircolombia.com\/cea\/wp-content\/uploads\/2025\/02\/logowp.jpg","contentUrl":"https:\/\/conducircolombia.com\/cea\/wp-content\/uploads\/2025\/02\/logowp.jpg","width":300,"height":299,"caption":"Conducir Colombia"},"image":{"@id":"https:\/\/conducircolombia.com\/cea\/#\/schema\/logo\/image\/"},"sameAs":["https:\/\/www.facebook.com\/ConducirColombiaBogota"]},{"@type":"Person","@id":"https:\/\/conducircolombia.com\/cea\/#\/schema\/person\/39f266f3357066ea02c614168ee5b0d2","name":"memo fichas","image":{"@type":"ImageObject","inLanguage":"es","@id":"https:\/\/conducircolombia.com\/cea\/#\/schema\/person\/image\/","url":"https:\/\/secure.gravatar.com\/avatar\/e1b894dfed71a479efeaf73bfb32c5e92c855e56311b32924ca240a9bcec68b2?s=96&d=mm&r=g","contentUrl":"https:\/\/secure.gravatar.com\/avatar\/e1b894dfed71a479efeaf73bfb32c5e92c855e56311b32924ca240a9bcec68b2?s=96&d=mm&r=g","caption":"memo fichas"},"url":"https:\/\/conducircolombia.com\/cea\/author\/conducir1\/"}]}},"_links":{"self":[{"href":"https:\/\/conducircolombia.com\/cea\/wp-json\/wp\/v2\/posts\/13303","targetHints":{"allow":["GET"]}}],"collection":[{"href":"https:\/\/conducircolombia.com\/cea\/wp-json\/wp\/v2\/posts"}],"about":[{"href":"https:\/\/conducircolombia.com\/cea\/wp-json\/wp\/v2\/types\/post"}],"author":[{"embeddable":true,"href":"https:\/\/conducircolombia.com\/cea\/wp-json\/wp\/v2\/users\/2"}],"replies":[{"embeddable":true,"href":"https:\/\/conducircolombia.com\/cea\/wp-json\/wp\/v2\/comments?post=13303"}],"version-history":[{"count":4,"href":"https:\/\/conducircolombia.com\/cea\/wp-json\/wp\/v2\/posts\/13303\/revisions"}],"predecessor-version":[{"id":13307,"href":"https:\/\/conducircolombia.com\/cea\/wp-json\/wp\/v2\/posts\/13303\/revisions\/13307"}],"wp:attachment":[{"href":"https:\/\/conducircolombia.com\/cea\/wp-json\/wp\/v2\/media?parent=13303"}],"wp:term":[{"taxonomy":"category","embeddable":true,"href":"https:\/\/conducircolombia.com\/cea\/wp-json\/wp\/v2\/categories?post=13303"},{"taxonomy":"post_tag","embeddable":true,"href":"https:\/\/conducircolombia.com\/cea\/wp-json\/wp\/v2\/tags?post=13303"}],"curies":[{"name":"wp","href":"https:\/\/api.w.org\/{rel}","templated":true}]}}