{"id":13308,"date":"2025-02-24T21:02:10","date_gmt":"2025-02-25T02:02:10","guid":{"rendered":"https:\/\/conducircolombia.com\/cea\/?p=13308"},"modified":"2025-02-24T21:03:30","modified_gmt":"2025-02-25T02:03:30","slug":"modulo-3-formacion-especifica-practica-dominio-tecnico-del-vehiculo-uso-de-senales-luminosas-corporales-y-acusticas","status":"publish","type":"post","link":"https:\/\/conducircolombia.com\/cea\/modulo-3-formacion-especifica-practica-dominio-tecnico-del-vehiculo-uso-de-senales-luminosas-corporales-y-acusticas\/","title":{"rendered":"M\u00f3dulo 3: Formaci\u00f3n Espec\u00edfica (Pr\u00e1ctica): Dominio T\u00e9cnico del Veh\u00edculo: Uso de Se\u00f1ales Luminosas, Corporales y Ac\u00fasticas"},"content":{"rendered":"\t\t<div data-elementor-type=\"wp-post\" data-elementor-id=\"13308\" class=\"elementor elementor-13308\">\n\t\t\t\t\t\t<section class=\"elementor-section elementor-top-section elementor-element elementor-element-9a938fc elementor-section-boxed elementor-section-height-default elementor-section-height-default\" data-id=\"9a938fc\" data-element_type=\"section\">\n\t\t\t\t\t\t<div class=\"elementor-container elementor-column-gap-default\">\n\t\t\t\t\t<div class=\"elementor-column elementor-col-100 elementor-top-column elementor-element elementor-element-5a6963b\" data-id=\"5a6963b\" data-element_type=\"column\">\n\t\t\t<div class=\"elementor-widget-wrap elementor-element-populated\">\n\t\t\t\t\t\t<div class=\"elementor-element elementor-element-840ff93 elementor-widget elementor-widget-text-editor\" data-id=\"840ff93\" data-element_type=\"widget\" data-widget_type=\"text-editor.default\">\n\t\t\t\t<div class=\"elementor-widget-container\">\n\t\t\t\t\t\t\t\t\t<h2 style=\"text-align: center;\">M\u00f3dulo 3: Formaci\u00f3n Espec\u00edfica (Pr\u00e1ctica): Dominio T\u00e9cnico del Veh\u00edculo: Uso de Se\u00f1ales Luminosas, Corporales y Ac\u00fasticas<\/h2>\t\t\t\t\t\t\t\t<\/div>\n\t\t\t\t<\/div>\n\t\t\t\t<div class=\"elementor-element elementor-element-bf53d42 elementor-widget elementor-widget-text-editor\" data-id=\"bf53d42\" data-element_type=\"widget\" data-widget_type=\"text-editor.default\">\n\t\t\t\t<div class=\"elementor-widget-container\">\n\t\t\t\t\t\t\t\t\t<div><h4><strong>1. Definici\u00f3n y Contexto<\/strong><\/h4><br \/><p class=\"break-words\">Dentro del <strong>M\u00f3dulo 3: Formaci\u00f3n Espec\u00edfica (Pr\u00e1ctica)<\/strong>, el apartado \u00abDominio T\u00e9cnico del Veh\u00edculo\u00bb incluye el <strong>uso de se\u00f1ales luminosas, corporales y ac\u00fasticas<\/strong> como habilidades pr\u00e1cticas esenciales que los instructores deben ense\u00f1ar a los futuros conductores para comunicarse eficazmente en la v\u00eda. Estas se\u00f1ales son:<\/p><br \/><ul><li style=\"list-style-type: none;\"><ul><li class=\"break-words\"><strong>Se\u00f1ales Luminosas:<\/strong> Luces del veh\u00edculo (direccionales, freno, bajas) para indicar intenciones o alertar.<\/li><\/ul><\/li><\/ul><br \/><ul><li style=\"list-style-type: none;\"><ul><li class=\"break-words\"><strong>Se\u00f1ales Corporales:<\/strong> Gestos manuales o movimientos del conductor para complementar la comunicaci\u00f3n.<\/li><\/ul><\/li><\/ul><br \/><ul><li style=\"list-style-type: none;\"><ul><li class=\"break-words\"><strong>Se\u00f1ales Ac\u00fasticas:<\/strong> Uso del claxon o sonidos para advertir o llamar la atenci\u00f3n.<\/li><\/ul><\/li><\/ul><br \/><p class=\"break-words\">La resoluci\u00f3n subraya estas t\u00e9cnicas como fundamentales para la formaci\u00f3n pr\u00e1ctica, alineadas con el C\u00f3digo Nacional de Tr\u00e1nsito (Ley 769 de 2002) y la prevenci\u00f3n de siniestros viales.<\/p><br \/><h4><strong>2. Importancia en la Formaci\u00f3n Vial<\/strong><\/h4><br \/><ul><li style=\"list-style-type: none;\"><ul><li class=\"break-words\"><strong>Comunicaci\u00f3n:<\/strong> Las se\u00f1ales permiten coordinarse con otros actores viales, reduciendo malentendidos y colisiones (el ONSV vincula el 10-15% de siniestros a fallos de comunicaci\u00f3n).<\/li><\/ul><\/li><\/ul><br \/><ul><li style=\"list-style-type: none;\"><ul><li class=\"break-words\"><strong>Seguridad:<\/strong> Alertan sobre maniobras o peligros, esenciales en un pa\u00eds con m\u00e1s de 7,000 muertes anuales.<\/li><\/ul><\/li><\/ul><br \/><ul><li style=\"list-style-type: none;\"><ul><li class=\"break-words\"><strong>Cumplimiento Normativo:<\/strong> Su uso correcto cumple con el Art. 92 y 98 del CNT, evitando sanciones.<\/li><\/ul><\/li><\/ul><br \/><h4><strong>3. Uso de Se\u00f1ales Luminosas<\/strong><\/h4><br \/><p class=\"break-words\">Las luces del veh\u00edculo son el principal medio de comunicaci\u00f3n t\u00e9cnica.<\/p><br \/><h5><strong>a) Tipos y Funciones<\/strong><\/h5><br \/><ul><li style=\"list-style-type: none;\"><ul><li class=\"break-words\"><strong>Direccionales:<\/strong> Indican giros o cambios de carril (izquierda\/derecha).<\/li><\/ul><\/li><\/ul><br \/><ul><li style=\"list-style-type: none;\"><ul><li class=\"break-words\"><strong>Luces de Freno:<\/strong> Alertan sobre reducci\u00f3n de velocidad o detenci\u00f3n (rojas traseras).<\/li><\/ul><\/li><\/ul><br \/><ul><li style=\"list-style-type: none;\"><ul><li class=\"break-words\"><strong>Luces Bajas:<\/strong> Mejoran visibilidad y son obligatorias d\u00eda\/noche (Art. 92, CNT).<\/li><\/ul><\/li><\/ul><br \/><ul><li style=\"list-style-type: none;\"><ul><li class=\"break-words\"><strong>Luces Altas:<\/strong> Iluminan en carretera sin tr\u00e1fico, evitando deslumbrar.<\/li><\/ul><\/li><\/ul><br \/><ul><li style=\"list-style-type: none;\"><ul><li class=\"break-words\"><strong>Antiniebla:<\/strong> Usadas en lluvia o neblina para mayor visibilidad.<\/li><\/ul><\/li><\/ul><br \/><ul><li style=\"list-style-type: none;\"><ul><li class=\"break-words\"><strong>Intermitentes (Emergencia):<\/strong> Se\u00f1alan detenci\u00f3n o aver\u00eda.<\/li><\/ul><\/li><\/ul><br \/><h5><strong>b) T\u00e9cnicas<\/strong><\/h5><br \/><ul><li style=\"list-style-type: none;\"><ul><li class=\"break-words\"><strong>Activaci\u00f3n Anticipada:<\/strong> Encender direccionales 3-5 segundos antes de maniobrar.<\/li><\/ul><\/li><\/ul><br \/><ul><li style=\"list-style-type: none;\"><ul><li class=\"break-words\"><strong>Uso Situacional:<\/strong> Luces bajas en tr\u00e1fico, intermitentes al parar en v\u00eda.<\/li><\/ul><\/li><\/ul><br \/><ul><li style=\"list-style-type: none;\"><ul><li class=\"break-words\"><strong>Mantenimiento:<\/strong> Revisar funcionamiento antes de conducir.<\/li><\/ul><\/li><\/ul><br \/><h5><strong>c) Ejemplo<\/strong><\/h5><br \/><ul><li style=\"list-style-type: none;\"><ul><li class=\"break-words\">Encender la direccional izquierda al girar en un cruce urbano, avisando a peatones y motos.<\/li><\/ul><\/li><\/ul><br \/><h4><strong>4. Uso de Se\u00f1ales Corporales<\/strong><\/h4><br \/><p class=\"break-words\">Los gestos complementan las se\u00f1ales luminosas, especialmente en veh\u00edculos sin luces o motos.<\/p><br \/><h5><strong>a) Tipos y Funciones<\/strong><\/h5><br \/><ul><li style=\"list-style-type: none;\"><ul><li class=\"break-words\"><strong>Mano Izquierda Extendida:<\/strong> Giro a la izquierda o cambio de carril.<\/li><\/ul><\/li><\/ul><br \/><ul><li style=\"list-style-type: none;\"><ul><li class=\"break-words\"><strong>Mano Derecha Extendida (o izquierda doblada):<\/strong> Giro a la derecha.<\/li><\/ul><\/li><\/ul><br \/><ul><li style=\"list-style-type: none;\"><ul><li class=\"break-words\"><strong>Mano Baja (palma abajo):<\/strong> Reducir velocidad o detenerse.<\/li><\/ul><\/li><\/ul><br \/><ul><li style=\"list-style-type: none;\"><ul><li class=\"break-words\"><strong>Saludo o Agradecimiento:<\/strong> Levantar mano para reconocer cortes\u00eda.<\/li><\/ul><\/li><\/ul><br \/><h5><strong>b) T\u00e9cnicas<\/strong><\/h5><br \/><ul><li style=\"list-style-type: none;\"><ul><li class=\"break-words\"><strong>Claridad:<\/strong> Gestos amplios y visibles, evitando confusi\u00f3n.<\/li><\/ul><\/li><\/ul><br \/><ul><li style=\"list-style-type: none;\"><ul><li class=\"break-words\"><strong>Coordinaci\u00f3n:<\/strong> Usar junto con direccionales si es posible.<\/li><\/ul><\/li><\/ul><br \/><ul><li style=\"list-style-type: none;\"><ul><li class=\"break-words\"><strong>Seguridad:<\/strong> Mantener control del veh\u00edculo al gesticular.<\/li><\/ul><\/li><\/ul><br \/><h5><strong>c) Ejemplo<\/strong><\/h5><br \/><ul><li style=\"list-style-type: none;\"><ul><li class=\"break-words\">Extender la mano izquierda en una moto para avisar un giro, complementando la direccional.<\/li><\/ul><\/li><\/ul><br \/><h4><strong>5. Uso de Se\u00f1ales Ac\u00fasticas<\/strong><\/h4><br \/><p class=\"break-words\">El claxon es una herramienta de advertencia sonora.<\/p><br \/><h5><strong>a) Caracter\u00edsticas y Funciones<\/strong><\/h5><br \/><ul><li style=\"list-style-type: none;\"><ul><li class=\"break-words\"><strong>Advertencia:<\/strong> Alertar de peligro inminente (peat\u00f3n cruzando, veh\u00edculo en punto ciego).<\/li><\/ul><\/li><\/ul><br \/><ul><li style=\"list-style-type: none;\"><ul><li class=\"break-words\"><strong>Uso Limitado:<\/strong> Prohibido en exceso o sin motivo (Art. 100, CNT).<\/li><\/ul><\/li><\/ul><br \/><h5><strong>b) T\u00e9cnicas<\/strong><\/h5><br \/><ul><li style=\"list-style-type: none;\"><ul><li class=\"break-words\"><strong>Toque Breve:<\/strong> 1-2 segundos para advertir sin agredir.<\/li><\/ul><\/li><\/ul><br \/><ul><li style=\"list-style-type: none;\"><ul><li class=\"break-words\"><strong>Contexto:<\/strong> Solo en emergencias o riesgos claros, no en tr\u00e1fico normal.<\/li><\/ul><\/li><\/ul><br \/><ul><li style=\"list-style-type: none;\"><ul><li class=\"break-words\"><strong>Complemento:<\/strong> Usar con luces o gestos para reforzar.<\/li><\/ul><\/li><\/ul><br \/><h5><strong>c) Ejemplo<\/strong><\/h5><br \/><ul><li style=\"list-style-type: none;\"><ul><li class=\"break-words\">Tocar el claxon brevemente al ver un ciclista cerca en una curva.<\/li><\/ul><\/li><\/ul><br \/><h4><strong>6. Estrategias Pedag\u00f3gicas<\/strong><\/h4><br \/><p class=\"break-words\">El instructor puede emplear estas estrategias para ense\u00f1ar este tema:<\/p><br \/><h5><strong>a) Demostraci\u00f3n Pr\u00e1ctica<\/strong><\/h5><br \/><ul><li style=\"list-style-type: none;\"><ul><li class=\"break-words\"><strong>M\u00e9todo:<\/strong> Mostrar el uso de se\u00f1ales en un veh\u00edculo real.<\/li><\/ul><\/li><\/ul><br \/><ul><li style=\"list-style-type: none;\"><ul><li class=\"break-words\"><strong>Ejemplo:<\/strong> Encender direccional y hacer gesto para girar, explicando timing.<\/li><\/ul><\/li><\/ul><br \/><h5><strong>b) Simulaci\u00f3n<\/strong><\/h5><br \/><ul><li style=\"list-style-type: none;\"><ul><li class=\"break-words\"><strong>M\u00e9todo:<\/strong> Practicar en simuladores con escenarios de tr\u00e1fico.<\/li><\/ul><\/li><\/ul><br \/><ul><li style=\"list-style-type: none;\"><ul><li class=\"break-words\"><strong>Ejemplo:<\/strong> Simular un cruce y usar luces\/gestos para avisar.<\/li><\/ul><\/li><\/ul><br \/><h5><strong>c) Pr\u00e1ctica Supervisada<\/strong><\/h5><br \/><ul><li style=\"list-style-type: none;\"><ul><li class=\"break-words\"><strong>M\u00e9todo:<\/strong> Conducir en v\u00eda con correcci\u00f3n en tiempo real.<\/li><\/ul><\/li><\/ul><br \/><ul><li style=\"list-style-type: none;\"><ul><li class=\"break-words\"><strong>Ejemplo:<\/strong> Usar direccional y claxon al adelantar, supervisado por doble comando.<\/li><\/ul><\/li><\/ul><br \/><h5><strong>d) Role-Playing<\/strong><\/h5><br \/><ul><li style=\"list-style-type: none;\"><ul><li class=\"break-words\"><strong>M\u00e9todo:<\/strong> Simular interacciones con otros actores viales.<\/li><\/ul><\/li><\/ul><br \/><ul><li style=\"list-style-type: none;\"><ul><li class=\"break-words\"><strong>Ejemplo:<\/strong> Un aprendiz usa intermitentes para detenerse; otro reacciona.<\/li><\/ul><\/li><\/ul><br \/><h4><strong>7. Ejemplo Pr\u00e1ctico<\/strong><\/h4><br \/><p class=\"break-words\">Un instructor forma a un grupo para la categor\u00eda B1 (autom\u00f3viles particulares) en Bogot\u00e1:<\/p><br \/><ul><li style=\"list-style-type: none;\"><ul><li class=\"break-words\"><strong>Tema:<\/strong> Uso de se\u00f1ales en tr\u00e1fico.<\/li><\/ul><\/li><\/ul><br \/><ul><li style=\"list-style-type: none;\"><ul><li class=\"break-words\"><strong>Estrategia:<\/strong><ol><li style=\"list-style-type: none;\"><ol><li class=\"break-words\"><strong>Teor\u00eda:<\/strong> Explica luces y gestos con video (15 min).<\/li><\/ol><\/li><\/ol><br \/><ol><li style=\"list-style-type: none;\"><ol><li class=\"break-words\"><strong>Simulaci\u00f3n:<\/strong> Practicar giro con direccional y mano en simulador (20 min).<\/li><\/ol><\/li><\/ol><br \/><ol><li style=\"list-style-type: none;\"><ol><li class=\"break-words\"><strong>Pr\u00e1ctica:<\/strong> Conducir en v\u00eda urbana, usando claxon ante un peat\u00f3n (25 min).<\/li><\/ol><\/li><\/ol><\/li><\/ul><\/li><\/ul><br \/><ul><li style=\"list-style-type: none;\"><ul><li class=\"break-words\"><strong>Resultado:<\/strong> Los aprendices comunican intenciones con claridad y seguridad.<\/li><\/ul><\/li><\/ul><br \/><h4><strong>8. Relevancia en el Contexto Colombiano<\/strong><\/h4><br \/><ul><li style=\"list-style-type: none;\"><ul><li class=\"break-words\"><strong>Tr\u00e1fico Mixto:<\/strong> Alta presencia de motos (51% de v\u00edctimas, ONSV) y peatones exige se\u00f1ales claras.<\/li><\/ul><\/li><\/ul><br \/><ul><li style=\"list-style-type: none;\"><ul><li class=\"break-words\"><strong>Condiciones Variables:<\/strong> Lluvia o neblina requieren luces espec\u00edficas.<\/li><\/ul><\/li><\/ul><br \/><ul><li style=\"list-style-type: none;\"><ul><li class=\"break-words\"><strong>Cultura Vial:<\/strong> Reducir agresividad (claxon excesivo) mejora convivencia.<\/li><\/ul><\/li><\/ul><br \/><h4><strong>9. Conclusi\u00f3n<\/strong><\/h4><br \/><p class=\"break-words\" style=\"text-align: left;\">El uso de se\u00f1ales luminosas, corporales y ac\u00fasticas es fundamental para una comunicaci\u00f3n efectiva en la v\u00eda. El instructor, al ense\u00f1ar estas t\u00e9cnicas, asegura que los conductores indiquen sus movimientos y alerten de riesgos, mejorando la seguridad. En Colombia, donde el tr\u00e1fico complejo y la siniestralidad son retos, estas habilidades son esenciales para una movilidad ordenada y responsable.<\/p><br \/><hr \/><\/div>\t\t\t\t\t\t\t\t<\/div>\n\t\t\t\t<\/div>\n\t\t\t\t\t<\/div>\n\t\t<\/div>\n\t\t\t\t\t<\/div>\n\t\t<\/section>\n\t\t\t\t<\/div>\n\t\t","protected":false},"excerpt":{"rendered":"<p>M\u00f3dulo 3: Formaci\u00f3n Espec\u00edfica (Pr\u00e1ctica): Dominio T\u00e9cnico del Veh\u00edculo: Uso de Se\u00f1ales Luminosas, Corporales y Ac\u00fasticas 1. Definici\u00f3n y Contexto [&hellip;]<\/p>\n","protected":false},"author":2,"featured_media":0,"comment_status":"open","ping_status":"open","sticky":false,"template":"elementor_canvas","format":"standard","meta":{"site-sidebar-layout":"default","site-content-layout":"","ast-site-content-layout":"default","site-content-style":"default","site-sidebar-style":"default","ast-global-header-display":"","ast-banner-title-visibility":"","ast-main-header-display":"","ast-hfb-above-header-display":"","ast-hfb-below-header-display":"","ast-hfb-mobile-header-display":"","site-post-title":"","ast-breadcrumbs-content":"","ast-featured-img":"","footer-sml-layout":"","theme-transparent-header-meta":"","adv-header-id-meta":"","stick-header-meta":"","header-above-stick-meta":"","header-main-stick-meta":"","header-below-stick-meta":"","astra-migrate-meta-layouts":"set","ast-page-background-enabled":"default","ast-page-background-meta":{"desktop":{"background-color":"var(--ast-global-color-4)","background-image":"","background-repeat":"repeat","background-position":"center center","background-size":"auto","background-attachment":"scroll","background-type":"","background-media":"","overlay-type":"","overlay-color":"","overlay-opacity":"","overlay-gradient":""},"tablet":{"background-color":"","background-image":"","background-repeat":"repeat","background-position":"center center","background-size":"auto","background-attachment":"scroll","background-type":"","background-media":"","overlay-type":"","overlay-color":"","overlay-opacity":"","overlay-gradient":""},"mobile":{"background-color":"","background-image":"","background-repeat":"repeat","background-position":"center center","background-size":"auto","background-attachment":"scroll","background-type":"","background-media":"","overlay-type":"","overlay-color":"","overlay-opacity":"","overlay-gradient":""}},"ast-content-background-meta":{"desktop":{"background-color":"var(--ast-global-color-5)","background-image":"","background-repeat":"repeat","background-position":"center center","background-size":"auto","background-attachment":"scroll","background-type":"","background-media":"","overlay-type":"","overlay-color":"","overlay-opacity":"","overlay-gradient":""},"tablet":{"background-color":"var(--ast-global-color-5)","background-image":"","background-repeat":"repeat","background-position":"center center","background-size":"auto","background-attachment":"scroll","background-type":"","background-media":"","overlay-type":"","overlay-color":"","overlay-opacity":"","overlay-gradient":""},"mobile":{"background-color":"var(--ast-global-color-5)","background-image":"","background-repeat":"repeat","background-position":"center center","background-size":"auto","background-attachment":"scroll","background-type":"","background-media":"","overlay-type":"","overlay-color":"","overlay-opacity":"","overlay-gradient":""}},"footnotes":""},"categories":[25],"tags":[],"class_list":["post-13308","post","type-post","status-publish","format-standard","hentry","category-curso-instructores"],"yoast_head":"<!-- This site is optimized with the Yoast SEO plugin v26.4 - https:\/\/yoast.com\/wordpress\/plugins\/seo\/ -->\n<title>M\u00f3dulo 3: Formaci\u00f3n Espec\u00edfica (Pr\u00e1ctica): Dominio T\u00e9cnico del Veh\u00edculo: Uso de Se\u00f1ales Luminosas, Corporales y Ac\u00fasticas - Conducir Colombia<\/title>\n<meta name=\"robots\" content=\"index, follow, max-snippet:-1, max-image-preview:large, max-video-preview:-1\" \/>\n<link rel=\"canonical\" href=\"https:\/\/conducircolombia.com\/cea\/modulo-3-formacion-especifica-practica-dominio-tecnico-del-vehiculo-uso-de-senales-luminosas-corporales-y-acusticas\/\" \/>\n<meta property=\"og:locale\" content=\"es_ES\" \/>\n<meta property=\"og:type\" content=\"article\" \/>\n<meta property=\"og:title\" content=\"M\u00f3dulo 3: Formaci\u00f3n Espec\u00edfica (Pr\u00e1ctica): Dominio T\u00e9cnico del Veh\u00edculo: Uso de Se\u00f1ales Luminosas, Corporales y Ac\u00fasticas - Conducir Colombia\" \/>\n<meta property=\"og:description\" content=\"M\u00f3dulo 3: Formaci\u00f3n Espec\u00edfica (Pr\u00e1ctica): Dominio T\u00e9cnico del Veh\u00edculo: Uso de Se\u00f1ales Luminosas, Corporales y Ac\u00fasticas 1. Definici\u00f3n y Contexto [&hellip;]\" \/>\n<meta property=\"og:url\" content=\"https:\/\/conducircolombia.com\/cea\/modulo-3-formacion-especifica-practica-dominio-tecnico-del-vehiculo-uso-de-senales-luminosas-corporales-y-acusticas\/\" \/>\n<meta property=\"og:site_name\" content=\"Conducir Colombia\" \/>\n<meta property=\"article:publisher\" content=\"https:\/\/www.facebook.com\/ConducirColombiaBogota\" \/>\n<meta property=\"article:published_time\" content=\"2025-02-25T02:02:10+00:00\" \/>\n<meta property=\"article:modified_time\" content=\"2025-02-25T02:03:30+00:00\" \/>\n<meta property=\"og:image\" content=\"https:\/\/conducircolombia.com\/cea\/wp-content\/uploads\/2025\/02\/logo1000.webp\" \/>\n\t<meta property=\"og:image:width\" content=\"1000\" \/>\n\t<meta property=\"og:image:height\" content=\"201\" \/>\n\t<meta property=\"og:image:type\" content=\"image\/webp\" \/>\n<meta name=\"author\" content=\"memo fichas\" \/>\n<meta name=\"twitter:card\" content=\"summary_large_image\" \/>\n<meta name=\"twitter:label1\" content=\"Escrito por\" \/>\n\t<meta name=\"twitter:data1\" content=\"memo fichas\" \/>\n\t<meta name=\"twitter:label2\" content=\"Tiempo de lectura\" \/>\n\t<meta name=\"twitter:data2\" content=\"4 minutos\" \/>\n<script type=\"application\/ld+json\" class=\"yoast-schema-graph\">{\"@context\":\"https:\/\/schema.org\",\"@graph\":[{\"@type\":\"Article\",\"@id\":\"https:\/\/conducircolombia.com\/cea\/modulo-3-formacion-especifica-practica-dominio-tecnico-del-vehiculo-uso-de-senales-luminosas-corporales-y-acusticas\/#article\",\"isPartOf\":{\"@id\":\"https:\/\/conducircolombia.com\/cea\/modulo-3-formacion-especifica-practica-dominio-tecnico-del-vehiculo-uso-de-senales-luminosas-corporales-y-acusticas\/\"},\"author\":{\"name\":\"memo fichas\",\"@id\":\"https:\/\/conducircolombia.com\/cea\/#\/schema\/person\/39f266f3357066ea02c614168ee5b0d2\"},\"headline\":\"M\u00f3dulo 3: Formaci\u00f3n Espec\u00edfica (Pr\u00e1ctica): Dominio T\u00e9cnico del Veh\u00edculo: Uso de Se\u00f1ales Luminosas, Corporales y Ac\u00fasticas\",\"datePublished\":\"2025-02-25T02:02:10+00:00\",\"dateModified\":\"2025-02-25T02:03:30+00:00\",\"mainEntityOfPage\":{\"@id\":\"https:\/\/conducircolombia.com\/cea\/modulo-3-formacion-especifica-practica-dominio-tecnico-del-vehiculo-uso-de-senales-luminosas-corporales-y-acusticas\/\"},\"wordCount\":863,\"commentCount\":0,\"publisher\":{\"@id\":\"https:\/\/conducircolombia.com\/cea\/#organization\"},\"articleSection\":[\"Curso Instructores\"],\"inLanguage\":\"es\",\"potentialAction\":[{\"@type\":\"CommentAction\",\"name\":\"Comment\",\"target\":[\"https:\/\/conducircolombia.com\/cea\/modulo-3-formacion-especifica-practica-dominio-tecnico-del-vehiculo-uso-de-senales-luminosas-corporales-y-acusticas\/#respond\"]}]},{\"@type\":\"WebPage\",\"@id\":\"https:\/\/conducircolombia.com\/cea\/modulo-3-formacion-especifica-practica-dominio-tecnico-del-vehiculo-uso-de-senales-luminosas-corporales-y-acusticas\/\",\"url\":\"https:\/\/conducircolombia.com\/cea\/modulo-3-formacion-especifica-practica-dominio-tecnico-del-vehiculo-uso-de-senales-luminosas-corporales-y-acusticas\/\",\"name\":\"M\u00f3dulo 3: Formaci\u00f3n Espec\u00edfica (Pr\u00e1ctica): Dominio T\u00e9cnico del Veh\u00edculo: Uso de Se\u00f1ales Luminosas, Corporales y Ac\u00fasticas - Conducir Colombia\",\"isPartOf\":{\"@id\":\"https:\/\/conducircolombia.com\/cea\/#website\"},\"datePublished\":\"2025-02-25T02:02:10+00:00\",\"dateModified\":\"2025-02-25T02:03:30+00:00\",\"breadcrumb\":{\"@id\":\"https:\/\/conducircolombia.com\/cea\/modulo-3-formacion-especifica-practica-dominio-tecnico-del-vehiculo-uso-de-senales-luminosas-corporales-y-acusticas\/#breadcrumb\"},\"inLanguage\":\"es\",\"potentialAction\":[{\"@type\":\"ReadAction\",\"target\":[\"https:\/\/conducircolombia.com\/cea\/modulo-3-formacion-especifica-practica-dominio-tecnico-del-vehiculo-uso-de-senales-luminosas-corporales-y-acusticas\/\"]}]},{\"@type\":\"BreadcrumbList\",\"@id\":\"https:\/\/conducircolombia.com\/cea\/modulo-3-formacion-especifica-practica-dominio-tecnico-del-vehiculo-uso-de-senales-luminosas-corporales-y-acusticas\/#breadcrumb\",\"itemListElement\":[{\"@type\":\"ListItem\",\"position\":1,\"name\":\"Portada\",\"item\":\"https:\/\/conducircolombia.com\/cea\/\"},{\"@type\":\"ListItem\",\"position\":2,\"name\":\"M\u00f3dulo 3: Formaci\u00f3n Espec\u00edfica (Pr\u00e1ctica): Dominio T\u00e9cnico del Veh\u00edculo: Uso de Se\u00f1ales Luminosas, Corporales y Ac\u00fasticas\"}]},{\"@type\":\"WebSite\",\"@id\":\"https:\/\/conducircolombia.com\/cea\/#website\",\"url\":\"https:\/\/conducircolombia.com\/cea\/\",\"name\":\"Conducir Colombia\",\"description\":\"Academia de Conducci\u00f3n\",\"publisher\":{\"@id\":\"https:\/\/conducircolombia.com\/cea\/#organization\"},\"potentialAction\":[{\"@type\":\"SearchAction\",\"target\":{\"@type\":\"EntryPoint\",\"urlTemplate\":\"https:\/\/conducircolombia.com\/cea\/?s={search_term_string}\"},\"query-input\":{\"@type\":\"PropertyValueSpecification\",\"valueRequired\":true,\"valueName\":\"search_term_string\"}}],\"inLanguage\":\"es\"},{\"@type\":\"Organization\",\"@id\":\"https:\/\/conducircolombia.com\/cea\/#organization\",\"name\":\"Conducir Colombia\",\"alternateName\":\"Conducir Colombia\",\"url\":\"https:\/\/conducircolombia.com\/cea\/\",\"logo\":{\"@type\":\"ImageObject\",\"inLanguage\":\"es\",\"@id\":\"https:\/\/conducircolombia.com\/cea\/#\/schema\/logo\/image\/\",\"url\":\"https:\/\/conducircolombia.com\/cea\/wp-content\/uploads\/2025\/02\/logowp.jpg\",\"contentUrl\":\"https:\/\/conducircolombia.com\/cea\/wp-content\/uploads\/2025\/02\/logowp.jpg\",\"width\":300,\"height\":299,\"caption\":\"Conducir Colombia\"},\"image\":{\"@id\":\"https:\/\/conducircolombia.com\/cea\/#\/schema\/logo\/image\/\"},\"sameAs\":[\"https:\/\/www.facebook.com\/ConducirColombiaBogota\"]},{\"@type\":\"Person\",\"@id\":\"https:\/\/conducircolombia.com\/cea\/#\/schema\/person\/39f266f3357066ea02c614168ee5b0d2\",\"name\":\"memo fichas\",\"image\":{\"@type\":\"ImageObject\",\"inLanguage\":\"es\",\"@id\":\"https:\/\/conducircolombia.com\/cea\/#\/schema\/person\/image\/\",\"url\":\"https:\/\/secure.gravatar.com\/avatar\/e1b894dfed71a479efeaf73bfb32c5e92c855e56311b32924ca240a9bcec68b2?s=96&d=mm&r=g\",\"contentUrl\":\"https:\/\/secure.gravatar.com\/avatar\/e1b894dfed71a479efeaf73bfb32c5e92c855e56311b32924ca240a9bcec68b2?s=96&d=mm&r=g\",\"caption\":\"memo fichas\"},\"url\":\"https:\/\/conducircolombia.com\/cea\/author\/conducir1\/\"}]}<\/script>\n<!-- \/ Yoast SEO plugin. -->","yoast_head_json":{"title":"M\u00f3dulo 3: Formaci\u00f3n Espec\u00edfica (Pr\u00e1ctica): Dominio T\u00e9cnico del Veh\u00edculo: Uso de Se\u00f1ales Luminosas, Corporales y Ac\u00fasticas - Conducir Colombia","robots":{"index":"index","follow":"follow","max-snippet":"max-snippet:-1","max-image-preview":"max-image-preview:large","max-video-preview":"max-video-preview:-1"},"canonical":"https:\/\/conducircolombia.com\/cea\/modulo-3-formacion-especifica-practica-dominio-tecnico-del-vehiculo-uso-de-senales-luminosas-corporales-y-acusticas\/","og_locale":"es_ES","og_type":"article","og_title":"M\u00f3dulo 3: Formaci\u00f3n Espec\u00edfica (Pr\u00e1ctica): Dominio T\u00e9cnico del Veh\u00edculo: Uso de Se\u00f1ales Luminosas, Corporales y Ac\u00fasticas - Conducir Colombia","og_description":"M\u00f3dulo 3: Formaci\u00f3n Espec\u00edfica (Pr\u00e1ctica): Dominio T\u00e9cnico del Veh\u00edculo: Uso de Se\u00f1ales Luminosas, Corporales y Ac\u00fasticas 1. Definici\u00f3n y Contexto [&hellip;]","og_url":"https:\/\/conducircolombia.com\/cea\/modulo-3-formacion-especifica-practica-dominio-tecnico-del-vehiculo-uso-de-senales-luminosas-corporales-y-acusticas\/","og_site_name":"Conducir Colombia","article_publisher":"https:\/\/www.facebook.com\/ConducirColombiaBogota","article_published_time":"2025-02-25T02:02:10+00:00","article_modified_time":"2025-02-25T02:03:30+00:00","og_image":[{"width":1000,"height":201,"url":"https:\/\/conducircolombia.com\/cea\/wp-content\/uploads\/2025\/02\/logo1000.webp","type":"image\/webp"}],"author":"memo fichas","twitter_card":"summary_large_image","twitter_misc":{"Escrito por":"memo fichas","Tiempo de lectura":"4 minutos"},"schema":{"@context":"https:\/\/schema.org","@graph":[{"@type":"Article","@id":"https:\/\/conducircolombia.com\/cea\/modulo-3-formacion-especifica-practica-dominio-tecnico-del-vehiculo-uso-de-senales-luminosas-corporales-y-acusticas\/#article","isPartOf":{"@id":"https:\/\/conducircolombia.com\/cea\/modulo-3-formacion-especifica-practica-dominio-tecnico-del-vehiculo-uso-de-senales-luminosas-corporales-y-acusticas\/"},"author":{"name":"memo fichas","@id":"https:\/\/conducircolombia.com\/cea\/#\/schema\/person\/39f266f3357066ea02c614168ee5b0d2"},"headline":"M\u00f3dulo 3: Formaci\u00f3n Espec\u00edfica (Pr\u00e1ctica): Dominio T\u00e9cnico del Veh\u00edculo: Uso de Se\u00f1ales Luminosas, Corporales y Ac\u00fasticas","datePublished":"2025-02-25T02:02:10+00:00","dateModified":"2025-02-25T02:03:30+00:00","mainEntityOfPage":{"@id":"https:\/\/conducircolombia.com\/cea\/modulo-3-formacion-especifica-practica-dominio-tecnico-del-vehiculo-uso-de-senales-luminosas-corporales-y-acusticas\/"},"wordCount":863,"commentCount":0,"publisher":{"@id":"https:\/\/conducircolombia.com\/cea\/#organization"},"articleSection":["Curso Instructores"],"inLanguage":"es","potentialAction":[{"@type":"CommentAction","name":"Comment","target":["https:\/\/conducircolombia.com\/cea\/modulo-3-formacion-especifica-practica-dominio-tecnico-del-vehiculo-uso-de-senales-luminosas-corporales-y-acusticas\/#respond"]}]},{"@type":"WebPage","@id":"https:\/\/conducircolombia.com\/cea\/modulo-3-formacion-especifica-practica-dominio-tecnico-del-vehiculo-uso-de-senales-luminosas-corporales-y-acusticas\/","url":"https:\/\/conducircolombia.com\/cea\/modulo-3-formacion-especifica-practica-dominio-tecnico-del-vehiculo-uso-de-senales-luminosas-corporales-y-acusticas\/","name":"M\u00f3dulo 3: Formaci\u00f3n Espec\u00edfica (Pr\u00e1ctica): Dominio T\u00e9cnico del Veh\u00edculo: Uso de Se\u00f1ales Luminosas, Corporales y Ac\u00fasticas - Conducir Colombia","isPartOf":{"@id":"https:\/\/conducircolombia.com\/cea\/#website"},"datePublished":"2025-02-25T02:02:10+00:00","dateModified":"2025-02-25T02:03:30+00:00","breadcrumb":{"@id":"https:\/\/conducircolombia.com\/cea\/modulo-3-formacion-especifica-practica-dominio-tecnico-del-vehiculo-uso-de-senales-luminosas-corporales-y-acusticas\/#breadcrumb"},"inLanguage":"es","potentialAction":[{"@type":"ReadAction","target":["https:\/\/conducircolombia.com\/cea\/modulo-3-formacion-especifica-practica-dominio-tecnico-del-vehiculo-uso-de-senales-luminosas-corporales-y-acusticas\/"]}]},{"@type":"BreadcrumbList","@id":"https:\/\/conducircolombia.com\/cea\/modulo-3-formacion-especifica-practica-dominio-tecnico-del-vehiculo-uso-de-senales-luminosas-corporales-y-acusticas\/#breadcrumb","itemListElement":[{"@type":"ListItem","position":1,"name":"Portada","item":"https:\/\/conducircolombia.com\/cea\/"},{"@type":"ListItem","position":2,"name":"M\u00f3dulo 3: Formaci\u00f3n Espec\u00edfica (Pr\u00e1ctica): Dominio T\u00e9cnico del Veh\u00edculo: Uso de Se\u00f1ales Luminosas, Corporales y Ac\u00fasticas"}]},{"@type":"WebSite","@id":"https:\/\/conducircolombia.com\/cea\/#website","url":"https:\/\/conducircolombia.com\/cea\/","name":"Conducir Colombia","description":"Academia de Conducci\u00f3n","publisher":{"@id":"https:\/\/conducircolombia.com\/cea\/#organization"},"potentialAction":[{"@type":"SearchAction","target":{"@type":"EntryPoint","urlTemplate":"https:\/\/conducircolombia.com\/cea\/?s={search_term_string}"},"query-input":{"@type":"PropertyValueSpecification","valueRequired":true,"valueName":"search_term_string"}}],"inLanguage":"es"},{"@type":"Organization","@id":"https:\/\/conducircolombia.com\/cea\/#organization","name":"Conducir Colombia","alternateName":"Conducir Colombia","url":"https:\/\/conducircolombia.com\/cea\/","logo":{"@type":"ImageObject","inLanguage":"es","@id":"https:\/\/conducircolombia.com\/cea\/#\/schema\/logo\/image\/","url":"https:\/\/conducircolombia.com\/cea\/wp-content\/uploads\/2025\/02\/logowp.jpg","contentUrl":"https:\/\/conducircolombia.com\/cea\/wp-content\/uploads\/2025\/02\/logowp.jpg","width":300,"height":299,"caption":"Conducir Colombia"},"image":{"@id":"https:\/\/conducircolombia.com\/cea\/#\/schema\/logo\/image\/"},"sameAs":["https:\/\/www.facebook.com\/ConducirColombiaBogota"]},{"@type":"Person","@id":"https:\/\/conducircolombia.com\/cea\/#\/schema\/person\/39f266f3357066ea02c614168ee5b0d2","name":"memo fichas","image":{"@type":"ImageObject","inLanguage":"es","@id":"https:\/\/conducircolombia.com\/cea\/#\/schema\/person\/image\/","url":"https:\/\/secure.gravatar.com\/avatar\/e1b894dfed71a479efeaf73bfb32c5e92c855e56311b32924ca240a9bcec68b2?s=96&d=mm&r=g","contentUrl":"https:\/\/secure.gravatar.com\/avatar\/e1b894dfed71a479efeaf73bfb32c5e92c855e56311b32924ca240a9bcec68b2?s=96&d=mm&r=g","caption":"memo fichas"},"url":"https:\/\/conducircolombia.com\/cea\/author\/conducir1\/"}]}},"_links":{"self":[{"href":"https:\/\/conducircolombia.com\/cea\/wp-json\/wp\/v2\/posts\/13308","targetHints":{"allow":["GET"]}}],"collection":[{"href":"https:\/\/conducircolombia.com\/cea\/wp-json\/wp\/v2\/posts"}],"about":[{"href":"https:\/\/conducircolombia.com\/cea\/wp-json\/wp\/v2\/types\/post"}],"author":[{"embeddable":true,"href":"https:\/\/conducircolombia.com\/cea\/wp-json\/wp\/v2\/users\/2"}],"replies":[{"embeddable":true,"href":"https:\/\/conducircolombia.com\/cea\/wp-json\/wp\/v2\/comments?post=13308"}],"version-history":[{"count":4,"href":"https:\/\/conducircolombia.com\/cea\/wp-json\/wp\/v2\/posts\/13308\/revisions"}],"predecessor-version":[{"id":13312,"href":"https:\/\/conducircolombia.com\/cea\/wp-json\/wp\/v2\/posts\/13308\/revisions\/13312"}],"wp:attachment":[{"href":"https:\/\/conducircolombia.com\/cea\/wp-json\/wp\/v2\/media?parent=13308"}],"wp:term":[{"taxonomy":"category","embeddable":true,"href":"https:\/\/conducircolombia.com\/cea\/wp-json\/wp\/v2\/categories?post=13308"},{"taxonomy":"post_tag","embeddable":true,"href":"https:\/\/conducircolombia.com\/cea\/wp-json\/wp\/v2\/tags?post=13308"}],"curies":[{"name":"wp","href":"https:\/\/api.w.org\/{rel}","templated":true}]}}