{"id":13323,"date":"2025-02-24T21:11:55","date_gmt":"2025-02-25T02:11:55","guid":{"rendered":"https:\/\/conducircolombia.com\/cea\/?p=13323"},"modified":"2025-02-24T21:12:58","modified_gmt":"2025-02-25T02:12:58","slug":"modulo-3-formacion-especifica-practica-practica-pedagogica-aplicacion-del-protocolo-p-a-s-proteger-avisar-socorrer-en-accidentes","status":"publish","type":"post","link":"https:\/\/conducircolombia.com\/cea\/modulo-3-formacion-especifica-practica-practica-pedagogica-aplicacion-del-protocolo-p-a-s-proteger-avisar-socorrer-en-accidentes\/","title":{"rendered":"M\u00f3dulo 3: Formaci\u00f3n Espec\u00edfica (Pr\u00e1ctica): Pr\u00e1ctica Pedag\u00f3gica: Aplicaci\u00f3n del Protocolo P.A.S. (Proteger, Avisar, Socorrer) en Accidentes"},"content":{"rendered":"\t\t<div data-elementor-type=\"wp-post\" data-elementor-id=\"13323\" class=\"elementor elementor-13323\">\n\t\t\t\t\t\t<section class=\"elementor-section elementor-top-section elementor-element elementor-element-70fc61b elementor-section-boxed elementor-section-height-default elementor-section-height-default\" data-id=\"70fc61b\" data-element_type=\"section\">\n\t\t\t\t\t\t<div class=\"elementor-container elementor-column-gap-default\">\n\t\t\t\t\t<div class=\"elementor-column elementor-col-100 elementor-top-column elementor-element elementor-element-a6236be\" data-id=\"a6236be\" data-element_type=\"column\">\n\t\t\t<div class=\"elementor-widget-wrap elementor-element-populated\">\n\t\t\t\t\t\t<div class=\"elementor-element elementor-element-90268d3 elementor-widget elementor-widget-text-editor\" data-id=\"90268d3\" data-element_type=\"widget\" data-widget_type=\"text-editor.default\">\n\t\t\t\t<div class=\"elementor-widget-container\">\n\t\t\t\t\t\t\t\t\t<h2>M\u00f3dulo 3: Formaci\u00f3n Espec\u00edfica (Pr\u00e1ctica): Pr\u00e1ctica Pedag\u00f3gica: Aplicaci\u00f3n del Protocolo P.A.S. (Proteger, Avisar, Socorrer) en Accidentes<\/h2>\t\t\t\t\t\t\t\t<\/div>\n\t\t\t\t<\/div>\n\t\t\t\t<div class=\"elementor-element elementor-element-f5154bd elementor-widget elementor-widget-text-editor\" data-id=\"f5154bd\" data-element_type=\"widget\" data-widget_type=\"text-editor.default\">\n\t\t\t\t<div class=\"elementor-widget-container\">\n\t\t\t\t\t\t\t\t\t<div><h4><strong>1. Definici\u00f3n y Contexto<\/strong><\/h4><br \/><p class=\"break-words\">Dentro del <strong>M\u00f3dulo 3: Formaci\u00f3n Espec\u00edfica (Pr\u00e1ctica)<\/strong>, el apartado \u00abPr\u00e1ctica Pedag\u00f3gica\u00bb incluye la <strong>aplicaci\u00f3n del protocolo P.A.S. (Proteger, Avisar, Socorrer)<\/strong> como una habilidad pr\u00e1ctica esencial que los instructores deben ense\u00f1ar a los futuros conductores para responder adecuadamente ante accidentes viales. El protocolo P.A.S. consta de tres pasos:<\/p><br \/><ul><li style=\"list-style-type: none;\"><ul><li class=\"break-words\"><strong>Proteger:<\/strong> Asegurar la escena para evitar m\u00e1s da\u00f1os.<\/li><\/ul><\/li><\/ul><br \/><ul><li style=\"list-style-type: none;\"><ul><li class=\"break-words\"><strong>Avisar:<\/strong> Notificar a las autoridades o servicios de emergencia.<\/li><\/ul><\/li><\/ul><br \/><ul><li style=\"list-style-type: none;\"><ul><li class=\"break-words\"><strong>Socorrer:<\/strong> Brindar primeros auxilios b\u00e1sicos si es posible.<\/li><\/ul><\/li><\/ul><br \/><p class=\"break-words\">La resoluci\u00f3n destaca esta ense\u00f1anza como parte de la formaci\u00f3n pr\u00e1ctica, alineada con el Art\u00edculo 150 del C\u00f3digo Nacional de Tr\u00e1nsito (Ley 769 de 2002), que proh\u00edbe la omisi\u00f3n de auxilio y promueve la corresponsabilidad en siniestros.<\/p><br \/><h4><strong>2. Importancia en la Formaci\u00f3n Vial<\/strong><\/h4><br \/><ul><li style=\"list-style-type: none;\"><ul><li class=\"break-words\"><strong>Seguridad:<\/strong> Una respuesta adecuada minimiza riesgos adicionales y salva vidas, vital en un pa\u00eds con m\u00e1s de 7,000 muertes viales anuales (ONSV).<\/li><\/ul><\/li><\/ul><br \/><ul><li style=\"list-style-type: none;\"><ul><li class=\"break-words\"><strong>Responsabilidad Legal y \u00c9tica:<\/strong> Evita sanciones por abandono (hasta 4 a\u00f1os de prisi\u00f3n) y fomenta solidaridad.<\/li><\/ul><\/li><\/ul><br \/><ul><li style=\"list-style-type: none;\"><ul><li class=\"break-words\"><strong>Preparaci\u00f3n:<\/strong> Equipa a los conductores para actuar con calma y eficacia, reduciendo el caos post-accidente.<\/li><\/ul><\/li><\/ul><br \/><h4><strong>3. Aplicaci\u00f3n del Protocolo P.A.S.<\/strong><\/h4><br \/><p class=\"break-words\">El protocolo se aplica en tres fases secuenciales.<\/p><br \/><h5><strong>a) Proteger<\/strong><\/h5><br \/><ul><li style=\"list-style-type: none;\"><ul><li class=\"break-words\"><strong>Objetivo:<\/strong> Garantizar la seguridad de la escena para v\u00edctimas, testigos y el propio conductor.<\/li><\/ul><\/li><\/ul><br \/><ul><li style=\"list-style-type: none;\"><ul><li class=\"break-words\"><strong>T\u00e9cnicas:<\/strong><ul><li style=\"list-style-type: none;\"><ul><li class=\"break-words\">Detenerse en un lugar seguro fuera de la v\u00eda (arc\u00e9n, banquina).<\/li><\/ul><\/li><\/ul><br \/><ul><li style=\"list-style-type: none;\"><ul><li class=\"break-words\">Encender luces intermitentes y colocar tri\u00e1ngulos reflectivos (30-50 m atr\u00e1s en ciudad, 150 m en carretera).<\/li><\/ul><\/li><\/ul><br \/><ul><li style=\"list-style-type: none;\"><ul><li class=\"break-words\">Evitar mover heridos graves salvo peligro inminente (fuego, tr\u00e1fico).<\/li><\/ul><\/li><\/ul><\/li><\/ul><\/li><\/ul><br \/><ul><li style=\"list-style-type: none;\"><ul><li class=\"break-words\"><strong>Ejemplo:<\/strong> Colocar un tri\u00e1ngulo a 50 m tras un choque en una v\u00eda urbana.<\/li><\/ul><\/li><\/ul><br \/><h5><strong>b) Avisar<\/strong><\/h5><br \/><ul><li style=\"list-style-type: none;\"><ul><li class=\"break-words\"><strong>Objetivo:<\/strong> Alertar a las autoridades o servicios de emergencia para una respuesta r\u00e1pida.<\/li><\/ul><\/li><\/ul><br \/><ul><li style=\"list-style-type: none;\"><ul><li class=\"break-words\"><strong>T\u00e9cnicas:<\/strong><ul><li style=\"list-style-type: none;\"><ul><li class=\"break-words\">Llamar al 123 (emergencias Colombia) o l\u00edneas locales (112 en celulares).<\/li><\/ul><\/li><\/ul><br \/><ul><li style=\"list-style-type: none;\"><ul><li class=\"break-words\">Reportar: ubicaci\u00f3n exacta, n\u00famero de v\u00edctimas, tipo de accidente, estado visible.<\/li><\/ul><\/li><\/ul><br \/><ul><li style=\"list-style-type: none;\"><ul><li class=\"break-words\">Mantenerse en la l\u00ednea hasta recibir instrucciones.<\/li><\/ul><\/li><\/ul><\/li><\/ul><\/li><\/ul><br \/><ul><li style=\"list-style-type: none;\"><ul><li class=\"break-words\"><strong>Ejemplo:<\/strong> \u00abAccidente en la Calle 80 con Carrera 50, Bogot\u00e1; dos heridos, choque de moto y auto.\u00bb<\/li><\/ul><\/li><\/ul><br \/><h5><strong>c) Socorrer<\/strong><\/h5><br \/><ul><li style=\"list-style-type: none;\"><ul><li class=\"break-words\"><strong>Objetivo:<\/strong> Brindar ayuda b\u00e1sica hasta que lleguen profesionales, sin empeorar lesiones.<\/li><\/ul><\/li><\/ul><br \/><ul><li style=\"list-style-type: none;\"><ul><li class=\"break-words\"><strong>T\u00e9cnicas:<\/strong><ul><li style=\"list-style-type: none;\"><ul><li class=\"break-words\">Evaluar estado de v\u00edctimas (conscientes, respirando).<\/li><\/ul><\/li><\/ul><br \/><ul><li style=\"list-style-type: none;\"><ul><li class=\"break-words\">Aplicar primeros auxilios si se sabe: controlar sangrado (presi\u00f3n), posici\u00f3n lateral (si no respira pero hay pulso).<\/li><\/ul><\/li><\/ul><br \/><ul><li style=\"list-style-type: none;\"><ul><li class=\"break-words\">No mover cuello o espalda en caso de posible lesi\u00f3n medular.<\/li><\/ul><\/li><\/ul><\/li><\/ul><\/li><\/ul><br \/><ul><li style=\"list-style-type: none;\"><ul><li class=\"break-words\"><strong>Ejemplo:<\/strong> Presionar una herida sangrante de un motociclista con una tela limpia.<\/li><\/ul><\/li><\/ul><br \/><h4><strong>4. Estrategias Pedag\u00f3gicas<\/strong><\/h4><br \/><p class=\"break-words\">El instructor puede emplear estas estrategias para ense\u00f1ar el protocolo:<\/p><br \/><h5><strong>a) Explicaci\u00f3n Te\u00f3rica<\/strong><\/h5><br \/><ul><li style=\"list-style-type: none;\"><ul><li class=\"break-words\"><strong>M\u00e9todo:<\/strong> Detallar cada paso con ejemplos visuales y legales (Art. 150 CNT).<\/li><\/ul><\/li><\/ul><br \/><ul><li style=\"list-style-type: none;\"><ul><li class=\"break-words\"><strong>Ejemplo:<\/strong> Video de un accidente con P.A.S. aplicado correctamente.<\/li><\/ul><\/li><\/ul><br \/><h5><strong>b) Role-Playing<\/strong><\/h5><br \/><ul><li style=\"list-style-type: none;\"><ul><li class=\"break-words\"><strong>M\u00e9todo:<\/strong> Simular un accidente con aprendices actuando como v\u00edctimas y rescatistas.<\/li><\/ul><\/li><\/ul><br \/><ul><li style=\"list-style-type: none;\"><ul><li class=\"break-words\"><strong>Ejemplo:<\/strong> Un aprendiz coloca tri\u00e1ngulos mientras otro llama al 123.<\/li><\/ul><\/li><\/ul><br \/><h5><strong>c) Pr\u00e1ctica Supervisada<\/strong><\/h5><br \/><ul><li style=\"list-style-type: none;\"><ul><li class=\"break-words\"><strong>M\u00e9todo:<\/strong> Ensayar en un escenario controlado (pista o v\u00eda).<\/li><\/ul><\/li><\/ul><br \/><ul><li style=\"list-style-type: none;\"><ul><li class=\"break-words\"><strong>Ejemplo:<\/strong> Simular un choque leve y practicar se\u00f1alizaci\u00f3n y llamada.<\/li><\/ul><\/li><\/ul><br \/><h5><strong>d) An\u00e1lisis de Casos<\/strong><\/h5><br \/><ul><li style=\"list-style-type: none;\"><ul><li class=\"break-words\"><strong>M\u00e9todo:<\/strong> Revisar siniestros reales del ONSV donde P.A.S. marc\u00f3 la diferencia.<\/li><\/ul><\/li><\/ul><br \/><ul><li style=\"list-style-type: none;\"><ul><li class=\"break-words\"><strong>Ejemplo:<\/strong> \u00abAtropello en carretera; el conductor avis\u00f3 y salv\u00f3 una vida.\u00bb<\/li><\/ul><\/li><\/ul><br \/><h4><strong>5. Ejemplo Pr\u00e1ctico<\/strong><\/h4><br \/><p class=\"break-words\">Un instructor forma a un grupo para la categor\u00eda B1 (autom\u00f3viles particulares) en Medell\u00edn:<\/p><br \/><ul><li style=\"list-style-type: none;\"><ul><li class=\"break-words\"><strong>Tema:<\/strong> Aplicaci\u00f3n de P.A.S. en un accidente.<\/li><\/ul><\/li><\/ul><br \/><ul><li style=\"list-style-type: none;\"><ul><li class=\"break-words\"><strong>Estrategia:<\/strong><ol><li style=\"list-style-type: none;\"><ol><li class=\"break-words\"><strong>Teor\u00eda:<\/strong> Explica P.A.S. con diapositivas y video (15 min).<\/li><\/ol><\/li><\/ol><br \/><ol><li style=\"list-style-type: none;\"><ol><li class=\"break-words\"><strong>Role-Playing:<\/strong> Simula un choque con un peat\u00f3n; aprendices protegen (tri\u00e1ngulos), avisan (llamada ficticia) y socorren (presi\u00f3n en herida) (30 min).<\/li><\/ol><\/li><\/ol><br \/><ol><li style=\"list-style-type: none;\"><ol><li class=\"break-words\"><strong>Retroalimentaci\u00f3n:<\/strong> Corrige: \u00abEl tri\u00e1ngulo est\u00e1 muy cerca; al\u00e9jalo 50 m\u00bb (15 min).<\/li><\/ol><\/li><\/ol><\/li><\/ul><\/li><\/ul><br \/><ul><li style=\"list-style-type: none;\"><ul><li class=\"break-words\"><strong>Resultado:<\/strong> Los aprendices aplican P.A.S. con precisi\u00f3n y calma.<\/li><\/ul><\/li><\/ul><br \/><h4><strong>6. Relevancia en el Contexto Colombiano<\/strong><\/h4><br \/><ul><li style=\"list-style-type: none;\"><ul><li class=\"break-words\"><strong>Alta Siniestralidad:<\/strong> M\u00e1s de 7,000 muertes anuales (ONSV) exigen respuesta inmediata para salvar vidas.<\/li><\/ul><\/li><\/ul><br \/><ul><li style=\"list-style-type: none;\"><ul><li class=\"break-words\"><strong>Usuarios Vulnerables:<\/strong> 51% de v\u00edctimas son motociclistas; P.A.S. es clave para su atenci\u00f3n.<\/li><\/ul><\/li><\/ul><br \/><ul><li style=\"list-style-type: none;\"><ul><li class=\"break-words\"><strong>Infraestructura:<\/strong> V\u00edas remotas retrasan emergencias, haciendo esencial la acci\u00f3n inicial del conductor.<\/li><\/ul><\/li><\/ul><br \/><h4><strong>7. Conclusi\u00f3n<\/strong><\/h4><br \/><p class=\"break-words\">La ense\u00f1anza del protocolo P.A.S. (Proteger, Avisar, Socorrer) es un pilar de la pr\u00e1ctica pedag\u00f3gica en la formaci\u00f3n vial. El instructor, al capacitar a los conductores en estos pasos, asegura una respuesta efectiva y \u00e9tica ante accidentes, mitigando da\u00f1os. En Colombia, donde los siniestros son frecuentes y las emergencias pueden demorar, esta habilidad es fundamental para una movilidad segura y solidaria.<\/p><\/div>\t\t\t\t\t\t\t\t<\/div>\n\t\t\t\t<\/div>\n\t\t\t\t\t<\/div>\n\t\t<\/div>\n\t\t\t\t\t<\/div>\n\t\t<\/section>\n\t\t\t\t<\/div>\n\t\t","protected":false},"excerpt":{"rendered":"<p>M\u00f3dulo 3: Formaci\u00f3n Espec\u00edfica (Pr\u00e1ctica): Pr\u00e1ctica Pedag\u00f3gica: Aplicaci\u00f3n del Protocolo P.A.S. (Proteger, Avisar, Socorrer) en Accidentes 1. Definici\u00f3n y Contexto [&hellip;]<\/p>\n","protected":false},"author":2,"featured_media":0,"comment_status":"open","ping_status":"open","sticky":false,"template":"elementor_canvas","format":"standard","meta":{"site-sidebar-layout":"default","site-content-layout":"","ast-site-content-layout":"default","site-content-style":"default","site-sidebar-style":"default","ast-global-header-display":"","ast-banner-title-visibility":"","ast-main-header-display":"","ast-hfb-above-header-display":"","ast-hfb-below-header-display":"","ast-hfb-mobile-header-display":"","site-post-title":"","ast-breadcrumbs-content":"","ast-featured-img":"","footer-sml-layout":"","theme-transparent-header-meta":"","adv-header-id-meta":"","stick-header-meta":"","header-above-stick-meta":"","header-main-stick-meta":"","header-below-stick-meta":"","astra-migrate-meta-layouts":"set","ast-page-background-enabled":"default","ast-page-background-meta":{"desktop":{"background-color":"var(--ast-global-color-4)","background-image":"","background-repeat":"repeat","background-position":"center center","background-size":"auto","background-attachment":"scroll","background-type":"","background-media":"","overlay-type":"","overlay-color":"","overlay-opacity":"","overlay-gradient":""},"tablet":{"background-color":"","background-image":"","background-repeat":"repeat","background-position":"center center","background-size":"auto","background-attachment":"scroll","background-type":"","background-media":"","overlay-type":"","overlay-color":"","overlay-opacity":"","overlay-gradient":""},"mobile":{"background-color":"","background-image":"","background-repeat":"repeat","background-position":"center center","background-size":"auto","background-attachment":"scroll","background-type":"","background-media":"","overlay-type":"","overlay-color":"","overlay-opacity":"","overlay-gradient":""}},"ast-content-background-meta":{"desktop":{"background-color":"var(--ast-global-color-5)","background-image":"","background-repeat":"repeat","background-position":"center center","background-size":"auto","background-attachment":"scroll","background-type":"","background-media":"","overlay-type":"","overlay-color":"","overlay-opacity":"","overlay-gradient":""},"tablet":{"background-color":"var(--ast-global-color-5)","background-image":"","background-repeat":"repeat","background-position":"center center","background-size":"auto","background-attachment":"scroll","background-type":"","background-media":"","overlay-type":"","overlay-color":"","overlay-opacity":"","overlay-gradient":""},"mobile":{"background-color":"var(--ast-global-color-5)","background-image":"","background-repeat":"repeat","background-position":"center center","background-size":"auto","background-attachment":"scroll","background-type":"","background-media":"","overlay-type":"","overlay-color":"","overlay-opacity":"","overlay-gradient":""}},"footnotes":""},"categories":[25],"tags":[],"class_list":["post-13323","post","type-post","status-publish","format-standard","hentry","category-curso-instructores"],"yoast_head":"<!-- This site is optimized with the Yoast SEO plugin v26.4 - https:\/\/yoast.com\/wordpress\/plugins\/seo\/ -->\n<title>M\u00f3dulo 3: Formaci\u00f3n Espec\u00edfica (Pr\u00e1ctica): Pr\u00e1ctica Pedag\u00f3gica: Aplicaci\u00f3n del Protocolo P.A.S. (Proteger, Avisar, Socorrer) en Accidentes - Conducir Colombia<\/title>\n<meta name=\"robots\" content=\"index, follow, max-snippet:-1, max-image-preview:large, max-video-preview:-1\" \/>\n<link rel=\"canonical\" href=\"https:\/\/conducircolombia.com\/cea\/modulo-3-formacion-especifica-practica-practica-pedagogica-aplicacion-del-protocolo-p-a-s-proteger-avisar-socorrer-en-accidentes\/\" \/>\n<meta property=\"og:locale\" content=\"es_ES\" \/>\n<meta property=\"og:type\" content=\"article\" \/>\n<meta property=\"og:title\" content=\"M\u00f3dulo 3: Formaci\u00f3n Espec\u00edfica (Pr\u00e1ctica): Pr\u00e1ctica Pedag\u00f3gica: Aplicaci\u00f3n del Protocolo P.A.S. (Proteger, Avisar, Socorrer) en Accidentes - Conducir Colombia\" \/>\n<meta property=\"og:description\" content=\"M\u00f3dulo 3: Formaci\u00f3n Espec\u00edfica (Pr\u00e1ctica): Pr\u00e1ctica Pedag\u00f3gica: Aplicaci\u00f3n del Protocolo P.A.S. (Proteger, Avisar, Socorrer) en Accidentes 1. Definici\u00f3n y Contexto [&hellip;]\" \/>\n<meta property=\"og:url\" content=\"https:\/\/conducircolombia.com\/cea\/modulo-3-formacion-especifica-practica-practica-pedagogica-aplicacion-del-protocolo-p-a-s-proteger-avisar-socorrer-en-accidentes\/\" \/>\n<meta property=\"og:site_name\" content=\"Conducir Colombia\" \/>\n<meta property=\"article:publisher\" content=\"https:\/\/www.facebook.com\/ConducirColombiaBogota\" \/>\n<meta property=\"article:published_time\" content=\"2025-02-25T02:11:55+00:00\" \/>\n<meta property=\"article:modified_time\" content=\"2025-02-25T02:12:58+00:00\" \/>\n<meta property=\"og:image\" content=\"https:\/\/conducircolombia.com\/cea\/wp-content\/uploads\/2025\/02\/logo1000.webp\" \/>\n\t<meta property=\"og:image:width\" content=\"1000\" \/>\n\t<meta property=\"og:image:height\" content=\"201\" \/>\n\t<meta property=\"og:image:type\" content=\"image\/webp\" \/>\n<meta name=\"author\" content=\"memo fichas\" \/>\n<meta name=\"twitter:card\" content=\"summary_large_image\" \/>\n<meta name=\"twitter:label1\" content=\"Escrito por\" \/>\n\t<meta name=\"twitter:data1\" content=\"memo fichas\" \/>\n\t<meta name=\"twitter:label2\" content=\"Tiempo de lectura\" \/>\n\t<meta name=\"twitter:data2\" content=\"4 minutos\" \/>\n<script type=\"application\/ld+json\" class=\"yoast-schema-graph\">{\"@context\":\"https:\/\/schema.org\",\"@graph\":[{\"@type\":\"Article\",\"@id\":\"https:\/\/conducircolombia.com\/cea\/modulo-3-formacion-especifica-practica-practica-pedagogica-aplicacion-del-protocolo-p-a-s-proteger-avisar-socorrer-en-accidentes\/#article\",\"isPartOf\":{\"@id\":\"https:\/\/conducircolombia.com\/cea\/modulo-3-formacion-especifica-practica-practica-pedagogica-aplicacion-del-protocolo-p-a-s-proteger-avisar-socorrer-en-accidentes\/\"},\"author\":{\"name\":\"memo fichas\",\"@id\":\"https:\/\/conducircolombia.com\/cea\/#\/schema\/person\/39f266f3357066ea02c614168ee5b0d2\"},\"headline\":\"M\u00f3dulo 3: Formaci\u00f3n Espec\u00edfica (Pr\u00e1ctica): Pr\u00e1ctica Pedag\u00f3gica: Aplicaci\u00f3n del Protocolo P.A.S. (Proteger, Avisar, Socorrer) en Accidentes\",\"datePublished\":\"2025-02-25T02:11:55+00:00\",\"dateModified\":\"2025-02-25T02:12:58+00:00\",\"mainEntityOfPage\":{\"@id\":\"https:\/\/conducircolombia.com\/cea\/modulo-3-formacion-especifica-practica-practica-pedagogica-aplicacion-del-protocolo-p-a-s-proteger-avisar-socorrer-en-accidentes\/\"},\"wordCount\":796,\"commentCount\":0,\"publisher\":{\"@id\":\"https:\/\/conducircolombia.com\/cea\/#organization\"},\"articleSection\":[\"Curso Instructores\"],\"inLanguage\":\"es\",\"potentialAction\":[{\"@type\":\"CommentAction\",\"name\":\"Comment\",\"target\":[\"https:\/\/conducircolombia.com\/cea\/modulo-3-formacion-especifica-practica-practica-pedagogica-aplicacion-del-protocolo-p-a-s-proteger-avisar-socorrer-en-accidentes\/#respond\"]}]},{\"@type\":\"WebPage\",\"@id\":\"https:\/\/conducircolombia.com\/cea\/modulo-3-formacion-especifica-practica-practica-pedagogica-aplicacion-del-protocolo-p-a-s-proteger-avisar-socorrer-en-accidentes\/\",\"url\":\"https:\/\/conducircolombia.com\/cea\/modulo-3-formacion-especifica-practica-practica-pedagogica-aplicacion-del-protocolo-p-a-s-proteger-avisar-socorrer-en-accidentes\/\",\"name\":\"M\u00f3dulo 3: Formaci\u00f3n Espec\u00edfica (Pr\u00e1ctica): Pr\u00e1ctica Pedag\u00f3gica: Aplicaci\u00f3n del Protocolo P.A.S. (Proteger, Avisar, Socorrer) en Accidentes - Conducir Colombia\",\"isPartOf\":{\"@id\":\"https:\/\/conducircolombia.com\/cea\/#website\"},\"datePublished\":\"2025-02-25T02:11:55+00:00\",\"dateModified\":\"2025-02-25T02:12:58+00:00\",\"breadcrumb\":{\"@id\":\"https:\/\/conducircolombia.com\/cea\/modulo-3-formacion-especifica-practica-practica-pedagogica-aplicacion-del-protocolo-p-a-s-proteger-avisar-socorrer-en-accidentes\/#breadcrumb\"},\"inLanguage\":\"es\",\"potentialAction\":[{\"@type\":\"ReadAction\",\"target\":[\"https:\/\/conducircolombia.com\/cea\/modulo-3-formacion-especifica-practica-practica-pedagogica-aplicacion-del-protocolo-p-a-s-proteger-avisar-socorrer-en-accidentes\/\"]}]},{\"@type\":\"BreadcrumbList\",\"@id\":\"https:\/\/conducircolombia.com\/cea\/modulo-3-formacion-especifica-practica-practica-pedagogica-aplicacion-del-protocolo-p-a-s-proteger-avisar-socorrer-en-accidentes\/#breadcrumb\",\"itemListElement\":[{\"@type\":\"ListItem\",\"position\":1,\"name\":\"Portada\",\"item\":\"https:\/\/conducircolombia.com\/cea\/\"},{\"@type\":\"ListItem\",\"position\":2,\"name\":\"M\u00f3dulo 3: Formaci\u00f3n Espec\u00edfica (Pr\u00e1ctica): Pr\u00e1ctica Pedag\u00f3gica: Aplicaci\u00f3n del Protocolo P.A.S. (Proteger, Avisar, Socorrer) en Accidentes\"}]},{\"@type\":\"WebSite\",\"@id\":\"https:\/\/conducircolombia.com\/cea\/#website\",\"url\":\"https:\/\/conducircolombia.com\/cea\/\",\"name\":\"Conducir Colombia\",\"description\":\"Academia de Conducci\u00f3n\",\"publisher\":{\"@id\":\"https:\/\/conducircolombia.com\/cea\/#organization\"},\"potentialAction\":[{\"@type\":\"SearchAction\",\"target\":{\"@type\":\"EntryPoint\",\"urlTemplate\":\"https:\/\/conducircolombia.com\/cea\/?s={search_term_string}\"},\"query-input\":{\"@type\":\"PropertyValueSpecification\",\"valueRequired\":true,\"valueName\":\"search_term_string\"}}],\"inLanguage\":\"es\"},{\"@type\":\"Organization\",\"@id\":\"https:\/\/conducircolombia.com\/cea\/#organization\",\"name\":\"Conducir Colombia\",\"alternateName\":\"Conducir Colombia\",\"url\":\"https:\/\/conducircolombia.com\/cea\/\",\"logo\":{\"@type\":\"ImageObject\",\"inLanguage\":\"es\",\"@id\":\"https:\/\/conducircolombia.com\/cea\/#\/schema\/logo\/image\/\",\"url\":\"https:\/\/conducircolombia.com\/cea\/wp-content\/uploads\/2025\/02\/logowp.jpg\",\"contentUrl\":\"https:\/\/conducircolombia.com\/cea\/wp-content\/uploads\/2025\/02\/logowp.jpg\",\"width\":300,\"height\":299,\"caption\":\"Conducir Colombia\"},\"image\":{\"@id\":\"https:\/\/conducircolombia.com\/cea\/#\/schema\/logo\/image\/\"},\"sameAs\":[\"https:\/\/www.facebook.com\/ConducirColombiaBogota\"]},{\"@type\":\"Person\",\"@id\":\"https:\/\/conducircolombia.com\/cea\/#\/schema\/person\/39f266f3357066ea02c614168ee5b0d2\",\"name\":\"memo fichas\",\"image\":{\"@type\":\"ImageObject\",\"inLanguage\":\"es\",\"@id\":\"https:\/\/conducircolombia.com\/cea\/#\/schema\/person\/image\/\",\"url\":\"https:\/\/secure.gravatar.com\/avatar\/e1b894dfed71a479efeaf73bfb32c5e92c855e56311b32924ca240a9bcec68b2?s=96&d=mm&r=g\",\"contentUrl\":\"https:\/\/secure.gravatar.com\/avatar\/e1b894dfed71a479efeaf73bfb32c5e92c855e56311b32924ca240a9bcec68b2?s=96&d=mm&r=g\",\"caption\":\"memo fichas\"},\"url\":\"https:\/\/conducircolombia.com\/cea\/author\/conducir1\/\"}]}<\/script>\n<!-- \/ Yoast SEO plugin. -->","yoast_head_json":{"title":"M\u00f3dulo 3: Formaci\u00f3n Espec\u00edfica (Pr\u00e1ctica): Pr\u00e1ctica Pedag\u00f3gica: Aplicaci\u00f3n del Protocolo P.A.S. (Proteger, Avisar, Socorrer) en Accidentes - Conducir Colombia","robots":{"index":"index","follow":"follow","max-snippet":"max-snippet:-1","max-image-preview":"max-image-preview:large","max-video-preview":"max-video-preview:-1"},"canonical":"https:\/\/conducircolombia.com\/cea\/modulo-3-formacion-especifica-practica-practica-pedagogica-aplicacion-del-protocolo-p-a-s-proteger-avisar-socorrer-en-accidentes\/","og_locale":"es_ES","og_type":"article","og_title":"M\u00f3dulo 3: Formaci\u00f3n Espec\u00edfica (Pr\u00e1ctica): Pr\u00e1ctica Pedag\u00f3gica: Aplicaci\u00f3n del Protocolo P.A.S. (Proteger, Avisar, Socorrer) en Accidentes - Conducir Colombia","og_description":"M\u00f3dulo 3: Formaci\u00f3n Espec\u00edfica (Pr\u00e1ctica): Pr\u00e1ctica Pedag\u00f3gica: Aplicaci\u00f3n del Protocolo P.A.S. (Proteger, Avisar, Socorrer) en Accidentes 1. Definici\u00f3n y Contexto [&hellip;]","og_url":"https:\/\/conducircolombia.com\/cea\/modulo-3-formacion-especifica-practica-practica-pedagogica-aplicacion-del-protocolo-p-a-s-proteger-avisar-socorrer-en-accidentes\/","og_site_name":"Conducir Colombia","article_publisher":"https:\/\/www.facebook.com\/ConducirColombiaBogota","article_published_time":"2025-02-25T02:11:55+00:00","article_modified_time":"2025-02-25T02:12:58+00:00","og_image":[{"width":1000,"height":201,"url":"https:\/\/conducircolombia.com\/cea\/wp-content\/uploads\/2025\/02\/logo1000.webp","type":"image\/webp"}],"author":"memo fichas","twitter_card":"summary_large_image","twitter_misc":{"Escrito por":"memo fichas","Tiempo de lectura":"4 minutos"},"schema":{"@context":"https:\/\/schema.org","@graph":[{"@type":"Article","@id":"https:\/\/conducircolombia.com\/cea\/modulo-3-formacion-especifica-practica-practica-pedagogica-aplicacion-del-protocolo-p-a-s-proteger-avisar-socorrer-en-accidentes\/#article","isPartOf":{"@id":"https:\/\/conducircolombia.com\/cea\/modulo-3-formacion-especifica-practica-practica-pedagogica-aplicacion-del-protocolo-p-a-s-proteger-avisar-socorrer-en-accidentes\/"},"author":{"name":"memo fichas","@id":"https:\/\/conducircolombia.com\/cea\/#\/schema\/person\/39f266f3357066ea02c614168ee5b0d2"},"headline":"M\u00f3dulo 3: Formaci\u00f3n Espec\u00edfica (Pr\u00e1ctica): Pr\u00e1ctica Pedag\u00f3gica: Aplicaci\u00f3n del Protocolo P.A.S. (Proteger, Avisar, Socorrer) en Accidentes","datePublished":"2025-02-25T02:11:55+00:00","dateModified":"2025-02-25T02:12:58+00:00","mainEntityOfPage":{"@id":"https:\/\/conducircolombia.com\/cea\/modulo-3-formacion-especifica-practica-practica-pedagogica-aplicacion-del-protocolo-p-a-s-proteger-avisar-socorrer-en-accidentes\/"},"wordCount":796,"commentCount":0,"publisher":{"@id":"https:\/\/conducircolombia.com\/cea\/#organization"},"articleSection":["Curso Instructores"],"inLanguage":"es","potentialAction":[{"@type":"CommentAction","name":"Comment","target":["https:\/\/conducircolombia.com\/cea\/modulo-3-formacion-especifica-practica-practica-pedagogica-aplicacion-del-protocolo-p-a-s-proteger-avisar-socorrer-en-accidentes\/#respond"]}]},{"@type":"WebPage","@id":"https:\/\/conducircolombia.com\/cea\/modulo-3-formacion-especifica-practica-practica-pedagogica-aplicacion-del-protocolo-p-a-s-proteger-avisar-socorrer-en-accidentes\/","url":"https:\/\/conducircolombia.com\/cea\/modulo-3-formacion-especifica-practica-practica-pedagogica-aplicacion-del-protocolo-p-a-s-proteger-avisar-socorrer-en-accidentes\/","name":"M\u00f3dulo 3: Formaci\u00f3n Espec\u00edfica (Pr\u00e1ctica): Pr\u00e1ctica Pedag\u00f3gica: Aplicaci\u00f3n del Protocolo P.A.S. (Proteger, Avisar, Socorrer) en Accidentes - Conducir Colombia","isPartOf":{"@id":"https:\/\/conducircolombia.com\/cea\/#website"},"datePublished":"2025-02-25T02:11:55+00:00","dateModified":"2025-02-25T02:12:58+00:00","breadcrumb":{"@id":"https:\/\/conducircolombia.com\/cea\/modulo-3-formacion-especifica-practica-practica-pedagogica-aplicacion-del-protocolo-p-a-s-proteger-avisar-socorrer-en-accidentes\/#breadcrumb"},"inLanguage":"es","potentialAction":[{"@type":"ReadAction","target":["https:\/\/conducircolombia.com\/cea\/modulo-3-formacion-especifica-practica-practica-pedagogica-aplicacion-del-protocolo-p-a-s-proteger-avisar-socorrer-en-accidentes\/"]}]},{"@type":"BreadcrumbList","@id":"https:\/\/conducircolombia.com\/cea\/modulo-3-formacion-especifica-practica-practica-pedagogica-aplicacion-del-protocolo-p-a-s-proteger-avisar-socorrer-en-accidentes\/#breadcrumb","itemListElement":[{"@type":"ListItem","position":1,"name":"Portada","item":"https:\/\/conducircolombia.com\/cea\/"},{"@type":"ListItem","position":2,"name":"M\u00f3dulo 3: Formaci\u00f3n Espec\u00edfica (Pr\u00e1ctica): Pr\u00e1ctica Pedag\u00f3gica: Aplicaci\u00f3n del Protocolo P.A.S. (Proteger, Avisar, Socorrer) en Accidentes"}]},{"@type":"WebSite","@id":"https:\/\/conducircolombia.com\/cea\/#website","url":"https:\/\/conducircolombia.com\/cea\/","name":"Conducir Colombia","description":"Academia de Conducci\u00f3n","publisher":{"@id":"https:\/\/conducircolombia.com\/cea\/#organization"},"potentialAction":[{"@type":"SearchAction","target":{"@type":"EntryPoint","urlTemplate":"https:\/\/conducircolombia.com\/cea\/?s={search_term_string}"},"query-input":{"@type":"PropertyValueSpecification","valueRequired":true,"valueName":"search_term_string"}}],"inLanguage":"es"},{"@type":"Organization","@id":"https:\/\/conducircolombia.com\/cea\/#organization","name":"Conducir Colombia","alternateName":"Conducir Colombia","url":"https:\/\/conducircolombia.com\/cea\/","logo":{"@type":"ImageObject","inLanguage":"es","@id":"https:\/\/conducircolombia.com\/cea\/#\/schema\/logo\/image\/","url":"https:\/\/conducircolombia.com\/cea\/wp-content\/uploads\/2025\/02\/logowp.jpg","contentUrl":"https:\/\/conducircolombia.com\/cea\/wp-content\/uploads\/2025\/02\/logowp.jpg","width":300,"height":299,"caption":"Conducir Colombia"},"image":{"@id":"https:\/\/conducircolombia.com\/cea\/#\/schema\/logo\/image\/"},"sameAs":["https:\/\/www.facebook.com\/ConducirColombiaBogota"]},{"@type":"Person","@id":"https:\/\/conducircolombia.com\/cea\/#\/schema\/person\/39f266f3357066ea02c614168ee5b0d2","name":"memo fichas","image":{"@type":"ImageObject","inLanguage":"es","@id":"https:\/\/conducircolombia.com\/cea\/#\/schema\/person\/image\/","url":"https:\/\/secure.gravatar.com\/avatar\/e1b894dfed71a479efeaf73bfb32c5e92c855e56311b32924ca240a9bcec68b2?s=96&d=mm&r=g","contentUrl":"https:\/\/secure.gravatar.com\/avatar\/e1b894dfed71a479efeaf73bfb32c5e92c855e56311b32924ca240a9bcec68b2?s=96&d=mm&r=g","caption":"memo fichas"},"url":"https:\/\/conducircolombia.com\/cea\/author\/conducir1\/"}]}},"_links":{"self":[{"href":"https:\/\/conducircolombia.com\/cea\/wp-json\/wp\/v2\/posts\/13323","targetHints":{"allow":["GET"]}}],"collection":[{"href":"https:\/\/conducircolombia.com\/cea\/wp-json\/wp\/v2\/posts"}],"about":[{"href":"https:\/\/conducircolombia.com\/cea\/wp-json\/wp\/v2\/types\/post"}],"author":[{"embeddable":true,"href":"https:\/\/conducircolombia.com\/cea\/wp-json\/wp\/v2\/users\/2"}],"replies":[{"embeddable":true,"href":"https:\/\/conducircolombia.com\/cea\/wp-json\/wp\/v2\/comments?post=13323"}],"version-history":[{"count":4,"href":"https:\/\/conducircolombia.com\/cea\/wp-json\/wp\/v2\/posts\/13323\/revisions"}],"predecessor-version":[{"id":13327,"href":"https:\/\/conducircolombia.com\/cea\/wp-json\/wp\/v2\/posts\/13323\/revisions\/13327"}],"wp:attachment":[{"href":"https:\/\/conducircolombia.com\/cea\/wp-json\/wp\/v2\/media?parent=13323"}],"wp:term":[{"taxonomy":"category","embeddable":true,"href":"https:\/\/conducircolombia.com\/cea\/wp-json\/wp\/v2\/categories?post=13323"},{"taxonomy":"post_tag","embeddable":true,"href":"https:\/\/conducircolombia.com\/cea\/wp-json\/wp\/v2\/tags?post=13323"}],"curies":[{"name":"wp","href":"https:\/\/api.w.org\/{rel}","templated":true}]}}