{"id":13333,"date":"2025-02-24T21:18:44","date_gmt":"2025-02-25T02:18:44","guid":{"rendered":"https:\/\/conducircolombia.com\/cea\/?p=13333"},"modified":"2025-02-24T21:19:45","modified_gmt":"2025-02-25T02:19:45","slug":"modulo-3-formacion-especifica-practica-practica-pedagogica-uso-del-doble-comando-en-vehiculos-de-instruccion","status":"publish","type":"post","link":"https:\/\/conducircolombia.com\/cea\/modulo-3-formacion-especifica-practica-practica-pedagogica-uso-del-doble-comando-en-vehiculos-de-instruccion\/","title":{"rendered":"M\u00f3dulo 3: Formaci\u00f3n Espec\u00edfica (Pr\u00e1ctica): Pr\u00e1ctica Pedag\u00f3gica: Uso del Doble Comando en Veh\u00edculos de Instrucci\u00f3n"},"content":{"rendered":"\t\t<div data-elementor-type=\"wp-post\" data-elementor-id=\"13333\" class=\"elementor elementor-13333\">\n\t\t\t\t\t\t<section class=\"elementor-section elementor-top-section elementor-element elementor-element-7951570 elementor-section-boxed elementor-section-height-default elementor-section-height-default\" data-id=\"7951570\" data-element_type=\"section\">\n\t\t\t\t\t\t<div class=\"elementor-container elementor-column-gap-default\">\n\t\t\t\t\t<div class=\"elementor-column elementor-col-100 elementor-top-column elementor-element elementor-element-5e3b9c8\" data-id=\"5e3b9c8\" data-element_type=\"column\">\n\t\t\t<div class=\"elementor-widget-wrap elementor-element-populated\">\n\t\t\t\t\t\t<div class=\"elementor-element elementor-element-1717447 elementor-widget elementor-widget-text-editor\" data-id=\"1717447\" data-element_type=\"widget\" data-widget_type=\"text-editor.default\">\n\t\t\t\t<div class=\"elementor-widget-container\">\n\t\t\t\t\t\t\t\t\t<h2 style=\"text-align: center;\">M\u00f3dulo 3: Formaci\u00f3n Espec\u00edfica (Pr\u00e1ctica): Pr\u00e1ctica Pedag\u00f3gica: Uso del Doble Comando en Veh\u00edculos de Instrucci\u00f3n<\/h2>\t\t\t\t\t\t\t\t<\/div>\n\t\t\t\t<\/div>\n\t\t\t\t<div class=\"elementor-element elementor-element-1bbdbc5 elementor-widget elementor-widget-text-editor\" data-id=\"1bbdbc5\" data-element_type=\"widget\" data-widget_type=\"text-editor.default\">\n\t\t\t\t<div class=\"elementor-widget-container\">\n\t\t\t\t\t\t\t\t\t<div><h4><strong>1. Definici\u00f3n y Contexto<\/strong><\/h4><br \/><p class=\"break-words\">Dentro del <strong>M\u00f3dulo 3: Formaci\u00f3n Espec\u00edfica (Pr\u00e1ctica)<\/strong>, el apartado \u00abPr\u00e1ctica Pedag\u00f3gica\u00bb incluye el <strong>uso del doble comando en veh\u00edculos de instrucci\u00f3n<\/strong> como una herramienta clave que los instructores deben dominar para supervisar y corregir a los futuros conductores en tiempo real durante las sesiones pr\u00e1cticas. El doble comando consiste en:<\/p><br \/><ul><li style=\"list-style-type: none;\"><ul><li class=\"break-words\">Un sistema de pedales auxiliares (freno y embrague, y a veces acelerador) instalado en el lado del copiloto.<\/li><\/ul><\/li><\/ul><br \/><ul><li style=\"list-style-type: none;\"><ul><li class=\"break-words\">Un mecanismo que permite al instructor intervenir directamente en el control del veh\u00edculo sin desplazar al aprendiz.<\/li><\/ul><\/li><\/ul><br \/><p class=\"break-words\">La resoluci\u00f3n destaca esta t\u00e9cnica como parte integral de la formaci\u00f3n pr\u00e1ctica, asegurando que los instructores puedan ense\u00f1ar maniobras y garantizar seguridad, alineada con el objetivo de formar conductores competentes en entornos reales.<\/p><br \/><h4><strong>2. Importancia en la Formaci\u00f3n Vial<\/strong><\/h4><br \/><ul><li style=\"list-style-type: none;\"><ul><li class=\"break-words\"><strong>Seguridad:<\/strong> El doble comando previene accidentes durante el aprendizaje, esencial en un pa\u00eds con m\u00e1s de 7,000 muertes viales anuales (ONSV).<\/li><\/ul><\/li><\/ul><br \/><ul><li style=\"list-style-type: none;\"><ul><li class=\"break-words\"><strong>Correcci\u00f3n Inmediata:<\/strong> Permite ajustar errores en el momento, mejorando habilidades antes de que se consoliden fallos.<\/li><\/ul><\/li><\/ul><br \/><ul><li style=\"list-style-type: none;\"><ul><li class=\"break-words\"><strong>Confianza del Aprendiz:<\/strong> Ofrece un entorno seguro donde los aprendices pueden practicar sin temor, sabiendo que el instructor tiene control.<\/li><\/ul><\/li><\/ul><br \/><h4><strong>3. Caracter\u00edsticas del Doble Comando<\/strong><\/h4><br \/><p class=\"break-words\">El doble comando es un sistema t\u00e9cnico dise\u00f1ado para la ense\u00f1anza.<\/p><br \/><h5><strong>a) Componentes<\/strong><\/h5><br \/><ul><li style=\"list-style-type: none;\"><ul><li class=\"break-words\"><strong>Pedal de Freno Auxiliar:<\/strong> Detiene el veh\u00edculo si el aprendiz no frena a tiempo.<\/li><\/ul><\/li><\/ul><br \/><ul><li style=\"list-style-type: none;\"><ul><li class=\"break-words\"><strong>Pedal de Embrague Auxiliar:<\/strong> Controla el cambio de marchas o evita que el motor se apague (en veh\u00edculos manuales).<\/li><\/ul><\/li><\/ul><br \/><ul><li style=\"list-style-type: none;\"><ul><li class=\"break-words\"><strong>Pedal de Acelerador (Opcional):<\/strong> Menos com\u00fan, usado para asistir en arranques.<\/li><\/ul><\/li><\/ul><br \/><ul><li style=\"list-style-type: none;\"><ul><li class=\"break-words\"><strong>Instalaci\u00f3n:<\/strong> Conectado mec\u00e1nica o electr\u00f3nicamente al sistema principal, accesible solo desde el asiento del instructor.<\/li><\/ul><\/li><\/ul><br \/><h5><strong>b) Uso T\u00e9cnico<\/strong><\/h5><br \/><ul><li style=\"list-style-type: none;\"><ul><li class=\"break-words\"><strong>Prioridad:<\/strong> El doble comando tiene precedencia sobre los pedales del aprendiz.<\/li><\/ul><\/li><\/ul><br \/><ul><li style=\"list-style-type: none;\"><ul><li class=\"break-words\"><strong>Intervenci\u00f3n:<\/strong> Activado con presi\u00f3n suave pero firme por el instructor.<\/li><\/ul><\/li><\/ul><br \/><ul><li style=\"list-style-type: none;\"><ul><li class=\"break-words\"><strong>Mantenimiento:<\/strong> Revisi\u00f3n regular para garantizar funcionalidad.<\/li><\/ul><\/li><\/ul><br \/><h4><strong>4. Aplicaci\u00f3n Pedag\u00f3gica del Doble Comando<\/strong><\/h4><br \/><p class=\"break-words\">El instructor utiliza el doble comando para supervisar y corregir en tiempo real.<\/p><br \/><h5><strong>a) Supervisi\u00f3n<\/strong><\/h5><br \/><ul><li style=\"list-style-type: none;\"><ul><li class=\"break-words\"><strong>Monitoreo:<\/strong> Observar la ejecuci\u00f3n del aprendiz (frenado, embrague, direcci\u00f3n).<\/li><\/ul><\/li><\/ul><br \/><ul><li style=\"list-style-type: none;\"><ul><li class=\"break-words\"><strong>Anticipaci\u00f3n:<\/strong> Prever riesgos seg\u00fan el entorno (tr\u00e1fico, obst\u00e1culos) y estar listo para actuar.<\/li><\/ul><\/li><\/ul><br \/><ul><li style=\"list-style-type: none;\"><ul><li class=\"break-words\"><strong>Ejemplo:<\/strong> Detectar que el aprendiz no frena ante un peat\u00f3n y preparar el pedal auxiliar.<\/li><\/ul><\/li><\/ul><br \/><h5><strong>b) Correcci\u00f3n<\/strong><\/h5><br \/><ul><li style=\"list-style-type: none;\"><ul><li class=\"break-words\"><strong>Intervenci\u00f3n F\u00edsica:<\/strong> Usar el freno o embrague para evitar errores graves.<\/li><\/ul><\/li><\/ul><br \/><ul><li style=\"list-style-type: none;\"><ul><li class=\"break-words\"><strong>Instrucci\u00f3n Verbal:<\/strong> Combinar con comandos claros: \u00abFrena ahora\u00bb mientras se pisa el pedal.<\/li><\/ul><\/li><\/ul><br \/><ul><li style=\"list-style-type: none;\"><ul><li class=\"break-words\"><strong>Refuerzo:<\/strong> Repetir la maniobra tras la correcci\u00f3n para consolidar el aprendizaje.<\/li><\/ul><\/li><\/ul><br \/><ul><li style=\"list-style-type: none;\"><ul><li class=\"break-words\"><strong>Ejemplo:<\/strong> Pisar el freno auxiliar al ver un giro brusco, diciendo \u00abGira m\u00e1s suave.\u00bb<\/li><\/ul><\/li><\/ul><br \/><h4><strong>5. Estrategias Pedag\u00f3gicas<\/strong><\/h4><br \/><p class=\"break-words\">El instructor puede emplear estas estrategias para ense\u00f1ar con el doble comando:<\/p><br \/><h5><strong>a) Demostraci\u00f3n Inicial<\/strong><\/h5><br \/><ul><li style=\"list-style-type: none;\"><ul><li class=\"break-words\"><strong>M\u00e9todo:<\/strong> Mostrar maniobras usando el doble comando para que el aprendiz observe.<\/li><\/ul><\/li><\/ul><br \/><ul><li style=\"list-style-type: none;\"><ul><li class=\"break-words\"><strong>Ejemplo:<\/strong> Frenar suavemente ante un cono con el pedal auxiliar, explicando \u00abAs\u00ed se hace.\u00bb<\/li><\/ul><\/li><\/ul><br \/><h5><strong>b) Pr\u00e1ctica Controlada<\/strong><\/h5><br \/><ul><li style=\"list-style-type: none;\"><ul><li class=\"break-words\"><strong>M\u00e9todo:<\/strong> Permitir al aprendiz conducir mientras se interviene solo cuando sea necesario.<\/li><\/ul><\/li><\/ul><br \/><ul><li style=\"list-style-type: none;\"><ul><li class=\"break-words\"><strong>Ejemplo:<\/strong> Dejar que avance en una recta, pisando embrague si el motor va a calarse.<\/li><\/ul><\/li><\/ul><br \/><h5><strong>c) Simulaci\u00f3n de Riesgos<\/strong><\/h5><br \/><ul><li style=\"list-style-type: none;\"><ul><li class=\"break-words\"><strong>M\u00e9todo:<\/strong> Crear escenarios seguros (con conos) para practicar intervenciones.<\/li><\/ul><\/li><\/ul><br \/><ul><li style=\"list-style-type: none;\"><ul><li class=\"break-words\"><strong>Ejemplo:<\/strong> Simular un peat\u00f3n cruzando y usar el freno auxiliar si el aprendiz no reacciona.<\/li><\/ul><\/li><\/ul><br \/><h5><strong>d) Retroalimentaci\u00f3n Combinada<\/strong><\/h5><br \/><ul><li style=\"list-style-type: none;\"><ul><li class=\"break-words\"><strong>M\u00e9todo:<\/strong> Corregir con el doble comando y explicar verbalmente el ajuste.<\/li><\/ul><\/li><\/ul><br \/><ul><li style=\"list-style-type: none;\"><ul><li class=\"break-words\"><strong>Ejemplo:<\/strong> \u00abPis\u00e9 el freno porque ibas muy r\u00e1pido; intenta de nuevo m\u00e1s lento.\u00bb<\/li><\/ul><\/li><\/ul><br \/><h4><strong>6. Ejemplo Pr\u00e1ctico<\/strong><\/h4><br \/><p class=\"break-words\">Un instructor forma a un grupo para la categor\u00eda B1 (autom\u00f3viles particulares) en Barranquilla:<\/p><br \/><ul><li style=\"list-style-type: none;\"><ul><li class=\"break-words\"><strong>Tema:<\/strong> Uso del doble comando en maniobras urbanas.<\/li><\/ul><\/li><\/ul><br \/><ul><li style=\"list-style-type: none;\"><ul><li class=\"break-words\"><strong>Estrategia:<\/strong><ol><li style=\"list-style-type: none;\"><ol><li class=\"break-words\"><strong>Demostraci\u00f3n:<\/strong> Avanza y frena ante un cruce con el doble comando (10 min).<\/li><\/ol><\/li><\/ol><br \/><ol><li style=\"list-style-type: none;\"><ol><li class=\"break-words\"><strong>Pr\u00e1ctica:<\/strong> Los aprendices conducen en v\u00eda urbana; el instructor:<br \/><ul><li style=\"list-style-type: none;\"><ul><li class=\"break-words\">Usa freno auxiliar ante un sem\u00e1foro rojo (\u00abFrena antes\u00bb).<\/li><\/ul><\/li><\/ul><br \/><ul><li style=\"list-style-type: none;\"><ul><li class=\"break-words\">Pisa embrague si el motor se apaga (\u00abSuelta m\u00e1s lento\u00bb).<\/li><\/ul><\/li><\/ul><\/li><\/ol><\/li><\/ol><br \/><ol><li style=\"list-style-type: none;\"><ol><li class=\"break-words\"><strong>Retroalimentaci\u00f3n:<\/strong> \u00abBien el giro, pero revisa espejos primero\u00bb (15 min).<\/li><\/ol><\/li><\/ol><\/li><\/ul><\/li><\/ul><br \/><ul><li style=\"list-style-type: none;\"><ul><li class=\"break-words\"><strong>Resultado:<\/strong> Los aprendices ajustan maniobras con seguridad bajo supervisi\u00f3n.<\/li><\/ul><\/li><\/ul><br \/><h4><strong>7. Relevancia en el Contexto Colombiano<\/strong><\/h4><br \/><ul><li style=\"list-style-type: none;\"><ul><li class=\"break-words\"><strong>Tr\u00e1fico Denso:<\/strong> Ciudades como Bogot\u00e1 (51% de v\u00edctimas son motociclistas, ONSV) requieren control preciso para evitar choques.<\/li><\/ul><\/li><\/ul><br \/><ul><li style=\"list-style-type: none;\"><ul><li class=\"break-words\"><strong>Condiciones Variables:<\/strong> Lluvia o pendientes exigen intervenciones r\u00e1pidas del doble comando.<\/li><\/ul><\/li><\/ul><br \/><ul><li style=\"list-style-type: none;\"><ul><li class=\"break-words\"><strong>Aprendices Novatos:<\/strong> La alta siniestralidad (7,000+ muertes) subraya la necesidad de supervisi\u00f3n estricta.<\/li><\/ul><\/li><\/ul><br \/><h4><strong>8. Conclusi\u00f3n<\/strong><\/h4><br \/><p class=\"break-words\">El uso del doble comando en veh\u00edculos de instrucci\u00f3n es una herramienta pedag\u00f3gica vital para la formaci\u00f3n pr\u00e1ctica. El instructor, al aplicarlo, garantiza un aprendizaje seguro y efectivo, corrigiendo errores en tiempo real. En Colombia, donde las condiciones viales y la siniestralidad presentan retos constantes, esta t\u00e9cnica es esencial para formar conductores h\u00e1biles y responsables.<\/p><\/div>\t\t\t\t\t\t\t\t<\/div>\n\t\t\t\t<\/div>\n\t\t\t\t\t<\/div>\n\t\t<\/div>\n\t\t\t\t\t<\/div>\n\t\t<\/section>\n\t\t\t\t<\/div>\n\t\t","protected":false},"excerpt":{"rendered":"<p>M\u00f3dulo 3: Formaci\u00f3n Espec\u00edfica (Pr\u00e1ctica): Pr\u00e1ctica Pedag\u00f3gica: Uso del Doble Comando en Veh\u00edculos de Instrucci\u00f3n 1. Definici\u00f3n y Contexto Dentro [&hellip;]<\/p>\n","protected":false},"author":2,"featured_media":0,"comment_status":"open","ping_status":"open","sticky":false,"template":"elementor_canvas","format":"standard","meta":{"site-sidebar-layout":"default","site-content-layout":"","ast-site-content-layout":"default","site-content-style":"default","site-sidebar-style":"default","ast-global-header-display":"","ast-banner-title-visibility":"","ast-main-header-display":"","ast-hfb-above-header-display":"","ast-hfb-below-header-display":"","ast-hfb-mobile-header-display":"","site-post-title":"","ast-breadcrumbs-content":"","ast-featured-img":"","footer-sml-layout":"","theme-transparent-header-meta":"","adv-header-id-meta":"","stick-header-meta":"","header-above-stick-meta":"","header-main-stick-meta":"","header-below-stick-meta":"","astra-migrate-meta-layouts":"set","ast-page-background-enabled":"default","ast-page-background-meta":{"desktop":{"background-color":"var(--ast-global-color-4)","background-image":"","background-repeat":"repeat","background-position":"center center","background-size":"auto","background-attachment":"scroll","background-type":"","background-media":"","overlay-type":"","overlay-color":"","overlay-opacity":"","overlay-gradient":""},"tablet":{"background-color":"","background-image":"","background-repeat":"repeat","background-position":"center center","background-size":"auto","background-attachment":"scroll","background-type":"","background-media":"","overlay-type":"","overlay-color":"","overlay-opacity":"","overlay-gradient":""},"mobile":{"background-color":"","background-image":"","background-repeat":"repeat","background-position":"center center","background-size":"auto","background-attachment":"scroll","background-type":"","background-media":"","overlay-type":"","overlay-color":"","overlay-opacity":"","overlay-gradient":""}},"ast-content-background-meta":{"desktop":{"background-color":"var(--ast-global-color-5)","background-image":"","background-repeat":"repeat","background-position":"center center","background-size":"auto","background-attachment":"scroll","background-type":"","background-media":"","overlay-type":"","overlay-color":"","overlay-opacity":"","overlay-gradient":""},"tablet":{"background-color":"var(--ast-global-color-5)","background-image":"","background-repeat":"repeat","background-position":"center center","background-size":"auto","background-attachment":"scroll","background-type":"","background-media":"","overlay-type":"","overlay-color":"","overlay-opacity":"","overlay-gradient":""},"mobile":{"background-color":"var(--ast-global-color-5)","background-image":"","background-repeat":"repeat","background-position":"center center","background-size":"auto","background-attachment":"scroll","background-type":"","background-media":"","overlay-type":"","overlay-color":"","overlay-opacity":"","overlay-gradient":""}},"footnotes":""},"categories":[25],"tags":[],"class_list":["post-13333","post","type-post","status-publish","format-standard","hentry","category-curso-instructores"],"yoast_head":"<!-- This site is optimized with the Yoast SEO plugin v26.4 - https:\/\/yoast.com\/wordpress\/plugins\/seo\/ -->\n<title>M\u00f3dulo 3: Formaci\u00f3n Espec\u00edfica (Pr\u00e1ctica): Pr\u00e1ctica Pedag\u00f3gica: Uso del Doble Comando en Veh\u00edculos de Instrucci\u00f3n - Conducir Colombia<\/title>\n<meta name=\"robots\" content=\"index, follow, max-snippet:-1, max-image-preview:large, max-video-preview:-1\" \/>\n<link rel=\"canonical\" href=\"https:\/\/conducircolombia.com\/cea\/modulo-3-formacion-especifica-practica-practica-pedagogica-uso-del-doble-comando-en-vehiculos-de-instruccion\/\" \/>\n<meta property=\"og:locale\" content=\"es_ES\" \/>\n<meta property=\"og:type\" content=\"article\" \/>\n<meta property=\"og:title\" content=\"M\u00f3dulo 3: Formaci\u00f3n Espec\u00edfica (Pr\u00e1ctica): Pr\u00e1ctica Pedag\u00f3gica: Uso del Doble Comando en Veh\u00edculos de Instrucci\u00f3n - Conducir Colombia\" \/>\n<meta property=\"og:description\" content=\"M\u00f3dulo 3: Formaci\u00f3n Espec\u00edfica (Pr\u00e1ctica): Pr\u00e1ctica Pedag\u00f3gica: Uso del Doble Comando en Veh\u00edculos de Instrucci\u00f3n 1. Definici\u00f3n y Contexto Dentro [&hellip;]\" \/>\n<meta property=\"og:url\" content=\"https:\/\/conducircolombia.com\/cea\/modulo-3-formacion-especifica-practica-practica-pedagogica-uso-del-doble-comando-en-vehiculos-de-instruccion\/\" \/>\n<meta property=\"og:site_name\" content=\"Conducir Colombia\" \/>\n<meta property=\"article:publisher\" content=\"https:\/\/www.facebook.com\/ConducirColombiaBogota\" \/>\n<meta property=\"article:published_time\" content=\"2025-02-25T02:18:44+00:00\" \/>\n<meta property=\"article:modified_time\" content=\"2025-02-25T02:19:45+00:00\" \/>\n<meta property=\"og:image\" content=\"https:\/\/conducircolombia.com\/cea\/wp-content\/uploads\/2025\/02\/logo1000.webp\" \/>\n\t<meta property=\"og:image:width\" content=\"1000\" \/>\n\t<meta property=\"og:image:height\" content=\"201\" \/>\n\t<meta property=\"og:image:type\" content=\"image\/webp\" \/>\n<meta name=\"author\" content=\"memo fichas\" \/>\n<meta name=\"twitter:card\" content=\"summary_large_image\" \/>\n<meta name=\"twitter:label1\" content=\"Escrito por\" \/>\n\t<meta name=\"twitter:data1\" content=\"memo fichas\" \/>\n\t<meta name=\"twitter:label2\" content=\"Tiempo de lectura\" \/>\n\t<meta name=\"twitter:data2\" content=\"4 minutos\" \/>\n<script type=\"application\/ld+json\" class=\"yoast-schema-graph\">{\"@context\":\"https:\/\/schema.org\",\"@graph\":[{\"@type\":\"Article\",\"@id\":\"https:\/\/conducircolombia.com\/cea\/modulo-3-formacion-especifica-practica-practica-pedagogica-uso-del-doble-comando-en-vehiculos-de-instruccion\/#article\",\"isPartOf\":{\"@id\":\"https:\/\/conducircolombia.com\/cea\/modulo-3-formacion-especifica-practica-practica-pedagogica-uso-del-doble-comando-en-vehiculos-de-instruccion\/\"},\"author\":{\"name\":\"memo fichas\",\"@id\":\"https:\/\/conducircolombia.com\/cea\/#\/schema\/person\/39f266f3357066ea02c614168ee5b0d2\"},\"headline\":\"M\u00f3dulo 3: Formaci\u00f3n Espec\u00edfica (Pr\u00e1ctica): Pr\u00e1ctica Pedag\u00f3gica: Uso del Doble Comando en Veh\u00edculos de Instrucci\u00f3n\",\"datePublished\":\"2025-02-25T02:18:44+00:00\",\"dateModified\":\"2025-02-25T02:19:45+00:00\",\"mainEntityOfPage\":{\"@id\":\"https:\/\/conducircolombia.com\/cea\/modulo-3-formacion-especifica-practica-practica-pedagogica-uso-del-doble-comando-en-vehiculos-de-instruccion\/\"},\"wordCount\":835,\"commentCount\":0,\"publisher\":{\"@id\":\"https:\/\/conducircolombia.com\/cea\/#organization\"},\"articleSection\":[\"Curso Instructores\"],\"inLanguage\":\"es\",\"potentialAction\":[{\"@type\":\"CommentAction\",\"name\":\"Comment\",\"target\":[\"https:\/\/conducircolombia.com\/cea\/modulo-3-formacion-especifica-practica-practica-pedagogica-uso-del-doble-comando-en-vehiculos-de-instruccion\/#respond\"]}]},{\"@type\":\"WebPage\",\"@id\":\"https:\/\/conducircolombia.com\/cea\/modulo-3-formacion-especifica-practica-practica-pedagogica-uso-del-doble-comando-en-vehiculos-de-instruccion\/\",\"url\":\"https:\/\/conducircolombia.com\/cea\/modulo-3-formacion-especifica-practica-practica-pedagogica-uso-del-doble-comando-en-vehiculos-de-instruccion\/\",\"name\":\"M\u00f3dulo 3: Formaci\u00f3n Espec\u00edfica (Pr\u00e1ctica): Pr\u00e1ctica Pedag\u00f3gica: Uso del Doble Comando en Veh\u00edculos de Instrucci\u00f3n - Conducir Colombia\",\"isPartOf\":{\"@id\":\"https:\/\/conducircolombia.com\/cea\/#website\"},\"datePublished\":\"2025-02-25T02:18:44+00:00\",\"dateModified\":\"2025-02-25T02:19:45+00:00\",\"breadcrumb\":{\"@id\":\"https:\/\/conducircolombia.com\/cea\/modulo-3-formacion-especifica-practica-practica-pedagogica-uso-del-doble-comando-en-vehiculos-de-instruccion\/#breadcrumb\"},\"inLanguage\":\"es\",\"potentialAction\":[{\"@type\":\"ReadAction\",\"target\":[\"https:\/\/conducircolombia.com\/cea\/modulo-3-formacion-especifica-practica-practica-pedagogica-uso-del-doble-comando-en-vehiculos-de-instruccion\/\"]}]},{\"@type\":\"BreadcrumbList\",\"@id\":\"https:\/\/conducircolombia.com\/cea\/modulo-3-formacion-especifica-practica-practica-pedagogica-uso-del-doble-comando-en-vehiculos-de-instruccion\/#breadcrumb\",\"itemListElement\":[{\"@type\":\"ListItem\",\"position\":1,\"name\":\"Portada\",\"item\":\"https:\/\/conducircolombia.com\/cea\/\"},{\"@type\":\"ListItem\",\"position\":2,\"name\":\"M\u00f3dulo 3: Formaci\u00f3n Espec\u00edfica (Pr\u00e1ctica): Pr\u00e1ctica Pedag\u00f3gica: Uso del Doble Comando en Veh\u00edculos de Instrucci\u00f3n\"}]},{\"@type\":\"WebSite\",\"@id\":\"https:\/\/conducircolombia.com\/cea\/#website\",\"url\":\"https:\/\/conducircolombia.com\/cea\/\",\"name\":\"Conducir Colombia\",\"description\":\"Academia de Conducci\u00f3n\",\"publisher\":{\"@id\":\"https:\/\/conducircolombia.com\/cea\/#organization\"},\"potentialAction\":[{\"@type\":\"SearchAction\",\"target\":{\"@type\":\"EntryPoint\",\"urlTemplate\":\"https:\/\/conducircolombia.com\/cea\/?s={search_term_string}\"},\"query-input\":{\"@type\":\"PropertyValueSpecification\",\"valueRequired\":true,\"valueName\":\"search_term_string\"}}],\"inLanguage\":\"es\"},{\"@type\":\"Organization\",\"@id\":\"https:\/\/conducircolombia.com\/cea\/#organization\",\"name\":\"Conducir Colombia\",\"alternateName\":\"Conducir Colombia\",\"url\":\"https:\/\/conducircolombia.com\/cea\/\",\"logo\":{\"@type\":\"ImageObject\",\"inLanguage\":\"es\",\"@id\":\"https:\/\/conducircolombia.com\/cea\/#\/schema\/logo\/image\/\",\"url\":\"https:\/\/conducircolombia.com\/cea\/wp-content\/uploads\/2025\/02\/logowp.jpg\",\"contentUrl\":\"https:\/\/conducircolombia.com\/cea\/wp-content\/uploads\/2025\/02\/logowp.jpg\",\"width\":300,\"height\":299,\"caption\":\"Conducir Colombia\"},\"image\":{\"@id\":\"https:\/\/conducircolombia.com\/cea\/#\/schema\/logo\/image\/\"},\"sameAs\":[\"https:\/\/www.facebook.com\/ConducirColombiaBogota\"]},{\"@type\":\"Person\",\"@id\":\"https:\/\/conducircolombia.com\/cea\/#\/schema\/person\/39f266f3357066ea02c614168ee5b0d2\",\"name\":\"memo fichas\",\"image\":{\"@type\":\"ImageObject\",\"inLanguage\":\"es\",\"@id\":\"https:\/\/conducircolombia.com\/cea\/#\/schema\/person\/image\/\",\"url\":\"https:\/\/secure.gravatar.com\/avatar\/e1b894dfed71a479efeaf73bfb32c5e92c855e56311b32924ca240a9bcec68b2?s=96&d=mm&r=g\",\"contentUrl\":\"https:\/\/secure.gravatar.com\/avatar\/e1b894dfed71a479efeaf73bfb32c5e92c855e56311b32924ca240a9bcec68b2?s=96&d=mm&r=g\",\"caption\":\"memo fichas\"},\"url\":\"https:\/\/conducircolombia.com\/cea\/author\/conducir1\/\"}]}<\/script>\n<!-- \/ Yoast SEO plugin. -->","yoast_head_json":{"title":"M\u00f3dulo 3: Formaci\u00f3n Espec\u00edfica (Pr\u00e1ctica): Pr\u00e1ctica Pedag\u00f3gica: Uso del Doble Comando en Veh\u00edculos de Instrucci\u00f3n - Conducir Colombia","robots":{"index":"index","follow":"follow","max-snippet":"max-snippet:-1","max-image-preview":"max-image-preview:large","max-video-preview":"max-video-preview:-1"},"canonical":"https:\/\/conducircolombia.com\/cea\/modulo-3-formacion-especifica-practica-practica-pedagogica-uso-del-doble-comando-en-vehiculos-de-instruccion\/","og_locale":"es_ES","og_type":"article","og_title":"M\u00f3dulo 3: Formaci\u00f3n Espec\u00edfica (Pr\u00e1ctica): Pr\u00e1ctica Pedag\u00f3gica: Uso del Doble Comando en Veh\u00edculos de Instrucci\u00f3n - Conducir Colombia","og_description":"M\u00f3dulo 3: Formaci\u00f3n Espec\u00edfica (Pr\u00e1ctica): Pr\u00e1ctica Pedag\u00f3gica: Uso del Doble Comando en Veh\u00edculos de Instrucci\u00f3n 1. Definici\u00f3n y Contexto Dentro [&hellip;]","og_url":"https:\/\/conducircolombia.com\/cea\/modulo-3-formacion-especifica-practica-practica-pedagogica-uso-del-doble-comando-en-vehiculos-de-instruccion\/","og_site_name":"Conducir Colombia","article_publisher":"https:\/\/www.facebook.com\/ConducirColombiaBogota","article_published_time":"2025-02-25T02:18:44+00:00","article_modified_time":"2025-02-25T02:19:45+00:00","og_image":[{"width":1000,"height":201,"url":"https:\/\/conducircolombia.com\/cea\/wp-content\/uploads\/2025\/02\/logo1000.webp","type":"image\/webp"}],"author":"memo fichas","twitter_card":"summary_large_image","twitter_misc":{"Escrito por":"memo fichas","Tiempo de lectura":"4 minutos"},"schema":{"@context":"https:\/\/schema.org","@graph":[{"@type":"Article","@id":"https:\/\/conducircolombia.com\/cea\/modulo-3-formacion-especifica-practica-practica-pedagogica-uso-del-doble-comando-en-vehiculos-de-instruccion\/#article","isPartOf":{"@id":"https:\/\/conducircolombia.com\/cea\/modulo-3-formacion-especifica-practica-practica-pedagogica-uso-del-doble-comando-en-vehiculos-de-instruccion\/"},"author":{"name":"memo fichas","@id":"https:\/\/conducircolombia.com\/cea\/#\/schema\/person\/39f266f3357066ea02c614168ee5b0d2"},"headline":"M\u00f3dulo 3: Formaci\u00f3n Espec\u00edfica (Pr\u00e1ctica): Pr\u00e1ctica Pedag\u00f3gica: Uso del Doble Comando en Veh\u00edculos de Instrucci\u00f3n","datePublished":"2025-02-25T02:18:44+00:00","dateModified":"2025-02-25T02:19:45+00:00","mainEntityOfPage":{"@id":"https:\/\/conducircolombia.com\/cea\/modulo-3-formacion-especifica-practica-practica-pedagogica-uso-del-doble-comando-en-vehiculos-de-instruccion\/"},"wordCount":835,"commentCount":0,"publisher":{"@id":"https:\/\/conducircolombia.com\/cea\/#organization"},"articleSection":["Curso Instructores"],"inLanguage":"es","potentialAction":[{"@type":"CommentAction","name":"Comment","target":["https:\/\/conducircolombia.com\/cea\/modulo-3-formacion-especifica-practica-practica-pedagogica-uso-del-doble-comando-en-vehiculos-de-instruccion\/#respond"]}]},{"@type":"WebPage","@id":"https:\/\/conducircolombia.com\/cea\/modulo-3-formacion-especifica-practica-practica-pedagogica-uso-del-doble-comando-en-vehiculos-de-instruccion\/","url":"https:\/\/conducircolombia.com\/cea\/modulo-3-formacion-especifica-practica-practica-pedagogica-uso-del-doble-comando-en-vehiculos-de-instruccion\/","name":"M\u00f3dulo 3: Formaci\u00f3n Espec\u00edfica (Pr\u00e1ctica): Pr\u00e1ctica Pedag\u00f3gica: Uso del Doble Comando en Veh\u00edculos de Instrucci\u00f3n - Conducir Colombia","isPartOf":{"@id":"https:\/\/conducircolombia.com\/cea\/#website"},"datePublished":"2025-02-25T02:18:44+00:00","dateModified":"2025-02-25T02:19:45+00:00","breadcrumb":{"@id":"https:\/\/conducircolombia.com\/cea\/modulo-3-formacion-especifica-practica-practica-pedagogica-uso-del-doble-comando-en-vehiculos-de-instruccion\/#breadcrumb"},"inLanguage":"es","potentialAction":[{"@type":"ReadAction","target":["https:\/\/conducircolombia.com\/cea\/modulo-3-formacion-especifica-practica-practica-pedagogica-uso-del-doble-comando-en-vehiculos-de-instruccion\/"]}]},{"@type":"BreadcrumbList","@id":"https:\/\/conducircolombia.com\/cea\/modulo-3-formacion-especifica-practica-practica-pedagogica-uso-del-doble-comando-en-vehiculos-de-instruccion\/#breadcrumb","itemListElement":[{"@type":"ListItem","position":1,"name":"Portada","item":"https:\/\/conducircolombia.com\/cea\/"},{"@type":"ListItem","position":2,"name":"M\u00f3dulo 3: Formaci\u00f3n Espec\u00edfica (Pr\u00e1ctica): Pr\u00e1ctica Pedag\u00f3gica: Uso del Doble Comando en Veh\u00edculos de Instrucci\u00f3n"}]},{"@type":"WebSite","@id":"https:\/\/conducircolombia.com\/cea\/#website","url":"https:\/\/conducircolombia.com\/cea\/","name":"Conducir Colombia","description":"Academia de Conducci\u00f3n","publisher":{"@id":"https:\/\/conducircolombia.com\/cea\/#organization"},"potentialAction":[{"@type":"SearchAction","target":{"@type":"EntryPoint","urlTemplate":"https:\/\/conducircolombia.com\/cea\/?s={search_term_string}"},"query-input":{"@type":"PropertyValueSpecification","valueRequired":true,"valueName":"search_term_string"}}],"inLanguage":"es"},{"@type":"Organization","@id":"https:\/\/conducircolombia.com\/cea\/#organization","name":"Conducir Colombia","alternateName":"Conducir Colombia","url":"https:\/\/conducircolombia.com\/cea\/","logo":{"@type":"ImageObject","inLanguage":"es","@id":"https:\/\/conducircolombia.com\/cea\/#\/schema\/logo\/image\/","url":"https:\/\/conducircolombia.com\/cea\/wp-content\/uploads\/2025\/02\/logowp.jpg","contentUrl":"https:\/\/conducircolombia.com\/cea\/wp-content\/uploads\/2025\/02\/logowp.jpg","width":300,"height":299,"caption":"Conducir Colombia"},"image":{"@id":"https:\/\/conducircolombia.com\/cea\/#\/schema\/logo\/image\/"},"sameAs":["https:\/\/www.facebook.com\/ConducirColombiaBogota"]},{"@type":"Person","@id":"https:\/\/conducircolombia.com\/cea\/#\/schema\/person\/39f266f3357066ea02c614168ee5b0d2","name":"memo fichas","image":{"@type":"ImageObject","inLanguage":"es","@id":"https:\/\/conducircolombia.com\/cea\/#\/schema\/person\/image\/","url":"https:\/\/secure.gravatar.com\/avatar\/e1b894dfed71a479efeaf73bfb32c5e92c855e56311b32924ca240a9bcec68b2?s=96&d=mm&r=g","contentUrl":"https:\/\/secure.gravatar.com\/avatar\/e1b894dfed71a479efeaf73bfb32c5e92c855e56311b32924ca240a9bcec68b2?s=96&d=mm&r=g","caption":"memo fichas"},"url":"https:\/\/conducircolombia.com\/cea\/author\/conducir1\/"}]}},"_links":{"self":[{"href":"https:\/\/conducircolombia.com\/cea\/wp-json\/wp\/v2\/posts\/13333","targetHints":{"allow":["GET"]}}],"collection":[{"href":"https:\/\/conducircolombia.com\/cea\/wp-json\/wp\/v2\/posts"}],"about":[{"href":"https:\/\/conducircolombia.com\/cea\/wp-json\/wp\/v2\/types\/post"}],"author":[{"embeddable":true,"href":"https:\/\/conducircolombia.com\/cea\/wp-json\/wp\/v2\/users\/2"}],"replies":[{"embeddable":true,"href":"https:\/\/conducircolombia.com\/cea\/wp-json\/wp\/v2\/comments?post=13333"}],"version-history":[{"count":4,"href":"https:\/\/conducircolombia.com\/cea\/wp-json\/wp\/v2\/posts\/13333\/revisions"}],"predecessor-version":[{"id":13337,"href":"https:\/\/conducircolombia.com\/cea\/wp-json\/wp\/v2\/posts\/13333\/revisions\/13337"}],"wp:attachment":[{"href":"https:\/\/conducircolombia.com\/cea\/wp-json\/wp\/v2\/media?parent=13333"}],"wp:term":[{"taxonomy":"category","embeddable":true,"href":"https:\/\/conducircolombia.com\/cea\/wp-json\/wp\/v2\/categories?post=13333"},{"taxonomy":"post_tag","embeddable":true,"href":"https:\/\/conducircolombia.com\/cea\/wp-json\/wp\/v2\/tags?post=13333"}],"curies":[{"name":"wp","href":"https:\/\/api.w.org\/{rel}","templated":true}]}}