{"id":14690,"date":"2025-04-27T23:03:04","date_gmt":"2025-04-28T04:03:04","guid":{"rendered":"https:\/\/conducircolombia.com\/cea\/?p=14690"},"modified":"2025-04-27T23:16:01","modified_gmt":"2025-04-28T04:16:01","slug":"seguridad-vial-convivencia-vias-publicas","status":"publish","type":"post","link":"https:\/\/conducircolombia.com\/cea\/seguridad-vial-convivencia-vias-publicas\/","title":{"rendered":"seguridad-vial-convivencia-vias-publicas"},"content":{"rendered":"\t\t<div data-elementor-type=\"wp-post\" data-elementor-id=\"14690\" class=\"elementor elementor-14690\">\n\t\t\t\t\t\t<section class=\"elementor-section elementor-top-section elementor-element elementor-element-5c7779c elementor-section-boxed elementor-section-height-default elementor-section-height-default\" data-id=\"5c7779c\" data-element_type=\"section\">\n\t\t\t\t\t\t<div class=\"elementor-container elementor-column-gap-default\">\n\t\t\t\t\t<div class=\"elementor-column elementor-col-100 elementor-top-column elementor-element elementor-element-5108210\" data-id=\"5108210\" data-element_type=\"column\">\n\t\t\t<div class=\"elementor-widget-wrap elementor-element-populated\">\n\t\t\t\t\t\t<div class=\"elementor-element elementor-element-7f73b12 elementor-widget elementor-widget-text-editor\" data-id=\"7f73b12\" data-element_type=\"widget\" data-widget_type=\"text-editor.default\">\n\t\t\t\t<div class=\"elementor-widget-container\">\n\t\t\t\t\t\t\t\t\t<h1 style=\"text-align: center;\">Seguridad Vial y Convivencia en las V\u00edas P\u00fablicas: Construyendo una Movilidad Responsable<\/h1>\t\t\t\t\t\t\t\t<\/div>\n\t\t\t\t<\/div>\n\t\t\t\t<section class=\"elementor-section elementor-inner-section elementor-element elementor-element-7e6efb3 elementor-section-boxed elementor-section-height-default elementor-section-height-default\" data-id=\"7e6efb3\" data-element_type=\"section\">\n\t\t\t\t\t\t<div class=\"elementor-container elementor-column-gap-default\">\n\t\t\t\t\t<div class=\"elementor-column elementor-col-50 elementor-inner-column elementor-element elementor-element-68dc574\" data-id=\"68dc574\" data-element_type=\"column\">\n\t\t\t<div class=\"elementor-widget-wrap elementor-element-populated\">\n\t\t\t\t\t\t<div class=\"elementor-element elementor-element-68fba9b elementor-widget elementor-widget-image\" data-id=\"68fba9b\" data-element_type=\"widget\" data-widget_type=\"image.default\">\n\t\t\t\t<div class=\"elementor-widget-container\">\n\t\t\t\t\t\t\t\t\t\t\t\t\t\t\t<img fetchpriority=\"high\" decoding=\"async\" width=\"1024\" height=\"683\" src=\"https:\/\/conducircolombia.com\/cea\/wp-content\/uploads\/2025\/04\/seguridad-en-las-vias-1024x683.webp\" class=\"attachment-large size-large wp-image-14698\" alt=\"Seguridad vial en las vias\" srcset=\"https:\/\/conducircolombia.com\/cea\/wp-content\/uploads\/2025\/04\/seguridad-en-las-vias-1024x683.webp 1024w, https:\/\/conducircolombia.com\/cea\/wp-content\/uploads\/2025\/04\/seguridad-en-las-vias-300x200.webp 300w, https:\/\/conducircolombia.com\/cea\/wp-content\/uploads\/2025\/04\/seguridad-en-las-vias-768x512.webp 768w, https:\/\/conducircolombia.com\/cea\/wp-content\/uploads\/2025\/04\/seguridad-en-las-vias.webp 1536w\" sizes=\"(max-width: 1024px) 100vw, 1024px\" \/>\t\t\t\t\t\t\t\t\t\t\t\t\t\t\t<\/div>\n\t\t\t\t<\/div>\n\t\t\t\t\t<\/div>\n\t\t<\/div>\n\t\t\t\t<div class=\"elementor-column elementor-col-50 elementor-inner-column elementor-element elementor-element-d1d3bd7\" data-id=\"d1d3bd7\" data-element_type=\"column\">\n\t\t\t<div class=\"elementor-widget-wrap elementor-element-populated\">\n\t\t\t\t\t\t<div class=\"elementor-element elementor-element-d0d9cca elementor-widget elementor-widget-text-editor\" data-id=\"d0d9cca\" data-element_type=\"widget\" data-widget_type=\"text-editor.default\">\n\t\t\t\t<div class=\"elementor-widget-container\">\n\t\t\t\t\t\t\t\t\t<p>La <strong data-start=\"513\" data-end=\"531\">seguridad vial<\/strong> y la <strong data-start=\"537\" data-end=\"573\">convivencia en las v\u00edas p\u00fablicas<\/strong> son pilares esenciales para proteger la vida de todos los actores de la movilidad: peatones, conductores, ciclistas y motociclistas. En este art\u00edculo te explicamos los principios fundamentales, normas y buenas pr\u00e1cticas que permiten construir una cultura de <strong data-start=\"832\" data-end=\"877\">movilidad segura, respetuosa y consciente<\/strong>, especialmente en el contexto colombiano.<\/p>\t\t\t\t\t\t\t\t<\/div>\n\t\t\t\t<\/div>\n\t\t\t\t\t<\/div>\n\t\t<\/div>\n\t\t\t\t\t<\/div>\n\t\t<\/section>\n\t\t\t\t<div class=\"elementor-element elementor-element-191afc6 elementor-widget elementor-widget-text-editor\" data-id=\"191afc6\" data-element_type=\"widget\" data-widget_type=\"text-editor.default\">\n\t\t\t\t<div class=\"elementor-widget-container\">\n\t\t\t\t\t\t\t\t\t<h2 class=\"\" data-start=\"921\" data-end=\"968\">Principios Fundamentales y Actitud en la V\u00eda<\/h2><p class=\"\" data-start=\"970\" data-end=\"1174\">La seguridad vial comienza con el reconocimiento del <strong data-start=\"1023\" data-end=\"1044\">derecho a la vida<\/strong> de todos los usuarios de la v\u00eda. Cada persona debe actuar de forma <strong data-start=\"1112\" data-end=\"1127\">responsable<\/strong>, <strong data-start=\"1129\" data-end=\"1143\">preventiva<\/strong> y con respeto hacia los dem\u00e1s.<\/p><p class=\"\" data-start=\"1176\" data-end=\"1195\"><strong data-start=\"1176\" data-end=\"1195\">Consejos clave:<\/strong><\/p><ul data-start=\"1196\" data-end=\"1413\"><li class=\"\" data-start=\"1196\" data-end=\"1251\"><p class=\"\" data-start=\"1198\" data-end=\"1251\"><strong data-start=\"1198\" data-end=\"1223\">Usa las direccionales<\/strong> antes de cambiar de carril.<\/p><\/li><li class=\"\" data-start=\"1252\" data-end=\"1308\"><p class=\"\" data-start=\"1254\" data-end=\"1308\"><strong data-start=\"1254\" data-end=\"1279\">Evita confrontaciones<\/strong> y act\u00faa siempre con cautela.<\/p><\/li><li class=\"\" data-start=\"1309\" data-end=\"1374\"><p class=\"\" data-start=\"1311\" data-end=\"1374\"><strong data-start=\"1311\" data-end=\"1353\">Utiliza el pito o las r\u00e1fagas de luces<\/strong> solo en emergencias.<\/p><\/li><li class=\"\" data-start=\"1375\" data-end=\"1413\"><p class=\"\" data-start=\"1377\" data-end=\"1413\"><strong data-start=\"1377\" data-end=\"1397\">Prioriza la vida<\/strong> sobre la prisa.<\/p><\/li><\/ul><h2 class=\"\" data-start=\"1415\" data-end=\"1454\">Normas para el Remolque de Veh\u00edculos<\/h2><p class=\"\" data-start=\"1456\" data-end=\"1531\">En v\u00edas rurales y urbanas se deben respetar normas espec\u00edficas al remolcar:<\/p><ul data-start=\"1532\" data-end=\"1655\"><li class=\"\" data-start=\"1532\" data-end=\"1562\"><p class=\"\" data-start=\"1534\" data-end=\"1562\">Prohibido remolcar de noche.<\/p><\/li><li class=\"\" data-start=\"1563\" data-end=\"1600\"><p class=\"\" data-start=\"1565\" data-end=\"1600\">Remolcar solo un veh\u00edculo a la vez.<\/p><\/li><li class=\"\" data-start=\"1601\" data-end=\"1655\"><p class=\"\" data-start=\"1603\" data-end=\"1655\">Usar dispositivos especiales para veh\u00edculos pesados.<\/p><\/li><\/ul><h2 class=\"\" data-start=\"1657\" data-end=\"1693\">Maniobras de Control del Veh\u00edculo<\/h2><p class=\"\" data-start=\"1695\" data-end=\"1751\">Ante situaciones de riesgo como subviraje o sobreviraje:<\/p><ul data-start=\"1752\" data-end=\"1897\"><li class=\"\" data-start=\"1752\" data-end=\"1816\"><p class=\"\" data-start=\"1754\" data-end=\"1816\"><strong data-start=\"1754\" data-end=\"1768\">Subviraje:<\/strong> Suelta el acelerador, evita frenar bruscamente.<\/p><\/li><li class=\"\" data-start=\"1817\" data-end=\"1897\"><p class=\"\" data-start=\"1819\" data-end=\"1897\"><strong data-start=\"1819\" data-end=\"1835\">Sobreviraje:<\/strong> Gira el volante hacia el lado del deslizamiento con suavidad.<\/p><\/li><\/ul><h2 class=\"\" data-start=\"1899\" data-end=\"1939\">Mantenimiento Preventivo del Veh\u00edculo<\/h2><p class=\"\" data-start=\"1941\" data-end=\"2089\">La <strong data-start=\"1944\" data-end=\"1977\">revisi\u00f3n peri\u00f3dica de llantas<\/strong>, frenos y sistemas mec\u00e1nicos garantiza una conducci\u00f3n segura, especialmente en condiciones clim\u00e1ticas adversas.<\/p><h2 class=\"\" data-start=\"2091\" data-end=\"2142\">Derechos y Deberes ante la Autoridad de Tr\u00e1nsito<\/h2><p class=\"\" data-start=\"2144\" data-end=\"2164\">Todo conductor debe:<\/p><ul data-start=\"2165\" data-end=\"2419\"><li class=\"\" data-start=\"2165\" data-end=\"2238\"><p class=\"\" data-start=\"2167\" data-end=\"2238\"><strong data-start=\"2167\" data-end=\"2202\">Portar la documentaci\u00f3n vigente<\/strong> (ahora tambi\u00e9n en versi\u00f3n digital).<\/p><\/li><li class=\"\" data-start=\"2239\" data-end=\"2329\"><p class=\"\" data-start=\"2241\" data-end=\"2329\"><strong data-start=\"2241\" data-end=\"2287\">Atender los requerimientos de la autoridad<\/strong>, que debe estar debidamente identificada.<\/p><\/li><li class=\"\" data-start=\"2330\" data-end=\"2419\"><p class=\"\" data-start=\"2332\" data-end=\"2419\"><strong data-start=\"2332\" data-end=\"2365\">Respetar la normativa vigente<\/strong> y realizar pruebas de alcoholemia si son solicitadas.<\/p><\/li><\/ul><h2 class=\"\" data-start=\"2421\" data-end=\"2472\">Distracciones al Conducir: El Enemigo Silencioso<\/h2><ul data-start=\"2474\" data-end=\"2686\"><li class=\"\" data-start=\"2474\" data-end=\"2526\"><p class=\"\" data-start=\"2476\" data-end=\"2526\"><strong data-start=\"2476\" data-end=\"2496\">Programar el GPS<\/strong> antes de iniciar el trayecto.<\/p><\/li><li class=\"\" data-start=\"2527\" data-end=\"2577\"><p class=\"\" data-start=\"2529\" data-end=\"2577\"><strong data-start=\"2529\" data-end=\"2556\">Evitar el uso del m\u00f3vil<\/strong> mientras se conduce.<\/p><\/li><li class=\"\" data-start=\"2578\" data-end=\"2686\"><p class=\"\" data-start=\"2580\" data-end=\"2686\"><strong data-start=\"2580\" data-end=\"2593\">Recordar:<\/strong> A 100 km\/h, una distracci\u00f3n m\u00ednima puede aumentar 5 veces la distancia de frenado necesaria.<\/p><\/li><\/ul><h2 class=\"\" data-start=\"2688\" data-end=\"2735\">La Bicicleta como Medio de Transporte Seguro<\/h2><p class=\"\" data-start=\"2737\" data-end=\"2806\">Bogot\u00e1 lidera en infraestructura ciclista. Para una movilidad segura:<\/p><ul data-start=\"2807\" data-end=\"2991\"><li class=\"\" data-start=\"2807\" data-end=\"2847\"><p class=\"\" data-start=\"2809\" data-end=\"2847\">Circula en ciclorrutas, no en andenes.<\/p><\/li><li class=\"\" data-start=\"2848\" data-end=\"2899\"><p class=\"\" data-start=\"2850\" data-end=\"2899\">Usa elementos de protecci\u00f3n como casco y guantes.<\/p><\/li><li class=\"\" data-start=\"2900\" data-end=\"2941\"><p class=\"\" data-start=\"2902\" data-end=\"2941\">Se\u00f1aliza tus maniobras de forma manual.<\/p><\/li><li class=\"\" data-start=\"2942\" data-end=\"2991\"><p class=\"\" data-start=\"2944\" data-end=\"2991\">Mant\u00e9n una distancia segura de otros veh\u00edculos.<\/p><\/li><\/ul><h3 class=\"\" data-start=\"2993\" data-end=\"3031\">Tipos de infraestructura ciclista:<\/h3><ul data-start=\"3032\" data-end=\"3122\"><li class=\"\" data-start=\"3032\" data-end=\"3070\"><p class=\"\" data-start=\"3034\" data-end=\"3070\">Ciclorrutas segregadas y demarcadas.<\/p><\/li><li class=\"\" data-start=\"3071\" data-end=\"3091\"><p class=\"\" data-start=\"3073\" data-end=\"3091\">Carriles bus-bici.<\/p><\/li><li class=\"\" data-start=\"3092\" data-end=\"3122\"><p class=\"\" data-start=\"3094\" data-end=\"3122\">Ciclot\u00faneles y ciclopuentes.<\/p><\/li><\/ul><h2 class=\"\" data-start=\"3124\" data-end=\"3157\">El Peat\u00f3n como Actor Principal<\/h2><p class=\"\" data-start=\"3159\" data-end=\"3307\"><strong data-start=\"3159\" data-end=\"3184\">Todos somos peatones.<\/strong><br data-start=\"3184\" data-end=\"3187\" \/>El peat\u00f3n tiene prioridad y debe ser protegido, especialmente en pasos de cebra, zonas escolares y espacios compartidos.<\/p><p class=\"\" data-start=\"3309\" data-end=\"3331\"><strong data-start=\"3309\" data-end=\"3331\">Conductas seguras:<\/strong><\/p><ul data-start=\"3332\" data-end=\"3439\"><li class=\"\" data-start=\"3332\" data-end=\"3361\"><p class=\"\" data-start=\"3334\" data-end=\"3361\">Cruzar en zonas permitidas.<\/p><\/li><li class=\"\" data-start=\"3362\" data-end=\"3406\"><p class=\"\" data-start=\"3364\" data-end=\"3406\">Mantenerse alerta en cruces semaforizados.<\/p><\/li><li class=\"\" data-start=\"3407\" data-end=\"3439\"><p class=\"\" data-start=\"3409\" data-end=\"3439\">Respetar la se\u00f1alizaci\u00f3n vial.<\/p><\/li><\/ul><h2 class=\"\" data-start=\"3441\" data-end=\"3493\">Seguridad Vial desde la Perspectiva del Conductor<\/h2><ul data-start=\"3495\" data-end=\"3635\"><li class=\"\" data-start=\"3495\" data-end=\"3534\"><p class=\"\" data-start=\"3497\" data-end=\"3534\">Ceder el paso a peatones y ciclistas.<\/p><\/li><li class=\"\" data-start=\"3535\" data-end=\"3595\"><p class=\"\" data-start=\"3537\" data-end=\"3595\">Disminuir la velocidad en zonas escolares y residenciales.<\/p><\/li><li class=\"\" data-start=\"3596\" data-end=\"3635\"><p class=\"\" data-start=\"3598\" data-end=\"3635\">Nunca adelantar en pasos de peatones.<\/p><\/li><\/ul><h2 class=\"\" data-start=\"3637\" data-end=\"3675\">Elementos de Seguridad del Veh\u00edculo<\/h2><p class=\"\" data-start=\"3677\" data-end=\"3707\">Un veh\u00edculo seguro cuenta con:<\/p><ul data-start=\"3708\" data-end=\"3845\"><li class=\"\" data-start=\"3708\" data-end=\"3745\"><p class=\"\" data-start=\"3710\" data-end=\"3745\"><strong data-start=\"3710\" data-end=\"3745\">Sistema de frenado (ABS y ESP).<\/strong><\/p><\/li><li class=\"\" data-start=\"3746\" data-end=\"3779\"><p class=\"\" data-start=\"3748\" data-end=\"3779\"><strong data-start=\"3748\" data-end=\"3779\">Direcci\u00f3n en \u00f3ptimo estado.<\/strong><\/p><\/li><li class=\"\" data-start=\"3780\" data-end=\"3845\"><p class=\"\" data-start=\"3782\" data-end=\"3845\"><strong data-start=\"3782\" data-end=\"3805\">Suspensi\u00f3n adecuada<\/strong> para el terreno y condiciones de carga.<\/p><\/li><\/ul><h2 class=\"\" data-start=\"3852\" data-end=\"3884\">\ud83d\udcda Glosario de T\u00e9rminos Clave<\/h2><ul data-start=\"3886\" data-end=\"4190\"><li class=\"\" data-start=\"3886\" data-end=\"3940\"><p class=\"\" data-start=\"3888\" data-end=\"3940\"><strong data-start=\"3888\" data-end=\"3902\">Subviraje:<\/strong> El veh\u00edculo gira menos de lo deseado.<\/p><\/li><li class=\"\" data-start=\"3941\" data-end=\"4015\"><p class=\"\" data-start=\"3943\" data-end=\"4015\"><strong data-start=\"3943\" data-end=\"3959\">Sobreviraje:<\/strong> La parte trasera del veh\u00edculo pierde tracci\u00f3n y patina.<\/p><\/li><li class=\"\" data-start=\"4016\" data-end=\"4094\"><p class=\"\" data-start=\"4018\" data-end=\"4094\"><strong data-start=\"4018\" data-end=\"4031\">Bike Box:<\/strong> Zona exclusiva para ciclistas en intersecciones semaforizadas.<\/p><\/li><li class=\"\" data-start=\"4095\" data-end=\"4190\"><p class=\"\" data-start=\"4097\" data-end=\"4190\"><strong data-start=\"4097\" data-end=\"4113\">Visi\u00f3n Cero:<\/strong> Pol\u00edtica de tr\u00e1nsito que busca eliminar todas las muertes y lesiones graves.<\/p><\/li><\/ul><p class=\"\" data-start=\"4246\" data-end=\"4526\">\u00a0<\/p>\t\t\t\t\t\t\t\t<\/div>\n\t\t\t\t<\/div>\n\t\t\t\t<div class=\"elementor-element elementor-element-1a28c51 elementor-widget elementor-widget-text-editor\" data-id=\"1a28c51\" data-element_type=\"widget\" data-widget_type=\"text-editor.default\">\n\t\t\t\t<div class=\"elementor-widget-container\">\n\t\t\t\t\t\t\t\t\t<h2 class=\"\" data-start=\"4197\" data-end=\"4244\">\ud83d\udea6 La Educaci\u00f3n Vial Salva Vidas<\/h2><p class=\"\" data-start=\"4246\" data-end=\"4526\">La <strong data-start=\"4249\" data-end=\"4269\">movilidad segura<\/strong> y la <strong data-start=\"4275\" data-end=\"4295\">convivencia vial<\/strong> son tareas de todos. Cada actor vial debe actuar con responsabilidad, respeto y conciencia.<br data-start=\"4387\" data-end=\"4390\" \/>Fomentar una cultura de seguridad vial no solo reduce accidentes, sino que salva vidas y mejora la calidad de vida en nuestras ciudades.<\/p>\t\t\t\t\t\t\t\t<\/div>\n\t\t\t\t<\/div>\n\t\t\t\t<div class=\"elementor-element elementor-element-dea8ce5 elementor-widget elementor-widget-text-editor\" data-id=\"dea8ce5\" data-element_type=\"widget\" data-widget_type=\"text-editor.default\">\n\t\t\t\t<div class=\"elementor-widget-container\">\n\t\t\t\t\t\t\t\t\t<h2 class=\"\" data-start=\"196\" data-end=\"256\">\u2705 Tabla comparativa: Derechos y Deberes en la V\u00eda P\u00fablica<\/h2><div class=\"group pointer-events-none relative flex justify-center *:pointer-events-auto\"><button class=\"hover:bg-token-main-surface-secondary text-token-text-secondary pointer-events-auto rounded-lg px-1 py-1 opacity-0 transition-opacity duration-200 group-focus-within:opacity-100 group-hover:opacity-100\"><\/button><div class=\"tableContainer horzScrollShadows relative\"><table class=\"min-w-full\" data-start=\"258\" data-end=\"1907\"><thead data-start=\"258\" data-end=\"447\"><tr data-start=\"258\" data-end=\"447\"><th data-start=\"258\" data-end=\"283\"><strong data-start=\"260\" data-end=\"274\">Actor Vial<\/strong><\/th><th data-start=\"283\" data-end=\"362\"><strong data-start=\"285\" data-end=\"297\">Derechos<\/strong><\/th><th data-start=\"362\" data-end=\"447\"><strong data-start=\"364\" data-end=\"375\">Deberes<\/strong><\/th><\/tr><\/thead><tbody data-start=\"635\" data-end=\"1907\"><tr data-start=\"635\" data-end=\"840\"><td class=\"max-w-[calc(var(--thread-content-max-width)*2\/3)]\" data-start=\"635\" data-end=\"661\"><strong data-start=\"637\" data-end=\"647\">Peat\u00f3n<\/strong><\/td><td class=\"max-w-[calc(var(--thread-content-max-width)*2\/3)] min-w-[calc(var(--thread-content-max-width)\/2)]\" data-start=\"661\" data-end=\"756\">&#8211; Prioridad para cruzar en zonas se\u00f1alizadas.<br \/>&#8211; Uso seguro de andenes y pasos peatonales.<\/td><td class=\"max-w-[calc(var(--thread-content-max-width)*2\/3)] min-w-[calc(var(--thread-content-max-width)\/3)]\" data-start=\"756\" data-end=\"840\">&#8211; Cruzar en sitios permitidos.<br \/>&#8211; Respetar sem\u00e1foros y normas de tr\u00e1nsito.<\/td><\/tr><tr data-start=\"841\" data-end=\"1054\"><td class=\"max-w-[calc(var(--thread-content-max-width)*2\/3)]\" data-start=\"841\" data-end=\"867\"><strong data-start=\"843\" data-end=\"855\">Ciclista<\/strong><\/td><td class=\"max-w-[calc(var(--thread-content-max-width)*2\/3)] min-w-[calc(var(--thread-content-max-width)\/2)]\" data-start=\"867\" data-end=\"954\">&#8211; Derecho a usar ciclorrutas y ocupar un carril.<br \/>&#8211; Preferencia en intersecciones.<\/td><td class=\"max-w-[calc(var(--thread-content-max-width)*2\/3)] min-w-[calc(var(--thread-content-max-width)\/2)]\" data-start=\"954\" data-end=\"1054\">&#8211; Circular en sentido vial.<br \/>&#8211; Se\u00f1alizar maniobras.<br \/>&#8211; Usar casco y elementos de protecci\u00f3n.<\/td><\/tr><tr data-start=\"1055\" data-end=\"1298\"><td class=\"max-w-[calc(var(--thread-content-max-width)*2\/3)]\" data-start=\"1055\" data-end=\"1083\"><strong data-start=\"1057\" data-end=\"1082\">Conductor de veh\u00edculo<\/strong><\/td><td class=\"max-w-[calc(var(--thread-content-max-width)*2\/3)] min-w-[calc(var(--thread-content-max-width)\/2)]\" data-start=\"1083\" data-end=\"1190\">&#8211; Circular libremente respetando normas.<br \/>&#8211; Ser informado adecuadamente en procedimientos de tr\u00e1nsito.<\/td><td class=\"max-w-[calc(var(--thread-content-max-width)*2\/3)] min-w-[calc(var(--thread-content-max-width)\/2)]\" data-start=\"1190\" data-end=\"1298\">&#8211; Portar documentaci\u00f3n vigente.<br \/>&#8211; Respetar a peatones y ciclistas.<br \/>&#8211; Cumplir l\u00edmites de velocidad.<\/td><\/tr><tr data-start=\"1299\" data-end=\"1500\"><td class=\"max-w-[calc(var(--thread-content-max-width)*2\/3)]\" data-start=\"1299\" data-end=\"1325\"><strong data-start=\"1301\" data-end=\"1317\">Motociclista<\/strong><\/td><td class=\"max-w-[calc(var(--thread-content-max-width)*2\/3)] min-w-[calc(var(--thread-content-max-width)\/3)]\" data-start=\"1325\" data-end=\"1397\">&#8211; Uso de v\u00edas generales y posibilidad de adelantar respetando normas.<\/td><td class=\"max-w-[calc(var(--thread-content-max-width)*2\/3)] min-w-[calc(var(--thread-content-max-width)\/2)]\" data-start=\"1397\" data-end=\"1500\">&#8211; Usar casco reglamentario.<br \/>&#8211; Respetar carriles.<br \/>&#8211; No circular entre veh\u00edculos en movimiento.<\/td><\/tr><tr data-start=\"1501\" data-end=\"1704\"><td class=\"max-w-[calc(var(--thread-content-max-width)*2\/3)]\" data-start=\"1501\" data-end=\"1527\"><strong data-start=\"1503\" data-end=\"1515\">Pasajero<\/strong><\/td><td class=\"max-w-[calc(var(--thread-content-max-width)*2\/3)] min-w-[calc(var(--thread-content-max-width)\/2)]\" data-start=\"1527\" data-end=\"1620\">&#8211; Ser transportado de forma segura.<br \/>&#8211; Derecho a solicitar condiciones seguras de viaje.<\/td><td class=\"max-w-[calc(var(--thread-content-max-width)*2\/3)] min-w-[calc(var(--thread-content-max-width)\/3)]\" data-start=\"1620\" data-end=\"1704\">&#8211; Utilizar cintur\u00f3n de seguridad.<br \/>&#8211; No distraer al conductor.<\/td><\/tr><tr data-start=\"1705\" data-end=\"1907\"><td class=\"max-w-[calc(var(--thread-content-max-width)*2\/3)]\" data-start=\"1705\" data-end=\"1731\"><strong data-start=\"1707\" data-end=\"1727\">Animal en la v\u00eda<\/strong><\/td><td class=\"max-w-[calc(var(--thread-content-max-width)*2\/3)] min-w-[calc(var(--thread-content-max-width)\/2)]\" data-start=\"1731\" data-end=\"1818\">&#8211; Protecci\u00f3n en su desplazamiento.<br \/>&#8211; Derecho a ser respetado como ser vulnerable.<\/td><td class=\"max-w-[calc(var(--thread-content-max-width)*2\/3)] min-w-[calc(var(--thread-content-max-width)\/2)]\" data-start=\"1818\" data-end=\"1907\">&#8211; (Responsabilidad del cuidador) Llevar controlado con correa o dispositivos seguros.<\/td><\/tr><\/tbody><\/table><\/div><\/div>\t\t\t\t\t\t\t\t<\/div>\n\t\t\t\t<\/div>\n\t\t\t\t<div class=\"elementor-element elementor-element-048380b elementor-widget elementor-widget-text-editor\" data-id=\"048380b\" data-element_type=\"widget\" data-widget_type=\"text-editor.default\">\n\t\t\t\t<div class=\"elementor-widget-container\">\n\t\t\t\t\t\t\t\t\t<h2 class=\"\" data-start=\"4533\" data-end=\"4564\">\ud83d\udde3\ufe0f \u00a1Comparte tu Compromiso!<\/h2><p class=\"\" data-start=\"4566\" data-end=\"4812\">\u00bfTe comprometes a ser un usuario vial responsable?<br data-start=\"4616\" data-end=\"4619\" \/><strong data-start=\"4619\" data-end=\"4644\">D\u00e9janos tu comentario<\/strong> o <strong data-start=\"4647\" data-end=\"4673\">comparte este art\u00edculo<\/strong> para construir juntos una movilidad m\u00e1s segura.<br data-start=\"4721\" data-end=\"4724\" \/>Y si quieres recibir m\u00e1s informaci\u00f3n sobre seguridad vial, <strong data-start=\"4783\" data-end=\"4812\">\u00a1escr\u00edbenos por WhatsApp!<\/strong><\/p>\t\t\t\t\t\t\t\t<\/div>\n\t\t\t\t<\/div>\n\t\t\t\t<div class=\"elementor-element elementor-element-dd52499 elementor-widget elementor-widget-html\" data-id=\"dd52499\" data-element_type=\"widget\" data-widget_type=\"html.default\">\n\t\t\t\t<div class=\"elementor-widget-container\">\n\t\t\t\t\t<div style=\"text-align: center; margin-top: 20px;\"> <a href=\"https:\/\/wa.me\/573188352225?text=\u00a1Hola!%20Vi%20su%20art\u00edculo%20sobre%20seguridad%20vial%20y%20quiero%20saber%20m\u00e1s%20sobre%20programas%20y%20capacitaciones.\" target=\"_blank\" style=\"background-color: #25D366; color: white; padding: 12px 24px; text-decoration: none; font-size: 18px; border-radius: 8px; display: inline-flex; align-items: center; gap: 10px; box-shadow: 0 4px 8px rgba(0,0,0,0.2); transition: background-color 0.3s ease;\"> \ud83d\udcf1 \u00a1Cont\u00e1ctanos por WhatsApp! <\/a> <\/div>\t\t\t\t<\/div>\n\t\t\t\t<\/div>\n\t\t\t\t\t<\/div>\n\t\t<\/div>\n\t\t\t\t\t<\/div>\n\t\t<\/section>\n\t\t\t\t<\/div>\n\t\t","protected":false},"excerpt":{"rendered":"<p>Seguridad Vial y Convivencia en las V\u00edas P\u00fablicas: Construyendo una Movilidad Responsable La seguridad vial y la convivencia en las [&hellip;]<\/p>\n","protected":false},"author":2,"featured_media":0,"comment_status":"open","ping_status":"open","sticky":false,"template":"elementor_theme","format":"standard","meta":{"site-sidebar-layout":"default","site-content-layout":"","ast-site-content-layout":"default","site-content-style":"default","site-sidebar-style":"default","ast-global-header-display":"","ast-banner-title-visibility":"","ast-main-header-display":"","ast-hfb-above-header-display":"","ast-hfb-below-header-display":"","ast-hfb-mobile-header-display":"","site-post-title":"","ast-breadcrumbs-content":"","ast-featured-img":"","footer-sml-layout":"","theme-transparent-header-meta":"","adv-header-id-meta":"","stick-header-meta":"","header-above-stick-meta":"","header-main-stick-meta":"","header-below-stick-meta":"","astra-migrate-meta-layouts":"set","ast-page-background-enabled":"default","ast-page-background-meta":{"desktop":{"background-color":"var(--ast-global-color-4)","background-image":"","background-repeat":"repeat","background-position":"center center","background-size":"auto","background-attachment":"scroll","background-type":"","background-media":"","overlay-type":"","overlay-color":"","overlay-opacity":"","overlay-gradient":""},"tablet":{"background-color":"","background-image":"","background-repeat":"repeat","background-position":"center center","background-size":"auto","background-attachment":"scroll","background-type":"","background-media":"","overlay-type":"","overlay-color":"","overlay-opacity":"","overlay-gradient":""},"mobile":{"background-color":"","background-image":"","background-repeat":"repeat","background-position":"center center","background-size":"auto","background-attachment":"scroll","background-type":"","background-media":"","overlay-type":"","overlay-color":"","overlay-opacity":"","overlay-gradient":""}},"ast-content-background-meta":{"desktop":{"background-color":"var(--ast-global-color-5)","background-image":"","background-repeat":"repeat","background-position":"center center","background-size":"auto","background-attachment":"scroll","background-type":"","background-media":"","overlay-type":"","overlay-color":"","overlay-opacity":"","overlay-gradient":""},"tablet":{"background-color":"var(--ast-global-color-5)","background-image":"","background-repeat":"repeat","background-position":"center center","background-size":"auto","background-attachment":"scroll","background-type":"","background-media":"","overlay-type":"","overlay-color":"","overlay-opacity":"","overlay-gradient":""},"mobile":{"background-color":"var(--ast-global-color-5)","background-image":"","background-repeat":"repeat","background-position":"center center","background-size":"auto","background-attachment":"scroll","background-type":"","background-media":"","overlay-type":"","overlay-color":"","overlay-opacity":"","overlay-gradient":""}},"footnotes":""},"categories":[17],"tags":[],"class_list":["post-14690","post","type-post","status-publish","format-standard","hentry","category-blog"],"yoast_head":"<!-- This site is optimized with the Yoast SEO plugin v26.4 - https:\/\/yoast.com\/wordpress\/plugins\/seo\/ -->\n<title>Seguridad Vial y Convivencia en las V\u00edas P\u00fablicas:<\/title>\n<meta name=\"description\" content=\"Descubre c\u00f3mo promover la seguridad vial y la convivencia en las v\u00edas p\u00fablicas en Colombia. Conoce principios, normas, derechos y consejos pr\u00e1cticos.\" \/>\n<meta name=\"robots\" content=\"index, follow, max-snippet:-1, max-image-preview:large, max-video-preview:-1\" \/>\n<link rel=\"canonical\" href=\"https:\/\/conducircolombia.com\/cea\/seguridad-vial-convivencia-vias-publicas\/\" \/>\n<meta property=\"og:locale\" content=\"es_ES\" \/>\n<meta property=\"og:type\" content=\"article\" \/>\n<meta property=\"og:title\" content=\"Seguridad Vial y Convivencia en las V\u00edas P\u00fablicas:\" \/>\n<meta property=\"og:description\" content=\"Descubre c\u00f3mo promover la seguridad vial y la convivencia en las v\u00edas p\u00fablicas en Colombia. Conoce principios, normas, derechos y consejos pr\u00e1cticos.\" \/>\n<meta property=\"og:url\" content=\"https:\/\/conducircolombia.com\/cea\/seguridad-vial-convivencia-vias-publicas\/\" \/>\n<meta property=\"og:site_name\" content=\"Conducir Colombia\" \/>\n<meta property=\"article:publisher\" content=\"https:\/\/www.facebook.com\/ConducirColombiaBogota\" \/>\n<meta property=\"article:published_time\" content=\"2025-04-28T04:03:04+00:00\" \/>\n<meta property=\"article:modified_time\" content=\"2025-04-28T04:16:01+00:00\" \/>\n<meta property=\"og:image\" content=\"https:\/\/conducircolombia.com\/cea\/wp-content\/uploads\/2025\/04\/seguridad-en-las-vias.webp\" \/>\n\t<meta property=\"og:image:width\" content=\"1536\" \/>\n\t<meta property=\"og:image:height\" content=\"1024\" \/>\n\t<meta property=\"og:image:type\" content=\"image\/webp\" \/>\n<meta name=\"author\" content=\"memo fichas\" \/>\n<meta name=\"twitter:card\" content=\"summary_large_image\" \/>\n<meta name=\"twitter:label1\" content=\"Escrito por\" \/>\n\t<meta name=\"twitter:data1\" content=\"memo fichas\" \/>\n\t<meta name=\"twitter:label2\" content=\"Tiempo de lectura\" \/>\n\t<meta name=\"twitter:data2\" content=\"4 minutos\" \/>\n<script type=\"application\/ld+json\" class=\"yoast-schema-graph\">{\"@context\":\"https:\/\/schema.org\",\"@graph\":[{\"@type\":\"Article\",\"@id\":\"https:\/\/conducircolombia.com\/cea\/seguridad-vial-convivencia-vias-publicas\/#article\",\"isPartOf\":{\"@id\":\"https:\/\/conducircolombia.com\/cea\/seguridad-vial-convivencia-vias-publicas\/\"},\"author\":{\"name\":\"memo fichas\",\"@id\":\"https:\/\/conducircolombia.com\/cea\/#\/schema\/person\/39f266f3357066ea02c614168ee5b0d2\"},\"headline\":\"seguridad-vial-convivencia-vias-publicas\",\"datePublished\":\"2025-04-28T04:03:04+00:00\",\"dateModified\":\"2025-04-28T04:16:01+00:00\",\"mainEntityOfPage\":{\"@id\":\"https:\/\/conducircolombia.com\/cea\/seguridad-vial-convivencia-vias-publicas\/\"},\"wordCount\":855,\"commentCount\":1,\"publisher\":{\"@id\":\"https:\/\/conducircolombia.com\/cea\/#organization\"},\"image\":{\"@id\":\"https:\/\/conducircolombia.com\/cea\/seguridad-vial-convivencia-vias-publicas\/#primaryimage\"},\"thumbnailUrl\":\"https:\/\/conducircolombia.com\/cea\/wp-content\/uploads\/2025\/04\/seguridad-en-las-vias-1024x683.webp\",\"articleSection\":[\"Blog\"],\"inLanguage\":\"es\",\"potentialAction\":[{\"@type\":\"CommentAction\",\"name\":\"Comment\",\"target\":[\"https:\/\/conducircolombia.com\/cea\/seguridad-vial-convivencia-vias-publicas\/#respond\"]}]},{\"@type\":\"WebPage\",\"@id\":\"https:\/\/conducircolombia.com\/cea\/seguridad-vial-convivencia-vias-publicas\/\",\"url\":\"https:\/\/conducircolombia.com\/cea\/seguridad-vial-convivencia-vias-publicas\/\",\"name\":\"Seguridad Vial y Convivencia en las V\u00edas P\u00fablicas:\",\"isPartOf\":{\"@id\":\"https:\/\/conducircolombia.com\/cea\/#website\"},\"primaryImageOfPage\":{\"@id\":\"https:\/\/conducircolombia.com\/cea\/seguridad-vial-convivencia-vias-publicas\/#primaryimage\"},\"image\":{\"@id\":\"https:\/\/conducircolombia.com\/cea\/seguridad-vial-convivencia-vias-publicas\/#primaryimage\"},\"thumbnailUrl\":\"https:\/\/conducircolombia.com\/cea\/wp-content\/uploads\/2025\/04\/seguridad-en-las-vias-1024x683.webp\",\"datePublished\":\"2025-04-28T04:03:04+00:00\",\"dateModified\":\"2025-04-28T04:16:01+00:00\",\"description\":\"Descubre c\u00f3mo promover la seguridad vial y la convivencia en las v\u00edas p\u00fablicas en Colombia. Conoce principios, normas, derechos y consejos pr\u00e1cticos.\",\"breadcrumb\":{\"@id\":\"https:\/\/conducircolombia.com\/cea\/seguridad-vial-convivencia-vias-publicas\/#breadcrumb\"},\"inLanguage\":\"es\",\"potentialAction\":[{\"@type\":\"ReadAction\",\"target\":[\"https:\/\/conducircolombia.com\/cea\/seguridad-vial-convivencia-vias-publicas\/\"]}]},{\"@type\":\"ImageObject\",\"inLanguage\":\"es\",\"@id\":\"https:\/\/conducircolombia.com\/cea\/seguridad-vial-convivencia-vias-publicas\/#primaryimage\",\"url\":\"https:\/\/conducircolombia.com\/cea\/wp-content\/uploads\/2025\/04\/seguridad-en-las-vias.webp\",\"contentUrl\":\"https:\/\/conducircolombia.com\/cea\/wp-content\/uploads\/2025\/04\/seguridad-en-las-vias.webp\",\"width\":1536,\"height\":1024,\"caption\":\"Seguridad vial en las vias\"},{\"@type\":\"BreadcrumbList\",\"@id\":\"https:\/\/conducircolombia.com\/cea\/seguridad-vial-convivencia-vias-publicas\/#breadcrumb\",\"itemListElement\":[{\"@type\":\"ListItem\",\"position\":1,\"name\":\"Portada\",\"item\":\"https:\/\/conducircolombia.com\/cea\/\"},{\"@type\":\"ListItem\",\"position\":2,\"name\":\"seguridad-vial-convivencia-vias-publicas\"}]},{\"@type\":\"WebSite\",\"@id\":\"https:\/\/conducircolombia.com\/cea\/#website\",\"url\":\"https:\/\/conducircolombia.com\/cea\/\",\"name\":\"Conducir Colombia\",\"description\":\"Academia de Conducci\u00f3n\",\"publisher\":{\"@id\":\"https:\/\/conducircolombia.com\/cea\/#organization\"},\"potentialAction\":[{\"@type\":\"SearchAction\",\"target\":{\"@type\":\"EntryPoint\",\"urlTemplate\":\"https:\/\/conducircolombia.com\/cea\/?s={search_term_string}\"},\"query-input\":{\"@type\":\"PropertyValueSpecification\",\"valueRequired\":true,\"valueName\":\"search_term_string\"}}],\"inLanguage\":\"es\"},{\"@type\":\"Organization\",\"@id\":\"https:\/\/conducircolombia.com\/cea\/#organization\",\"name\":\"Conducir Colombia\",\"alternateName\":\"Conducir Colombia\",\"url\":\"https:\/\/conducircolombia.com\/cea\/\",\"logo\":{\"@type\":\"ImageObject\",\"inLanguage\":\"es\",\"@id\":\"https:\/\/conducircolombia.com\/cea\/#\/schema\/logo\/image\/\",\"url\":\"https:\/\/conducircolombia.com\/cea\/wp-content\/uploads\/2025\/02\/logowp.jpg\",\"contentUrl\":\"https:\/\/conducircolombia.com\/cea\/wp-content\/uploads\/2025\/02\/logowp.jpg\",\"width\":300,\"height\":299,\"caption\":\"Conducir Colombia\"},\"image\":{\"@id\":\"https:\/\/conducircolombia.com\/cea\/#\/schema\/logo\/image\/\"},\"sameAs\":[\"https:\/\/www.facebook.com\/ConducirColombiaBogota\"]},{\"@type\":\"Person\",\"@id\":\"https:\/\/conducircolombia.com\/cea\/#\/schema\/person\/39f266f3357066ea02c614168ee5b0d2\",\"name\":\"memo fichas\",\"image\":{\"@type\":\"ImageObject\",\"inLanguage\":\"es\",\"@id\":\"https:\/\/conducircolombia.com\/cea\/#\/schema\/person\/image\/\",\"url\":\"https:\/\/secure.gravatar.com\/avatar\/e1b894dfed71a479efeaf73bfb32c5e92c855e56311b32924ca240a9bcec68b2?s=96&d=mm&r=g\",\"contentUrl\":\"https:\/\/secure.gravatar.com\/avatar\/e1b894dfed71a479efeaf73bfb32c5e92c855e56311b32924ca240a9bcec68b2?s=96&d=mm&r=g\",\"caption\":\"memo fichas\"},\"url\":\"https:\/\/conducircolombia.com\/cea\/author\/conducir1\/\"}]}<\/script>\n<!-- \/ Yoast SEO plugin. -->","yoast_head_json":{"title":"Seguridad Vial y Convivencia en las V\u00edas P\u00fablicas:","description":"Descubre c\u00f3mo promover la seguridad vial y la convivencia en las v\u00edas p\u00fablicas en Colombia. Conoce principios, normas, derechos y consejos pr\u00e1cticos.","robots":{"index":"index","follow":"follow","max-snippet":"max-snippet:-1","max-image-preview":"max-image-preview:large","max-video-preview":"max-video-preview:-1"},"canonical":"https:\/\/conducircolombia.com\/cea\/seguridad-vial-convivencia-vias-publicas\/","og_locale":"es_ES","og_type":"article","og_title":"Seguridad Vial y Convivencia en las V\u00edas P\u00fablicas:","og_description":"Descubre c\u00f3mo promover la seguridad vial y la convivencia en las v\u00edas p\u00fablicas en Colombia. Conoce principios, normas, derechos y consejos pr\u00e1cticos.","og_url":"https:\/\/conducircolombia.com\/cea\/seguridad-vial-convivencia-vias-publicas\/","og_site_name":"Conducir Colombia","article_publisher":"https:\/\/www.facebook.com\/ConducirColombiaBogota","article_published_time":"2025-04-28T04:03:04+00:00","article_modified_time":"2025-04-28T04:16:01+00:00","og_image":[{"width":1536,"height":1024,"url":"https:\/\/conducircolombia.com\/cea\/wp-content\/uploads\/2025\/04\/seguridad-en-las-vias.webp","type":"image\/webp"}],"author":"memo fichas","twitter_card":"summary_large_image","twitter_misc":{"Escrito por":"memo fichas","Tiempo de lectura":"4 minutos"},"schema":{"@context":"https:\/\/schema.org","@graph":[{"@type":"Article","@id":"https:\/\/conducircolombia.com\/cea\/seguridad-vial-convivencia-vias-publicas\/#article","isPartOf":{"@id":"https:\/\/conducircolombia.com\/cea\/seguridad-vial-convivencia-vias-publicas\/"},"author":{"name":"memo fichas","@id":"https:\/\/conducircolombia.com\/cea\/#\/schema\/person\/39f266f3357066ea02c614168ee5b0d2"},"headline":"seguridad-vial-convivencia-vias-publicas","datePublished":"2025-04-28T04:03:04+00:00","dateModified":"2025-04-28T04:16:01+00:00","mainEntityOfPage":{"@id":"https:\/\/conducircolombia.com\/cea\/seguridad-vial-convivencia-vias-publicas\/"},"wordCount":855,"commentCount":1,"publisher":{"@id":"https:\/\/conducircolombia.com\/cea\/#organization"},"image":{"@id":"https:\/\/conducircolombia.com\/cea\/seguridad-vial-convivencia-vias-publicas\/#primaryimage"},"thumbnailUrl":"https:\/\/conducircolombia.com\/cea\/wp-content\/uploads\/2025\/04\/seguridad-en-las-vias-1024x683.webp","articleSection":["Blog"],"inLanguage":"es","potentialAction":[{"@type":"CommentAction","name":"Comment","target":["https:\/\/conducircolombia.com\/cea\/seguridad-vial-convivencia-vias-publicas\/#respond"]}]},{"@type":"WebPage","@id":"https:\/\/conducircolombia.com\/cea\/seguridad-vial-convivencia-vias-publicas\/","url":"https:\/\/conducircolombia.com\/cea\/seguridad-vial-convivencia-vias-publicas\/","name":"Seguridad Vial y Convivencia en las V\u00edas P\u00fablicas:","isPartOf":{"@id":"https:\/\/conducircolombia.com\/cea\/#website"},"primaryImageOfPage":{"@id":"https:\/\/conducircolombia.com\/cea\/seguridad-vial-convivencia-vias-publicas\/#primaryimage"},"image":{"@id":"https:\/\/conducircolombia.com\/cea\/seguridad-vial-convivencia-vias-publicas\/#primaryimage"},"thumbnailUrl":"https:\/\/conducircolombia.com\/cea\/wp-content\/uploads\/2025\/04\/seguridad-en-las-vias-1024x683.webp","datePublished":"2025-04-28T04:03:04+00:00","dateModified":"2025-04-28T04:16:01+00:00","description":"Descubre c\u00f3mo promover la seguridad vial y la convivencia en las v\u00edas p\u00fablicas en Colombia. Conoce principios, normas, derechos y consejos pr\u00e1cticos.","breadcrumb":{"@id":"https:\/\/conducircolombia.com\/cea\/seguridad-vial-convivencia-vias-publicas\/#breadcrumb"},"inLanguage":"es","potentialAction":[{"@type":"ReadAction","target":["https:\/\/conducircolombia.com\/cea\/seguridad-vial-convivencia-vias-publicas\/"]}]},{"@type":"ImageObject","inLanguage":"es","@id":"https:\/\/conducircolombia.com\/cea\/seguridad-vial-convivencia-vias-publicas\/#primaryimage","url":"https:\/\/conducircolombia.com\/cea\/wp-content\/uploads\/2025\/04\/seguridad-en-las-vias.webp","contentUrl":"https:\/\/conducircolombia.com\/cea\/wp-content\/uploads\/2025\/04\/seguridad-en-las-vias.webp","width":1536,"height":1024,"caption":"Seguridad vial en las vias"},{"@type":"BreadcrumbList","@id":"https:\/\/conducircolombia.com\/cea\/seguridad-vial-convivencia-vias-publicas\/#breadcrumb","itemListElement":[{"@type":"ListItem","position":1,"name":"Portada","item":"https:\/\/conducircolombia.com\/cea\/"},{"@type":"ListItem","position":2,"name":"seguridad-vial-convivencia-vias-publicas"}]},{"@type":"WebSite","@id":"https:\/\/conducircolombia.com\/cea\/#website","url":"https:\/\/conducircolombia.com\/cea\/","name":"Conducir Colombia","description":"Academia de Conducci\u00f3n","publisher":{"@id":"https:\/\/conducircolombia.com\/cea\/#organization"},"potentialAction":[{"@type":"SearchAction","target":{"@type":"EntryPoint","urlTemplate":"https:\/\/conducircolombia.com\/cea\/?s={search_term_string}"},"query-input":{"@type":"PropertyValueSpecification","valueRequired":true,"valueName":"search_term_string"}}],"inLanguage":"es"},{"@type":"Organization","@id":"https:\/\/conducircolombia.com\/cea\/#organization","name":"Conducir Colombia","alternateName":"Conducir Colombia","url":"https:\/\/conducircolombia.com\/cea\/","logo":{"@type":"ImageObject","inLanguage":"es","@id":"https:\/\/conducircolombia.com\/cea\/#\/schema\/logo\/image\/","url":"https:\/\/conducircolombia.com\/cea\/wp-content\/uploads\/2025\/02\/logowp.jpg","contentUrl":"https:\/\/conducircolombia.com\/cea\/wp-content\/uploads\/2025\/02\/logowp.jpg","width":300,"height":299,"caption":"Conducir Colombia"},"image":{"@id":"https:\/\/conducircolombia.com\/cea\/#\/schema\/logo\/image\/"},"sameAs":["https:\/\/www.facebook.com\/ConducirColombiaBogota"]},{"@type":"Person","@id":"https:\/\/conducircolombia.com\/cea\/#\/schema\/person\/39f266f3357066ea02c614168ee5b0d2","name":"memo fichas","image":{"@type":"ImageObject","inLanguage":"es","@id":"https:\/\/conducircolombia.com\/cea\/#\/schema\/person\/image\/","url":"https:\/\/secure.gravatar.com\/avatar\/e1b894dfed71a479efeaf73bfb32c5e92c855e56311b32924ca240a9bcec68b2?s=96&d=mm&r=g","contentUrl":"https:\/\/secure.gravatar.com\/avatar\/e1b894dfed71a479efeaf73bfb32c5e92c855e56311b32924ca240a9bcec68b2?s=96&d=mm&r=g","caption":"memo fichas"},"url":"https:\/\/conducircolombia.com\/cea\/author\/conducir1\/"}]}},"_links":{"self":[{"href":"https:\/\/conducircolombia.com\/cea\/wp-json\/wp\/v2\/posts\/14690","targetHints":{"allow":["GET"]}}],"collection":[{"href":"https:\/\/conducircolombia.com\/cea\/wp-json\/wp\/v2\/posts"}],"about":[{"href":"https:\/\/conducircolombia.com\/cea\/wp-json\/wp\/v2\/types\/post"}],"author":[{"embeddable":true,"href":"https:\/\/conducircolombia.com\/cea\/wp-json\/wp\/v2\/users\/2"}],"replies":[{"embeddable":true,"href":"https:\/\/conducircolombia.com\/cea\/wp-json\/wp\/v2\/comments?post=14690"}],"version-history":[{"count":10,"href":"https:\/\/conducircolombia.com\/cea\/wp-json\/wp\/v2\/posts\/14690\/revisions"}],"predecessor-version":[{"id":14701,"href":"https:\/\/conducircolombia.com\/cea\/wp-json\/wp\/v2\/posts\/14690\/revisions\/14701"}],"wp:attachment":[{"href":"https:\/\/conducircolombia.com\/cea\/wp-json\/wp\/v2\/media?parent=14690"}],"wp:term":[{"taxonomy":"category","embeddable":true,"href":"https:\/\/conducircolombia.com\/cea\/wp-json\/wp\/v2\/categories?post=14690"},{"taxonomy":"post_tag","embeddable":true,"href":"https:\/\/conducircolombia.com\/cea\/wp-json\/wp\/v2\/tags?post=14690"}],"curies":[{"name":"wp","href":"https:\/\/api.w.org\/{rel}","templated":true}]}}