{"id":15295,"date":"2025-05-29T13:15:06","date_gmt":"2025-05-29T18:15:06","guid":{"rendered":"https:\/\/conducircolombia.com\/cea\/?p=15295"},"modified":"2025-05-29T20:03:37","modified_gmt":"2025-05-30T01:03:37","slug":"criterios-de-evaluacion-de-instructores-de-conduccion-formacion-y-certificacion-sena","status":"publish","type":"post","link":"https:\/\/conducircolombia.com\/cea\/criterios-de-evaluacion-de-instructores-de-conduccion-formacion-y-certificacion-sena\/","title":{"rendered":"Criterios de Evaluaci\u00f3n de Instructores de Conducci\u00f3n | Formaci\u00f3n y Certificaci\u00f3n SENA"},"content":{"rendered":"\t\t<div data-elementor-type=\"wp-post\" data-elementor-id=\"15295\" class=\"elementor elementor-15295\">\n\t\t\t\t\t\t<section class=\"elementor-section elementor-top-section elementor-element elementor-element-e21e1b7 elementor-section-boxed elementor-section-height-default elementor-section-height-default\" data-id=\"e21e1b7\" data-element_type=\"section\" data-settings=\"{&quot;background_background&quot;:&quot;classic&quot;}\">\n\t\t\t\t\t\t<div class=\"elementor-container elementor-column-gap-default\">\n\t\t\t\t\t<div class=\"elementor-column elementor-col-100 elementor-top-column elementor-element elementor-element-9baa7d5\" data-id=\"9baa7d5\" data-element_type=\"column\">\n\t\t\t<div class=\"elementor-widget-wrap elementor-element-populated\">\n\t\t\t\t\t\t<div class=\"elementor-element elementor-element-b1beeed elementor-widget elementor-widget-image\" data-id=\"b1beeed\" data-element_type=\"widget\" data-widget_type=\"image.default\">\n\t\t\t\t<div class=\"elementor-widget-container\">\n\t\t\t\t\t\t\t\t\t\t\t\t\t\t\t<img fetchpriority=\"high\" decoding=\"async\" width=\"1024\" height=\"683\" src=\"https:\/\/conducircolombia.com\/cea\/wp-content\/uploads\/2025\/05\/criterios-instructor-1024x683.webp\" class=\"attachment-large size-large wp-image-15300\" alt=\"Instructor de conducci\u00f3n siendo evaluado seg\u00fan norma SENA\" srcset=\"https:\/\/conducircolombia.com\/cea\/wp-content\/uploads\/2025\/05\/criterios-instructor-1024x683.webp 1024w, https:\/\/conducircolombia.com\/cea\/wp-content\/uploads\/2025\/05\/criterios-instructor-300x200.webp 300w, https:\/\/conducircolombia.com\/cea\/wp-content\/uploads\/2025\/05\/criterios-instructor-768x512.webp 768w, https:\/\/conducircolombia.com\/cea\/wp-content\/uploads\/2025\/05\/criterios-instructor.webp 1536w\" sizes=\"(max-width: 1024px) 100vw, 1024px\" \/>\t\t\t\t\t\t\t\t\t\t\t\t\t\t\t<\/div>\n\t\t\t\t<\/div>\n\t\t\t\t<div class=\"elementor-element elementor-element-218ec06 elementor-widget elementor-widget-text-editor\" data-id=\"218ec06\" data-element_type=\"widget\" data-widget_type=\"text-editor.default\">\n\t\t\t\t<div class=\"elementor-widget-container\">\n\t\t\t\t\t\t\t\t\t<h2 data-start=\"385\" data-end=\"446\">\ud83e\udde9 Criterios de Evaluaci\u00f3n de Instructores de Conducci\u00f3n<\/h2>\n<p data-start=\"447\" data-end=\"519\"><strong data-start=\"447\" data-end=\"519\">Basados en la Norma de Competencia Laboral en desarrollo por el SENA<\/strong><\/p>\n\n<h3 data-start=\"526\" data-end=\"569\">\u2705 \u00bfQu\u00e9 son los criterios de evaluaci\u00f3n?<\/h3>\n<p data-start=\"571\" data-end=\"880\">Los criterios de evaluaci\u00f3n son los par\u00e1metros que permiten determinar si un instructor de conducci\u00f3n <strong data-start=\"673\" data-end=\"737\">posee las competencias necesarias para ense\u00f1ar correctamente<\/strong> a futuros conductores. Estos criterios no solo miden conocimientos, sino tambi\u00e9n habilidades pr\u00e1cticas y comportamientos durante la ense\u00f1anza.<\/p>\n\n<h3 data-start=\"887\" data-end=\"924\">\ud83d\udccc \u00bfQui\u00e9n define estos criterios?<\/h3>\n<p data-start=\"926\" data-end=\"1260\">Los criterios se basan en las <strong data-start=\"956\" data-end=\"995\">Normas de Competencia Laboral (NCL)<\/strong> del SENA, que establecen los est\u00e1ndares para evaluar ocupaciones espec\u00edficas. En el caso de los instructores de conducci\u00f3n, tambi\u00e9n se tiene en cuenta la <strong data-start=\"1150\" data-end=\"1208\">Resoluci\u00f3n 20223040009425 del Ministerio de Transporte<\/strong>, que fija los contenidos m\u00ednimos para su formaci\u00f3n.<\/p>\n\n<h3 data-start=\"1267\" data-end=\"1306\">\ud83d\udd0d \u00bfQu\u00e9 tipos de criterios existen?<\/h3>\n<p data-start=\"1308\" data-end=\"1358\">Los criterios se clasifican en dos grandes grupos:<\/p>\n\n<h4 data-start=\"1360\" data-end=\"1404\">1. <strong data-start=\"1368\" data-end=\"1404\">Criterios de Desempe\u00f1o Generales<\/strong><\/h4>\n<p data-start=\"1405\" data-end=\"1498\">Eval\u00faan comportamientos que deben mantenerse en todo momento durante la labor del instructor.<\/p>\n<p data-start=\"1500\" data-end=\"1581\">\ud83e\udde0 <strong data-start=\"1503\" data-end=\"1515\">Ejemplo:<\/strong><br data-start=\"1515\" data-end=\"1518\" \/>\u201cAplica la normativa vigente en todas las acciones formativas.\u201d<\/p>\n\n<h4 data-start=\"1583\" data-end=\"1629\">2. <strong data-start=\"1591\" data-end=\"1629\">Criterios de Desempe\u00f1o Espec\u00edficos<\/strong><\/h4>\n<p data-start=\"1630\" data-end=\"1724\">Se enfocan en resultados concretos que el instructor debe demostrar en su pr\u00e1ctica pedag\u00f3gica.<\/p>\n<p data-start=\"1726\" data-end=\"1820\">\ud83e\uddea <strong data-start=\"1729\" data-end=\"1741\">Ejemplo:<\/strong><br data-start=\"1741\" data-end=\"1744\" \/>\u201cRealiza una evaluaci\u00f3n te\u00f3rica inicial basada en la normativa de tr\u00e1nsito.\u201d<\/p>\n\n<h3 data-start=\"1827\" data-end=\"1873\">\ud83e\udde0 Conocimientos esenciales del instructor<\/h3>\n<p data-start=\"1875\" data-end=\"1958\">Todo instructor debe dominar conocimientos t\u00e9cnicos, pedag\u00f3gicos y normativos como:<\/p>\n\n<ul data-start=\"1960\" data-end=\"2173\">\n \t<li data-start=\"1960\" data-end=\"1989\">\n<p data-start=\"1962\" data-end=\"1989\">C\u00f3digo Nacional de Tr\u00e1nsito<\/p>\n<\/li>\n \t<li data-start=\"1990\" data-end=\"2019\">\n<p data-start=\"1992\" data-end=\"2019\">Normativa de seguridad vial<\/p>\n<\/li>\n \t<li data-start=\"2020\" data-end=\"2084\">\n<p data-start=\"2022\" data-end=\"2084\">Sistemas de seguridad vehicular (ABS, frenos auxiliares, etc.)<\/p>\n<\/li>\n \t<li data-start=\"2085\" data-end=\"2125\">\n<p data-start=\"2087\" data-end=\"2125\">Metodolog\u00edas para ense\u00f1anza de adultos<\/p>\n<\/li>\n \t<li data-start=\"2126\" data-end=\"2173\">\n<p data-start=\"2128\" data-end=\"2173\">Psicolog\u00eda del conductor y gesti\u00f3n de riesgos<\/p>\n<\/li>\n<\/ul>\n<h3 data-start=\"2180\" data-end=\"2208\">\ud83e\uddfe Evidencias requeridas<\/h3>\n<p data-start=\"2210\" data-end=\"2292\">Para validar las competencias del instructor, se utilizan dos tipos de evidencias:<\/p>\n\n<h4 data-start=\"2294\" data-end=\"2334\">\ud83d\udd39 Evidencia de desempe\u00f1o (directo)<\/h4>\n<p data-start=\"2335\" data-end=\"2512\">Se obtiene por medio de <strong data-start=\"2359\" data-end=\"2382\">observaci\u00f3n directa<\/strong> en el entorno de trabajo o grabaciones.<br data-start=\"2422\" data-end=\"2425\" \/>\ud83d\udcf7 <em data-start=\"2428\" data-end=\"2512\">Ejemplo: Un video donde el instructor realiza una clase sobre se\u00f1ales de tr\u00e1nsito.<\/em><\/p>\n\n<h4 data-start=\"2514\" data-end=\"2543\">\ud83d\udd39 Evidencia de producto<\/h4>\n<p data-start=\"2544\" data-end=\"2687\">Son los resultados tangibles generados por el instructor.<br data-start=\"2601\" data-end=\"2604\" \/>\ud83d\udcc4 <em data-start=\"2607\" data-end=\"2687\">Ejemplo: Plan de clase estructurado con objetivos, actividades y evaluaciones.<\/em><\/p>\n\n<h3 data-start=\"2694\" data-end=\"2742\">\ud83e\udded \u00bfC\u00f3mo se relacionan con la certificaci\u00f3n?<\/h3>\n<p data-start=\"2744\" data-end=\"3024\">El SENA est\u00e1 en proceso de construir la Norma Sectorial de Competencia Laboral (NSCL) para instructores de conducci\u00f3n. Este curso y estos criterios te preparan para presentarte al proceso de <strong data-start=\"2935\" data-end=\"2975\">certificaci\u00f3n cuando est\u00e9 disponible<\/strong>, asegurando que cumplas desde ya con lo exigido.<\/p>\n\n<h3 data-start=\"3031\" data-end=\"3050\">\ud83d\udcc2 M\u00e1s recursos<\/h3>\n<ul data-start=\"3052\" data-end=\"3370\">\n \t<li data-start=\"3052\" data-end=\"3164\">\n<p data-start=\"3054\" data-end=\"3164\">\ud83d\udc49 <a class=\"cursor-pointer\" href=\"https:\/\/escuelasdeautomovilismo.com\/Normas\/20223040009425.pdf\" target=\"_blank\" rel=\"noopener\" data-start=\"3057\" data-end=\"3162\">Ver resoluci\u00f3n 20223040009425<\/a><\/p>\n<\/li>\n \t<li data-start=\"3165\" data-end=\"3267\">\n<p data-start=\"3167\" data-end=\"3267\">\ud83d\udc49 <a class=\"cursor-pointer\" href=\"https:\/\/conducircolombia.com\/cea\/curso-instructores-conduccion\/\" target=\"_blank\" rel=\"noopener\" data-start=\"3170\" data-end=\"3265\">Curso oficial de formaci\u00f3n de instructores<\/a><\/p>\n<\/li>\n \t<li data-start=\"3268\" data-end=\"3370\">\n<p data-start=\"3270\" data-end=\"3370\">\ud83d\udc49 <a class=\"cursor-pointer\" href=\"https:\/\/conducircolombia.com\/cea\/certificacion-por-competencias-laborales-preguntas-frecuentes\" target=\"_blank\" rel=\"noopener\" data-start=\"3273\" data-end=\"3370\">Preguntas frecuentes sobre certificaci\u00f3n por competencias<\/a><\/p>\n<\/li>\n<\/ul>\n<h3 data-start=\"3377\" data-end=\"3398\">\ud83d\udcde \u00bfTienes dudas?<\/h3>\n<a href=\"https:\/\/wa.me\/573188352225?text=Hola%2C%20estoy%20interesado%20en%20el%20curso%20de%20formaci\u00f3n%20para%20instructores%20de%20conducci\u00f3n.\" target=\"_blank\" style=\"display: inline-block; background-color: #25D366; color: white; font-size: 18px; padding: 12px 24px; border-radius: 8px; text-decoration: none; font-weight: bold; box-shadow: 0 4px 8px rgba(0,0,0,0.2);\">\n  \ud83d\udcf1 Cont\u00e1ctanos por WhatsApp\n<\/a>\n\t\t\t\t\t\t\t\t<\/div>\n\t\t\t\t<\/div>\n\t\t\t\t\t<\/div>\n\t\t<\/div>\n\t\t\t\t\t<\/div>\n\t\t<\/section>\n\t\t\t\t<\/div>\n\t\t","protected":false},"excerpt":{"rendered":"<p>\ud83e\udde9 Criterios de Evaluaci\u00f3n de Instructores de Conducci\u00f3n Basados en la Norma de Competencia Laboral en desarrollo por el SENA [&hellip;]<\/p>\n","protected":false},"author":2,"featured_media":0,"comment_status":"open","ping_status":"open","sticky":false,"template":"elementor_theme","format":"standard","meta":{"site-sidebar-layout":"default","site-content-layout":"","ast-site-content-layout":"default","site-content-style":"default","site-sidebar-style":"default","ast-global-header-display":"","ast-banner-title-visibility":"","ast-main-header-display":"","ast-hfb-above-header-display":"","ast-hfb-below-header-display":"","ast-hfb-mobile-header-display":"","site-post-title":"","ast-breadcrumbs-content":"","ast-featured-img":"","footer-sml-layout":"","theme-transparent-header-meta":"","adv-header-id-meta":"","stick-header-meta":"","header-above-stick-meta":"","header-main-stick-meta":"","header-below-stick-meta":"","astra-migrate-meta-layouts":"set","ast-page-background-enabled":"default","ast-page-background-meta":{"desktop":{"background-color":"var(--ast-global-color-4)","background-image":"","background-repeat":"repeat","background-position":"center center","background-size":"auto","background-attachment":"scroll","background-type":"","background-media":"","overlay-type":"","overlay-color":"","overlay-opacity":"","overlay-gradient":""},"tablet":{"background-color":"","background-image":"","background-repeat":"repeat","background-position":"center center","background-size":"auto","background-attachment":"scroll","background-type":"","background-media":"","overlay-type":"","overlay-color":"","overlay-opacity":"","overlay-gradient":""},"mobile":{"background-color":"","background-image":"","background-repeat":"repeat","background-position":"center center","background-size":"auto","background-attachment":"scroll","background-type":"","background-media":"","overlay-type":"","overlay-color":"","overlay-opacity":"","overlay-gradient":""}},"ast-content-background-meta":{"desktop":{"background-color":"var(--ast-global-color-5)","background-image":"","background-repeat":"repeat","background-position":"center center","background-size":"auto","background-attachment":"scroll","background-type":"","background-media":"","overlay-type":"","overlay-color":"","overlay-opacity":"","overlay-gradient":""},"tablet":{"background-color":"var(--ast-global-color-5)","background-image":"","background-repeat":"repeat","background-position":"center center","background-size":"auto","background-attachment":"scroll","background-type":"","background-media":"","overlay-type":"","overlay-color":"","overlay-opacity":"","overlay-gradient":""},"mobile":{"background-color":"var(--ast-global-color-5)","background-image":"","background-repeat":"repeat","background-position":"center center","background-size":"auto","background-attachment":"scroll","background-type":"","background-media":"","overlay-type":"","overlay-color":"","overlay-opacity":"","overlay-gradient":""}},"footnotes":""},"categories":[1],"tags":[],"class_list":["post-15295","post","type-post","status-publish","format-standard","hentry","category-uncategorized"],"yoast_head":"<!-- This site is optimized with the Yoast SEO plugin v26.4 - https:\/\/yoast.com\/wordpress\/plugins\/seo\/ -->\n<title>Criterios de Evaluaci\u00f3n de Instructores de Conducci\u00f3n | Formaci\u00f3n y Certificaci\u00f3n SENA<\/title>\n<meta name=\"description\" content=\"Conoce los criterios de evaluaci\u00f3n de instructores de conducci\u00f3n seg\u00fan la Resoluci\u00f3n 20223040009425 y la norma de competencia laboral en desarrollo del SENA. Prep\u00e1rate para certificarte.\" \/>\n<meta name=\"robots\" content=\"index, follow, max-snippet:-1, max-image-preview:large, max-video-preview:-1\" \/>\n<link rel=\"canonical\" href=\"https:\/\/conducircolombia.com\/cea\/criterios-de-evaluacion-de-instructores-de-conduccion-formacion-y-certificacion-sena\/\" \/>\n<meta property=\"og:locale\" content=\"es_ES\" \/>\n<meta property=\"og:type\" content=\"article\" \/>\n<meta property=\"og:title\" content=\"Criterios de Evaluaci\u00f3n de Instructores de Conducci\u00f3n | Formaci\u00f3n y Certificaci\u00f3n SENA\" \/>\n<meta property=\"og:description\" content=\"Conoce los criterios de evaluaci\u00f3n de instructores de conducci\u00f3n seg\u00fan la Resoluci\u00f3n 20223040009425 y la norma de competencia laboral en desarrollo del SENA. Prep\u00e1rate para certificarte.\" \/>\n<meta property=\"og:url\" content=\"https:\/\/conducircolombia.com\/cea\/criterios-de-evaluacion-de-instructores-de-conduccion-formacion-y-certificacion-sena\/\" \/>\n<meta property=\"og:site_name\" content=\"Conducir Colombia\" \/>\n<meta property=\"article:publisher\" content=\"https:\/\/www.facebook.com\/ConducirColombiaBogota\" \/>\n<meta property=\"article:published_time\" content=\"2025-05-29T18:15:06+00:00\" \/>\n<meta property=\"article:modified_time\" content=\"2025-05-30T01:03:37+00:00\" \/>\n<meta property=\"og:image\" content=\"https:\/\/conducircolombia.com\/cea\/wp-content\/uploads\/2025\/05\/criterios-instructor.webp\" \/>\n\t<meta property=\"og:image:width\" content=\"1536\" \/>\n\t<meta property=\"og:image:height\" content=\"1024\" \/>\n\t<meta property=\"og:image:type\" content=\"image\/webp\" \/>\n<meta name=\"author\" content=\"memo fichas\" \/>\n<meta name=\"twitter:card\" content=\"summary_large_image\" \/>\n<meta name=\"twitter:label1\" content=\"Escrito por\" \/>\n\t<meta name=\"twitter:data1\" content=\"memo fichas\" \/>\n\t<meta name=\"twitter:label2\" content=\"Tiempo de lectura\" \/>\n\t<meta name=\"twitter:data2\" content=\"2 minutos\" \/>\n<script type=\"application\/ld+json\" class=\"yoast-schema-graph\">{\"@context\":\"https:\/\/schema.org\",\"@graph\":[{\"@type\":\"Article\",\"@id\":\"https:\/\/conducircolombia.com\/cea\/criterios-de-evaluacion-de-instructores-de-conduccion-formacion-y-certificacion-sena\/#article\",\"isPartOf\":{\"@id\":\"https:\/\/conducircolombia.com\/cea\/criterios-de-evaluacion-de-instructores-de-conduccion-formacion-y-certificacion-sena\/\"},\"author\":{\"name\":\"memo fichas\",\"@id\":\"https:\/\/conducircolombia.com\/cea\/#\/schema\/person\/39f266f3357066ea02c614168ee5b0d2\"},\"headline\":\"Criterios de Evaluaci\u00f3n de Instructores de Conducci\u00f3n | Formaci\u00f3n y Certificaci\u00f3n SENA\",\"datePublished\":\"2025-05-29T18:15:06+00:00\",\"dateModified\":\"2025-05-30T01:03:37+00:00\",\"mainEntityOfPage\":{\"@id\":\"https:\/\/conducircolombia.com\/cea\/criterios-de-evaluacion-de-instructores-de-conduccion-formacion-y-certificacion-sena\/\"},\"wordCount\":427,\"commentCount\":2,\"publisher\":{\"@id\":\"https:\/\/conducircolombia.com\/cea\/#organization\"},\"image\":{\"@id\":\"https:\/\/conducircolombia.com\/cea\/criterios-de-evaluacion-de-instructores-de-conduccion-formacion-y-certificacion-sena\/#primaryimage\"},\"thumbnailUrl\":\"https:\/\/conducircolombia.com\/cea\/wp-content\/uploads\/2025\/05\/criterios-instructor-1024x683.webp\",\"articleSection\":[\"Uncategorized\"],\"inLanguage\":\"es\",\"potentialAction\":[{\"@type\":\"CommentAction\",\"name\":\"Comment\",\"target\":[\"https:\/\/conducircolombia.com\/cea\/criterios-de-evaluacion-de-instructores-de-conduccion-formacion-y-certificacion-sena\/#respond\"]}]},{\"@type\":\"WebPage\",\"@id\":\"https:\/\/conducircolombia.com\/cea\/criterios-de-evaluacion-de-instructores-de-conduccion-formacion-y-certificacion-sena\/\",\"url\":\"https:\/\/conducircolombia.com\/cea\/criterios-de-evaluacion-de-instructores-de-conduccion-formacion-y-certificacion-sena\/\",\"name\":\"Criterios de Evaluaci\u00f3n de Instructores de Conducci\u00f3n | Formaci\u00f3n y Certificaci\u00f3n SENA\",\"isPartOf\":{\"@id\":\"https:\/\/conducircolombia.com\/cea\/#website\"},\"primaryImageOfPage\":{\"@id\":\"https:\/\/conducircolombia.com\/cea\/criterios-de-evaluacion-de-instructores-de-conduccion-formacion-y-certificacion-sena\/#primaryimage\"},\"image\":{\"@id\":\"https:\/\/conducircolombia.com\/cea\/criterios-de-evaluacion-de-instructores-de-conduccion-formacion-y-certificacion-sena\/#primaryimage\"},\"thumbnailUrl\":\"https:\/\/conducircolombia.com\/cea\/wp-content\/uploads\/2025\/05\/criterios-instructor-1024x683.webp\",\"datePublished\":\"2025-05-29T18:15:06+00:00\",\"dateModified\":\"2025-05-30T01:03:37+00:00\",\"description\":\"Conoce los criterios de evaluaci\u00f3n de instructores de conducci\u00f3n seg\u00fan la Resoluci\u00f3n 20223040009425 y la norma de competencia laboral en desarrollo del SENA. Prep\u00e1rate para certificarte.\",\"breadcrumb\":{\"@id\":\"https:\/\/conducircolombia.com\/cea\/criterios-de-evaluacion-de-instructores-de-conduccion-formacion-y-certificacion-sena\/#breadcrumb\"},\"inLanguage\":\"es\",\"potentialAction\":[{\"@type\":\"ReadAction\",\"target\":[\"https:\/\/conducircolombia.com\/cea\/criterios-de-evaluacion-de-instructores-de-conduccion-formacion-y-certificacion-sena\/\"]}]},{\"@type\":\"ImageObject\",\"inLanguage\":\"es\",\"@id\":\"https:\/\/conducircolombia.com\/cea\/criterios-de-evaluacion-de-instructores-de-conduccion-formacion-y-certificacion-sena\/#primaryimage\",\"url\":\"https:\/\/conducircolombia.com\/cea\/wp-content\/uploads\/2025\/05\/criterios-instructor.webp\",\"contentUrl\":\"https:\/\/conducircolombia.com\/cea\/wp-content\/uploads\/2025\/05\/criterios-instructor.webp\",\"width\":1536,\"height\":1024,\"caption\":\"Instructor de conducci\u00f3n siendo evaluado seg\u00fan norma SENA\"},{\"@type\":\"BreadcrumbList\",\"@id\":\"https:\/\/conducircolombia.com\/cea\/criterios-de-evaluacion-de-instructores-de-conduccion-formacion-y-certificacion-sena\/#breadcrumb\",\"itemListElement\":[{\"@type\":\"ListItem\",\"position\":1,\"name\":\"Portada\",\"item\":\"https:\/\/conducircolombia.com\/cea\/\"},{\"@type\":\"ListItem\",\"position\":2,\"name\":\"Criterios de Evaluaci\u00f3n de Instructores de Conducci\u00f3n | Formaci\u00f3n y Certificaci\u00f3n SENA\"}]},{\"@type\":\"WebSite\",\"@id\":\"https:\/\/conducircolombia.com\/cea\/#website\",\"url\":\"https:\/\/conducircolombia.com\/cea\/\",\"name\":\"Conducir Colombia\",\"description\":\"Academia de Conducci\u00f3n\",\"publisher\":{\"@id\":\"https:\/\/conducircolombia.com\/cea\/#organization\"},\"potentialAction\":[{\"@type\":\"SearchAction\",\"target\":{\"@type\":\"EntryPoint\",\"urlTemplate\":\"https:\/\/conducircolombia.com\/cea\/?s={search_term_string}\"},\"query-input\":{\"@type\":\"PropertyValueSpecification\",\"valueRequired\":true,\"valueName\":\"search_term_string\"}}],\"inLanguage\":\"es\"},{\"@type\":\"Organization\",\"@id\":\"https:\/\/conducircolombia.com\/cea\/#organization\",\"name\":\"Conducir Colombia\",\"alternateName\":\"Conducir Colombia\",\"url\":\"https:\/\/conducircolombia.com\/cea\/\",\"logo\":{\"@type\":\"ImageObject\",\"inLanguage\":\"es\",\"@id\":\"https:\/\/conducircolombia.com\/cea\/#\/schema\/logo\/image\/\",\"url\":\"https:\/\/conducircolombia.com\/cea\/wp-content\/uploads\/2025\/02\/logowp.jpg\",\"contentUrl\":\"https:\/\/conducircolombia.com\/cea\/wp-content\/uploads\/2025\/02\/logowp.jpg\",\"width\":300,\"height\":299,\"caption\":\"Conducir Colombia\"},\"image\":{\"@id\":\"https:\/\/conducircolombia.com\/cea\/#\/schema\/logo\/image\/\"},\"sameAs\":[\"https:\/\/www.facebook.com\/ConducirColombiaBogota\"]},{\"@type\":\"Person\",\"@id\":\"https:\/\/conducircolombia.com\/cea\/#\/schema\/person\/39f266f3357066ea02c614168ee5b0d2\",\"name\":\"memo fichas\",\"image\":{\"@type\":\"ImageObject\",\"inLanguage\":\"es\",\"@id\":\"https:\/\/conducircolombia.com\/cea\/#\/schema\/person\/image\/\",\"url\":\"https:\/\/secure.gravatar.com\/avatar\/e1b894dfed71a479efeaf73bfb32c5e92c855e56311b32924ca240a9bcec68b2?s=96&d=mm&r=g\",\"contentUrl\":\"https:\/\/secure.gravatar.com\/avatar\/e1b894dfed71a479efeaf73bfb32c5e92c855e56311b32924ca240a9bcec68b2?s=96&d=mm&r=g\",\"caption\":\"memo fichas\"},\"url\":\"https:\/\/conducircolombia.com\/cea\/author\/conducir1\/\"}]}<\/script>\n<!-- \/ Yoast SEO plugin. -->","yoast_head_json":{"title":"Criterios de Evaluaci\u00f3n de Instructores de Conducci\u00f3n | Formaci\u00f3n y Certificaci\u00f3n SENA","description":"Conoce los criterios de evaluaci\u00f3n de instructores de conducci\u00f3n seg\u00fan la Resoluci\u00f3n 20223040009425 y la norma de competencia laboral en desarrollo del SENA. Prep\u00e1rate para certificarte.","robots":{"index":"index","follow":"follow","max-snippet":"max-snippet:-1","max-image-preview":"max-image-preview:large","max-video-preview":"max-video-preview:-1"},"canonical":"https:\/\/conducircolombia.com\/cea\/criterios-de-evaluacion-de-instructores-de-conduccion-formacion-y-certificacion-sena\/","og_locale":"es_ES","og_type":"article","og_title":"Criterios de Evaluaci\u00f3n de Instructores de Conducci\u00f3n | Formaci\u00f3n y Certificaci\u00f3n SENA","og_description":"Conoce los criterios de evaluaci\u00f3n de instructores de conducci\u00f3n seg\u00fan la Resoluci\u00f3n 20223040009425 y la norma de competencia laboral en desarrollo del SENA. Prep\u00e1rate para certificarte.","og_url":"https:\/\/conducircolombia.com\/cea\/criterios-de-evaluacion-de-instructores-de-conduccion-formacion-y-certificacion-sena\/","og_site_name":"Conducir Colombia","article_publisher":"https:\/\/www.facebook.com\/ConducirColombiaBogota","article_published_time":"2025-05-29T18:15:06+00:00","article_modified_time":"2025-05-30T01:03:37+00:00","og_image":[{"width":1536,"height":1024,"url":"https:\/\/conducircolombia.com\/cea\/wp-content\/uploads\/2025\/05\/criterios-instructor.webp","type":"image\/webp"}],"author":"memo fichas","twitter_card":"summary_large_image","twitter_misc":{"Escrito por":"memo fichas","Tiempo de lectura":"2 minutos"},"schema":{"@context":"https:\/\/schema.org","@graph":[{"@type":"Article","@id":"https:\/\/conducircolombia.com\/cea\/criterios-de-evaluacion-de-instructores-de-conduccion-formacion-y-certificacion-sena\/#article","isPartOf":{"@id":"https:\/\/conducircolombia.com\/cea\/criterios-de-evaluacion-de-instructores-de-conduccion-formacion-y-certificacion-sena\/"},"author":{"name":"memo fichas","@id":"https:\/\/conducircolombia.com\/cea\/#\/schema\/person\/39f266f3357066ea02c614168ee5b0d2"},"headline":"Criterios de Evaluaci\u00f3n de Instructores de Conducci\u00f3n | Formaci\u00f3n y Certificaci\u00f3n SENA","datePublished":"2025-05-29T18:15:06+00:00","dateModified":"2025-05-30T01:03:37+00:00","mainEntityOfPage":{"@id":"https:\/\/conducircolombia.com\/cea\/criterios-de-evaluacion-de-instructores-de-conduccion-formacion-y-certificacion-sena\/"},"wordCount":427,"commentCount":2,"publisher":{"@id":"https:\/\/conducircolombia.com\/cea\/#organization"},"image":{"@id":"https:\/\/conducircolombia.com\/cea\/criterios-de-evaluacion-de-instructores-de-conduccion-formacion-y-certificacion-sena\/#primaryimage"},"thumbnailUrl":"https:\/\/conducircolombia.com\/cea\/wp-content\/uploads\/2025\/05\/criterios-instructor-1024x683.webp","articleSection":["Uncategorized"],"inLanguage":"es","potentialAction":[{"@type":"CommentAction","name":"Comment","target":["https:\/\/conducircolombia.com\/cea\/criterios-de-evaluacion-de-instructores-de-conduccion-formacion-y-certificacion-sena\/#respond"]}]},{"@type":"WebPage","@id":"https:\/\/conducircolombia.com\/cea\/criterios-de-evaluacion-de-instructores-de-conduccion-formacion-y-certificacion-sena\/","url":"https:\/\/conducircolombia.com\/cea\/criterios-de-evaluacion-de-instructores-de-conduccion-formacion-y-certificacion-sena\/","name":"Criterios de Evaluaci\u00f3n de Instructores de Conducci\u00f3n | Formaci\u00f3n y Certificaci\u00f3n SENA","isPartOf":{"@id":"https:\/\/conducircolombia.com\/cea\/#website"},"primaryImageOfPage":{"@id":"https:\/\/conducircolombia.com\/cea\/criterios-de-evaluacion-de-instructores-de-conduccion-formacion-y-certificacion-sena\/#primaryimage"},"image":{"@id":"https:\/\/conducircolombia.com\/cea\/criterios-de-evaluacion-de-instructores-de-conduccion-formacion-y-certificacion-sena\/#primaryimage"},"thumbnailUrl":"https:\/\/conducircolombia.com\/cea\/wp-content\/uploads\/2025\/05\/criterios-instructor-1024x683.webp","datePublished":"2025-05-29T18:15:06+00:00","dateModified":"2025-05-30T01:03:37+00:00","description":"Conoce los criterios de evaluaci\u00f3n de instructores de conducci\u00f3n seg\u00fan la Resoluci\u00f3n 20223040009425 y la norma de competencia laboral en desarrollo del SENA. Prep\u00e1rate para certificarte.","breadcrumb":{"@id":"https:\/\/conducircolombia.com\/cea\/criterios-de-evaluacion-de-instructores-de-conduccion-formacion-y-certificacion-sena\/#breadcrumb"},"inLanguage":"es","potentialAction":[{"@type":"ReadAction","target":["https:\/\/conducircolombia.com\/cea\/criterios-de-evaluacion-de-instructores-de-conduccion-formacion-y-certificacion-sena\/"]}]},{"@type":"ImageObject","inLanguage":"es","@id":"https:\/\/conducircolombia.com\/cea\/criterios-de-evaluacion-de-instructores-de-conduccion-formacion-y-certificacion-sena\/#primaryimage","url":"https:\/\/conducircolombia.com\/cea\/wp-content\/uploads\/2025\/05\/criterios-instructor.webp","contentUrl":"https:\/\/conducircolombia.com\/cea\/wp-content\/uploads\/2025\/05\/criterios-instructor.webp","width":1536,"height":1024,"caption":"Instructor de conducci\u00f3n siendo evaluado seg\u00fan norma SENA"},{"@type":"BreadcrumbList","@id":"https:\/\/conducircolombia.com\/cea\/criterios-de-evaluacion-de-instructores-de-conduccion-formacion-y-certificacion-sena\/#breadcrumb","itemListElement":[{"@type":"ListItem","position":1,"name":"Portada","item":"https:\/\/conducircolombia.com\/cea\/"},{"@type":"ListItem","position":2,"name":"Criterios de Evaluaci\u00f3n de Instructores de Conducci\u00f3n | Formaci\u00f3n y Certificaci\u00f3n SENA"}]},{"@type":"WebSite","@id":"https:\/\/conducircolombia.com\/cea\/#website","url":"https:\/\/conducircolombia.com\/cea\/","name":"Conducir Colombia","description":"Academia de Conducci\u00f3n","publisher":{"@id":"https:\/\/conducircolombia.com\/cea\/#organization"},"potentialAction":[{"@type":"SearchAction","target":{"@type":"EntryPoint","urlTemplate":"https:\/\/conducircolombia.com\/cea\/?s={search_term_string}"},"query-input":{"@type":"PropertyValueSpecification","valueRequired":true,"valueName":"search_term_string"}}],"inLanguage":"es"},{"@type":"Organization","@id":"https:\/\/conducircolombia.com\/cea\/#organization","name":"Conducir Colombia","alternateName":"Conducir Colombia","url":"https:\/\/conducircolombia.com\/cea\/","logo":{"@type":"ImageObject","inLanguage":"es","@id":"https:\/\/conducircolombia.com\/cea\/#\/schema\/logo\/image\/","url":"https:\/\/conducircolombia.com\/cea\/wp-content\/uploads\/2025\/02\/logowp.jpg","contentUrl":"https:\/\/conducircolombia.com\/cea\/wp-content\/uploads\/2025\/02\/logowp.jpg","width":300,"height":299,"caption":"Conducir Colombia"},"image":{"@id":"https:\/\/conducircolombia.com\/cea\/#\/schema\/logo\/image\/"},"sameAs":["https:\/\/www.facebook.com\/ConducirColombiaBogota"]},{"@type":"Person","@id":"https:\/\/conducircolombia.com\/cea\/#\/schema\/person\/39f266f3357066ea02c614168ee5b0d2","name":"memo fichas","image":{"@type":"ImageObject","inLanguage":"es","@id":"https:\/\/conducircolombia.com\/cea\/#\/schema\/person\/image\/","url":"https:\/\/secure.gravatar.com\/avatar\/e1b894dfed71a479efeaf73bfb32c5e92c855e56311b32924ca240a9bcec68b2?s=96&d=mm&r=g","contentUrl":"https:\/\/secure.gravatar.com\/avatar\/e1b894dfed71a479efeaf73bfb32c5e92c855e56311b32924ca240a9bcec68b2?s=96&d=mm&r=g","caption":"memo fichas"},"url":"https:\/\/conducircolombia.com\/cea\/author\/conducir1\/"}]}},"_links":{"self":[{"href":"https:\/\/conducircolombia.com\/cea\/wp-json\/wp\/v2\/posts\/15295","targetHints":{"allow":["GET"]}}],"collection":[{"href":"https:\/\/conducircolombia.com\/cea\/wp-json\/wp\/v2\/posts"}],"about":[{"href":"https:\/\/conducircolombia.com\/cea\/wp-json\/wp\/v2\/types\/post"}],"author":[{"embeddable":true,"href":"https:\/\/conducircolombia.com\/cea\/wp-json\/wp\/v2\/users\/2"}],"replies":[{"embeddable":true,"href":"https:\/\/conducircolombia.com\/cea\/wp-json\/wp\/v2\/comments?post=15295"}],"version-history":[{"count":19,"href":"https:\/\/conducircolombia.com\/cea\/wp-json\/wp\/v2\/posts\/15295\/revisions"}],"predecessor-version":[{"id":15325,"href":"https:\/\/conducircolombia.com\/cea\/wp-json\/wp\/v2\/posts\/15295\/revisions\/15325"}],"wp:attachment":[{"href":"https:\/\/conducircolombia.com\/cea\/wp-json\/wp\/v2\/media?parent=15295"}],"wp:term":[{"taxonomy":"category","embeddable":true,"href":"https:\/\/conducircolombia.com\/cea\/wp-json\/wp\/v2\/categories?post=15295"},{"taxonomy":"post_tag","embeddable":true,"href":"https:\/\/conducircolombia.com\/cea\/wp-json\/wp\/v2\/tags?post=15295"}],"curies":[{"name":"wp","href":"https:\/\/api.w.org\/{rel}","templated":true}]}}