{"id":15326,"date":"2025-05-29T20:08:07","date_gmt":"2025-05-30T01:08:07","guid":{"rendered":"https:\/\/conducircolombia.com\/cea\/?p=15326"},"modified":"2025-05-29T20:33:04","modified_gmt":"2025-05-30T01:33:04","slug":"certificacion-por-competencias-laborales-preguntas-frecuentes","status":"publish","type":"post","link":"https:\/\/conducircolombia.com\/cea\/certificacion-por-competencias-laborales-preguntas-frecuentes\/","title":{"rendered":"Preguntas Frecuentes sobre Certificaci\u00f3n por Competencias Laborales | Gu\u00eda 2025"},"content":{"rendered":"\t\t<div data-elementor-type=\"wp-post\" data-elementor-id=\"15326\" class=\"elementor elementor-15326\">\n\t\t\t\t\t\t<section class=\"elementor-section elementor-top-section elementor-element elementor-element-ab0864a elementor-section-boxed elementor-section-height-default elementor-section-height-default\" data-id=\"ab0864a\" data-element_type=\"section\" data-settings=\"{&quot;background_background&quot;:&quot;classic&quot;}\">\n\t\t\t\t\t\t<div class=\"elementor-container elementor-column-gap-default\">\n\t\t\t\t\t<div class=\"elementor-column elementor-col-100 elementor-top-column elementor-element elementor-element-9a510b6\" data-id=\"9a510b6\" data-element_type=\"column\">\n\t\t\t<div class=\"elementor-widget-wrap elementor-element-populated\">\n\t\t\t\t\t\t<div class=\"elementor-element elementor-element-e61cbda elementor-widget elementor-widget-image\" data-id=\"e61cbda\" data-element_type=\"widget\" data-widget_type=\"image.default\">\n\t\t\t\t<div class=\"elementor-widget-container\">\n\t\t\t\t\t\t\t\t\t\t\t\t\t\t\t<img fetchpriority=\"high\" decoding=\"async\" width=\"683\" height=\"1024\" src=\"https:\/\/conducircolombia.com\/cea\/wp-content\/uploads\/2025\/05\/certificacion-por-competencias-laborales-683x1024.webp\" class=\"attachment-large size-large wp-image-15342\" alt=\"Certificaci\u00f3n por competencias laborales\" srcset=\"https:\/\/conducircolombia.com\/cea\/wp-content\/uploads\/2025\/05\/certificacion-por-competencias-laborales-683x1024.webp 683w, https:\/\/conducircolombia.com\/cea\/wp-content\/uploads\/2025\/05\/certificacion-por-competencias-laborales-200x300.webp 200w, https:\/\/conducircolombia.com\/cea\/wp-content\/uploads\/2025\/05\/certificacion-por-competencias-laborales-768x1152.webp 768w, https:\/\/conducircolombia.com\/cea\/wp-content\/uploads\/2025\/05\/certificacion-por-competencias-laborales.webp 1024w\" sizes=\"(max-width: 683px) 100vw, 683px\" \/>\t\t\t\t\t\t\t\t\t\t\t\t\t\t\t<\/div>\n\t\t\t\t<\/div>\n\t\t\t\t<div class=\"elementor-element elementor-element-ab9356c elementor-widget elementor-widget-text-editor\" data-id=\"ab9356c\" data-element_type=\"widget\" data-widget_type=\"text-editor.default\">\n\t\t\t\t<div class=\"elementor-widget-container\">\n\t\t\t\t\t\t\t\t\t<h2 data-start=\"227\" data-end=\"299\">\u2753 Preguntas Frecuentes sobre Certificaci\u00f3n por Competencias Laborales<\/h2><p data-start=\"301\" data-end=\"551\">La certificaci\u00f3n por competencias laborales es un proceso que permite reconocer oficialmente los conocimientos, habilidades y destrezas que una persona ya posee, sin importar c\u00f3mo los haya adquirido. A continuaci\u00f3n, respondemos las dudas m\u00e1s comunes:<\/p><h3 data-start=\"558\" data-end=\"608\">\ud83d\udd39 \u00bfQu\u00e9 es una certificaci\u00f3n por competencias?<\/h3><p data-start=\"610\" data-end=\"864\">Es un reconocimiento oficial, expedido por una entidad acreditada como el <strong data-start=\"684\" data-end=\"692\">SENA<\/strong>, que valida que una persona <strong data-start=\"721\" data-end=\"777\">es competente para desempe\u00f1ar una funci\u00f3n espec\u00edfica<\/strong>. No se trata de un diploma por estudiar, sino de una validaci\u00f3n de lo que sabes hacer.<\/p><h3 data-start=\"871\" data-end=\"904\">\ud83d\udd39 \u00bfQui\u00e9n puede certificarse?<\/h3><p data-start=\"906\" data-end=\"1150\">Cualquier persona con experiencia demostrable en un oficio o funci\u00f3n laboral. Por ejemplo, si llevas a\u00f1os ense\u00f1ando conducci\u00f3n, puedes certificarte como <strong data-start=\"1059\" data-end=\"1099\">instructor en t\u00e9cnicas de conducci\u00f3n<\/strong>, sin importar si estudiaste formalmente para ello.<\/p><h3 data-start=\"1157\" data-end=\"1217\">\ud83d\udd39 \u00bfQu\u00e9 se eval\u00faa en una certificaci\u00f3n por competencias?<\/h3><p data-start=\"1219\" data-end=\"1258\">Se eval\u00faan tres aspectos fundamentales:<\/p><ul data-start=\"1260\" data-end=\"1433\"><li data-start=\"1260\" data-end=\"1309\"><p data-start=\"1262\" data-end=\"1309\"><strong data-start=\"1262\" data-end=\"1271\">Saber<\/strong>: conocimientos t\u00e9cnicos y normativos.<\/p><\/li><li data-start=\"1310\" data-end=\"1368\"><p data-start=\"1312\" data-end=\"1368\"><strong data-start=\"1312\" data-end=\"1327\">Saber hacer<\/strong>: habilidades pr\u00e1cticas en contexto real.<\/p><\/li><li data-start=\"1369\" data-end=\"1433\"><p data-start=\"1371\" data-end=\"1433\"><strong data-start=\"1371\" data-end=\"1384\">Saber ser<\/strong>: actitudes y comportamientos durante el trabajo.<\/p><\/li><\/ul><h3 data-start=\"1440\" data-end=\"1478\">\ud83d\udd39 \u00bfC\u00f3mo se realiza la evaluaci\u00f3n?<\/h3><p data-start=\"1480\" data-end=\"1528\">A trav\u00e9s de un proceso estructurado que incluye:<\/p><ol data-start=\"1530\" data-end=\"1784\"><li data-start=\"1530\" data-end=\"1570\"><p data-start=\"1533\" data-end=\"1570\"><strong data-start=\"1533\" data-end=\"1570\">Entrevista inicial o diagn\u00f3stico.<\/strong><\/p><\/li><li data-start=\"1571\" data-end=\"1626\"><p data-start=\"1574\" data-end=\"1626\"><strong data-start=\"1574\" data-end=\"1626\">Revisi\u00f3n de evidencias documentales o productos.<\/strong><\/p><\/li><li data-start=\"1627\" data-end=\"1709\"><p data-start=\"1630\" data-end=\"1709\"><strong data-start=\"1630\" data-end=\"1667\">Observaci\u00f3n directa del desempe\u00f1o<\/strong> (preferiblemente en el lugar de trabajo).<\/p><\/li><li data-start=\"1710\" data-end=\"1784\"><p data-start=\"1713\" data-end=\"1784\"><strong data-start=\"1713\" data-end=\"1741\">Valoraci\u00f3n del evaluador<\/strong> frente a una norma de competencia laboral.<\/p><\/li><\/ol><h3 data-start=\"1791\" data-end=\"1835\">\ud83d\udd39 \u00bfQu\u00e9 normas se utilizan para evaluar?<\/h3><p data-start=\"1837\" data-end=\"2028\">Se utilizan las <strong data-start=\"1853\" data-end=\"1892\">Normas de Competencia Laboral (NCL)<\/strong>, que contienen los criterios t\u00e9cnicos, pedag\u00f3gicos y normativos que debe cumplir una persona para ser considerada competente en su rol.<\/p><p data-start=\"2030\" data-end=\"2185\">\ud83d\udd17 Puedes conocer m\u00e1s sobre estas normas en nuestra secci\u00f3n:<br data-start=\"2090\" data-end=\"2093\" \/>\ud83d\udc49 <a class=\"\" href=\"https:\/\/conducircolombia.com\/cea\/criterios-de-evaluacion-de-instructores-de-conduccion-formacion-y-certificacion-sena\/\" target=\"_new\" rel=\"noopener\" data-start=\"2096\" data-end=\"2185\">Criterios de Evaluaci\u00f3n de Instructores<\/a><\/p><p data-start=\"2030\" data-end=\"2185\"><span style=\"font-size: 1.5em; font-weight: bold;\">\ud83d\udd39 \u00bfLa certificaci\u00f3n tiene validez oficial?<\/span><\/p><p data-start=\"2241\" data-end=\"2432\">S\u00ed. La certificaci\u00f3n otorgada por el SENA o entidades avaladas tiene <strong data-start=\"2310\" data-end=\"2352\">validez en todo el territorio nacional<\/strong> y puede ser exigida por empresas, organismos del Estado y centros de formaci\u00f3n.<\/p><h3 data-start=\"2439\" data-end=\"2494\">\ud83d\udd39 \u00bfLa certificaci\u00f3n reemplaza un t\u00edtulo acad\u00e9mico?<\/h3><p data-start=\"2496\" data-end=\"2739\">No. La certificaci\u00f3n por competencias <strong data-start=\"2534\" data-end=\"2570\">no reemplaza un t\u00edtulo acad\u00e9mico<\/strong>, pero <strong data-start=\"2577\" data-end=\"2601\">puede ser reconocida<\/strong> en procesos de selecci\u00f3n laboral, contrataci\u00f3n y validaci\u00f3n de experiencia. Es un complemento muy valioso, sobre todo en \u00e1reas pr\u00e1cticas.<\/p><h3 data-start=\"2746\" data-end=\"2781\">\ud83d\udd39 \u00bfCu\u00e1nto cuesta certificarse?<\/h3><p data-start=\"2783\" data-end=\"2959\">El SENA ofrece este proceso de forma <strong data-start=\"2820\" data-end=\"2832\">gratuita<\/strong>, siempre que se cumplan los requisitos. Algunas entidades privadas tambi\u00e9n pueden ofrecer certificaci\u00f3n con un costo asociado.<\/p><h3 data-start=\"2966\" data-end=\"3003\">\ud83d\udd39 \u00bfQu\u00e9 necesito para prepararme?<\/h3><p data-start=\"3005\" data-end=\"3269\">Aunque no es obligatorio hacer un curso, es altamente recomendable. Por eso ofrecemos un <strong data-start=\"3094\" data-end=\"3146\">Curso de Formaci\u00f3n de Instructores de Conducci\u00f3n<\/strong>, que te prepara espec\u00edficamente para cumplir con los est\u00e1ndares de la norma y afrontar con \u00e9xito el proceso de evaluaci\u00f3n.<\/p><p data-start=\"3271\" data-end=\"3347\">\ud83d\udc49\u00a0<a style=\"background-color: #ffffff;\" href=\"https:\/\/conducircolombia.com\/cea\/curso-instructores-conduccion\/\" target=\"_blank\" rel=\"noopener\">Conoce el curso aqu\u00ed<\/a><\/p>\t\t\t\t\t\t\t\t<\/div>\n\t\t\t\t<\/div>\n\t\t\t\t\t<\/div>\n\t\t<\/div>\n\t\t\t\t\t<\/div>\n\t\t<\/section>\n\t\t\t\t<\/div>\n\t\t","protected":false},"excerpt":{"rendered":"<p>\u2753 Preguntas Frecuentes sobre Certificaci\u00f3n por Competencias Laborales La certificaci\u00f3n por competencias laborales es un proceso que permite reconocer oficialmente [&hellip;]<\/p>\n","protected":false},"author":2,"featured_media":0,"comment_status":"open","ping_status":"open","sticky":false,"template":"elementor_theme","format":"standard","meta":{"site-sidebar-layout":"default","site-content-layout":"","ast-site-content-layout":"default","site-content-style":"default","site-sidebar-style":"default","ast-global-header-display":"","ast-banner-title-visibility":"","ast-main-header-display":"","ast-hfb-above-header-display":"","ast-hfb-below-header-display":"","ast-hfb-mobile-header-display":"","site-post-title":"","ast-breadcrumbs-content":"","ast-featured-img":"","footer-sml-layout":"","theme-transparent-header-meta":"","adv-header-id-meta":"","stick-header-meta":"","header-above-stick-meta":"","header-main-stick-meta":"","header-below-stick-meta":"","astra-migrate-meta-layouts":"set","ast-page-background-enabled":"default","ast-page-background-meta":{"desktop":{"background-color":"var(--ast-global-color-4)","background-image":"","background-repeat":"repeat","background-position":"center center","background-size":"auto","background-attachment":"scroll","background-type":"","background-media":"","overlay-type":"","overlay-color":"","overlay-opacity":"","overlay-gradient":""},"tablet":{"background-color":"","background-image":"","background-repeat":"repeat","background-position":"center center","background-size":"auto","background-attachment":"scroll","background-type":"","background-media":"","overlay-type":"","overlay-color":"","overlay-opacity":"","overlay-gradient":""},"mobile":{"background-color":"","background-image":"","background-repeat":"repeat","background-position":"center center","background-size":"auto","background-attachment":"scroll","background-type":"","background-media":"","overlay-type":"","overlay-color":"","overlay-opacity":"","overlay-gradient":""}},"ast-content-background-meta":{"desktop":{"background-color":"var(--ast-global-color-5)","background-image":"","background-repeat":"repeat","background-position":"center center","background-size":"auto","background-attachment":"scroll","background-type":"","background-media":"","overlay-type":"","overlay-color":"","overlay-opacity":"","overlay-gradient":""},"tablet":{"background-color":"var(--ast-global-color-5)","background-image":"","background-repeat":"repeat","background-position":"center center","background-size":"auto","background-attachment":"scroll","background-type":"","background-media":"","overlay-type":"","overlay-color":"","overlay-opacity":"","overlay-gradient":""},"mobile":{"background-color":"var(--ast-global-color-5)","background-image":"","background-repeat":"repeat","background-position":"center center","background-size":"auto","background-attachment":"scroll","background-type":"","background-media":"","overlay-type":"","overlay-color":"","overlay-opacity":"","overlay-gradient":""}},"footnotes":""},"categories":[1],"tags":[],"class_list":["post-15326","post","type-post","status-publish","format-standard","hentry","category-uncategorized"],"yoast_head":"<!-- This site is optimized with the Yoast SEO plugin v26.4 - https:\/\/yoast.com\/wordpress\/plugins\/seo\/ -->\n<title>Preguntas Frecuentes sobre Certificaci\u00f3n por Competencias Laborales | Gu\u00eda 2025 - Conducir Colombia<\/title>\n<meta name=\"description\" content=\"Resuelve tus dudas sobre la certificaci\u00f3n por competencias laborales. Conoce qu\u00e9 se eval\u00faa, c\u00f3mo prepararte, y c\u00f3mo obtener este reconocimiento oficial con el SENA.\" \/>\n<meta name=\"robots\" content=\"index, follow, max-snippet:-1, max-image-preview:large, max-video-preview:-1\" \/>\n<link rel=\"canonical\" href=\"https:\/\/conducircolombia.com\/cea\/certificacion-por-competencias-laborales-preguntas-frecuentes\/\" \/>\n<meta property=\"og:locale\" content=\"es_ES\" \/>\n<meta property=\"og:type\" content=\"article\" \/>\n<meta property=\"og:title\" content=\"Preguntas Frecuentes sobre Certificaci\u00f3n por Competencias Laborales | Gu\u00eda 2025 - Conducir Colombia\" \/>\n<meta property=\"og:description\" content=\"Resuelve tus dudas sobre la certificaci\u00f3n por competencias laborales. Conoce qu\u00e9 se eval\u00faa, c\u00f3mo prepararte, y c\u00f3mo obtener este reconocimiento oficial con el SENA.\" \/>\n<meta property=\"og:url\" content=\"https:\/\/conducircolombia.com\/cea\/certificacion-por-competencias-laborales-preguntas-frecuentes\/\" \/>\n<meta property=\"og:site_name\" content=\"Conducir Colombia\" \/>\n<meta property=\"article:publisher\" content=\"https:\/\/www.facebook.com\/ConducirColombiaBogota\" \/>\n<meta property=\"article:published_time\" content=\"2025-05-30T01:08:07+00:00\" \/>\n<meta property=\"article:modified_time\" content=\"2025-05-30T01:33:04+00:00\" \/>\n<meta property=\"og:image\" content=\"https:\/\/conducircolombia.com\/cea\/wp-content\/uploads\/2025\/05\/certificacion-por-competencias-laborales.webp\" \/>\n\t<meta property=\"og:image:width\" content=\"1024\" \/>\n\t<meta property=\"og:image:height\" content=\"1536\" \/>\n\t<meta property=\"og:image:type\" content=\"image\/webp\" \/>\n<meta name=\"author\" content=\"memo fichas\" \/>\n<meta name=\"twitter:card\" content=\"summary_large_image\" \/>\n<meta name=\"twitter:label1\" content=\"Escrito por\" \/>\n\t<meta name=\"twitter:data1\" content=\"memo fichas\" \/>\n\t<meta name=\"twitter:label2\" content=\"Tiempo de lectura\" \/>\n\t<meta name=\"twitter:data2\" content=\"3 minutos\" \/>\n<script type=\"application\/ld+json\" class=\"yoast-schema-graph\">{\"@context\":\"https:\/\/schema.org\",\"@graph\":[{\"@type\":\"Article\",\"@id\":\"https:\/\/conducircolombia.com\/cea\/certificacion-por-competencias-laborales-preguntas-frecuentes\/#article\",\"isPartOf\":{\"@id\":\"https:\/\/conducircolombia.com\/cea\/certificacion-por-competencias-laborales-preguntas-frecuentes\/\"},\"author\":{\"name\":\"memo fichas\",\"@id\":\"https:\/\/conducircolombia.com\/cea\/#\/schema\/person\/39f266f3357066ea02c614168ee5b0d2\"},\"headline\":\"Preguntas Frecuentes sobre Certificaci\u00f3n por Competencias Laborales | Gu\u00eda 2025\",\"datePublished\":\"2025-05-30T01:08:07+00:00\",\"dateModified\":\"2025-05-30T01:33:04+00:00\",\"mainEntityOfPage\":{\"@id\":\"https:\/\/conducircolombia.com\/cea\/certificacion-por-competencias-laborales-preguntas-frecuentes\/\"},\"wordCount\":467,\"commentCount\":0,\"publisher\":{\"@id\":\"https:\/\/conducircolombia.com\/cea\/#organization\"},\"image\":{\"@id\":\"https:\/\/conducircolombia.com\/cea\/certificacion-por-competencias-laborales-preguntas-frecuentes\/#primaryimage\"},\"thumbnailUrl\":\"https:\/\/conducircolombia.com\/cea\/wp-content\/uploads\/2025\/05\/certificacion-por-competencias-laborales-683x1024.webp\",\"articleSection\":[\"Uncategorized\"],\"inLanguage\":\"es\",\"potentialAction\":[{\"@type\":\"CommentAction\",\"name\":\"Comment\",\"target\":[\"https:\/\/conducircolombia.com\/cea\/certificacion-por-competencias-laborales-preguntas-frecuentes\/#respond\"]}]},{\"@type\":\"WebPage\",\"@id\":\"https:\/\/conducircolombia.com\/cea\/certificacion-por-competencias-laborales-preguntas-frecuentes\/\",\"url\":\"https:\/\/conducircolombia.com\/cea\/certificacion-por-competencias-laborales-preguntas-frecuentes\/\",\"name\":\"Preguntas Frecuentes sobre Certificaci\u00f3n por Competencias Laborales | Gu\u00eda 2025 - Conducir Colombia\",\"isPartOf\":{\"@id\":\"https:\/\/conducircolombia.com\/cea\/#website\"},\"primaryImageOfPage\":{\"@id\":\"https:\/\/conducircolombia.com\/cea\/certificacion-por-competencias-laborales-preguntas-frecuentes\/#primaryimage\"},\"image\":{\"@id\":\"https:\/\/conducircolombia.com\/cea\/certificacion-por-competencias-laborales-preguntas-frecuentes\/#primaryimage\"},\"thumbnailUrl\":\"https:\/\/conducircolombia.com\/cea\/wp-content\/uploads\/2025\/05\/certificacion-por-competencias-laborales-683x1024.webp\",\"datePublished\":\"2025-05-30T01:08:07+00:00\",\"dateModified\":\"2025-05-30T01:33:04+00:00\",\"description\":\"Resuelve tus dudas sobre la certificaci\u00f3n por competencias laborales. Conoce qu\u00e9 se eval\u00faa, c\u00f3mo prepararte, y c\u00f3mo obtener este reconocimiento oficial con el SENA.\",\"breadcrumb\":{\"@id\":\"https:\/\/conducircolombia.com\/cea\/certificacion-por-competencias-laborales-preguntas-frecuentes\/#breadcrumb\"},\"inLanguage\":\"es\",\"potentialAction\":[{\"@type\":\"ReadAction\",\"target\":[\"https:\/\/conducircolombia.com\/cea\/certificacion-por-competencias-laborales-preguntas-frecuentes\/\"]}]},{\"@type\":\"ImageObject\",\"inLanguage\":\"es\",\"@id\":\"https:\/\/conducircolombia.com\/cea\/certificacion-por-competencias-laborales-preguntas-frecuentes\/#primaryimage\",\"url\":\"https:\/\/conducircolombia.com\/cea\/wp-content\/uploads\/2025\/05\/certificacion-por-competencias-laborales.webp\",\"contentUrl\":\"https:\/\/conducircolombia.com\/cea\/wp-content\/uploads\/2025\/05\/certificacion-por-competencias-laborales.webp\",\"width\":1024,\"height\":1536,\"caption\":\"Certificaci\u00f3n por competencias laborales\"},{\"@type\":\"BreadcrumbList\",\"@id\":\"https:\/\/conducircolombia.com\/cea\/certificacion-por-competencias-laborales-preguntas-frecuentes\/#breadcrumb\",\"itemListElement\":[{\"@type\":\"ListItem\",\"position\":1,\"name\":\"Portada\",\"item\":\"https:\/\/conducircolombia.com\/cea\/\"},{\"@type\":\"ListItem\",\"position\":2,\"name\":\"Preguntas Frecuentes sobre Certificaci\u00f3n por Competencias Laborales | Gu\u00eda 2025\"}]},{\"@type\":\"WebSite\",\"@id\":\"https:\/\/conducircolombia.com\/cea\/#website\",\"url\":\"https:\/\/conducircolombia.com\/cea\/\",\"name\":\"Conducir Colombia\",\"description\":\"Academia de Conducci\u00f3n\",\"publisher\":{\"@id\":\"https:\/\/conducircolombia.com\/cea\/#organization\"},\"potentialAction\":[{\"@type\":\"SearchAction\",\"target\":{\"@type\":\"EntryPoint\",\"urlTemplate\":\"https:\/\/conducircolombia.com\/cea\/?s={search_term_string}\"},\"query-input\":{\"@type\":\"PropertyValueSpecification\",\"valueRequired\":true,\"valueName\":\"search_term_string\"}}],\"inLanguage\":\"es\"},{\"@type\":\"Organization\",\"@id\":\"https:\/\/conducircolombia.com\/cea\/#organization\",\"name\":\"Conducir Colombia\",\"alternateName\":\"Conducir Colombia\",\"url\":\"https:\/\/conducircolombia.com\/cea\/\",\"logo\":{\"@type\":\"ImageObject\",\"inLanguage\":\"es\",\"@id\":\"https:\/\/conducircolombia.com\/cea\/#\/schema\/logo\/image\/\",\"url\":\"https:\/\/conducircolombia.com\/cea\/wp-content\/uploads\/2025\/02\/logowp.jpg\",\"contentUrl\":\"https:\/\/conducircolombia.com\/cea\/wp-content\/uploads\/2025\/02\/logowp.jpg\",\"width\":300,\"height\":299,\"caption\":\"Conducir Colombia\"},\"image\":{\"@id\":\"https:\/\/conducircolombia.com\/cea\/#\/schema\/logo\/image\/\"},\"sameAs\":[\"https:\/\/www.facebook.com\/ConducirColombiaBogota\"]},{\"@type\":\"Person\",\"@id\":\"https:\/\/conducircolombia.com\/cea\/#\/schema\/person\/39f266f3357066ea02c614168ee5b0d2\",\"name\":\"memo fichas\",\"image\":{\"@type\":\"ImageObject\",\"inLanguage\":\"es\",\"@id\":\"https:\/\/conducircolombia.com\/cea\/#\/schema\/person\/image\/\",\"url\":\"https:\/\/secure.gravatar.com\/avatar\/e1b894dfed71a479efeaf73bfb32c5e92c855e56311b32924ca240a9bcec68b2?s=96&d=mm&r=g\",\"contentUrl\":\"https:\/\/secure.gravatar.com\/avatar\/e1b894dfed71a479efeaf73bfb32c5e92c855e56311b32924ca240a9bcec68b2?s=96&d=mm&r=g\",\"caption\":\"memo fichas\"},\"url\":\"https:\/\/conducircolombia.com\/cea\/author\/conducir1\/\"}]}<\/script>\n<!-- \/ Yoast SEO plugin. -->","yoast_head_json":{"title":"Preguntas Frecuentes sobre Certificaci\u00f3n por Competencias Laborales | Gu\u00eda 2025 - Conducir Colombia","description":"Resuelve tus dudas sobre la certificaci\u00f3n por competencias laborales. Conoce qu\u00e9 se eval\u00faa, c\u00f3mo prepararte, y c\u00f3mo obtener este reconocimiento oficial con el SENA.","robots":{"index":"index","follow":"follow","max-snippet":"max-snippet:-1","max-image-preview":"max-image-preview:large","max-video-preview":"max-video-preview:-1"},"canonical":"https:\/\/conducircolombia.com\/cea\/certificacion-por-competencias-laborales-preguntas-frecuentes\/","og_locale":"es_ES","og_type":"article","og_title":"Preguntas Frecuentes sobre Certificaci\u00f3n por Competencias Laborales | Gu\u00eda 2025 - Conducir Colombia","og_description":"Resuelve tus dudas sobre la certificaci\u00f3n por competencias laborales. Conoce qu\u00e9 se eval\u00faa, c\u00f3mo prepararte, y c\u00f3mo obtener este reconocimiento oficial con el SENA.","og_url":"https:\/\/conducircolombia.com\/cea\/certificacion-por-competencias-laborales-preguntas-frecuentes\/","og_site_name":"Conducir Colombia","article_publisher":"https:\/\/www.facebook.com\/ConducirColombiaBogota","article_published_time":"2025-05-30T01:08:07+00:00","article_modified_time":"2025-05-30T01:33:04+00:00","og_image":[{"width":1024,"height":1536,"url":"https:\/\/conducircolombia.com\/cea\/wp-content\/uploads\/2025\/05\/certificacion-por-competencias-laborales.webp","type":"image\/webp"}],"author":"memo fichas","twitter_card":"summary_large_image","twitter_misc":{"Escrito por":"memo fichas","Tiempo de lectura":"3 minutos"},"schema":{"@context":"https:\/\/schema.org","@graph":[{"@type":"Article","@id":"https:\/\/conducircolombia.com\/cea\/certificacion-por-competencias-laborales-preguntas-frecuentes\/#article","isPartOf":{"@id":"https:\/\/conducircolombia.com\/cea\/certificacion-por-competencias-laborales-preguntas-frecuentes\/"},"author":{"name":"memo fichas","@id":"https:\/\/conducircolombia.com\/cea\/#\/schema\/person\/39f266f3357066ea02c614168ee5b0d2"},"headline":"Preguntas Frecuentes sobre Certificaci\u00f3n por Competencias Laborales | Gu\u00eda 2025","datePublished":"2025-05-30T01:08:07+00:00","dateModified":"2025-05-30T01:33:04+00:00","mainEntityOfPage":{"@id":"https:\/\/conducircolombia.com\/cea\/certificacion-por-competencias-laborales-preguntas-frecuentes\/"},"wordCount":467,"commentCount":0,"publisher":{"@id":"https:\/\/conducircolombia.com\/cea\/#organization"},"image":{"@id":"https:\/\/conducircolombia.com\/cea\/certificacion-por-competencias-laborales-preguntas-frecuentes\/#primaryimage"},"thumbnailUrl":"https:\/\/conducircolombia.com\/cea\/wp-content\/uploads\/2025\/05\/certificacion-por-competencias-laborales-683x1024.webp","articleSection":["Uncategorized"],"inLanguage":"es","potentialAction":[{"@type":"CommentAction","name":"Comment","target":["https:\/\/conducircolombia.com\/cea\/certificacion-por-competencias-laborales-preguntas-frecuentes\/#respond"]}]},{"@type":"WebPage","@id":"https:\/\/conducircolombia.com\/cea\/certificacion-por-competencias-laborales-preguntas-frecuentes\/","url":"https:\/\/conducircolombia.com\/cea\/certificacion-por-competencias-laborales-preguntas-frecuentes\/","name":"Preguntas Frecuentes sobre Certificaci\u00f3n por Competencias Laborales | Gu\u00eda 2025 - Conducir Colombia","isPartOf":{"@id":"https:\/\/conducircolombia.com\/cea\/#website"},"primaryImageOfPage":{"@id":"https:\/\/conducircolombia.com\/cea\/certificacion-por-competencias-laborales-preguntas-frecuentes\/#primaryimage"},"image":{"@id":"https:\/\/conducircolombia.com\/cea\/certificacion-por-competencias-laborales-preguntas-frecuentes\/#primaryimage"},"thumbnailUrl":"https:\/\/conducircolombia.com\/cea\/wp-content\/uploads\/2025\/05\/certificacion-por-competencias-laborales-683x1024.webp","datePublished":"2025-05-30T01:08:07+00:00","dateModified":"2025-05-30T01:33:04+00:00","description":"Resuelve tus dudas sobre la certificaci\u00f3n por competencias laborales. Conoce qu\u00e9 se eval\u00faa, c\u00f3mo prepararte, y c\u00f3mo obtener este reconocimiento oficial con el SENA.","breadcrumb":{"@id":"https:\/\/conducircolombia.com\/cea\/certificacion-por-competencias-laborales-preguntas-frecuentes\/#breadcrumb"},"inLanguage":"es","potentialAction":[{"@type":"ReadAction","target":["https:\/\/conducircolombia.com\/cea\/certificacion-por-competencias-laborales-preguntas-frecuentes\/"]}]},{"@type":"ImageObject","inLanguage":"es","@id":"https:\/\/conducircolombia.com\/cea\/certificacion-por-competencias-laborales-preguntas-frecuentes\/#primaryimage","url":"https:\/\/conducircolombia.com\/cea\/wp-content\/uploads\/2025\/05\/certificacion-por-competencias-laborales.webp","contentUrl":"https:\/\/conducircolombia.com\/cea\/wp-content\/uploads\/2025\/05\/certificacion-por-competencias-laborales.webp","width":1024,"height":1536,"caption":"Certificaci\u00f3n por competencias laborales"},{"@type":"BreadcrumbList","@id":"https:\/\/conducircolombia.com\/cea\/certificacion-por-competencias-laborales-preguntas-frecuentes\/#breadcrumb","itemListElement":[{"@type":"ListItem","position":1,"name":"Portada","item":"https:\/\/conducircolombia.com\/cea\/"},{"@type":"ListItem","position":2,"name":"Preguntas Frecuentes sobre Certificaci\u00f3n por Competencias Laborales | Gu\u00eda 2025"}]},{"@type":"WebSite","@id":"https:\/\/conducircolombia.com\/cea\/#website","url":"https:\/\/conducircolombia.com\/cea\/","name":"Conducir Colombia","description":"Academia de Conducci\u00f3n","publisher":{"@id":"https:\/\/conducircolombia.com\/cea\/#organization"},"potentialAction":[{"@type":"SearchAction","target":{"@type":"EntryPoint","urlTemplate":"https:\/\/conducircolombia.com\/cea\/?s={search_term_string}"},"query-input":{"@type":"PropertyValueSpecification","valueRequired":true,"valueName":"search_term_string"}}],"inLanguage":"es"},{"@type":"Organization","@id":"https:\/\/conducircolombia.com\/cea\/#organization","name":"Conducir Colombia","alternateName":"Conducir Colombia","url":"https:\/\/conducircolombia.com\/cea\/","logo":{"@type":"ImageObject","inLanguage":"es","@id":"https:\/\/conducircolombia.com\/cea\/#\/schema\/logo\/image\/","url":"https:\/\/conducircolombia.com\/cea\/wp-content\/uploads\/2025\/02\/logowp.jpg","contentUrl":"https:\/\/conducircolombia.com\/cea\/wp-content\/uploads\/2025\/02\/logowp.jpg","width":300,"height":299,"caption":"Conducir Colombia"},"image":{"@id":"https:\/\/conducircolombia.com\/cea\/#\/schema\/logo\/image\/"},"sameAs":["https:\/\/www.facebook.com\/ConducirColombiaBogota"]},{"@type":"Person","@id":"https:\/\/conducircolombia.com\/cea\/#\/schema\/person\/39f266f3357066ea02c614168ee5b0d2","name":"memo fichas","image":{"@type":"ImageObject","inLanguage":"es","@id":"https:\/\/conducircolombia.com\/cea\/#\/schema\/person\/image\/","url":"https:\/\/secure.gravatar.com\/avatar\/e1b894dfed71a479efeaf73bfb32c5e92c855e56311b32924ca240a9bcec68b2?s=96&d=mm&r=g","contentUrl":"https:\/\/secure.gravatar.com\/avatar\/e1b894dfed71a479efeaf73bfb32c5e92c855e56311b32924ca240a9bcec68b2?s=96&d=mm&r=g","caption":"memo fichas"},"url":"https:\/\/conducircolombia.com\/cea\/author\/conducir1\/"}]}},"_links":{"self":[{"href":"https:\/\/conducircolombia.com\/cea\/wp-json\/wp\/v2\/posts\/15326","targetHints":{"allow":["GET"]}}],"collection":[{"href":"https:\/\/conducircolombia.com\/cea\/wp-json\/wp\/v2\/posts"}],"about":[{"href":"https:\/\/conducircolombia.com\/cea\/wp-json\/wp\/v2\/types\/post"}],"author":[{"embeddable":true,"href":"https:\/\/conducircolombia.com\/cea\/wp-json\/wp\/v2\/users\/2"}],"replies":[{"embeddable":true,"href":"https:\/\/conducircolombia.com\/cea\/wp-json\/wp\/v2\/comments?post=15326"}],"version-history":[{"count":16,"href":"https:\/\/conducircolombia.com\/cea\/wp-json\/wp\/v2\/posts\/15326\/revisions"}],"predecessor-version":[{"id":15345,"href":"https:\/\/conducircolombia.com\/cea\/wp-json\/wp\/v2\/posts\/15326\/revisions\/15345"}],"wp:attachment":[{"href":"https:\/\/conducircolombia.com\/cea\/wp-json\/wp\/v2\/media?parent=15326"}],"wp:term":[{"taxonomy":"category","embeddable":true,"href":"https:\/\/conducircolombia.com\/cea\/wp-json\/wp\/v2\/categories?post=15326"},{"taxonomy":"post_tag","embeddable":true,"href":"https:\/\/conducircolombia.com\/cea\/wp-json\/wp\/v2\/tags?post=15326"}],"curies":[{"name":"wp","href":"https:\/\/api.w.org\/{rel}","templated":true}]}}