{"id":15519,"date":"2025-07-30T15:28:53","date_gmt":"2025-07-30T20:28:53","guid":{"rendered":"https:\/\/conducircolombia.com\/cea\/?p=15519"},"modified":"2025-07-30T15:30:54","modified_gmt":"2025-07-30T20:30:54","slug":"clases-practicas-conductores-motocicleta-a1-y-a2","status":"publish","type":"post","link":"https:\/\/conducircolombia.com\/cea\/clases-practicas-conductores-motocicleta-a1-y-a2\/","title":{"rendered":"CLASES PR\u00c1CTICAS CONDUCTORES MOTOCICLETA (A1 y A2)"},"content":{"rendered":"\t\t<div data-elementor-type=\"wp-post\" data-elementor-id=\"15519\" class=\"elementor elementor-15519\">\n\t\t\t\t\t\t<section class=\"elementor-section elementor-top-section elementor-element elementor-element-a0b02db elementor-section-boxed elementor-section-height-default elementor-section-height-default\" data-id=\"a0b02db\" data-element_type=\"section\">\n\t\t\t\t\t\t<div class=\"elementor-container elementor-column-gap-default\">\n\t\t\t\t\t<div class=\"elementor-column elementor-col-100 elementor-top-column elementor-element elementor-element-946eefd\" data-id=\"946eefd\" data-element_type=\"column\">\n\t\t\t<div class=\"elementor-widget-wrap elementor-element-populated\">\n\t\t\t\t\t\t<div class=\"elementor-element elementor-element-bb5271f elementor-widget elementor-widget-text-editor\" data-id=\"bb5271f\" data-element_type=\"widget\" data-widget_type=\"text-editor.default\">\n\t\t\t\t<div class=\"elementor-widget-container\">\n\t\t\t\t\t\t\t\t\t<h3 data-start=\"243\" data-end=\"324\">\ud83d\udcd8 <strong data-start=\"250\" data-end=\"322\">PLAN DE TRABAJO \u2013 CLASES PR\u00c1CTICAS CONDUCTORES MOTOCICLETA (A1 y A2)<\/strong><\/h3><p data-start=\"325\" data-end=\"622\"><strong data-start=\"325\" data-end=\"347\">Normatividad base:<\/strong> Resoluci\u00f3n 20223040009425 \u2013 M\u00f3dulo 3<br data-start=\"384\" data-end=\"387\" \/><strong data-start=\"387\" data-end=\"416\">Total sesiones pr\u00e1cticas:<\/strong> 15 clases<br data-start=\"426\" data-end=\"429\" \/><strong data-start=\"429\" data-end=\"461\">Duraci\u00f3n sugerida por clase:<\/strong> 50 minutos<br data-start=\"468\" data-end=\"471\" \/><strong data-start=\"471\" data-end=\"481\">Lugar:<\/strong> Pista cerrada + v\u00eda p\u00fablica seg\u00fan avance y control<br data-start=\"532\" data-end=\"535\" \/><strong data-start=\"535\" data-end=\"562\">Instructor responsable:<\/strong> Instructor certificado en conducci\u00f3n de motocicleta (A1\u2013A2)<\/p><h2 data-start=\"629\" data-end=\"683\">\ud83d\udd39<strong data-start=\"634\" data-end=\"683\">SESI\u00d3N 1 \u2013 Introducci\u00f3n al veh\u00edculo y postura<\/strong><\/h2><ul data-start=\"684\" data-end=\"893\"><li data-start=\"684\" data-end=\"765\"><p data-start=\"686\" data-end=\"765\">Presentaci\u00f3n del veh\u00edculo (componentes b\u00e1sicos y elementos de seguridad activa)<\/p><\/li><li data-start=\"766\" data-end=\"802\"><p data-start=\"768\" data-end=\"802\">Postura correcta en la motocicleta<\/p><\/li><li data-start=\"803\" data-end=\"847\"><p data-start=\"805\" data-end=\"847\">Ajuste del casco y elementos de protecci\u00f3n<\/p><\/li><li data-start=\"848\" data-end=\"893\"><p data-start=\"850\" data-end=\"893\">Encendido del motor y posici\u00f3n de controles<\/p><\/li><\/ul><h2 data-start=\"895\" data-end=\"942\">\ud83d\udd39<strong data-start=\"900\" data-end=\"942\">SESI\u00d3N 2 \u2013 Control b\u00e1sico del veh\u00edculo<\/strong><\/h2><ul data-start=\"943\" data-end=\"1098\"><li data-start=\"943\" data-end=\"987\"><p data-start=\"945\" data-end=\"987\">Coordinaci\u00f3n acelerador \u2013 freno \u2013 embrague<\/p><\/li><li data-start=\"988\" data-end=\"1027\"><p data-start=\"990\" data-end=\"1027\">Relaci\u00f3n visoespacial y puntos ciegos<\/p><\/li><li data-start=\"1028\" data-end=\"1059\"><p data-start=\"1030\" data-end=\"1059\">Puesta en marcha del veh\u00edculo<\/p><\/li><li data-start=\"1060\" data-end=\"1098\"><p data-start=\"1062\" data-end=\"1098\">Desplazamiento b\u00e1sico en l\u00ednea recta<\/p><\/li><\/ul><h2 data-start=\"1100\" data-end=\"1163\">\ud83d\udd39<strong data-start=\"1105\" data-end=\"1163\">SESI\u00d3N 3 \u2013 Maniobras b\u00e1sicas y selector de velocidades<\/strong><\/h2><ul data-start=\"1164\" data-end=\"1280\"><li data-start=\"1164\" data-end=\"1201\"><p data-start=\"1166\" data-end=\"1201\">Control del selector de velocidades<\/p><\/li><li data-start=\"1202\" data-end=\"1243\"><p data-start=\"1204\" data-end=\"1243\">Aceleraci\u00f3n y desaceleraci\u00f3n progresiva<\/p><\/li><li data-start=\"1244\" data-end=\"1280\"><p data-start=\"1246\" data-end=\"1280\">Pr\u00e1ctica de frenado en l\u00ednea recta<\/p><\/li><\/ul><h2 data-start=\"1282\" data-end=\"1342\">\ud83d\udd39<strong data-start=\"1287\" data-end=\"1342\">SESI\u00d3N 4 \u2013 Conducci\u00f3n en terreno plano y pendientes<\/strong><\/h2><ul data-start=\"1343\" data-end=\"1450\"><li data-start=\"1343\" data-end=\"1381\"><p data-start=\"1345\" data-end=\"1381\">Maniobra de frenado en terreno plano<\/p><\/li><li data-start=\"1382\" data-end=\"1415\"><p data-start=\"1384\" data-end=\"1415\">Frenado en pendiente en ascenso<\/p><\/li><li data-start=\"1416\" data-end=\"1450\"><p data-start=\"1418\" data-end=\"1450\">Frenado en pendiente en descenso<\/p><\/li><\/ul><h2 data-start=\"1452\" data-end=\"1499\">\ud83d\udd39<strong data-start=\"1457\" data-end=\"1499\">SESI\u00d3N 5 \u2013 Circulaci\u00f3n urbana (fase 1)<\/strong><\/h2><ul data-start=\"1500\" data-end=\"1635\"><li data-start=\"1500\" data-end=\"1553\"><p data-start=\"1502\" data-end=\"1553\">Pr\u00e1ctica en v\u00eda controlada con obst\u00e1culos simulados<\/p><\/li><li data-start=\"1554\" data-end=\"1590\"><p data-start=\"1556\" data-end=\"1590\">Utilizaci\u00f3n de calzadas y carriles<\/p><\/li><li data-start=\"1591\" data-end=\"1635\"><p data-start=\"1593\" data-end=\"1635\">Se\u00f1alizaci\u00f3n corporal, ac\u00fastica y luminosa<\/p><\/li><\/ul><h2 data-start=\"1637\" data-end=\"1684\">\ud83d\udd39<strong data-start=\"1642\" data-end=\"1684\">SESI\u00d3N 6 \u2013 Circulaci\u00f3n urbana (fase 2)<\/strong><\/h2><ul data-start=\"1685\" data-end=\"1797\"><li data-start=\"1685\" data-end=\"1721\"><p data-start=\"1687\" data-end=\"1721\">Cruces, intersecciones y glorietas<\/p><\/li><li data-start=\"1722\" data-end=\"1761\"><p data-start=\"1724\" data-end=\"1761\">Cambio de carril y ubicaci\u00f3n correcta<\/p><\/li><li data-start=\"1762\" data-end=\"1797\"><p data-start=\"1764\" data-end=\"1797\">Se\u00f1ales horizontales y verticales<\/p><\/li><\/ul><h2 data-start=\"1799\" data-end=\"1843\">\ud83d\udd39<strong data-start=\"1804\" data-end=\"1843\">SESI\u00d3N 7 \u2013 Estacionamientos y curva<\/strong><\/h2><ul data-start=\"1844\" data-end=\"1969\"><li data-start=\"1844\" data-end=\"1895\"><p data-start=\"1846\" data-end=\"1895\">Estacionamiento perpendicular, en l\u00ednea y oblicuo<\/p><\/li><li data-start=\"1896\" data-end=\"1923\"><p data-start=\"1898\" data-end=\"1923\">Entrada y salida en curva<\/p><\/li><li data-start=\"1924\" data-end=\"1969\"><p data-start=\"1926\" data-end=\"1969\">Revisi\u00f3n de distancia de reacci\u00f3n y frenado<\/p><\/li><\/ul><h2 data-start=\"1971\" data-end=\"2019\">\ud83d\udd39<strong data-start=\"1976\" data-end=\"2019\">SESI\u00d3N 8 \u2013 Destreza individual (fase 1)<\/strong><\/h2><ul data-start=\"2020\" data-end=\"2103\"><li data-start=\"2020\" data-end=\"2042\"><p data-start=\"2022\" data-end=\"2042\">Carreteo (sin motor)<\/p><\/li><li data-start=\"2043\" data-end=\"2077\"><p data-start=\"2045\" data-end=\"2077\">Franja estrecha (25 cm de ancho)<\/p><\/li><li data-start=\"2078\" data-end=\"2103\"><p data-start=\"2080\" data-end=\"2103\">Slalom a baja velocidad<\/p><\/li><\/ul><h2 data-start=\"2105\" data-end=\"2153\">\ud83d\udd39<strong data-start=\"2110\" data-end=\"2153\">SESI\u00d3N 9 \u2013 Destreza individual (fase 2)<\/strong><\/h2><ul data-start=\"2154\" data-end=\"2217\"><li data-start=\"2154\" data-end=\"2177\"><p data-start=\"2156\" data-end=\"2177\">Frenado de emergencia<\/p><\/li><li data-start=\"2178\" data-end=\"2217\"><p data-start=\"2180\" data-end=\"2217\">Zig zag a velocidad m\u00ednima de 30 km\/h<\/p><\/li><\/ul><h2 data-start=\"2219\" data-end=\"2268\">\ud83d\udd39<strong data-start=\"2224\" data-end=\"2268\">SESI\u00d3N 10 \u2013 Destreza individual (fase 3)<\/strong><\/h2><ul data-start=\"2269\" data-end=\"2336\"><li data-start=\"2269\" data-end=\"2298\"><p data-start=\"2271\" data-end=\"2298\">Sortear obst\u00e1culo a 50 km\/h<\/p><\/li><li data-start=\"2299\" data-end=\"2336\"><p data-start=\"2301\" data-end=\"2336\">Ejercicio de desplazamiento en ocho<\/p><\/li><\/ul><h2 data-start=\"2338\" data-end=\"2386\">\ud83d\udd39<strong data-start=\"2343\" data-end=\"2386\">SESI\u00d3N 11 \u2013 Maniobras espec\u00edficas A1\u2013A2<\/strong><\/h2><ul data-start=\"2387\" data-end=\"2516\"><li data-start=\"2387\" data-end=\"2422\"><p data-start=\"2389\" data-end=\"2422\">Maniobra de frenado de emergencia<\/p><\/li><li data-start=\"2423\" data-end=\"2476\"><p data-start=\"2425\" data-end=\"2476\">Conducci\u00f3n y frenado seg\u00fan la potencia del veh\u00edculo<\/p><\/li><li data-start=\"2477\" data-end=\"2516\"><p data-start=\"2479\" data-end=\"2516\">Posici\u00f3n del conductor en emergencias<\/p><\/li><\/ul><h2 data-start=\"2518\" data-end=\"2574\">\ud83d\udd39<strong data-start=\"2523\" data-end=\"2574\">SESI\u00d3N 12 \u2013 Circulaci\u00f3n en v\u00eda p\u00fablica (fase 1)<\/strong><\/h2><ul data-start=\"2575\" data-end=\"2679\"><li data-start=\"2575\" data-end=\"2618\"><p data-start=\"2577\" data-end=\"2618\">Cambio de carril, giros en intersecciones<\/p><\/li><li data-start=\"2619\" data-end=\"2648\"><p data-start=\"2621\" data-end=\"2648\">Velocidad seg\u00fan tipo de v\u00eda<\/p><\/li><li data-start=\"2649\" data-end=\"2679\"><p data-start=\"2651\" data-end=\"2679\">Se\u00f1alizaci\u00f3n activa y pasiva<\/p><\/li><\/ul><h2 data-start=\"2681\" data-end=\"2737\">\ud83d\udd39<strong data-start=\"2686\" data-end=\"2737\">SESI\u00d3N 13 \u2013 Circulaci\u00f3n en v\u00eda p\u00fablica (fase 2)<\/strong><\/h2><ul data-start=\"2738\" data-end=\"2837\"><li data-start=\"2738\" data-end=\"2776\"><p data-start=\"2740\" data-end=\"2776\">Interacci\u00f3n con otros actores viales<\/p><\/li><li data-start=\"2777\" data-end=\"2801\"><p data-start=\"2779\" data-end=\"2801\">Distancia de seguridad<\/p><\/li><li data-start=\"2802\" data-end=\"2837\"><p data-start=\"2804\" data-end=\"2837\">Observaci\u00f3n del entorno y riesgos<\/p><\/li><\/ul><h2 data-start=\"2839\" data-end=\"2900\">\ud83d\udd39<strong data-start=\"2844\" data-end=\"2900\">SESI\u00d3N 14 \u2013 Simulaci\u00f3n completa de conducci\u00f3n segura<\/strong><\/h2><ul data-start=\"2901\" data-end=\"2994\"><li data-start=\"2901\" data-end=\"2949\"><p data-start=\"2903\" data-end=\"2949\">Ruta pr\u00e1ctica con condiciones urbanas y mixtas<\/p><\/li><li data-start=\"2950\" data-end=\"2994\"><p data-start=\"2952\" data-end=\"2994\">Aplicaci\u00f3n de todos los saberes anteriores<\/p><\/li><\/ul><h2 data-start=\"2996\" data-end=\"3042\">\ud83d\udd39<strong data-start=\"3001\" data-end=\"3042\">SESI\u00d3N 15 \u2013 Evaluaci\u00f3n final pr\u00e1ctica<\/strong><\/h2><ul data-start=\"3043\" data-end=\"3263\"><li data-start=\"3043\" data-end=\"3091\"><p data-start=\"3045\" data-end=\"3091\">Evaluaci\u00f3n en condiciones controladas y reales<\/p><\/li><li data-start=\"3092\" data-end=\"3263\"><p data-start=\"3094\" data-end=\"3263\">Revisi\u00f3n checklist:<br data-start=\"3113\" data-end=\"3116\" \/>\u2714 Frenado<br data-start=\"3127\" data-end=\"3130\" \/>\u2714 Conducci\u00f3n en curva<br data-start=\"3153\" data-end=\"3156\" \/>\u2714 Cambio de carril<br data-start=\"3176\" data-end=\"3179\" \/>\u2714 Slalom y obst\u00e1culo<br data-start=\"3201\" data-end=\"3204\" \/>\u2714 Se\u00f1alizaci\u00f3n y circulaci\u00f3n urbana<br data-start=\"3241\" data-end=\"3244\" \/>\u2714 Estacionamiento<\/p><\/li><\/ul><h3 data-start=\"3270\" data-end=\"3303\">\u2705 <strong data-start=\"3276\" data-end=\"3303\">Observaciones generales<\/strong><\/h3><ul data-start=\"3304\" data-end=\"3561\"><li data-start=\"3304\" data-end=\"3415\"><p data-start=\"3306\" data-end=\"3415\">Todas las sesiones deben realizarse con equipo de protecci\u00f3n reglamentario (casco, guantes, botas, chaqueta).<\/p><\/li><li data-start=\"3416\" data-end=\"3472\"><p data-start=\"3418\" data-end=\"3472\">Registro de asistencia y control por ficha individual.<\/p><\/li><li data-start=\"3473\" data-end=\"3561\"><p data-start=\"3475\" data-end=\"3561\">La evaluaci\u00f3n final servir\u00e1 como criterio para expedici\u00f3n de certificado de idoneidad.<\/p><\/li><\/ul>\t\t\t\t\t\t\t\t<\/div>\n\t\t\t\t<\/div>\n\t\t\t\t\t<\/div>\n\t\t<\/div>\n\t\t\t\t\t<\/div>\n\t\t<\/section>\n\t\t\t\t<\/div>\n\t\t","protected":false},"excerpt":{"rendered":"<p>\ud83d\udcd8 PLAN DE TRABAJO \u2013 CLASES PR\u00c1CTICAS CONDUCTORES MOTOCICLETA (A1 y A2) Normatividad base: Resoluci\u00f3n 20223040009425 \u2013 M\u00f3dulo 3Total sesiones [&hellip;]<\/p>\n","protected":false},"author":2,"featured_media":0,"comment_status":"open","ping_status":"open","sticky":false,"template":"elementor_theme","format":"standard","meta":{"site-sidebar-layout":"default","site-content-layout":"","ast-site-content-layout":"default","site-content-style":"default","site-sidebar-style":"default","ast-global-header-display":"","ast-banner-title-visibility":"","ast-main-header-display":"","ast-hfb-above-header-display":"","ast-hfb-below-header-display":"","ast-hfb-mobile-header-display":"","site-post-title":"","ast-breadcrumbs-content":"","ast-featured-img":"","footer-sml-layout":"","theme-transparent-header-meta":"","adv-header-id-meta":"","stick-header-meta":"","header-above-stick-meta":"","header-main-stick-meta":"","header-below-stick-meta":"","astra-migrate-meta-layouts":"set","ast-page-background-enabled":"default","ast-page-background-meta":{"desktop":{"background-color":"var(--ast-global-color-4)","background-image":"","background-repeat":"repeat","background-position":"center center","background-size":"auto","background-attachment":"scroll","background-type":"","background-media":"","overlay-type":"","overlay-color":"","overlay-opacity":"","overlay-gradient":""},"tablet":{"background-color":"","background-image":"","background-repeat":"repeat","background-position":"center center","background-size":"auto","background-attachment":"scroll","background-type":"","background-media":"","overlay-type":"","overlay-color":"","overlay-opacity":"","overlay-gradient":""},"mobile":{"background-color":"","background-image":"","background-repeat":"repeat","background-position":"center center","background-size":"auto","background-attachment":"scroll","background-type":"","background-media":"","overlay-type":"","overlay-color":"","overlay-opacity":"","overlay-gradient":""}},"ast-content-background-meta":{"desktop":{"background-color":"var(--ast-global-color-5)","background-image":"","background-repeat":"repeat","background-position":"center center","background-size":"auto","background-attachment":"scroll","background-type":"","background-media":"","overlay-type":"","overlay-color":"","overlay-opacity":"","overlay-gradient":""},"tablet":{"background-color":"var(--ast-global-color-5)","background-image":"","background-repeat":"repeat","background-position":"center center","background-size":"auto","background-attachment":"scroll","background-type":"","background-media":"","overlay-type":"","overlay-color":"","overlay-opacity":"","overlay-gradient":""},"mobile":{"background-color":"var(--ast-global-color-5)","background-image":"","background-repeat":"repeat","background-position":"center center","background-size":"auto","background-attachment":"scroll","background-type":"","background-media":"","overlay-type":"","overlay-color":"","overlay-opacity":"","overlay-gradient":""}},"footnotes":""},"categories":[30],"tags":[],"class_list":["post-15519","post","type-post","status-publish","format-standard","hentry","category-a2-clases-practicas"],"yoast_head":"<!-- This site is optimized with the Yoast SEO plugin v26.4 - https:\/\/yoast.com\/wordpress\/plugins\/seo\/ -->\n<title>CLASES PR\u00c1CTICAS CONDUCTORES MOTOCICLETA (A1 y A2) - Conducir Colombia<\/title>\n<meta name=\"robots\" content=\"index, follow, max-snippet:-1, max-image-preview:large, max-video-preview:-1\" \/>\n<link rel=\"canonical\" href=\"https:\/\/conducircolombia.com\/cea\/clases-practicas-conductores-motocicleta-a1-y-a2\/\" \/>\n<meta property=\"og:locale\" content=\"es_ES\" \/>\n<meta property=\"og:type\" content=\"article\" \/>\n<meta property=\"og:title\" content=\"CLASES PR\u00c1CTICAS CONDUCTORES MOTOCICLETA (A1 y A2) - Conducir Colombia\" \/>\n<meta property=\"og:description\" content=\"\ud83d\udcd8 PLAN DE TRABAJO \u2013 CLASES PR\u00c1CTICAS CONDUCTORES MOTOCICLETA (A1 y A2) Normatividad base: Resoluci\u00f3n 20223040009425 \u2013 M\u00f3dulo 3Total sesiones [&hellip;]\" \/>\n<meta property=\"og:url\" content=\"https:\/\/conducircolombia.com\/cea\/clases-practicas-conductores-motocicleta-a1-y-a2\/\" \/>\n<meta property=\"og:site_name\" content=\"Conducir Colombia\" \/>\n<meta property=\"article:publisher\" content=\"https:\/\/www.facebook.com\/ConducirColombiaBogota\" \/>\n<meta property=\"article:published_time\" content=\"2025-07-30T20:28:53+00:00\" \/>\n<meta property=\"article:modified_time\" content=\"2025-07-30T20:30:54+00:00\" \/>\n<meta property=\"og:image\" content=\"https:\/\/conducircolombia.com\/cea\/wp-content\/uploads\/2025\/02\/logo1000.webp\" \/>\n\t<meta property=\"og:image:width\" content=\"1000\" \/>\n\t<meta property=\"og:image:height\" content=\"201\" \/>\n\t<meta property=\"og:image:type\" content=\"image\/webp\" \/>\n<meta name=\"author\" content=\"memo fichas\" \/>\n<meta name=\"twitter:card\" content=\"summary_large_image\" \/>\n<meta name=\"twitter:label1\" content=\"Escrito por\" \/>\n\t<meta name=\"twitter:data1\" content=\"memo fichas\" \/>\n\t<meta name=\"twitter:label2\" content=\"Tiempo de lectura\" \/>\n\t<meta name=\"twitter:data2\" content=\"7 minutos\" \/>\n<script type=\"application\/ld+json\" class=\"yoast-schema-graph\">{\"@context\":\"https:\/\/schema.org\",\"@graph\":[{\"@type\":\"Article\",\"@id\":\"https:\/\/conducircolombia.com\/cea\/clases-practicas-conductores-motocicleta-a1-y-a2\/#article\",\"isPartOf\":{\"@id\":\"https:\/\/conducircolombia.com\/cea\/clases-practicas-conductores-motocicleta-a1-y-a2\/\"},\"author\":{\"name\":\"memo fichas\",\"@id\":\"https:\/\/conducircolombia.com\/cea\/#\/schema\/person\/39f266f3357066ea02c614168ee5b0d2\"},\"headline\":\"CLASES PR\u00c1CTICAS CONDUCTORES MOTOCICLETA (A1 y A2)\",\"datePublished\":\"2025-07-30T20:28:53+00:00\",\"dateModified\":\"2025-07-30T20:30:54+00:00\",\"mainEntityOfPage\":{\"@id\":\"https:\/\/conducircolombia.com\/cea\/clases-practicas-conductores-motocicleta-a1-y-a2\/\"},\"wordCount\":498,\"commentCount\":0,\"publisher\":{\"@id\":\"https:\/\/conducircolombia.com\/cea\/#organization\"},\"articleSection\":[\"A2 clases practicas\"],\"inLanguage\":\"es\",\"potentialAction\":[{\"@type\":\"CommentAction\",\"name\":\"Comment\",\"target\":[\"https:\/\/conducircolombia.com\/cea\/clases-practicas-conductores-motocicleta-a1-y-a2\/#respond\"]}]},{\"@type\":\"WebPage\",\"@id\":\"https:\/\/conducircolombia.com\/cea\/clases-practicas-conductores-motocicleta-a1-y-a2\/\",\"url\":\"https:\/\/conducircolombia.com\/cea\/clases-practicas-conductores-motocicleta-a1-y-a2\/\",\"name\":\"CLASES PR\u00c1CTICAS CONDUCTORES MOTOCICLETA (A1 y A2) - Conducir Colombia\",\"isPartOf\":{\"@id\":\"https:\/\/conducircolombia.com\/cea\/#website\"},\"datePublished\":\"2025-07-30T20:28:53+00:00\",\"dateModified\":\"2025-07-30T20:30:54+00:00\",\"breadcrumb\":{\"@id\":\"https:\/\/conducircolombia.com\/cea\/clases-practicas-conductores-motocicleta-a1-y-a2\/#breadcrumb\"},\"inLanguage\":\"es\",\"potentialAction\":[{\"@type\":\"ReadAction\",\"target\":[\"https:\/\/conducircolombia.com\/cea\/clases-practicas-conductores-motocicleta-a1-y-a2\/\"]}]},{\"@type\":\"BreadcrumbList\",\"@id\":\"https:\/\/conducircolombia.com\/cea\/clases-practicas-conductores-motocicleta-a1-y-a2\/#breadcrumb\",\"itemListElement\":[{\"@type\":\"ListItem\",\"position\":1,\"name\":\"Portada\",\"item\":\"https:\/\/conducircolombia.com\/cea\/\"},{\"@type\":\"ListItem\",\"position\":2,\"name\":\"CLASES PR\u00c1CTICAS CONDUCTORES MOTOCICLETA (A1 y A2)\"}]},{\"@type\":\"WebSite\",\"@id\":\"https:\/\/conducircolombia.com\/cea\/#website\",\"url\":\"https:\/\/conducircolombia.com\/cea\/\",\"name\":\"Conducir Colombia\",\"description\":\"Academia de Conducci\u00f3n\",\"publisher\":{\"@id\":\"https:\/\/conducircolombia.com\/cea\/#organization\"},\"potentialAction\":[{\"@type\":\"SearchAction\",\"target\":{\"@type\":\"EntryPoint\",\"urlTemplate\":\"https:\/\/conducircolombia.com\/cea\/?s={search_term_string}\"},\"query-input\":{\"@type\":\"PropertyValueSpecification\",\"valueRequired\":true,\"valueName\":\"search_term_string\"}}],\"inLanguage\":\"es\"},{\"@type\":\"Organization\",\"@id\":\"https:\/\/conducircolombia.com\/cea\/#organization\",\"name\":\"Conducir Colombia\",\"alternateName\":\"Conducir Colombia\",\"url\":\"https:\/\/conducircolombia.com\/cea\/\",\"logo\":{\"@type\":\"ImageObject\",\"inLanguage\":\"es\",\"@id\":\"https:\/\/conducircolombia.com\/cea\/#\/schema\/logo\/image\/\",\"url\":\"https:\/\/conducircolombia.com\/cea\/wp-content\/uploads\/2025\/02\/logowp.jpg\",\"contentUrl\":\"https:\/\/conducircolombia.com\/cea\/wp-content\/uploads\/2025\/02\/logowp.jpg\",\"width\":300,\"height\":299,\"caption\":\"Conducir Colombia\"},\"image\":{\"@id\":\"https:\/\/conducircolombia.com\/cea\/#\/schema\/logo\/image\/\"},\"sameAs\":[\"https:\/\/www.facebook.com\/ConducirColombiaBogota\"]},{\"@type\":\"Person\",\"@id\":\"https:\/\/conducircolombia.com\/cea\/#\/schema\/person\/39f266f3357066ea02c614168ee5b0d2\",\"name\":\"memo fichas\",\"image\":{\"@type\":\"ImageObject\",\"inLanguage\":\"es\",\"@id\":\"https:\/\/conducircolombia.com\/cea\/#\/schema\/person\/image\/\",\"url\":\"https:\/\/secure.gravatar.com\/avatar\/e1b894dfed71a479efeaf73bfb32c5e92c855e56311b32924ca240a9bcec68b2?s=96&d=mm&r=g\",\"contentUrl\":\"https:\/\/secure.gravatar.com\/avatar\/e1b894dfed71a479efeaf73bfb32c5e92c855e56311b32924ca240a9bcec68b2?s=96&d=mm&r=g\",\"caption\":\"memo fichas\"},\"url\":\"https:\/\/conducircolombia.com\/cea\/author\/conducir1\/\"}]}<\/script>\n<!-- \/ Yoast SEO plugin. -->","yoast_head_json":{"title":"CLASES PR\u00c1CTICAS CONDUCTORES MOTOCICLETA (A1 y A2) - Conducir Colombia","robots":{"index":"index","follow":"follow","max-snippet":"max-snippet:-1","max-image-preview":"max-image-preview:large","max-video-preview":"max-video-preview:-1"},"canonical":"https:\/\/conducircolombia.com\/cea\/clases-practicas-conductores-motocicleta-a1-y-a2\/","og_locale":"es_ES","og_type":"article","og_title":"CLASES PR\u00c1CTICAS CONDUCTORES MOTOCICLETA (A1 y A2) - Conducir Colombia","og_description":"\ud83d\udcd8 PLAN DE TRABAJO \u2013 CLASES PR\u00c1CTICAS CONDUCTORES MOTOCICLETA (A1 y A2) Normatividad base: Resoluci\u00f3n 20223040009425 \u2013 M\u00f3dulo 3Total sesiones [&hellip;]","og_url":"https:\/\/conducircolombia.com\/cea\/clases-practicas-conductores-motocicleta-a1-y-a2\/","og_site_name":"Conducir Colombia","article_publisher":"https:\/\/www.facebook.com\/ConducirColombiaBogota","article_published_time":"2025-07-30T20:28:53+00:00","article_modified_time":"2025-07-30T20:30:54+00:00","og_image":[{"width":1000,"height":201,"url":"https:\/\/conducircolombia.com\/cea\/wp-content\/uploads\/2025\/02\/logo1000.webp","type":"image\/webp"}],"author":"memo fichas","twitter_card":"summary_large_image","twitter_misc":{"Escrito por":"memo fichas","Tiempo de lectura":"7 minutos"},"schema":{"@context":"https:\/\/schema.org","@graph":[{"@type":"Article","@id":"https:\/\/conducircolombia.com\/cea\/clases-practicas-conductores-motocicleta-a1-y-a2\/#article","isPartOf":{"@id":"https:\/\/conducircolombia.com\/cea\/clases-practicas-conductores-motocicleta-a1-y-a2\/"},"author":{"name":"memo fichas","@id":"https:\/\/conducircolombia.com\/cea\/#\/schema\/person\/39f266f3357066ea02c614168ee5b0d2"},"headline":"CLASES PR\u00c1CTICAS CONDUCTORES MOTOCICLETA (A1 y A2)","datePublished":"2025-07-30T20:28:53+00:00","dateModified":"2025-07-30T20:30:54+00:00","mainEntityOfPage":{"@id":"https:\/\/conducircolombia.com\/cea\/clases-practicas-conductores-motocicleta-a1-y-a2\/"},"wordCount":498,"commentCount":0,"publisher":{"@id":"https:\/\/conducircolombia.com\/cea\/#organization"},"articleSection":["A2 clases practicas"],"inLanguage":"es","potentialAction":[{"@type":"CommentAction","name":"Comment","target":["https:\/\/conducircolombia.com\/cea\/clases-practicas-conductores-motocicleta-a1-y-a2\/#respond"]}]},{"@type":"WebPage","@id":"https:\/\/conducircolombia.com\/cea\/clases-practicas-conductores-motocicleta-a1-y-a2\/","url":"https:\/\/conducircolombia.com\/cea\/clases-practicas-conductores-motocicleta-a1-y-a2\/","name":"CLASES PR\u00c1CTICAS CONDUCTORES MOTOCICLETA (A1 y A2) - Conducir Colombia","isPartOf":{"@id":"https:\/\/conducircolombia.com\/cea\/#website"},"datePublished":"2025-07-30T20:28:53+00:00","dateModified":"2025-07-30T20:30:54+00:00","breadcrumb":{"@id":"https:\/\/conducircolombia.com\/cea\/clases-practicas-conductores-motocicleta-a1-y-a2\/#breadcrumb"},"inLanguage":"es","potentialAction":[{"@type":"ReadAction","target":["https:\/\/conducircolombia.com\/cea\/clases-practicas-conductores-motocicleta-a1-y-a2\/"]}]},{"@type":"BreadcrumbList","@id":"https:\/\/conducircolombia.com\/cea\/clases-practicas-conductores-motocicleta-a1-y-a2\/#breadcrumb","itemListElement":[{"@type":"ListItem","position":1,"name":"Portada","item":"https:\/\/conducircolombia.com\/cea\/"},{"@type":"ListItem","position":2,"name":"CLASES PR\u00c1CTICAS CONDUCTORES MOTOCICLETA (A1 y A2)"}]},{"@type":"WebSite","@id":"https:\/\/conducircolombia.com\/cea\/#website","url":"https:\/\/conducircolombia.com\/cea\/","name":"Conducir Colombia","description":"Academia de Conducci\u00f3n","publisher":{"@id":"https:\/\/conducircolombia.com\/cea\/#organization"},"potentialAction":[{"@type":"SearchAction","target":{"@type":"EntryPoint","urlTemplate":"https:\/\/conducircolombia.com\/cea\/?s={search_term_string}"},"query-input":{"@type":"PropertyValueSpecification","valueRequired":true,"valueName":"search_term_string"}}],"inLanguage":"es"},{"@type":"Organization","@id":"https:\/\/conducircolombia.com\/cea\/#organization","name":"Conducir Colombia","alternateName":"Conducir Colombia","url":"https:\/\/conducircolombia.com\/cea\/","logo":{"@type":"ImageObject","inLanguage":"es","@id":"https:\/\/conducircolombia.com\/cea\/#\/schema\/logo\/image\/","url":"https:\/\/conducircolombia.com\/cea\/wp-content\/uploads\/2025\/02\/logowp.jpg","contentUrl":"https:\/\/conducircolombia.com\/cea\/wp-content\/uploads\/2025\/02\/logowp.jpg","width":300,"height":299,"caption":"Conducir Colombia"},"image":{"@id":"https:\/\/conducircolombia.com\/cea\/#\/schema\/logo\/image\/"},"sameAs":["https:\/\/www.facebook.com\/ConducirColombiaBogota"]},{"@type":"Person","@id":"https:\/\/conducircolombia.com\/cea\/#\/schema\/person\/39f266f3357066ea02c614168ee5b0d2","name":"memo fichas","image":{"@type":"ImageObject","inLanguage":"es","@id":"https:\/\/conducircolombia.com\/cea\/#\/schema\/person\/image\/","url":"https:\/\/secure.gravatar.com\/avatar\/e1b894dfed71a479efeaf73bfb32c5e92c855e56311b32924ca240a9bcec68b2?s=96&d=mm&r=g","contentUrl":"https:\/\/secure.gravatar.com\/avatar\/e1b894dfed71a479efeaf73bfb32c5e92c855e56311b32924ca240a9bcec68b2?s=96&d=mm&r=g","caption":"memo fichas"},"url":"https:\/\/conducircolombia.com\/cea\/author\/conducir1\/"}]}},"_links":{"self":[{"href":"https:\/\/conducircolombia.com\/cea\/wp-json\/wp\/v2\/posts\/15519","targetHints":{"allow":["GET"]}}],"collection":[{"href":"https:\/\/conducircolombia.com\/cea\/wp-json\/wp\/v2\/posts"}],"about":[{"href":"https:\/\/conducircolombia.com\/cea\/wp-json\/wp\/v2\/types\/post"}],"author":[{"embeddable":true,"href":"https:\/\/conducircolombia.com\/cea\/wp-json\/wp\/v2\/users\/2"}],"replies":[{"embeddable":true,"href":"https:\/\/conducircolombia.com\/cea\/wp-json\/wp\/v2\/comments?post=15519"}],"version-history":[{"count":4,"href":"https:\/\/conducircolombia.com\/cea\/wp-json\/wp\/v2\/posts\/15519\/revisions"}],"predecessor-version":[{"id":15523,"href":"https:\/\/conducircolombia.com\/cea\/wp-json\/wp\/v2\/posts\/15519\/revisions\/15523"}],"wp:attachment":[{"href":"https:\/\/conducircolombia.com\/cea\/wp-json\/wp\/v2\/media?parent=15519"}],"wp:term":[{"taxonomy":"category","embeddable":true,"href":"https:\/\/conducircolombia.com\/cea\/wp-json\/wp\/v2\/categories?post=15519"},{"taxonomy":"post_tag","embeddable":true,"href":"https:\/\/conducircolombia.com\/cea\/wp-json\/wp\/v2\/tags?post=15519"}],"curies":[{"name":"wp","href":"https:\/\/api.w.org\/{rel}","templated":true}]}}