{"id":15697,"date":"2025-11-28T11:41:28","date_gmt":"2025-11-28T16:41:28","guid":{"rendered":"https:\/\/conducircolombia.com\/cea\/?p=15697"},"modified":"2025-11-28T14:58:13","modified_gmt":"2025-11-28T19:58:13","slug":"prioridad-de-via-en-colombia-quien-sube-o-baja-guia-rapida","status":"publish","type":"post","link":"https:\/\/conducircolombia.com\/cea\/prioridad-de-via-en-colombia-quien-sube-o-baja-guia-rapida\/","title":{"rendered":"Prioridad de V\u00eda en Colombia: \u00bfQui\u00e9n Sube o Baja? &#8211; Gu\u00eda R\u00e1pida"},"content":{"rendered":"\t\t<div data-elementor-type=\"wp-post\" data-elementor-id=\"15697\" class=\"elementor elementor-15697\">\n\t\t\t\t\t\t<section class=\"elementor-section elementor-top-section elementor-element elementor-element-38ce45e elementor-section-boxed elementor-section-height-default elementor-section-height-default\" data-id=\"38ce45e\" data-element_type=\"section\">\n\t\t\t\t\t\t<div class=\"elementor-container elementor-column-gap-default\">\n\t\t\t\t\t<div class=\"elementor-column elementor-col-100 elementor-top-column elementor-element elementor-element-07de51d\" data-id=\"07de51d\" data-element_type=\"column\">\n\t\t\t<div class=\"elementor-widget-wrap elementor-element-populated\">\n\t\t\t\t\t\t<section class=\"elementor-section elementor-inner-section elementor-element elementor-element-f5757bf elementor-section-boxed elementor-section-height-default elementor-section-height-default\" data-id=\"f5757bf\" data-element_type=\"section\">\n\t\t\t\t\t\t<div class=\"elementor-container elementor-column-gap-default\">\n\t\t\t\t\t<div class=\"elementor-column elementor-col-50 elementor-inner-column elementor-element elementor-element-cdf758f\" data-id=\"cdf758f\" data-element_type=\"column\">\n\t\t\t<div class=\"elementor-widget-wrap elementor-element-populated\">\n\t\t\t\t\t\t<div class=\"elementor-element elementor-element-9b3da26 elementor-widget elementor-widget-image\" data-id=\"9b3da26\" data-element_type=\"widget\" data-widget_type=\"image.default\">\n\t\t\t\t<div class=\"elementor-widget-container\">\n\t\t\t\t\t\t\t\t\t\t\t\t\t\t\t<img decoding=\"async\" src=\"https:\/\/conducircolombia.com\/imagenes\/sube%201.webp\" title=\"\" alt=\"Tiene prelaci\u00f3n el Veh\u00edculo que sube\" loading=\"lazy\" \/>\t\t\t\t\t\t\t\t\t\t\t\t\t\t\t<\/div>\n\t\t\t\t<\/div>\n\t\t\t\t\t<\/div>\n\t\t<\/div>\n\t\t\t\t<div class=\"elementor-column elementor-col-50 elementor-inner-column elementor-element elementor-element-17acf59\" data-id=\"17acf59\" data-element_type=\"column\">\n\t\t\t<div class=\"elementor-widget-wrap elementor-element-populated\">\n\t\t\t\t\t\t<div class=\"elementor-element elementor-element-e96057e elementor-widget elementor-widget-text-editor\" data-id=\"e96057e\" data-element_type=\"widget\" data-widget_type=\"text-editor.default\">\n\t\t\t\t<div class=\"elementor-widget-container\">\n\t\t\t\t\t\t\t\t\t<div class=\"widget-header\"><h3>\ud83d\ude97 Prioridad de V\u00eda en Colombia<\/h3><p class=\"intro\">\u00bfQui\u00e9n tiene preferencia: el que sube o el que baja?<\/p><\/div><div class=\"widget-content\"><p class=\"exclamacion\">\u00a1Excelente pregunta! Es un tema que genera mucha confusi\u00f3n entre los conductores en Colombia.<\/p><p>La respuesta no es absoluta y depende del tipo de v\u00eda. Aqu\u00ed te la explicamos detalladamente:<\/p><\/div>\t\t\t\t\t\t\t\t<\/div>\n\t\t\t\t<\/div>\n\t\t\t\t\t<\/div>\n\t\t<\/div>\n\t\t\t\t\t<\/div>\n\t\t<\/section>\n\t\t\t\t<div class=\"elementor-element elementor-element-7110bde elementor-widget elementor-widget-text-editor\" data-id=\"7110bde\" data-element_type=\"widget\" data-widget_type=\"text-editor.default\">\n\t\t\t\t<div class=\"elementor-widget-container\">\n\t\t\t\t\t\t\t\t\t<div class=\"prioridad-via-widget\"><div class=\"widget-header\">\u00a0<\/div><div class=\"widget-content\"><p><span style=\"font-size: 1.3em; font-weight: bold;\">\ud83d\udccd Regla General y M\u00e1s Com\u00fan<\/span><\/p><div class=\"regla-general\"><div class=\"destacado\"><strong>Tiene prioridad quien sube.<\/strong><\/div><p><strong>Fundamento:<\/strong> A un veh\u00edculo que va cuesta arriba (subiendo) le es m\u00e1s dif\u00edcil reiniciar la marcha si se detiene, debido a la gravedad y al riesgo de que se cale o se vaya hacia atr\u00e1s, especialmente si es un veh\u00edculo pesado o con poca potencia. El que baja tiene mayor control sobre su veh\u00edculo para reducir la velocidad y detenerse de manera m\u00e1s segura.<\/p><p><strong>Esto dice el c\u00f3digo de tr\u00e1nsito:<\/strong><\/p><p style=\"font-weight: 400;\"><em><b><strong>\u00abART\u00cdCULO<\/strong><\/b>\u00a0<b><strong>70. PRELACI\u00d3N EN INTERSECCIONES O GIROS.<\/strong><\/b>\u00a0Normas de prelaci\u00f3n en intersecciones y situaciones de giros en las cuales dos (2) o m\u00e1s veh\u00edculos puedan interferir:<\/em><\/p><p style=\"font-weight: 400;\"><em>Cuando dos (2) o m\u00e1s veh\u00edculos transiten en sentido contrario por una v\u00eda de doble sentido de tr\u00e1nsito e intenten girar al mismo lado, tiene prelaci\u00f3n el que va a girar a la derecha; <strong><a href=\"https:\/\/www.alcaldiabogota.gov.co\/sisjur\/normas\/Norma1.jsp?i=5557\" target=\"_blank\" rel=\"noopener\">en las pendientes, tiene prelaci\u00f3n el veh\u00edculo que sube.<\/a>\u00ab<\/strong><\/em><\/p><p><strong>\u00bfD\u00f3nde aplica esta regla?<\/strong><br \/>En v\u00edas estrechas, sin se\u00f1alizaci\u00f3n, donde no hay espacio suficiente para que dos veh\u00edculos circulen al mismo tiempo. Esto es muy com\u00fan en caminos de monta\u00f1a, carreteras secundarias y v\u00edas rurales.<\/p><\/div><div class=\"excepciones\"><div class=\"excepcion-item\">\u00a0<\/div><div class=\"excepcion-item\"><p><span style=\"font-size: 1.3em; font-weight: bold;\">\ud83d\udcca Resumen Pr\u00e1ctico<\/span><\/p><\/div><\/div><div class=\"resumen-tabla\"><table><thead><tr><th>Escenario<\/th><th>\u00bfQui\u00e9n tiene la prioridad?<\/th><\/tr><\/thead><tbody><tr><td>V\u00eda estrecha en pendiente (sin se\u00f1alizar)<\/td><td><strong>El que SUBE<\/strong><\/td><\/tr><tr><td>V\u00eda ancha o con espacio suficiente<\/td><td>Ninguno, pueden cruzarse sin ceder el paso.<\/td><\/tr><tr><td>Hay se\u00f1al de \u00abCEDA EL PASO\u00bb o \u00abPARE\u00bb<\/td><td>Quien se enfrenta a la se\u00f1al debe ceder.<\/td><\/tr><tr><td>Veh\u00edculo especial vs. carro peque\u00f1o<\/td><td>Por seguridad y cortes\u00eda, cede el que pueda hacerlo m\u00e1s f\u00e1cilmente.<\/td><\/tr><\/tbody><\/table><\/div><div class=\"consejos-seguridad\"><h4>\ud83d\udee1\ufe0f Consejos para una Conducci\u00f3n Segura en Pendientes<\/h4><div class=\"consejo-grupo\"><h5>Conductores que bajan:<\/h5><ul><li>Lleven una velocidad moderada.<\/li><li>Usen el freno motor (cambios cortos) para no recalentar los frenos.<\/li><li>Est\u00e9n preparados para detenerse o reducir la velocidad para ceder el paso.<\/li><\/ul><\/div><div class=\"consejo-grupo\"><h5>Conductores que suben:<\/h5><ul><li>Mantengan un ritmo constante.<\/li><li>Si se les cede el paso, procuren hacer el cruce de forma \u00e1gil para no obstaculizar m\u00e1s de lo necesario.<\/li><li>Si notan que el veh\u00edculo que baja es muy grande o parece tener dificultades, no insistan en su prioridad. La seguridad es lo primero.<\/li><\/ul><\/div><\/div><div class=\"conclusion\"><p>\u00a0<\/p><\/div><\/div><\/div><p><style>\n.prioridad-via-widget {<br \/>    font-family: 'Segoe UI', Tahoma, Geneva, Verdana, sans-serif;<br \/>    background: linear-gradient(135deg, #f8f9fa 0%, #e9ecef 100%);<br \/>    border-radius: 12px;<br \/>    padding: 20px;<br \/>    margin: 15px 0;<br \/>    border: 1px solid #dee2e6;<br \/>    box-shadow: 0 4px 6px rgba(0,0,0,0.1);<br \/>}<\/p>\n<p>.widget-header {<br \/>    text-align: center;<br \/>    margin-bottom: 20px;<br \/>    border-bottom: 2px solid #3498db;<br \/>    padding-bottom: 15px;<br \/>}<\/p>\n<p>.widget-header h3 {<br \/>    color: #2c3e50;<br \/>    margin: 0 0 5px 0;<br \/>    font-size: 1.4em;<br \/>}<\/p>\n<p>.intro {<br \/>    color: #7f8c8d;<br \/>    font-style: italic;<br \/>    margin: 0;<br \/>    font-size: 0.95em;<br \/>}<\/p>\n<p>.exclamacion {<br \/>    background: #e8f4fc;<br \/>    padding: 12px;<br \/>    border-radius: 8px;<br \/>    border-left: 4px solid #3498db;<br \/>    font-weight: 600;<br \/>}<\/p>\n<p>.regla-general, .excepciones, .consejos-seguridad {<br \/>    margin: 20px 0;<br \/>}<\/p>\n<p>h4 {<br \/>    color: #2c3e50;<br \/>    border-bottom: 1px solid #bdc3c7;<br \/>    padding-bottom: 5px;<br \/>    margin-bottom: 15px;<br \/>}<\/p>\n<p>.destacado {<br \/>    background: #d4edda;<br \/>    padding: 15px;<br \/>    border-radius: 8px;<br \/>    border-left: 4px solid #28a745;<br \/>    margin: 15px 0;<br \/>    font-size: 1.1em;<br \/>}<\/p>\n<p>.excepcion-item {<br \/>    background: white;<br \/>    padding: 12px;<br \/>    margin: 10px 0;<br \/>    border-radius: 6px;<br \/>    border-left: 3px solid #e74c3c;<br \/>}<\/p>\n<p>.excepcion-item ul {<br \/>    margin: 8px 0 0 0;<br \/>    padding-left: 20px;<br \/>}<\/p>\n<p>.excepcion-item li {<br \/>    margin-bottom: 5px;<br \/>}<\/p>\n<p>.resumen-tabla {<br \/>    overflow-x: auto;<br \/>}<\/p>\n<p>table {<br \/>    width: 100%;<br \/>    border-collapse: collapse;<br \/>    background: white;<br \/>    border-radius: 8px;<br \/>    overflow: hidden;<br \/>    box-shadow: 0 2px 4px rgba(0,0,0,0.1);<br \/>}<\/p>\n<p>th {<br \/>    background: #3498db;<br \/>    color: white;<br \/>    padding: 12px;<br \/>    text-align: left;<br \/>    font-weight: 600;<br \/>}<\/p>\n<p>td {<br \/>    padding: 12px;<br \/>    border-bottom: 1px solid #ecf0f1;<br \/>}<\/p>\n<p>tr:nth-child(even) {<br \/>    background: #f8f9fa;<br \/>}<\/p>\n<p>.consejos-seguridad {<br \/>    background: #fff3cd;<br \/>    padding: 15px;<br \/>    border-radius: 8px;<br \/>    border: 1px solid #ffeaa7;<br \/>}<\/p>\n<p>.consejo-grupo {<br \/>    margin: 15px 0;<br \/>}<\/p>\n<p>.consejo-grupo h5 {<br \/>    color: #e67e22;<br \/>    margin: 0 0 8px 0;<br \/>}<\/p>\n<p>.consejo-grupo ul {<br \/>    margin: 0;<br \/>    padding-left: 20px;<br \/>}<\/p>\n<p>.conclusion {<br \/>    background: #d1ecf1;<br \/>    padding: 15px;<br \/>    border-radius: 8px;<br \/>    border-left: 4px solid #17a2b8;<br \/>    margin-top: 20px;<br \/>}<\/p>\n<p>\/* Responsive *\/<br \/>@media (max-width: 768px) {<br \/>    .prioridad-via-widget {<br \/>        padding: 15px;<br \/>        margin: 10px 0;<br \/>    }<\/p>\n<p>    table {<br \/>        font-size: 14px;<br \/>    }<\/p>\n<p>    th, td {<br \/>        padding: 8px 10px;<br \/>    }<br \/>}<br \/><\/style><\/p>\t\t\t\t\t\t\t\t<\/div>\n\t\t\t\t<\/div>\n\t\t\t\t<div class=\"elementor-element elementor-element-1eb1f4c elementor-widget elementor-widget-text-editor\" data-id=\"1eb1f4c\" data-element_type=\"widget\" data-widget_type=\"text-editor.default\">\n\t\t\t\t<div class=\"elementor-widget-container\">\n\t\t\t\t\t\t\t\t\t<p>La regla general y de cortes\u00eda es que tiene prioridad el veh\u00edculo que sube, pero esta regla est\u00e1 sujeta a la se\u00f1alizaci\u00f3n, el tipo de v\u00eda y, sobre todo, al sentido com\u00fan y la seguridad vial. Cuando haya duda, siempre es mejor ceder el paso para evitar un accidente.<\/p>\t\t\t\t\t\t\t\t<\/div>\n\t\t\t\t<\/div>\n\t\t\t\t\t<\/div>\n\t\t<\/div>\n\t\t\t\t\t<\/div>\n\t\t<\/section>\n\t\t\t\t<\/div>\n\t\t","protected":false},"excerpt":{"rendered":"<p>\ud83d\ude97 Prioridad de V\u00eda en Colombia \u00bfQui\u00e9n tiene preferencia: el que sube o el que baja? \u00a1Excelente pregunta! Es un [&hellip;]<\/p>\n","protected":false},"author":2,"featured_media":0,"comment_status":"open","ping_status":"open","sticky":false,"template":"elementor_theme","format":"standard","meta":{"site-sidebar-layout":"default","site-content-layout":"","ast-site-content-layout":"default","site-content-style":"default","site-sidebar-style":"default","ast-global-header-display":"","ast-banner-title-visibility":"","ast-main-header-display":"","ast-hfb-above-header-display":"","ast-hfb-below-header-display":"","ast-hfb-mobile-header-display":"","site-post-title":"","ast-breadcrumbs-content":"","ast-featured-img":"","footer-sml-layout":"","theme-transparent-header-meta":"","adv-header-id-meta":"","stick-header-meta":"","header-above-stick-meta":"","header-main-stick-meta":"","header-below-stick-meta":"","astra-migrate-meta-layouts":"set","ast-page-background-enabled":"default","ast-page-background-meta":{"desktop":{"background-color":"var(--ast-global-color-4)","background-image":"","background-repeat":"repeat","background-position":"center center","background-size":"auto","background-attachment":"scroll","background-type":"","background-media":"","overlay-type":"","overlay-color":"","overlay-opacity":"","overlay-gradient":""},"tablet":{"background-color":"","background-image":"","background-repeat":"repeat","background-position":"center center","background-size":"auto","background-attachment":"scroll","background-type":"","background-media":"","overlay-type":"","overlay-color":"","overlay-opacity":"","overlay-gradient":""},"mobile":{"background-color":"","background-image":"","background-repeat":"repeat","background-position":"center center","background-size":"auto","background-attachment":"scroll","background-type":"","background-media":"","overlay-type":"","overlay-color":"","overlay-opacity":"","overlay-gradient":""}},"ast-content-background-meta":{"desktop":{"background-color":"var(--ast-global-color-5)","background-image":"","background-repeat":"repeat","background-position":"center center","background-size":"auto","background-attachment":"scroll","background-type":"","background-media":"","overlay-type":"","overlay-color":"","overlay-opacity":"","overlay-gradient":""},"tablet":{"background-color":"var(--ast-global-color-5)","background-image":"","background-repeat":"repeat","background-position":"center center","background-size":"auto","background-attachment":"scroll","background-type":"","background-media":"","overlay-type":"","overlay-color":"","overlay-opacity":"","overlay-gradient":""},"mobile":{"background-color":"var(--ast-global-color-5)","background-image":"","background-repeat":"repeat","background-position":"center center","background-size":"auto","background-attachment":"scroll","background-type":"","background-media":"","overlay-type":"","overlay-color":"","overlay-opacity":"","overlay-gradient":""}},"footnotes":""},"categories":[1],"tags":[],"class_list":["post-15697","post","type-post","status-publish","format-standard","hentry","category-uncategorized"],"yoast_head":"<!-- This site is optimized with the Yoast SEO plugin v26.4 - https:\/\/yoast.com\/wordpress\/plugins\/seo\/ -->\n<title>Prioridad de V\u00eda en Colombia: \u00bfQui\u00e9n Sube o Baja? - Gu\u00eda R\u00e1pida - Conducir Colombia<\/title>\n<meta name=\"robots\" content=\"index, follow, max-snippet:-1, max-image-preview:large, max-video-preview:-1\" \/>\n<link rel=\"canonical\" href=\"https:\/\/conducircolombia.com\/cea\/prioridad-de-via-en-colombia-quien-sube-o-baja-guia-rapida\/\" \/>\n<meta property=\"og:locale\" content=\"es_ES\" \/>\n<meta property=\"og:type\" content=\"article\" \/>\n<meta property=\"og:title\" content=\"Prioridad de V\u00eda en Colombia: \u00bfQui\u00e9n Sube o Baja? - Gu\u00eda R\u00e1pida - Conducir Colombia\" \/>\n<meta property=\"og:description\" content=\"\ud83d\ude97 Prioridad de V\u00eda en Colombia \u00bfQui\u00e9n tiene preferencia: el que sube o el que baja? \u00a1Excelente pregunta! Es un [&hellip;]\" \/>\n<meta property=\"og:url\" content=\"https:\/\/conducircolombia.com\/cea\/prioridad-de-via-en-colombia-quien-sube-o-baja-guia-rapida\/\" \/>\n<meta property=\"og:site_name\" content=\"Conducir Colombia\" \/>\n<meta property=\"article:publisher\" content=\"https:\/\/www.facebook.com\/ConducirColombiaBogota\" \/>\n<meta property=\"article:published_time\" content=\"2025-11-28T16:41:28+00:00\" \/>\n<meta property=\"article:modified_time\" content=\"2025-11-28T19:58:13+00:00\" \/>\n<meta property=\"og:image\" content=\"https:\/\/conducircolombia.com\/imagenes\/sube%201.webp\" \/>\n<meta name=\"author\" content=\"memo fichas\" \/>\n<meta name=\"twitter:card\" content=\"summary_large_image\" \/>\n<meta name=\"twitter:label1\" content=\"Escrito por\" \/>\n\t<meta name=\"twitter:data1\" content=\"memo fichas\" \/>\n\t<meta name=\"twitter:label2\" content=\"Tiempo de lectura\" \/>\n\t<meta name=\"twitter:data2\" content=\"3 minutos\" \/>\n<script type=\"application\/ld+json\" class=\"yoast-schema-graph\">{\"@context\":\"https:\/\/schema.org\",\"@graph\":[{\"@type\":\"Article\",\"@id\":\"https:\/\/conducircolombia.com\/cea\/prioridad-de-via-en-colombia-quien-sube-o-baja-guia-rapida\/#article\",\"isPartOf\":{\"@id\":\"https:\/\/conducircolombia.com\/cea\/prioridad-de-via-en-colombia-quien-sube-o-baja-guia-rapida\/\"},\"author\":{\"name\":\"memo fichas\",\"@id\":\"https:\/\/conducircolombia.com\/cea\/#\/schema\/person\/39f266f3357066ea02c614168ee5b0d2\"},\"headline\":\"Prioridad de V\u00eda en Colombia: \u00bfQui\u00e9n Sube o Baja? &#8211; Gu\u00eda R\u00e1pida\",\"datePublished\":\"2025-11-28T16:41:28+00:00\",\"dateModified\":\"2025-11-28T19:58:13+00:00\",\"mainEntityOfPage\":{\"@id\":\"https:\/\/conducircolombia.com\/cea\/prioridad-de-via-en-colombia-quien-sube-o-baja-guia-rapida\/\"},\"wordCount\":496,\"commentCount\":0,\"publisher\":{\"@id\":\"https:\/\/conducircolombia.com\/cea\/#organization\"},\"image\":{\"@id\":\"https:\/\/conducircolombia.com\/cea\/prioridad-de-via-en-colombia-quien-sube-o-baja-guia-rapida\/#primaryimage\"},\"thumbnailUrl\":\"https:\/\/conducircolombia.com\/imagenes\/sube%201.webp\",\"articleSection\":[\"Uncategorized\"],\"inLanguage\":\"es\",\"potentialAction\":[{\"@type\":\"CommentAction\",\"name\":\"Comment\",\"target\":[\"https:\/\/conducircolombia.com\/cea\/prioridad-de-via-en-colombia-quien-sube-o-baja-guia-rapida\/#respond\"]}]},{\"@type\":\"WebPage\",\"@id\":\"https:\/\/conducircolombia.com\/cea\/prioridad-de-via-en-colombia-quien-sube-o-baja-guia-rapida\/\",\"url\":\"https:\/\/conducircolombia.com\/cea\/prioridad-de-via-en-colombia-quien-sube-o-baja-guia-rapida\/\",\"name\":\"Prioridad de V\u00eda en Colombia: \u00bfQui\u00e9n Sube o Baja? - Gu\u00eda R\u00e1pida - Conducir Colombia\",\"isPartOf\":{\"@id\":\"https:\/\/conducircolombia.com\/cea\/#website\"},\"primaryImageOfPage\":{\"@id\":\"https:\/\/conducircolombia.com\/cea\/prioridad-de-via-en-colombia-quien-sube-o-baja-guia-rapida\/#primaryimage\"},\"image\":{\"@id\":\"https:\/\/conducircolombia.com\/cea\/prioridad-de-via-en-colombia-quien-sube-o-baja-guia-rapida\/#primaryimage\"},\"thumbnailUrl\":\"https:\/\/conducircolombia.com\/imagenes\/sube%201.webp\",\"datePublished\":\"2025-11-28T16:41:28+00:00\",\"dateModified\":\"2025-11-28T19:58:13+00:00\",\"breadcrumb\":{\"@id\":\"https:\/\/conducircolombia.com\/cea\/prioridad-de-via-en-colombia-quien-sube-o-baja-guia-rapida\/#breadcrumb\"},\"inLanguage\":\"es\",\"potentialAction\":[{\"@type\":\"ReadAction\",\"target\":[\"https:\/\/conducircolombia.com\/cea\/prioridad-de-via-en-colombia-quien-sube-o-baja-guia-rapida\/\"]}]},{\"@type\":\"ImageObject\",\"inLanguage\":\"es\",\"@id\":\"https:\/\/conducircolombia.com\/cea\/prioridad-de-via-en-colombia-quien-sube-o-baja-guia-rapida\/#primaryimage\",\"url\":\"https:\/\/conducircolombia.com\/imagenes\/sube%201.webp\",\"contentUrl\":\"https:\/\/conducircolombia.com\/imagenes\/sube%201.webp\"},{\"@type\":\"BreadcrumbList\",\"@id\":\"https:\/\/conducircolombia.com\/cea\/prioridad-de-via-en-colombia-quien-sube-o-baja-guia-rapida\/#breadcrumb\",\"itemListElement\":[{\"@type\":\"ListItem\",\"position\":1,\"name\":\"Portada\",\"item\":\"https:\/\/conducircolombia.com\/cea\/\"},{\"@type\":\"ListItem\",\"position\":2,\"name\":\"Prioridad de V\u00eda en Colombia: \u00bfQui\u00e9n Sube o Baja? &#8211; Gu\u00eda R\u00e1pida\"}]},{\"@type\":\"WebSite\",\"@id\":\"https:\/\/conducircolombia.com\/cea\/#website\",\"url\":\"https:\/\/conducircolombia.com\/cea\/\",\"name\":\"Conducir Colombia\",\"description\":\"Academia de Conducci\u00f3n\",\"publisher\":{\"@id\":\"https:\/\/conducircolombia.com\/cea\/#organization\"},\"potentialAction\":[{\"@type\":\"SearchAction\",\"target\":{\"@type\":\"EntryPoint\",\"urlTemplate\":\"https:\/\/conducircolombia.com\/cea\/?s={search_term_string}\"},\"query-input\":{\"@type\":\"PropertyValueSpecification\",\"valueRequired\":true,\"valueName\":\"search_term_string\"}}],\"inLanguage\":\"es\"},{\"@type\":\"Organization\",\"@id\":\"https:\/\/conducircolombia.com\/cea\/#organization\",\"name\":\"Conducir Colombia\",\"alternateName\":\"Conducir Colombia\",\"url\":\"https:\/\/conducircolombia.com\/cea\/\",\"logo\":{\"@type\":\"ImageObject\",\"inLanguage\":\"es\",\"@id\":\"https:\/\/conducircolombia.com\/cea\/#\/schema\/logo\/image\/\",\"url\":\"https:\/\/conducircolombia.com\/cea\/wp-content\/uploads\/2025\/02\/logowp.jpg\",\"contentUrl\":\"https:\/\/conducircolombia.com\/cea\/wp-content\/uploads\/2025\/02\/logowp.jpg\",\"width\":300,\"height\":299,\"caption\":\"Conducir Colombia\"},\"image\":{\"@id\":\"https:\/\/conducircolombia.com\/cea\/#\/schema\/logo\/image\/\"},\"sameAs\":[\"https:\/\/www.facebook.com\/ConducirColombiaBogota\"]},{\"@type\":\"Person\",\"@id\":\"https:\/\/conducircolombia.com\/cea\/#\/schema\/person\/39f266f3357066ea02c614168ee5b0d2\",\"name\":\"memo fichas\",\"image\":{\"@type\":\"ImageObject\",\"inLanguage\":\"es\",\"@id\":\"https:\/\/conducircolombia.com\/cea\/#\/schema\/person\/image\/\",\"url\":\"https:\/\/secure.gravatar.com\/avatar\/e1b894dfed71a479efeaf73bfb32c5e92c855e56311b32924ca240a9bcec68b2?s=96&d=mm&r=g\",\"contentUrl\":\"https:\/\/secure.gravatar.com\/avatar\/e1b894dfed71a479efeaf73bfb32c5e92c855e56311b32924ca240a9bcec68b2?s=96&d=mm&r=g\",\"caption\":\"memo fichas\"},\"url\":\"https:\/\/conducircolombia.com\/cea\/author\/conducir1\/\"}]}<\/script>\n<!-- \/ Yoast SEO plugin. -->","yoast_head_json":{"title":"Prioridad de V\u00eda en Colombia: \u00bfQui\u00e9n Sube o Baja? - Gu\u00eda R\u00e1pida - Conducir Colombia","robots":{"index":"index","follow":"follow","max-snippet":"max-snippet:-1","max-image-preview":"max-image-preview:large","max-video-preview":"max-video-preview:-1"},"canonical":"https:\/\/conducircolombia.com\/cea\/prioridad-de-via-en-colombia-quien-sube-o-baja-guia-rapida\/","og_locale":"es_ES","og_type":"article","og_title":"Prioridad de V\u00eda en Colombia: \u00bfQui\u00e9n Sube o Baja? - Gu\u00eda R\u00e1pida - Conducir Colombia","og_description":"\ud83d\ude97 Prioridad de V\u00eda en Colombia \u00bfQui\u00e9n tiene preferencia: el que sube o el que baja? \u00a1Excelente pregunta! Es un [&hellip;]","og_url":"https:\/\/conducircolombia.com\/cea\/prioridad-de-via-en-colombia-quien-sube-o-baja-guia-rapida\/","og_site_name":"Conducir Colombia","article_publisher":"https:\/\/www.facebook.com\/ConducirColombiaBogota","article_published_time":"2025-11-28T16:41:28+00:00","article_modified_time":"2025-11-28T19:58:13+00:00","og_image":[{"url":"https:\/\/conducircolombia.com\/imagenes\/sube%201.webp","type":"","width":"","height":""}],"author":"memo fichas","twitter_card":"summary_large_image","twitter_misc":{"Escrito por":"memo fichas","Tiempo de lectura":"3 minutos"},"schema":{"@context":"https:\/\/schema.org","@graph":[{"@type":"Article","@id":"https:\/\/conducircolombia.com\/cea\/prioridad-de-via-en-colombia-quien-sube-o-baja-guia-rapida\/#article","isPartOf":{"@id":"https:\/\/conducircolombia.com\/cea\/prioridad-de-via-en-colombia-quien-sube-o-baja-guia-rapida\/"},"author":{"name":"memo fichas","@id":"https:\/\/conducircolombia.com\/cea\/#\/schema\/person\/39f266f3357066ea02c614168ee5b0d2"},"headline":"Prioridad de V\u00eda en Colombia: \u00bfQui\u00e9n Sube o Baja? &#8211; Gu\u00eda R\u00e1pida","datePublished":"2025-11-28T16:41:28+00:00","dateModified":"2025-11-28T19:58:13+00:00","mainEntityOfPage":{"@id":"https:\/\/conducircolombia.com\/cea\/prioridad-de-via-en-colombia-quien-sube-o-baja-guia-rapida\/"},"wordCount":496,"commentCount":0,"publisher":{"@id":"https:\/\/conducircolombia.com\/cea\/#organization"},"image":{"@id":"https:\/\/conducircolombia.com\/cea\/prioridad-de-via-en-colombia-quien-sube-o-baja-guia-rapida\/#primaryimage"},"thumbnailUrl":"https:\/\/conducircolombia.com\/imagenes\/sube%201.webp","articleSection":["Uncategorized"],"inLanguage":"es","potentialAction":[{"@type":"CommentAction","name":"Comment","target":["https:\/\/conducircolombia.com\/cea\/prioridad-de-via-en-colombia-quien-sube-o-baja-guia-rapida\/#respond"]}]},{"@type":"WebPage","@id":"https:\/\/conducircolombia.com\/cea\/prioridad-de-via-en-colombia-quien-sube-o-baja-guia-rapida\/","url":"https:\/\/conducircolombia.com\/cea\/prioridad-de-via-en-colombia-quien-sube-o-baja-guia-rapida\/","name":"Prioridad de V\u00eda en Colombia: \u00bfQui\u00e9n Sube o Baja? - Gu\u00eda R\u00e1pida - Conducir Colombia","isPartOf":{"@id":"https:\/\/conducircolombia.com\/cea\/#website"},"primaryImageOfPage":{"@id":"https:\/\/conducircolombia.com\/cea\/prioridad-de-via-en-colombia-quien-sube-o-baja-guia-rapida\/#primaryimage"},"image":{"@id":"https:\/\/conducircolombia.com\/cea\/prioridad-de-via-en-colombia-quien-sube-o-baja-guia-rapida\/#primaryimage"},"thumbnailUrl":"https:\/\/conducircolombia.com\/imagenes\/sube%201.webp","datePublished":"2025-11-28T16:41:28+00:00","dateModified":"2025-11-28T19:58:13+00:00","breadcrumb":{"@id":"https:\/\/conducircolombia.com\/cea\/prioridad-de-via-en-colombia-quien-sube-o-baja-guia-rapida\/#breadcrumb"},"inLanguage":"es","potentialAction":[{"@type":"ReadAction","target":["https:\/\/conducircolombia.com\/cea\/prioridad-de-via-en-colombia-quien-sube-o-baja-guia-rapida\/"]}]},{"@type":"ImageObject","inLanguage":"es","@id":"https:\/\/conducircolombia.com\/cea\/prioridad-de-via-en-colombia-quien-sube-o-baja-guia-rapida\/#primaryimage","url":"https:\/\/conducircolombia.com\/imagenes\/sube%201.webp","contentUrl":"https:\/\/conducircolombia.com\/imagenes\/sube%201.webp"},{"@type":"BreadcrumbList","@id":"https:\/\/conducircolombia.com\/cea\/prioridad-de-via-en-colombia-quien-sube-o-baja-guia-rapida\/#breadcrumb","itemListElement":[{"@type":"ListItem","position":1,"name":"Portada","item":"https:\/\/conducircolombia.com\/cea\/"},{"@type":"ListItem","position":2,"name":"Prioridad de V\u00eda en Colombia: \u00bfQui\u00e9n Sube o Baja? &#8211; Gu\u00eda R\u00e1pida"}]},{"@type":"WebSite","@id":"https:\/\/conducircolombia.com\/cea\/#website","url":"https:\/\/conducircolombia.com\/cea\/","name":"Conducir Colombia","description":"Academia de Conducci\u00f3n","publisher":{"@id":"https:\/\/conducircolombia.com\/cea\/#organization"},"potentialAction":[{"@type":"SearchAction","target":{"@type":"EntryPoint","urlTemplate":"https:\/\/conducircolombia.com\/cea\/?s={search_term_string}"},"query-input":{"@type":"PropertyValueSpecification","valueRequired":true,"valueName":"search_term_string"}}],"inLanguage":"es"},{"@type":"Organization","@id":"https:\/\/conducircolombia.com\/cea\/#organization","name":"Conducir Colombia","alternateName":"Conducir Colombia","url":"https:\/\/conducircolombia.com\/cea\/","logo":{"@type":"ImageObject","inLanguage":"es","@id":"https:\/\/conducircolombia.com\/cea\/#\/schema\/logo\/image\/","url":"https:\/\/conducircolombia.com\/cea\/wp-content\/uploads\/2025\/02\/logowp.jpg","contentUrl":"https:\/\/conducircolombia.com\/cea\/wp-content\/uploads\/2025\/02\/logowp.jpg","width":300,"height":299,"caption":"Conducir Colombia"},"image":{"@id":"https:\/\/conducircolombia.com\/cea\/#\/schema\/logo\/image\/"},"sameAs":["https:\/\/www.facebook.com\/ConducirColombiaBogota"]},{"@type":"Person","@id":"https:\/\/conducircolombia.com\/cea\/#\/schema\/person\/39f266f3357066ea02c614168ee5b0d2","name":"memo fichas","image":{"@type":"ImageObject","inLanguage":"es","@id":"https:\/\/conducircolombia.com\/cea\/#\/schema\/person\/image\/","url":"https:\/\/secure.gravatar.com\/avatar\/e1b894dfed71a479efeaf73bfb32c5e92c855e56311b32924ca240a9bcec68b2?s=96&d=mm&r=g","contentUrl":"https:\/\/secure.gravatar.com\/avatar\/e1b894dfed71a479efeaf73bfb32c5e92c855e56311b32924ca240a9bcec68b2?s=96&d=mm&r=g","caption":"memo fichas"},"url":"https:\/\/conducircolombia.com\/cea\/author\/conducir1\/"}]}},"_links":{"self":[{"href":"https:\/\/conducircolombia.com\/cea\/wp-json\/wp\/v2\/posts\/15697","targetHints":{"allow":["GET"]}}],"collection":[{"href":"https:\/\/conducircolombia.com\/cea\/wp-json\/wp\/v2\/posts"}],"about":[{"href":"https:\/\/conducircolombia.com\/cea\/wp-json\/wp\/v2\/types\/post"}],"author":[{"embeddable":true,"href":"https:\/\/conducircolombia.com\/cea\/wp-json\/wp\/v2\/users\/2"}],"replies":[{"embeddable":true,"href":"https:\/\/conducircolombia.com\/cea\/wp-json\/wp\/v2\/comments?post=15697"}],"version-history":[{"count":19,"href":"https:\/\/conducircolombia.com\/cea\/wp-json\/wp\/v2\/posts\/15697\/revisions"}],"predecessor-version":[{"id":15717,"href":"https:\/\/conducircolombia.com\/cea\/wp-json\/wp\/v2\/posts\/15697\/revisions\/15717"}],"wp:attachment":[{"href":"https:\/\/conducircolombia.com\/cea\/wp-json\/wp\/v2\/media?parent=15697"}],"wp:term":[{"taxonomy":"category","embeddable":true,"href":"https:\/\/conducircolombia.com\/cea\/wp-json\/wp\/v2\/categories?post=15697"},{"taxonomy":"post_tag","embeddable":true,"href":"https:\/\/conducircolombia.com\/cea\/wp-json\/wp\/v2\/tags?post=15697"}],"curies":[{"name":"wp","href":"https:\/\/api.w.org\/{rel}","templated":true}]}}