{"id":2981,"date":"2023-01-23T11:48:47","date_gmt":"2023-01-23T16:48:47","guid":{"rendered":"https:\/\/conducircolombia.com\/cea\/?p=2981"},"modified":"2023-06-07T09:19:45","modified_gmt":"2023-06-07T14:19:45","slug":"circular-93-2016","status":"publish","type":"post","link":"https:\/\/conducircolombia.com\/cea\/circular-93-2016\/","title":{"rendered":"Circular 93 2016"},"content":{"rendered":"\t\t<div data-elementor-type=\"wp-post\" data-elementor-id=\"2981\" class=\"elementor elementor-2981\">\n\t\t\t\t\t\t<section class=\"elementor-section elementor-top-section elementor-element elementor-element-b270dd3 elementor-section-boxed elementor-section-height-default elementor-section-height-default\" data-id=\"b270dd3\" data-element_type=\"section\">\n\t\t\t\t\t\t<div class=\"elementor-container elementor-column-gap-default\">\n\t\t\t\t\t<div class=\"elementor-column elementor-col-100 elementor-top-column elementor-element elementor-element-235f402\" data-id=\"235f402\" data-element_type=\"column\">\n\t\t\t<div class=\"elementor-widget-wrap elementor-element-populated\">\n\t\t\t\t\t\t<div class=\"elementor-element elementor-element-a3d5ff3 elementor-widget elementor-widget-heading\" data-id=\"a3d5ff3\" data-element_type=\"widget\" data-widget_type=\"heading.default\">\n\t\t\t\t<div class=\"elementor-widget-container\">\n\t\t\t\t\t<h1 class=\"elementor-heading-title elementor-size-default\">\nCircular 93 de 2016 | Centros de Ense\u00f1anza Automovil\u00edstica<\/h1>\t\t\t\t<\/div>\n\t\t\t\t<\/div>\n\t\t\t\t<div class=\"elementor-element elementor-element-28fe298 elementor-widget elementor-widget-heading\" data-id=\"28fe298\" data-element_type=\"widget\" data-widget_type=\"heading.default\">\n\t\t\t\t<div class=\"elementor-widget-container\">\n\t\t\t\t\t<h2 class=\"elementor-heading-title elementor-size-xl\">Circular 93 de 2016<\/h2>\t\t\t\t<\/div>\n\t\t\t\t<\/div>\n\t\t\t\t\t<\/div>\n\t\t<\/div>\n\t\t\t\t\t<\/div>\n\t\t<\/section>\n\t\t\t\t<section class=\"elementor-section elementor-top-section elementor-element elementor-element-65b924c elementor-section-boxed elementor-section-height-default elementor-section-height-default\" data-id=\"65b924c\" data-element_type=\"section\">\n\t\t\t\t\t\t<div class=\"elementor-container elementor-column-gap-default\">\n\t\t\t\t\t<div class=\"elementor-column elementor-col-100 elementor-top-column elementor-element elementor-element-ba457a9\" data-id=\"ba457a9\" data-element_type=\"column\">\n\t\t\t<div class=\"elementor-widget-wrap elementor-element-populated\">\n\t\t\t\t\t\t<div class=\"elementor-element elementor-element-cc89406 elementor-widget elementor-widget-heading\" data-id=\"cc89406\" data-element_type=\"widget\" data-widget_type=\"heading.default\">\n\t\t\t\t<div class=\"elementor-widget-container\">\n\t\t\t\t\t<h3 class=\"elementor-heading-title elementor-size-xl\">Resumen:<\/h3>\t\t\t\t<\/div>\n\t\t\t\t<\/div>\n\t\t\t\t<section class=\"elementor-section elementor-inner-section elementor-element elementor-element-d7b1dce elementor-section-boxed elementor-section-height-default elementor-section-height-default\" data-id=\"d7b1dce\" data-element_type=\"section\">\n\t\t\t\t\t\t<div class=\"elementor-container elementor-column-gap-default\">\n\t\t\t\t\t<div class=\"elementor-column elementor-col-50 elementor-inner-column elementor-element elementor-element-69d59c6\" data-id=\"69d59c6\" data-element_type=\"column\">\n\t\t\t<div class=\"elementor-widget-wrap elementor-element-populated\">\n\t\t\t\t\t\t<div class=\"elementor-element elementor-element-9e6744a elementor-widget elementor-widget-image\" data-id=\"9e6744a\" data-element_type=\"widget\" data-widget_type=\"image.default\">\n\t\t\t\t<div class=\"elementor-widget-container\">\n\t\t\t\t\t\t\t\t\t\t\t\t\t\t\t<img fetchpriority=\"high\" decoding=\"async\" width=\"300\" height=\"300\" src=\"https:\/\/conducircolombia.com\/cea\/wp-content\/uploads\/2023\/01\/balanzaley-e1675709145453-300x300.webp\" class=\"attachment-medium size-medium wp-image-1689\" alt=\"Circular 93\" srcset=\"https:\/\/conducircolombia.com\/cea\/wp-content\/uploads\/2023\/01\/balanzaley-e1675709145453-300x300.webp 300w, https:\/\/conducircolombia.com\/cea\/wp-content\/uploads\/2023\/01\/balanzaley-e1675709145453-150x150.webp 150w, https:\/\/conducircolombia.com\/cea\/wp-content\/uploads\/2023\/01\/balanzaley-e1675709145453.webp 400w\" sizes=\"(max-width: 300px) 100vw, 300px\" \/>\t\t\t\t\t\t\t\t\t\t\t\t\t\t\t<\/div>\n\t\t\t\t<\/div>\n\t\t\t\t\t<\/div>\n\t\t<\/div>\n\t\t\t\t<div class=\"elementor-column elementor-col-50 elementor-inner-column elementor-element elementor-element-aaaf10c\" data-id=\"aaaf10c\" data-element_type=\"column\">\n\t\t\t<div class=\"elementor-widget-wrap elementor-element-populated\">\n\t\t\t\t\t\t<div class=\"elementor-element elementor-element-0ee5b96 elementor-widget elementor-widget-text-editor\" data-id=\"0ee5b96\" data-element_type=\"widget\" data-widget_type=\"text-editor.default\">\n\t\t\t\t<div class=\"elementor-widget-container\">\n\t\t\t\t\t\t\t\t\t<ol start=\"2\"><li>Instrucciones:<\/li><\/ol><p>2.1. Para las Direcciones Territoriales:<\/p><p>A partir de la fecha las Direcciones Territoriales s\u00f3lo podr\u00e1n expedir las tarjetas de servicio a<\/p><p>los veh\u00edculos validando lo dispuesto en el art\u00edculo cuarto y el s\u00e9ptimo de la Resoluci\u00f3n 3245 de<\/p><p>2009 y conforme con las siguientes reglas:<\/p><p>2.1.1. Verificar que el veh\u00edculo es propiedad del mismo propietario del CEA (Sea \u00e9ste Persona<\/p><p>Natural o Jur\u00eddica),<\/p><p>2.12, Tambi\u00e9n podr\u00e1n expedir las tarjetas de servicio a los veh\u00edculos que se encuentren en<\/p><p>Arrendamiento \u00a0financiero o Leasing donde el locatario sea el propietario del CEA (Sea \u00e9ste<\/p><p>Persona Natural o Jur\u00eddica),<\/p><p>2.13. Cuando una persona jur\u00eddica es propietaria del CEA, las tarjetas de servicio no podr\u00e1n ser expedidas si el veh\u00edculo es propiedad de los socios.<\/p><p>2:14. En el caso de las sociedades de hecho propietarias de CEA&#8217;s, solamente podr\u00e1n expedirse tarjetas de servicio a los veh\u00edculos que sean de propiedad de los socios que conforman \u00a0la sociedad de hecho,<\/p><p>2:15, Se recuerda que la vigencia de las tarjetas de servicio depender\u00e1 del modelo del veh\u00edculo, garantizando que se cumpla lo establecido en el art\u00edculo 4 de la resoluci\u00f3n 3245 de<\/p><ol start=\"2008\"><li>Cumpliendo el a\u00f1o modelo, no pueden continuar impartiendo capacitaci\u00f3n ni cargando horas en el sistema RUNT con dichos veh\u00edculos, para tal efecto el RUNT debe implementar los controles necesarios.<\/li><\/ol><p>Los Directores Territoriales deber\u00e1n revisar que los veh\u00edculos vinculados a los Centros de<\/p><p>Ense\u00f1anza Automovil\u00edstica cumplan con las reglas anteriormente se\u00f1aladas. En caso contrario dentro \u00a0\u00a0del mes siguiente a la expedici\u00f3n de la presente circular deber\u00e1n realizar los requerimientos, otorgando un plazo perentorio de 15 d\u00edas h\u00e1biles para realizar los ajustes a que haya lugar. Vencido el plazo deber\u00e1n ser remitidos a la Superintendencia de transporte, para, respectivas investigaciones.<\/p>\t\t\t\t\t\t\t\t<\/div>\n\t\t\t\t<\/div>\n\t\t\t\t\t<\/div>\n\t\t<\/div>\n\t\t\t\t\t<\/div>\n\t\t<\/section>\n\t\t\t\t\t<\/div>\n\t\t<\/div>\n\t\t\t\t\t<\/div>\n\t\t<\/section>\n\t\t\t\t<section class=\"elementor-section elementor-top-section elementor-element elementor-element-c44823f elementor-section-boxed elementor-section-height-default elementor-section-height-default\" data-id=\"c44823f\" data-element_type=\"section\">\n\t\t\t\t\t\t<div class=\"elementor-container elementor-column-gap-default\">\n\t\t\t\t\t<div class=\"elementor-column elementor-col-100 elementor-top-column elementor-element elementor-element-9363c68\" data-id=\"9363c68\" data-element_type=\"column\">\n\t\t\t<div class=\"elementor-widget-wrap elementor-element-populated\">\n\t\t\t\t\t\t<section class=\"elementor-section elementor-inner-section elementor-element elementor-element-85afa87 elementor-section-boxed elementor-section-height-default elementor-section-height-default\" data-id=\"85afa87\" data-element_type=\"section\">\n\t\t\t\t\t\t<div class=\"elementor-container elementor-column-gap-default\">\n\t\t\t\t\t<div class=\"elementor-column elementor-col-100 elementor-inner-column elementor-element elementor-element-45550fd\" data-id=\"45550fd\" data-element_type=\"column\">\n\t\t\t<div class=\"elementor-widget-wrap elementor-element-populated\">\n\t\t\t\t\t\t<div class=\"elementor-element elementor-element-f5374ef elementor-widget elementor-widget-heading\" data-id=\"f5374ef\" data-element_type=\"widget\" data-widget_type=\"heading.default\">\n\t\t\t\t<div class=\"elementor-widget-container\">\n\t\t\t\t\t<h2 class=\"elementor-heading-title elementor-size-large\">Texto de la circular 93<\/h2>\t\t\t\t<\/div>\n\t\t\t\t<\/div>\n\t\t\t\t<div class=\"elementor-element elementor-element-ff39dbf elementor-widget elementor-widget-image\" data-id=\"ff39dbf\" data-element_type=\"widget\" data-widget_type=\"image.default\">\n\t\t\t\t<div class=\"elementor-widget-container\">\n\t\t\t\t\t\t\t\t\t\t\t\t\t\t\t<img decoding=\"async\" width=\"620\" height=\"1024\" src=\"https:\/\/conducircolombia.com\/cea\/wp-content\/uploads\/2023\/01\/circular-93-de-20161024_1.webp\" class=\"attachment-large size-large wp-image-2989\" alt=\"\" srcset=\"https:\/\/conducircolombia.com\/cea\/wp-content\/uploads\/2023\/01\/circular-93-de-20161024_1.webp 620w, https:\/\/conducircolombia.com\/cea\/wp-content\/uploads\/2023\/01\/circular-93-de-20161024_1-182x300.webp 182w\" sizes=\"(max-width: 620px) 100vw, 620px\" \/>\t\t\t\t\t\t\t\t\t\t\t\t\t\t\t<\/div>\n\t\t\t\t<\/div>\n\t\t\t\t\t<\/div>\n\t\t<\/div>\n\t\t\t\t\t<\/div>\n\t\t<\/section>\n\t\t\t\t<div class=\"elementor-element elementor-element-b75c1d3 elementor-widget elementor-widget-image\" data-id=\"b75c1d3\" data-element_type=\"widget\" data-widget_type=\"image.default\">\n\t\t\t\t<div class=\"elementor-widget-container\">\n\t\t\t\t\t\t\t\t\t\t\t\t\t\t\t<img decoding=\"async\" width=\"620\" height=\"1024\" src=\"https:\/\/conducircolombia.com\/cea\/wp-content\/uploads\/2023\/01\/circular-93-de-20161024_2.webp\" class=\"attachment-large size-large wp-image-2990\" alt=\"\" srcset=\"https:\/\/conducircolombia.com\/cea\/wp-content\/uploads\/2023\/01\/circular-93-de-20161024_2.webp 620w, https:\/\/conducircolombia.com\/cea\/wp-content\/uploads\/2023\/01\/circular-93-de-20161024_2-182x300.webp 182w\" sizes=\"(max-width: 620px) 100vw, 620px\" \/>\t\t\t\t\t\t\t\t\t\t\t\t\t\t\t<\/div>\n\t\t\t\t<\/div>\n\t\t\t\t<div class=\"elementor-element elementor-element-356bd3d elementor-widget elementor-widget-image\" data-id=\"356bd3d\" data-element_type=\"widget\" data-widget_type=\"image.default\">\n\t\t\t\t<div class=\"elementor-widget-container\">\n\t\t\t\t\t\t\t\t\t\t\t\t\t\t\t<img loading=\"lazy\" decoding=\"async\" width=\"620\" height=\"1024\" src=\"https:\/\/conducircolombia.com\/cea\/wp-content\/uploads\/2023\/01\/circular-93-de-20161024_3.webp\" class=\"attachment-large size-large wp-image-2991\" alt=\"\" srcset=\"https:\/\/conducircolombia.com\/cea\/wp-content\/uploads\/2023\/01\/circular-93-de-20161024_3.webp 620w, https:\/\/conducircolombia.com\/cea\/wp-content\/uploads\/2023\/01\/circular-93-de-20161024_3-182x300.webp 182w\" sizes=\"(max-width: 620px) 100vw, 620px\" \/>\t\t\t\t\t\t\t\t\t\t\t\t\t\t\t<\/div>\n\t\t\t\t<\/div>\n\t\t\t\t\t<\/div>\n\t\t<\/div>\n\t\t\t\t\t<\/div>\n\t\t<\/section>\n\t\t\t\t<\/div>\n\t\t","protected":false},"excerpt":{"rendered":"<p>Circular 93 de 2016 | Centros de Ense\u00f1anza Automovil\u00edstica Circular 93 de 2016 Resumen: Instrucciones: 2.1. Para las Direcciones Territoriales: [&hellip;]<\/p>\n","protected":false},"author":1,"featured_media":0,"comment_status":"closed","ping_status":"closed","sticky":false,"template":"elementor_theme","format":"standard","meta":{"site-sidebar-layout":"default","site-content-layout":"","ast-site-content-layout":"","site-content-style":"default","site-sidebar-style":"default","ast-global-header-display":"","ast-banner-title-visibility":"","ast-main-header-display":"","ast-hfb-above-header-display":"","ast-hfb-below-header-display":"","ast-hfb-mobile-header-display":"","site-post-title":"","ast-breadcrumbs-content":"","ast-featured-img":"","footer-sml-layout":"","theme-transparent-header-meta":"","adv-header-id-meta":"","stick-header-meta":"","header-above-stick-meta":"","header-main-stick-meta":"","header-below-stick-meta":"","astra-migrate-meta-layouts":"default","ast-page-background-enabled":"default","ast-page-background-meta":{"desktop":{"background-color":"var(--ast-global-color-4)","background-image":"","background-repeat":"repeat","background-position":"center center","background-size":"auto","background-attachment":"scroll","background-type":"","background-media":"","overlay-type":"","overlay-color":"","overlay-opacity":"","overlay-gradient":""},"tablet":{"background-color":"","background-image":"","background-repeat":"repeat","background-position":"center center","background-size":"auto","background-attachment":"scroll","background-type":"","background-media":"","overlay-type":"","overlay-color":"","overlay-opacity":"","overlay-gradient":""},"mobile":{"background-color":"","background-image":"","background-repeat":"repeat","background-position":"center center","background-size":"auto","background-attachment":"scroll","background-type":"","background-media":"","overlay-type":"","overlay-color":"","overlay-opacity":"","overlay-gradient":""}},"ast-content-background-meta":{"desktop":{"background-color":"var(--ast-global-color-5)","background-image":"","background-repeat":"repeat","background-position":"center center","background-size":"auto","background-attachment":"scroll","background-type":"","background-media":"","overlay-type":"","overlay-color":"","overlay-opacity":"","overlay-gradient":""},"tablet":{"background-color":"var(--ast-global-color-5)","background-image":"","background-repeat":"repeat","background-position":"center center","background-size":"auto","background-attachment":"scroll","background-type":"","background-media":"","overlay-type":"","overlay-color":"","overlay-opacity":"","overlay-gradient":""},"mobile":{"background-color":"var(--ast-global-color-5)","background-image":"","background-repeat":"repeat","background-position":"center center","background-size":"auto","background-attachment":"scroll","background-type":"","background-media":"","overlay-type":"","overlay-color":"","overlay-opacity":"","overlay-gradient":""}},"footnotes":""},"categories":[10],"tags":[],"class_list":["post-2981","post","type-post","status-publish","format-standard","hentry","category-min-transporte"],"yoast_head":"<!-- This site is optimized with the Yoast SEO plugin v26.4 - https:\/\/yoast.com\/wordpress\/plugins\/seo\/ -->\n<title>Circular 93 de 2016 | Ministerio de Transporte<\/title>\n<meta name=\"description\" content=\"Circular 93 de 2016 | Ministerio de Transporte | Propiedad de los veh\u00edculos de los Centros de Ense\u00f1anza Automovil\u00edstica.\" \/>\n<meta name=\"robots\" content=\"index, follow, max-snippet:-1, max-image-preview:large, max-video-preview:-1\" \/>\n<link rel=\"canonical\" href=\"https:\/\/conducircolombia.com\/cea\/circular-93-2016\/\" \/>\n<meta property=\"og:locale\" content=\"es_ES\" \/>\n<meta property=\"og:type\" content=\"article\" \/>\n<meta property=\"og:title\" content=\"Circular 93 de 2016 | Ministerio de Transporte\" \/>\n<meta property=\"og:description\" content=\"Circular 93 de 2016 | Ministerio de Transporte | Propiedad de los veh\u00edculos de los Centros de Ense\u00f1anza Automovil\u00edstica.\" \/>\n<meta property=\"og:url\" content=\"https:\/\/conducircolombia.com\/cea\/circular-93-2016\/\" \/>\n<meta property=\"og:site_name\" content=\"Conducir Colombia\" \/>\n<meta property=\"article:publisher\" content=\"https:\/\/www.facebook.com\/ConducirColombiaBogota\" \/>\n<meta property=\"article:published_time\" content=\"2023-01-23T16:48:47+00:00\" \/>\n<meta property=\"article:modified_time\" content=\"2023-06-07T14:19:45+00:00\" \/>\n<meta property=\"og:image\" content=\"https:\/\/conducircolombia.com\/cea\/wp-content\/uploads\/2023\/01\/balanzaley-e1675709145453-300x300.webp\" \/>\n<meta name=\"author\" content=\"conducir\" \/>\n<meta name=\"twitter:card\" content=\"summary_large_image\" \/>\n<meta name=\"twitter:label1\" content=\"Escrito por\" \/>\n\t<meta name=\"twitter:data1\" content=\"conducir\" \/>\n\t<meta name=\"twitter:label2\" content=\"Tiempo de lectura\" \/>\n\t<meta name=\"twitter:data2\" content=\"3 minutos\" \/>\n<script type=\"application\/ld+json\" class=\"yoast-schema-graph\">{\"@context\":\"https:\/\/schema.org\",\"@graph\":[{\"@type\":\"Article\",\"@id\":\"https:\/\/conducircolombia.com\/cea\/circular-93-2016\/#article\",\"isPartOf\":{\"@id\":\"https:\/\/conducircolombia.com\/cea\/circular-93-2016\/\"},\"author\":{\"name\":\"conducir\",\"@id\":\"https:\/\/conducircolombia.com\/cea\/#\/schema\/person\/f46408961e009da1824aa2945feb7023\"},\"headline\":\"Circular 93 2016\",\"datePublished\":\"2023-01-23T16:48:47+00:00\",\"dateModified\":\"2023-06-07T14:19:45+00:00\",\"mainEntityOfPage\":{\"@id\":\"https:\/\/conducircolombia.com\/cea\/circular-93-2016\/\"},\"wordCount\":324,\"publisher\":{\"@id\":\"https:\/\/conducircolombia.com\/cea\/#organization\"},\"image\":{\"@id\":\"https:\/\/conducircolombia.com\/cea\/circular-93-2016\/#primaryimage\"},\"thumbnailUrl\":\"https:\/\/conducircolombia.com\/cea\/wp-content\/uploads\/2023\/01\/balanzaley-e1675709145453-300x300.webp\",\"articleSection\":[\"Min Transporte\"],\"inLanguage\":\"es\"},{\"@type\":\"WebPage\",\"@id\":\"https:\/\/conducircolombia.com\/cea\/circular-93-2016\/\",\"url\":\"https:\/\/conducircolombia.com\/cea\/circular-93-2016\/\",\"name\":\"Circular 93 de 2016 | Ministerio de Transporte\",\"isPartOf\":{\"@id\":\"https:\/\/conducircolombia.com\/cea\/#website\"},\"primaryImageOfPage\":{\"@id\":\"https:\/\/conducircolombia.com\/cea\/circular-93-2016\/#primaryimage\"},\"image\":{\"@id\":\"https:\/\/conducircolombia.com\/cea\/circular-93-2016\/#primaryimage\"},\"thumbnailUrl\":\"https:\/\/conducircolombia.com\/cea\/wp-content\/uploads\/2023\/01\/balanzaley-e1675709145453-300x300.webp\",\"datePublished\":\"2023-01-23T16:48:47+00:00\",\"dateModified\":\"2023-06-07T14:19:45+00:00\",\"description\":\"Circular 93 de 2016 | Ministerio de Transporte | Propiedad de los veh\u00edculos de los Centros de Ense\u00f1anza Automovil\u00edstica.\",\"breadcrumb\":{\"@id\":\"https:\/\/conducircolombia.com\/cea\/circular-93-2016\/#breadcrumb\"},\"inLanguage\":\"es\",\"potentialAction\":[{\"@type\":\"ReadAction\",\"target\":[\"https:\/\/conducircolombia.com\/cea\/circular-93-2016\/\"]}]},{\"@type\":\"ImageObject\",\"inLanguage\":\"es\",\"@id\":\"https:\/\/conducircolombia.com\/cea\/circular-93-2016\/#primaryimage\",\"url\":\"https:\/\/conducircolombia.com\/cea\/wp-content\/uploads\/2023\/01\/balanzaley-e1675709145453-300x300.webp\",\"contentUrl\":\"https:\/\/conducircolombia.com\/cea\/wp-content\/uploads\/2023\/01\/balanzaley-e1675709145453-300x300.webp\"},{\"@type\":\"BreadcrumbList\",\"@id\":\"https:\/\/conducircolombia.com\/cea\/circular-93-2016\/#breadcrumb\",\"itemListElement\":[{\"@type\":\"ListItem\",\"position\":1,\"name\":\"Portada\",\"item\":\"https:\/\/conducircolombia.com\/cea\/\"},{\"@type\":\"ListItem\",\"position\":2,\"name\":\"Circular 93 2016\"}]},{\"@type\":\"WebSite\",\"@id\":\"https:\/\/conducircolombia.com\/cea\/#website\",\"url\":\"https:\/\/conducircolombia.com\/cea\/\",\"name\":\"Conducir Colombia\",\"description\":\"Academia de Conducci\u00f3n\",\"publisher\":{\"@id\":\"https:\/\/conducircolombia.com\/cea\/#organization\"},\"potentialAction\":[{\"@type\":\"SearchAction\",\"target\":{\"@type\":\"EntryPoint\",\"urlTemplate\":\"https:\/\/conducircolombia.com\/cea\/?s={search_term_string}\"},\"query-input\":{\"@type\":\"PropertyValueSpecification\",\"valueRequired\":true,\"valueName\":\"search_term_string\"}}],\"inLanguage\":\"es\"},{\"@type\":\"Organization\",\"@id\":\"https:\/\/conducircolombia.com\/cea\/#organization\",\"name\":\"Conducir Colombia\",\"alternateName\":\"Conducir Colombia\",\"url\":\"https:\/\/conducircolombia.com\/cea\/\",\"logo\":{\"@type\":\"ImageObject\",\"inLanguage\":\"es\",\"@id\":\"https:\/\/conducircolombia.com\/cea\/#\/schema\/logo\/image\/\",\"url\":\"https:\/\/conducircolombia.com\/cea\/wp-content\/uploads\/2025\/02\/logowp.jpg\",\"contentUrl\":\"https:\/\/conducircolombia.com\/cea\/wp-content\/uploads\/2025\/02\/logowp.jpg\",\"width\":300,\"height\":299,\"caption\":\"Conducir Colombia\"},\"image\":{\"@id\":\"https:\/\/conducircolombia.com\/cea\/#\/schema\/logo\/image\/\"},\"sameAs\":[\"https:\/\/www.facebook.com\/ConducirColombiaBogota\"]},{\"@type\":\"Person\",\"@id\":\"https:\/\/conducircolombia.com\/cea\/#\/schema\/person\/f46408961e009da1824aa2945feb7023\",\"name\":\"conducir\",\"image\":{\"@type\":\"ImageObject\",\"inLanguage\":\"es\",\"@id\":\"https:\/\/conducircolombia.com\/cea\/#\/schema\/person\/image\/\",\"url\":\"https:\/\/secure.gravatar.com\/avatar\/9643ba75ec7766c1087fac13c7a122a44c2a2e077f5777fee06c709345c575cc?s=96&d=mm&r=g\",\"contentUrl\":\"https:\/\/secure.gravatar.com\/avatar\/9643ba75ec7766c1087fac13c7a122a44c2a2e077f5777fee06c709345c575cc?s=96&d=mm&r=g\",\"caption\":\"conducir\"},\"sameAs\":[\"https:\/\/conducircolombia.com\/cea\"],\"url\":\"https:\/\/conducircolombia.com\/cea\/author\/conducir\/\"}]}<\/script>\n<!-- \/ Yoast SEO plugin. -->","yoast_head_json":{"title":"Circular 93 de 2016 | Ministerio de Transporte","description":"Circular 93 de 2016 | Ministerio de Transporte | Propiedad de los veh\u00edculos de los Centros de Ense\u00f1anza Automovil\u00edstica.","robots":{"index":"index","follow":"follow","max-snippet":"max-snippet:-1","max-image-preview":"max-image-preview:large","max-video-preview":"max-video-preview:-1"},"canonical":"https:\/\/conducircolombia.com\/cea\/circular-93-2016\/","og_locale":"es_ES","og_type":"article","og_title":"Circular 93 de 2016 | Ministerio de Transporte","og_description":"Circular 93 de 2016 | Ministerio de Transporte | Propiedad de los veh\u00edculos de los Centros de Ense\u00f1anza Automovil\u00edstica.","og_url":"https:\/\/conducircolombia.com\/cea\/circular-93-2016\/","og_site_name":"Conducir Colombia","article_publisher":"https:\/\/www.facebook.com\/ConducirColombiaBogota","article_published_time":"2023-01-23T16:48:47+00:00","article_modified_time":"2023-06-07T14:19:45+00:00","og_image":[{"url":"https:\/\/conducircolombia.com\/cea\/wp-content\/uploads\/2023\/01\/balanzaley-e1675709145453-300x300.webp","type":"","width":"","height":""}],"author":"conducir","twitter_card":"summary_large_image","twitter_misc":{"Escrito por":"conducir","Tiempo de lectura":"3 minutos"},"schema":{"@context":"https:\/\/schema.org","@graph":[{"@type":"Article","@id":"https:\/\/conducircolombia.com\/cea\/circular-93-2016\/#article","isPartOf":{"@id":"https:\/\/conducircolombia.com\/cea\/circular-93-2016\/"},"author":{"name":"conducir","@id":"https:\/\/conducircolombia.com\/cea\/#\/schema\/person\/f46408961e009da1824aa2945feb7023"},"headline":"Circular 93 2016","datePublished":"2023-01-23T16:48:47+00:00","dateModified":"2023-06-07T14:19:45+00:00","mainEntityOfPage":{"@id":"https:\/\/conducircolombia.com\/cea\/circular-93-2016\/"},"wordCount":324,"publisher":{"@id":"https:\/\/conducircolombia.com\/cea\/#organization"},"image":{"@id":"https:\/\/conducircolombia.com\/cea\/circular-93-2016\/#primaryimage"},"thumbnailUrl":"https:\/\/conducircolombia.com\/cea\/wp-content\/uploads\/2023\/01\/balanzaley-e1675709145453-300x300.webp","articleSection":["Min Transporte"],"inLanguage":"es"},{"@type":"WebPage","@id":"https:\/\/conducircolombia.com\/cea\/circular-93-2016\/","url":"https:\/\/conducircolombia.com\/cea\/circular-93-2016\/","name":"Circular 93 de 2016 | Ministerio de Transporte","isPartOf":{"@id":"https:\/\/conducircolombia.com\/cea\/#website"},"primaryImageOfPage":{"@id":"https:\/\/conducircolombia.com\/cea\/circular-93-2016\/#primaryimage"},"image":{"@id":"https:\/\/conducircolombia.com\/cea\/circular-93-2016\/#primaryimage"},"thumbnailUrl":"https:\/\/conducircolombia.com\/cea\/wp-content\/uploads\/2023\/01\/balanzaley-e1675709145453-300x300.webp","datePublished":"2023-01-23T16:48:47+00:00","dateModified":"2023-06-07T14:19:45+00:00","description":"Circular 93 de 2016 | Ministerio de Transporte | Propiedad de los veh\u00edculos de los Centros de Ense\u00f1anza Automovil\u00edstica.","breadcrumb":{"@id":"https:\/\/conducircolombia.com\/cea\/circular-93-2016\/#breadcrumb"},"inLanguage":"es","potentialAction":[{"@type":"ReadAction","target":["https:\/\/conducircolombia.com\/cea\/circular-93-2016\/"]}]},{"@type":"ImageObject","inLanguage":"es","@id":"https:\/\/conducircolombia.com\/cea\/circular-93-2016\/#primaryimage","url":"https:\/\/conducircolombia.com\/cea\/wp-content\/uploads\/2023\/01\/balanzaley-e1675709145453-300x300.webp","contentUrl":"https:\/\/conducircolombia.com\/cea\/wp-content\/uploads\/2023\/01\/balanzaley-e1675709145453-300x300.webp"},{"@type":"BreadcrumbList","@id":"https:\/\/conducircolombia.com\/cea\/circular-93-2016\/#breadcrumb","itemListElement":[{"@type":"ListItem","position":1,"name":"Portada","item":"https:\/\/conducircolombia.com\/cea\/"},{"@type":"ListItem","position":2,"name":"Circular 93 2016"}]},{"@type":"WebSite","@id":"https:\/\/conducircolombia.com\/cea\/#website","url":"https:\/\/conducircolombia.com\/cea\/","name":"Conducir Colombia","description":"Academia de Conducci\u00f3n","publisher":{"@id":"https:\/\/conducircolombia.com\/cea\/#organization"},"potentialAction":[{"@type":"SearchAction","target":{"@type":"EntryPoint","urlTemplate":"https:\/\/conducircolombia.com\/cea\/?s={search_term_string}"},"query-input":{"@type":"PropertyValueSpecification","valueRequired":true,"valueName":"search_term_string"}}],"inLanguage":"es"},{"@type":"Organization","@id":"https:\/\/conducircolombia.com\/cea\/#organization","name":"Conducir Colombia","alternateName":"Conducir Colombia","url":"https:\/\/conducircolombia.com\/cea\/","logo":{"@type":"ImageObject","inLanguage":"es","@id":"https:\/\/conducircolombia.com\/cea\/#\/schema\/logo\/image\/","url":"https:\/\/conducircolombia.com\/cea\/wp-content\/uploads\/2025\/02\/logowp.jpg","contentUrl":"https:\/\/conducircolombia.com\/cea\/wp-content\/uploads\/2025\/02\/logowp.jpg","width":300,"height":299,"caption":"Conducir Colombia"},"image":{"@id":"https:\/\/conducircolombia.com\/cea\/#\/schema\/logo\/image\/"},"sameAs":["https:\/\/www.facebook.com\/ConducirColombiaBogota"]},{"@type":"Person","@id":"https:\/\/conducircolombia.com\/cea\/#\/schema\/person\/f46408961e009da1824aa2945feb7023","name":"conducir","image":{"@type":"ImageObject","inLanguage":"es","@id":"https:\/\/conducircolombia.com\/cea\/#\/schema\/person\/image\/","url":"https:\/\/secure.gravatar.com\/avatar\/9643ba75ec7766c1087fac13c7a122a44c2a2e077f5777fee06c709345c575cc?s=96&d=mm&r=g","contentUrl":"https:\/\/secure.gravatar.com\/avatar\/9643ba75ec7766c1087fac13c7a122a44c2a2e077f5777fee06c709345c575cc?s=96&d=mm&r=g","caption":"conducir"},"sameAs":["https:\/\/conducircolombia.com\/cea"],"url":"https:\/\/conducircolombia.com\/cea\/author\/conducir\/"}]}},"_links":{"self":[{"href":"https:\/\/conducircolombia.com\/cea\/wp-json\/wp\/v2\/posts\/2981","targetHints":{"allow":["GET"]}}],"collection":[{"href":"https:\/\/conducircolombia.com\/cea\/wp-json\/wp\/v2\/posts"}],"about":[{"href":"https:\/\/conducircolombia.com\/cea\/wp-json\/wp\/v2\/types\/post"}],"author":[{"embeddable":true,"href":"https:\/\/conducircolombia.com\/cea\/wp-json\/wp\/v2\/users\/1"}],"replies":[{"embeddable":true,"href":"https:\/\/conducircolombia.com\/cea\/wp-json\/wp\/v2\/comments?post=2981"}],"version-history":[{"count":34,"href":"https:\/\/conducircolombia.com\/cea\/wp-json\/wp\/v2\/posts\/2981\/revisions"}],"predecessor-version":[{"id":7996,"href":"https:\/\/conducircolombia.com\/cea\/wp-json\/wp\/v2\/posts\/2981\/revisions\/7996"}],"wp:attachment":[{"href":"https:\/\/conducircolombia.com\/cea\/wp-json\/wp\/v2\/media?parent=2981"}],"wp:term":[{"taxonomy":"category","embeddable":true,"href":"https:\/\/conducircolombia.com\/cea\/wp-json\/wp\/v2\/categories?post=2981"},{"taxonomy":"post_tag","embeddable":true,"href":"https:\/\/conducircolombia.com\/cea\/wp-json\/wp\/v2\/tags?post=2981"}],"curies":[{"name":"wp","href":"https:\/\/api.w.org\/{rel}","templated":true}]}}