{"id":3019,"date":"2023-01-23T12:50:10","date_gmt":"2023-01-23T17:50:10","guid":{"rendered":"https:\/\/conducircolombia.com\/cea\/?p=3019"},"modified":"2023-06-07T09:12:59","modified_gmt":"2023-06-07T14:12:59","slug":"pico-y-cedula","status":"publish","type":"post","link":"https:\/\/conducircolombia.com\/cea\/pico-y-cedula\/","title":{"rendered":"Pico y C\u00e9dula"},"content":{"rendered":"\t\t<div data-elementor-type=\"wp-post\" data-elementor-id=\"3019\" class=\"elementor elementor-3019\">\n\t\t\t\t\t\t<section class=\"elementor-section elementor-top-section elementor-element elementor-element-f9c43df elementor-section-boxed elementor-section-height-default elementor-section-height-default\" data-id=\"f9c43df\" data-element_type=\"section\">\n\t\t\t\t\t\t<div class=\"elementor-container elementor-column-gap-default\">\n\t\t\t\t\t<div class=\"elementor-column elementor-col-100 elementor-top-column elementor-element elementor-element-071f708\" data-id=\"071f708\" data-element_type=\"column\">\n\t\t\t<div class=\"elementor-widget-wrap elementor-element-populated\">\n\t\t\t\t\t\t<div class=\"elementor-element elementor-element-20c8e26 elementor-widget elementor-widget-heading\" data-id=\"20c8e26\" data-element_type=\"widget\" data-widget_type=\"heading.default\">\n\t\t\t\t<div class=\"elementor-widget-container\">\n\t\t\t\t\t<h1 class=\"elementor-heading-title elementor-size-default\">Pico y C\u00e9dula<\/h1>\t\t\t\t<\/div>\n\t\t\t\t<\/div>\n\t\t\t\t\t<\/div>\n\t\t<\/div>\n\t\t\t\t\t<\/div>\n\t\t<\/section>\n\t\t\t\t<section class=\"elementor-section elementor-top-section elementor-element elementor-element-3e6764a elementor-section-boxed elementor-section-height-default elementor-section-height-default\" data-id=\"3e6764a\" data-element_type=\"section\">\n\t\t\t\t\t\t<div class=\"elementor-container elementor-column-gap-default\">\n\t\t\t\t\t<div class=\"elementor-column elementor-col-100 elementor-top-column elementor-element elementor-element-581cec9\" data-id=\"581cec9\" data-element_type=\"column\">\n\t\t\t<div class=\"elementor-widget-wrap elementor-element-populated\">\n\t\t\t\t\t\t<div class=\"elementor-element elementor-element-7de9619 elementor-widget elementor-widget-heading\" data-id=\"7de9619\" data-element_type=\"widget\" data-widget_type=\"heading.default\">\n\t\t\t\t<div class=\"elementor-widget-container\">\n\t\t\t\t\t<h2 class=\"elementor-heading-title elementor-size-large\">La estrategia de \"pico y c\u00e9dula\" del Ministerio de Transporte\"<\/h2>\t\t\t\t<\/div>\n\t\t\t\t<\/div>\n\t\t\t\t\t<\/div>\n\t\t<\/div>\n\t\t\t\t\t<\/div>\n\t\t<\/section>\n\t\t\t\t<section class=\"elementor-section elementor-top-section elementor-element elementor-element-8ed1b91 elementor-section-boxed elementor-section-height-default elementor-section-height-default\" data-id=\"8ed1b91\" data-element_type=\"section\">\n\t\t\t\t\t\t<div class=\"elementor-container elementor-column-gap-default\">\n\t\t\t\t\t<div class=\"elementor-column elementor-col-100 elementor-top-column elementor-element elementor-element-acfa5a1\" data-id=\"acfa5a1\" data-element_type=\"column\">\n\t\t\t<div class=\"elementor-widget-wrap elementor-element-populated\">\n\t\t\t\t\t\t<section class=\"elementor-section elementor-inner-section elementor-element elementor-element-096a8f7 elementor-section-boxed elementor-section-height-default elementor-section-height-default\" data-id=\"096a8f7\" data-element_type=\"section\">\n\t\t\t\t\t\t<div class=\"elementor-container elementor-column-gap-default\">\n\t\t\t\t\t<div class=\"elementor-column elementor-col-50 elementor-inner-column elementor-element elementor-element-b153cf4\" data-id=\"b153cf4\" data-element_type=\"column\">\n\t\t\t<div class=\"elementor-widget-wrap elementor-element-populated\">\n\t\t\t\t\t\t<div class=\"elementor-element elementor-element-d4715e0 elementor-widget elementor-widget-image\" data-id=\"d4715e0\" data-element_type=\"widget\" data-widget_type=\"image.default\">\n\t\t\t\t<div class=\"elementor-widget-container\">\n\t\t\t\t\t\t\t\t\t\t\t\t\t\t\t<img fetchpriority=\"high\" decoding=\"async\" width=\"299\" height=\"169\" src=\"https:\/\/conducircolombia.com\/cea\/wp-content\/uploads\/2023\/01\/licencia-de-conduccion.jpg\" class=\"attachment-large size-large wp-image-3025\" alt=\"Pico y C\u00e9dula\" \/>\t\t\t\t\t\t\t\t\t\t\t\t\t\t\t<\/div>\n\t\t\t\t<\/div>\n\t\t\t\t\t<\/div>\n\t\t<\/div>\n\t\t\t\t<div class=\"elementor-column elementor-col-50 elementor-inner-column elementor-element elementor-element-527f722\" data-id=\"527f722\" data-element_type=\"column\">\n\t\t\t<div class=\"elementor-widget-wrap elementor-element-populated\">\n\t\t\t\t\t\t<div class=\"elementor-element elementor-element-c95cef9 elementor-widget elementor-widget-text-editor\" data-id=\"c95cef9\" data-element_type=\"widget\" data-widget_type=\"text-editor.default\">\n\t\t\t\t<div class=\"elementor-widget-container\">\n\t\t\t\t\t\t\t\t\t<p>El Ministerio de Transporte en Colombia ha implementado una estrategia de \u00abpico y c\u00e9dula\u00bb para organizar la renovaci\u00f3n de licencias de conducir que vencen el 20 de junio de 2023. El objetivo es evitar demoras y congesti\u00f3n en los Centros de Reconocimiento de Conductores y los Organismos de Tr\u00e1nsito. Seg\u00fan el Registro \u00danico Nacional de Tr\u00e1nsito, aproximadamente 4.377.765 licencias vencer\u00e1n en todo el pa\u00eds en esa fecha. El Ministerio de Transporte ha establecido un cronograma para la renovaci\u00f3n seg\u00fan el n\u00famero de c\u00e9dula del conductor y les recomienda a los colombianos planificar con anticipaci\u00f3n para evitar inconvenientes.<\/p>\t\t\t\t\t\t\t\t<\/div>\n\t\t\t\t<\/div>\n\t\t\t\t\t<\/div>\n\t\t<\/div>\n\t\t\t\t\t<\/div>\n\t\t<\/section>\n\t\t\t\t\t<\/div>\n\t\t<\/div>\n\t\t\t\t\t<\/div>\n\t\t<\/section>\n\t\t\t\t<section class=\"elementor-section elementor-top-section elementor-element elementor-element-4306318 elementor-section-boxed elementor-section-height-default elementor-section-height-default\" data-id=\"4306318\" data-element_type=\"section\">\n\t\t\t\t\t\t<div class=\"elementor-container elementor-column-gap-default\">\n\t\t\t\t\t<div class=\"elementor-column elementor-col-100 elementor-top-column elementor-element elementor-element-e09c52d\" data-id=\"e09c52d\" data-element_type=\"column\">\n\t\t\t<div class=\"elementor-widget-wrap elementor-element-populated\">\n\t\t\t\t\t\t<div class=\"elementor-element elementor-element-bbc9ce7 elementor-widget elementor-widget-heading\" data-id=\"bbc9ce7\" data-element_type=\"widget\" data-widget_type=\"heading.default\">\n\t\t\t\t<div class=\"elementor-widget-container\">\n\t\t\t\t\t<h2 class=\"elementor-heading-title elementor-size-large\">Fechas de renovaci\u00f3n:<\/h2>\t\t\t\t<\/div>\n\t\t\t\t<\/div>\n\t\t\t\t<section class=\"elementor-section elementor-inner-section elementor-element elementor-element-dfac6c1 elementor-section-boxed elementor-section-height-default elementor-section-height-default\" data-id=\"dfac6c1\" data-element_type=\"section\">\n\t\t\t\t\t\t<div class=\"elementor-container elementor-column-gap-default\">\n\t\t\t\t\t<div class=\"elementor-column elementor-col-100 elementor-inner-column elementor-element elementor-element-8d642ac\" data-id=\"8d642ac\" data-element_type=\"column\">\n\t\t\t<div class=\"elementor-widget-wrap elementor-element-populated\">\n\t\t\t\t\t\t<div class=\"elementor-element elementor-element-68677b3 elementor-widget elementor-widget-text-editor\" data-id=\"68677b3\" data-element_type=\"widget\" data-widget_type=\"text-editor.default\">\n\t\t\t\t<div class=\"elementor-widget-container\">\n\t\t\t\t\t\t\t\t\t<table><thead><tr><th>C\u00c9DULAS TERMINADAS EN<\/th><th>MES DE RENOVACI\u00d3N<\/th><\/tr><\/thead><tbody><tr><td>1 y 2<\/td><td>Noviembre y diciembre de 2022<\/td><\/tr><tr><td>3, 4 y 5<\/td><td>Enero y febrero de 2023<\/td><\/tr><tr><td>6 y 7<\/td><td>Marzo y abril<\/td><\/tr><tr><td>8 y 9<\/td><td>Mayo<\/td><\/tr><tr><td>0<\/td><td>Hasta junio 20<\/td><\/tr><\/tbody><\/table>\t\t\t\t\t\t\t\t<\/div>\n\t\t\t\t<\/div>\n\t\t\t\t\t<\/div>\n\t\t<\/div>\n\t\t\t\t\t<\/div>\n\t\t<\/section>\n\t\t\t\t\t<\/div>\n\t\t<\/div>\n\t\t\t\t\t<\/div>\n\t\t<\/section>\n\t\t\t\t<\/div>\n\t\t","protected":false},"excerpt":{"rendered":"<p>Pico y C\u00e9dula La estrategia de \u00abpico y c\u00e9dula\u00bb del Ministerio de Transporte\u00bb El Ministerio de Transporte en Colombia ha [&hellip;]<\/p>\n","protected":false},"author":1,"featured_media":3025,"comment_status":"closed","ping_status":"closed","sticky":false,"template":"elementor_theme","format":"standard","meta":{"site-sidebar-layout":"default","site-content-layout":"","ast-site-content-layout":"","site-content-style":"default","site-sidebar-style":"default","ast-global-header-display":"","ast-banner-title-visibility":"","ast-main-header-display":"","ast-hfb-above-header-display":"","ast-hfb-below-header-display":"","ast-hfb-mobile-header-display":"","site-post-title":"","ast-breadcrumbs-content":"","ast-featured-img":"","footer-sml-layout":"","theme-transparent-header-meta":"","adv-header-id-meta":"","stick-header-meta":"","header-above-stick-meta":"","header-main-stick-meta":"","header-below-stick-meta":"","astra-migrate-meta-layouts":"default","ast-page-background-enabled":"default","ast-page-background-meta":{"desktop":{"background-color":"var(--ast-global-color-4)","background-image":"","background-repeat":"repeat","background-position":"center center","background-size":"auto","background-attachment":"scroll","background-type":"","background-media":"","overlay-type":"","overlay-color":"","overlay-opacity":"","overlay-gradient":""},"tablet":{"background-color":"","background-image":"","background-repeat":"repeat","background-position":"center center","background-size":"auto","background-attachment":"scroll","background-type":"","background-media":"","overlay-type":"","overlay-color":"","overlay-opacity":"","overlay-gradient":""},"mobile":{"background-color":"","background-image":"","background-repeat":"repeat","background-position":"center center","background-size":"auto","background-attachment":"scroll","background-type":"","background-media":"","overlay-type":"","overlay-color":"","overlay-opacity":"","overlay-gradient":""}},"ast-content-background-meta":{"desktop":{"background-color":"var(--ast-global-color-5)","background-image":"","background-repeat":"repeat","background-position":"center center","background-size":"auto","background-attachment":"scroll","background-type":"","background-media":"","overlay-type":"","overlay-color":"","overlay-opacity":"","overlay-gradient":""},"tablet":{"background-color":"var(--ast-global-color-5)","background-image":"","background-repeat":"repeat","background-position":"center center","background-size":"auto","background-attachment":"scroll","background-type":"","background-media":"","overlay-type":"","overlay-color":"","overlay-opacity":"","overlay-gradient":""},"mobile":{"background-color":"var(--ast-global-color-5)","background-image":"","background-repeat":"repeat","background-position":"center center","background-size":"auto","background-attachment":"scroll","background-type":"","background-media":"","overlay-type":"","overlay-color":"","overlay-opacity":"","overlay-gradient":""}},"footnotes":""},"categories":[10],"tags":[],"class_list":["post-3019","post","type-post","status-publish","format-standard","has-post-thumbnail","hentry","category-min-transporte"],"yoast_head":"<!-- This site is optimized with the Yoast SEO plugin v26.4 - https:\/\/yoast.com\/wordpress\/plugins\/seo\/ -->\n<title>Pico y c\u00e9dula | Licencias de conducci\u00f3n | Ministerio de Transporte<\/title>\n<meta name=\"description\" content=\"Pico y c\u00e9dula | La estrategia de &quot;pico y c\u00e9dula&quot; del Ministerio de Transporte&quot; para la renovaci\u00f3n de licencias.\" \/>\n<meta name=\"robots\" content=\"index, follow, max-snippet:-1, max-image-preview:large, max-video-preview:-1\" \/>\n<link rel=\"canonical\" href=\"https:\/\/conducircolombia.com\/cea\/pico-y-cedula\/\" \/>\n<meta property=\"og:locale\" content=\"es_ES\" \/>\n<meta property=\"og:type\" content=\"article\" \/>\n<meta property=\"og:title\" content=\"Pico y c\u00e9dula | Licencias de conducci\u00f3n | Ministerio de Transporte\" \/>\n<meta property=\"og:description\" content=\"Pico y c\u00e9dula | La estrategia de &quot;pico y c\u00e9dula&quot; del Ministerio de Transporte&quot; para la renovaci\u00f3n de licencias.\" \/>\n<meta property=\"og:url\" content=\"https:\/\/conducircolombia.com\/cea\/pico-y-cedula\/\" \/>\n<meta property=\"og:site_name\" content=\"Conducir Colombia\" \/>\n<meta property=\"article:publisher\" content=\"https:\/\/www.facebook.com\/ConducirColombiaBogota\" \/>\n<meta property=\"article:published_time\" content=\"2023-01-23T17:50:10+00:00\" \/>\n<meta property=\"article:modified_time\" content=\"2023-06-07T14:12:59+00:00\" \/>\n<meta property=\"og:image\" content=\"https:\/\/conducircolombia.com\/cea\/wp-content\/uploads\/2023\/01\/licencia-de-conduccion.jpg\" \/>\n\t<meta property=\"og:image:width\" content=\"299\" \/>\n\t<meta property=\"og:image:height\" content=\"169\" \/>\n\t<meta property=\"og:image:type\" content=\"image\/jpeg\" \/>\n<meta name=\"author\" content=\"conducir\" \/>\n<meta name=\"twitter:card\" content=\"summary_large_image\" \/>\n<meta name=\"twitter:label1\" content=\"Escrito por\" \/>\n\t<meta name=\"twitter:data1\" content=\"conducir\" \/>\n\t<meta name=\"twitter:label2\" content=\"Tiempo de lectura\" \/>\n\t<meta name=\"twitter:data2\" content=\"1 minuto\" \/>\n<script type=\"application\/ld+json\" class=\"yoast-schema-graph\">{\"@context\":\"https:\/\/schema.org\",\"@graph\":[{\"@type\":\"Article\",\"@id\":\"https:\/\/conducircolombia.com\/cea\/pico-y-cedula\/#article\",\"isPartOf\":{\"@id\":\"https:\/\/conducircolombia.com\/cea\/pico-y-cedula\/\"},\"author\":{\"name\":\"conducir\",\"@id\":\"https:\/\/conducircolombia.com\/cea\/#\/schema\/person\/f46408961e009da1824aa2945feb7023\"},\"headline\":\"Pico y C\u00e9dula\",\"datePublished\":\"2023-01-23T17:50:10+00:00\",\"dateModified\":\"2023-06-07T14:12:59+00:00\",\"mainEntityOfPage\":{\"@id\":\"https:\/\/conducircolombia.com\/cea\/pico-y-cedula\/\"},\"wordCount\":156,\"publisher\":{\"@id\":\"https:\/\/conducircolombia.com\/cea\/#organization\"},\"image\":{\"@id\":\"https:\/\/conducircolombia.com\/cea\/pico-y-cedula\/#primaryimage\"},\"thumbnailUrl\":\"https:\/\/conducircolombia.com\/cea\/wp-content\/uploads\/2023\/01\/licencia-de-conduccion.jpg\",\"articleSection\":[\"Min Transporte\"],\"inLanguage\":\"es\"},{\"@type\":\"WebPage\",\"@id\":\"https:\/\/conducircolombia.com\/cea\/pico-y-cedula\/\",\"url\":\"https:\/\/conducircolombia.com\/cea\/pico-y-cedula\/\",\"name\":\"Pico y c\u00e9dula | Licencias de conducci\u00f3n | Ministerio de Transporte\",\"isPartOf\":{\"@id\":\"https:\/\/conducircolombia.com\/cea\/#website\"},\"primaryImageOfPage\":{\"@id\":\"https:\/\/conducircolombia.com\/cea\/pico-y-cedula\/#primaryimage\"},\"image\":{\"@id\":\"https:\/\/conducircolombia.com\/cea\/pico-y-cedula\/#primaryimage\"},\"thumbnailUrl\":\"https:\/\/conducircolombia.com\/cea\/wp-content\/uploads\/2023\/01\/licencia-de-conduccion.jpg\",\"datePublished\":\"2023-01-23T17:50:10+00:00\",\"dateModified\":\"2023-06-07T14:12:59+00:00\",\"description\":\"Pico y c\u00e9dula | La estrategia de \\\"pico y c\u00e9dula\\\" del Ministerio de Transporte\\\" para la renovaci\u00f3n de licencias.\",\"breadcrumb\":{\"@id\":\"https:\/\/conducircolombia.com\/cea\/pico-y-cedula\/#breadcrumb\"},\"inLanguage\":\"es\",\"potentialAction\":[{\"@type\":\"ReadAction\",\"target\":[\"https:\/\/conducircolombia.com\/cea\/pico-y-cedula\/\"]}]},{\"@type\":\"ImageObject\",\"inLanguage\":\"es\",\"@id\":\"https:\/\/conducircolombia.com\/cea\/pico-y-cedula\/#primaryimage\",\"url\":\"https:\/\/conducircolombia.com\/cea\/wp-content\/uploads\/2023\/01\/licencia-de-conduccion.jpg\",\"contentUrl\":\"https:\/\/conducircolombia.com\/cea\/wp-content\/uploads\/2023\/01\/licencia-de-conduccion.jpg\",\"width\":299,\"height\":169,\"caption\":\"Pico y C\u00e9dula\"},{\"@type\":\"BreadcrumbList\",\"@id\":\"https:\/\/conducircolombia.com\/cea\/pico-y-cedula\/#breadcrumb\",\"itemListElement\":[{\"@type\":\"ListItem\",\"position\":1,\"name\":\"Portada\",\"item\":\"https:\/\/conducircolombia.com\/cea\/\"},{\"@type\":\"ListItem\",\"position\":2,\"name\":\"Pico y C\u00e9dula\"}]},{\"@type\":\"WebSite\",\"@id\":\"https:\/\/conducircolombia.com\/cea\/#website\",\"url\":\"https:\/\/conducircolombia.com\/cea\/\",\"name\":\"Conducir Colombia\",\"description\":\"Academia de Conducci\u00f3n\",\"publisher\":{\"@id\":\"https:\/\/conducircolombia.com\/cea\/#organization\"},\"potentialAction\":[{\"@type\":\"SearchAction\",\"target\":{\"@type\":\"EntryPoint\",\"urlTemplate\":\"https:\/\/conducircolombia.com\/cea\/?s={search_term_string}\"},\"query-input\":{\"@type\":\"PropertyValueSpecification\",\"valueRequired\":true,\"valueName\":\"search_term_string\"}}],\"inLanguage\":\"es\"},{\"@type\":\"Organization\",\"@id\":\"https:\/\/conducircolombia.com\/cea\/#organization\",\"name\":\"Conducir Colombia\",\"alternateName\":\"Conducir Colombia\",\"url\":\"https:\/\/conducircolombia.com\/cea\/\",\"logo\":{\"@type\":\"ImageObject\",\"inLanguage\":\"es\",\"@id\":\"https:\/\/conducircolombia.com\/cea\/#\/schema\/logo\/image\/\",\"url\":\"https:\/\/conducircolombia.com\/cea\/wp-content\/uploads\/2025\/02\/logowp.jpg\",\"contentUrl\":\"https:\/\/conducircolombia.com\/cea\/wp-content\/uploads\/2025\/02\/logowp.jpg\",\"width\":300,\"height\":299,\"caption\":\"Conducir Colombia\"},\"image\":{\"@id\":\"https:\/\/conducircolombia.com\/cea\/#\/schema\/logo\/image\/\"},\"sameAs\":[\"https:\/\/www.facebook.com\/ConducirColombiaBogota\"]},{\"@type\":\"Person\",\"@id\":\"https:\/\/conducircolombia.com\/cea\/#\/schema\/person\/f46408961e009da1824aa2945feb7023\",\"name\":\"conducir\",\"image\":{\"@type\":\"ImageObject\",\"inLanguage\":\"es\",\"@id\":\"https:\/\/conducircolombia.com\/cea\/#\/schema\/person\/image\/\",\"url\":\"https:\/\/secure.gravatar.com\/avatar\/9643ba75ec7766c1087fac13c7a122a44c2a2e077f5777fee06c709345c575cc?s=96&d=mm&r=g\",\"contentUrl\":\"https:\/\/secure.gravatar.com\/avatar\/9643ba75ec7766c1087fac13c7a122a44c2a2e077f5777fee06c709345c575cc?s=96&d=mm&r=g\",\"caption\":\"conducir\"},\"sameAs\":[\"https:\/\/conducircolombia.com\/cea\"],\"url\":\"https:\/\/conducircolombia.com\/cea\/author\/conducir\/\"}]}<\/script>\n<!-- \/ Yoast SEO plugin. -->","yoast_head_json":{"title":"Pico y c\u00e9dula | Licencias de conducci\u00f3n | Ministerio de Transporte","description":"Pico y c\u00e9dula | La estrategia de \"pico y c\u00e9dula\" del Ministerio de Transporte\" para la renovaci\u00f3n de licencias.","robots":{"index":"index","follow":"follow","max-snippet":"max-snippet:-1","max-image-preview":"max-image-preview:large","max-video-preview":"max-video-preview:-1"},"canonical":"https:\/\/conducircolombia.com\/cea\/pico-y-cedula\/","og_locale":"es_ES","og_type":"article","og_title":"Pico y c\u00e9dula | Licencias de conducci\u00f3n | Ministerio de Transporte","og_description":"Pico y c\u00e9dula | La estrategia de \"pico y c\u00e9dula\" del Ministerio de Transporte\" para la renovaci\u00f3n de licencias.","og_url":"https:\/\/conducircolombia.com\/cea\/pico-y-cedula\/","og_site_name":"Conducir Colombia","article_publisher":"https:\/\/www.facebook.com\/ConducirColombiaBogota","article_published_time":"2023-01-23T17:50:10+00:00","article_modified_time":"2023-06-07T14:12:59+00:00","og_image":[{"width":299,"height":169,"url":"https:\/\/conducircolombia.com\/cea\/wp-content\/uploads\/2023\/01\/licencia-de-conduccion.jpg","type":"image\/jpeg"}],"author":"conducir","twitter_card":"summary_large_image","twitter_misc":{"Escrito por":"conducir","Tiempo de lectura":"1 minuto"},"schema":{"@context":"https:\/\/schema.org","@graph":[{"@type":"Article","@id":"https:\/\/conducircolombia.com\/cea\/pico-y-cedula\/#article","isPartOf":{"@id":"https:\/\/conducircolombia.com\/cea\/pico-y-cedula\/"},"author":{"name":"conducir","@id":"https:\/\/conducircolombia.com\/cea\/#\/schema\/person\/f46408961e009da1824aa2945feb7023"},"headline":"Pico y C\u00e9dula","datePublished":"2023-01-23T17:50:10+00:00","dateModified":"2023-06-07T14:12:59+00:00","mainEntityOfPage":{"@id":"https:\/\/conducircolombia.com\/cea\/pico-y-cedula\/"},"wordCount":156,"publisher":{"@id":"https:\/\/conducircolombia.com\/cea\/#organization"},"image":{"@id":"https:\/\/conducircolombia.com\/cea\/pico-y-cedula\/#primaryimage"},"thumbnailUrl":"https:\/\/conducircolombia.com\/cea\/wp-content\/uploads\/2023\/01\/licencia-de-conduccion.jpg","articleSection":["Min Transporte"],"inLanguage":"es"},{"@type":"WebPage","@id":"https:\/\/conducircolombia.com\/cea\/pico-y-cedula\/","url":"https:\/\/conducircolombia.com\/cea\/pico-y-cedula\/","name":"Pico y c\u00e9dula | Licencias de conducci\u00f3n | Ministerio de Transporte","isPartOf":{"@id":"https:\/\/conducircolombia.com\/cea\/#website"},"primaryImageOfPage":{"@id":"https:\/\/conducircolombia.com\/cea\/pico-y-cedula\/#primaryimage"},"image":{"@id":"https:\/\/conducircolombia.com\/cea\/pico-y-cedula\/#primaryimage"},"thumbnailUrl":"https:\/\/conducircolombia.com\/cea\/wp-content\/uploads\/2023\/01\/licencia-de-conduccion.jpg","datePublished":"2023-01-23T17:50:10+00:00","dateModified":"2023-06-07T14:12:59+00:00","description":"Pico y c\u00e9dula | La estrategia de \"pico y c\u00e9dula\" del Ministerio de Transporte\" para la renovaci\u00f3n de licencias.","breadcrumb":{"@id":"https:\/\/conducircolombia.com\/cea\/pico-y-cedula\/#breadcrumb"},"inLanguage":"es","potentialAction":[{"@type":"ReadAction","target":["https:\/\/conducircolombia.com\/cea\/pico-y-cedula\/"]}]},{"@type":"ImageObject","inLanguage":"es","@id":"https:\/\/conducircolombia.com\/cea\/pico-y-cedula\/#primaryimage","url":"https:\/\/conducircolombia.com\/cea\/wp-content\/uploads\/2023\/01\/licencia-de-conduccion.jpg","contentUrl":"https:\/\/conducircolombia.com\/cea\/wp-content\/uploads\/2023\/01\/licencia-de-conduccion.jpg","width":299,"height":169,"caption":"Pico y C\u00e9dula"},{"@type":"BreadcrumbList","@id":"https:\/\/conducircolombia.com\/cea\/pico-y-cedula\/#breadcrumb","itemListElement":[{"@type":"ListItem","position":1,"name":"Portada","item":"https:\/\/conducircolombia.com\/cea\/"},{"@type":"ListItem","position":2,"name":"Pico y C\u00e9dula"}]},{"@type":"WebSite","@id":"https:\/\/conducircolombia.com\/cea\/#website","url":"https:\/\/conducircolombia.com\/cea\/","name":"Conducir Colombia","description":"Academia de Conducci\u00f3n","publisher":{"@id":"https:\/\/conducircolombia.com\/cea\/#organization"},"potentialAction":[{"@type":"SearchAction","target":{"@type":"EntryPoint","urlTemplate":"https:\/\/conducircolombia.com\/cea\/?s={search_term_string}"},"query-input":{"@type":"PropertyValueSpecification","valueRequired":true,"valueName":"search_term_string"}}],"inLanguage":"es"},{"@type":"Organization","@id":"https:\/\/conducircolombia.com\/cea\/#organization","name":"Conducir Colombia","alternateName":"Conducir Colombia","url":"https:\/\/conducircolombia.com\/cea\/","logo":{"@type":"ImageObject","inLanguage":"es","@id":"https:\/\/conducircolombia.com\/cea\/#\/schema\/logo\/image\/","url":"https:\/\/conducircolombia.com\/cea\/wp-content\/uploads\/2025\/02\/logowp.jpg","contentUrl":"https:\/\/conducircolombia.com\/cea\/wp-content\/uploads\/2025\/02\/logowp.jpg","width":300,"height":299,"caption":"Conducir Colombia"},"image":{"@id":"https:\/\/conducircolombia.com\/cea\/#\/schema\/logo\/image\/"},"sameAs":["https:\/\/www.facebook.com\/ConducirColombiaBogota"]},{"@type":"Person","@id":"https:\/\/conducircolombia.com\/cea\/#\/schema\/person\/f46408961e009da1824aa2945feb7023","name":"conducir","image":{"@type":"ImageObject","inLanguage":"es","@id":"https:\/\/conducircolombia.com\/cea\/#\/schema\/person\/image\/","url":"https:\/\/secure.gravatar.com\/avatar\/9643ba75ec7766c1087fac13c7a122a44c2a2e077f5777fee06c709345c575cc?s=96&d=mm&r=g","contentUrl":"https:\/\/secure.gravatar.com\/avatar\/9643ba75ec7766c1087fac13c7a122a44c2a2e077f5777fee06c709345c575cc?s=96&d=mm&r=g","caption":"conducir"},"sameAs":["https:\/\/conducircolombia.com\/cea"],"url":"https:\/\/conducircolombia.com\/cea\/author\/conducir\/"}]}},"_links":{"self":[{"href":"https:\/\/conducircolombia.com\/cea\/wp-json\/wp\/v2\/posts\/3019","targetHints":{"allow":["GET"]}}],"collection":[{"href":"https:\/\/conducircolombia.com\/cea\/wp-json\/wp\/v2\/posts"}],"about":[{"href":"https:\/\/conducircolombia.com\/cea\/wp-json\/wp\/v2\/types\/post"}],"author":[{"embeddable":true,"href":"https:\/\/conducircolombia.com\/cea\/wp-json\/wp\/v2\/users\/1"}],"replies":[{"embeddable":true,"href":"https:\/\/conducircolombia.com\/cea\/wp-json\/wp\/v2\/comments?post=3019"}],"version-history":[{"count":18,"href":"https:\/\/conducircolombia.com\/cea\/wp-json\/wp\/v2\/posts\/3019\/revisions"}],"predecessor-version":[{"id":7989,"href":"https:\/\/conducircolombia.com\/cea\/wp-json\/wp\/v2\/posts\/3019\/revisions\/7989"}],"wp:featuredmedia":[{"embeddable":true,"href":"https:\/\/conducircolombia.com\/cea\/wp-json\/wp\/v2\/media\/3025"}],"wp:attachment":[{"href":"https:\/\/conducircolombia.com\/cea\/wp-json\/wp\/v2\/media?parent=3019"}],"wp:term":[{"taxonomy":"category","embeddable":true,"href":"https:\/\/conducircolombia.com\/cea\/wp-json\/wp\/v2\/categories?post=3019"},{"taxonomy":"post_tag","embeddable":true,"href":"https:\/\/conducircolombia.com\/cea\/wp-json\/wp\/v2\/tags?post=3019"}],"curies":[{"name":"wp","href":"https:\/\/api.w.org\/{rel}","templated":true}]}}