{"id":4259,"date":"2023-01-31T23:01:37","date_gmt":"2023-02-01T04:01:37","guid":{"rendered":"https:\/\/conducircolombia.com\/cea\/?p=4259"},"modified":"2025-05-21T00:47:48","modified_gmt":"2025-05-21T05:47:48","slug":"placas","status":"publish","type":"post","link":"https:\/\/conducircolombia.com\/cea\/placas\/","title":{"rendered":"Placas"},"content":{"rendered":"\t\t<div data-elementor-type=\"wp-post\" data-elementor-id=\"4259\" class=\"elementor elementor-4259\">\n\t\t\t\t\t\t<section class=\"elementor-section elementor-top-section elementor-element elementor-element-c46763a elementor-section-boxed elementor-section-height-default elementor-section-height-default\" data-id=\"c46763a\" data-element_type=\"section\">\n\t\t\t\t\t\t<div class=\"elementor-container elementor-column-gap-default\">\n\t\t\t\t\t<div class=\"elementor-column elementor-col-100 elementor-top-column elementor-element elementor-element-3a0ce84\" data-id=\"3a0ce84\" data-element_type=\"column\">\n\t\t\t<div class=\"elementor-widget-wrap elementor-element-populated\">\n\t\t\t\t\t\t<div class=\"elementor-element elementor-element-38000e0 elementor-widget elementor-widget-text-editor\" data-id=\"38000e0\" data-element_type=\"widget\" data-widget_type=\"text-editor.default\">\n\t\t\t\t<div class=\"elementor-widget-container\">\n\t\t\t\t\t\t\t\t\t<p><span style=\"color: #000000;\">Placas de tr\u00e1nsito<\/span><\/p>\t\t\t\t\t\t\t\t<\/div>\n\t\t\t\t<\/div>\n\t\t\t\t\t<\/div>\n\t\t<\/div>\n\t\t\t\t\t<\/div>\n\t\t<\/section>\n\t\t\t\t<section class=\"elementor-section elementor-top-section elementor-element elementor-element-fc0a432 elementor-section-full_width elementor-section-stretched elementor-section-height-default elementor-section-height-default\" data-id=\"fc0a432\" data-element_type=\"section\" data-settings=\"{&quot;stretch_section&quot;:&quot;section-stretched&quot;}\">\n\t\t\t\t\t\t<div class=\"elementor-container elementor-column-gap-default\">\n\t\t\t\t\t<div class=\"elementor-column elementor-col-50 elementor-top-column elementor-element elementor-element-6d23854 elementor-hidden-mobile\" data-id=\"6d23854\" data-element_type=\"column\">\n\t\t\t<div class=\"elementor-widget-wrap elementor-element-populated\">\n\t\t\t\t\t\t<div class=\"elementor-element elementor-element-a48cda6 elementor-widget elementor-widget-heading\" data-id=\"a48cda6\" data-element_type=\"widget\" data-widget_type=\"heading.default\">\n\t\t\t\t<div class=\"elementor-widget-container\">\n\t\t\t\t\t<h2 class=\"elementor-heading-title elementor-size-default\">\u00cdNDICE<\/h2>\t\t\t\t<\/div>\n\t\t\t\t<\/div>\n\t\t\t\t<div class=\"elementor-element elementor-element-d89a04b elementor-widget elementor-widget-text-editor\" data-id=\"d89a04b\" data-element_type=\"widget\" data-widget_type=\"text-editor.default\">\n\t\t\t\t<div class=\"elementor-widget-container\">\n\t\t\t\t\t\t\t\t\t<p><span style=\"color: #000000;\"><strong>Movilidad segura<\/strong><\/span><\/p><p><a href=\"https:\/\/conducircolombia.com\/cea\/vision-cero\">Visi\u00f3n cero.<\/a><br \/><a href=\"https:\/\/conducircolombia.com\/cea\/las-victimas-de-accidentes-de-transito\">Las v\u00edctimas de accidentes de tr\u00e1nsito<\/a>.<br \/><a href=\"https:\/\/conducircolombia.com\/cea\/los-usuarios-vulnerables-y-su-prelacion\">Los usuarios vulnerables y su prelaci\u00f3n<\/a>.<br \/><a href=\"https:\/\/conducircolombia.com\/cea\/la-corresponsabilidad\">La corresponsabilidad<\/a>.<br \/><a href=\"https:\/\/conducircolombia.com\/cea\/la-movilidad-sostenible\">La movilidad sostenible<\/a>.<br \/><a href=\"https:\/\/conducircolombia.com\/cea\/la-omision-de-socorro\">La omisi\u00f3n de socorro<\/a>.<br \/><a href=\"https:\/\/conducircolombia.com\/cea\/conduccion-preventiva\">Conducci\u00f3n preventiva.<\/a><br \/><a href=\"https:\/\/conducircolombia.com\/cea\/conduccion-eficiente\">Conducci\u00f3n eficiente<\/a>.<br \/><a href=\"https:\/\/conducircolombia.com\/cea\/la-conduccion-eficiente-y-la-seguridad-vial\">La conducci\u00f3n eficiente y la seguridad vial.<\/a><br \/><a href=\"https:\/\/conducircolombia.com\/cea\/circulacion-permanencia-y-accesibilidad-para-todos\">Circulaci\u00f3n, permanencia y accesibilidad para todos.<\/a><\/p><p><span style=\"color: #000000;\"><strong>Normas de tr\u00e1nsito<\/strong><\/span><\/p><p><a href=\"https:\/\/conducircolombia.com\/cea\/la-autorregulacion\">La autorregulaci\u00f3n. <\/a><br \/><a href=\"https:\/\/conducircolombia.com\/cea\/autoridades-de-transito\">Autoridades de Tr\u00e1nsito.<\/a><br \/><a href=\"https:\/\/conducircolombia.com\/cea\/documentos\">Documentos.<\/a><\/p><ul><li><span style=\"color: #339966;\"><a style=\"color: #339966;\" href=\"https:\/\/conducircolombia.com\/cea\/Placas\">Placas<\/a><\/span><\/li><li><span style=\"color: #339966;\"><a style=\"color: #339966;\" href=\"https:\/\/conducircolombia.com\/cea\/Seguro-obligatorio-SOAT\">Seguro obligatorio SOAT.<\/a><\/span><\/li><li><span style=\"color: #339966;\"><a style=\"color: #339966;\" href=\"https:\/\/conducircolombia.com\/cea\/Seguro-obligatorio-SOAT#tecnico\">Tecnico mec\u00e1nica<\/a><\/span><\/li><li><span style=\"color: #339966;\"><a style=\"color: #339966;\" href=\"https:\/\/conducircolombia.com\/cea\/Seguro-obligatorio-SOAT#licencia\">Licencia de tr\u00e1nsito<\/a><\/span><\/li><\/ul><p><a href=\"https:\/\/conducircolombia.com\/cea\/Estructura-del-codigo\">Estructura del C\u00f3digo.<\/a><br \/><a href=\"https:\/\/conducircolombia.com\/cea\/Restricciones-especificas\">Restricciones espec\u00edficas.<\/a><br \/><a href=\"https:\/\/conducircolombia.com\/cea\/Conductas\">Conductas<\/a>.<br \/><a href=\"https:\/\/conducircolombia.com\/cea\/La-alimentacion-el-estres-y-la-fatiga\">La alimentaci\u00f3n, el estr\u00e9s y la fatiga.<\/a><br \/><a href=\"https:\/\/conducircolombia.com\/cea\/El-alcohol-y-otras-sustancias\">El alcohol y otras sustancias<\/a>.<br \/><a href=\"https:\/\/conducircolombia.com\/cea\/La-velocidad\">La velocidad.<\/a><br \/><a href=\"https:\/\/conducircolombia.com\/cea\/Respeto-de-lugares-exclusivos\">Respeto de lugares exclusivos.<\/a><\/p><p><span style=\"color: #000000;\"><strong>Se\u00f1alizaci\u00f3n<\/strong><\/span><\/p><p><a href=\"https:\/\/conducircolombia.com\/cea\/Senales-de-transito\">Se\u00f1ales de tr\u00e1nsito<\/a>.<br \/><a href=\"https:\/\/conducircolombia.com\/cea\/Las-vias\">Las v\u00edas.<\/a><br \/><a href=\"https:\/\/conducircolombia.com\/cea\/Carriles-de-transito-mixto\">Carriles de tr\u00e1nsito mixto.<\/a><br \/><a href=\"https:\/\/conducircolombia.com\/cea\/Ciclo-infraestructura\">Ciclo infraestructura.<\/a><br \/><a href=\"https:\/\/conducircolombia.com\/cea\/El-espacio-publico\">El espacio p\u00fablico.<\/a><\/p>\t\t\t\t\t\t\t\t<\/div>\n\t\t\t\t<\/div>\n\t\t\t\t\t<\/div>\n\t\t<\/div>\n\t\t\t\t<div class=\"elementor-column elementor-col-50 elementor-top-column elementor-element elementor-element-76d3310 elementor-invisible\" data-id=\"76d3310\" data-element_type=\"column\" data-settings=\"{&quot;animation&quot;:&quot;fadeInLeft&quot;,&quot;background_background&quot;:&quot;classic&quot;}\">\n\t\t\t<div class=\"elementor-widget-wrap elementor-element-populated\">\n\t\t\t\t\t\t<div class=\"elementor-element elementor-element-22879c3 elementor-widget elementor-widget-heading\" data-id=\"22879c3\" data-element_type=\"widget\" data-widget_type=\"heading.default\">\n\t\t\t\t<div class=\"elementor-widget-container\">\n\t\t\t\t\t<h1 class=\"elementor-heading-title elementor-size-default\">Placas de tr\u00e1nsito<\/h1>\t\t\t\t<\/div>\n\t\t\t\t<\/div>\n\t\t\t\t<div class=\"elementor-element elementor-element-e1eb738 elementor-widget elementor-widget-heading\" data-id=\"e1eb738\" data-element_type=\"widget\" data-widget_type=\"heading.default\">\n\t\t\t\t<div class=\"elementor-widget-container\">\n\t\t\t\t\t<h2 class=\"elementor-heading-title elementor-size-xl\">M\u00f3dulo: 1. Formaci\u00f3n te\u00f3rica<\/h2>\t\t\t\t<\/div>\n\t\t\t\t<\/div>\n\t\t\t\t<div class=\"elementor-element elementor-element-81a30ab elementor-widget elementor-widget-heading\" data-id=\"81a30ab\" data-element_type=\"widget\" data-widget_type=\"heading.default\">\n\t\t\t\t<div class=\"elementor-widget-container\">\n\t\t\t\t\t<h2 class=\"elementor-heading-title elementor-size-large\">2. Normas de tr\u00e1nsito<\/h2>\t\t\t\t<\/div>\n\t\t\t\t<\/div>\n\t\t\t\t<div class=\"elementor-element elementor-element-8d7eec3 elementor-widget elementor-widget-text-editor\" data-id=\"8d7eec3\" data-element_type=\"widget\" data-widget_type=\"text-editor.default\">\n\t\t\t\t<div class=\"elementor-widget-container\">\n\t\t\t\t\t\t\t\t\t<p><span style=\"font-size: 28px;\"><strong><img decoding=\"async\" style=\"float: left; height: 193px; margin-left: 21px; margin-right: 21px; width: 400px;\" src=\"https:\/\/conducircolombia.com\/cea\/wp-content\/uploads\/2023\/01\/placa-amarilla-2-e1676373448729.webp\" alt=\"Placas\" \/>Documentos:<\/strong><\/span><\/p><p><span style=\"font-size: 22px;\"><strong>Placas <\/strong><\/span><\/p><p style=\"text-align: left;\"><span style=\"font-size: 22px;\">Las placas son un documento p\u00fablico que sirve para identificar de forma \u00fanica a un veh\u00edculo en todo el territorio nacional, y deben estar presentes en el veh\u00edculo, dos en los veh\u00edculos particulares y una en motocicletas, remolques y semirremolques. Las placas llevan el nombre del lugar donde se expidieron y tres letras y tres n\u00fameros. Los veh\u00edculos particulares tienen placas amarillas, los de servicio p\u00fablico blancas y los de servicio diplom\u00e1tico azules, excepto motocicletas, remolques y semirremolques.<\/span><\/p><p style=\"text-align: left;\"><span style=\"font-size: 22px;\">Es importante tener en cuenta que las placas deben estar libres de obst\u00e1culos que dificulten su lectura y no pueden llevar en su lugar distintivos similares, ni corresponder a las placas de otros pa\u00edses.<\/span><\/p><p style=\"text-align: left;\"><span style=\"font-size: 22px;\">En caso de hurto o p\u00e9rdida de las placas es necesario solicitar un duplicado con el mismo n\u00famero en el organismo de tr\u00e1nsito correspondiente. Si las placas se deterioran, se deben obtener nuevas.<\/span><\/p><p style=\"text-align: left;\"><span style=\"font-size: 22px;\">No se deben alterar ni pintar\u00a0 ya que esto genera inmovilizaci\u00f3n del veh\u00edculo y multa. Tambi\u00e9n es importante no lavar las placas con cepillos duros ya que esto puede deteriorar la superficie reflectiva y generar tambi\u00e9n multas.<\/span><\/p>\t\t\t\t\t\t\t\t<\/div>\n\t\t\t\t<\/div>\n\t\t\t\t<div class=\"elementor-element elementor-element-34a27cf elementor-widget elementor-widget-text-editor\" data-id=\"34a27cf\" data-element_type=\"widget\" data-widget_type=\"text-editor.default\">\n\t\t\t\t<div class=\"elementor-widget-container\">\n\t\t\t\t\t\t\t\t\t<p><span style=\"color: #ff6600;\"><strong>Material de consult<\/strong>a<\/span><\/p><p><a href=\"https:\/\/conducircolombia.com\/cea\/tipos-placas-vehiculos-colombia\/\" target=\"_blank\" rel=\"noopener\">Placas en Colombia<\/a><br \/><a href=\"https:\/\/matriculasdelmundo.com\/colombia.html\">Matr\u00edculas del mundo<\/a><\/p>\t\t\t\t\t\t\t\t<\/div>\n\t\t\t\t<\/div>\n\t\t\t\t<div class=\"elementor-element elementor-element-57d7df1 elementor-widget elementor-widget-html\" data-id=\"57d7df1\" data-element_type=\"widget\" data-widget_type=\"html.default\">\n\t\t\t\t<div class=\"elementor-widget-container\">\n\t\t\t\t\t<div id=\"plates-quiz-app\">\r\n  <h3>Cuestionario: Documentos - Placas<\/h3>\r\n  <p id=\"pq-intro-text\">Lee atentamente cada pregunta y selecciona la opci\u00f3n que consideres correcta bas\u00e1ndote en el texto.<\/p>\r\n\r\n  <div id=\"pq-name-entry\">\r\n    <label for=\"pq-userName\">Por favor, ingresa tu nombre para comenzar:<\/label>\r\n    <input type=\"text\" id=\"pq-userName\" placeholder=\"Tu nombre\">\r\n    <button id=\"pq-startQuizBtn\">Iniciar Cuestionario<\/button>\r\n  <\/div>\r\n\r\n  <div id=\"pq-quiz-container\" style=\"display:none;\">\r\n    <form id=\"pq-quizForm\">\r\n      <!-- Preguntas -->\r\n      <div class=\"question\">\r\n        <p>1. \u00bfCu\u00e1l es la funci\u00f3n principal de las placas de un veh\u00edculo?<\/p>\r\n        <input type=\"radio\" name=\"q1_pq\" value=\"a\" id=\"q1a\"><label for=\"q1a\">a) Indicar la velocidad m\u00e1xima del veh\u00edculo.<\/label>\r\n        <input type=\"radio\" name=\"q1_pq\" value=\"b\" id=\"q1b\"><label for=\"q1b\">b) Identificar de forma \u00fanica al veh\u00edculo en todo el territorio nacional.<\/label>\r\n        <input type=\"radio\" name=\"q1_pq\" value=\"c\" id=\"q1c\"><label for=\"q1c\">c) Mostrar el color original del veh\u00edculo.<\/label>\r\n        <input type=\"radio\" name=\"q1_pq\" value=\"d\" id=\"q1d\"><label for=\"q1d\">d) Determinar el tipo de combustible que usa.<\/label>\r\n      <\/div>\r\n\r\n      <div class=\"question\">\r\n        <p>2. \u00bfCu\u00e1ntas placas deben estar presentes en un veh\u00edculo particular y en una motocicleta, respectivamente?<\/p>\r\n        <input type=\"radio\" name=\"q2_pq\" value=\"a\" id=\"q2a\"><label for=\"q2a\">a) Una en particular y dos en motocicleta.<\/label>\r\n        <input type=\"radio\" name=\"q2_pq\" value=\"b\" id=\"q2b\"><label for=\"q2b\">b) Dos en particular y una en motocicleta.<\/label>\r\n        <input type=\"radio\" name=\"q2_pq\" value=\"c\" id=\"q2c\"><label for=\"q2c\">c) Una en ambos casos.<\/label>\r\n        <input type=\"radio\" name=\"q2_pq\" value=\"d\" id=\"q2d\"><label for=\"q2d\">d) Dos en ambos casos.<\/label>\r\n      <\/div>\r\n\r\n      <div class=\"question\">\r\n        <p>3. Adem\u00e1s de tres letras y tres n\u00fameros, \u00bfqu\u00e9 informaci\u00f3n adicional llevan las placas?<\/p>\r\n        <input type=\"radio\" name=\"q3_pq\" value=\"a\" id=\"q3a\"><label for=\"q3a\">a) El nombre del propietario y su direcci\u00f3n.<\/label>\r\n        <input type=\"radio\" name=\"q3_pq\" value=\"b\" id=\"q3b\"><label for=\"q3b\">b) La fecha de vencimiento del SOAT.<\/label>\r\n        <input type=\"radio\" name=\"q3_pq\" value=\"c\" id=\"q3c\"><label for=\"q3c\">c) El nombre del lugar donde se expidieron.<\/label>\r\n        <input type=\"radio\" name=\"q3_pq\" value=\"d\" id=\"q3d\"><label for=\"q3d\">d) El n\u00famero de chasis del veh\u00edculo.<\/label>\r\n      <\/div>\r\n\r\n      <div class=\"question\">\r\n        <p>4. \u00bfDe qu\u00e9 color son las placas de veh\u00edculos particulares, servicio p\u00fablico y diplom\u00e1tico?<\/p>\r\n        <input type=\"radio\" name=\"q4_pq\" value=\"a\" id=\"q4a\"><label for=\"q4a\">a) Blanco, Amarillo, Rojo.<\/label>\r\n        <input type=\"radio\" name=\"q4_pq\" value=\"b\" id=\"q4b\"><label for=\"q4b\">b) Amarillo, Blanco, Azul.<\/label>\r\n        <input type=\"radio\" name=\"q4_pq\" value=\"c\" id=\"q4c\"><label for=\"q4c\">c) Verde, Blanco, Amarillo.<\/label>\r\n        <input type=\"radio\" name=\"q4_pq\" value=\"d\" id=\"q4d\"><label for=\"q4d\">d) Azul, Amarillo, Blanco.<\/label>\r\n      <\/div>\r\n\r\n      <div class=\"question\">\r\n        <p>5. \u00bfQu\u00e9 tipo de placas son blancas con tres letras y tres n\u00fameros?<\/p>\r\n        <input type=\"radio\" name=\"q5_pq\" value=\"a\" id=\"q5a\"><label for=\"q5a\">a) Veh\u00edculos particulares.<\/label>\r\n        <input type=\"radio\" name=\"q5_pq\" value=\"b\" id=\"q5b\"><label for=\"q5b\">b) Veh\u00edculos de servicio p\u00fablico.<\/label>\r\n        <input type=\"radio\" name=\"q5_pq\" value=\"c\" id=\"q5c\"><label for=\"q5c\">c) Veh\u00edculos diplom\u00e1ticos.<\/label>\r\n        <input type=\"radio\" name=\"q5_pq\" value=\"d\" id=\"q5d\"><label for=\"q5d\">d) Veh\u00edculos antiguos y cl\u00e1sicos.<\/label>\r\n      <\/div>\r\n\r\n      <div class=\"question\">\r\n        <p>6. Las placas azules con dos letras y cuatro n\u00fameros corresponden a:<\/p>\r\n        <input type=\"radio\" name=\"q6_pq\" value=\"a\" id=\"q6a\"><label for=\"q6a\">a) Carga especial.<\/label>\r\n        <input type=\"radio\" name=\"q6_pq\" value=\"b\" id=\"q6b\"><label for=\"q6b\">b) Remolques y semirremolques.<\/label>\r\n        <input type=\"radio\" name=\"q6_pq\" value=\"c\" id=\"q6c\"><label for=\"q6c\">c) Diplom\u00e1ticos, consulares y misiones especiales.<\/label>\r\n        <input type=\"radio\" name=\"q6_pq\" value=\"d\" id=\"q6d\"><label for=\"q6d\">d) Particulares.<\/label>\r\n      <\/div>\r\n\r\n      <div class=\"question\">\r\n        <p>7. \u00bfQu\u00e9 se debe hacer si las placas se deterioran?<\/p>\r\n        <input type=\"radio\" name=\"q7_pq\" value=\"a\" id=\"q7a\"><label for=\"q7a\">a) Se pueden seguir usando.<\/label>\r\n        <input type=\"radio\" name=\"q7_pq\" value=\"b\" id=\"q7b\"><label for=\"q7b\">b) Obtener nuevas placas.<\/label>\r\n        <input type=\"radio\" name=\"q7_pq\" value=\"c\" id=\"q7c\"><label for=\"q7c\">c) Pintarlas.<\/label>\r\n        <input type=\"radio\" name=\"q7_pq\" value=\"d\" id=\"q7d\"><label for=\"q7d\">d) Solicitar un duplicado con n\u00famero diferente.<\/label>\r\n      <\/div>\r\n\r\n      <div class=\"question\">\r\n        <p>8. Alterar o pintar placas puede causar:<\/p>\r\n        <input type=\"radio\" name=\"q8_pq\" value=\"a\" id=\"q8a\"><label for=\"q8a\">a) Descuento en impuestos.<\/label>\r\n        <input type=\"radio\" name=\"q8_pq\" value=\"b\" id=\"q8b\"><label for=\"q8b\">b) Inmovilizaci\u00f3n del veh\u00edculo y multa.<\/label>\r\n        <input type=\"radio\" name=\"q8_pq\" value=\"c\" id=\"q8c\"><label for=\"q8c\">c) Felicitaci\u00f3n.<\/label>\r\n        <input type=\"radio\" name=\"q8_pq\" value=\"d\" id=\"q8d\"><label for=\"q8d\">d) Cambio de categor\u00eda autom\u00e1tica.<\/label>\r\n      <\/div>\r\n\r\n      <div class=\"question\">\r\n        <p>9. \u00bfC\u00f3mo son las placas para veh\u00edculos antiguos y cl\u00e1sicos?<\/p>\r\n        <input type=\"radio\" name=\"q9_pq\" value=\"a\" id=\"q9a\"><label for=\"q9a\">a) Completamente rojas.<\/label>\r\n        <input type=\"radio\" name=\"q9_pq\" value=\"b\" id=\"q9b\"><label for=\"q9b\">b) Tres franjas: dos azules y una blanca.<\/label>\r\n        <input type=\"radio\" name=\"q9_pq\" value=\"c\" id=\"q9c\"><label for=\"q9c\">c) Llevan la letra 'T'.<\/label>\r\n        <input type=\"radio\" name=\"q9_pq\" value=\"d\" id=\"q9d\"><label for=\"q9d\">d) Son verdes.<\/label>\r\n      <\/div>\r\n\r\n      <div class=\"question\">\r\n        <p>10. Las placas son consideradas como:<\/p>\r\n        <input type=\"radio\" name=\"q10_pq\" value=\"a\" id=\"q10a\"><label for=\"q10a\">a) Un adorno.<\/label>\r\n        <input type=\"radio\" name=\"q10_pq\" value=\"b\" id=\"q10b\"><label for=\"q10b\">b) Documento privado.<\/label>\r\n        <input type=\"radio\" name=\"q10_pq\" value=\"c\" id=\"q10c\"><label for=\"q10c\">c) Documento p\u00fablico.<\/label>\r\n        <input type=\"radio\" name=\"q10_pq\" value=\"d\" id=\"q10d\"><label for=\"q10d\">d) Sin importancia legal.<\/label>\r\n      <\/div>\r\n\r\n      <button type=\"submit\">Enviar Respuestas<\/button>\r\n    <\/form>\r\n  <\/div>\r\n\r\n  <div id=\"pq-results\" style=\"display:none;\" tabindex=\"-1\"><\/div>\r\n<\/div>\r\n\r\n<style>\r\n#plates-quiz-app {\r\n  font-family: Arial, sans-serif;\r\n  max-width: 800px;\r\n  margin: auto;\r\n  padding: 20px;\r\n  background: #fff;\r\n  border-radius: 10px;\r\n  box-shadow: 0 0 10px rgba(0,0,0,0.1);\r\n}\r\n.question {\r\n  background: #f9f9f9;\r\n  border: 1px solid #ccc;\r\n  padding: 15px;\r\n  margin-bottom: 15px;\r\n  border-radius: 5px;\r\n}\r\nlabel {\r\n  display: block;\r\n  margin-bottom: 8px;\r\n  cursor: pointer;\r\n  background: #eee;\r\n  padding: 12px;\r\n  border-radius: 4px;\r\n  border: 1px solid #ccc;\r\n  transition: background-color 0.3s ease;\r\n  position: relative;\r\n}\r\ninput[type=\"radio\"] {\r\n  opacity: 0;\r\n  position: absolute;\r\n  left: -9999px;\r\n}\r\ninput[type=\"radio\"]:checked + label {\r\n  background-color: #003380;\r\n  color: white;\r\n  font-weight: bold;\r\n  border-color: #001a57;\r\n}\r\nbutton {\r\n  background-color: #003380;\r\n  color: white;\r\n  border: none;\r\n  padding: 12px 20px;\r\n  margin-top: 15px;\r\n  cursor: pointer;\r\n  border-radius: 5px;\r\n  font-size: 16px;\r\n}\r\n#pq-results {\r\n  background: #e9efff;\r\n  padding: 20px;\r\n  margin-top: 20px;\r\n  border-radius: 8px;\r\n}\r\n<\/style>\r\n\r\n<script>\r\ndocument.addEventListener(\"DOMContentLoaded\", function () {\r\n  const startBtn = document.getElementById(\"pq-startQuizBtn\");\r\n  const nameInput = document.getElementById(\"pq-userName\");\r\n  const nameEntry = document.getElementById(\"pq-name-entry\");\r\n  const quizContainer = document.getElementById(\"pq-quiz-container\");\r\n  const introText = document.getElementById(\"pq-intro-text\");\r\n  const quizForm = document.getElementById(\"pq-quizForm\");\r\n  const resultsContainer = document.getElementById(\"pq-results\");\r\n\r\n  const correctAnswers = {\r\n    q1_pq: \"b\", q2_pq: \"b\", q3_pq: \"c\", q4_pq: \"b\", q5_pq: \"a\",\r\n    q6_pq: \"c\", q7_pq: \"b\", q8_pq: \"b\", q9_pq: \"b\", q10_pq: \"c\"\r\n  };\r\n\r\n  startBtn.addEventListener(\"click\", function () {\r\n    const userName = nameInput.value.trim();\r\n    if (!userName) {\r\n      alert(\"Por favor, ingresa tu nombre.\");\r\n      return;\r\n    }\r\n    nameEntry.style.display = \"none\";\r\n    introText.textContent = `Hola ${userName}, selecciona la opci\u00f3n correcta.`;\r\n    quizContainer.style.display = \"block\";\r\n    resultsContainer.style.display = \"none\";\r\n  });\r\n\r\n  quizForm.addEventListener(\"submit\", function (event) {\r\n    event.preventDefault();\r\n    const userName = nameInput.value.trim();\r\n    let score = 0;\r\n    let unanswered = false;\r\n\r\n    for (let q in correctAnswers) {\r\n      const selected = quizForm.querySelector(`input[name=\"${q}\"]:checked`);\r\n      if (!selected) {\r\n        unanswered = true;\r\n        break;\r\n      }\r\n      if (selected.value === correctAnswers[q]) score++;\r\n    }\r\n\r\n    let feedback = \"\";\r\n    if (unanswered) {\r\n      feedback = \"<p style='color:red;'>\u26a0\ufe0f Responde todas las preguntas antes de enviar.<\/p>\";\r\n    } else {\r\n      const percentage = Math.round((score \/ Object.keys(correctAnswers).length) * 100);\r\n      feedback = `<h4>Resultados para ${userName}<\/h4><p>Tu puntuaci\u00f3n: ${score} \/ 10 (${percentage}%)<\/p>`;\r\n      feedback += percentage >= 80\r\n        ? \"<p>\ud83c\udf89 \u00a1Muy bien! Tienes claro el tema de las placas vehiculares.<\/p>\"\r\n        : \"<p>\ud83d\udcda Puedes revisar los contenidos nuevamente y volver a intentarlo.<\/p>\";\r\n    }\r\n\r\n    feedback += '<div style=\"margin-top: 20px;\"><button id=\"pq-retryBtn\">Intentar de Nuevo<\/button><\/div>';\r\n    resultsContainer.innerHTML = feedback;\r\n    quizContainer.style.display = \"none\";\r\n    resultsContainer.style.display = \"block\";\r\n    resultsContainer.scrollIntoView({ behavior: 'smooth' });\r\n\r\n    setTimeout(() => {\r\n      const retryBtn = document.getElementById(\"pq-retryBtn\");\r\n      if (retryBtn) {\r\n        retryBtn.addEventListener(\"click\", function () {\r\n          quizForm.reset();\r\n          resultsContainer.style.display = \"none\";\r\n          quizContainer.style.display = \"block\";\r\n        });\r\n      }\r\n    }, 100);\r\n  });\r\n});\r\n<\/script>\r\n\t\t\t\t<\/div>\n\t\t\t\t<\/div>\n\t\t\t\t\t<\/div>\n\t\t<\/div>\n\t\t\t\t\t<\/div>\n\t\t<\/section>\n\t\t\t\t<section class=\"elementor-section elementor-top-section elementor-element elementor-element-b03f821 elementor-section-boxed elementor-section-height-default elementor-section-height-default\" data-id=\"b03f821\" data-element_type=\"section\">\n\t\t\t\t\t\t<div class=\"elementor-container elementor-column-gap-default\">\n\t\t\t\t\t<div class=\"elementor-column elementor-col-50 elementor-top-column elementor-element elementor-element-a304933\" data-id=\"a304933\" data-element_type=\"column\">\n\t\t\t<div class=\"elementor-widget-wrap elementor-element-populated\">\n\t\t\t\t\t\t<div class=\"elementor-element elementor-element-ebf101f elementor-widget elementor-widget-text-editor\" data-id=\"ebf101f\" data-element_type=\"widget\" data-widget_type=\"text-editor.default\">\n\t\t\t\t<div class=\"elementor-widget-container\">\n\t\t\t\t\t\t\t\t\t<p style=\"text-align: right;\">| <a href=\"https:\/\/conducircolombia.com\/cea\/documentos\">Anterior <\/a>| <a href=\"https:\/\/conducircolombia.com\/cea\/seguro-obligatorio\">Siguiente<\/a> |<\/p>\t\t\t\t\t\t\t\t<\/div>\n\t\t\t\t<\/div>\n\t\t\t\t\t<\/div>\n\t\t<\/div>\n\t\t\t\t<div class=\"elementor-column elementor-col-50 elementor-top-column elementor-element elementor-element-a8e051c\" data-id=\"a8e051c\" data-element_type=\"column\">\n\t\t\t<div class=\"elementor-widget-wrap elementor-element-populated\">\n\t\t\t\t\t\t<div class=\"elementor-element elementor-element-e014214 elementor-align-right elementor-hidden-desktop elementor-widget elementor-widget-button\" data-id=\"e014214\" data-element_type=\"widget\" data-widget_type=\"button.default\">\n\t\t\t\t<div class=\"elementor-widget-container\">\n\t\t\t\t\t\t\t\t\t<div class=\"elementor-button-wrapper\">\n\t\t\t\t\t<a class=\"elementor-button elementor-button-link elementor-size-sm\" href=\"https:\/\/conducircolombia.com\/cea\/indice-formacion-teorica\">\n\t\t\t\t\t\t<span class=\"elementor-button-content-wrapper\">\n\t\t\t\t\t\t\t\t\t<span class=\"elementor-button-text\">Ir al \u00edndice<\/span>\n\t\t\t\t\t<\/span>\n\t\t\t\t\t<\/a>\n\t\t\t\t<\/div>\n\t\t\t\t\t\t\t\t<\/div>\n\t\t\t\t<\/div>\n\t\t\t\t\t<\/div>\n\t\t<\/div>\n\t\t\t\t\t<\/div>\n\t\t<\/section>\n\t\t\t\t<section class=\"elementor-section elementor-top-section elementor-element elementor-element-9ab1b01 elementor-section-boxed elementor-section-height-default elementor-section-height-default\" data-id=\"9ab1b01\" data-element_type=\"section\">\n\t\t\t\t\t\t<div class=\"elementor-container elementor-column-gap-default\">\n\t\t\t\t\t<div class=\"elementor-column elementor-col-100 elementor-top-column elementor-element elementor-element-06fac1d\" data-id=\"06fac1d\" data-element_type=\"column\">\n\t\t\t<div class=\"elementor-widget-wrap elementor-element-populated\">\n\t\t\t\t\t\t<div class=\"elementor-element elementor-element-b0af405 elementor-widget elementor-widget-image\" data-id=\"b0af405\" data-element_type=\"widget\" data-widget_type=\"image.default\">\n\t\t\t\t<div class=\"elementor-widget-container\">\n\t\t\t\t\t\t\t\t\t\t\t\t<figure class=\"wp-caption\">\n\t\t\t\t\t\t\t\t\t\t\t<a href=\"#arriba\">\n\t\t\t\t\t\t\t<img decoding=\"async\" src=\"https:\/\/conducircolombia.com\/cea\/wp-content\/uploads\/elementor\/thumbs\/arriba-q09wc4h6tpltpvw9t0jxwlp9yg6w77sa4flvsswuv0.png\" title=\"arriba\" alt=\"Ir Arriba\" loading=\"lazy\" \/>\t\t\t\t\t\t\t\t<\/a>\n\t\t\t\t\t\t\t\t\t\t\t<figcaption class=\"widget-image-caption wp-caption-text\">Arriba<\/figcaption>\n\t\t\t\t\t\t\t\t\t\t<\/figure>\n\t\t\t\t\t\t\t\t\t<\/div>\n\t\t\t\t<\/div>\n\t\t\t\t\t<\/div>\n\t\t<\/div>\n\t\t\t\t\t<\/div>\n\t\t<\/section>\n\t\t\t\t<\/div>\n\t\t","protected":false},"excerpt":{"rendered":"<p>Placas de tr\u00e1nsito \u00cdNDICE Movilidad segura Visi\u00f3n cero.Las v\u00edctimas de accidentes de tr\u00e1nsito.Los usuarios vulnerables y su prelaci\u00f3n.La corresponsabilidad.La movilidad [&hellip;]<\/p>\n","protected":false},"author":1,"featured_media":0,"comment_status":"closed","ping_status":"closed","sticky":false,"template":"elementor_theme","format":"standard","meta":{"site-sidebar-layout":"default","site-content-layout":"","ast-site-content-layout":"","site-content-style":"default","site-sidebar-style":"default","ast-global-header-display":"","ast-banner-title-visibility":"","ast-main-header-display":"","ast-hfb-above-header-display":"","ast-hfb-below-header-display":"","ast-hfb-mobile-header-display":"","site-post-title":"","ast-breadcrumbs-content":"","ast-featured-img":"","footer-sml-layout":"","theme-transparent-header-meta":"","adv-header-id-meta":"","stick-header-meta":"","header-above-stick-meta":"","header-main-stick-meta":"","header-below-stick-meta":"","astra-migrate-meta-layouts":"default","ast-page-background-enabled":"default","ast-page-background-meta":{"desktop":{"background-color":"var(--ast-global-color-4)","background-image":"","background-repeat":"repeat","background-position":"center center","background-size":"auto","background-attachment":"scroll","background-type":"","background-media":"","overlay-type":"","overlay-color":"","overlay-opacity":"","overlay-gradient":""},"tablet":{"background-color":"","background-image":"","background-repeat":"repeat","background-position":"center center","background-size":"auto","background-attachment":"scroll","background-type":"","background-media":"","overlay-type":"","overlay-color":"","overlay-opacity":"","overlay-gradient":""},"mobile":{"background-color":"","background-image":"","background-repeat":"repeat","background-position":"center center","background-size":"auto","background-attachment":"scroll","background-type":"","background-media":"","overlay-type":"","overlay-color":"","overlay-opacity":"","overlay-gradient":""}},"ast-content-background-meta":{"desktop":{"background-color":"var(--ast-global-color-5)","background-image":"","background-repeat":"repeat","background-position":"center center","background-size":"auto","background-attachment":"scroll","background-type":"","background-media":"","overlay-type":"","overlay-color":"","overlay-opacity":"","overlay-gradient":""},"tablet":{"background-color":"var(--ast-global-color-5)","background-image":"","background-repeat":"repeat","background-position":"center center","background-size":"auto","background-attachment":"scroll","background-type":"","background-media":"","overlay-type":"","overlay-color":"","overlay-opacity":"","overlay-gradient":""},"mobile":{"background-color":"var(--ast-global-color-5)","background-image":"","background-repeat":"repeat","background-position":"center center","background-size":"auto","background-attachment":"scroll","background-type":"","background-media":"","overlay-type":"","overlay-color":"","overlay-opacity":"","overlay-gradient":""}},"footnotes":""},"categories":[11],"tags":[],"class_list":["post-4259","post","type-post","status-publish","format-standard","hentry","category-mallas-curriculares"],"yoast_head":"<!-- This site is optimized with the Yoast SEO plugin v26.4 - https:\/\/yoast.com\/wordpress\/plugins\/seo\/ -->\n<title>Placas de tr\u00e1nsito - Conducir Colombia<\/title>\n<meta name=\"description\" content=\"Placas de transito | Las placas son un documento p\u00fablico que sirve para identificar de forma \u00fanica a un veh\u00edculo.\" \/>\n<meta name=\"robots\" content=\"index, follow, max-snippet:-1, max-image-preview:large, max-video-preview:-1\" \/>\n<link rel=\"canonical\" href=\"https:\/\/conducircolombia.com\/cea\/placas\/\" \/>\n<meta property=\"og:locale\" content=\"es_ES\" \/>\n<meta property=\"og:type\" content=\"article\" \/>\n<meta property=\"og:title\" content=\"Placas de tr\u00e1nsito - Conducir Colombia\" \/>\n<meta property=\"og:description\" content=\"Placas de transito | Las placas son un documento p\u00fablico que sirve para identificar de forma \u00fanica a un veh\u00edculo.\" \/>\n<meta property=\"og:url\" content=\"https:\/\/conducircolombia.com\/cea\/placas\/\" \/>\n<meta property=\"og:site_name\" content=\"Conducir Colombia\" \/>\n<meta property=\"article:publisher\" content=\"https:\/\/www.facebook.com\/ConducirColombiaBogota\" \/>\n<meta property=\"article:published_time\" content=\"2023-02-01T04:01:37+00:00\" \/>\n<meta property=\"article:modified_time\" content=\"2025-05-21T05:47:48+00:00\" \/>\n<meta property=\"og:image\" content=\"https:\/\/conducircolombia.com\/cea\/wp-content\/uploads\/2023\/01\/placa-amarilla-2-e1676373448729.webp\" \/>\n<meta name=\"author\" content=\"conducir\" \/>\n<meta name=\"twitter:card\" content=\"summary_large_image\" \/>\n<meta name=\"twitter:label1\" content=\"Escrito por\" \/>\n\t<meta name=\"twitter:data1\" content=\"conducir\" \/>\n\t<meta name=\"twitter:label2\" content=\"Tiempo de lectura\" \/>\n\t<meta name=\"twitter:data2\" content=\"4 minutos\" \/>\n<script type=\"application\/ld+json\" class=\"yoast-schema-graph\">{\"@context\":\"https:\/\/schema.org\",\"@graph\":[{\"@type\":\"Article\",\"@id\":\"https:\/\/conducircolombia.com\/cea\/placas\/#article\",\"isPartOf\":{\"@id\":\"https:\/\/conducircolombia.com\/cea\/placas\/\"},\"author\":{\"name\":\"conducir\",\"@id\":\"https:\/\/conducircolombia.com\/cea\/#\/schema\/person\/f46408961e009da1824aa2945feb7023\"},\"headline\":\"Placas\",\"datePublished\":\"2023-02-01T04:01:37+00:00\",\"dateModified\":\"2025-05-21T05:47:48+00:00\",\"mainEntityOfPage\":{\"@id\":\"https:\/\/conducircolombia.com\/cea\/placas\/\"},\"wordCount\":738,\"publisher\":{\"@id\":\"https:\/\/conducircolombia.com\/cea\/#organization\"},\"image\":{\"@id\":\"https:\/\/conducircolombia.com\/cea\/placas\/#primaryimage\"},\"thumbnailUrl\":\"https:\/\/conducircolombia.com\/cea\/wp-content\/uploads\/2023\/01\/placa-amarilla-2-e1676373448729.webp\",\"articleSection\":[\"Mallas Curriculares\"],\"inLanguage\":\"es\"},{\"@type\":\"WebPage\",\"@id\":\"https:\/\/conducircolombia.com\/cea\/placas\/\",\"url\":\"https:\/\/conducircolombia.com\/cea\/placas\/\",\"name\":\"Placas de tr\u00e1nsito - Conducir Colombia\",\"isPartOf\":{\"@id\":\"https:\/\/conducircolombia.com\/cea\/#website\"},\"primaryImageOfPage\":{\"@id\":\"https:\/\/conducircolombia.com\/cea\/placas\/#primaryimage\"},\"image\":{\"@id\":\"https:\/\/conducircolombia.com\/cea\/placas\/#primaryimage\"},\"thumbnailUrl\":\"https:\/\/conducircolombia.com\/cea\/wp-content\/uploads\/2023\/01\/placa-amarilla-2-e1676373448729.webp\",\"datePublished\":\"2023-02-01T04:01:37+00:00\",\"dateModified\":\"2025-05-21T05:47:48+00:00\",\"description\":\"Placas de transito | Las placas son un documento p\u00fablico que sirve para identificar de forma \u00fanica a un veh\u00edculo.\",\"breadcrumb\":{\"@id\":\"https:\/\/conducircolombia.com\/cea\/placas\/#breadcrumb\"},\"inLanguage\":\"es\",\"potentialAction\":[{\"@type\":\"ReadAction\",\"target\":[\"https:\/\/conducircolombia.com\/cea\/placas\/\"]}]},{\"@type\":\"ImageObject\",\"inLanguage\":\"es\",\"@id\":\"https:\/\/conducircolombia.com\/cea\/placas\/#primaryimage\",\"url\":\"https:\/\/conducircolombia.com\/cea\/wp-content\/uploads\/2023\/01\/placa-amarilla-2-e1676373448729.webp\",\"contentUrl\":\"https:\/\/conducircolombia.com\/cea\/wp-content\/uploads\/2023\/01\/placa-amarilla-2-e1676373448729.webp\",\"width\":400,\"height\":193,\"caption\":\"pLACAS\"},{\"@type\":\"BreadcrumbList\",\"@id\":\"https:\/\/conducircolombia.com\/cea\/placas\/#breadcrumb\",\"itemListElement\":[{\"@type\":\"ListItem\",\"position\":1,\"name\":\"Portada\",\"item\":\"https:\/\/conducircolombia.com\/cea\/\"},{\"@type\":\"ListItem\",\"position\":2,\"name\":\"Placas\"}]},{\"@type\":\"WebSite\",\"@id\":\"https:\/\/conducircolombia.com\/cea\/#website\",\"url\":\"https:\/\/conducircolombia.com\/cea\/\",\"name\":\"Conducir Colombia\",\"description\":\"Academia de Conducci\u00f3n\",\"publisher\":{\"@id\":\"https:\/\/conducircolombia.com\/cea\/#organization\"},\"potentialAction\":[{\"@type\":\"SearchAction\",\"target\":{\"@type\":\"EntryPoint\",\"urlTemplate\":\"https:\/\/conducircolombia.com\/cea\/?s={search_term_string}\"},\"query-input\":{\"@type\":\"PropertyValueSpecification\",\"valueRequired\":true,\"valueName\":\"search_term_string\"}}],\"inLanguage\":\"es\"},{\"@type\":\"Organization\",\"@id\":\"https:\/\/conducircolombia.com\/cea\/#organization\",\"name\":\"Conducir Colombia\",\"alternateName\":\"Conducir Colombia\",\"url\":\"https:\/\/conducircolombia.com\/cea\/\",\"logo\":{\"@type\":\"ImageObject\",\"inLanguage\":\"es\",\"@id\":\"https:\/\/conducircolombia.com\/cea\/#\/schema\/logo\/image\/\",\"url\":\"https:\/\/conducircolombia.com\/cea\/wp-content\/uploads\/2025\/02\/logowp.jpg\",\"contentUrl\":\"https:\/\/conducircolombia.com\/cea\/wp-content\/uploads\/2025\/02\/logowp.jpg\",\"width\":300,\"height\":299,\"caption\":\"Conducir Colombia\"},\"image\":{\"@id\":\"https:\/\/conducircolombia.com\/cea\/#\/schema\/logo\/image\/\"},\"sameAs\":[\"https:\/\/www.facebook.com\/ConducirColombiaBogota\"]},{\"@type\":\"Person\",\"@id\":\"https:\/\/conducircolombia.com\/cea\/#\/schema\/person\/f46408961e009da1824aa2945feb7023\",\"name\":\"conducir\",\"image\":{\"@type\":\"ImageObject\",\"inLanguage\":\"es\",\"@id\":\"https:\/\/conducircolombia.com\/cea\/#\/schema\/person\/image\/\",\"url\":\"https:\/\/secure.gravatar.com\/avatar\/9643ba75ec7766c1087fac13c7a122a44c2a2e077f5777fee06c709345c575cc?s=96&d=mm&r=g\",\"contentUrl\":\"https:\/\/secure.gravatar.com\/avatar\/9643ba75ec7766c1087fac13c7a122a44c2a2e077f5777fee06c709345c575cc?s=96&d=mm&r=g\",\"caption\":\"conducir\"},\"sameAs\":[\"https:\/\/conducircolombia.com\/cea\"],\"url\":\"https:\/\/conducircolombia.com\/cea\/author\/conducir\/\"}]}<\/script>\n<!-- \/ Yoast SEO plugin. -->","yoast_head_json":{"title":"Placas de tr\u00e1nsito - Conducir Colombia","description":"Placas de transito | Las placas son un documento p\u00fablico que sirve para identificar de forma \u00fanica a un veh\u00edculo.","robots":{"index":"index","follow":"follow","max-snippet":"max-snippet:-1","max-image-preview":"max-image-preview:large","max-video-preview":"max-video-preview:-1"},"canonical":"https:\/\/conducircolombia.com\/cea\/placas\/","og_locale":"es_ES","og_type":"article","og_title":"Placas de tr\u00e1nsito - Conducir Colombia","og_description":"Placas de transito | Las placas son un documento p\u00fablico que sirve para identificar de forma \u00fanica a un veh\u00edculo.","og_url":"https:\/\/conducircolombia.com\/cea\/placas\/","og_site_name":"Conducir Colombia","article_publisher":"https:\/\/www.facebook.com\/ConducirColombiaBogota","article_published_time":"2023-02-01T04:01:37+00:00","article_modified_time":"2025-05-21T05:47:48+00:00","og_image":[{"url":"https:\/\/conducircolombia.com\/cea\/wp-content\/uploads\/2023\/01\/placa-amarilla-2-e1676373448729.webp","type":"","width":"","height":""}],"author":"conducir","twitter_card":"summary_large_image","twitter_misc":{"Escrito por":"conducir","Tiempo de lectura":"4 minutos"},"schema":{"@context":"https:\/\/schema.org","@graph":[{"@type":"Article","@id":"https:\/\/conducircolombia.com\/cea\/placas\/#article","isPartOf":{"@id":"https:\/\/conducircolombia.com\/cea\/placas\/"},"author":{"name":"conducir","@id":"https:\/\/conducircolombia.com\/cea\/#\/schema\/person\/f46408961e009da1824aa2945feb7023"},"headline":"Placas","datePublished":"2023-02-01T04:01:37+00:00","dateModified":"2025-05-21T05:47:48+00:00","mainEntityOfPage":{"@id":"https:\/\/conducircolombia.com\/cea\/placas\/"},"wordCount":738,"publisher":{"@id":"https:\/\/conducircolombia.com\/cea\/#organization"},"image":{"@id":"https:\/\/conducircolombia.com\/cea\/placas\/#primaryimage"},"thumbnailUrl":"https:\/\/conducircolombia.com\/cea\/wp-content\/uploads\/2023\/01\/placa-amarilla-2-e1676373448729.webp","articleSection":["Mallas Curriculares"],"inLanguage":"es"},{"@type":"WebPage","@id":"https:\/\/conducircolombia.com\/cea\/placas\/","url":"https:\/\/conducircolombia.com\/cea\/placas\/","name":"Placas de tr\u00e1nsito - Conducir Colombia","isPartOf":{"@id":"https:\/\/conducircolombia.com\/cea\/#website"},"primaryImageOfPage":{"@id":"https:\/\/conducircolombia.com\/cea\/placas\/#primaryimage"},"image":{"@id":"https:\/\/conducircolombia.com\/cea\/placas\/#primaryimage"},"thumbnailUrl":"https:\/\/conducircolombia.com\/cea\/wp-content\/uploads\/2023\/01\/placa-amarilla-2-e1676373448729.webp","datePublished":"2023-02-01T04:01:37+00:00","dateModified":"2025-05-21T05:47:48+00:00","description":"Placas de transito | Las placas son un documento p\u00fablico que sirve para identificar de forma \u00fanica a un veh\u00edculo.","breadcrumb":{"@id":"https:\/\/conducircolombia.com\/cea\/placas\/#breadcrumb"},"inLanguage":"es","potentialAction":[{"@type":"ReadAction","target":["https:\/\/conducircolombia.com\/cea\/placas\/"]}]},{"@type":"ImageObject","inLanguage":"es","@id":"https:\/\/conducircolombia.com\/cea\/placas\/#primaryimage","url":"https:\/\/conducircolombia.com\/cea\/wp-content\/uploads\/2023\/01\/placa-amarilla-2-e1676373448729.webp","contentUrl":"https:\/\/conducircolombia.com\/cea\/wp-content\/uploads\/2023\/01\/placa-amarilla-2-e1676373448729.webp","width":400,"height":193,"caption":"pLACAS"},{"@type":"BreadcrumbList","@id":"https:\/\/conducircolombia.com\/cea\/placas\/#breadcrumb","itemListElement":[{"@type":"ListItem","position":1,"name":"Portada","item":"https:\/\/conducircolombia.com\/cea\/"},{"@type":"ListItem","position":2,"name":"Placas"}]},{"@type":"WebSite","@id":"https:\/\/conducircolombia.com\/cea\/#website","url":"https:\/\/conducircolombia.com\/cea\/","name":"Conducir Colombia","description":"Academia de Conducci\u00f3n","publisher":{"@id":"https:\/\/conducircolombia.com\/cea\/#organization"},"potentialAction":[{"@type":"SearchAction","target":{"@type":"EntryPoint","urlTemplate":"https:\/\/conducircolombia.com\/cea\/?s={search_term_string}"},"query-input":{"@type":"PropertyValueSpecification","valueRequired":true,"valueName":"search_term_string"}}],"inLanguage":"es"},{"@type":"Organization","@id":"https:\/\/conducircolombia.com\/cea\/#organization","name":"Conducir Colombia","alternateName":"Conducir Colombia","url":"https:\/\/conducircolombia.com\/cea\/","logo":{"@type":"ImageObject","inLanguage":"es","@id":"https:\/\/conducircolombia.com\/cea\/#\/schema\/logo\/image\/","url":"https:\/\/conducircolombia.com\/cea\/wp-content\/uploads\/2025\/02\/logowp.jpg","contentUrl":"https:\/\/conducircolombia.com\/cea\/wp-content\/uploads\/2025\/02\/logowp.jpg","width":300,"height":299,"caption":"Conducir Colombia"},"image":{"@id":"https:\/\/conducircolombia.com\/cea\/#\/schema\/logo\/image\/"},"sameAs":["https:\/\/www.facebook.com\/ConducirColombiaBogota"]},{"@type":"Person","@id":"https:\/\/conducircolombia.com\/cea\/#\/schema\/person\/f46408961e009da1824aa2945feb7023","name":"conducir","image":{"@type":"ImageObject","inLanguage":"es","@id":"https:\/\/conducircolombia.com\/cea\/#\/schema\/person\/image\/","url":"https:\/\/secure.gravatar.com\/avatar\/9643ba75ec7766c1087fac13c7a122a44c2a2e077f5777fee06c709345c575cc?s=96&d=mm&r=g","contentUrl":"https:\/\/secure.gravatar.com\/avatar\/9643ba75ec7766c1087fac13c7a122a44c2a2e077f5777fee06c709345c575cc?s=96&d=mm&r=g","caption":"conducir"},"sameAs":["https:\/\/conducircolombia.com\/cea"],"url":"https:\/\/conducircolombia.com\/cea\/author\/conducir\/"}]}},"_links":{"self":[{"href":"https:\/\/conducircolombia.com\/cea\/wp-json\/wp\/v2\/posts\/4259","targetHints":{"allow":["GET"]}}],"collection":[{"href":"https:\/\/conducircolombia.com\/cea\/wp-json\/wp\/v2\/posts"}],"about":[{"href":"https:\/\/conducircolombia.com\/cea\/wp-json\/wp\/v2\/types\/post"}],"author":[{"embeddable":true,"href":"https:\/\/conducircolombia.com\/cea\/wp-json\/wp\/v2\/users\/1"}],"replies":[{"embeddable":true,"href":"https:\/\/conducircolombia.com\/cea\/wp-json\/wp\/v2\/comments?post=4259"}],"version-history":[{"count":59,"href":"https:\/\/conducircolombia.com\/cea\/wp-json\/wp\/v2\/posts\/4259\/revisions"}],"predecessor-version":[{"id":15233,"href":"https:\/\/conducircolombia.com\/cea\/wp-json\/wp\/v2\/posts\/4259\/revisions\/15233"}],"wp:attachment":[{"href":"https:\/\/conducircolombia.com\/cea\/wp-json\/wp\/v2\/media?parent=4259"}],"wp:term":[{"taxonomy":"category","embeddable":true,"href":"https:\/\/conducircolombia.com\/cea\/wp-json\/wp\/v2\/categories?post=4259"},{"taxonomy":"post_tag","embeddable":true,"href":"https:\/\/conducircolombia.com\/cea\/wp-json\/wp\/v2\/tags?post=4259"}],"curies":[{"name":"wp","href":"https:\/\/api.w.org\/{rel}","templated":true}]}}