{"id":4316,"date":"2023-02-01T09:50:00","date_gmt":"2023-02-01T14:50:00","guid":{"rendered":"https:\/\/conducircolombia.com\/cea\/?p=4316"},"modified":"2023-06-06T23:03:16","modified_gmt":"2023-06-07T04:03:16","slug":"senales-preventivas","status":"publish","type":"post","link":"https:\/\/conducircolombia.com\/cea\/senales-preventivas\/","title":{"rendered":"Senales preventivas"},"content":{"rendered":"\t\t<div data-elementor-type=\"wp-post\" data-elementor-id=\"4316\" class=\"elementor elementor-4316\">\n\t\t\t\t\t\t<section class=\"elementor-section elementor-top-section elementor-element elementor-element-6c7ee20 elementor-section-boxed elementor-section-height-default elementor-section-height-default\" data-id=\"6c7ee20\" data-element_type=\"section\">\n\t\t\t\t\t\t<div class=\"elementor-container elementor-column-gap-default\">\n\t\t\t\t\t<div class=\"elementor-column elementor-col-100 elementor-top-column elementor-element elementor-element-2cac71a\" data-id=\"2cac71a\" data-element_type=\"column\">\n\t\t\t<div class=\"elementor-widget-wrap elementor-element-populated\">\n\t\t\t\t\t\t<div class=\"elementor-element elementor-element-676c784 elementor-widget elementor-widget-text-editor\" data-id=\"676c784\" data-element_type=\"widget\" data-widget_type=\"text-editor.default\">\n\t\t\t\t<div class=\"elementor-widget-container\">\n\t\t\t\t\t\t\t\t\t<p><span style=\"color: #000000;\">Se\u00f1ales verticales preventivas<\/span><\/p>\t\t\t\t\t\t\t\t<\/div>\n\t\t\t\t<\/div>\n\t\t\t\t\t<\/div>\n\t\t<\/div>\n\t\t\t\t\t<\/div>\n\t\t<\/section>\n\t\t\t\t<section class=\"elementor-section elementor-top-section elementor-element elementor-element-abf9436 elementor-section-full_width elementor-section-stretched elementor-section-height-default elementor-section-height-default\" data-id=\"abf9436\" data-element_type=\"section\" data-settings=\"{&quot;stretch_section&quot;:&quot;section-stretched&quot;}\">\n\t\t\t\t\t\t<div class=\"elementor-container elementor-column-gap-default\">\n\t\t\t\t\t<div class=\"elementor-column elementor-col-50 elementor-top-column elementor-element elementor-element-235a536 elementor-hidden-mobile\" data-id=\"235a536\" data-element_type=\"column\">\n\t\t\t<div class=\"elementor-widget-wrap elementor-element-populated\">\n\t\t\t\t\t\t<div class=\"elementor-element elementor-element-488e2b8 elementor-widget elementor-widget-heading\" data-id=\"488e2b8\" data-element_type=\"widget\" data-widget_type=\"heading.default\">\n\t\t\t\t<div class=\"elementor-widget-container\">\n\t\t\t\t\t<h2 class=\"elementor-heading-title elementor-size-default\">\u00cdNDICE<\/h2>\t\t\t\t<\/div>\n\t\t\t\t<\/div>\n\t\t\t\t<div class=\"elementor-element elementor-element-e39cc5e elementor-widget elementor-widget-text-editor\" data-id=\"e39cc5e\" data-element_type=\"widget\" data-widget_type=\"text-editor.default\">\n\t\t\t\t<div class=\"elementor-widget-container\">\n\t\t\t\t\t\t\t\t\t<p><span style=\"color: #000000;\"><strong>Movilidad segura<\/strong><\/span><\/p><p><a href=\"https:\/\/conducircolombia.com\/cea\/vision-cero\">Visi\u00f3n cero.<\/a><br \/><a href=\"https:\/\/conducircolombia.com\/cea\/las-victimas-de-accidentes-de-transito\">Las v\u00edctimas de accidentes de tr\u00e1nsito<\/a>.<br \/><a href=\"https:\/\/conducircolombia.com\/cea\/los-usuarios-vulnerables-y-su-prelacion\">Los usuarios vulnerables y su prelaci\u00f3n<\/a>.<br \/><a href=\"https:\/\/conducircolombia.com\/cea\/la-corresponsabilidad\">La corresponsabilidad<\/a>.<br \/><a href=\"https:\/\/conducircolombia.com\/cea\/la-movilidad-sostenible\">La movilidad sostenible<\/a>.<br \/><a href=\"https:\/\/conducircolombia.com\/cea\/la-omision-de-socorro\">La omisi\u00f3n de socorro<\/a>.<br \/><a href=\"https:\/\/conducircolombia.com\/cea\/conduccion-preventiva\">Conducci\u00f3n preventiva.<\/a><br \/><a href=\"https:\/\/conducircolombia.com\/cea\/conduccion-eficiente\">Conducci\u00f3n eficiente<\/a>.<br \/><a href=\"https:\/\/conducircolombia.com\/cea\/la-conduccion-eficiente-y-la-seguridad-vial\">La conducci\u00f3n eficiente y la seguridad vial.<\/a><br \/><a href=\"https:\/\/conducircolombia.com\/cea\/circulacion-permanencia-y-accesibilidad-para-todos\">Circulaci\u00f3n, permanencia y accesibilidad para todos.<\/a><\/p><p><span style=\"color: #000000;\"><strong>Normas de tr\u00e1nsito<\/strong><\/span><\/p><p><a href=\"https:\/\/conducircolombia.com\/cea\/la-autorregulacion\">La autorregulaci\u00f3n. <\/a><br \/><a href=\"https:\/\/conducircolombia.com\/cea\/autoridades-de-transito\">Autoridades de Tr\u00e1nsito.<\/a><br \/><a href=\"https:\/\/conducircolombia.com\/cea\/documentos\">Documentos.<\/a><br \/><a href=\"https:\/\/conducircolombia.com\/cea\/Estructura-del-codigo\">Estructura del C\u00f3digo.<\/a><br \/><a href=\"https:\/\/conducircolombia.com\/cea\/Restricciones-especificas\">Restricciones espec\u00edficas.<\/a><br \/><a href=\"https:\/\/conducircolombia.com\/cea\/Conductas\">Conductas<\/a>.<br \/><a href=\"https:\/\/conducircolombia.com\/cea\/La-alimentacion-el-estres-y-la-fatiga\">La alimentaci\u00f3n, el estr\u00e9s y la fatiga.<\/a><br \/><a href=\"https:\/\/conducircolombia.com\/cea\/El-alcohol-y-otras-sustancias\">El alcohol y otras sustancias<\/a>.<br \/><a href=\"https:\/\/conducircolombia.com\/cea\/La-velocidad\">La velocidad.<\/a><br \/><a href=\"https:\/\/conducircolombia.com\/cea\/Respeto-de-lugares-exclusivos\">Respeto de lugares exclusivos.<\/a><\/p><p><span style=\"color: #000000;\"><strong>Se\u00f1alizaci\u00f3n<\/strong><\/span><\/p><p><a href=\"https:\/\/conducircolombia.com\/cea\/Senales-de-transito\">Se\u00f1ales de tr\u00e1nsito<\/a>.<br \/><a href=\"https:\/\/conducircolombia.com\/cea\/Las-vias\">Las v\u00edas.<\/a><br \/><a href=\"https:\/\/conducircolombia.com\/cea\/Carriles-de-transito-mixto\">Carriles de tr\u00e1nsito mixto.<\/a><br \/><a href=\"https:\/\/conducircolombia.com\/cea\/Ciclo-infraestructura\">Ciclo infraestructura.<\/a><br \/><a href=\"https:\/\/conducircolombia.com\/cea\/El-espacio-publico\">El espacio p\u00fablico.<\/a><\/p>\t\t\t\t\t\t\t\t<\/div>\n\t\t\t\t<\/div>\n\t\t\t\t\t<\/div>\n\t\t<\/div>\n\t\t\t\t<div class=\"elementor-column elementor-col-50 elementor-top-column elementor-element elementor-element-93cc19a elementor-invisible\" data-id=\"93cc19a\" data-element_type=\"column\" data-settings=\"{&quot;animation&quot;:&quot;fadeInLeft&quot;,&quot;background_background&quot;:&quot;classic&quot;}\">\n\t\t\t<div class=\"elementor-widget-wrap elementor-element-populated\">\n\t\t\t\t\t\t<div class=\"elementor-element elementor-element-7e442d3 elementor-widget elementor-widget-heading\" data-id=\"7e442d3\" data-element_type=\"widget\" data-widget_type=\"heading.default\">\n\t\t\t\t<div class=\"elementor-widget-container\">\n\t\t\t\t\t<h1 class=\"elementor-heading-title elementor-size-default\">Se\u00f1ales verticales preventivas<\/h1>\t\t\t\t<\/div>\n\t\t\t\t<\/div>\n\t\t\t\t<div class=\"elementor-element elementor-element-66e87ff elementor-widget elementor-widget-heading\" data-id=\"66e87ff\" data-element_type=\"widget\" data-widget_type=\"heading.default\">\n\t\t\t\t<div class=\"elementor-widget-container\">\n\t\t\t\t\t<h2 class=\"elementor-heading-title elementor-size-xl\">M\u00f3dulo: 1. Formaci\u00f3n te\u00f3rica<\/h2>\t\t\t\t<\/div>\n\t\t\t\t<\/div>\n\t\t\t\t<div class=\"elementor-element elementor-element-6e9b8f6 elementor-widget elementor-widget-heading\" data-id=\"6e9b8f6\" data-element_type=\"widget\" data-widget_type=\"heading.default\">\n\t\t\t\t<div class=\"elementor-widget-container\">\n\t\t\t\t\t<h3 class=\"elementor-heading-title elementor-size-large\">3. Se\u00f1alizaci\u00f3n e infraestructura<\/h3>\t\t\t\t<\/div>\n\t\t\t\t<\/div>\n\t\t\t\t<div class=\"elementor-element elementor-element-76c45f0 elementor-widget elementor-widget-text-editor\" data-id=\"76c45f0\" data-element_type=\"widget\" data-widget_type=\"text-editor.default\">\n\t\t\t\t<div class=\"elementor-widget-container\">\n\t\t\t\t\t\t\t\t\t<p style=\"text-align: center;\">\u00a0<\/p><p><img decoding=\"async\" style=\"float: left; height: 429px; margin: 0px 31px; width: 428px;\" src=\"https:\/\/conducircolombia.com\/cea\/wp-content\/uploads\/2023\/02\/preventiva1.webp\" alt=\"Se\u00f1ales preventivas\" \/> <span style=\"font-size: 28px;\"><strong>Se\u00f1ales verticales:<\/strong><\/span><\/p><p style=\"text-align: left;\"><span style=\"font-size: 22px;\"><strong>Preventivas<\/strong><\/span><\/p><p style=\"text-align: left;\"><span style=\"font-size: 22px;\">Las se\u00f1ales preventivas son se\u00f1ales de advertencia para los usuarios de la carretera sobre la existencia y naturaleza de los riesgos y situaciones imprevistas en la carretera.<\/span><\/p><p style=\"text-align: left;\"><span style=\"font-size: 22px;\">\u00a0La forma de la se\u00f1al es un <strong>rombo<\/strong> con diagonal vertical, a excepci\u00f3n de algunas se\u00f1ales espec\u00edficas que tienen una forma diferente.<br \/>\u00a0El color de la se\u00f1al es <strong>amarillo y negro<\/strong>, a excepci\u00f3n de algunas se\u00f1ales que tienen colores adicionales.<\/span><\/p><p style=\"text-align: left;\"><span style=\"font-size: 22px;\">\u00a0Las se\u00f1ales preventivas se clasifican en varios tipos seg\u00fan el origen de los riesgos que previenen:<\/span><\/p><p style=\"text-align: left;\"><span style=\"color: #000000;\"><span style=\"font-size: 28px;\"><strong>1-<\/strong><\/span><\/span><span style=\"font-size: 22px;\"> Curvatura horizontal<\/span><br \/><span style=\"color: #000000;\"><strong><span style=\"font-size: 28px;\">2-<\/span><\/strong><\/span><span style=\"font-size: 22px;\"> Pendientes longitudinales<\/span><br \/><span style=\"color: #000000;\"><strong><span style=\"font-size: 28px;\">3-<\/span><\/strong><\/span><span style=\"font-size: 22px;\"> Preventivas relacionadas con la Superficie de Rodadura<\/span><br \/><span style=\"color: #000000;\"><strong><span style=\"font-size: 28px;\">4-<\/span><\/strong><\/span><span style=\"font-size: 22px;\"> Preventivas sobre Restricciones F\u00edsicas de la V\u00eda<\/span><br \/><span style=\"color: #000000;\"><strong><span style=\"font-size: 28px;\">5-<\/span><\/strong><\/span><span style=\"font-size: 22px;\"> Preventivas de Intersecciones con otras V\u00edas<\/span><br \/><span style=\"color: #000000;\"><strong><span style=\"font-size: 28px;\">6- <\/span><\/strong><\/span><span style=\"font-size: 22px;\">Preventivas sobre Caracter\u00edsticas Operativas de la V\u00eda<\/span><br \/><strong><span style=\"color: #000000;\"><span style=\"font-size: 28px;\">7-<\/span><\/span><\/strong><span style=\"font-size: 22px;\"> Preventivas sobre Situaciones Especiales<\/span><\/p>\t\t\t\t\t\t\t\t<\/div>\n\t\t\t\t<\/div>\n\t\t\t\t<div class=\"elementor-element elementor-element-ae652af elementor-tabs-view-horizontal elementor-widget elementor-widget-tabs\" data-id=\"ae652af\" data-element_type=\"widget\" data-widget_type=\"tabs.default\">\n\t\t\t\t<div class=\"elementor-widget-container\">\n\t\t\t\t\t\t\t<div class=\"elementor-tabs\">\n\t\t\t<div class=\"elementor-tabs-wrapper\" role=\"tablist\" >\n\t\t\t\t\t\t\t\t\t<div id=\"elementor-tab-title-1821\" class=\"elementor-tab-title elementor-tab-desktop-title\" aria-selected=\"true\" data-tab=\"1\" role=\"tab\" tabindex=\"0\" aria-controls=\"elementor-tab-content-1821\" aria-expanded=\"false\">1<\/div>\n\t\t\t\t\t\t\t\t\t<div id=\"elementor-tab-title-1822\" class=\"elementor-tab-title elementor-tab-desktop-title\" aria-selected=\"false\" data-tab=\"2\" role=\"tab\" tabindex=\"-1\" aria-controls=\"elementor-tab-content-1822\" aria-expanded=\"false\">2<\/div>\n\t\t\t\t\t\t\t\t\t<div id=\"elementor-tab-title-1823\" class=\"elementor-tab-title elementor-tab-desktop-title\" aria-selected=\"false\" data-tab=\"3\" role=\"tab\" tabindex=\"-1\" aria-controls=\"elementor-tab-content-1823\" aria-expanded=\"false\">3<\/div>\n\t\t\t\t\t\t\t\t\t<div id=\"elementor-tab-title-1824\" class=\"elementor-tab-title elementor-tab-desktop-title\" aria-selected=\"false\" data-tab=\"4\" role=\"tab\" tabindex=\"-1\" aria-controls=\"elementor-tab-content-1824\" aria-expanded=\"false\">4<\/div>\n\t\t\t\t\t\t\t\t\t<div id=\"elementor-tab-title-1825\" class=\"elementor-tab-title elementor-tab-desktop-title\" aria-selected=\"false\" data-tab=\"5\" role=\"tab\" tabindex=\"-1\" aria-controls=\"elementor-tab-content-1825\" aria-expanded=\"false\">5<\/div>\n\t\t\t\t\t\t\t\t\t<div id=\"elementor-tab-title-1826\" class=\"elementor-tab-title elementor-tab-desktop-title\" aria-selected=\"false\" data-tab=\"6\" role=\"tab\" tabindex=\"-1\" aria-controls=\"elementor-tab-content-1826\" aria-expanded=\"false\">6<\/div>\n\t\t\t\t\t\t\t\t\t<div id=\"elementor-tab-title-1827\" class=\"elementor-tab-title elementor-tab-desktop-title\" aria-selected=\"false\" data-tab=\"7\" role=\"tab\" tabindex=\"-1\" aria-controls=\"elementor-tab-content-1827\" aria-expanded=\"false\">7<\/div>\n\t\t\t\t\t\t\t<\/div>\n\t\t\t<div class=\"elementor-tabs-content-wrapper\" role=\"tablist\" aria-orientation=\"vertical\">\n\t\t\t\t\t\t\t\t\t<div class=\"elementor-tab-title elementor-tab-mobile-title\" aria-selected=\"true\" data-tab=\"1\" role=\"tab\" tabindex=\"0\" aria-controls=\"elementor-tab-content-1821\" aria-expanded=\"false\">1<\/div>\n\t\t\t\t\t<div id=\"elementor-tab-content-1821\" class=\"elementor-tab-content elementor-clearfix\" data-tab=\"1\" role=\"tabpanel\" aria-labelledby=\"elementor-tab-title-1821\" tabindex=\"0\" hidden=\"false\"><p><strong>Curvatura horizontal<\/strong><\/p><p><img fetchpriority=\"high\" decoding=\"async\" class=\"alignnone wp-image-4323 size-full\" src=\"https:\/\/conducircolombia.com\/cea\/wp-content\/uploads\/2023\/02\/relacionadas-curvatura-horizontal.webp\" alt=\"\" width=\"584\" height=\"522\" srcset=\"https:\/\/conducircolombia.com\/cea\/wp-content\/uploads\/2023\/02\/relacionadas-curvatura-horizontal.webp 584w, https:\/\/conducircolombia.com\/cea\/wp-content\/uploads\/2023\/02\/relacionadas-curvatura-horizontal-300x268.webp 300w\" sizes=\"(max-width: 584px) 100vw, 584px\" \/><\/p><p><img decoding=\"async\" class=\"alignnone wp-image-4327 size-full\" src=\"https:\/\/conducircolombia.com\/cea\/wp-content\/uploads\/2023\/02\/relacionadas-curvatura-horizontal1.webp\" alt=\"\" width=\"570\" height=\"190\" srcset=\"https:\/\/conducircolombia.com\/cea\/wp-content\/uploads\/2023\/02\/relacionadas-curvatura-horizontal1.webp 570w, https:\/\/conducircolombia.com\/cea\/wp-content\/uploads\/2023\/02\/relacionadas-curvatura-horizontal1-300x100.webp 300w\" sizes=\"(max-width: 570px) 100vw, 570px\" \/><\/p><p>\u00a0<\/p><p>\u00a0<\/p><p>\u00a0<\/p><\/div>\n\t\t\t\t\t\t\t\t\t<div class=\"elementor-tab-title elementor-tab-mobile-title\" aria-selected=\"false\" data-tab=\"2\" role=\"tab\" tabindex=\"-1\" aria-controls=\"elementor-tab-content-1822\" aria-expanded=\"false\">2<\/div>\n\t\t\t\t\t<div id=\"elementor-tab-content-1822\" class=\"elementor-tab-content elementor-clearfix\" data-tab=\"2\" role=\"tabpanel\" aria-labelledby=\"elementor-tab-title-1822\" tabindex=\"0\" hidden=\"hidden\"><p><strong><span style=\"color: #000000;\">Pendientes longitudinales<\/span><\/strong><\/p><p><img decoding=\"async\" class=\"alignnone wp-image-4330 size-full\" src=\"https:\/\/conducircolombia.com\/cea\/wp-content\/uploads\/2023\/02\/relacionadas-pendientes.webp\" alt=\"\" width=\"575\" height=\"284\" srcset=\"https:\/\/conducircolombia.com\/cea\/wp-content\/uploads\/2023\/02\/relacionadas-pendientes.webp 575w, https:\/\/conducircolombia.com\/cea\/wp-content\/uploads\/2023\/02\/relacionadas-pendientes-300x148.webp 300w\" sizes=\"(max-width: 575px) 100vw, 575px\" \/><\/p><p>\u00a0<\/p><p>\u00a0<\/p><p>\u00a0<\/p><\/div>\n\t\t\t\t\t\t\t\t\t<div class=\"elementor-tab-title elementor-tab-mobile-title\" aria-selected=\"false\" data-tab=\"3\" role=\"tab\" tabindex=\"-1\" aria-controls=\"elementor-tab-content-1823\" aria-expanded=\"false\">3<\/div>\n\t\t\t\t\t<div id=\"elementor-tab-content-1823\" class=\"elementor-tab-content elementor-clearfix\" data-tab=\"3\" role=\"tabpanel\" aria-labelledby=\"elementor-tab-title-1823\" tabindex=\"0\" hidden=\"hidden\"><p><strong><span style=\"color: #000000;\">Preventivas relacionadas con la Superficie de Rodadura<\/span><\/strong><\/p><p><img loading=\"lazy\" decoding=\"async\" class=\"alignnone wp-image-4331 size-full\" src=\"https:\/\/conducircolombia.com\/cea\/wp-content\/uploads\/2023\/02\/relacionadas-pendiente-de-rodadura.webp\" alt=\"\" width=\"575\" height=\"344\" srcset=\"https:\/\/conducircolombia.com\/cea\/wp-content\/uploads\/2023\/02\/relacionadas-pendiente-de-rodadura.webp 575w, https:\/\/conducircolombia.com\/cea\/wp-content\/uploads\/2023\/02\/relacionadas-pendiente-de-rodadura-300x179.webp 300w\" sizes=\"(max-width: 575px) 100vw, 575px\" \/><\/p><p>\u00a0<\/p><p>\u00a0<\/p><p>\u00a0<\/p><\/div>\n\t\t\t\t\t\t\t\t\t<div class=\"elementor-tab-title elementor-tab-mobile-title\" aria-selected=\"false\" data-tab=\"4\" role=\"tab\" tabindex=\"-1\" aria-controls=\"elementor-tab-content-1824\" aria-expanded=\"false\">4<\/div>\n\t\t\t\t\t<div id=\"elementor-tab-content-1824\" class=\"elementor-tab-content elementor-clearfix\" data-tab=\"4\" role=\"tabpanel\" aria-labelledby=\"elementor-tab-title-1824\" tabindex=\"0\" hidden=\"hidden\"><p><strong><span style=\"color: #000000;\">Preventivas sobre Restricciones F\u00edsicas de la V\u00eda<\/span><\/strong><\/p><p><img loading=\"lazy\" decoding=\"async\" class=\"alignnone wp-image-4332 size-full\" src=\"https:\/\/conducircolombia.com\/cea\/wp-content\/uploads\/2023\/02\/relacionadas-restricciones-fisicas.webp\" alt=\"\" width=\"575\" height=\"506\" srcset=\"https:\/\/conducircolombia.com\/cea\/wp-content\/uploads\/2023\/02\/relacionadas-restricciones-fisicas.webp 575w, https:\/\/conducircolombia.com\/cea\/wp-content\/uploads\/2023\/02\/relacionadas-restricciones-fisicas-300x264.webp 300w\" sizes=\"(max-width: 575px) 100vw, 575px\" \/><\/p><p>\u00a0<\/p><p>\u00a0<\/p><p>\u00a0<\/p><\/div>\n\t\t\t\t\t\t\t\t\t<div class=\"elementor-tab-title elementor-tab-mobile-title\" aria-selected=\"false\" data-tab=\"5\" role=\"tab\" tabindex=\"-1\" aria-controls=\"elementor-tab-content-1825\" aria-expanded=\"false\">5<\/div>\n\t\t\t\t\t<div id=\"elementor-tab-content-1825\" class=\"elementor-tab-content elementor-clearfix\" data-tab=\"5\" role=\"tabpanel\" aria-labelledby=\"elementor-tab-title-1825\" tabindex=\"0\" hidden=\"hidden\"><p><strong><span style=\"color: #000000;\">Preventivas de Intersecciones con otras V\u00edas<\/span><\/strong><img loading=\"lazy\" decoding=\"async\" class=\"alignnone wp-image-4329 size-full\" src=\"https:\/\/conducircolombia.com\/cea\/wp-content\/uploads\/2023\/02\/relacionadas-intersecciones.webp\" alt=\"\" width=\"570\" height=\"663\" srcset=\"https:\/\/conducircolombia.com\/cea\/wp-content\/uploads\/2023\/02\/relacionadas-intersecciones.webp 570w, https:\/\/conducircolombia.com\/cea\/wp-content\/uploads\/2023\/02\/relacionadas-intersecciones-258x300.webp 258w\" sizes=\"(max-width: 570px) 100vw, 570px\" \/><\/p><p>\u00a0<\/p><p>\u00a0<\/p><p>\u00a0<\/p><\/div>\n\t\t\t\t\t\t\t\t\t<div class=\"elementor-tab-title elementor-tab-mobile-title\" aria-selected=\"false\" data-tab=\"6\" role=\"tab\" tabindex=\"-1\" aria-controls=\"elementor-tab-content-1826\" aria-expanded=\"false\">6<\/div>\n\t\t\t\t\t<div id=\"elementor-tab-content-1826\" class=\"elementor-tab-content elementor-clearfix\" data-tab=\"6\" role=\"tabpanel\" aria-labelledby=\"elementor-tab-title-1826\" tabindex=\"0\" hidden=\"hidden\"><p><strong><span style=\"color: #000000;\">Preventivas sobre Caracter\u00edsticas Operativas de la V\u00eda<\/span><\/strong><\/p><p><img loading=\"lazy\" decoding=\"async\" class=\"alignnone wp-image-4333 size-full\" src=\"https:\/\/conducircolombia.com\/cea\/wp-content\/uploads\/2023\/02\/relacionadas-operativas.webp\" alt=\"\" width=\"573\" height=\"366\" srcset=\"https:\/\/conducircolombia.com\/cea\/wp-content\/uploads\/2023\/02\/relacionadas-operativas.webp 573w, https:\/\/conducircolombia.com\/cea\/wp-content\/uploads\/2023\/02\/relacionadas-operativas-300x192.webp 300w\" sizes=\"(max-width: 573px) 100vw, 573px\" \/><\/p><p>\u00a0<\/p><p>\u00a0<\/p><p>\u00a0<\/p><\/div>\n\t\t\t\t\t\t\t\t\t<div class=\"elementor-tab-title elementor-tab-mobile-title\" aria-selected=\"false\" data-tab=\"7\" role=\"tab\" tabindex=\"-1\" aria-controls=\"elementor-tab-content-1827\" aria-expanded=\"false\">7<\/div>\n\t\t\t\t\t<div id=\"elementor-tab-content-1827\" class=\"elementor-tab-content elementor-clearfix\" data-tab=\"7\" role=\"tabpanel\" aria-labelledby=\"elementor-tab-title-1827\" tabindex=\"0\" hidden=\"hidden\"><p><strong><span style=\"color: #000000;\">Preventivas sobre Situaciones Especiales<\/span><\/strong><\/p><p><img loading=\"lazy\" decoding=\"async\" class=\"alignnone wp-image-4334 size-full\" src=\"https:\/\/conducircolombia.com\/cea\/wp-content\/uploads\/2023\/02\/relacionadas-situaciones-especiales.webp\" alt=\"\" width=\"573\" height=\"374\" srcset=\"https:\/\/conducircolombia.com\/cea\/wp-content\/uploads\/2023\/02\/relacionadas-situaciones-especiales.webp 573w, https:\/\/conducircolombia.com\/cea\/wp-content\/uploads\/2023\/02\/relacionadas-situaciones-especiales-300x196.webp 300w\" sizes=\"(max-width: 573px) 100vw, 573px\" \/><\/p><p>\u00a0<\/p><p>\u00a0<\/p><p>\u00a0<\/p><\/div>\n\t\t\t\t\t\t\t<\/div>\n\t\t<\/div>\n\t\t\t\t\t\t<\/div>\n\t\t\t\t<\/div>\n\t\t\t\t\t<\/div>\n\t\t<\/div>\n\t\t\t\t\t<\/div>\n\t\t<\/section>\n\t\t\t\t<section class=\"elementor-section elementor-top-section elementor-element elementor-element-8add52b elementor-section-boxed elementor-section-height-default elementor-section-height-default\" data-id=\"8add52b\" data-element_type=\"section\">\n\t\t\t\t\t\t<div class=\"elementor-container elementor-column-gap-default\">\n\t\t\t\t\t<div class=\"elementor-column elementor-col-50 elementor-top-column elementor-element elementor-element-d522df6\" data-id=\"d522df6\" data-element_type=\"column\">\n\t\t\t<div class=\"elementor-widget-wrap elementor-element-populated\">\n\t\t\t\t\t\t<div class=\"elementor-element elementor-element-e1944f7 elementor-widget elementor-widget-text-editor\" data-id=\"e1944f7\" data-element_type=\"widget\" data-widget_type=\"text-editor.default\">\n\t\t\t\t<div class=\"elementor-widget-container\">\n\t\t\t\t\t\t\t\t\t<p style=\"text-align: right;\">| <a href=\"https:\/\/conducircolombia.com\/cea\/senales-reglamentarias\">Anterior <\/a>| <a href=\"https:\/\/conducircolombia.com\/cea\/senales-informativas\">Siguiente<\/a> |<\/p>\t\t\t\t\t\t\t\t<\/div>\n\t\t\t\t<\/div>\n\t\t\t\t\t<\/div>\n\t\t<\/div>\n\t\t\t\t<div class=\"elementor-column elementor-col-50 elementor-top-column elementor-element elementor-element-c893a5f\" data-id=\"c893a5f\" data-element_type=\"column\">\n\t\t\t<div class=\"elementor-widget-wrap elementor-element-populated\">\n\t\t\t\t\t\t<div class=\"elementor-element elementor-element-b05d453 elementor-align-right elementor-hidden-desktop elementor-widget elementor-widget-button\" data-id=\"b05d453\" data-element_type=\"widget\" data-widget_type=\"button.default\">\n\t\t\t\t<div class=\"elementor-widget-container\">\n\t\t\t\t\t\t\t\t\t<div class=\"elementor-button-wrapper\">\n\t\t\t\t\t<a class=\"elementor-button elementor-button-link elementor-size-sm\" href=\"https:\/\/conducircolombia.com\/cea\/indice-formacion-teorica\">\n\t\t\t\t\t\t<span class=\"elementor-button-content-wrapper\">\n\t\t\t\t\t\t\t\t\t<span class=\"elementor-button-text\">Ir al \u00edndice<\/span>\n\t\t\t\t\t<\/span>\n\t\t\t\t\t<\/a>\n\t\t\t\t<\/div>\n\t\t\t\t\t\t\t\t<\/div>\n\t\t\t\t<\/div>\n\t\t\t\t\t<\/div>\n\t\t<\/div>\n\t\t\t\t\t<\/div>\n\t\t<\/section>\n\t\t\t\t<section class=\"elementor-section elementor-top-section elementor-element elementor-element-e57aa89 elementor-section-boxed elementor-section-height-default elementor-section-height-default\" data-id=\"e57aa89\" data-element_type=\"section\">\n\t\t\t\t\t\t<div class=\"elementor-container elementor-column-gap-default\">\n\t\t\t\t\t<div class=\"elementor-column elementor-col-100 elementor-top-column elementor-element elementor-element-230ef1b\" data-id=\"230ef1b\" data-element_type=\"column\">\n\t\t\t<div class=\"elementor-widget-wrap elementor-element-populated\">\n\t\t\t\t\t\t<div class=\"elementor-element elementor-element-4ec37f1 elementor-widget elementor-widget-image\" data-id=\"4ec37f1\" data-element_type=\"widget\" data-widget_type=\"image.default\">\n\t\t\t\t<div class=\"elementor-widget-container\">\n\t\t\t\t\t\t\t\t\t\t\t\t<figure class=\"wp-caption\">\n\t\t\t\t\t\t\t\t\t\t\t<a href=\"#arriba\">\n\t\t\t\t\t\t\t<img decoding=\"async\" src=\"https:\/\/conducircolombia.com\/cea\/wp-content\/uploads\/elementor\/thumbs\/arriba-q09wc4h6tpltpvw9t0jxwlp9yg6w77sa4flvsswuv0.png\" title=\"arriba\" alt=\"Ir Arriba\" loading=\"lazy\" \/>\t\t\t\t\t\t\t\t<\/a>\n\t\t\t\t\t\t\t\t\t\t\t<figcaption class=\"widget-image-caption wp-caption-text\">Arriba<\/figcaption>\n\t\t\t\t\t\t\t\t\t\t<\/figure>\n\t\t\t\t\t\t\t\t\t<\/div>\n\t\t\t\t<\/div>\n\t\t\t\t\t<\/div>\n\t\t<\/div>\n\t\t\t\t\t<\/div>\n\t\t<\/section>\n\t\t\t\t<\/div>\n\t\t","protected":false},"excerpt":{"rendered":"<p>Se\u00f1ales verticales preventivas \u00cdNDICE Movilidad segura Visi\u00f3n cero.Las v\u00edctimas de accidentes de tr\u00e1nsito.Los usuarios vulnerables y su prelaci\u00f3n.La corresponsabilidad.La movilidad [&hellip;]<\/p>\n","protected":false},"author":1,"featured_media":4317,"comment_status":"closed","ping_status":"closed","sticky":false,"template":"elementor_theme","format":"standard","meta":{"site-sidebar-layout":"default","site-content-layout":"","ast-site-content-layout":"","site-content-style":"default","site-sidebar-style":"default","ast-global-header-display":"","ast-banner-title-visibility":"","ast-main-header-display":"","ast-hfb-above-header-display":"","ast-hfb-below-header-display":"","ast-hfb-mobile-header-display":"","site-post-title":"","ast-breadcrumbs-content":"","ast-featured-img":"","footer-sml-layout":"","theme-transparent-header-meta":"","adv-header-id-meta":"","stick-header-meta":"","header-above-stick-meta":"","header-main-stick-meta":"","header-below-stick-meta":"","astra-migrate-meta-layouts":"default","ast-page-background-enabled":"default","ast-page-background-meta":{"desktop":{"background-color":"var(--ast-global-color-4)","background-image":"","background-repeat":"repeat","background-position":"center center","background-size":"auto","background-attachment":"scroll","background-type":"","background-media":"","overlay-type":"","overlay-color":"","overlay-opacity":"","overlay-gradient":""},"tablet":{"background-color":"","background-image":"","background-repeat":"repeat","background-position":"center center","background-size":"auto","background-attachment":"scroll","background-type":"","background-media":"","overlay-type":"","overlay-color":"","overlay-opacity":"","overlay-gradient":""},"mobile":{"background-color":"","background-image":"","background-repeat":"repeat","background-position":"center center","background-size":"auto","background-attachment":"scroll","background-type":"","background-media":"","overlay-type":"","overlay-color":"","overlay-opacity":"","overlay-gradient":""}},"ast-content-background-meta":{"desktop":{"background-color":"var(--ast-global-color-5)","background-image":"","background-repeat":"repeat","background-position":"center center","background-size":"auto","background-attachment":"scroll","background-type":"","background-media":"","overlay-type":"","overlay-color":"","overlay-opacity":"","overlay-gradient":""},"tablet":{"background-color":"var(--ast-global-color-5)","background-image":"","background-repeat":"repeat","background-position":"center center","background-size":"auto","background-attachment":"scroll","background-type":"","background-media":"","overlay-type":"","overlay-color":"","overlay-opacity":"","overlay-gradient":""},"mobile":{"background-color":"var(--ast-global-color-5)","background-image":"","background-repeat":"repeat","background-position":"center center","background-size":"auto","background-attachment":"scroll","background-type":"","background-media":"","overlay-type":"","overlay-color":"","overlay-opacity":"","overlay-gradient":""}},"footnotes":""},"categories":[11],"tags":[],"class_list":["post-4316","post","type-post","status-publish","format-standard","has-post-thumbnail","hentry","category-mallas-curriculares"],"yoast_head":"<!-- This site is optimized with the Yoast SEO plugin v26.4 - https:\/\/yoast.com\/wordpress\/plugins\/seo\/ -->\n<title>Se\u00f1ales verticales preventivas - Conducir Colombia<\/title>\n<meta name=\"description\" content=\"Se\u00f1ales verticales preventivas | Estas se\u00f1ales ayudan a que los conductores tomen las precauciones del caso |\" \/>\n<meta name=\"robots\" content=\"index, follow, max-snippet:-1, max-image-preview:large, max-video-preview:-1\" \/>\n<link rel=\"canonical\" href=\"https:\/\/conducircolombia.com\/cea\/senales-preventivas\/\" \/>\n<meta property=\"og:locale\" content=\"es_ES\" \/>\n<meta property=\"og:type\" content=\"article\" \/>\n<meta property=\"og:title\" content=\"Se\u00f1ales verticales preventivas - Conducir Colombia\" \/>\n<meta property=\"og:description\" content=\"Se\u00f1ales verticales preventivas | Estas se\u00f1ales ayudan a que los conductores tomen las precauciones del caso |\" \/>\n<meta property=\"og:url\" content=\"https:\/\/conducircolombia.com\/cea\/senales-preventivas\/\" \/>\n<meta property=\"og:site_name\" content=\"Conducir Colombia\" \/>\n<meta property=\"article:publisher\" content=\"https:\/\/www.facebook.com\/ConducirColombiaBogota\" \/>\n<meta property=\"article:published_time\" content=\"2023-02-01T14:50:00+00:00\" \/>\n<meta property=\"article:modified_time\" content=\"2023-06-07T04:03:16+00:00\" \/>\n<meta property=\"og:image\" content=\"https:\/\/conducircolombia.com\/cea\/wp-content\/uploads\/2023\/02\/preventiva1.webp\" \/>\n\t<meta property=\"og:image:width\" content=\"428\" \/>\n\t<meta property=\"og:image:height\" content=\"429\" \/>\n\t<meta property=\"og:image:type\" content=\"image\/webp\" \/>\n<meta name=\"author\" content=\"conducir\" \/>\n<meta name=\"twitter:card\" content=\"summary_large_image\" \/>\n<meta name=\"twitter:label1\" content=\"Escrito por\" \/>\n\t<meta name=\"twitter:data1\" content=\"conducir\" \/>\n\t<meta name=\"twitter:label2\" content=\"Tiempo de lectura\" \/>\n\t<meta name=\"twitter:data2\" content=\"4 minutos\" \/>\n<script type=\"application\/ld+json\" class=\"yoast-schema-graph\">{\"@context\":\"https:\/\/schema.org\",\"@graph\":[{\"@type\":\"Article\",\"@id\":\"https:\/\/conducircolombia.com\/cea\/senales-preventivas\/#article\",\"isPartOf\":{\"@id\":\"https:\/\/conducircolombia.com\/cea\/senales-preventivas\/\"},\"author\":{\"name\":\"conducir\",\"@id\":\"https:\/\/conducircolombia.com\/cea\/#\/schema\/person\/f46408961e009da1824aa2945feb7023\"},\"headline\":\"Senales preventivas\",\"datePublished\":\"2023-02-01T14:50:00+00:00\",\"dateModified\":\"2023-06-07T04:03:16+00:00\",\"mainEntityOfPage\":{\"@id\":\"https:\/\/conducircolombia.com\/cea\/senales-preventivas\/\"},\"wordCount\":326,\"publisher\":{\"@id\":\"https:\/\/conducircolombia.com\/cea\/#organization\"},\"image\":{\"@id\":\"https:\/\/conducircolombia.com\/cea\/senales-preventivas\/#primaryimage\"},\"thumbnailUrl\":\"https:\/\/conducircolombia.com\/cea\/wp-content\/uploads\/2023\/02\/preventiva1.webp\",\"articleSection\":[\"Mallas Curriculares\"],\"inLanguage\":\"es\"},{\"@type\":\"WebPage\",\"@id\":\"https:\/\/conducircolombia.com\/cea\/senales-preventivas\/\",\"url\":\"https:\/\/conducircolombia.com\/cea\/senales-preventivas\/\",\"name\":\"Se\u00f1ales verticales preventivas - Conducir Colombia\",\"isPartOf\":{\"@id\":\"https:\/\/conducircolombia.com\/cea\/#website\"},\"primaryImageOfPage\":{\"@id\":\"https:\/\/conducircolombia.com\/cea\/senales-preventivas\/#primaryimage\"},\"image\":{\"@id\":\"https:\/\/conducircolombia.com\/cea\/senales-preventivas\/#primaryimage\"},\"thumbnailUrl\":\"https:\/\/conducircolombia.com\/cea\/wp-content\/uploads\/2023\/02\/preventiva1.webp\",\"datePublished\":\"2023-02-01T14:50:00+00:00\",\"dateModified\":\"2023-06-07T04:03:16+00:00\",\"description\":\"Se\u00f1ales verticales preventivas | Estas se\u00f1ales ayudan a que los conductores tomen las precauciones del caso |\",\"breadcrumb\":{\"@id\":\"https:\/\/conducircolombia.com\/cea\/senales-preventivas\/#breadcrumb\"},\"inLanguage\":\"es\",\"potentialAction\":[{\"@type\":\"ReadAction\",\"target\":[\"https:\/\/conducircolombia.com\/cea\/senales-preventivas\/\"]}]},{\"@type\":\"ImageObject\",\"inLanguage\":\"es\",\"@id\":\"https:\/\/conducircolombia.com\/cea\/senales-preventivas\/#primaryimage\",\"url\":\"https:\/\/conducircolombia.com\/cea\/wp-content\/uploads\/2023\/02\/preventiva1.webp\",\"contentUrl\":\"https:\/\/conducircolombia.com\/cea\/wp-content\/uploads\/2023\/02\/preventiva1.webp\",\"width\":428,\"height\":429,\"caption\":\"Preventivas\"},{\"@type\":\"BreadcrumbList\",\"@id\":\"https:\/\/conducircolombia.com\/cea\/senales-preventivas\/#breadcrumb\",\"itemListElement\":[{\"@type\":\"ListItem\",\"position\":1,\"name\":\"Portada\",\"item\":\"https:\/\/conducircolombia.com\/cea\/\"},{\"@type\":\"ListItem\",\"position\":2,\"name\":\"Senales preventivas\"}]},{\"@type\":\"WebSite\",\"@id\":\"https:\/\/conducircolombia.com\/cea\/#website\",\"url\":\"https:\/\/conducircolombia.com\/cea\/\",\"name\":\"Conducir Colombia\",\"description\":\"Academia de Conducci\u00f3n\",\"publisher\":{\"@id\":\"https:\/\/conducircolombia.com\/cea\/#organization\"},\"potentialAction\":[{\"@type\":\"SearchAction\",\"target\":{\"@type\":\"EntryPoint\",\"urlTemplate\":\"https:\/\/conducircolombia.com\/cea\/?s={search_term_string}\"},\"query-input\":{\"@type\":\"PropertyValueSpecification\",\"valueRequired\":true,\"valueName\":\"search_term_string\"}}],\"inLanguage\":\"es\"},{\"@type\":\"Organization\",\"@id\":\"https:\/\/conducircolombia.com\/cea\/#organization\",\"name\":\"Conducir Colombia\",\"alternateName\":\"Conducir Colombia\",\"url\":\"https:\/\/conducircolombia.com\/cea\/\",\"logo\":{\"@type\":\"ImageObject\",\"inLanguage\":\"es\",\"@id\":\"https:\/\/conducircolombia.com\/cea\/#\/schema\/logo\/image\/\",\"url\":\"https:\/\/conducircolombia.com\/cea\/wp-content\/uploads\/2025\/02\/logowp.jpg\",\"contentUrl\":\"https:\/\/conducircolombia.com\/cea\/wp-content\/uploads\/2025\/02\/logowp.jpg\",\"width\":300,\"height\":299,\"caption\":\"Conducir Colombia\"},\"image\":{\"@id\":\"https:\/\/conducircolombia.com\/cea\/#\/schema\/logo\/image\/\"},\"sameAs\":[\"https:\/\/www.facebook.com\/ConducirColombiaBogota\"]},{\"@type\":\"Person\",\"@id\":\"https:\/\/conducircolombia.com\/cea\/#\/schema\/person\/f46408961e009da1824aa2945feb7023\",\"name\":\"conducir\",\"image\":{\"@type\":\"ImageObject\",\"inLanguage\":\"es\",\"@id\":\"https:\/\/conducircolombia.com\/cea\/#\/schema\/person\/image\/\",\"url\":\"https:\/\/secure.gravatar.com\/avatar\/9643ba75ec7766c1087fac13c7a122a44c2a2e077f5777fee06c709345c575cc?s=96&d=mm&r=g\",\"contentUrl\":\"https:\/\/secure.gravatar.com\/avatar\/9643ba75ec7766c1087fac13c7a122a44c2a2e077f5777fee06c709345c575cc?s=96&d=mm&r=g\",\"caption\":\"conducir\"},\"sameAs\":[\"https:\/\/conducircolombia.com\/cea\"],\"url\":\"https:\/\/conducircolombia.com\/cea\/author\/conducir\/\"}]}<\/script>\n<!-- \/ Yoast SEO plugin. -->","yoast_head_json":{"title":"Se\u00f1ales verticales preventivas - Conducir Colombia","description":"Se\u00f1ales verticales preventivas | Estas se\u00f1ales ayudan a que los conductores tomen las precauciones del caso |","robots":{"index":"index","follow":"follow","max-snippet":"max-snippet:-1","max-image-preview":"max-image-preview:large","max-video-preview":"max-video-preview:-1"},"canonical":"https:\/\/conducircolombia.com\/cea\/senales-preventivas\/","og_locale":"es_ES","og_type":"article","og_title":"Se\u00f1ales verticales preventivas - Conducir Colombia","og_description":"Se\u00f1ales verticales preventivas | Estas se\u00f1ales ayudan a que los conductores tomen las precauciones del caso |","og_url":"https:\/\/conducircolombia.com\/cea\/senales-preventivas\/","og_site_name":"Conducir Colombia","article_publisher":"https:\/\/www.facebook.com\/ConducirColombiaBogota","article_published_time":"2023-02-01T14:50:00+00:00","article_modified_time":"2023-06-07T04:03:16+00:00","og_image":[{"width":428,"height":429,"url":"https:\/\/conducircolombia.com\/cea\/wp-content\/uploads\/2023\/02\/preventiva1.webp","type":"image\/webp"}],"author":"conducir","twitter_card":"summary_large_image","twitter_misc":{"Escrito por":"conducir","Tiempo de lectura":"4 minutos"},"schema":{"@context":"https:\/\/schema.org","@graph":[{"@type":"Article","@id":"https:\/\/conducircolombia.com\/cea\/senales-preventivas\/#article","isPartOf":{"@id":"https:\/\/conducircolombia.com\/cea\/senales-preventivas\/"},"author":{"name":"conducir","@id":"https:\/\/conducircolombia.com\/cea\/#\/schema\/person\/f46408961e009da1824aa2945feb7023"},"headline":"Senales preventivas","datePublished":"2023-02-01T14:50:00+00:00","dateModified":"2023-06-07T04:03:16+00:00","mainEntityOfPage":{"@id":"https:\/\/conducircolombia.com\/cea\/senales-preventivas\/"},"wordCount":326,"publisher":{"@id":"https:\/\/conducircolombia.com\/cea\/#organization"},"image":{"@id":"https:\/\/conducircolombia.com\/cea\/senales-preventivas\/#primaryimage"},"thumbnailUrl":"https:\/\/conducircolombia.com\/cea\/wp-content\/uploads\/2023\/02\/preventiva1.webp","articleSection":["Mallas Curriculares"],"inLanguage":"es"},{"@type":"WebPage","@id":"https:\/\/conducircolombia.com\/cea\/senales-preventivas\/","url":"https:\/\/conducircolombia.com\/cea\/senales-preventivas\/","name":"Se\u00f1ales verticales preventivas - Conducir Colombia","isPartOf":{"@id":"https:\/\/conducircolombia.com\/cea\/#website"},"primaryImageOfPage":{"@id":"https:\/\/conducircolombia.com\/cea\/senales-preventivas\/#primaryimage"},"image":{"@id":"https:\/\/conducircolombia.com\/cea\/senales-preventivas\/#primaryimage"},"thumbnailUrl":"https:\/\/conducircolombia.com\/cea\/wp-content\/uploads\/2023\/02\/preventiva1.webp","datePublished":"2023-02-01T14:50:00+00:00","dateModified":"2023-06-07T04:03:16+00:00","description":"Se\u00f1ales verticales preventivas | Estas se\u00f1ales ayudan a que los conductores tomen las precauciones del caso |","breadcrumb":{"@id":"https:\/\/conducircolombia.com\/cea\/senales-preventivas\/#breadcrumb"},"inLanguage":"es","potentialAction":[{"@type":"ReadAction","target":["https:\/\/conducircolombia.com\/cea\/senales-preventivas\/"]}]},{"@type":"ImageObject","inLanguage":"es","@id":"https:\/\/conducircolombia.com\/cea\/senales-preventivas\/#primaryimage","url":"https:\/\/conducircolombia.com\/cea\/wp-content\/uploads\/2023\/02\/preventiva1.webp","contentUrl":"https:\/\/conducircolombia.com\/cea\/wp-content\/uploads\/2023\/02\/preventiva1.webp","width":428,"height":429,"caption":"Preventivas"},{"@type":"BreadcrumbList","@id":"https:\/\/conducircolombia.com\/cea\/senales-preventivas\/#breadcrumb","itemListElement":[{"@type":"ListItem","position":1,"name":"Portada","item":"https:\/\/conducircolombia.com\/cea\/"},{"@type":"ListItem","position":2,"name":"Senales preventivas"}]},{"@type":"WebSite","@id":"https:\/\/conducircolombia.com\/cea\/#website","url":"https:\/\/conducircolombia.com\/cea\/","name":"Conducir Colombia","description":"Academia de Conducci\u00f3n","publisher":{"@id":"https:\/\/conducircolombia.com\/cea\/#organization"},"potentialAction":[{"@type":"SearchAction","target":{"@type":"EntryPoint","urlTemplate":"https:\/\/conducircolombia.com\/cea\/?s={search_term_string}"},"query-input":{"@type":"PropertyValueSpecification","valueRequired":true,"valueName":"search_term_string"}}],"inLanguage":"es"},{"@type":"Organization","@id":"https:\/\/conducircolombia.com\/cea\/#organization","name":"Conducir Colombia","alternateName":"Conducir Colombia","url":"https:\/\/conducircolombia.com\/cea\/","logo":{"@type":"ImageObject","inLanguage":"es","@id":"https:\/\/conducircolombia.com\/cea\/#\/schema\/logo\/image\/","url":"https:\/\/conducircolombia.com\/cea\/wp-content\/uploads\/2025\/02\/logowp.jpg","contentUrl":"https:\/\/conducircolombia.com\/cea\/wp-content\/uploads\/2025\/02\/logowp.jpg","width":300,"height":299,"caption":"Conducir Colombia"},"image":{"@id":"https:\/\/conducircolombia.com\/cea\/#\/schema\/logo\/image\/"},"sameAs":["https:\/\/www.facebook.com\/ConducirColombiaBogota"]},{"@type":"Person","@id":"https:\/\/conducircolombia.com\/cea\/#\/schema\/person\/f46408961e009da1824aa2945feb7023","name":"conducir","image":{"@type":"ImageObject","inLanguage":"es","@id":"https:\/\/conducircolombia.com\/cea\/#\/schema\/person\/image\/","url":"https:\/\/secure.gravatar.com\/avatar\/9643ba75ec7766c1087fac13c7a122a44c2a2e077f5777fee06c709345c575cc?s=96&d=mm&r=g","contentUrl":"https:\/\/secure.gravatar.com\/avatar\/9643ba75ec7766c1087fac13c7a122a44c2a2e077f5777fee06c709345c575cc?s=96&d=mm&r=g","caption":"conducir"},"sameAs":["https:\/\/conducircolombia.com\/cea"],"url":"https:\/\/conducircolombia.com\/cea\/author\/conducir\/"}]}},"_links":{"self":[{"href":"https:\/\/conducircolombia.com\/cea\/wp-json\/wp\/v2\/posts\/4316","targetHints":{"allow":["GET"]}}],"collection":[{"href":"https:\/\/conducircolombia.com\/cea\/wp-json\/wp\/v2\/posts"}],"about":[{"href":"https:\/\/conducircolombia.com\/cea\/wp-json\/wp\/v2\/types\/post"}],"author":[{"embeddable":true,"href":"https:\/\/conducircolombia.com\/cea\/wp-json\/wp\/v2\/users\/1"}],"replies":[{"embeddable":true,"href":"https:\/\/conducircolombia.com\/cea\/wp-json\/wp\/v2\/comments?post=4316"}],"version-history":[{"count":76,"href":"https:\/\/conducircolombia.com\/cea\/wp-json\/wp\/v2\/posts\/4316\/revisions"}],"predecessor-version":[{"id":7911,"href":"https:\/\/conducircolombia.com\/cea\/wp-json\/wp\/v2\/posts\/4316\/revisions\/7911"}],"wp:featuredmedia":[{"embeddable":true,"href":"https:\/\/conducircolombia.com\/cea\/wp-json\/wp\/v2\/media\/4317"}],"wp:attachment":[{"href":"https:\/\/conducircolombia.com\/cea\/wp-json\/wp\/v2\/media?parent=4316"}],"wp:term":[{"taxonomy":"category","embeddable":true,"href":"https:\/\/conducircolombia.com\/cea\/wp-json\/wp\/v2\/categories?post=4316"},{"taxonomy":"post_tag","embeddable":true,"href":"https:\/\/conducircolombia.com\/cea\/wp-json\/wp\/v2\/tags?post=4316"}],"curies":[{"name":"wp","href":"https:\/\/api.w.org\/{rel}","templated":true}]}}