{"id":4386,"date":"2023-02-01T19:52:20","date_gmt":"2023-02-02T00:52:20","guid":{"rendered":"https:\/\/conducircolombia.com\/cea\/?p=4386"},"modified":"2023-06-06T22:59:47","modified_gmt":"2023-06-07T03:59:47","slug":"senales-reglamentarias","status":"publish","type":"post","link":"https:\/\/conducircolombia.com\/cea\/senales-reglamentarias\/","title":{"rendered":"Senales Reglamentarias"},"content":{"rendered":"\t\t<div data-elementor-type=\"wp-post\" data-elementor-id=\"4386\" class=\"elementor elementor-4386\">\n\t\t\t\t\t\t<section class=\"elementor-section elementor-top-section elementor-element elementor-element-b70e399 elementor-section-boxed elementor-section-height-default elementor-section-height-default\" data-id=\"b70e399\" data-element_type=\"section\">\n\t\t\t\t\t\t<div class=\"elementor-container elementor-column-gap-default\">\n\t\t\t\t\t<div class=\"elementor-column elementor-col-100 elementor-top-column elementor-element elementor-element-4389b72\" data-id=\"4389b72\" data-element_type=\"column\">\n\t\t\t<div class=\"elementor-widget-wrap elementor-element-populated\">\n\t\t\t\t\t\t<div class=\"elementor-element elementor-element-961fa16 elementor-widget elementor-widget-text-editor\" data-id=\"961fa16\" data-element_type=\"widget\" data-widget_type=\"text-editor.default\">\n\t\t\t\t<div class=\"elementor-widget-container\">\n\t\t\t\t\t\t\t\t\t<p><span style=\"color: #000000;\">Se\u00f1ales verticales reglamentarias<\/span><\/p>\t\t\t\t\t\t\t\t<\/div>\n\t\t\t\t<\/div>\n\t\t\t\t\t<\/div>\n\t\t<\/div>\n\t\t\t\t\t<\/div>\n\t\t<\/section>\n\t\t\t\t<section class=\"elementor-section elementor-top-section elementor-element elementor-element-559f94a elementor-section-full_width elementor-section-stretched elementor-section-height-default elementor-section-height-default\" data-id=\"559f94a\" data-element_type=\"section\" data-settings=\"{&quot;stretch_section&quot;:&quot;section-stretched&quot;}\">\n\t\t\t\t\t\t<div class=\"elementor-container elementor-column-gap-default\">\n\t\t\t\t\t<div class=\"elementor-column elementor-col-50 elementor-top-column elementor-element elementor-element-c158efc elementor-hidden-mobile\" data-id=\"c158efc\" data-element_type=\"column\">\n\t\t\t<div class=\"elementor-widget-wrap elementor-element-populated\">\n\t\t\t\t\t\t<div class=\"elementor-element elementor-element-6137921 elementor-widget elementor-widget-heading\" data-id=\"6137921\" data-element_type=\"widget\" data-widget_type=\"heading.default\">\n\t\t\t\t<div class=\"elementor-widget-container\">\n\t\t\t\t\t<h2 class=\"elementor-heading-title elementor-size-default\">\u00cdNDICE<\/h2>\t\t\t\t<\/div>\n\t\t\t\t<\/div>\n\t\t\t\t<div class=\"elementor-element elementor-element-dc256cd elementor-widget elementor-widget-text-editor\" data-id=\"dc256cd\" data-element_type=\"widget\" data-widget_type=\"text-editor.default\">\n\t\t\t\t<div class=\"elementor-widget-container\">\n\t\t\t\t\t\t\t\t\t<p><span style=\"color: #000000;\"><strong>Movilidad segura<\/strong><\/span><\/p><p><a href=\"https:\/\/conducircolombia.com\/cea\/vision-cero\">Visi\u00f3n cero.<\/a><br \/><a href=\"https:\/\/conducircolombia.com\/cea\/las-victimas-de-accidentes-de-transito\">Las v\u00edctimas de accidentes de tr\u00e1nsito<\/a>.<br \/><a href=\"https:\/\/conducircolombia.com\/cea\/los-usuarios-vulnerables-y-su-prelacion\">Los usuarios vulnerables y su prelaci\u00f3n<\/a>.<br \/><a href=\"https:\/\/conducircolombia.com\/cea\/la-corresponsabilidad\">La corresponsabilidad<\/a>.<br \/><a href=\"https:\/\/conducircolombia.com\/cea\/la-movilidad-sostenible\">La movilidad sostenible<\/a>.<br \/><a href=\"https:\/\/conducircolombia.com\/cea\/la-omision-de-socorro\">La omisi\u00f3n de socorro<\/a>.<br \/><a href=\"https:\/\/conducircolombia.com\/cea\/conduccion-preventiva\">Conducci\u00f3n preventiva.<\/a><br \/><a href=\"https:\/\/conducircolombia.com\/cea\/conduccion-eficiente\">Conducci\u00f3n eficiente<\/a>.<br \/><a href=\"https:\/\/conducircolombia.com\/cea\/la-conduccion-eficiente-y-la-seguridad-vial\">La conducci\u00f3n eficiente y la seguridad vial.<\/a><br \/><a href=\"https:\/\/conducircolombia.com\/cea\/circulacion-permanencia-y-accesibilidad-para-todos\">Circulaci\u00f3n, permanencia y accesibilidad para todos.<\/a><\/p><p><span style=\"color: #000000;\"><strong>Normas de tr\u00e1nsito<\/strong><\/span><\/p><p><a href=\"https:\/\/conducircolombia.com\/cea\/la-autorregulacion\">La autorregulaci\u00f3n. <\/a><br \/><a href=\"https:\/\/conducircolombia.com\/cea\/autoridades-de-transito\">Autoridades de Tr\u00e1nsito.<\/a><br \/><a href=\"https:\/\/conducircolombia.com\/cea\/documentos\">Documentos.<\/a><br \/><a href=\"https:\/\/conducircolombia.com\/cea\/Estructura-del-codigo\">Estructura del C\u00f3digo.<\/a><br \/><a href=\"https:\/\/conducircolombia.com\/cea\/Restricciones-especificas\">Restricciones espec\u00edficas.<\/a><br \/><a href=\"https:\/\/conducircolombia.com\/cea\/Conductas\">Conductas<\/a>.<br \/><a href=\"https:\/\/conducircolombia.com\/cea\/La-alimentacion-el-estres-y-la-fatiga\">La alimentaci\u00f3n, el estr\u00e9s y la fatiga.<\/a><br \/><a href=\"https:\/\/conducircolombia.com\/cea\/El-alcohol-y-otras-sustancias\">El alcohol y otras sustancias<\/a>.<br \/><a href=\"https:\/\/conducircolombia.com\/cea\/La-velocidad\">La velocidad.<\/a><br \/><a href=\"https:\/\/conducircolombia.com\/cea\/Respeto-de-lugares-exclusivos\">Respeto de lugares exclusivos.<\/a><\/p><p><span style=\"color: #000000;\"><strong>Se\u00f1alizaci\u00f3n<\/strong><\/span><\/p><p><a href=\"https:\/\/conducircolombia.com\/cea\/Senales-de-transito\">Se\u00f1ales de tr\u00e1nsito<\/a>.<br \/><a href=\"https:\/\/conducircolombia.com\/cea\/Las-vias\">Las v\u00edas.<\/a><br \/><a href=\"https:\/\/conducircolombia.com\/cea\/Carriles-de-transito-mixto\">Carriles de tr\u00e1nsito mixto.<\/a><br \/><a href=\"https:\/\/conducircolombia.com\/cea\/Ciclo-infraestructura\">Ciclo infraestructura.<\/a><br \/><a href=\"https:\/\/conducircolombia.com\/cea\/El-espacio-publico\">El espacio p\u00fablico.<\/a><\/p>\t\t\t\t\t\t\t\t<\/div>\n\t\t\t\t<\/div>\n\t\t\t\t\t<\/div>\n\t\t<\/div>\n\t\t\t\t<div class=\"elementor-column elementor-col-50 elementor-top-column elementor-element elementor-element-9e2e0eb elementor-invisible\" data-id=\"9e2e0eb\" data-element_type=\"column\" data-settings=\"{&quot;animation&quot;:&quot;fadeInLeft&quot;,&quot;background_background&quot;:&quot;classic&quot;}\">\n\t\t\t<div class=\"elementor-widget-wrap elementor-element-populated\">\n\t\t\t\t\t\t<div class=\"elementor-element elementor-element-79528f7 elementor-widget elementor-widget-heading\" data-id=\"79528f7\" data-element_type=\"widget\" data-widget_type=\"heading.default\">\n\t\t\t\t<div class=\"elementor-widget-container\">\n\t\t\t\t\t<h1 class=\"elementor-heading-title elementor-size-default\">Se\u00f1ales verticales reglamentarias<\/h1>\t\t\t\t<\/div>\n\t\t\t\t<\/div>\n\t\t\t\t<div class=\"elementor-element elementor-element-ed7163a elementor-widget elementor-widget-heading\" data-id=\"ed7163a\" data-element_type=\"widget\" data-widget_type=\"heading.default\">\n\t\t\t\t<div class=\"elementor-widget-container\">\n\t\t\t\t\t<h2 class=\"elementor-heading-title elementor-size-xl\">M\u00f3dulo: 1. Formaci\u00f3n te\u00f3rica<\/h2>\t\t\t\t<\/div>\n\t\t\t\t<\/div>\n\t\t\t\t<div class=\"elementor-element elementor-element-fb0244f elementor-widget elementor-widget-heading\" data-id=\"fb0244f\" data-element_type=\"widget\" data-widget_type=\"heading.default\">\n\t\t\t\t<div class=\"elementor-widget-container\">\n\t\t\t\t\t<h3 class=\"elementor-heading-title elementor-size-large\">3. Se\u00f1alizaci\u00f3n e infraestructura<\/h3>\t\t\t\t<\/div>\n\t\t\t\t<\/div>\n\t\t\t\t<div class=\"elementor-element elementor-element-983515d elementor-widget elementor-widget-text-editor\" data-id=\"983515d\" data-element_type=\"widget\" data-widget_type=\"text-editor.default\">\n\t\t\t\t<div class=\"elementor-widget-container\">\n\t\t\t\t\t\t\t\t\t<p style=\"text-align: center;\">\u00a0<\/p><p style=\"text-align: left;\"><img decoding=\"async\" style=\"float: left; height: 401px; margin: 0px 31px; width: 400px;\" src=\"https:\/\/conducircolombia.com\/cea\/wp-content\/uploads\/2023\/02\/Reglamentaria-e1675299415763.webp\" alt=\"Se\u00f1ales reglamentarias\" \/> <span style=\"font-size: 28px;\"><strong>Se\u00f1ales verticales:<\/strong><\/span><\/p><p style=\"text-align: left;\"><span style=\"font-size: 22px;\"><strong>Reglamentarias<\/strong><\/span><\/p><p style=\"text-align: left;\"><span style=\"font-size: 22px;\">Las se\u00f1ales reglamentarias son para informar a los usuarios de las v\u00edas sobre las prioridades y limitaciones.<\/span><\/p><p style=\"text-align: left;\"><span style=\"font-size: 22px;\">Su violaci\u00f3n conlleva sanciones seg\u00fan el C\u00f3digo Nacional de Tr\u00e1nsito Terrestre. <\/span><\/p><p style=\"text-align: left;\"><span style=\"font-size: 22px;\">La mayor\u00eda de las se\u00f1ales reglamentarias son circulares, pero pueden ser rectangulares cuando tienen leyenda adicional.<\/span><\/p><p style=\"text-align: left;\"><span style=\"font-size: 22px;\">. El color de fondo es blanco,\u00a0 la orla es roja y el s\u00edmbolo negro.<\/span><\/p><p style=\"text-align: left;\"><span style=\"font-size: 22px;\">Hay excepciones para algunas se\u00f1ales en particular.<\/span><\/p><p style=\"text-align: left;\"><span style=\"font-size: 22px;\">Las se\u00f1ales reglamentarias se clasifican en:\u00a0<\/span><\/p><p style=\"text-align: left;\"><span style=\"color: #000000;\"><span style=\"font-size: 28px;\"><strong>1-<\/strong><\/span><\/span><span style=\"font-size: 22px;\"> De prioridad<\/span><br \/><span style=\"color: #000000;\"><strong><span style=\"font-size: 28px;\">2-<\/span><\/strong><\/span><span style=\"font-size: 22px;\"> Prohibici\u00f3n de maniobras y giros<\/span><br \/><span style=\"color: #000000;\"><strong><span style=\"font-size: 28px;\">3-<\/span><\/strong><\/span><span style=\"font-size: 22px;\"> Prohibici\u00f3n de paso por clase de veh\u00edculo<\/span><br \/><span style=\"color: #000000;\"><strong><span style=\"font-size: 28px;\">4-<\/span><\/strong><\/span><span style=\"font-size: 22px;\"> Otras prohibiciones<\/span><br \/><span style=\"color: #000000;\"><span style=\"font-size: 28px;\"><strong>5-<\/strong><\/span><\/span><span style=\"font-size: 22px;\"> De restricci\u00f3n<\/span><br \/><span style=\"color: #000000;\"><strong><span style=\"font-size: 28px;\">6-<\/span><\/strong><\/span><span style=\"font-size: 22px;\"> De obligaci\u00f3n<\/span><br \/><span style=\"color: #000000;\"><strong><span style=\"font-size: 28px;\">7-<\/span><\/strong><\/span><span style=\"font-size: 22px;\"> De autorizaci\u00f3n<\/span>\u00a0<\/p>\t\t\t\t\t\t\t\t<\/div>\n\t\t\t\t<\/div>\n\t\t\t\t<div class=\"elementor-element elementor-element-d87d655 elementor-tabs-view-horizontal elementor-widget elementor-widget-tabs\" data-id=\"d87d655\" data-element_type=\"widget\" data-widget_type=\"tabs.default\">\n\t\t\t\t<div class=\"elementor-widget-container\">\n\t\t\t\t\t\t\t<div class=\"elementor-tabs\">\n\t\t\t<div class=\"elementor-tabs-wrapper\" role=\"tablist\" >\n\t\t\t\t\t\t\t\t\t<div id=\"elementor-tab-title-2271\" class=\"elementor-tab-title elementor-tab-desktop-title\" aria-selected=\"true\" data-tab=\"1\" role=\"tab\" tabindex=\"0\" aria-controls=\"elementor-tab-content-2271\" aria-expanded=\"false\">1<\/div>\n\t\t\t\t\t\t\t\t\t<div id=\"elementor-tab-title-2272\" class=\"elementor-tab-title elementor-tab-desktop-title\" aria-selected=\"false\" data-tab=\"2\" role=\"tab\" tabindex=\"-1\" aria-controls=\"elementor-tab-content-2272\" aria-expanded=\"false\">2<\/div>\n\t\t\t\t\t\t\t\t\t<div id=\"elementor-tab-title-2273\" class=\"elementor-tab-title elementor-tab-desktop-title\" aria-selected=\"false\" data-tab=\"3\" role=\"tab\" tabindex=\"-1\" aria-controls=\"elementor-tab-content-2273\" aria-expanded=\"false\">3<\/div>\n\t\t\t\t\t\t\t\t\t<div id=\"elementor-tab-title-2274\" class=\"elementor-tab-title elementor-tab-desktop-title\" aria-selected=\"false\" data-tab=\"4\" role=\"tab\" tabindex=\"-1\" aria-controls=\"elementor-tab-content-2274\" aria-expanded=\"false\">4<\/div>\n\t\t\t\t\t\t\t\t\t<div id=\"elementor-tab-title-2275\" class=\"elementor-tab-title elementor-tab-desktop-title\" aria-selected=\"false\" data-tab=\"5\" role=\"tab\" tabindex=\"-1\" aria-controls=\"elementor-tab-content-2275\" aria-expanded=\"false\">5<\/div>\n\t\t\t\t\t\t\t\t\t<div id=\"elementor-tab-title-2276\" class=\"elementor-tab-title elementor-tab-desktop-title\" aria-selected=\"false\" data-tab=\"6\" role=\"tab\" tabindex=\"-1\" aria-controls=\"elementor-tab-content-2276\" aria-expanded=\"false\">6<\/div>\n\t\t\t\t\t\t\t\t\t<div id=\"elementor-tab-title-2277\" class=\"elementor-tab-title elementor-tab-desktop-title\" aria-selected=\"false\" data-tab=\"7\" role=\"tab\" tabindex=\"-1\" aria-controls=\"elementor-tab-content-2277\" aria-expanded=\"false\">7<\/div>\n\t\t\t\t\t\t\t<\/div>\n\t\t\t<div class=\"elementor-tabs-content-wrapper\" role=\"tablist\" aria-orientation=\"vertical\">\n\t\t\t\t\t\t\t\t\t<div class=\"elementor-tab-title elementor-tab-mobile-title\" aria-selected=\"true\" data-tab=\"1\" role=\"tab\" tabindex=\"0\" aria-controls=\"elementor-tab-content-2271\" aria-expanded=\"false\">1<\/div>\n\t\t\t\t\t<div id=\"elementor-tab-content-2271\" class=\"elementor-tab-content elementor-clearfix\" data-tab=\"1\" role=\"tabpanel\" aria-labelledby=\"elementor-tab-title-2271\" tabindex=\"0\" hidden=\"false\"><p><span style=\"color: #000000;\"><strong>De prioridad<\/strong><\/span><\/p><p>\u00a0<img fetchpriority=\"high\" decoding=\"async\" class=\"alignnone wp-image-4413 size-full\" src=\"https:\/\/conducircolombia.com\/cea\/wp-content\/uploads\/2023\/02\/r-prioridad.webp\" alt=\"\" width=\"413\" height=\"241\" srcset=\"https:\/\/conducircolombia.com\/cea\/wp-content\/uploads\/2023\/02\/r-prioridad.webp 413w, https:\/\/conducircolombia.com\/cea\/wp-content\/uploads\/2023\/02\/r-prioridad-300x175.webp 300w\" sizes=\"(max-width: 413px) 100vw, 413px\" \/><\/p><\/div>\n\t\t\t\t\t\t\t\t\t<div class=\"elementor-tab-title elementor-tab-mobile-title\" aria-selected=\"false\" data-tab=\"2\" role=\"tab\" tabindex=\"-1\" aria-controls=\"elementor-tab-content-2272\" aria-expanded=\"false\">2<\/div>\n\t\t\t\t\t<div id=\"elementor-tab-content-2272\" class=\"elementor-tab-content elementor-clearfix\" data-tab=\"2\" role=\"tabpanel\" aria-labelledby=\"elementor-tab-title-2272\" tabindex=\"0\" hidden=\"hidden\"><p><strong><span style=\"color: #000000;\">Prohibici\u00f3n de maniobras y giros<\/span><\/strong><\/p><p><img decoding=\"async\" class=\"alignnone wp-image-4398 size-full\" src=\"https:\/\/conducircolombia.com\/cea\/wp-content\/uploads\/2023\/02\/r-prohibicion-maniobras-y-giros.webp\" alt=\"\" width=\"566\" height=\"323\" srcset=\"https:\/\/conducircolombia.com\/cea\/wp-content\/uploads\/2023\/02\/r-prohibicion-maniobras-y-giros.webp 566w, https:\/\/conducircolombia.com\/cea\/wp-content\/uploads\/2023\/02\/r-prohibicion-maniobras-y-giros-300x171.webp 300w\" sizes=\"(max-width: 566px) 100vw, 566px\" \/><\/p><p>\u00a0<\/p><p>\u00a0<\/p><p>\u00a0<\/p><\/div>\n\t\t\t\t\t\t\t\t\t<div class=\"elementor-tab-title elementor-tab-mobile-title\" aria-selected=\"false\" data-tab=\"3\" role=\"tab\" tabindex=\"-1\" aria-controls=\"elementor-tab-content-2273\" aria-expanded=\"false\">3<\/div>\n\t\t\t\t\t<div id=\"elementor-tab-content-2273\" class=\"elementor-tab-content elementor-clearfix\" data-tab=\"3\" role=\"tabpanel\" aria-labelledby=\"elementor-tab-title-2273\" tabindex=\"0\" hidden=\"hidden\"><p><strong><span style=\"color: #000000;\">Prohibici\u00f3n de paso por clase de veh\u00edculo<\/span><\/strong><\/p><p><img decoding=\"async\" class=\"alignnone wp-image-4399 size-full\" src=\"https:\/\/conducircolombia.com\/cea\/wp-content\/uploads\/2023\/02\/r-prohibicion-clase-vehiculo.webp\" alt=\"\" width=\"569\" height=\"490\" srcset=\"https:\/\/conducircolombia.com\/cea\/wp-content\/uploads\/2023\/02\/r-prohibicion-clase-vehiculo.webp 569w, https:\/\/conducircolombia.com\/cea\/wp-content\/uploads\/2023\/02\/r-prohibicion-clase-vehiculo-300x258.webp 300w\" sizes=\"(max-width: 569px) 100vw, 569px\" \/><\/p><p>\u00a0<\/p><p>\u00a0<\/p><p>\u00a0<\/p><\/div>\n\t\t\t\t\t\t\t\t\t<div class=\"elementor-tab-title elementor-tab-mobile-title\" aria-selected=\"false\" data-tab=\"4\" role=\"tab\" tabindex=\"-1\" aria-controls=\"elementor-tab-content-2274\" aria-expanded=\"false\">4<\/div>\n\t\t\t\t\t<div id=\"elementor-tab-content-2274\" class=\"elementor-tab-content elementor-clearfix\" data-tab=\"4\" role=\"tabpanel\" aria-labelledby=\"elementor-tab-title-2274\" tabindex=\"0\" hidden=\"hidden\"><p><strong><span style=\"color: #000000;\">Otras prohibiciones<img loading=\"lazy\" decoding=\"async\" class=\"alignnone wp-image-4400 size-full\" src=\"https:\/\/conducircolombia.com\/cea\/wp-content\/uploads\/2023\/02\/r-prohibicion-otras.webp\" alt=\"\" width=\"570\" height=\"344\" srcset=\"https:\/\/conducircolombia.com\/cea\/wp-content\/uploads\/2023\/02\/r-prohibicion-otras.webp 570w, https:\/\/conducircolombia.com\/cea\/wp-content\/uploads\/2023\/02\/r-prohibicion-otras-300x181.webp 300w\" sizes=\"(max-width: 570px) 100vw, 570px\" \/><\/span><\/strong><\/p><\/div>\n\t\t\t\t\t\t\t\t\t<div class=\"elementor-tab-title elementor-tab-mobile-title\" aria-selected=\"false\" data-tab=\"5\" role=\"tab\" tabindex=\"-1\" aria-controls=\"elementor-tab-content-2275\" aria-expanded=\"false\">5<\/div>\n\t\t\t\t\t<div id=\"elementor-tab-content-2275\" class=\"elementor-tab-content elementor-clearfix\" data-tab=\"5\" role=\"tabpanel\" aria-labelledby=\"elementor-tab-title-2275\" tabindex=\"0\" hidden=\"hidden\"><p><strong><span style=\"color: #000000;\">De restricci\u00f3n<\/span><\/strong><\/p><p><img loading=\"lazy\" decoding=\"async\" class=\"alignnone wp-image-4409 size-full\" src=\"https:\/\/conducircolombia.com\/cea\/wp-content\/uploads\/2023\/02\/r-restricciones.webp\" alt=\"\" width=\"573\" height=\"492\" srcset=\"https:\/\/conducircolombia.com\/cea\/wp-content\/uploads\/2023\/02\/r-restricciones.webp 573w, https:\/\/conducircolombia.com\/cea\/wp-content\/uploads\/2023\/02\/r-restricciones-300x258.webp 300w\" sizes=\"(max-width: 573px) 100vw, 573px\" \/><\/p><\/div>\n\t\t\t\t\t\t\t\t\t<div class=\"elementor-tab-title elementor-tab-mobile-title\" aria-selected=\"false\" data-tab=\"6\" role=\"tab\" tabindex=\"-1\" aria-controls=\"elementor-tab-content-2276\" aria-expanded=\"false\">6<\/div>\n\t\t\t\t\t<div id=\"elementor-tab-content-2276\" class=\"elementor-tab-content elementor-clearfix\" data-tab=\"6\" role=\"tabpanel\" aria-labelledby=\"elementor-tab-title-2276\" tabindex=\"0\" hidden=\"hidden\"><p><strong><span style=\"color: #000000;\">De obligaci\u00f3n<\/span><\/strong><\/p><p><img loading=\"lazy\" decoding=\"async\" class=\"alignnone wp-image-4401 size-full\" src=\"https:\/\/conducircolombia.com\/cea\/wp-content\/uploads\/2023\/02\/r-obligacion.webp\" alt=\"\" width=\"570\" height=\"395\" srcset=\"https:\/\/conducircolombia.com\/cea\/wp-content\/uploads\/2023\/02\/r-obligacion.webp 570w, https:\/\/conducircolombia.com\/cea\/wp-content\/uploads\/2023\/02\/r-obligacion-300x208.webp 300w\" sizes=\"(max-width: 570px) 100vw, 570px\" \/><\/p><\/div>\n\t\t\t\t\t\t\t\t\t<div class=\"elementor-tab-title elementor-tab-mobile-title\" aria-selected=\"false\" data-tab=\"7\" role=\"tab\" tabindex=\"-1\" aria-controls=\"elementor-tab-content-2277\" aria-expanded=\"false\">7<\/div>\n\t\t\t\t\t<div id=\"elementor-tab-content-2277\" class=\"elementor-tab-content elementor-clearfix\" data-tab=\"7\" role=\"tabpanel\" aria-labelledby=\"elementor-tab-title-2277\" tabindex=\"0\" hidden=\"hidden\"><p><strong><span style=\"color: #000000;\">De autorizaci\u00f3n<\/span><\/strong><\/p><p><img loading=\"lazy\" decoding=\"async\" class=\"alignnone wp-image-4402 size-full\" src=\"https:\/\/conducircolombia.com\/cea\/wp-content\/uploads\/2023\/02\/r-autorizacion.webp\" alt=\"\" width=\"569\" height=\"222\" srcset=\"https:\/\/conducircolombia.com\/cea\/wp-content\/uploads\/2023\/02\/r-autorizacion.webp 569w, https:\/\/conducircolombia.com\/cea\/wp-content\/uploads\/2023\/02\/r-autorizacion-300x117.webp 300w\" sizes=\"(max-width: 569px) 100vw, 569px\" \/><\/p><\/div>\n\t\t\t\t\t\t\t<\/div>\n\t\t<\/div>\n\t\t\t\t\t\t<\/div>\n\t\t\t\t<\/div>\n\t\t\t\t<div class=\"elementor-element elementor-element-1c2a471 elementor-widget elementor-widget-spacer\" data-id=\"1c2a471\" data-element_type=\"widget\" data-widget_type=\"spacer.default\">\n\t\t\t\t<div class=\"elementor-widget-container\">\n\t\t\t\t\t\t\t<div class=\"elementor-spacer\">\n\t\t\t<div class=\"elementor-spacer-inner\"><\/div>\n\t\t<\/div>\n\t\t\t\t\t\t<\/div>\n\t\t\t\t<\/div>\n\t\t\t\t\t<\/div>\n\t\t<\/div>\n\t\t\t\t\t<\/div>\n\t\t<\/section>\n\t\t\t\t<section class=\"elementor-section elementor-top-section elementor-element elementor-element-c111dd3 elementor-section-boxed elementor-section-height-default elementor-section-height-default\" data-id=\"c111dd3\" data-element_type=\"section\">\n\t\t\t\t\t\t<div class=\"elementor-container elementor-column-gap-default\">\n\t\t\t\t\t<div class=\"elementor-column elementor-col-50 elementor-top-column elementor-element elementor-element-9e4a19d\" data-id=\"9e4a19d\" data-element_type=\"column\">\n\t\t\t<div class=\"elementor-widget-wrap elementor-element-populated\">\n\t\t\t\t\t\t<div class=\"elementor-element elementor-element-8a0309a elementor-widget elementor-widget-text-editor\" data-id=\"8a0309a\" data-element_type=\"widget\" data-widget_type=\"text-editor.default\">\n\t\t\t\t<div class=\"elementor-widget-container\">\n\t\t\t\t\t\t\t\t\t<p style=\"text-align: right;\">| <a href=\"https:\/\/conducircolombia.com\/cea\/senales-verticales\">Anterior <\/a>| <a href=\"https:\/\/conducircolombia.com\/cea\/senales-preventivas\">Siguiente<\/a> |<\/p>\t\t\t\t\t\t\t\t<\/div>\n\t\t\t\t<\/div>\n\t\t\t\t\t<\/div>\n\t\t<\/div>\n\t\t\t\t<div class=\"elementor-column elementor-col-50 elementor-top-column elementor-element elementor-element-9500ab0\" data-id=\"9500ab0\" data-element_type=\"column\">\n\t\t\t<div class=\"elementor-widget-wrap elementor-element-populated\">\n\t\t\t\t\t\t<div class=\"elementor-element elementor-element-6679e8f elementor-align-right elementor-hidden-desktop elementor-widget elementor-widget-button\" data-id=\"6679e8f\" data-element_type=\"widget\" data-widget_type=\"button.default\">\n\t\t\t\t<div class=\"elementor-widget-container\">\n\t\t\t\t\t\t\t\t\t<div class=\"elementor-button-wrapper\">\n\t\t\t\t\t<a class=\"elementor-button elementor-button-link elementor-size-sm\" href=\"https:\/\/conducircolombia.com\/cea\/indice-formacion-teorica\">\n\t\t\t\t\t\t<span class=\"elementor-button-content-wrapper\">\n\t\t\t\t\t\t\t\t\t<span class=\"elementor-button-text\">Ir al \u00edndice<\/span>\n\t\t\t\t\t<\/span>\n\t\t\t\t\t<\/a>\n\t\t\t\t<\/div>\n\t\t\t\t\t\t\t\t<\/div>\n\t\t\t\t<\/div>\n\t\t\t\t\t<\/div>\n\t\t<\/div>\n\t\t\t\t\t<\/div>\n\t\t<\/section>\n\t\t\t\t<section class=\"elementor-section elementor-top-section elementor-element elementor-element-1e00af8 elementor-section-boxed elementor-section-height-default elementor-section-height-default\" data-id=\"1e00af8\" data-element_type=\"section\">\n\t\t\t\t\t\t<div class=\"elementor-container elementor-column-gap-default\">\n\t\t\t\t\t<div class=\"elementor-column elementor-col-100 elementor-top-column elementor-element elementor-element-298f671\" data-id=\"298f671\" data-element_type=\"column\">\n\t\t\t<div class=\"elementor-widget-wrap elementor-element-populated\">\n\t\t\t\t\t\t<div class=\"elementor-element elementor-element-5e31d8d elementor-widget elementor-widget-image\" data-id=\"5e31d8d\" data-element_type=\"widget\" data-widget_type=\"image.default\">\n\t\t\t\t<div class=\"elementor-widget-container\">\n\t\t\t\t\t\t\t\t\t\t\t\t<figure class=\"wp-caption\">\n\t\t\t\t\t\t\t\t\t\t\t<a href=\"#arriba\">\n\t\t\t\t\t\t\t<img decoding=\"async\" src=\"https:\/\/conducircolombia.com\/cea\/wp-content\/uploads\/elementor\/thumbs\/arriba-q09wc4h6tpltpvw9t0jxwlp9yg6w77sa4flvsswuv0.png\" title=\"arriba\" alt=\"Ir Arriba\" loading=\"lazy\" \/>\t\t\t\t\t\t\t\t<\/a>\n\t\t\t\t\t\t\t\t\t\t\t<figcaption class=\"widget-image-caption wp-caption-text\">Arriba<\/figcaption>\n\t\t\t\t\t\t\t\t\t\t<\/figure>\n\t\t\t\t\t\t\t\t\t<\/div>\n\t\t\t\t<\/div>\n\t\t\t\t\t<\/div>\n\t\t<\/div>\n\t\t\t\t\t<\/div>\n\t\t<\/section>\n\t\t\t\t<\/div>\n\t\t","protected":false},"excerpt":{"rendered":"<p>Se\u00f1ales verticales reglamentarias \u00cdNDICE Movilidad segura Visi\u00f3n cero.Las v\u00edctimas de accidentes de tr\u00e1nsito.Los usuarios vulnerables y su prelaci\u00f3n.La corresponsabilidad.La movilidad [&hellip;]<\/p>\n","protected":false},"author":1,"featured_media":0,"comment_status":"closed","ping_status":"closed","sticky":false,"template":"elementor_theme","format":"standard","meta":{"site-sidebar-layout":"default","site-content-layout":"","ast-site-content-layout":"","site-content-style":"default","site-sidebar-style":"default","ast-global-header-display":"","ast-banner-title-visibility":"","ast-main-header-display":"","ast-hfb-above-header-display":"","ast-hfb-below-header-display":"","ast-hfb-mobile-header-display":"","site-post-title":"","ast-breadcrumbs-content":"","ast-featured-img":"","footer-sml-layout":"","theme-transparent-header-meta":"","adv-header-id-meta":"","stick-header-meta":"","header-above-stick-meta":"","header-main-stick-meta":"","header-below-stick-meta":"","astra-migrate-meta-layouts":"default","ast-page-background-enabled":"default","ast-page-background-meta":{"desktop":{"background-color":"var(--ast-global-color-4)","background-image":"","background-repeat":"repeat","background-position":"center center","background-size":"auto","background-attachment":"scroll","background-type":"","background-media":"","overlay-type":"","overlay-color":"","overlay-opacity":"","overlay-gradient":""},"tablet":{"background-color":"","background-image":"","background-repeat":"repeat","background-position":"center center","background-size":"auto","background-attachment":"scroll","background-type":"","background-media":"","overlay-type":"","overlay-color":"","overlay-opacity":"","overlay-gradient":""},"mobile":{"background-color":"","background-image":"","background-repeat":"repeat","background-position":"center center","background-size":"auto","background-attachment":"scroll","background-type":"","background-media":"","overlay-type":"","overlay-color":"","overlay-opacity":"","overlay-gradient":""}},"ast-content-background-meta":{"desktop":{"background-color":"var(--ast-global-color-5)","background-image":"","background-repeat":"repeat","background-position":"center center","background-size":"auto","background-attachment":"scroll","background-type":"","background-media":"","overlay-type":"","overlay-color":"","overlay-opacity":"","overlay-gradient":""},"tablet":{"background-color":"var(--ast-global-color-5)","background-image":"","background-repeat":"repeat","background-position":"center center","background-size":"auto","background-attachment":"scroll","background-type":"","background-media":"","overlay-type":"","overlay-color":"","overlay-opacity":"","overlay-gradient":""},"mobile":{"background-color":"var(--ast-global-color-5)","background-image":"","background-repeat":"repeat","background-position":"center center","background-size":"auto","background-attachment":"scroll","background-type":"","background-media":"","overlay-type":"","overlay-color":"","overlay-opacity":"","overlay-gradient":""}},"footnotes":""},"categories":[11],"tags":[],"class_list":["post-4386","post","type-post","status-publish","format-standard","hentry","category-mallas-curriculares"],"yoast_head":"<!-- This site is optimized with the Yoast SEO plugin v26.4 - https:\/\/yoast.com\/wordpress\/plugins\/seo\/ -->\n<title>Se\u00f1ales verticales reglamentarias - Conducir Colombia<\/title>\n<meta name=\"description\" content=\"Se\u00f1ales verticales reglamentarias | Son para informar a los usuarios de las v\u00edas sobre las prioridades y limitaciones |\" \/>\n<meta name=\"robots\" content=\"index, follow, max-snippet:-1, max-image-preview:large, max-video-preview:-1\" \/>\n<link rel=\"canonical\" href=\"https:\/\/conducircolombia.com\/cea\/senales-reglamentarias\/\" \/>\n<meta property=\"og:locale\" content=\"es_ES\" \/>\n<meta property=\"og:type\" content=\"article\" \/>\n<meta property=\"og:title\" content=\"Se\u00f1ales verticales reglamentarias - Conducir Colombia\" \/>\n<meta property=\"og:description\" content=\"Se\u00f1ales verticales reglamentarias | Son para informar a los usuarios de las v\u00edas sobre las prioridades y limitaciones |\" \/>\n<meta property=\"og:url\" content=\"https:\/\/conducircolombia.com\/cea\/senales-reglamentarias\/\" \/>\n<meta property=\"og:site_name\" content=\"Conducir Colombia\" \/>\n<meta property=\"article:publisher\" content=\"https:\/\/www.facebook.com\/ConducirColombiaBogota\" \/>\n<meta property=\"article:published_time\" content=\"2023-02-02T00:52:20+00:00\" \/>\n<meta property=\"article:modified_time\" content=\"2023-06-07T03:59:47+00:00\" \/>\n<meta property=\"og:image\" content=\"https:\/\/conducircolombia.com\/cea\/wp-content\/uploads\/2023\/02\/Reglamentaria-e1675299415763.webp\" \/>\n<meta name=\"author\" content=\"conducir\" \/>\n<meta name=\"twitter:card\" content=\"summary_large_image\" \/>\n<meta name=\"twitter:label1\" content=\"Escrito por\" \/>\n\t<meta name=\"twitter:data1\" content=\"conducir\" \/>\n\t<meta name=\"twitter:label2\" content=\"Tiempo de lectura\" \/>\n\t<meta name=\"twitter:data2\" content=\"3 minutos\" \/>\n<script type=\"application\/ld+json\" class=\"yoast-schema-graph\">{\"@context\":\"https:\/\/schema.org\",\"@graph\":[{\"@type\":\"Article\",\"@id\":\"https:\/\/conducircolombia.com\/cea\/senales-reglamentarias\/#article\",\"isPartOf\":{\"@id\":\"https:\/\/conducircolombia.com\/cea\/senales-reglamentarias\/\"},\"author\":{\"name\":\"conducir\",\"@id\":\"https:\/\/conducircolombia.com\/cea\/#\/schema\/person\/f46408961e009da1824aa2945feb7023\"},\"headline\":\"Senales Reglamentarias\",\"datePublished\":\"2023-02-02T00:52:20+00:00\",\"dateModified\":\"2023-06-07T03:59:47+00:00\",\"mainEntityOfPage\":{\"@id\":\"https:\/\/conducircolombia.com\/cea\/senales-reglamentarias\/\"},\"wordCount\":290,\"publisher\":{\"@id\":\"https:\/\/conducircolombia.com\/cea\/#organization\"},\"image\":{\"@id\":\"https:\/\/conducircolombia.com\/cea\/senales-reglamentarias\/#primaryimage\"},\"thumbnailUrl\":\"https:\/\/conducircolombia.com\/cea\/wp-content\/uploads\/2023\/02\/Reglamentaria-e1675299415763.webp\",\"articleSection\":[\"Mallas Curriculares\"],\"inLanguage\":\"es\"},{\"@type\":\"WebPage\",\"@id\":\"https:\/\/conducircolombia.com\/cea\/senales-reglamentarias\/\",\"url\":\"https:\/\/conducircolombia.com\/cea\/senales-reglamentarias\/\",\"name\":\"Se\u00f1ales verticales reglamentarias - Conducir Colombia\",\"isPartOf\":{\"@id\":\"https:\/\/conducircolombia.com\/cea\/#website\"},\"primaryImageOfPage\":{\"@id\":\"https:\/\/conducircolombia.com\/cea\/senales-reglamentarias\/#primaryimage\"},\"image\":{\"@id\":\"https:\/\/conducircolombia.com\/cea\/senales-reglamentarias\/#primaryimage\"},\"thumbnailUrl\":\"https:\/\/conducircolombia.com\/cea\/wp-content\/uploads\/2023\/02\/Reglamentaria-e1675299415763.webp\",\"datePublished\":\"2023-02-02T00:52:20+00:00\",\"dateModified\":\"2023-06-07T03:59:47+00:00\",\"description\":\"Se\u00f1ales verticales reglamentarias | Son para informar a los usuarios de las v\u00edas sobre las prioridades y limitaciones |\",\"breadcrumb\":{\"@id\":\"https:\/\/conducircolombia.com\/cea\/senales-reglamentarias\/#breadcrumb\"},\"inLanguage\":\"es\",\"potentialAction\":[{\"@type\":\"ReadAction\",\"target\":[\"https:\/\/conducircolombia.com\/cea\/senales-reglamentarias\/\"]}]},{\"@type\":\"ImageObject\",\"inLanguage\":\"es\",\"@id\":\"https:\/\/conducircolombia.com\/cea\/senales-reglamentarias\/#primaryimage\",\"url\":\"https:\/\/conducircolombia.com\/cea\/wp-content\/uploads\/2023\/02\/Reglamentaria-e1675299415763.webp\",\"contentUrl\":\"https:\/\/conducircolombia.com\/cea\/wp-content\/uploads\/2023\/02\/Reglamentaria-e1675299415763.webp\",\"width\":400,\"height\":401},{\"@type\":\"BreadcrumbList\",\"@id\":\"https:\/\/conducircolombia.com\/cea\/senales-reglamentarias\/#breadcrumb\",\"itemListElement\":[{\"@type\":\"ListItem\",\"position\":1,\"name\":\"Portada\",\"item\":\"https:\/\/conducircolombia.com\/cea\/\"},{\"@type\":\"ListItem\",\"position\":2,\"name\":\"Senales Reglamentarias\"}]},{\"@type\":\"WebSite\",\"@id\":\"https:\/\/conducircolombia.com\/cea\/#website\",\"url\":\"https:\/\/conducircolombia.com\/cea\/\",\"name\":\"Conducir Colombia\",\"description\":\"Academia de Conducci\u00f3n\",\"publisher\":{\"@id\":\"https:\/\/conducircolombia.com\/cea\/#organization\"},\"potentialAction\":[{\"@type\":\"SearchAction\",\"target\":{\"@type\":\"EntryPoint\",\"urlTemplate\":\"https:\/\/conducircolombia.com\/cea\/?s={search_term_string}\"},\"query-input\":{\"@type\":\"PropertyValueSpecification\",\"valueRequired\":true,\"valueName\":\"search_term_string\"}}],\"inLanguage\":\"es\"},{\"@type\":\"Organization\",\"@id\":\"https:\/\/conducircolombia.com\/cea\/#organization\",\"name\":\"Conducir Colombia\",\"alternateName\":\"Conducir Colombia\",\"url\":\"https:\/\/conducircolombia.com\/cea\/\",\"logo\":{\"@type\":\"ImageObject\",\"inLanguage\":\"es\",\"@id\":\"https:\/\/conducircolombia.com\/cea\/#\/schema\/logo\/image\/\",\"url\":\"https:\/\/conducircolombia.com\/cea\/wp-content\/uploads\/2025\/02\/logowp.jpg\",\"contentUrl\":\"https:\/\/conducircolombia.com\/cea\/wp-content\/uploads\/2025\/02\/logowp.jpg\",\"width\":300,\"height\":299,\"caption\":\"Conducir Colombia\"},\"image\":{\"@id\":\"https:\/\/conducircolombia.com\/cea\/#\/schema\/logo\/image\/\"},\"sameAs\":[\"https:\/\/www.facebook.com\/ConducirColombiaBogota\"]},{\"@type\":\"Person\",\"@id\":\"https:\/\/conducircolombia.com\/cea\/#\/schema\/person\/f46408961e009da1824aa2945feb7023\",\"name\":\"conducir\",\"image\":{\"@type\":\"ImageObject\",\"inLanguage\":\"es\",\"@id\":\"https:\/\/conducircolombia.com\/cea\/#\/schema\/person\/image\/\",\"url\":\"https:\/\/secure.gravatar.com\/avatar\/9643ba75ec7766c1087fac13c7a122a44c2a2e077f5777fee06c709345c575cc?s=96&d=mm&r=g\",\"contentUrl\":\"https:\/\/secure.gravatar.com\/avatar\/9643ba75ec7766c1087fac13c7a122a44c2a2e077f5777fee06c709345c575cc?s=96&d=mm&r=g\",\"caption\":\"conducir\"},\"sameAs\":[\"https:\/\/conducircolombia.com\/cea\"],\"url\":\"https:\/\/conducircolombia.com\/cea\/author\/conducir\/\"}]}<\/script>\n<!-- \/ Yoast SEO plugin. -->","yoast_head_json":{"title":"Se\u00f1ales verticales reglamentarias - Conducir Colombia","description":"Se\u00f1ales verticales reglamentarias | Son para informar a los usuarios de las v\u00edas sobre las prioridades y limitaciones |","robots":{"index":"index","follow":"follow","max-snippet":"max-snippet:-1","max-image-preview":"max-image-preview:large","max-video-preview":"max-video-preview:-1"},"canonical":"https:\/\/conducircolombia.com\/cea\/senales-reglamentarias\/","og_locale":"es_ES","og_type":"article","og_title":"Se\u00f1ales verticales reglamentarias - Conducir Colombia","og_description":"Se\u00f1ales verticales reglamentarias | Son para informar a los usuarios de las v\u00edas sobre las prioridades y limitaciones |","og_url":"https:\/\/conducircolombia.com\/cea\/senales-reglamentarias\/","og_site_name":"Conducir Colombia","article_publisher":"https:\/\/www.facebook.com\/ConducirColombiaBogota","article_published_time":"2023-02-02T00:52:20+00:00","article_modified_time":"2023-06-07T03:59:47+00:00","og_image":[{"url":"https:\/\/conducircolombia.com\/cea\/wp-content\/uploads\/2023\/02\/Reglamentaria-e1675299415763.webp","type":"","width":"","height":""}],"author":"conducir","twitter_card":"summary_large_image","twitter_misc":{"Escrito por":"conducir","Tiempo de lectura":"3 minutos"},"schema":{"@context":"https:\/\/schema.org","@graph":[{"@type":"Article","@id":"https:\/\/conducircolombia.com\/cea\/senales-reglamentarias\/#article","isPartOf":{"@id":"https:\/\/conducircolombia.com\/cea\/senales-reglamentarias\/"},"author":{"name":"conducir","@id":"https:\/\/conducircolombia.com\/cea\/#\/schema\/person\/f46408961e009da1824aa2945feb7023"},"headline":"Senales Reglamentarias","datePublished":"2023-02-02T00:52:20+00:00","dateModified":"2023-06-07T03:59:47+00:00","mainEntityOfPage":{"@id":"https:\/\/conducircolombia.com\/cea\/senales-reglamentarias\/"},"wordCount":290,"publisher":{"@id":"https:\/\/conducircolombia.com\/cea\/#organization"},"image":{"@id":"https:\/\/conducircolombia.com\/cea\/senales-reglamentarias\/#primaryimage"},"thumbnailUrl":"https:\/\/conducircolombia.com\/cea\/wp-content\/uploads\/2023\/02\/Reglamentaria-e1675299415763.webp","articleSection":["Mallas Curriculares"],"inLanguage":"es"},{"@type":"WebPage","@id":"https:\/\/conducircolombia.com\/cea\/senales-reglamentarias\/","url":"https:\/\/conducircolombia.com\/cea\/senales-reglamentarias\/","name":"Se\u00f1ales verticales reglamentarias - Conducir Colombia","isPartOf":{"@id":"https:\/\/conducircolombia.com\/cea\/#website"},"primaryImageOfPage":{"@id":"https:\/\/conducircolombia.com\/cea\/senales-reglamentarias\/#primaryimage"},"image":{"@id":"https:\/\/conducircolombia.com\/cea\/senales-reglamentarias\/#primaryimage"},"thumbnailUrl":"https:\/\/conducircolombia.com\/cea\/wp-content\/uploads\/2023\/02\/Reglamentaria-e1675299415763.webp","datePublished":"2023-02-02T00:52:20+00:00","dateModified":"2023-06-07T03:59:47+00:00","description":"Se\u00f1ales verticales reglamentarias | Son para informar a los usuarios de las v\u00edas sobre las prioridades y limitaciones |","breadcrumb":{"@id":"https:\/\/conducircolombia.com\/cea\/senales-reglamentarias\/#breadcrumb"},"inLanguage":"es","potentialAction":[{"@type":"ReadAction","target":["https:\/\/conducircolombia.com\/cea\/senales-reglamentarias\/"]}]},{"@type":"ImageObject","inLanguage":"es","@id":"https:\/\/conducircolombia.com\/cea\/senales-reglamentarias\/#primaryimage","url":"https:\/\/conducircolombia.com\/cea\/wp-content\/uploads\/2023\/02\/Reglamentaria-e1675299415763.webp","contentUrl":"https:\/\/conducircolombia.com\/cea\/wp-content\/uploads\/2023\/02\/Reglamentaria-e1675299415763.webp","width":400,"height":401},{"@type":"BreadcrumbList","@id":"https:\/\/conducircolombia.com\/cea\/senales-reglamentarias\/#breadcrumb","itemListElement":[{"@type":"ListItem","position":1,"name":"Portada","item":"https:\/\/conducircolombia.com\/cea\/"},{"@type":"ListItem","position":2,"name":"Senales Reglamentarias"}]},{"@type":"WebSite","@id":"https:\/\/conducircolombia.com\/cea\/#website","url":"https:\/\/conducircolombia.com\/cea\/","name":"Conducir Colombia","description":"Academia de Conducci\u00f3n","publisher":{"@id":"https:\/\/conducircolombia.com\/cea\/#organization"},"potentialAction":[{"@type":"SearchAction","target":{"@type":"EntryPoint","urlTemplate":"https:\/\/conducircolombia.com\/cea\/?s={search_term_string}"},"query-input":{"@type":"PropertyValueSpecification","valueRequired":true,"valueName":"search_term_string"}}],"inLanguage":"es"},{"@type":"Organization","@id":"https:\/\/conducircolombia.com\/cea\/#organization","name":"Conducir Colombia","alternateName":"Conducir Colombia","url":"https:\/\/conducircolombia.com\/cea\/","logo":{"@type":"ImageObject","inLanguage":"es","@id":"https:\/\/conducircolombia.com\/cea\/#\/schema\/logo\/image\/","url":"https:\/\/conducircolombia.com\/cea\/wp-content\/uploads\/2025\/02\/logowp.jpg","contentUrl":"https:\/\/conducircolombia.com\/cea\/wp-content\/uploads\/2025\/02\/logowp.jpg","width":300,"height":299,"caption":"Conducir Colombia"},"image":{"@id":"https:\/\/conducircolombia.com\/cea\/#\/schema\/logo\/image\/"},"sameAs":["https:\/\/www.facebook.com\/ConducirColombiaBogota"]},{"@type":"Person","@id":"https:\/\/conducircolombia.com\/cea\/#\/schema\/person\/f46408961e009da1824aa2945feb7023","name":"conducir","image":{"@type":"ImageObject","inLanguage":"es","@id":"https:\/\/conducircolombia.com\/cea\/#\/schema\/person\/image\/","url":"https:\/\/secure.gravatar.com\/avatar\/9643ba75ec7766c1087fac13c7a122a44c2a2e077f5777fee06c709345c575cc?s=96&d=mm&r=g","contentUrl":"https:\/\/secure.gravatar.com\/avatar\/9643ba75ec7766c1087fac13c7a122a44c2a2e077f5777fee06c709345c575cc?s=96&d=mm&r=g","caption":"conducir"},"sameAs":["https:\/\/conducircolombia.com\/cea"],"url":"https:\/\/conducircolombia.com\/cea\/author\/conducir\/"}]}},"_links":{"self":[{"href":"https:\/\/conducircolombia.com\/cea\/wp-json\/wp\/v2\/posts\/4386","targetHints":{"allow":["GET"]}}],"collection":[{"href":"https:\/\/conducircolombia.com\/cea\/wp-json\/wp\/v2\/posts"}],"about":[{"href":"https:\/\/conducircolombia.com\/cea\/wp-json\/wp\/v2\/types\/post"}],"author":[{"embeddable":true,"href":"https:\/\/conducircolombia.com\/cea\/wp-json\/wp\/v2\/users\/1"}],"replies":[{"embeddable":true,"href":"https:\/\/conducircolombia.com\/cea\/wp-json\/wp\/v2\/comments?post=4386"}],"version-history":[{"count":64,"href":"https:\/\/conducircolombia.com\/cea\/wp-json\/wp\/v2\/posts\/4386\/revisions"}],"predecessor-version":[{"id":7907,"href":"https:\/\/conducircolombia.com\/cea\/wp-json\/wp\/v2\/posts\/4386\/revisions\/7907"}],"wp:attachment":[{"href":"https:\/\/conducircolombia.com\/cea\/wp-json\/wp\/v2\/media?parent=4386"}],"wp:term":[{"taxonomy":"category","embeddable":true,"href":"https:\/\/conducircolombia.com\/cea\/wp-json\/wp\/v2\/categories?post=4386"},{"taxonomy":"post_tag","embeddable":true,"href":"https:\/\/conducircolombia.com\/cea\/wp-json\/wp\/v2\/tags?post=4386"}],"curies":[{"name":"wp","href":"https:\/\/api.w.org\/{rel}","templated":true}]}}