{"id":4428,"date":"2023-02-02T07:49:19","date_gmt":"2023-02-02T12:49:19","guid":{"rendered":"https:\/\/conducircolombia.com\/cea\/?p=4428"},"modified":"2025-05-21T00:18:12","modified_gmt":"2025-05-21T05:18:12","slug":"senales-verticales","status":"publish","type":"post","link":"https:\/\/conducircolombia.com\/cea\/senales-verticales\/","title":{"rendered":"Senales verticales"},"content":{"rendered":"\t\t<div data-elementor-type=\"wp-post\" data-elementor-id=\"4428\" class=\"elementor elementor-4428\">\n\t\t\t\t\t\t<section class=\"elementor-section elementor-top-section elementor-element elementor-element-6604f44 elementor-section-full_width elementor-section-stretched elementor-section-height-default elementor-section-height-default\" data-id=\"6604f44\" data-element_type=\"section\" data-settings=\"{&quot;stretch_section&quot;:&quot;section-stretched&quot;}\">\n\t\t\t\t\t\t<div class=\"elementor-container elementor-column-gap-default\">\n\t\t\t\t\t<div class=\"elementor-column elementor-col-50 elementor-top-column elementor-element elementor-element-7119841 elementor-hidden-mobile\" data-id=\"7119841\" data-element_type=\"column\">\n\t\t\t<div class=\"elementor-widget-wrap elementor-element-populated\">\n\t\t\t\t\t\t<div class=\"elementor-element elementor-element-2f93539 elementor-widget elementor-widget-heading\" data-id=\"2f93539\" data-element_type=\"widget\" data-widget_type=\"heading.default\">\n\t\t\t\t<div class=\"elementor-widget-container\">\n\t\t\t\t\t<h2 class=\"elementor-heading-title elementor-size-default\">\u00cdNDICE<\/h2>\t\t\t\t<\/div>\n\t\t\t\t<\/div>\n\t\t\t\t<div class=\"elementor-element elementor-element-12533a6 elementor-widget elementor-widget-text-editor\" data-id=\"12533a6\" data-element_type=\"widget\" data-widget_type=\"text-editor.default\">\n\t\t\t\t<div class=\"elementor-widget-container\">\n\t\t\t\t\t\t\t\t\t<p><span style=\"color: #000000;\"><strong>Movilidad segura<\/strong><\/span><\/p><p><a href=\"https:\/\/conducircolombia.com\/cea\/vision-cero\">Visi\u00f3n cero.<\/a><br \/><a href=\"https:\/\/conducircolombia.com\/cea\/las-victimas-de-accidentes-de-transito\">Las v\u00edctimas de accidentes de tr\u00e1nsito<\/a>.<br \/><a href=\"https:\/\/conducircolombia.com\/cea\/los-usuarios-vulnerables-y-su-prelacion\">Los usuarios vulnerables y su prelaci\u00f3n<\/a>.<br \/><a href=\"https:\/\/conducircolombia.com\/cea\/la-corresponsabilidad\">La corresponsabilidad<\/a>.<br \/><a href=\"https:\/\/conducircolombia.com\/cea\/la-movilidad-sostenible\">La movilidad sostenible<\/a>.<br \/><a href=\"https:\/\/conducircolombia.com\/cea\/la-omision-de-socorro\">La omisi\u00f3n de socorro<\/a>.<br \/><a href=\"https:\/\/conducircolombia.com\/cea\/conduccion-preventiva\">Conducci\u00f3n preventiva.<\/a><br \/><a href=\"https:\/\/conducircolombia.com\/cea\/conduccion-eficiente\">Conducci\u00f3n eficiente<\/a>.<br \/><a href=\"https:\/\/conducircolombia.com\/cea\/la-conduccion-eficiente-y-la-seguridad-vial\">La conducci\u00f3n eficiente y la seguridad vial.<\/a><br \/><a href=\"https:\/\/conducircolombia.com\/cea\/circulacion-permanencia-y-accesibilidad-para-todos\">Circulaci\u00f3n, permanencia y accesibilidad para todos.<\/a><\/p><p><span style=\"color: #000000;\"><strong>Normas de tr\u00e1nsito<\/strong><\/span><\/p><p><a href=\"https:\/\/conducircolombia.com\/cea\/la-autorregulacion\">La autorregulaci\u00f3n. <\/a><br \/><a href=\"https:\/\/conducircolombia.com\/cea\/autoridades-de-transito\">Autoridades de Tr\u00e1nsito.<\/a><br \/><a href=\"https:\/\/conducircolombia.com\/cea\/documentos\">Documentos.<\/a><br \/><a href=\"https:\/\/conducircolombia.com\/cea\/Estructura-del-codigo\">Estructura del C\u00f3digo.<\/a><br \/><a href=\"https:\/\/conducircolombia.com\/cea\/Restricciones-especificas\">Restricciones espec\u00edficas.<\/a><br \/><a href=\"https:\/\/conducircolombia.com\/cea\/Conductas\">Conductas<\/a>.<br \/><a href=\"https:\/\/conducircolombia.com\/cea\/La-alimentacion-el-estres-y-la-fatiga\">La alimentaci\u00f3n, el estr\u00e9s y la fatiga.<\/a><br \/><a href=\"https:\/\/conducircolombia.com\/cea\/El-alcohol-y-otras-sustancias\">El alcohol y otras sustancias<\/a>.<br \/><a href=\"https:\/\/conducircolombia.com\/cea\/La-velocidad\">La velocidad.<\/a><br \/><a href=\"https:\/\/conducircolombia.com\/cea\/Respeto-de-lugares-exclusivos\">Respeto de lugares exclusivos.<\/a><\/p><p><span style=\"color: #000000;\"><strong>Se\u00f1alizaci\u00f3n<\/strong><\/span><\/p><p><a href=\"https:\/\/conducircolombia.com\/cea\/Senales-de-transito\">Se\u00f1ales de tr\u00e1nsito<\/a>.<br \/><a href=\"https:\/\/conducircolombia.com\/cea\/Las-vias\">Las v\u00edas.<\/a><br \/><a href=\"https:\/\/conducircolombia.com\/cea\/Carriles-de-transito-mixto\">Carriles de tr\u00e1nsito mixto.<\/a><br \/><a href=\"https:\/\/conducircolombia.com\/cea\/Ciclo-infraestructura\">Ciclo infraestructura.<\/a><br \/><a href=\"https:\/\/conducircolombia.com\/cea\/El-espacio-publico\">El espacio p\u00fablico.<\/a><\/p>\t\t\t\t\t\t\t\t<\/div>\n\t\t\t\t<\/div>\n\t\t\t\t\t<\/div>\n\t\t<\/div>\n\t\t\t\t<div class=\"elementor-column elementor-col-50 elementor-top-column elementor-element elementor-element-6d93221 elementor-invisible\" data-id=\"6d93221\" data-element_type=\"column\" data-settings=\"{&quot;animation&quot;:&quot;fadeInLeft&quot;,&quot;background_background&quot;:&quot;classic&quot;}\">\n\t\t\t<div class=\"elementor-widget-wrap elementor-element-populated\">\n\t\t\t\t\t\t<div class=\"elementor-element elementor-element-9250309 elementor-widget elementor-widget-heading\" data-id=\"9250309\" data-element_type=\"widget\" data-widget_type=\"heading.default\">\n\t\t\t\t<div class=\"elementor-widget-container\">\n\t\t\t\t\t<h1 class=\"elementor-heading-title elementor-size-default\">Se\u00f1ales verticales<\/h1>\t\t\t\t<\/div>\n\t\t\t\t<\/div>\n\t\t\t\t<div class=\"elementor-element elementor-element-b6b4992 elementor-widget elementor-widget-heading\" data-id=\"b6b4992\" data-element_type=\"widget\" data-widget_type=\"heading.default\">\n\t\t\t\t<div class=\"elementor-widget-container\">\n\t\t\t\t\t<h2 class=\"elementor-heading-title elementor-size-xl\">M\u00f3dulo: 1. Formaci\u00f3n te\u00f3rica<\/h2>\t\t\t\t<\/div>\n\t\t\t\t<\/div>\n\t\t\t\t<div class=\"elementor-element elementor-element-5db3de4 elementor-widget elementor-widget-heading\" data-id=\"5db3de4\" data-element_type=\"widget\" data-widget_type=\"heading.default\">\n\t\t\t\t<div class=\"elementor-widget-container\">\n\t\t\t\t\t<h3 class=\"elementor-heading-title elementor-size-large\">3. Se\u00f1alizaci\u00f3n e infraestructura<\/h3>\t\t\t\t<\/div>\n\t\t\t\t<\/div>\n\t\t\t\t<div class=\"elementor-element elementor-element-532a8d1 elementor-widget elementor-widget-text-editor\" data-id=\"532a8d1\" data-element_type=\"widget\" data-widget_type=\"text-editor.default\">\n\t\t\t\t<div class=\"elementor-widget-container\">\n\t\t\t\t\t\t\t\t\t<p style=\"text-align: center;\">\u00a0<\/p><p style=\"text-align: left;\"><img decoding=\"async\" style=\"float: left; height: 267px; margin: 0px 31px; width: 400px;\" src=\"https:\/\/conducircolombia.com\/cea\/wp-content\/uploads\/2023\/02\/provisional1-e1675342239545.jpg\" alt=\"Se\u00f1ales Verticales\" \/> <span style=\"font-size: 28px;\"><strong>Se\u00f1ales verticales:<\/strong><\/span><\/p><p style=\"text-align: left;\"><span style=\"font-size: 22px;\">Las se\u00f1ales verticales son placas fijadas en postes o estructuras instaladas al costado de la v\u00eda para reglamentar limitaciones, prohibiciones, restricciones y para informar de peligros, rutas, direcciones, destinos y sitios de inter\u00e9s.<\/span><\/p><p style=\"text-align: left;\"><span style=\"font-size: 22px;\">Se clasifican en cuatro categor\u00edas:<\/span><\/p><p style=\"text-align: left;\"><span style=\"font-size: 22px;\">1 Reglamentarias<br \/>2 Preventivas<br \/>3 Informativas<br \/>4 Transitorias.\u00a0<\/span><\/p><p style=\"text-align: left;\"><span style=\"font-size: 22px;\">Cada se\u00f1al tiene un mensaje claro, transmitido a trav\u00e9s de s\u00edmbolos o leyendas.<\/span><\/p><p style=\"text-align: left;\"><span style=\"font-size: 22px;\">La forma y el color de la se\u00f1al facilitan su reconocimiento y comprensi\u00f3n por los usuarios de la v\u00eda. La forma circular y colores blanco, rojo y negro son comunes para se\u00f1ales reglamentarias, mientras que se\u00f1ales preventivas tienen una forma de rombo y colores amarillo y negro.<\/span><\/p>\t\t\t\t\t\t\t\t<\/div>\n\t\t\t\t<\/div>\n\t\t\t\t<section class=\"elementor-section elementor-inner-section elementor-element elementor-element-ab98894 elementor-section-boxed elementor-section-height-default elementor-section-height-default\" data-id=\"ab98894\" data-element_type=\"section\">\n\t\t\t\t\t\t<div class=\"elementor-container elementor-column-gap-default\">\n\t\t\t\t\t<div class=\"elementor-column elementor-col-25 elementor-inner-column elementor-element elementor-element-9d633b6\" data-id=\"9d633b6\" data-element_type=\"column\">\n\t\t\t<div class=\"elementor-widget-wrap elementor-element-populated\">\n\t\t\t\t\t\t<div class=\"elementor-element elementor-element-10199cc elementor-position-top elementor-widget elementor-widget-image-box\" data-id=\"10199cc\" data-element_type=\"widget\" data-widget_type=\"image-box.default\">\n\t\t\t\t<div class=\"elementor-widget-container\">\n\t\t\t\t\t<div class=\"elementor-image-box-wrapper\"><figure class=\"elementor-image-box-img\"><a href=\"https:\/\/conducircolombia.com\/cea\/Senales-reglamentarias\" tabindex=\"-1\"><img decoding=\"async\" width=\"150\" height=\"150\" src=\"https:\/\/conducircolombia.com\/cea\/wp-content\/uploads\/2023\/02\/Reglamentaria-1-150x150.webp\" class=\"attachment-thumbnail size-thumbnail wp-image-4439\" alt=\"Se\u00f1al reglamentaria\" srcset=\"https:\/\/conducircolombia.com\/cea\/wp-content\/uploads\/2023\/02\/Reglamentaria-1-150x150.webp 150w, https:\/\/conducircolombia.com\/cea\/wp-content\/uploads\/2023\/02\/Reglamentaria-1-300x300.webp 300w, https:\/\/conducircolombia.com\/cea\/wp-content\/uploads\/2023\/02\/Reglamentaria-1.webp 430w\" sizes=\"(max-width: 150px) 100vw, 150px\" \/><\/a><\/figure><div class=\"elementor-image-box-content\"><span class=\"elementor-image-box-title\"><a href=\"https:\/\/conducircolombia.com\/cea\/Senales-reglamentarias\">Reglamentarias<\/a><\/span><p class=\"elementor-image-box-description\"> Informan a los usuarios de las v\u00edas sobre las prioridades, restricciones y limitaciones.\n\nSu violaci\u00f3n conlleva sanciones seg\u00fan el C\u00f3digo Nacional de Tr\u00e1nsito.<\/p><\/div><\/div>\t\t\t\t<\/div>\n\t\t\t\t<\/div>\n\t\t\t\t\t<\/div>\n\t\t<\/div>\n\t\t\t\t<div class=\"elementor-column elementor-col-25 elementor-inner-column elementor-element elementor-element-55077f9\" data-id=\"55077f9\" data-element_type=\"column\">\n\t\t\t<div class=\"elementor-widget-wrap elementor-element-populated\">\n\t\t\t\t\t\t<div class=\"elementor-element elementor-element-bc219f5 elementor-position-top elementor-widget elementor-widget-image-box\" data-id=\"bc219f5\" data-element_type=\"widget\" data-widget_type=\"image-box.default\">\n\t\t\t\t<div class=\"elementor-widget-container\">\n\t\t\t\t\t<div class=\"elementor-image-box-wrapper\"><figure class=\"elementor-image-box-img\"><a href=\"https:\/\/conducircolombia.com\/cea\/Senales-preventivas\" tabindex=\"-1\"><img decoding=\"async\" width=\"150\" height=\"150\" src=\"https:\/\/conducircolombia.com\/cea\/wp-content\/uploads\/2023\/02\/s-preventiva-150x150.webp\" class=\"attachment-thumbnail size-thumbnail wp-image-4448\" alt=\"Se\u00f1al Preventiva\" \/><\/a><\/figure><div class=\"elementor-image-box-content\"><span class=\"elementor-image-box-title\"><a href=\"https:\/\/conducircolombia.com\/cea\/Senales-preventivas\">Preventivas<\/a><\/span><p class=\"elementor-image-box-description\">Son se\u00f1ales de advertencia para los usuarios de la v\u00eda sobre la existencia y naturaleza de los riesgos y situaciones imprevistas..<\/p><\/div><\/div>\t\t\t\t<\/div>\n\t\t\t\t<\/div>\n\t\t\t\t\t<\/div>\n\t\t<\/div>\n\t\t\t\t<div class=\"elementor-column elementor-col-25 elementor-inner-column elementor-element elementor-element-5feaf08\" data-id=\"5feaf08\" data-element_type=\"column\">\n\t\t\t<div class=\"elementor-widget-wrap elementor-element-populated\">\n\t\t\t\t\t\t<div class=\"elementor-element elementor-element-d87ce3b elementor-position-top elementor-widget elementor-widget-image-box\" data-id=\"d87ce3b\" data-element_type=\"widget\" data-widget_type=\"image-box.default\">\n\t\t\t\t<div class=\"elementor-widget-container\">\n\t\t\t\t\t<div class=\"elementor-image-box-wrapper\"><figure class=\"elementor-image-box-img\"><a href=\"https:\/\/conducircolombia.com\/cea\/Senales-informativas\" tabindex=\"-1\"><img decoding=\"async\" width=\"150\" height=\"150\" src=\"https:\/\/conducircolombia.com\/cea\/wp-content\/uploads\/2023\/02\/S-informativa-150x150.webp\" class=\"attachment-thumbnail size-thumbnail wp-image-4449\" alt=\"Se\u00f1al informativa\" srcset=\"https:\/\/conducircolombia.com\/cea\/wp-content\/uploads\/2023\/02\/S-informativa-150x150.webp 150w, https:\/\/conducircolombia.com\/cea\/wp-content\/uploads\/2023\/02\/S-informativa.webp 320w\" sizes=\"(max-width: 150px) 100vw, 150px\" \/><\/a><\/figure><div class=\"elementor-image-box-content\"><span class=\"elementor-image-box-title\"><a href=\"https:\/\/conducircolombia.com\/cea\/Senales-informativas\">Informativas<\/a><\/span><p class=\"elementor-image-box-description\"> El prop\u00f3sito es el de  orientar  a los usuarios\ndel sistema vial, entreg\u00e1ndoles la informaci\u00f3n necesaria para que puedan llegar\na sus destinos de la forma m\u00e1s segura y simple  posible.\n<\/p><\/div><\/div>\t\t\t\t<\/div>\n\t\t\t\t<\/div>\n\t\t\t\t\t<\/div>\n\t\t<\/div>\n\t\t\t\t<div class=\"elementor-column elementor-col-25 elementor-inner-column elementor-element elementor-element-500f1bb\" data-id=\"500f1bb\" data-element_type=\"column\">\n\t\t\t<div class=\"elementor-widget-wrap elementor-element-populated\">\n\t\t\t\t\t\t<div class=\"elementor-element elementor-element-407daa0 elementor-position-top elementor-widget elementor-widget-image-box\" data-id=\"407daa0\" data-element_type=\"widget\" data-widget_type=\"image-box.default\">\n\t\t\t\t<div class=\"elementor-widget-container\">\n\t\t\t\t\t<div class=\"elementor-image-box-wrapper\"><figure class=\"elementor-image-box-img\"><a href=\"https:\/\/conducircolombia.com\/cea\/Senales-transitorias\" tabindex=\"-1\"><img loading=\"lazy\" decoding=\"async\" width=\"150\" height=\"150\" src=\"https:\/\/conducircolombia.com\/cea\/wp-content\/uploads\/2023\/02\/S-transitoria-150x150.webp\" class=\"attachment-thumbnail size-thumbnail wp-image-4450\" alt=\"\" srcset=\"https:\/\/conducircolombia.com\/cea\/wp-content\/uploads\/2023\/02\/S-transitoria-150x150.webp 150w, https:\/\/conducircolombia.com\/cea\/wp-content\/uploads\/2023\/02\/S-transitoria-300x300.webp 300w, https:\/\/conducircolombia.com\/cea\/wp-content\/uploads\/2023\/02\/S-transitoria.webp 320w\" sizes=\"(max-width: 150px) 100vw, 150px\" \/><\/a><\/figure><div class=\"elementor-image-box-content\"><span class=\"elementor-image-box-title\"><a href=\"https:\/\/conducircolombia.com\/cea\/Senales-transitorias\">Transitorias<\/a><\/span><p class=\"elementor-image-box-description\"> Modifican transitoriamente el r\u00e9gimen normal de utilizaci\u00f3n de la v\u00eda. \n<\/p><\/div><\/div>\t\t\t\t<\/div>\n\t\t\t\t<\/div>\n\t\t\t\t\t<\/div>\n\t\t<\/div>\n\t\t\t\t\t<\/div>\n\t\t<\/section>\n\t\t\t\t<div class=\"elementor-element elementor-element-08316fd elementor-widget elementor-widget-html\" data-id=\"08316fd\" data-element_type=\"widget\" data-widget_type=\"html.default\">\n\t\t\t\t<div class=\"elementor-widget-container\">\n\t\t\t\t\t<div id=\"senales-verticales-quiz-app\">\r\n    <h3>Cuestionario: Se\u00f1ales Verticales<\/h3>\r\n    <p id=\"sv-intro-text\">Prueba tus conocimientos sobre las se\u00f1ales verticales y su clasificaci\u00f3n.<\/p>\r\n\r\n    <div id=\"sv-name-entry\">\r\n        <label for=\"sv-userName\">Por favor, ingresa tu nombre para comenzar:<\/label>\r\n        <input type=\"text\" id=\"sv-userName\" placeholder=\"Tu nombre\">\r\n        <button id=\"sv-startQuizBtn\">Iniciar Cuestionario<\/button>\r\n    <\/div>\r\n\r\n    <div id=\"sv-quiz-container\" style=\"display:none;\">\r\n        <form id=\"sv-quizForm\">\r\n            <!-- Pregunta 1 -->\r\n            <div class=\"sv-question\">\r\n                <p>1. \u00bfCu\u00e1l es la funci\u00f3n principal de las se\u00f1ales verticales, seg\u00fan el texto?<\/p>\r\n                <div class=\"sv-option\"><input type=\"radio\" name=\"q1\" value=\"a\" id=\"sv-q1a\"><label for=\"sv-q1a\">a) Solo indicar la velocidad m\u00e1xima permitida.<\/label><\/div>\r\n                <div class=\"sv-option\"><input type=\"radio\" name=\"q1\" value=\"b\" id=\"sv-q1b\"><label for=\"sv-q1b\">b) Unicamente decorar el entorno de las v\u00edas.<\/label><\/div>\r\n                <div class=\"sv-option\"><input type=\"radio\" name=\"q1\" value=\"c\" id=\"sv-q1c\"><label for=\"sv-q1c\">c) Reglamentar, informar de peligros, rutas, destinos y sitios de inter\u00e9s.<\/label><\/div>\r\n                <div class=\"sv-option\"><input type=\"radio\" name=\"q1\" value=\"d\" id=\"sv-q1d\"><label for=\"sv-q1d\">d) Servir como soporte para c\u00e1maras de vigilancia.<\/label><\/div>\r\n            <\/div>\r\n\r\n            <!-- Pregunta 2 -->\r\n            <div class=\"sv-question\">\r\n                <p>2. \u00bfCu\u00e1ntas categor\u00edas principales de se\u00f1ales verticales se mencionan?<\/p>\r\n                <div class=\"sv-option\"><input type=\"radio\" name=\"q2\" value=\"a\" id=\"sv-q2a\"><label for=\"sv-q2a\">a) Dos.<\/label><\/div>\r\n                <div class=\"sv-option\"><input type=\"radio\" name=\"q2\" value=\"b\" id=\"sv-q2b\"><label for=\"sv-q2b\">b) Tres.<\/label><\/div>\r\n                <div class=\"sv-option\"><input type=\"radio\" name=\"q2\" value=\"c\" id=\"sv-q2c\"><label for=\"sv-q2c\">c) Cuatro.<\/label><\/div>\r\n                <div class=\"sv-option\"><input type=\"radio\" name=\"q2\" value=\"d\" id=\"sv-q2d\"><label for=\"sv-q2d\">d) Cinco.<\/label><\/div>\r\n            <\/div>\r\n\r\n            <!-- Pregunta 3 -->\r\n            <div class=\"sv-question\">\r\n                <p>3. \u00bfQu\u00e9 caracter\u00edsticas de una se\u00f1al vertical facilitan su reconocimiento y comprensi\u00f3n?<\/p>\r\n                <div class=\"sv-option\"><input type=\"radio\" name=\"q3\" value=\"a\" id=\"sv-q3a\"><label for=\"sv-q3a\">a) \u00danicamente su tama\u00f1o.<\/label><\/div>\r\n                <div class=\"sv-option\"><input type=\"radio\" name=\"q3\" value=\"b\" id=\"sv-q3b\"><label for=\"sv-q3b\">b) Su material de fabricaci\u00f3n y altura.<\/label><\/div>\r\n                <div class=\"sv-option\"><input type=\"radio\" name=\"q3\" value=\"c\" id=\"sv-q3c\"><label for=\"sv-q3c\">c) Su forma y color.<\/label><\/div>\r\n                <div class=\"sv-option\"><input type=\"radio\" name=\"q3\" value=\"d\" id=\"sv-q3d\"><label for=\"sv-q3d\">d) La marca del fabricante.<\/label><\/div>\r\n            <\/div>\r\n\r\n            <!-- Pregunta 4 -->\r\n            <div class=\"sv-question\">\r\n                <p>4. \u00bfQu\u00e9 forma y colores son comunes para las se\u00f1ales verticales REGLAMENTARIAS?<\/p>\r\n                <div class=\"sv-option\"><input type=\"radio\" name=\"q4\" value=\"a\" id=\"sv-q4a\"><label for=\"sv-q4a\">a) Rombo, amarillo y negro.<\/label><\/div>\r\n                <div class=\"sv-option\"><input type=\"radio\" name=\"q4\" value=\"b\" id=\"sv-q4b\"><label for=\"sv-q4b\">b) Rectangular, azul y blanco.<\/label><\/div>\r\n                <div class=\"sv-option\"><input type=\"radio\" name=\"q4\" value=\"c\" id=\"sv-q4c\"><label for=\"sv-q4c\">c) Circular, blanco, rojo y negro.<\/label><\/div>\r\n                <div class=\"sv-option\"><input type=\"radio\" name=\"q4\" value=\"d\" id=\"sv-q4d\"><label for=\"sv-q4d\">d) Triangular, verde y blanco.<\/label><\/div>\r\n            <\/div>\r\n\r\n            <!-- Pregunta 5 -->\r\n            <div class=\"sv-question\">\r\n                <p>5. Las se\u00f1ales PREVENTIVAS suelen tener una forma de rombo y colores:<\/p>\r\n                <div class=\"sv-option\"><input type=\"radio\" name=\"q5\" value=\"a\" id=\"sv-q5a\"><label for=\"sv-q5a\">a) Circular y rojo.<\/label><\/div>\r\n                <div class=\"sv-option\"><input type=\"radio\" name=\"q5\" value=\"b\" id=\"sv-q5b\"><label for=\"sv-q5b\">b) Amarillo y negro.<\/label><\/div>\r\n                <div class=\"sv-option\"><input type=\"radio\" name=\"q5\" value=\"c\" id=\"sv-q5c\"><label for=\"sv-q5c\">c) Azul y blanco.<\/label><\/div>\r\n                <div class=\"sv-option\"><input type=\"radio\" name=\"q5\" value=\"d\" id=\"sv-q5d\"><label for=\"sv-q5d\">d) Verde y negro.<\/label><\/div>\r\n            <\/div>\r\n\r\n            <!-- Pregunta 6 -->\r\n            <div class=\"sv-question\">\r\n                <p>6. \u00bfCu\u00e1l es el prop\u00f3sito principal de las se\u00f1ales REGLAMENTARIAS?<\/p>\r\n                <div class=\"sv-option\"><input type=\"radio\" name=\"q6\" value=\"a\" id=\"sv-q6a\"><label for=\"sv-q6a\">a) Orientar hacia destinos tur\u00edsticos.<\/label><\/div>\r\n                <div class=\"sv-option\"><input type=\"radio\" name=\"q6\" value=\"b\" id=\"sv-q6b\"><label for=\"sv-q6b\">b) Advertir sobre obras en la v\u00eda.<\/label><\/div>\r\n                <div class=\"sv-option\"><input type=\"radio\" name=\"q6\" value=\"c\" id=\"sv-q6c\"><label for=\"sv-q6c\">c) Informar sobre prioridades, restricciones y limitaciones.<\/label><\/div>\r\n                <div class=\"sv-option\"><input type=\"radio\" name=\"q6\" value=\"d\" id=\"sv-q6d\"><label for=\"sv-q6d\">d) Indicar la distancia a la pr\u00f3xima ciudad.<\/label><\/div>\r\n            <\/div>\r\n\r\n            <!-- Pregunta 7 -->\r\n            <div class=\"sv-question\">\r\n                <p>7. \u00bfQu\u00e9 consecuencia puede tener la violaci\u00f3n de las se\u00f1ales REGLAMENTARIAS?<\/p>\r\n                <div class=\"sv-option\"><input type=\"radio\" name=\"q7\" value=\"a\" id=\"sv-q7a\"><label for=\"sv-q7a\">a) Una advertencia verbal \u00fanicamente.<\/label><\/div>\r\n                <div class=\"sv-option\"><input type=\"radio\" name=\"q7\" value=\"b\" id=\"sv-q7b\"><label for=\"sv-q7b\">b) Sanciones seg\u00fan el C\u00f3digo Nacional de Tr\u00e1nsito.<\/label><\/div>\r\n                <div class=\"sv-option\"><input type=\"radio\" name=\"q7\" value=\"c\" id=\"sv-q7c\"><label for=\"sv-q7c\">c) La obligaci\u00f3n de limpiar la se\u00f1al.<\/label><\/div>\r\n                <div class=\"sv-option\"><input type=\"radio\" name=\"q7\" value=\"d\" id=\"sv-q7d\"><label for=\"sv-q7d\">d) Ninguna, si no hay peligro inminente.<\/label><\/div>\r\n            <\/div>\r\n\r\n            <!-- Pregunta 8 -->\r\n            <div class=\"sv-question\">\r\n                <p>8. \u00bfQu\u00e9 tipo de se\u00f1ales tienen como funci\u00f3n advertir sobre la existencia y naturaleza de riesgos y situaciones imprevistas?<\/p>\r\n                <div class=\"sv-option\"><input type=\"radio\" name=\"q8\" value=\"a\" id=\"sv-q8a\"><label for=\"sv-q8a\">a) Informativas.<\/label><\/div>\r\n                <div class=\"sv-option\"><input type=\"radio\" name=\"q8\" value=\"b\" id=\"sv-q8b\"><label for=\"sv-q8b\">b) Reglamentarias.<\/label><\/div>\r\n                <div class=\"sv-option\"><input type=\"radio\" name=\"q8\" value=\"c\" id=\"sv-q8c\"><label for=\"sv-q8c\">c) Preventivas.<\/label><\/div>\r\n                <div class=\"sv-option\"><input type=\"radio\" name=\"q8\" value=\"d\" id=\"sv-q8d\"><label for=\"sv-q8d\">d) Transitorias.<\/label><\/div>\r\n            <\/div>\r\n\r\n            <!-- Pregunta 9 -->\r\n            <div class=\"sv-question\">\r\n                <p>9. El prop\u00f3sito de orientar a los usuarios para que lleguen a sus destinos de la forma m\u00e1s segura y simple posible corresponde a las se\u00f1ales:<\/p>\r\n                <div class=\"sv-option\"><input type=\"radio\" name=\"q9\" value=\"a\" id=\"sv-q9a\"><label for=\"sv-q9a\">a) Preventivas.<\/label><\/div>\r\n                <div class=\"sv-option\"><input type=\"radio\" name=\"q9\" value=\"b\" id=\"sv-q9b\"><label for=\"sv-q9b\">b) Informativas.<\/label><\/div>\r\n                <div class=\"sv-option\"><input type=\"radio\" name=\"q9\" value=\"c\" id=\"sv-q9c\"><label for=\"sv-q9c\">c) Reglamentarias.<\/label><\/div>\r\n                <div class=\"sv-option\"><input type=\"radio\" name=\"q9\" value=\"d\" id=\"sv-q9d\"><label for=\"sv-q9d\">d) Transitorias.<\/label><\/div>\r\n            <\/div>\r\n\r\n            <!-- Pregunta 10 -->\r\n            <div class=\"sv-question\">\r\n                <p>10. \u00bfQu\u00e9 tipo de se\u00f1ales modifican TRANSITORIAMENTE el r\u00e9gimen normal de utilizaci\u00f3n de la v\u00eda?<\/p>\r\n                <div class=\"sv-option\"><input type=\"radio\" name=\"q10\" value=\"a\" id=\"sv-q10a\"><label for=\"sv-q10a\">a) Reglamentarias.<\/label><\/div>\r\n                <div class=\"sv-option\"><input type=\"radio\" name=\"q10\" value=\"b\" id=\"sv-q10b\"><label for=\"sv-q10b\">b) Preventivas.<\/label><\/div>\r\n                <div class=\"sv-option\"><input type=\"radio\" name=\"q10\" value=\"c\" id=\"sv-q10c\"><label for=\"sv-q10c\">c) Informativas.<\/label><\/div>\r\n                <div class=\"sv-option\"><input type=\"radio\" name=\"q10\" value=\"d\" id=\"sv-q10d\"><label for=\"sv-q10d\">d) Transitorias.<\/label><\/div>\r\n            <\/div>\r\n\r\n            <button type=\"submit\">Enviar Respuestas<\/button>\r\n        <\/form>\r\n    <\/div>\r\n\r\n    <div id=\"sv-results-container\" style=\"display:none;\" tabindex=\"-1\">\r\n        <!-- Los resultados se mostrar\u00e1n aqu\u00ed -->\r\n    <\/div>\r\n<\/div>\r\n\r\n<style>\r\n    #senales-verticales-quiz-app {\r\n        font-family: Arial, sans-serif;\r\n        line-height: 1.6;\r\n        padding: 20px;\r\n        background-color: #fff;\r\n        border-radius: 8px;\r\n        box-shadow: 0 0 10px rgba(0,0,0,0.1);\r\n        max-width: 100%;\r\n    }\r\n\r\n    #senales-verticales-quiz-app h3 {\r\n        color: #333;\r\n        text-align: center;\r\n        margin-top: 0;\r\n        margin-bottom: 10px;\r\n        font-size: 1.5em;\r\n    }\r\n    #senales-verticales-quiz-app #sv-intro-text {\r\n        text-align: center;\r\n        margin-bottom: 20px;\r\n        font-size: 0.95em;\r\n        color: #555;\r\n    }\r\n\r\n    #senales-verticales-quiz-app #sv-name-entry label {\r\n        display: block;\r\n        margin-bottom: 8px;\r\n        font-weight: bold;\r\n    }\r\n\r\n    #senales-verticales-quiz-app #sv-name-entry input[type=\"text\"] {\r\n        width: calc(100% - 22px);\r\n        padding: 10px;\r\n        margin-bottom: 15px;\r\n        border: 1px solid #ccc;\r\n        border-radius: 4px;\r\n        box-sizing: border-box;\r\n    }\r\n\r\n    #senales-verticales-quiz-app .sv-question {\r\n        margin-bottom: 20px;\r\n        padding: 15px;\r\n        border: 1px solid #e0e0e0;\r\n        border-radius: 5px;\r\n        background-color: #f9f9f9;\r\n    }\r\n\r\n    #senales-verticales-quiz-app .sv-question p {\r\n        margin-top: 0;\r\n        margin-bottom: 15px;\r\n        font-weight: bold;\r\n    }\r\n\r\n    #senales-verticales-quiz-app .sv-option {\r\n        margin-bottom: 10px;\r\n    }\r\n\r\n    #senales-verticales-quiz-app .sv-option input[type=\"radio\"] {\r\n        opacity: 0;\r\n        position: fixed;\r\n        width: 0;\r\n    }\r\n\r\n    #senales-verticales-quiz-app .sv-option label {\r\n        display: block;\r\n        background-color: #f0f0f0;\r\n        padding: 12px 15px;\r\n        border: 1px solid #ddd;\r\n        border-radius: 5px;\r\n        cursor: pointer;\r\n        transition: background-color 0.3s ease, border-color 0.3s ease;\r\n        text-align: left;\r\n    }\r\n\r\n    #senales-verticales-quiz-app .sv-option label:hover {\r\n        background-color: #e0e0e0;\r\n        border-color: #ccc;\r\n    }\r\n\r\n    #senales-verticales-quiz-app .sv-option input[type=\"radio\"]:checked + label {\r\n        background-color: #003380; \r\n        color: white;\r\n        border-color: #001a57; \r\n        font-weight: bold;\r\n    }\r\n\r\n    #senales-verticales-quiz-app button {\r\n        display: inline-block;\r\n        padding: 12px 20px;\r\n        background-color: #001a57; \r\n        color: white;\r\n        border: none;\r\n        cursor: pointer;\r\n        border-radius: 4px;\r\n        font-size: 16px;\r\n        transition: background-color 0.3s ease;\r\n        margin-top: 10px;\r\n    }\r\n\r\n    #senales-verticales-quiz-app button:hover {\r\n        background-color: #003380; \r\n    }\r\n\r\n    #senales-verticales-quiz-app #sv-results-container {\r\n        margin-top: 25px;\r\n        padding: 20px;\r\n        border: 1px solid #ccc;\r\n        border-radius: 5px;\r\n        background-color: #e9efff; \r\n    }\r\n    #senales-verticales-quiz-app #sv-results-container:focus {\r\n        outline: 2px solid #001a57; \r\n        outline-offset: 2px;\r\n    }\r\n\r\n    #senales-verticales-quiz-app #sv-results-container h4 {\r\n        margin-top: 0;\r\n        color: #001a57; \r\n    }\r\n\r\n    #senales-verticales-quiz-app #sv-results-container p {\r\n        margin-bottom: 10px;\r\n    }\r\n<\/style>\r\n\r\n<script>\r\n    (function() {\r\n        const quizAppContainer = document.getElementById('senales-verticales-quiz-app');\r\n        if (!quizAppContainer) {\r\n            console.warn('Contenedor del quiz #senales-verticales-quiz-app no encontrado.');\r\n            return;\r\n        }\r\n\r\n        const nameEntryDiv = document.getElementById('sv-name-entry');\r\n        const userNameInput = document.getElementById('sv-userName');\r\n        const startQuizBtn = document.getElementById('sv-startQuizBtn');\r\n        const quizContainerDiv = document.getElementById('sv-quiz-container');\r\n        const quizForm = document.getElementById('sv-quizForm');\r\n        const resultsContainerDiv = document.getElementById('sv-results-container');\r\n        const introTextP = document.getElementById('sv-intro-text');\r\n\r\n        if (!nameEntryDiv || !userNameInput || !startQuizBtn || !quizContainerDiv || !quizForm || !resultsContainerDiv || !introTextP) {\r\n            console.error('Uno o m\u00e1s elementos del quiz SV no se encontraron. Verifica los IDs.');\r\n            return;\r\n        }\r\n\r\n        let currentUserName = '';\r\n        const correctAnswers = {\r\n            q1: 'c', q2: 'c', q3: 'c', q4: 'c', q5: 'b',\r\n            q6: 'c', q7: 'b', q8: 'c', q9: 'b', q10: 'd'\r\n        };\r\n        const totalQuestions = Object.keys(correctAnswers).length;\r\n\r\n        startQuizBtn.addEventListener('click', startSVQuiz);\r\n        quizForm.addEventListener('submit', checkSVAnswers);\r\n\r\n        function startSVQuiz() {\r\n            currentUserName = userNameInput.value.trim();\r\n            if (currentUserName === \"\") {\r\n                alert(\"Por favor, ingresa tu nombre.\");\r\n                userNameInput.focus();\r\n                return;\r\n            }\r\n            nameEntryDiv.style.display = 'none';\r\n            introTextP.textContent = `Hola ${currentUserName}, selecciona la opci\u00f3n que consideres correcta para cada pregunta.`;\r\n            resultsContainerDiv.style.display = 'none';\r\n            quizForm.reset();\r\n            quizForm.querySelectorAll('.sv-option input[type=\"radio\"]').forEach(radio => {\r\n                if (radio.checked) radio.checked = false;\r\n            });\r\n            displaySVQuiz();\r\n        }\r\n\r\n        function displaySVQuiz() {\r\n            quizContainerDiv.style.display = 'block';\r\n        }\r\n\r\n        function checkSVAnswers(event) {\r\n            event.preventDefault();\r\n            let score = 0;\r\n            const formData = new FormData(quizForm);\r\n            let allAnswered = true;\r\n\r\n            for (const questionName in correctAnswers) {\r\n                const userAnswer = formData.get(questionName);\r\n                if (userAnswer === null) {\r\n                    allAnswered = false;\r\n                }\r\n                if (userAnswer === correctAnswers[questionName]) {\r\n                    score++;\r\n                }\r\n            }\r\n            \r\n            if (!allAnswered) {\r\n                resultsContainerDiv.innerHTML = '<p style=\"color: #c00;\">\u26a0\ufe0f \u00a1Atenci\u00f3n! Por favor, responde todas las preguntas para obtener tu resultado.<\/p>' +\r\n                                                '<p>\ud83d\ude0a \u00a1Completa el cuestionario al 100% e int\u00e9ntalo de nuevo! \u2728<\/p>';\r\n                resultsContainerDiv.style.display = 'block';\r\n                resultsContainerDiv.focus();\r\n                return;\r\n            }\r\n            displaySVResults(score);\r\n        }\r\n\r\n        function displaySVResults(score) {\r\n            quizContainerDiv.style.display = 'none';\r\n            resultsContainerDiv.innerHTML = '';\r\n\r\n            const percentage = (totalQuestions > 0) ? (score \/ totalQuestions) * 100 : 0;\r\n            let resultsHtml = `<h4>Resultados del Cuestionario para ${currentUserName}<\/h4>`;\r\n            resultsHtml += `<p>Tu puntuaci\u00f3n: ${score} de ${totalQuestions} (${percentage.toFixed(0)}%)<\/p>`;\r\n\r\n            let feedbackMessage = '';\r\n            if (percentage === 100) {\r\n                feedbackMessage = '\ud83c\udf89 \u00a1Excelente! Conoces a la perfecci\u00f3n las se\u00f1ales verticales. \u00a1Fundamental para una conducci\u00f3n segura! \ud83d\udc4d';\r\n            } else if (percentage >= 80) {\r\n                feedbackMessage = '\u2705 \u00a1Muy bien! Tienes un buen conocimiento sobre las se\u00f1ales verticales. Un peque\u00f1o repaso te har\u00e1 un experto. \ud83e\udd14';\r\n            } else if (percentage >= 50) {\r\n                feedbackMessage = '\ud83d\udcdd Conoces algunas se\u00f1ales, pero es importante entender todas sus categor\u00edas y significados.';\r\n            } else {\r\n                feedbackMessage = '\ud83d\udcda Es fundamental que estudies con m\u00e1s detalle las se\u00f1ales verticales. Son clave para la seguridad en la v\u00eda. \u00a1Vuelve a intentarlo! \ud83d\ude4f';\r\n            }\r\n\r\n            resultsHtml += `<p>${feedbackMessage}<\/p>`;\r\n            resultsHtml += `<button id=\"sv-retryQuizBtn\">Intentar de Nuevo<\/button>`;\r\n\r\n            resultsContainerDiv.innerHTML = resultsHtml;\r\n            resultsContainerDiv.style.display = 'block';\r\n            resultsContainerDiv.focus();\r\n\r\n            const retryBtn = document.getElementById('sv-retryQuizBtn');\r\n            if (retryBtn) retryBtn.addEventListener('click', resetAndShowNameEntryForSV);\r\n        }\r\n\r\n        function resetAndShowNameEntryForSV() {\r\n            resultsContainerDiv.style.display = 'none';\r\n            quizForm.reset();\r\n            quizForm.querySelectorAll('.sv-option input[type=\"radio\"]').forEach(radio => {\r\n                if (radio.checked) radio.checked = false;\r\n            });\r\n            userNameInput.value = '';\r\n            introTextP.textContent = 'Prueba tus conocimientos sobre las se\u00f1ales verticales y su clasificaci\u00f3n.';\r\n            nameEntryDiv.style.display = 'block';\r\n            userNameInput.focus();\r\n        }\r\n\r\n    })();\r\n<\/script>\t\t\t\t<\/div>\n\t\t\t\t<\/div>\n\t\t\t\t<div class=\"elementor-element elementor-element-ae18102 elementor-widget elementor-widget-spacer\" data-id=\"ae18102\" data-element_type=\"widget\" data-widget_type=\"spacer.default\">\n\t\t\t\t<div class=\"elementor-widget-container\">\n\t\t\t\t\t\t\t<div class=\"elementor-spacer\">\n\t\t\t<div class=\"elementor-spacer-inner\"><\/div>\n\t\t<\/div>\n\t\t\t\t\t\t<\/div>\n\t\t\t\t<\/div>\n\t\t\t\t\t<\/div>\n\t\t<\/div>\n\t\t\t\t\t<\/div>\n\t\t<\/section>\n\t\t\t\t<section class=\"elementor-section elementor-top-section elementor-element elementor-element-07f1e1a elementor-section-boxed elementor-section-height-default elementor-section-height-default\" data-id=\"07f1e1a\" data-element_type=\"section\">\n\t\t\t\t\t\t<div class=\"elementor-container elementor-column-gap-default\">\n\t\t\t\t\t<div class=\"elementor-column elementor-col-50 elementor-top-column elementor-element elementor-element-64b550d\" data-id=\"64b550d\" data-element_type=\"column\">\n\t\t\t<div class=\"elementor-widget-wrap elementor-element-populated\">\n\t\t\t\t\t\t<div class=\"elementor-element elementor-element-e295590 elementor-widget elementor-widget-text-editor\" data-id=\"e295590\" data-element_type=\"widget\" data-widget_type=\"text-editor.default\">\n\t\t\t\t<div class=\"elementor-widget-container\">\n\t\t\t\t\t\t\t\t\t<p style=\"text-align: right;\">| <a href=\"https:\/\/conducircolombia.com\/cea\/senales-de-transito\">Anterior <\/a>| <a href=\"https:\/\/conducircolombia.com\/cea\/senales-reglamentarias\">Siguiente<\/a> |<\/p>\t\t\t\t\t\t\t\t<\/div>\n\t\t\t\t<\/div>\n\t\t\t\t\t<\/div>\n\t\t<\/div>\n\t\t\t\t<div class=\"elementor-column elementor-col-50 elementor-top-column elementor-element elementor-element-fa33acf\" data-id=\"fa33acf\" data-element_type=\"column\">\n\t\t\t<div class=\"elementor-widget-wrap elementor-element-populated\">\n\t\t\t\t\t\t<div class=\"elementor-element elementor-element-32fd565 elementor-align-right elementor-hidden-desktop elementor-widget elementor-widget-button\" data-id=\"32fd565\" data-element_type=\"widget\" data-widget_type=\"button.default\">\n\t\t\t\t<div class=\"elementor-widget-container\">\n\t\t\t\t\t\t\t\t\t<div class=\"elementor-button-wrapper\">\n\t\t\t\t\t<a class=\"elementor-button elementor-button-link elementor-size-sm\" href=\"https:\/\/conducircolombia.com\/cea\/indice-formacion-teorica\">\n\t\t\t\t\t\t<span class=\"elementor-button-content-wrapper\">\n\t\t\t\t\t\t\t\t\t<span class=\"elementor-button-text\">Ir al \u00edndice<\/span>\n\t\t\t\t\t<\/span>\n\t\t\t\t\t<\/a>\n\t\t\t\t<\/div>\n\t\t\t\t\t\t\t\t<\/div>\n\t\t\t\t<\/div>\n\t\t\t\t\t<\/div>\n\t\t<\/div>\n\t\t\t\t\t<\/div>\n\t\t<\/section>\n\t\t\t\t<section class=\"elementor-section elementor-top-section elementor-element elementor-element-5465274 elementor-section-boxed elementor-section-height-default elementor-section-height-default\" data-id=\"5465274\" data-element_type=\"section\">\n\t\t\t\t\t\t<div class=\"elementor-container elementor-column-gap-default\">\n\t\t\t\t\t<div class=\"elementor-column elementor-col-100 elementor-top-column elementor-element elementor-element-51a87f8\" data-id=\"51a87f8\" data-element_type=\"column\">\n\t\t\t<div class=\"elementor-widget-wrap elementor-element-populated\">\n\t\t\t\t\t\t<div class=\"elementor-element elementor-element-367c826 elementor-widget elementor-widget-image\" data-id=\"367c826\" data-element_type=\"widget\" data-widget_type=\"image.default\">\n\t\t\t\t<div class=\"elementor-widget-container\">\n\t\t\t\t\t\t\t\t\t\t\t\t<figure class=\"wp-caption\">\n\t\t\t\t\t\t\t\t\t\t\t<a href=\"#arriba\">\n\t\t\t\t\t\t\t<img decoding=\"async\" src=\"https:\/\/conducircolombia.com\/cea\/wp-content\/uploads\/elementor\/thumbs\/arriba-q09wc4h6tpltpvw9t0jxwlp9yg6w77sa4flvsswuv0.png\" title=\"arriba\" alt=\"Ir Arriba\" loading=\"lazy\" \/>\t\t\t\t\t\t\t\t<\/a>\n\t\t\t\t\t\t\t\t\t\t\t<figcaption class=\"widget-image-caption wp-caption-text\">Arriba<\/figcaption>\n\t\t\t\t\t\t\t\t\t\t<\/figure>\n\t\t\t\t\t\t\t\t\t<\/div>\n\t\t\t\t<\/div>\n\t\t\t\t\t<\/div>\n\t\t<\/div>\n\t\t\t\t\t<\/div>\n\t\t<\/section>\n\t\t\t\t<\/div>\n\t\t","protected":false},"excerpt":{"rendered":"<p>\u00cdNDICE Movilidad segura Visi\u00f3n cero.Las v\u00edctimas de accidentes de tr\u00e1nsito.Los usuarios vulnerables y su prelaci\u00f3n.La corresponsabilidad.La movilidad sostenible.La omisi\u00f3n de [&hellip;]<\/p>\n","protected":false},"author":1,"featured_media":4430,"comment_status":"closed","ping_status":"closed","sticky":false,"template":"elementor_theme","format":"standard","meta":{"site-sidebar-layout":"default","site-content-layout":"","ast-site-content-layout":"","site-content-style":"default","site-sidebar-style":"default","ast-global-header-display":"","ast-banner-title-visibility":"","ast-main-header-display":"","ast-hfb-above-header-display":"","ast-hfb-below-header-display":"","ast-hfb-mobile-header-display":"","site-post-title":"","ast-breadcrumbs-content":"","ast-featured-img":"","footer-sml-layout":"","theme-transparent-header-meta":"","adv-header-id-meta":"","stick-header-meta":"","header-above-stick-meta":"","header-main-stick-meta":"","header-below-stick-meta":"","astra-migrate-meta-layouts":"default","ast-page-background-enabled":"default","ast-page-background-meta":{"desktop":{"background-color":"var(--ast-global-color-4)","background-image":"","background-repeat":"repeat","background-position":"center center","background-size":"auto","background-attachment":"scroll","background-type":"","background-media":"","overlay-type":"","overlay-color":"","overlay-opacity":"","overlay-gradient":""},"tablet":{"background-color":"","background-image":"","background-repeat":"repeat","background-position":"center center","background-size":"auto","background-attachment":"scroll","background-type":"","background-media":"","overlay-type":"","overlay-color":"","overlay-opacity":"","overlay-gradient":""},"mobile":{"background-color":"","background-image":"","background-repeat":"repeat","background-position":"center center","background-size":"auto","background-attachment":"scroll","background-type":"","background-media":"","overlay-type":"","overlay-color":"","overlay-opacity":"","overlay-gradient":""}},"ast-content-background-meta":{"desktop":{"background-color":"var(--ast-global-color-5)","background-image":"","background-repeat":"repeat","background-position":"center center","background-size":"auto","background-attachment":"scroll","background-type":"","background-media":"","overlay-type":"","overlay-color":"","overlay-opacity":"","overlay-gradient":""},"tablet":{"background-color":"var(--ast-global-color-5)","background-image":"","background-repeat":"repeat","background-position":"center center","background-size":"auto","background-attachment":"scroll","background-type":"","background-media":"","overlay-type":"","overlay-color":"","overlay-opacity":"","overlay-gradient":""},"mobile":{"background-color":"var(--ast-global-color-5)","background-image":"","background-repeat":"repeat","background-position":"center center","background-size":"auto","background-attachment":"scroll","background-type":"","background-media":"","overlay-type":"","overlay-color":"","overlay-opacity":"","overlay-gradient":""}},"footnotes":""},"categories":[11],"tags":[],"class_list":["post-4428","post","type-post","status-publish","format-standard","has-post-thumbnail","hentry","category-mallas-curriculares"],"yoast_head":"<!-- This site is optimized with the Yoast SEO plugin v26.4 - https:\/\/yoast.com\/wordpress\/plugins\/seo\/ -->\n<title>Senales verticales - Conducir Colombia<\/title>\n<meta name=\"description\" content=\"Se\u00f1ales verticales | Son placas fijadas en postes o estructuras instaladas al costado de la v\u00eda para reglamentar su uso |\" \/>\n<meta name=\"robots\" content=\"index, follow, max-snippet:-1, max-image-preview:large, max-video-preview:-1\" \/>\n<link rel=\"canonical\" href=\"https:\/\/conducircolombia.com\/cea\/senales-verticales\/\" \/>\n<meta property=\"og:locale\" content=\"es_ES\" \/>\n<meta property=\"og:type\" content=\"article\" \/>\n<meta property=\"og:title\" content=\"Senales verticales - Conducir Colombia\" \/>\n<meta property=\"og:description\" content=\"Se\u00f1ales verticales | Son placas fijadas en postes o estructuras instaladas al costado de la v\u00eda para reglamentar su uso |\" \/>\n<meta property=\"og:url\" content=\"https:\/\/conducircolombia.com\/cea\/senales-verticales\/\" \/>\n<meta property=\"og:site_name\" content=\"Conducir Colombia\" \/>\n<meta property=\"article:publisher\" content=\"https:\/\/www.facebook.com\/ConducirColombiaBogota\" \/>\n<meta property=\"article:published_time\" content=\"2023-02-02T12:49:19+00:00\" \/>\n<meta property=\"article:modified_time\" content=\"2025-05-21T05:18:12+00:00\" \/>\n<meta property=\"og:image\" content=\"https:\/\/conducircolombia.com\/cea\/wp-content\/uploads\/2023\/02\/provisional1-e1675342239545.jpg\" \/>\n\t<meta property=\"og:image:width\" content=\"400\" \/>\n\t<meta property=\"og:image:height\" content=\"267\" \/>\n\t<meta property=\"og:image:type\" content=\"image\/jpeg\" \/>\n<meta name=\"author\" content=\"conducir\" \/>\n<meta name=\"twitter:card\" content=\"summary_large_image\" \/>\n<meta name=\"twitter:label1\" content=\"Escrito por\" \/>\n\t<meta name=\"twitter:data1\" content=\"conducir\" \/>\n\t<meta name=\"twitter:label2\" content=\"Tiempo de lectura\" \/>\n\t<meta name=\"twitter:data2\" content=\"5 minutos\" \/>\n<script type=\"application\/ld+json\" class=\"yoast-schema-graph\">{\"@context\":\"https:\/\/schema.org\",\"@graph\":[{\"@type\":\"Article\",\"@id\":\"https:\/\/conducircolombia.com\/cea\/senales-verticales\/#article\",\"isPartOf\":{\"@id\":\"https:\/\/conducircolombia.com\/cea\/senales-verticales\/\"},\"author\":{\"name\":\"conducir\",\"@id\":\"https:\/\/conducircolombia.com\/cea\/#\/schema\/person\/f46408961e009da1824aa2945feb7023\"},\"headline\":\"Senales verticales\",\"datePublished\":\"2023-02-02T12:49:19+00:00\",\"dateModified\":\"2025-05-21T05:18:12+00:00\",\"mainEntityOfPage\":{\"@id\":\"https:\/\/conducircolombia.com\/cea\/senales-verticales\/\"},\"wordCount\":730,\"publisher\":{\"@id\":\"https:\/\/conducircolombia.com\/cea\/#organization\"},\"image\":{\"@id\":\"https:\/\/conducircolombia.com\/cea\/senales-verticales\/#primaryimage\"},\"thumbnailUrl\":\"https:\/\/conducircolombia.com\/cea\/wp-content\/uploads\/2023\/02\/provisional1-e1675342239545.jpg\",\"articleSection\":[\"Mallas Curriculares\"],\"inLanguage\":\"es\"},{\"@type\":\"WebPage\",\"@id\":\"https:\/\/conducircolombia.com\/cea\/senales-verticales\/\",\"url\":\"https:\/\/conducircolombia.com\/cea\/senales-verticales\/\",\"name\":\"Senales verticales - Conducir Colombia\",\"isPartOf\":{\"@id\":\"https:\/\/conducircolombia.com\/cea\/#website\"},\"primaryImageOfPage\":{\"@id\":\"https:\/\/conducircolombia.com\/cea\/senales-verticales\/#primaryimage\"},\"image\":{\"@id\":\"https:\/\/conducircolombia.com\/cea\/senales-verticales\/#primaryimage\"},\"thumbnailUrl\":\"https:\/\/conducircolombia.com\/cea\/wp-content\/uploads\/2023\/02\/provisional1-e1675342239545.jpg\",\"datePublished\":\"2023-02-02T12:49:19+00:00\",\"dateModified\":\"2025-05-21T05:18:12+00:00\",\"description\":\"Se\u00f1ales verticales | Son placas fijadas en postes o estructuras instaladas al costado de la v\u00eda para reglamentar su uso |\",\"breadcrumb\":{\"@id\":\"https:\/\/conducircolombia.com\/cea\/senales-verticales\/#breadcrumb\"},\"inLanguage\":\"es\",\"potentialAction\":[{\"@type\":\"ReadAction\",\"target\":[\"https:\/\/conducircolombia.com\/cea\/senales-verticales\/\"]}]},{\"@type\":\"ImageObject\",\"inLanguage\":\"es\",\"@id\":\"https:\/\/conducircolombia.com\/cea\/senales-verticales\/#primaryimage\",\"url\":\"https:\/\/conducircolombia.com\/cea\/wp-content\/uploads\/2023\/02\/provisional1-e1675342239545.jpg\",\"contentUrl\":\"https:\/\/conducircolombia.com\/cea\/wp-content\/uploads\/2023\/02\/provisional1-e1675342239545.jpg\",\"width\":400,\"height\":267},{\"@type\":\"BreadcrumbList\",\"@id\":\"https:\/\/conducircolombia.com\/cea\/senales-verticales\/#breadcrumb\",\"itemListElement\":[{\"@type\":\"ListItem\",\"position\":1,\"name\":\"Portada\",\"item\":\"https:\/\/conducircolombia.com\/cea\/\"},{\"@type\":\"ListItem\",\"position\":2,\"name\":\"Senales verticales\"}]},{\"@type\":\"WebSite\",\"@id\":\"https:\/\/conducircolombia.com\/cea\/#website\",\"url\":\"https:\/\/conducircolombia.com\/cea\/\",\"name\":\"Conducir Colombia\",\"description\":\"Academia de Conducci\u00f3n\",\"publisher\":{\"@id\":\"https:\/\/conducircolombia.com\/cea\/#organization\"},\"potentialAction\":[{\"@type\":\"SearchAction\",\"target\":{\"@type\":\"EntryPoint\",\"urlTemplate\":\"https:\/\/conducircolombia.com\/cea\/?s={search_term_string}\"},\"query-input\":{\"@type\":\"PropertyValueSpecification\",\"valueRequired\":true,\"valueName\":\"search_term_string\"}}],\"inLanguage\":\"es\"},{\"@type\":\"Organization\",\"@id\":\"https:\/\/conducircolombia.com\/cea\/#organization\",\"name\":\"Conducir Colombia\",\"alternateName\":\"Conducir Colombia\",\"url\":\"https:\/\/conducircolombia.com\/cea\/\",\"logo\":{\"@type\":\"ImageObject\",\"inLanguage\":\"es\",\"@id\":\"https:\/\/conducircolombia.com\/cea\/#\/schema\/logo\/image\/\",\"url\":\"https:\/\/conducircolombia.com\/cea\/wp-content\/uploads\/2025\/02\/logowp.jpg\",\"contentUrl\":\"https:\/\/conducircolombia.com\/cea\/wp-content\/uploads\/2025\/02\/logowp.jpg\",\"width\":300,\"height\":299,\"caption\":\"Conducir Colombia\"},\"image\":{\"@id\":\"https:\/\/conducircolombia.com\/cea\/#\/schema\/logo\/image\/\"},\"sameAs\":[\"https:\/\/www.facebook.com\/ConducirColombiaBogota\"]},{\"@type\":\"Person\",\"@id\":\"https:\/\/conducircolombia.com\/cea\/#\/schema\/person\/f46408961e009da1824aa2945feb7023\",\"name\":\"conducir\",\"image\":{\"@type\":\"ImageObject\",\"inLanguage\":\"es\",\"@id\":\"https:\/\/conducircolombia.com\/cea\/#\/schema\/person\/image\/\",\"url\":\"https:\/\/secure.gravatar.com\/avatar\/9643ba75ec7766c1087fac13c7a122a44c2a2e077f5777fee06c709345c575cc?s=96&d=mm&r=g\",\"contentUrl\":\"https:\/\/secure.gravatar.com\/avatar\/9643ba75ec7766c1087fac13c7a122a44c2a2e077f5777fee06c709345c575cc?s=96&d=mm&r=g\",\"caption\":\"conducir\"},\"sameAs\":[\"https:\/\/conducircolombia.com\/cea\"],\"url\":\"https:\/\/conducircolombia.com\/cea\/author\/conducir\/\"}]}<\/script>\n<!-- \/ Yoast SEO plugin. -->","yoast_head_json":{"title":"Senales verticales - Conducir Colombia","description":"Se\u00f1ales verticales | Son placas fijadas en postes o estructuras instaladas al costado de la v\u00eda para reglamentar su uso |","robots":{"index":"index","follow":"follow","max-snippet":"max-snippet:-1","max-image-preview":"max-image-preview:large","max-video-preview":"max-video-preview:-1"},"canonical":"https:\/\/conducircolombia.com\/cea\/senales-verticales\/","og_locale":"es_ES","og_type":"article","og_title":"Senales verticales - Conducir Colombia","og_description":"Se\u00f1ales verticales | Son placas fijadas en postes o estructuras instaladas al costado de la v\u00eda para reglamentar su uso |","og_url":"https:\/\/conducircolombia.com\/cea\/senales-verticales\/","og_site_name":"Conducir Colombia","article_publisher":"https:\/\/www.facebook.com\/ConducirColombiaBogota","article_published_time":"2023-02-02T12:49:19+00:00","article_modified_time":"2025-05-21T05:18:12+00:00","og_image":[{"width":400,"height":267,"url":"https:\/\/conducircolombia.com\/cea\/wp-content\/uploads\/2023\/02\/provisional1-e1675342239545.jpg","type":"image\/jpeg"}],"author":"conducir","twitter_card":"summary_large_image","twitter_misc":{"Escrito por":"conducir","Tiempo de lectura":"5 minutos"},"schema":{"@context":"https:\/\/schema.org","@graph":[{"@type":"Article","@id":"https:\/\/conducircolombia.com\/cea\/senales-verticales\/#article","isPartOf":{"@id":"https:\/\/conducircolombia.com\/cea\/senales-verticales\/"},"author":{"name":"conducir","@id":"https:\/\/conducircolombia.com\/cea\/#\/schema\/person\/f46408961e009da1824aa2945feb7023"},"headline":"Senales verticales","datePublished":"2023-02-02T12:49:19+00:00","dateModified":"2025-05-21T05:18:12+00:00","mainEntityOfPage":{"@id":"https:\/\/conducircolombia.com\/cea\/senales-verticales\/"},"wordCount":730,"publisher":{"@id":"https:\/\/conducircolombia.com\/cea\/#organization"},"image":{"@id":"https:\/\/conducircolombia.com\/cea\/senales-verticales\/#primaryimage"},"thumbnailUrl":"https:\/\/conducircolombia.com\/cea\/wp-content\/uploads\/2023\/02\/provisional1-e1675342239545.jpg","articleSection":["Mallas Curriculares"],"inLanguage":"es"},{"@type":"WebPage","@id":"https:\/\/conducircolombia.com\/cea\/senales-verticales\/","url":"https:\/\/conducircolombia.com\/cea\/senales-verticales\/","name":"Senales verticales - Conducir Colombia","isPartOf":{"@id":"https:\/\/conducircolombia.com\/cea\/#website"},"primaryImageOfPage":{"@id":"https:\/\/conducircolombia.com\/cea\/senales-verticales\/#primaryimage"},"image":{"@id":"https:\/\/conducircolombia.com\/cea\/senales-verticales\/#primaryimage"},"thumbnailUrl":"https:\/\/conducircolombia.com\/cea\/wp-content\/uploads\/2023\/02\/provisional1-e1675342239545.jpg","datePublished":"2023-02-02T12:49:19+00:00","dateModified":"2025-05-21T05:18:12+00:00","description":"Se\u00f1ales verticales | Son placas fijadas en postes o estructuras instaladas al costado de la v\u00eda para reglamentar su uso |","breadcrumb":{"@id":"https:\/\/conducircolombia.com\/cea\/senales-verticales\/#breadcrumb"},"inLanguage":"es","potentialAction":[{"@type":"ReadAction","target":["https:\/\/conducircolombia.com\/cea\/senales-verticales\/"]}]},{"@type":"ImageObject","inLanguage":"es","@id":"https:\/\/conducircolombia.com\/cea\/senales-verticales\/#primaryimage","url":"https:\/\/conducircolombia.com\/cea\/wp-content\/uploads\/2023\/02\/provisional1-e1675342239545.jpg","contentUrl":"https:\/\/conducircolombia.com\/cea\/wp-content\/uploads\/2023\/02\/provisional1-e1675342239545.jpg","width":400,"height":267},{"@type":"BreadcrumbList","@id":"https:\/\/conducircolombia.com\/cea\/senales-verticales\/#breadcrumb","itemListElement":[{"@type":"ListItem","position":1,"name":"Portada","item":"https:\/\/conducircolombia.com\/cea\/"},{"@type":"ListItem","position":2,"name":"Senales verticales"}]},{"@type":"WebSite","@id":"https:\/\/conducircolombia.com\/cea\/#website","url":"https:\/\/conducircolombia.com\/cea\/","name":"Conducir Colombia","description":"Academia de Conducci\u00f3n","publisher":{"@id":"https:\/\/conducircolombia.com\/cea\/#organization"},"potentialAction":[{"@type":"SearchAction","target":{"@type":"EntryPoint","urlTemplate":"https:\/\/conducircolombia.com\/cea\/?s={search_term_string}"},"query-input":{"@type":"PropertyValueSpecification","valueRequired":true,"valueName":"search_term_string"}}],"inLanguage":"es"},{"@type":"Organization","@id":"https:\/\/conducircolombia.com\/cea\/#organization","name":"Conducir Colombia","alternateName":"Conducir Colombia","url":"https:\/\/conducircolombia.com\/cea\/","logo":{"@type":"ImageObject","inLanguage":"es","@id":"https:\/\/conducircolombia.com\/cea\/#\/schema\/logo\/image\/","url":"https:\/\/conducircolombia.com\/cea\/wp-content\/uploads\/2025\/02\/logowp.jpg","contentUrl":"https:\/\/conducircolombia.com\/cea\/wp-content\/uploads\/2025\/02\/logowp.jpg","width":300,"height":299,"caption":"Conducir Colombia"},"image":{"@id":"https:\/\/conducircolombia.com\/cea\/#\/schema\/logo\/image\/"},"sameAs":["https:\/\/www.facebook.com\/ConducirColombiaBogota"]},{"@type":"Person","@id":"https:\/\/conducircolombia.com\/cea\/#\/schema\/person\/f46408961e009da1824aa2945feb7023","name":"conducir","image":{"@type":"ImageObject","inLanguage":"es","@id":"https:\/\/conducircolombia.com\/cea\/#\/schema\/person\/image\/","url":"https:\/\/secure.gravatar.com\/avatar\/9643ba75ec7766c1087fac13c7a122a44c2a2e077f5777fee06c709345c575cc?s=96&d=mm&r=g","contentUrl":"https:\/\/secure.gravatar.com\/avatar\/9643ba75ec7766c1087fac13c7a122a44c2a2e077f5777fee06c709345c575cc?s=96&d=mm&r=g","caption":"conducir"},"sameAs":["https:\/\/conducircolombia.com\/cea"],"url":"https:\/\/conducircolombia.com\/cea\/author\/conducir\/"}]}},"_links":{"self":[{"href":"https:\/\/conducircolombia.com\/cea\/wp-json\/wp\/v2\/posts\/4428","targetHints":{"allow":["GET"]}}],"collection":[{"href":"https:\/\/conducircolombia.com\/cea\/wp-json\/wp\/v2\/posts"}],"about":[{"href":"https:\/\/conducircolombia.com\/cea\/wp-json\/wp\/v2\/types\/post"}],"author":[{"embeddable":true,"href":"https:\/\/conducircolombia.com\/cea\/wp-json\/wp\/v2\/users\/1"}],"replies":[{"embeddable":true,"href":"https:\/\/conducircolombia.com\/cea\/wp-json\/wp\/v2\/comments?post=4428"}],"version-history":[{"count":76,"href":"https:\/\/conducircolombia.com\/cea\/wp-json\/wp\/v2\/posts\/4428\/revisions"}],"predecessor-version":[{"id":15209,"href":"https:\/\/conducircolombia.com\/cea\/wp-json\/wp\/v2\/posts\/4428\/revisions\/15209"}],"wp:featuredmedia":[{"embeddable":true,"href":"https:\/\/conducircolombia.com\/cea\/wp-json\/wp\/v2\/media\/4430"}],"wp:attachment":[{"href":"https:\/\/conducircolombia.com\/cea\/wp-json\/wp\/v2\/media?parent=4428"}],"wp:term":[{"taxonomy":"category","embeddable":true,"href":"https:\/\/conducircolombia.com\/cea\/wp-json\/wp\/v2\/categories?post=4428"},{"taxonomy":"post_tag","embeddable":true,"href":"https:\/\/conducircolombia.com\/cea\/wp-json\/wp\/v2\/tags?post=4428"}],"curies":[{"name":"wp","href":"https:\/\/api.w.org\/{rel}","templated":true}]}}