{"id":4613,"date":"2023-02-02T21:44:52","date_gmt":"2023-02-03T02:44:52","guid":{"rendered":"https:\/\/conducircolombia.com\/cea\/?p=4613"},"modified":"2023-06-06T22:34:11","modified_gmt":"2023-06-07T03:34:11","slug":"semaforos","status":"publish","type":"post","link":"https:\/\/conducircolombia.com\/cea\/semaforos\/","title":{"rendered":"Semaforos"},"content":{"rendered":"\t\t<div data-elementor-type=\"wp-post\" data-elementor-id=\"4613\" class=\"elementor elementor-4613\">\n\t\t\t\t\t\t<section class=\"elementor-section elementor-top-section elementor-element elementor-element-2fe989a elementor-section-boxed elementor-section-height-default elementor-section-height-default\" data-id=\"2fe989a\" data-element_type=\"section\">\n\t\t\t\t\t\t<div class=\"elementor-container elementor-column-gap-default\">\n\t\t\t\t\t<div class=\"elementor-column elementor-col-50 elementor-top-column elementor-element elementor-element-4463261\" data-id=\"4463261\" data-element_type=\"column\">\n\t\t\t<div class=\"elementor-widget-wrap\">\n\t\t\t\t\t\t\t<\/div>\n\t\t<\/div>\n\t\t\t\t<div class=\"elementor-column elementor-col-50 elementor-top-column elementor-element elementor-element-9c59248\" data-id=\"9c59248\" data-element_type=\"column\">\n\t\t\t<div class=\"elementor-widget-wrap elementor-element-populated\">\n\t\t\t\t\t\t<div class=\"elementor-element elementor-element-1cf4e5b elementor-widget elementor-widget-text-editor\" data-id=\"1cf4e5b\" data-element_type=\"widget\" data-widget_type=\"text-editor.default\">\n\t\t\t\t<div class=\"elementor-widget-container\">\n\t\t\t\t\t\t\t\t\t<p style=\"text-align: right;\">\u00a0| <a href=\"https:\/\/conducircolombia.com\/cea\/diseno-vial\">Anterior <\/a>| <a href=\"https:\/\/conducircolombia.com\/cea\/Las-vias\">Siguiente<\/a> |<\/p>\t\t\t\t\t\t\t\t<\/div>\n\t\t\t\t<\/div>\n\t\t\t\t\t<\/div>\n\t\t<\/div>\n\t\t\t\t\t<\/div>\n\t\t<\/section>\n\t\t\t\t<section class=\"elementor-section elementor-top-section elementor-element elementor-element-dbad5e6 elementor-section-full_width elementor-section-stretched elementor-section-height-default elementor-section-height-default\" data-id=\"dbad5e6\" data-element_type=\"section\" data-settings=\"{&quot;stretch_section&quot;:&quot;section-stretched&quot;}\">\n\t\t\t\t\t\t<div class=\"elementor-container elementor-column-gap-default\">\n\t\t\t\t\t<div class=\"elementor-column elementor-col-50 elementor-top-column elementor-element elementor-element-31aea45 elementor-hidden-mobile\" data-id=\"31aea45\" data-element_type=\"column\">\n\t\t\t<div class=\"elementor-widget-wrap elementor-element-populated\">\n\t\t\t\t\t\t<div class=\"elementor-element elementor-element-baaf6ca elementor-widget elementor-widget-heading\" data-id=\"baaf6ca\" data-element_type=\"widget\" data-widget_type=\"heading.default\">\n\t\t\t\t<div class=\"elementor-widget-container\">\n\t\t\t\t\t<h2 class=\"elementor-heading-title elementor-size-default\">\u00cdNDICE<\/h2>\t\t\t\t<\/div>\n\t\t\t\t<\/div>\n\t\t\t\t<div class=\"elementor-element elementor-element-59e6700 elementor-widget elementor-widget-text-editor\" data-id=\"59e6700\" data-element_type=\"widget\" data-widget_type=\"text-editor.default\">\n\t\t\t\t<div class=\"elementor-widget-container\">\n\t\t\t\t\t\t\t\t\t<p><span style=\"color: #000000;\"><strong>Movilidad segura<\/strong><\/span><\/p><p><a href=\"https:\/\/conducircolombia.com\/cea\/vision-cero\">Visi\u00f3n cero.<\/a><br \/><a href=\"https:\/\/conducircolombia.com\/cea\/las-victimas-de-accidentes-de-transito\">Las v\u00edctimas de accidentes de tr\u00e1nsito<\/a>.<br \/><a href=\"https:\/\/conducircolombia.com\/cea\/los-usuarios-vulnerables-y-su-prelacion\">Los usuarios vulnerables y su prelaci\u00f3n<\/a>.<br \/><a href=\"https:\/\/conducircolombia.com\/cea\/la-corresponsabilidad\">La corresponsabilidad<\/a>.<br \/><a href=\"https:\/\/conducircolombia.com\/cea\/la-movilidad-sostenible\">La movilidad sostenible<\/a>.<br \/><a href=\"https:\/\/conducircolombia.com\/cea\/la-omision-de-socorro\">La omisi\u00f3n de socorro<\/a>.<br \/><a href=\"https:\/\/conducircolombia.com\/cea\/conduccion-preventiva\">Conducci\u00f3n preventiva.<\/a><br \/><a href=\"https:\/\/conducircolombia.com\/cea\/conduccion-eficiente\">Conducci\u00f3n eficiente<\/a>.<br \/><a href=\"https:\/\/conducircolombia.com\/cea\/la-conduccion-eficiente-y-la-seguridad-vial\">La conducci\u00f3n eficiente y la seguridad vial.<\/a><br \/><a href=\"https:\/\/conducircolombia.com\/cea\/circulacion-permanencia-y-accesibilidad-para-todos\">Circulaci\u00f3n, permanencia y accesibilidad para todos.<\/a><\/p><p><span style=\"color: #000000;\"><strong>Normas de tr\u00e1nsito<\/strong><\/span><\/p><p><a href=\"https:\/\/conducircolombia.com\/cea\/la-autorregulacion\">La autorregulaci\u00f3n. <\/a><br \/><a href=\"https:\/\/conducircolombia.com\/cea\/autoridades-de-transito\">Autoridades de Tr\u00e1nsito.<\/a><br \/><a href=\"https:\/\/conducircolombia.com\/cea\/documentos\">Documentos.<\/a><br \/><a href=\"https:\/\/conducircolombia.com\/cea\/Estructura-del-codigo\">Estructura del C\u00f3digo.<\/a><br \/><a href=\"https:\/\/conducircolombia.com\/cea\/Restricciones-especificas\">Restricciones espec\u00edficas.<\/a><br \/><a href=\"https:\/\/conducircolombia.com\/cea\/Conductas\">Conductas<\/a>.<br \/><a href=\"https:\/\/conducircolombia.com\/cea\/La-alimentacion-el-estres-y-la-fatiga\">La alimentaci\u00f3n, el estr\u00e9s y la fatiga.<\/a><br \/><a href=\"https:\/\/conducircolombia.com\/cea\/El-alcohol-y-otras-sustancias\">El alcohol y otras sustancias<\/a>.<br \/><a href=\"https:\/\/conducircolombia.com\/cea\/La-velocidad\">La velocidad.<\/a><br \/><a href=\"https:\/\/conducircolombia.com\/cea\/Respeto-de-lugares-exclusivos\">Respeto de lugares exclusivos.<\/a><\/p><p><span style=\"color: #000000;\"><strong>Se\u00f1alizaci\u00f3n<\/strong><\/span><\/p><p><a href=\"https:\/\/conducircolombia.com\/cea\/Senales-de-transito\">Se\u00f1ales de tr\u00e1nsito<\/a>.<br \/><a href=\"https:\/\/conducircolombia.com\/cea\/Las-vias\">Las v\u00edas.<\/a><br \/><a href=\"https:\/\/conducircolombia.com\/cea\/Carriles-de-transito-mixto\">Carriles de tr\u00e1nsito mixto.<\/a><br \/><a href=\"https:\/\/conducircolombia.com\/cea\/Ciclo-infraestructura\">Ciclo infraestructura.<\/a><br \/><a href=\"https:\/\/conducircolombia.com\/cea\/El-espacio-publico\">El espacio p\u00fablico.<\/a><\/p>\t\t\t\t\t\t\t\t<\/div>\n\t\t\t\t<\/div>\n\t\t\t\t\t<\/div>\n\t\t<\/div>\n\t\t\t\t<div class=\"elementor-column elementor-col-50 elementor-top-column elementor-element elementor-element-60a6682 elementor-invisible\" data-id=\"60a6682\" data-element_type=\"column\" data-settings=\"{&quot;animation&quot;:&quot;fadeInLeft&quot;,&quot;background_background&quot;:&quot;classic&quot;}\">\n\t\t\t<div class=\"elementor-widget-wrap elementor-element-populated\">\n\t\t\t\t\t\t<div class=\"elementor-element elementor-element-e30360b elementor-widget elementor-widget-heading\" data-id=\"e30360b\" data-element_type=\"widget\" data-widget_type=\"heading.default\">\n\t\t\t\t<div class=\"elementor-widget-container\">\n\t\t\t\t\t<h1 class=\"elementor-heading-title elementor-size-default\">Sem\u00e1foros<\/h1>\t\t\t\t<\/div>\n\t\t\t\t<\/div>\n\t\t\t\t<div class=\"elementor-element elementor-element-a70ec81 elementor-widget elementor-widget-heading\" data-id=\"a70ec81\" data-element_type=\"widget\" data-widget_type=\"heading.default\">\n\t\t\t\t<div class=\"elementor-widget-container\">\n\t\t\t\t\t<h2 class=\"elementor-heading-title elementor-size-xl\">M\u00f3dulo: 1. Formaci\u00f3n te\u00f3rica<\/h2>\t\t\t\t<\/div>\n\t\t\t\t<\/div>\n\t\t\t\t<div class=\"elementor-element elementor-element-a6742dd elementor-widget elementor-widget-heading\" data-id=\"a6742dd\" data-element_type=\"widget\" data-widget_type=\"heading.default\">\n\t\t\t\t<div class=\"elementor-widget-container\">\n\t\t\t\t\t<h3 class=\"elementor-heading-title elementor-size-large\">3. Se\u00f1alizaci\u00f3n e infraestructura<\/h3>\t\t\t\t<\/div>\n\t\t\t\t<\/div>\n\t\t\t\t<div class=\"elementor-element elementor-element-b577e2e elementor-widget elementor-widget-text-editor\" data-id=\"b577e2e\" data-element_type=\"widget\" data-widget_type=\"text-editor.default\">\n\t\t\t\t<div class=\"elementor-widget-container\">\n\t\t\t\t\t\t\t\t\t<p style=\"text-align: center;\">\u00a0<\/p><p style=\"text-align: left;\"><img decoding=\"async\" style=\"float: left; height: 918px; margin: 0px 31px; width: 347px;\" src=\"https:\/\/conducircolombia.com\/cea\/wp-content\/uploads\/2023\/02\/semaforo.webp\" alt=\"Sem\u00e1foros\" \/> <strong><span style=\"font-size: 28px;\">Sem\u00e1foros<\/span><\/strong><\/p><p style=\"text-align: left;\"><span style=\"font-size: 22px;\">Los sem\u00e1foros son dispositivos de se\u00f1alizaci\u00f3n mediante los cuales se regula la circulaci\u00f3n de veh\u00edculos motorizados, Bicicletas y\/o peatones en las v\u00edas, asignando el derecho de paso o prelaci\u00f3n de veh\u00edculos y peatones secuencialmente, por las indicaciones de luces de color rojo, amarillo y Verde, operadas por una Unidad electr\u00f3nica de control.<\/span><\/p><p style=\"text-align: left;\"><span style=\"font-size: 22px;\"><strong>Clasificaci\u00f3n<\/strong><br \/>De acuerdo con el tipo de conflicto que se regula y el mecanismo de operaci\u00f3n<br \/>de sus unidades de control, los sem\u00e1foros se clasifican en:<\/span><\/p><p style=\"text-align: left;\"><span style=\"font-size: 22px;\">a. Sem\u00e1foros para el control del tr\u00e1nsito de veh\u00edculos (los criterios utilizados<br \/>para esta clase de sem\u00e1foros son igualmente aplicables en ciclorrutas).<br \/>Sem\u00e1foros de tiempos fijos o predeterminados<br \/>Sem\u00e1foros parcialmente accionados por el tr\u00e1nsito<br \/>Sem\u00e1foros totalmente accionados por el tr\u00e1nsito<\/span><\/p><p style=\"text-align: left;\"><span style=\"font-size: 22px;\">b. Sem\u00e1foros para pasos peatonales, estos pueden ser de tiempos fijos o<br \/>accionados por los peatones.<\/span><\/p><p style=\"text-align: left;\"><span style=\"font-size: 22px;\">c. Sem\u00e1foros sonoros<\/span><\/p><p style=\"text-align: left;\"><span style=\"font-size: 22px;\">d. Sem\u00e1foros especiales<br \/>De destello o intermitentes<br \/>Para regular el uso de carriles<br \/>Para maniobras de veh\u00edculos de emergencia<br \/>Para el control de buses en corredores de autobuses de tr\u00e1nsito r\u00e1pido<br \/>Para indicar la aproximaci\u00f3n de trenes<\/span><\/p><p style=\"text-align: left;\"><span style=\"font-size: 22px;\"><strong>Interpretaci\u00f3n de los colores en los sem\u00e1foros<\/strong><\/span><\/p><p style=\"text-align: left;\"><span style=\"font-size: 22px;\"><strong>Verde:<\/strong>\u00a0Los conductores de los veh\u00edculos que observen esta luz podr\u00e1n seguir de frente o girar a la derecha, a menos que una se\u00f1al proh\u00edba dicho giro, y siempre y cuando se tenga la v\u00eda despejada de peatones o de otros<br \/>veh\u00edculos. Los transe\u00fantes que avancen hacia el sem\u00e1foro podr\u00e1n cruzar, a menos que un sem\u00e1foro especial para peatones indique lo contrario.<br \/>En v\u00edas unidireccionales, se podr\u00e1 girar a la izquierda cuando el sentido vial lo permita, a menos que una se\u00f1al SR-06 lo proh\u00edba.<\/span><\/p><p style=\"text-align: left;\"><span style=\"font-size: 22px;\"><strong>Amarillo:<\/strong>\u00a0Advierte a los conductores de los veh\u00edculos que el per\u00edodo de verde asignado a un flujo vehicular ha terminado y est\u00e1 a punto de iniciar el per\u00edodo de rojo y, por lo tanto, deben asumir una conducta de<br \/>prevenci\u00f3n deteniendo su marcha antes de la l\u00ednea de detenci\u00f3n, a menos que se est\u00e9n muy pr\u00f3ximos a la intersecci\u00f3n y una frenada brusca pueda ocasionar situaciones peligrosas con los veh\u00edculos de atr\u00e1s.<\/span><\/p><p style=\"text-align: left;\"><span style=\"font-size: 22px;\"><strong>Rojo:<\/strong>\u00a0Los veh\u00edculos y el tr\u00e1nsito vehicular deben detenerse antes de la l\u00ednea de detenci\u00f3n y si esta no existiera a una distancia no menor a tres (3) metros antes del sem\u00e1foro y permanecer detenidos hasta que inicie la<br \/>se\u00f1al luminosa verde.<br \/>Ning\u00fan peat\u00f3n frente a esta luz debe cruzar la v\u00eda perpendicularmente al sentido del tr\u00e1fico, a menos que est\u00e9 seguro de no interferir con alg\u00fan veh\u00edculo o que un sem\u00e1foro peatonal indique su paso.<\/span><\/p><p style=\"text-align: left;\"><span style=\"font-size: 22px;\"><strong>Rojo y amarillo:<\/strong>\u00a0Se puede dar al final del per\u00edodo rojo y advierte a los conductores de los veh\u00edculos que est\u00e1 pr\u00f3ximo el inicio del per\u00edodo de verde; de igual forma alerta a los conductores de dar inicio a la maniobra de arranque segundos antes de empezar dicho per\u00edodo, lo cual se traduce en la respuesta pronta del conductor y por lo tanto en la reducci\u00f3n del tiempo de p\u00e9rdida en el arranque que se da en el per\u00edodo de verde. Este estado es totalmente opcional.<\/span><\/p><p style=\"text-align: left;\"><span style=\"font-size: 22px;\"><strong>Flechas en los Sem\u00e1foros<\/strong><br \/>La interpretaci\u00f3n de las flechas en los sem\u00e1foros es la siguiente:<br \/>Los conductores de los veh\u00edculos deben girar a la izquierda, a la derecha o seguir de frente seg\u00fan lo indique la flecha, y de acuerdo con el color que exhiban.<br \/>El tr\u00e1nsito vehicular que gira en una intersecci\u00f3n debe ceder el derecho de v\u00eda a los peatones que se encuentren legalmente dentro de la calzada.<\/span><\/p><p style=\"text-align: left;\"><span style=\"font-size: 22px;\"><strong>Sem\u00e1foros para cruces peatonales<\/strong><br \/>Los sem\u00e1foros para peatones son dispositivos de tr\u00e1nsito instalados con el prop\u00f3sito exclusivo de controlar el tr\u00e1nsito de peatones en intersecciones de una o dos v\u00edas o en cruces a mitad de cuadra.<br \/>Los sem\u00e1foros para pasos peatonales se dividen de la siguiente manera:<br \/>a. En zonas de alto volumen peatonal.<br \/>b. En la proximidad a zonas o instituciones escolares y tambi\u00e9n en los lugares<br \/>que forman parte del camino seguro hacia y desde la escuela.<\/span><\/p><p style=\"text-align: left;\"><span style=\"font-size: 22px;\"><img decoding=\"async\" src=\"https:\/\/cursovial.com\/cursoswp\/wp-content\/uploads\/2020\/09\/2-34.jpg\" alt=\"\" \/><\/span><\/p><p style=\"text-align: left;\"><span style=\"font-size: 22px;\"><strong>Sem\u00e1foros sonoros<\/strong><br \/>La implementaci\u00f3n de estos dispositivos en intersecciones semaforizadas con pasos peatonales, facilita el uso de la infraestructura existente a personas con limitaci\u00f3n visual ampliando su participaci\u00f3n social.<br \/>Dichos dispositivos son instalados de manera que complementen la se\u00f1alizaci\u00f3n vehicular y peatonal convencional existente, siempre y cuando as\u00ed lo determine un estudio de tr\u00e1nsito del sector.<br \/>Los sem\u00e1foros sonoros contemplan el uso de formas de comunicaci\u00f3n no visual como son ondas sonoras y superficies para el reconocimiento t\u00e1ctil o dispositivos vibrantes.<\/span><\/p><p style=\"text-align: left;\"><span style=\"font-size: 22px;\"><img decoding=\"async\" src=\"https:\/\/cursovial.com\/cursoswp\/wp-content\/uploads\/2020\/09\/3-28.jpg\" alt=\"\" \/><\/span><\/p><p style=\"text-align: left;\"><span style=\"font-size: 22px;\"><strong>Sem\u00e1foros intermitentes o de destello\u00a0<\/strong><br \/>Son aquellos que tienen una o varias lentes de color amarillo o rojo que se iluminan intermitentemente.<br \/>Los sem\u00e1foros de destello son \u00fatiles en lugares donde el tr\u00e1nsito o las condiciones f\u00edsicas locales no justifican la operaci\u00f3n de un sem\u00e1foro para la regulaci\u00f3n del tr\u00e1nsito de veh\u00edculos y sirven adem\u00e1s para llamar la atenci\u00f3n de los conductores en ciertos sitios en los que existan situaciones de riesgo.<br \/>Por la funci\u00f3n que desempe\u00f1an, existen distintos tipos de sem\u00e1foros de destello como son:<br \/>Sem\u00e1foros intermitentes o de destello para indicar peligro.<br \/>Sem\u00e1foros intermitentes o de destello para intersecciones.<br \/>Sem\u00e1foros intermitentes o de destello de PARE.<\/span><\/p>\t\t\t\t\t\t\t\t<\/div>\n\t\t\t\t<\/div>\n\t\t\t\t<div class=\"elementor-element elementor-element-bf28b93 elementor-widget elementor-widget-spacer\" data-id=\"bf28b93\" data-element_type=\"widget\" data-widget_type=\"spacer.default\">\n\t\t\t\t<div class=\"elementor-widget-container\">\n\t\t\t\t\t\t\t<div class=\"elementor-spacer\">\n\t\t\t<div class=\"elementor-spacer-inner\"><\/div>\n\t\t<\/div>\n\t\t\t\t\t\t<\/div>\n\t\t\t\t<\/div>\n\t\t\t\t\t<\/div>\n\t\t<\/div>\n\t\t\t\t\t<\/div>\n\t\t<\/section>\n\t\t\t\t<section class=\"elementor-section elementor-top-section elementor-element elementor-element-9211e8a elementor-section-boxed elementor-section-height-default elementor-section-height-default\" data-id=\"9211e8a\" data-element_type=\"section\">\n\t\t\t\t\t\t<div class=\"elementor-container elementor-column-gap-default\">\n\t\t\t\t\t<div class=\"elementor-column elementor-col-50 elementor-top-column elementor-element elementor-element-7d4b1b2\" data-id=\"7d4b1b2\" data-element_type=\"column\">\n\t\t\t<div class=\"elementor-widget-wrap elementor-element-populated\">\n\t\t\t\t\t\t<div class=\"elementor-element elementor-element-b5086cb elementor-widget elementor-widget-text-editor\" data-id=\"b5086cb\" data-element_type=\"widget\" data-widget_type=\"text-editor.default\">\n\t\t\t\t<div class=\"elementor-widget-container\">\n\t\t\t\t\t\t\t\t\t<p style=\"text-align: right;\">\u00a0| <a href=\"https:\/\/conducircolombia.com\/cea\/diseno-vial\">Anterior <\/a>| <a href=\"https:\/\/conducircolombia.com\/cea\/Las-vias\">Siguiente<\/a> |<\/p>\t\t\t\t\t\t\t\t<\/div>\n\t\t\t\t<\/div>\n\t\t\t\t\t<\/div>\n\t\t<\/div>\n\t\t\t\t<div class=\"elementor-column elementor-col-50 elementor-top-column elementor-element elementor-element-4659eb1\" data-id=\"4659eb1\" data-element_type=\"column\">\n\t\t\t<div class=\"elementor-widget-wrap elementor-element-populated\">\n\t\t\t\t\t\t<div class=\"elementor-element elementor-element-714b970 elementor-align-right elementor-hidden-desktop elementor-widget elementor-widget-button\" data-id=\"714b970\" data-element_type=\"widget\" data-widget_type=\"button.default\">\n\t\t\t\t<div class=\"elementor-widget-container\">\n\t\t\t\t\t\t\t\t\t<div class=\"elementor-button-wrapper\">\n\t\t\t\t\t<a class=\"elementor-button elementor-button-link elementor-size-sm\" href=\"https:\/\/conducircolombia.com\/cea\/indice-formacion-teorica\">\n\t\t\t\t\t\t<span class=\"elementor-button-content-wrapper\">\n\t\t\t\t\t\t\t\t\t<span class=\"elementor-button-text\">Ir al \u00edndice<\/span>\n\t\t\t\t\t<\/span>\n\t\t\t\t\t<\/a>\n\t\t\t\t<\/div>\n\t\t\t\t\t\t\t\t<\/div>\n\t\t\t\t<\/div>\n\t\t\t\t\t<\/div>\n\t\t<\/div>\n\t\t\t\t\t<\/div>\n\t\t<\/section>\n\t\t\t\t<section class=\"elementor-section elementor-top-section elementor-element elementor-element-aea6fd9 elementor-section-boxed elementor-section-height-default elementor-section-height-default\" data-id=\"aea6fd9\" data-element_type=\"section\">\n\t\t\t\t\t\t<div class=\"elementor-container elementor-column-gap-default\">\n\t\t\t\t\t<div class=\"elementor-column elementor-col-100 elementor-top-column elementor-element elementor-element-b194ab8\" data-id=\"b194ab8\" data-element_type=\"column\">\n\t\t\t<div class=\"elementor-widget-wrap elementor-element-populated\">\n\t\t\t\t\t\t<div class=\"elementor-element elementor-element-41997cb elementor-widget elementor-widget-image\" data-id=\"41997cb\" data-element_type=\"widget\" data-widget_type=\"image.default\">\n\t\t\t\t<div class=\"elementor-widget-container\">\n\t\t\t\t\t\t\t\t\t\t\t\t<figure class=\"wp-caption\">\n\t\t\t\t\t\t\t\t\t\t\t<a href=\"#arriba\">\n\t\t\t\t\t\t\t<img decoding=\"async\" src=\"https:\/\/conducircolombia.com\/cea\/wp-content\/uploads\/elementor\/thumbs\/arriba-q09wc4h6tpltpvw9t0jxwlp9yg6w77sa4flvsswuv0.png\" title=\"arriba\" alt=\"Ir Arriba\" loading=\"lazy\" \/>\t\t\t\t\t\t\t\t<\/a>\n\t\t\t\t\t\t\t\t\t\t\t<figcaption class=\"widget-image-caption wp-caption-text\">Arriba<\/figcaption>\n\t\t\t\t\t\t\t\t\t\t<\/figure>\n\t\t\t\t\t\t\t\t\t<\/div>\n\t\t\t\t<\/div>\n\t\t\t\t\t<\/div>\n\t\t<\/div>\n\t\t\t\t\t<\/div>\n\t\t<\/section>\n\t\t\t\t<\/div>\n\t\t","protected":false},"excerpt":{"rendered":"<p>\u00a0| Anterior | Siguiente | \u00cdNDICE Movilidad segura Visi\u00f3n cero.Las v\u00edctimas de accidentes de tr\u00e1nsito.Los usuarios vulnerables y su prelaci\u00f3n.La [&hellip;]<\/p>\n","protected":false},"author":1,"featured_media":4614,"comment_status":"closed","ping_status":"closed","sticky":false,"template":"elementor_theme","format":"standard","meta":{"site-sidebar-layout":"default","site-content-layout":"","ast-site-content-layout":"","site-content-style":"default","site-sidebar-style":"default","ast-global-header-display":"","ast-banner-title-visibility":"","ast-main-header-display":"","ast-hfb-above-header-display":"","ast-hfb-below-header-display":"","ast-hfb-mobile-header-display":"","site-post-title":"","ast-breadcrumbs-content":"","ast-featured-img":"","footer-sml-layout":"","theme-transparent-header-meta":"","adv-header-id-meta":"","stick-header-meta":"","header-above-stick-meta":"","header-main-stick-meta":"","header-below-stick-meta":"","astra-migrate-meta-layouts":"default","ast-page-background-enabled":"default","ast-page-background-meta":{"desktop":{"background-color":"var(--ast-global-color-4)","background-image":"","background-repeat":"repeat","background-position":"center center","background-size":"auto","background-attachment":"scroll","background-type":"","background-media":"","overlay-type":"","overlay-color":"","overlay-opacity":"","overlay-gradient":""},"tablet":{"background-color":"","background-image":"","background-repeat":"repeat","background-position":"center center","background-size":"auto","background-attachment":"scroll","background-type":"","background-media":"","overlay-type":"","overlay-color":"","overlay-opacity":"","overlay-gradient":""},"mobile":{"background-color":"","background-image":"","background-repeat":"repeat","background-position":"center center","background-size":"auto","background-attachment":"scroll","background-type":"","background-media":"","overlay-type":"","overlay-color":"","overlay-opacity":"","overlay-gradient":""}},"ast-content-background-meta":{"desktop":{"background-color":"var(--ast-global-color-5)","background-image":"","background-repeat":"repeat","background-position":"center center","background-size":"auto","background-attachment":"scroll","background-type":"","background-media":"","overlay-type":"","overlay-color":"","overlay-opacity":"","overlay-gradient":""},"tablet":{"background-color":"var(--ast-global-color-5)","background-image":"","background-repeat":"repeat","background-position":"center center","background-size":"auto","background-attachment":"scroll","background-type":"","background-media":"","overlay-type":"","overlay-color":"","overlay-opacity":"","overlay-gradient":""},"mobile":{"background-color":"var(--ast-global-color-5)","background-image":"","background-repeat":"repeat","background-position":"center center","background-size":"auto","background-attachment":"scroll","background-type":"","background-media":"","overlay-type":"","overlay-color":"","overlay-opacity":"","overlay-gradient":""}},"footnotes":""},"categories":[11],"tags":[],"class_list":["post-4613","post","type-post","status-publish","format-standard","has-post-thumbnail","hentry","category-mallas-curriculares"],"yoast_head":"<!-- This site is optimized with the Yoast SEO plugin v26.4 - https:\/\/yoast.com\/wordpress\/plugins\/seo\/ -->\n<title>Sem\u00e1foros - Conducir Colombia<\/title>\n<meta name=\"description\" content=\"Sem\u00e1foros | Dispositivos de se\u00f1alizaci\u00f3n mediante los cuales se regula la circulaci\u00f3n de veh\u00edculos motorizados |\" \/>\n<meta name=\"robots\" content=\"index, follow, max-snippet:-1, max-image-preview:large, max-video-preview:-1\" \/>\n<link rel=\"canonical\" href=\"https:\/\/conducircolombia.com\/cea\/semaforos\/\" \/>\n<meta property=\"og:locale\" content=\"es_ES\" \/>\n<meta property=\"og:type\" content=\"article\" \/>\n<meta property=\"og:title\" content=\"Sem\u00e1foros - Conducir Colombia\" \/>\n<meta property=\"og:description\" content=\"Sem\u00e1foros | Dispositivos de se\u00f1alizaci\u00f3n mediante los cuales se regula la circulaci\u00f3n de veh\u00edculos motorizados |\" \/>\n<meta property=\"og:url\" content=\"https:\/\/conducircolombia.com\/cea\/semaforos\/\" \/>\n<meta property=\"og:site_name\" content=\"Conducir Colombia\" \/>\n<meta property=\"article:publisher\" content=\"https:\/\/www.facebook.com\/ConducirColombiaBogota\" \/>\n<meta property=\"article:published_time\" content=\"2023-02-03T02:44:52+00:00\" \/>\n<meta property=\"article:modified_time\" content=\"2023-06-07T03:34:11+00:00\" \/>\n<meta property=\"og:image\" content=\"https:\/\/conducircolombia.com\/cea\/wp-content\/uploads\/2023\/02\/semaforo.webp\" \/>\n\t<meta property=\"og:image:width\" content=\"347\" \/>\n\t<meta property=\"og:image:height\" content=\"918\" \/>\n\t<meta property=\"og:image:type\" content=\"image\/webp\" \/>\n<meta name=\"author\" content=\"conducir\" \/>\n<meta name=\"twitter:card\" content=\"summary_large_image\" \/>\n<meta name=\"twitter:label1\" content=\"Escrito por\" \/>\n\t<meta name=\"twitter:data1\" content=\"conducir\" \/>\n\t<meta name=\"twitter:label2\" content=\"Tiempo de lectura\" \/>\n\t<meta name=\"twitter:data2\" content=\"6 minutos\" \/>\n<script type=\"application\/ld+json\" class=\"yoast-schema-graph\">{\"@context\":\"https:\/\/schema.org\",\"@graph\":[{\"@type\":\"Article\",\"@id\":\"https:\/\/conducircolombia.com\/cea\/semaforos\/#article\",\"isPartOf\":{\"@id\":\"https:\/\/conducircolombia.com\/cea\/semaforos\/\"},\"author\":{\"name\":\"conducir\",\"@id\":\"https:\/\/conducircolombia.com\/cea\/#\/schema\/person\/f46408961e009da1824aa2945feb7023\"},\"headline\":\"Semaforos\",\"datePublished\":\"2023-02-03T02:44:52+00:00\",\"dateModified\":\"2023-06-07T03:34:11+00:00\",\"mainEntityOfPage\":{\"@id\":\"https:\/\/conducircolombia.com\/cea\/semaforos\/\"},\"wordCount\":1081,\"publisher\":{\"@id\":\"https:\/\/conducircolombia.com\/cea\/#organization\"},\"image\":{\"@id\":\"https:\/\/conducircolombia.com\/cea\/semaforos\/#primaryimage\"},\"thumbnailUrl\":\"https:\/\/conducircolombia.com\/cea\/wp-content\/uploads\/2023\/02\/semaforo.webp\",\"articleSection\":[\"Mallas Curriculares\"],\"inLanguage\":\"es\"},{\"@type\":\"WebPage\",\"@id\":\"https:\/\/conducircolombia.com\/cea\/semaforos\/\",\"url\":\"https:\/\/conducircolombia.com\/cea\/semaforos\/\",\"name\":\"Sem\u00e1foros - Conducir Colombia\",\"isPartOf\":{\"@id\":\"https:\/\/conducircolombia.com\/cea\/#website\"},\"primaryImageOfPage\":{\"@id\":\"https:\/\/conducircolombia.com\/cea\/semaforos\/#primaryimage\"},\"image\":{\"@id\":\"https:\/\/conducircolombia.com\/cea\/semaforos\/#primaryimage\"},\"thumbnailUrl\":\"https:\/\/conducircolombia.com\/cea\/wp-content\/uploads\/2023\/02\/semaforo.webp\",\"datePublished\":\"2023-02-03T02:44:52+00:00\",\"dateModified\":\"2023-06-07T03:34:11+00:00\",\"description\":\"Sem\u00e1foros | Dispositivos de se\u00f1alizaci\u00f3n mediante los cuales se regula la circulaci\u00f3n de veh\u00edculos motorizados |\",\"breadcrumb\":{\"@id\":\"https:\/\/conducircolombia.com\/cea\/semaforos\/#breadcrumb\"},\"inLanguage\":\"es\",\"potentialAction\":[{\"@type\":\"ReadAction\",\"target\":[\"https:\/\/conducircolombia.com\/cea\/semaforos\/\"]}]},{\"@type\":\"ImageObject\",\"inLanguage\":\"es\",\"@id\":\"https:\/\/conducircolombia.com\/cea\/semaforos\/#primaryimage\",\"url\":\"https:\/\/conducircolombia.com\/cea\/wp-content\/uploads\/2023\/02\/semaforo.webp\",\"contentUrl\":\"https:\/\/conducircolombia.com\/cea\/wp-content\/uploads\/2023\/02\/semaforo.webp\",\"width\":347,\"height\":918},{\"@type\":\"BreadcrumbList\",\"@id\":\"https:\/\/conducircolombia.com\/cea\/semaforos\/#breadcrumb\",\"itemListElement\":[{\"@type\":\"ListItem\",\"position\":1,\"name\":\"Portada\",\"item\":\"https:\/\/conducircolombia.com\/cea\/\"},{\"@type\":\"ListItem\",\"position\":2,\"name\":\"Semaforos\"}]},{\"@type\":\"WebSite\",\"@id\":\"https:\/\/conducircolombia.com\/cea\/#website\",\"url\":\"https:\/\/conducircolombia.com\/cea\/\",\"name\":\"Conducir Colombia\",\"description\":\"Academia de Conducci\u00f3n\",\"publisher\":{\"@id\":\"https:\/\/conducircolombia.com\/cea\/#organization\"},\"potentialAction\":[{\"@type\":\"SearchAction\",\"target\":{\"@type\":\"EntryPoint\",\"urlTemplate\":\"https:\/\/conducircolombia.com\/cea\/?s={search_term_string}\"},\"query-input\":{\"@type\":\"PropertyValueSpecification\",\"valueRequired\":true,\"valueName\":\"search_term_string\"}}],\"inLanguage\":\"es\"},{\"@type\":\"Organization\",\"@id\":\"https:\/\/conducircolombia.com\/cea\/#organization\",\"name\":\"Conducir Colombia\",\"alternateName\":\"Conducir Colombia\",\"url\":\"https:\/\/conducircolombia.com\/cea\/\",\"logo\":{\"@type\":\"ImageObject\",\"inLanguage\":\"es\",\"@id\":\"https:\/\/conducircolombia.com\/cea\/#\/schema\/logo\/image\/\",\"url\":\"https:\/\/conducircolombia.com\/cea\/wp-content\/uploads\/2025\/02\/logowp.jpg\",\"contentUrl\":\"https:\/\/conducircolombia.com\/cea\/wp-content\/uploads\/2025\/02\/logowp.jpg\",\"width\":300,\"height\":299,\"caption\":\"Conducir Colombia\"},\"image\":{\"@id\":\"https:\/\/conducircolombia.com\/cea\/#\/schema\/logo\/image\/\"},\"sameAs\":[\"https:\/\/www.facebook.com\/ConducirColombiaBogota\"]},{\"@type\":\"Person\",\"@id\":\"https:\/\/conducircolombia.com\/cea\/#\/schema\/person\/f46408961e009da1824aa2945feb7023\",\"name\":\"conducir\",\"image\":{\"@type\":\"ImageObject\",\"inLanguage\":\"es\",\"@id\":\"https:\/\/conducircolombia.com\/cea\/#\/schema\/person\/image\/\",\"url\":\"https:\/\/secure.gravatar.com\/avatar\/9643ba75ec7766c1087fac13c7a122a44c2a2e077f5777fee06c709345c575cc?s=96&d=mm&r=g\",\"contentUrl\":\"https:\/\/secure.gravatar.com\/avatar\/9643ba75ec7766c1087fac13c7a122a44c2a2e077f5777fee06c709345c575cc?s=96&d=mm&r=g\",\"caption\":\"conducir\"},\"sameAs\":[\"https:\/\/conducircolombia.com\/cea\"],\"url\":\"https:\/\/conducircolombia.com\/cea\/author\/conducir\/\"}]}<\/script>\n<!-- \/ Yoast SEO plugin. -->","yoast_head_json":{"title":"Sem\u00e1foros - Conducir Colombia","description":"Sem\u00e1foros | Dispositivos de se\u00f1alizaci\u00f3n mediante los cuales se regula la circulaci\u00f3n de veh\u00edculos motorizados |","robots":{"index":"index","follow":"follow","max-snippet":"max-snippet:-1","max-image-preview":"max-image-preview:large","max-video-preview":"max-video-preview:-1"},"canonical":"https:\/\/conducircolombia.com\/cea\/semaforos\/","og_locale":"es_ES","og_type":"article","og_title":"Sem\u00e1foros - Conducir Colombia","og_description":"Sem\u00e1foros | Dispositivos de se\u00f1alizaci\u00f3n mediante los cuales se regula la circulaci\u00f3n de veh\u00edculos motorizados |","og_url":"https:\/\/conducircolombia.com\/cea\/semaforos\/","og_site_name":"Conducir Colombia","article_publisher":"https:\/\/www.facebook.com\/ConducirColombiaBogota","article_published_time":"2023-02-03T02:44:52+00:00","article_modified_time":"2023-06-07T03:34:11+00:00","og_image":[{"width":347,"height":918,"url":"https:\/\/conducircolombia.com\/cea\/wp-content\/uploads\/2023\/02\/semaforo.webp","type":"image\/webp"}],"author":"conducir","twitter_card":"summary_large_image","twitter_misc":{"Escrito por":"conducir","Tiempo de lectura":"6 minutos"},"schema":{"@context":"https:\/\/schema.org","@graph":[{"@type":"Article","@id":"https:\/\/conducircolombia.com\/cea\/semaforos\/#article","isPartOf":{"@id":"https:\/\/conducircolombia.com\/cea\/semaforos\/"},"author":{"name":"conducir","@id":"https:\/\/conducircolombia.com\/cea\/#\/schema\/person\/f46408961e009da1824aa2945feb7023"},"headline":"Semaforos","datePublished":"2023-02-03T02:44:52+00:00","dateModified":"2023-06-07T03:34:11+00:00","mainEntityOfPage":{"@id":"https:\/\/conducircolombia.com\/cea\/semaforos\/"},"wordCount":1081,"publisher":{"@id":"https:\/\/conducircolombia.com\/cea\/#organization"},"image":{"@id":"https:\/\/conducircolombia.com\/cea\/semaforos\/#primaryimage"},"thumbnailUrl":"https:\/\/conducircolombia.com\/cea\/wp-content\/uploads\/2023\/02\/semaforo.webp","articleSection":["Mallas Curriculares"],"inLanguage":"es"},{"@type":"WebPage","@id":"https:\/\/conducircolombia.com\/cea\/semaforos\/","url":"https:\/\/conducircolombia.com\/cea\/semaforos\/","name":"Sem\u00e1foros - Conducir Colombia","isPartOf":{"@id":"https:\/\/conducircolombia.com\/cea\/#website"},"primaryImageOfPage":{"@id":"https:\/\/conducircolombia.com\/cea\/semaforos\/#primaryimage"},"image":{"@id":"https:\/\/conducircolombia.com\/cea\/semaforos\/#primaryimage"},"thumbnailUrl":"https:\/\/conducircolombia.com\/cea\/wp-content\/uploads\/2023\/02\/semaforo.webp","datePublished":"2023-02-03T02:44:52+00:00","dateModified":"2023-06-07T03:34:11+00:00","description":"Sem\u00e1foros | Dispositivos de se\u00f1alizaci\u00f3n mediante los cuales se regula la circulaci\u00f3n de veh\u00edculos motorizados |","breadcrumb":{"@id":"https:\/\/conducircolombia.com\/cea\/semaforos\/#breadcrumb"},"inLanguage":"es","potentialAction":[{"@type":"ReadAction","target":["https:\/\/conducircolombia.com\/cea\/semaforos\/"]}]},{"@type":"ImageObject","inLanguage":"es","@id":"https:\/\/conducircolombia.com\/cea\/semaforos\/#primaryimage","url":"https:\/\/conducircolombia.com\/cea\/wp-content\/uploads\/2023\/02\/semaforo.webp","contentUrl":"https:\/\/conducircolombia.com\/cea\/wp-content\/uploads\/2023\/02\/semaforo.webp","width":347,"height":918},{"@type":"BreadcrumbList","@id":"https:\/\/conducircolombia.com\/cea\/semaforos\/#breadcrumb","itemListElement":[{"@type":"ListItem","position":1,"name":"Portada","item":"https:\/\/conducircolombia.com\/cea\/"},{"@type":"ListItem","position":2,"name":"Semaforos"}]},{"@type":"WebSite","@id":"https:\/\/conducircolombia.com\/cea\/#website","url":"https:\/\/conducircolombia.com\/cea\/","name":"Conducir Colombia","description":"Academia de Conducci\u00f3n","publisher":{"@id":"https:\/\/conducircolombia.com\/cea\/#organization"},"potentialAction":[{"@type":"SearchAction","target":{"@type":"EntryPoint","urlTemplate":"https:\/\/conducircolombia.com\/cea\/?s={search_term_string}"},"query-input":{"@type":"PropertyValueSpecification","valueRequired":true,"valueName":"search_term_string"}}],"inLanguage":"es"},{"@type":"Organization","@id":"https:\/\/conducircolombia.com\/cea\/#organization","name":"Conducir Colombia","alternateName":"Conducir Colombia","url":"https:\/\/conducircolombia.com\/cea\/","logo":{"@type":"ImageObject","inLanguage":"es","@id":"https:\/\/conducircolombia.com\/cea\/#\/schema\/logo\/image\/","url":"https:\/\/conducircolombia.com\/cea\/wp-content\/uploads\/2025\/02\/logowp.jpg","contentUrl":"https:\/\/conducircolombia.com\/cea\/wp-content\/uploads\/2025\/02\/logowp.jpg","width":300,"height":299,"caption":"Conducir Colombia"},"image":{"@id":"https:\/\/conducircolombia.com\/cea\/#\/schema\/logo\/image\/"},"sameAs":["https:\/\/www.facebook.com\/ConducirColombiaBogota"]},{"@type":"Person","@id":"https:\/\/conducircolombia.com\/cea\/#\/schema\/person\/f46408961e009da1824aa2945feb7023","name":"conducir","image":{"@type":"ImageObject","inLanguage":"es","@id":"https:\/\/conducircolombia.com\/cea\/#\/schema\/person\/image\/","url":"https:\/\/secure.gravatar.com\/avatar\/9643ba75ec7766c1087fac13c7a122a44c2a2e077f5777fee06c709345c575cc?s=96&d=mm&r=g","contentUrl":"https:\/\/secure.gravatar.com\/avatar\/9643ba75ec7766c1087fac13c7a122a44c2a2e077f5777fee06c709345c575cc?s=96&d=mm&r=g","caption":"conducir"},"sameAs":["https:\/\/conducircolombia.com\/cea"],"url":"https:\/\/conducircolombia.com\/cea\/author\/conducir\/"}]}},"_links":{"self":[{"href":"https:\/\/conducircolombia.com\/cea\/wp-json\/wp\/v2\/posts\/4613","targetHints":{"allow":["GET"]}}],"collection":[{"href":"https:\/\/conducircolombia.com\/cea\/wp-json\/wp\/v2\/posts"}],"about":[{"href":"https:\/\/conducircolombia.com\/cea\/wp-json\/wp\/v2\/types\/post"}],"author":[{"embeddable":true,"href":"https:\/\/conducircolombia.com\/cea\/wp-json\/wp\/v2\/users\/1"}],"replies":[{"embeddable":true,"href":"https:\/\/conducircolombia.com\/cea\/wp-json\/wp\/v2\/comments?post=4613"}],"version-history":[{"count":42,"href":"https:\/\/conducircolombia.com\/cea\/wp-json\/wp\/v2\/posts\/4613\/revisions"}],"predecessor-version":[{"id":7879,"href":"https:\/\/conducircolombia.com\/cea\/wp-json\/wp\/v2\/posts\/4613\/revisions\/7879"}],"wp:featuredmedia":[{"embeddable":true,"href":"https:\/\/conducircolombia.com\/cea\/wp-json\/wp\/v2\/media\/4614"}],"wp:attachment":[{"href":"https:\/\/conducircolombia.com\/cea\/wp-json\/wp\/v2\/media?parent=4613"}],"wp:term":[{"taxonomy":"category","embeddable":true,"href":"https:\/\/conducircolombia.com\/cea\/wp-json\/wp\/v2\/categories?post=4613"},{"taxonomy":"post_tag","embeddable":true,"href":"https:\/\/conducircolombia.com\/cea\/wp-json\/wp\/v2\/tags?post=4613"}],"curies":[{"name":"wp","href":"https:\/\/api.w.org\/{rel}","templated":true}]}}