{"id":6033,"date":"2023-02-14T17:09:53","date_gmt":"2023-02-14T22:09:53","guid":{"rendered":"https:\/\/conducircolombia.com\/cea\/?p=6033"},"modified":"2023-06-06T13:45:49","modified_gmt":"2023-06-06T18:45:49","slug":"senales-del-agente","status":"publish","type":"post","link":"https:\/\/conducircolombia.com\/cea\/senales-del-agente\/","title":{"rendered":"Senales del agente"},"content":{"rendered":"\t\t<div data-elementor-type=\"wp-post\" data-elementor-id=\"6033\" class=\"elementor elementor-6033\">\n\t\t\t\t\t\t<section class=\"elementor-section elementor-top-section elementor-element elementor-element-89cf541 elementor-section-boxed elementor-section-height-default elementor-section-height-default\" data-id=\"89cf541\" data-element_type=\"section\">\n\t\t\t\t\t\t<div class=\"elementor-container elementor-column-gap-default\">\n\t\t\t\t\t<div class=\"elementor-column elementor-col-100 elementor-top-column elementor-element elementor-element-779a646\" data-id=\"779a646\" data-element_type=\"column\">\n\t\t\t<div class=\"elementor-widget-wrap elementor-element-populated\">\n\t\t\t\t\t\t<div class=\"elementor-element elementor-element-11c2b4f elementor-widget elementor-widget-text-editor\" data-id=\"11c2b4f\" data-element_type=\"widget\" data-widget_type=\"text-editor.default\">\n\t\t\t\t<div class=\"elementor-widget-container\">\n\t\t\t\t\t\t\t\t\t<p><span style=\"color: #000000;\">Se\u00f1ales de tr\u00e1nsito<\/span><\/p>\t\t\t\t\t\t\t\t<\/div>\n\t\t\t\t<\/div>\n\t\t\t\t\t<\/div>\n\t\t<\/div>\n\t\t\t\t\t<\/div>\n\t\t<\/section>\n\t\t\t\t<section class=\"elementor-section elementor-top-section elementor-element elementor-element-e3a6796 elementor-section-full_width elementor-section-stretched elementor-section-height-default elementor-section-height-default\" data-id=\"e3a6796\" data-element_type=\"section\" data-settings=\"{&quot;stretch_section&quot;:&quot;section-stretched&quot;}\">\n\t\t\t\t\t\t<div class=\"elementor-container elementor-column-gap-default\">\n\t\t\t\t\t<div class=\"elementor-column elementor-col-50 elementor-top-column elementor-element elementor-element-e99d6b3 elementor-hidden-mobile\" data-id=\"e99d6b3\" data-element_type=\"column\">\n\t\t\t<div class=\"elementor-widget-wrap elementor-element-populated\">\n\t\t\t\t\t\t<div class=\"elementor-element elementor-element-0207ac1 elementor-widget elementor-widget-heading\" data-id=\"0207ac1\" data-element_type=\"widget\" data-widget_type=\"heading.default\">\n\t\t\t\t<div class=\"elementor-widget-container\">\n\t\t\t\t\t<h2 class=\"elementor-heading-title elementor-size-default\">\u00cdNDICE<\/h2>\t\t\t\t<\/div>\n\t\t\t\t<\/div>\n\t\t\t\t<div class=\"elementor-element elementor-element-2768b99 elementor-widget elementor-widget-text-editor\" data-id=\"2768b99\" data-element_type=\"widget\" data-widget_type=\"text-editor.default\">\n\t\t\t\t<div class=\"elementor-widget-container\">\n\t\t\t\t\t\t\t\t\t<p><span style=\"color: #000000;\"><strong>Movilidad segura<\/strong><\/span><\/p><p><a href=\"https:\/\/conducircolombia.com\/cea\/vision-cero\">Visi\u00f3n cero.<\/a><br \/><a href=\"https:\/\/conducircolombia.com\/cea\/las-victimas-de-accidentes-de-transito\">Las v\u00edctimas de accidentes de tr\u00e1nsito<\/a>.<br \/><a href=\"https:\/\/conducircolombia.com\/cea\/los-usuarios-vulnerables-y-su-prelacion\">Los usuarios vulnerables y su prelaci\u00f3n<\/a>.<br \/><a href=\"https:\/\/conducircolombia.com\/cea\/la-corresponsabilidad\">La corresponsabilidad<\/a>.<br \/><a href=\"https:\/\/conducircolombia.com\/cea\/la-movilidad-sostenible\">La movilidad sostenible<\/a>.<br \/><a href=\"https:\/\/conducircolombia.com\/cea\/la-omision-de-socorro\">La omisi\u00f3n de socorro<\/a>.<br \/><a href=\"https:\/\/conducircolombia.com\/cea\/conduccion-preveniva\">Conducci\u00f3n preventiva.<\/a><br \/><a href=\"https:\/\/conducircolombia.com\/cea\/conduccion-eficiente\">Conducci\u00f3n eficiente<\/a>.<br \/><a href=\"https:\/\/conducircolombia.com\/cea\/la-conduccion-eficiente-y-la-seguridad-vial\">La conducci\u00f3n eficiente y la seguridad vial.<\/a><br \/><a href=\"https:\/\/conducircolombia.com\/cea\/circulacion-permanencia-y-accesibilidad-para-todos\">Circulaci\u00f3n, permanencia y accesibilidad para todos.<\/a><\/p><p><span style=\"color: #000000;\"><strong>Normas de tr\u00e1nsito<\/strong><\/span><\/p><p><a href=\"https:\/\/conducircolombia.com\/cea\/la-autorregulacion\">La autorregulaci\u00f3n. <\/a><br \/><a href=\"https:\/\/conducircolombia.com\/cea\/autoridades-de-transito\">Autoridades de Tr\u00e1nsito.<\/a><br \/><a href=\"https:\/\/conducircolombia.com\/cea\/documentos\">Documentos.<\/a><br \/><a href=\"https:\/\/conducircolombia.com\/cea\/Placas\">Placas<\/a>.<br \/><a href=\"https:\/\/conducircolombia.com\/cea\/Seguro-obligatorio-SOAT\">Seguro obligatorio SOAT.<\/a><br \/><a href=\"https:\/\/conducircolombia.com\/cea\/Estructura-del-codigo\">Estructura del C\u00f3digo.<\/a><br \/><a href=\"https:\/\/conducircolombia.com\/cea\/Restricciones-especificas\">Restricciones espec\u00edficas.<\/a><br \/><a href=\"https:\/\/conducircolombia.com\/cea\/Conductas\">Conductas<\/a>.<br \/><a href=\"https:\/\/conducircolombia.com\/cea\/La-alimentaci\u00f3n-el-estr\u00e9s-y-la-fatiga\">La alimentaci\u00f3n, el estr\u00e9s y la fatiga.<\/a><br \/><a href=\"https:\/\/conducircolombia.com\/cea\/El-alcohol-y-otras-sustancias\">El alcohol y otras sustancias<\/a>.<br \/><a href=\"https:\/\/conducircolombia.com\/cea\/La-velocidad\">La velocidad.<\/a><br \/><a href=\"https:\/\/conducircolombia.com\/cea\/Respeto-de-lugares-exclusivos\">Respeto de lugares exclusivos.<\/a><\/p><p><span style=\"color: #000000;\"><strong>Se\u00f1alizaci\u00f3n<\/strong><\/span><\/p><p><a href=\"https:\/\/conducircolombia.com\/cea\/Senales-de-transito\">Se\u00f1ales de tr\u00e1nsito<\/a>.<br \/><a href=\"https:\/\/conducircolombia.com\/cea\/Las-vias\">Las v\u00edas.<\/a><br \/><a href=\"https:\/\/conducircolombia.com\/cea\/Carriles-de-transito-mixto\">Carriles de tr\u00e1nsito mixto.<\/a><br \/><a href=\"https:\/\/conducircolombia.com\/cea\/Ciclo-infraestructura\">Ciclo infraestructura.<\/a><br \/><a href=\"https:\/\/conducircolombia.com\/cea\/El-espacio-publico\">El espacio p\u00fablico.<\/a><\/p>\t\t\t\t\t\t\t\t<\/div>\n\t\t\t\t<\/div>\n\t\t\t\t\t<\/div>\n\t\t<\/div>\n\t\t\t\t<div class=\"elementor-column elementor-col-50 elementor-top-column elementor-element elementor-element-d3e36de elementor-invisible\" data-id=\"d3e36de\" data-element_type=\"column\" data-settings=\"{&quot;animation&quot;:&quot;fadeInLeft&quot;,&quot;background_background&quot;:&quot;classic&quot;}\">\n\t\t\t<div class=\"elementor-widget-wrap elementor-element-populated\">\n\t\t\t\t\t\t<div class=\"elementor-element elementor-element-34b4255 elementor-widget elementor-widget-heading\" data-id=\"34b4255\" data-element_type=\"widget\" data-widget_type=\"heading.default\">\n\t\t\t\t<div class=\"elementor-widget-container\">\n\t\t\t\t\t<h1 class=\"elementor-heading-title elementor-size-default\">Se\u00f1ales del agente<\/h1>\t\t\t\t<\/div>\n\t\t\t\t<\/div>\n\t\t\t\t<div class=\"elementor-element elementor-element-45fda36 elementor-widget elementor-widget-heading\" data-id=\"45fda36\" data-element_type=\"widget\" data-widget_type=\"heading.default\">\n\t\t\t\t<div class=\"elementor-widget-container\">\n\t\t\t\t\t<h2 class=\"elementor-heading-title elementor-size-xl\">M\u00f3dulo: 1. Formaci\u00f3n te\u00f3rica<\/h2>\t\t\t\t<\/div>\n\t\t\t\t<\/div>\n\t\t\t\t<div class=\"elementor-element elementor-element-8f08b23 elementor-widget elementor-widget-heading\" data-id=\"8f08b23\" data-element_type=\"widget\" data-widget_type=\"heading.default\">\n\t\t\t\t<div class=\"elementor-widget-container\">\n\t\t\t\t\t<h3 class=\"elementor-heading-title elementor-size-large\">2. Normas de tr\u00e1nsito<\/h3>\t\t\t\t<\/div>\n\t\t\t\t<\/div>\n\t\t\t\t<div class=\"elementor-element elementor-element-b86d1ae elementor-widget elementor-widget-text-editor\" data-id=\"b86d1ae\" data-element_type=\"widget\" data-widget_type=\"text-editor.default\">\n\t\t\t\t<div class=\"elementor-widget-container\">\n\t\t\t\t\t\t\t\t\t<p><span style=\"font-size: 28px;\"><strong><img decoding=\"async\" style=\"float: left; height: 400px; margin-left: 1px; margin-right: 1px; width: 400px;\" src=\"https:\/\/conducircolombia.com\/cea\/wp-content\/uploads\/2023\/02\/Policia1-e1676412574143.webp\" alt=\"agente de transito\" \/>Se\u00f1ales del agente<\/strong><\/span><\/p><p><span style=\"font-size: 28px;\">Las se\u00f1ales del agente de tr\u00e1nsito son se\u00f1ales manuales utilizadas por los agentes de tr\u00e1nsito para controlar el flujo de veh\u00edculos, peatones y ciclistas en las v\u00edas p\u00fablicas. Estas se\u00f1ales son importantes para garantizar la seguridad de todos los usuarios de la v\u00eda y para facilitar el tr\u00e1nsito en situaciones en las que la se\u00f1alizaci\u00f3n vial habitual no es suficiente para controlar el tr\u00e1nsito.<br \/>Las se\u00f1ales manuales del agente de tr\u00e1nsito son claras y f\u00e1cilmente reconocibles, y se realizan con los brazos, las manos y en algunos casos con la ayuda de un silbato. Algunas de las se\u00f1ales m\u00e1s comunes son:<\/span><\/p><p><span style=\"font-size: 28px;\">Levantar la mano: indicando que el tr\u00e1nsito debe detenerse<br \/>Extender el brazo hacia adelante: indicando que los veh\u00edculos pueden avanzar<br \/>Extender el brazo hacia arriba: indicando que los peatones pueden cruzar<br \/>Mover el brazo hacia abajo y hacia atr\u00e1s: indicando que los veh\u00edculos deben disminuir la velocidad<br \/>Hacer un c\u00edrculo con el brazo: indicando que los veh\u00edculos deben detenerse o detenerse y luego avanzar.<br \/>Es importante que los usuarios de la v\u00eda presten atenci\u00f3n a las se\u00f1ales del agente de tr\u00e1nsito y sigan sus indicaciones, ya que su prioridad es garantizar la seguridad de todos los usuarios de la v\u00eda.<\/span>\u00a0<\/p>\t\t\t\t\t\t\t\t<\/div>\n\t\t\t\t<\/div>\n\t\t\t\t<div class=\"elementor-element elementor-element-e0a55ba elementor-widget elementor-widget-spacer\" data-id=\"e0a55ba\" data-element_type=\"widget\" data-widget_type=\"spacer.default\">\n\t\t\t\t<div class=\"elementor-widget-container\">\n\t\t\t\t\t\t\t<div class=\"elementor-spacer\">\n\t\t\t<div class=\"elementor-spacer-inner\"><\/div>\n\t\t<\/div>\n\t\t\t\t\t\t<\/div>\n\t\t\t\t<\/div>\n\t\t\t\t\t<\/div>\n\t\t<\/div>\n\t\t\t\t\t<\/div>\n\t\t<\/section>\n\t\t\t\t<section class=\"elementor-section elementor-top-section elementor-element elementor-element-2f3dbce elementor-section-boxed elementor-section-height-default elementor-section-height-default\" data-id=\"2f3dbce\" data-element_type=\"section\">\n\t\t\t\t\t\t<div class=\"elementor-container elementor-column-gap-default\">\n\t\t\t\t\t<div class=\"elementor-column elementor-col-50 elementor-top-column elementor-element elementor-element-0bbfd73\" data-id=\"0bbfd73\" data-element_type=\"column\">\n\t\t\t<div class=\"elementor-widget-wrap elementor-element-populated\">\n\t\t\t\t\t\t<div class=\"elementor-element elementor-element-9e6f8d7 elementor-widget elementor-widget-text-editor\" data-id=\"9e6f8d7\" data-element_type=\"widget\" data-widget_type=\"text-editor.default\">\n\t\t\t\t<div class=\"elementor-widget-container\">\n\t\t\t\t\t\t\t\t\t<p style=\"text-align: right;\">\u00a0| <a href=\"https:\/\/conducircolombia.com\/cea\/Respeto-de-lugares-exclusivos\">Anterior<\/a>| <a href=\"https:\/\/conducircolombia.com\/cea\/Las-vias\">Siguiente<\/a> |<\/p>\t\t\t\t\t\t\t\t<\/div>\n\t\t\t\t<\/div>\n\t\t\t\t\t<\/div>\n\t\t<\/div>\n\t\t\t\t<div class=\"elementor-column elementor-col-50 elementor-top-column elementor-element elementor-element-dbfc909\" data-id=\"dbfc909\" data-element_type=\"column\">\n\t\t\t<div class=\"elementor-widget-wrap elementor-element-populated\">\n\t\t\t\t\t\t<div class=\"elementor-element elementor-element-642ddc4 elementor-align-right elementor-hidden-desktop elementor-widget elementor-widget-button\" data-id=\"642ddc4\" data-element_type=\"widget\" data-widget_type=\"button.default\">\n\t\t\t\t<div class=\"elementor-widget-container\">\n\t\t\t\t\t\t\t\t\t<div class=\"elementor-button-wrapper\">\n\t\t\t\t\t<a class=\"elementor-button elementor-button-link elementor-size-sm\" href=\"https:\/\/conducircolombia.com\/cea\/indice-formacion-teorica\">\n\t\t\t\t\t\t<span class=\"elementor-button-content-wrapper\">\n\t\t\t\t\t\t\t\t\t<span class=\"elementor-button-text\">Ir al \u00edndice<\/span>\n\t\t\t\t\t<\/span>\n\t\t\t\t\t<\/a>\n\t\t\t\t<\/div>\n\t\t\t\t\t\t\t\t<\/div>\n\t\t\t\t<\/div>\n\t\t\t\t\t<\/div>\n\t\t<\/div>\n\t\t\t\t\t<\/div>\n\t\t<\/section>\n\t\t\t\t<section class=\"elementor-section elementor-top-section elementor-element elementor-element-7b99390 elementor-section-boxed elementor-section-height-default elementor-section-height-default\" data-id=\"7b99390\" data-element_type=\"section\">\n\t\t\t\t\t\t<div class=\"elementor-container elementor-column-gap-default\">\n\t\t\t\t\t<div class=\"elementor-column elementor-col-100 elementor-top-column elementor-element elementor-element-6e17ff1\" data-id=\"6e17ff1\" data-element_type=\"column\">\n\t\t\t<div class=\"elementor-widget-wrap elementor-element-populated\">\n\t\t\t\t\t\t<div class=\"elementor-element elementor-element-ca17adb elementor-widget elementor-widget-image\" data-id=\"ca17adb\" data-element_type=\"widget\" data-widget_type=\"image.default\">\n\t\t\t\t<div class=\"elementor-widget-container\">\n\t\t\t\t\t\t\t\t\t\t\t\t<figure class=\"wp-caption\">\n\t\t\t\t\t\t\t\t\t\t\t<a href=\"#arriba\">\n\t\t\t\t\t\t\t<img decoding=\"async\" src=\"https:\/\/conducircolombia.com\/cea\/wp-content\/uploads\/elementor\/thumbs\/arriba-q09wc4h6tpltpvw9t0jxwlp9yg6w77sa4flvsswuv0.png\" title=\"arriba\" alt=\"Ir Arriba\" loading=\"lazy\" \/>\t\t\t\t\t\t\t\t<\/a>\n\t\t\t\t\t\t\t\t\t\t\t<figcaption class=\"widget-image-caption wp-caption-text\">Arriba<\/figcaption>\n\t\t\t\t\t\t\t\t\t\t<\/figure>\n\t\t\t\t\t\t\t\t\t<\/div>\n\t\t\t\t<\/div>\n\t\t\t\t\t<\/div>\n\t\t<\/div>\n\t\t\t\t\t<\/div>\n\t\t<\/section>\n\t\t\t\t<\/div>\n\t\t","protected":false},"excerpt":{"rendered":"<p>Se\u00f1ales de tr\u00e1nsito \u00cdNDICE Movilidad segura Visi\u00f3n cero.Las v\u00edctimas de accidentes de tr\u00e1nsito.Los usuarios vulnerables y su prelaci\u00f3n.La corresponsabilidad.La movilidad [&hellip;]<\/p>\n","protected":false},"author":1,"featured_media":6034,"comment_status":"closed","ping_status":"closed","sticky":false,"template":"elementor_theme","format":"standard","meta":{"site-sidebar-layout":"default","site-content-layout":"","ast-site-content-layout":"","site-content-style":"default","site-sidebar-style":"default","ast-global-header-display":"","ast-banner-title-visibility":"","ast-main-header-display":"","ast-hfb-above-header-display":"","ast-hfb-below-header-display":"","ast-hfb-mobile-header-display":"","site-post-title":"","ast-breadcrumbs-content":"","ast-featured-img":"","footer-sml-layout":"","theme-transparent-header-meta":"","adv-header-id-meta":"","stick-header-meta":"","header-above-stick-meta":"","header-main-stick-meta":"","header-below-stick-meta":"","astra-migrate-meta-layouts":"default","ast-page-background-enabled":"default","ast-page-background-meta":{"desktop":{"background-color":"var(--ast-global-color-4)","background-image":"","background-repeat":"repeat","background-position":"center center","background-size":"auto","background-attachment":"scroll","background-type":"","background-media":"","overlay-type":"","overlay-color":"","overlay-opacity":"","overlay-gradient":""},"tablet":{"background-color":"","background-image":"","background-repeat":"repeat","background-position":"center center","background-size":"auto","background-attachment":"scroll","background-type":"","background-media":"","overlay-type":"","overlay-color":"","overlay-opacity":"","overlay-gradient":""},"mobile":{"background-color":"","background-image":"","background-repeat":"repeat","background-position":"center center","background-size":"auto","background-attachment":"scroll","background-type":"","background-media":"","overlay-type":"","overlay-color":"","overlay-opacity":"","overlay-gradient":""}},"ast-content-background-meta":{"desktop":{"background-color":"var(--ast-global-color-5)","background-image":"","background-repeat":"repeat","background-position":"center center","background-size":"auto","background-attachment":"scroll","background-type":"","background-media":"","overlay-type":"","overlay-color":"","overlay-opacity":"","overlay-gradient":""},"tablet":{"background-color":"var(--ast-global-color-5)","background-image":"","background-repeat":"repeat","background-position":"center center","background-size":"auto","background-attachment":"scroll","background-type":"","background-media":"","overlay-type":"","overlay-color":"","overlay-opacity":"","overlay-gradient":""},"mobile":{"background-color":"var(--ast-global-color-5)","background-image":"","background-repeat":"repeat","background-position":"center center","background-size":"auto","background-attachment":"scroll","background-type":"","background-media":"","overlay-type":"","overlay-color":"","overlay-opacity":"","overlay-gradient":""}},"footnotes":""},"categories":[11],"tags":[],"class_list":["post-6033","post","type-post","status-publish","format-standard","has-post-thumbnail","hentry","category-mallas-curriculares"],"yoast_head":"<!-- This site is optimized with the Yoast SEO plugin v26.4 - https:\/\/yoast.com\/wordpress\/plugins\/seo\/ -->\n<title>Senales del agente - Conducir Colombia<\/title>\n<meta name=\"description\" content=\"Las se\u00f1ales del agente de tr\u00e1nsito son se\u00f1ales manuales utilizadas por los agentes de tr\u00e1nsito para controlar el flujo de veh\u00edculos, peatones y ciclistas en las v\u00edas p\u00fablicas\" \/>\n<meta name=\"robots\" content=\"index, follow, max-snippet:-1, max-image-preview:large, max-video-preview:-1\" \/>\n<link rel=\"canonical\" href=\"https:\/\/conducircolombia.com\/cea\/senales-del-agente\/\" \/>\n<meta property=\"og:locale\" content=\"es_ES\" \/>\n<meta property=\"og:type\" content=\"article\" \/>\n<meta property=\"og:title\" content=\"Senales del agente - Conducir Colombia\" \/>\n<meta property=\"og:description\" content=\"Las se\u00f1ales del agente de tr\u00e1nsito son se\u00f1ales manuales utilizadas por los agentes de tr\u00e1nsito para controlar el flujo de veh\u00edculos, peatones y ciclistas en las v\u00edas p\u00fablicas\" \/>\n<meta property=\"og:url\" content=\"https:\/\/conducircolombia.com\/cea\/senales-del-agente\/\" \/>\n<meta property=\"og:site_name\" content=\"Conducir Colombia\" \/>\n<meta property=\"article:publisher\" content=\"https:\/\/www.facebook.com\/ConducirColombiaBogota\" \/>\n<meta property=\"article:published_time\" content=\"2023-02-14T22:09:53+00:00\" \/>\n<meta property=\"article:modified_time\" content=\"2023-06-06T18:45:49+00:00\" \/>\n<meta property=\"og:image\" content=\"https:\/\/conducircolombia.com\/cea\/wp-content\/uploads\/2023\/02\/Policia1-e1676412574143.webp\" \/>\n\t<meta property=\"og:image:width\" content=\"400\" \/>\n\t<meta property=\"og:image:height\" content=\"400\" \/>\n\t<meta property=\"og:image:type\" content=\"image\/webp\" \/>\n<meta name=\"author\" content=\"conducir\" \/>\n<meta name=\"twitter:card\" content=\"summary_large_image\" \/>\n<meta name=\"twitter:label1\" content=\"Escrito por\" \/>\n\t<meta name=\"twitter:data1\" content=\"conducir\" \/>\n\t<meta name=\"twitter:label2\" content=\"Tiempo de lectura\" \/>\n\t<meta name=\"twitter:data2\" content=\"2 minutos\" \/>\n<script type=\"application\/ld+json\" class=\"yoast-schema-graph\">{\"@context\":\"https:\/\/schema.org\",\"@graph\":[{\"@type\":\"Article\",\"@id\":\"https:\/\/conducircolombia.com\/cea\/senales-del-agente\/#article\",\"isPartOf\":{\"@id\":\"https:\/\/conducircolombia.com\/cea\/senales-del-agente\/\"},\"author\":{\"name\":\"conducir\",\"@id\":\"https:\/\/conducircolombia.com\/cea\/#\/schema\/person\/f46408961e009da1824aa2945feb7023\"},\"headline\":\"Senales del agente\",\"datePublished\":\"2023-02-14T22:09:53+00:00\",\"dateModified\":\"2023-06-06T18:45:49+00:00\",\"mainEntityOfPage\":{\"@id\":\"https:\/\/conducircolombia.com\/cea\/senales-del-agente\/\"},\"wordCount\":376,\"publisher\":{\"@id\":\"https:\/\/conducircolombia.com\/cea\/#organization\"},\"image\":{\"@id\":\"https:\/\/conducircolombia.com\/cea\/senales-del-agente\/#primaryimage\"},\"thumbnailUrl\":\"https:\/\/conducircolombia.com\/cea\/wp-content\/uploads\/2023\/02\/Policia1-e1676412574143.webp\",\"articleSection\":[\"Mallas Curriculares\"],\"inLanguage\":\"es\"},{\"@type\":\"WebPage\",\"@id\":\"https:\/\/conducircolombia.com\/cea\/senales-del-agente\/\",\"url\":\"https:\/\/conducircolombia.com\/cea\/senales-del-agente\/\",\"name\":\"Senales del agente - Conducir Colombia\",\"isPartOf\":{\"@id\":\"https:\/\/conducircolombia.com\/cea\/#website\"},\"primaryImageOfPage\":{\"@id\":\"https:\/\/conducircolombia.com\/cea\/senales-del-agente\/#primaryimage\"},\"image\":{\"@id\":\"https:\/\/conducircolombia.com\/cea\/senales-del-agente\/#primaryimage\"},\"thumbnailUrl\":\"https:\/\/conducircolombia.com\/cea\/wp-content\/uploads\/2023\/02\/Policia1-e1676412574143.webp\",\"datePublished\":\"2023-02-14T22:09:53+00:00\",\"dateModified\":\"2023-06-06T18:45:49+00:00\",\"description\":\"Las se\u00f1ales del agente de tr\u00e1nsito son se\u00f1ales manuales utilizadas por los agentes de tr\u00e1nsito para controlar el flujo de veh\u00edculos, peatones y ciclistas en las v\u00edas p\u00fablicas\",\"breadcrumb\":{\"@id\":\"https:\/\/conducircolombia.com\/cea\/senales-del-agente\/#breadcrumb\"},\"inLanguage\":\"es\",\"potentialAction\":[{\"@type\":\"ReadAction\",\"target\":[\"https:\/\/conducircolombia.com\/cea\/senales-del-agente\/\"]}]},{\"@type\":\"ImageObject\",\"inLanguage\":\"es\",\"@id\":\"https:\/\/conducircolombia.com\/cea\/senales-del-agente\/#primaryimage\",\"url\":\"https:\/\/conducircolombia.com\/cea\/wp-content\/uploads\/2023\/02\/Policia1-e1676412574143.webp\",\"contentUrl\":\"https:\/\/conducircolombia.com\/cea\/wp-content\/uploads\/2023\/02\/Policia1-e1676412574143.webp\",\"width\":400,\"height\":400},{\"@type\":\"BreadcrumbList\",\"@id\":\"https:\/\/conducircolombia.com\/cea\/senales-del-agente\/#breadcrumb\",\"itemListElement\":[{\"@type\":\"ListItem\",\"position\":1,\"name\":\"Portada\",\"item\":\"https:\/\/conducircolombia.com\/cea\/\"},{\"@type\":\"ListItem\",\"position\":2,\"name\":\"Senales del agente\"}]},{\"@type\":\"WebSite\",\"@id\":\"https:\/\/conducircolombia.com\/cea\/#website\",\"url\":\"https:\/\/conducircolombia.com\/cea\/\",\"name\":\"Conducir Colombia\",\"description\":\"Academia de Conducci\u00f3n\",\"publisher\":{\"@id\":\"https:\/\/conducircolombia.com\/cea\/#organization\"},\"potentialAction\":[{\"@type\":\"SearchAction\",\"target\":{\"@type\":\"EntryPoint\",\"urlTemplate\":\"https:\/\/conducircolombia.com\/cea\/?s={search_term_string}\"},\"query-input\":{\"@type\":\"PropertyValueSpecification\",\"valueRequired\":true,\"valueName\":\"search_term_string\"}}],\"inLanguage\":\"es\"},{\"@type\":\"Organization\",\"@id\":\"https:\/\/conducircolombia.com\/cea\/#organization\",\"name\":\"Conducir Colombia\",\"alternateName\":\"Conducir Colombia\",\"url\":\"https:\/\/conducircolombia.com\/cea\/\",\"logo\":{\"@type\":\"ImageObject\",\"inLanguage\":\"es\",\"@id\":\"https:\/\/conducircolombia.com\/cea\/#\/schema\/logo\/image\/\",\"url\":\"https:\/\/conducircolombia.com\/cea\/wp-content\/uploads\/2025\/02\/logowp.jpg\",\"contentUrl\":\"https:\/\/conducircolombia.com\/cea\/wp-content\/uploads\/2025\/02\/logowp.jpg\",\"width\":300,\"height\":299,\"caption\":\"Conducir Colombia\"},\"image\":{\"@id\":\"https:\/\/conducircolombia.com\/cea\/#\/schema\/logo\/image\/\"},\"sameAs\":[\"https:\/\/www.facebook.com\/ConducirColombiaBogota\"]},{\"@type\":\"Person\",\"@id\":\"https:\/\/conducircolombia.com\/cea\/#\/schema\/person\/f46408961e009da1824aa2945feb7023\",\"name\":\"conducir\",\"image\":{\"@type\":\"ImageObject\",\"inLanguage\":\"es\",\"@id\":\"https:\/\/conducircolombia.com\/cea\/#\/schema\/person\/image\/\",\"url\":\"https:\/\/secure.gravatar.com\/avatar\/9643ba75ec7766c1087fac13c7a122a44c2a2e077f5777fee06c709345c575cc?s=96&d=mm&r=g\",\"contentUrl\":\"https:\/\/secure.gravatar.com\/avatar\/9643ba75ec7766c1087fac13c7a122a44c2a2e077f5777fee06c709345c575cc?s=96&d=mm&r=g\",\"caption\":\"conducir\"},\"sameAs\":[\"https:\/\/conducircolombia.com\/cea\"],\"url\":\"https:\/\/conducircolombia.com\/cea\/author\/conducir\/\"}]}<\/script>\n<!-- \/ Yoast SEO plugin. -->","yoast_head_json":{"title":"Senales del agente - Conducir Colombia","description":"Las se\u00f1ales del agente de tr\u00e1nsito son se\u00f1ales manuales utilizadas por los agentes de tr\u00e1nsito para controlar el flujo de veh\u00edculos, peatones y ciclistas en las v\u00edas p\u00fablicas","robots":{"index":"index","follow":"follow","max-snippet":"max-snippet:-1","max-image-preview":"max-image-preview:large","max-video-preview":"max-video-preview:-1"},"canonical":"https:\/\/conducircolombia.com\/cea\/senales-del-agente\/","og_locale":"es_ES","og_type":"article","og_title":"Senales del agente - Conducir Colombia","og_description":"Las se\u00f1ales del agente de tr\u00e1nsito son se\u00f1ales manuales utilizadas por los agentes de tr\u00e1nsito para controlar el flujo de veh\u00edculos, peatones y ciclistas en las v\u00edas p\u00fablicas","og_url":"https:\/\/conducircolombia.com\/cea\/senales-del-agente\/","og_site_name":"Conducir Colombia","article_publisher":"https:\/\/www.facebook.com\/ConducirColombiaBogota","article_published_time":"2023-02-14T22:09:53+00:00","article_modified_time":"2023-06-06T18:45:49+00:00","og_image":[{"width":400,"height":400,"url":"https:\/\/conducircolombia.com\/cea\/wp-content\/uploads\/2023\/02\/Policia1-e1676412574143.webp","type":"image\/webp"}],"author":"conducir","twitter_card":"summary_large_image","twitter_misc":{"Escrito por":"conducir","Tiempo de lectura":"2 minutos"},"schema":{"@context":"https:\/\/schema.org","@graph":[{"@type":"Article","@id":"https:\/\/conducircolombia.com\/cea\/senales-del-agente\/#article","isPartOf":{"@id":"https:\/\/conducircolombia.com\/cea\/senales-del-agente\/"},"author":{"name":"conducir","@id":"https:\/\/conducircolombia.com\/cea\/#\/schema\/person\/f46408961e009da1824aa2945feb7023"},"headline":"Senales del agente","datePublished":"2023-02-14T22:09:53+00:00","dateModified":"2023-06-06T18:45:49+00:00","mainEntityOfPage":{"@id":"https:\/\/conducircolombia.com\/cea\/senales-del-agente\/"},"wordCount":376,"publisher":{"@id":"https:\/\/conducircolombia.com\/cea\/#organization"},"image":{"@id":"https:\/\/conducircolombia.com\/cea\/senales-del-agente\/#primaryimage"},"thumbnailUrl":"https:\/\/conducircolombia.com\/cea\/wp-content\/uploads\/2023\/02\/Policia1-e1676412574143.webp","articleSection":["Mallas Curriculares"],"inLanguage":"es"},{"@type":"WebPage","@id":"https:\/\/conducircolombia.com\/cea\/senales-del-agente\/","url":"https:\/\/conducircolombia.com\/cea\/senales-del-agente\/","name":"Senales del agente - Conducir Colombia","isPartOf":{"@id":"https:\/\/conducircolombia.com\/cea\/#website"},"primaryImageOfPage":{"@id":"https:\/\/conducircolombia.com\/cea\/senales-del-agente\/#primaryimage"},"image":{"@id":"https:\/\/conducircolombia.com\/cea\/senales-del-agente\/#primaryimage"},"thumbnailUrl":"https:\/\/conducircolombia.com\/cea\/wp-content\/uploads\/2023\/02\/Policia1-e1676412574143.webp","datePublished":"2023-02-14T22:09:53+00:00","dateModified":"2023-06-06T18:45:49+00:00","description":"Las se\u00f1ales del agente de tr\u00e1nsito son se\u00f1ales manuales utilizadas por los agentes de tr\u00e1nsito para controlar el flujo de veh\u00edculos, peatones y ciclistas en las v\u00edas p\u00fablicas","breadcrumb":{"@id":"https:\/\/conducircolombia.com\/cea\/senales-del-agente\/#breadcrumb"},"inLanguage":"es","potentialAction":[{"@type":"ReadAction","target":["https:\/\/conducircolombia.com\/cea\/senales-del-agente\/"]}]},{"@type":"ImageObject","inLanguage":"es","@id":"https:\/\/conducircolombia.com\/cea\/senales-del-agente\/#primaryimage","url":"https:\/\/conducircolombia.com\/cea\/wp-content\/uploads\/2023\/02\/Policia1-e1676412574143.webp","contentUrl":"https:\/\/conducircolombia.com\/cea\/wp-content\/uploads\/2023\/02\/Policia1-e1676412574143.webp","width":400,"height":400},{"@type":"BreadcrumbList","@id":"https:\/\/conducircolombia.com\/cea\/senales-del-agente\/#breadcrumb","itemListElement":[{"@type":"ListItem","position":1,"name":"Portada","item":"https:\/\/conducircolombia.com\/cea\/"},{"@type":"ListItem","position":2,"name":"Senales del agente"}]},{"@type":"WebSite","@id":"https:\/\/conducircolombia.com\/cea\/#website","url":"https:\/\/conducircolombia.com\/cea\/","name":"Conducir Colombia","description":"Academia de Conducci\u00f3n","publisher":{"@id":"https:\/\/conducircolombia.com\/cea\/#organization"},"potentialAction":[{"@type":"SearchAction","target":{"@type":"EntryPoint","urlTemplate":"https:\/\/conducircolombia.com\/cea\/?s={search_term_string}"},"query-input":{"@type":"PropertyValueSpecification","valueRequired":true,"valueName":"search_term_string"}}],"inLanguage":"es"},{"@type":"Organization","@id":"https:\/\/conducircolombia.com\/cea\/#organization","name":"Conducir Colombia","alternateName":"Conducir Colombia","url":"https:\/\/conducircolombia.com\/cea\/","logo":{"@type":"ImageObject","inLanguage":"es","@id":"https:\/\/conducircolombia.com\/cea\/#\/schema\/logo\/image\/","url":"https:\/\/conducircolombia.com\/cea\/wp-content\/uploads\/2025\/02\/logowp.jpg","contentUrl":"https:\/\/conducircolombia.com\/cea\/wp-content\/uploads\/2025\/02\/logowp.jpg","width":300,"height":299,"caption":"Conducir Colombia"},"image":{"@id":"https:\/\/conducircolombia.com\/cea\/#\/schema\/logo\/image\/"},"sameAs":["https:\/\/www.facebook.com\/ConducirColombiaBogota"]},{"@type":"Person","@id":"https:\/\/conducircolombia.com\/cea\/#\/schema\/person\/f46408961e009da1824aa2945feb7023","name":"conducir","image":{"@type":"ImageObject","inLanguage":"es","@id":"https:\/\/conducircolombia.com\/cea\/#\/schema\/person\/image\/","url":"https:\/\/secure.gravatar.com\/avatar\/9643ba75ec7766c1087fac13c7a122a44c2a2e077f5777fee06c709345c575cc?s=96&d=mm&r=g","contentUrl":"https:\/\/secure.gravatar.com\/avatar\/9643ba75ec7766c1087fac13c7a122a44c2a2e077f5777fee06c709345c575cc?s=96&d=mm&r=g","caption":"conducir"},"sameAs":["https:\/\/conducircolombia.com\/cea"],"url":"https:\/\/conducircolombia.com\/cea\/author\/conducir\/"}]}},"_links":{"self":[{"href":"https:\/\/conducircolombia.com\/cea\/wp-json\/wp\/v2\/posts\/6033","targetHints":{"allow":["GET"]}}],"collection":[{"href":"https:\/\/conducircolombia.com\/cea\/wp-json\/wp\/v2\/posts"}],"about":[{"href":"https:\/\/conducircolombia.com\/cea\/wp-json\/wp\/v2\/types\/post"}],"author":[{"embeddable":true,"href":"https:\/\/conducircolombia.com\/cea\/wp-json\/wp\/v2\/users\/1"}],"replies":[{"embeddable":true,"href":"https:\/\/conducircolombia.com\/cea\/wp-json\/wp\/v2\/comments?post=6033"}],"version-history":[{"count":75,"href":"https:\/\/conducircolombia.com\/cea\/wp-json\/wp\/v2\/posts\/6033\/revisions"}],"predecessor-version":[{"id":7781,"href":"https:\/\/conducircolombia.com\/cea\/wp-json\/wp\/v2\/posts\/6033\/revisions\/7781"}],"wp:featuredmedia":[{"embeddable":true,"href":"https:\/\/conducircolombia.com\/cea\/wp-json\/wp\/v2\/media\/6034"}],"wp:attachment":[{"href":"https:\/\/conducircolombia.com\/cea\/wp-json\/wp\/v2\/media?parent=6033"}],"wp:term":[{"taxonomy":"category","embeddable":true,"href":"https:\/\/conducircolombia.com\/cea\/wp-json\/wp\/v2\/categories?post=6033"},{"taxonomy":"post_tag","embeddable":true,"href":"https:\/\/conducircolombia.com\/cea\/wp-json\/wp\/v2\/tags?post=6033"}],"curies":[{"name":"wp","href":"https:\/\/api.w.org\/{rel}","templated":true}]}}