{"id":6270,"date":"2023-02-14T21:02:39","date_gmt":"2023-02-15T02:02:39","guid":{"rendered":"https:\/\/conducircolombia.com\/cea\/?p=6270"},"modified":"2025-05-21T00:33:25","modified_gmt":"2025-05-21T05:33:25","slug":"el-espacio-publico","status":"publish","type":"post","link":"https:\/\/conducircolombia.com\/cea\/el-espacio-publico\/","title":{"rendered":"El-espacio-publico"},"content":{"rendered":"\t\t<div data-elementor-type=\"wp-post\" data-elementor-id=\"6270\" class=\"elementor elementor-6270\">\n\t\t\t\t\t\t<section class=\"elementor-section elementor-top-section elementor-element elementor-element-ddfd4c6 elementor-section-boxed elementor-section-height-default elementor-section-height-default\" data-id=\"ddfd4c6\" data-element_type=\"section\">\n\t\t\t\t\t\t<div class=\"elementor-container elementor-column-gap-default\">\n\t\t\t\t\t<div class=\"elementor-column elementor-col-50 elementor-top-column elementor-element elementor-element-9487af3\" data-id=\"9487af3\" data-element_type=\"column\">\n\t\t\t<div class=\"elementor-widget-wrap\">\n\t\t\t\t\t\t\t<\/div>\n\t\t<\/div>\n\t\t\t\t<div class=\"elementor-column elementor-col-50 elementor-top-column elementor-element elementor-element-9b1e736\" data-id=\"9b1e736\" data-element_type=\"column\">\n\t\t\t<div class=\"elementor-widget-wrap elementor-element-populated\">\n\t\t\t\t\t\t<div class=\"elementor-element elementor-element-09e188e elementor-widget elementor-widget-text-editor\" data-id=\"09e188e\" data-element_type=\"widget\" data-widget_type=\"text-editor.default\">\n\t\t\t\t<div class=\"elementor-widget-container\">\n\t\t\t\t\t\t\t\t\t<p style=\"text-align: right;\">\u00a0| <a href=\"https:\/\/conducircolombia.com\/cea\/ciclo-infraestructura\">Anterior <\/a>|<\/p>\t\t\t\t\t\t\t\t<\/div>\n\t\t\t\t<\/div>\n\t\t\t\t\t<\/div>\n\t\t<\/div>\n\t\t\t\t\t<\/div>\n\t\t<\/section>\n\t\t\t\t<section class=\"elementor-section elementor-top-section elementor-element elementor-element-1847ea8 elementor-section-full_width elementor-section-stretched elementor-section-height-default elementor-section-height-default\" data-id=\"1847ea8\" data-element_type=\"section\" data-settings=\"{&quot;stretch_section&quot;:&quot;section-stretched&quot;}\">\n\t\t\t\t\t\t<div class=\"elementor-container elementor-column-gap-default\">\n\t\t\t\t\t<div class=\"elementor-column elementor-col-50 elementor-top-column elementor-element elementor-element-2a85286 elementor-hidden-mobile\" data-id=\"2a85286\" data-element_type=\"column\">\n\t\t\t<div class=\"elementor-widget-wrap elementor-element-populated\">\n\t\t\t\t\t\t<div class=\"elementor-element elementor-element-d3874dc elementor-widget elementor-widget-heading\" data-id=\"d3874dc\" data-element_type=\"widget\" data-widget_type=\"heading.default\">\n\t\t\t\t<div class=\"elementor-widget-container\">\n\t\t\t\t\t<h2 class=\"elementor-heading-title elementor-size-default\">\u00cdNDICE<\/h2>\t\t\t\t<\/div>\n\t\t\t\t<\/div>\n\t\t\t\t<div class=\"elementor-element elementor-element-ff44f1b elementor-widget elementor-widget-text-editor\" data-id=\"ff44f1b\" data-element_type=\"widget\" data-widget_type=\"text-editor.default\">\n\t\t\t\t<div class=\"elementor-widget-container\">\n\t\t\t\t\t\t\t\t\t<p><span style=\"color: #000000;\"><strong>Movilidad segura<\/strong><\/span><\/p><p><a href=\"https:\/\/conducircolombia.com\/cea\/vision-cero\">Visi\u00f3n cero.<\/a><br \/><a href=\"https:\/\/conducircolombia.com\/cea\/las-victimas-de-accidentes-de-transito\">Las v\u00edctimas de accidentes de tr\u00e1nsito<\/a>.<br \/><a href=\"https:\/\/conducircolombia.com\/cea\/los-usuarios-vulnerables-y-su-prelacion\">Los usuarios vulnerables y su prelaci\u00f3n<\/a>.<br \/><a href=\"https:\/\/conducircolombia.com\/cea\/la-corresponsabilidad\">La corresponsabilidad<\/a>.<br \/><a href=\"https:\/\/conducircolombia.com\/cea\/la-movilidad-sostenible\">La movilidad sostenible<\/a>.<br \/><a href=\"https:\/\/conducircolombia.com\/cea\/la-omision-de-socorro\">La omisi\u00f3n de socorro<\/a>.<br \/><a href=\"https:\/\/conducircolombia.com\/cea\/conduccion-preventiva\">Conducci\u00f3n preventiva.<\/a><br \/><a href=\"https:\/\/conducircolombia.com\/cea\/conduccion-eficiente\">Conducci\u00f3n eficiente<\/a>.<br \/><a href=\"https:\/\/conducircolombia.com\/cea\/la-conduccion-eficiente-y-la-seguridad-vial\">La conducci\u00f3n eficiente y la seguridad vial.<\/a><br \/><a href=\"https:\/\/conducircolombia.com\/cea\/circulacion-permanencia-y-accesibilidad-para-todos\">Circulaci\u00f3n, permanencia y accesibilidad para todos.<\/a><\/p><p><span style=\"color: #000000;\"><strong>Normas de tr\u00e1nsito<\/strong><\/span><\/p><p><a href=\"https:\/\/conducircolombia.com\/cea\/la-autorregulacion\">La autorregulaci\u00f3n. <\/a><br \/><a href=\"https:\/\/conducircolombia.com\/cea\/autoridades-de-transito\">Autoridades de Tr\u00e1nsito.<\/a><br \/><a href=\"https:\/\/conducircolombia.com\/cea\/documentos\">Documentos.<\/a><br \/><a href=\"https:\/\/conducircolombia.com\/cea\/Estructura-del-codigo\">Estructura del C\u00f3digo.<\/a><br \/><a href=\"https:\/\/conducircolombia.com\/cea\/Restricciones-especificas\">Restricciones espec\u00edficas.<\/a><br \/><a href=\"https:\/\/conducircolombia.com\/cea\/Conductas\">Conductas<\/a>.<br \/><a href=\"https:\/\/conducircolombia.com\/cea\/La-alimentacion-el-estres-y-la-fatiga\">La alimentaci\u00f3n, el estr\u00e9s y la fatiga.<\/a><br \/><a href=\"https:\/\/conducircolombia.com\/cea\/El-alcohol-y-otras-sustancias\">El alcohol y otras sustancias<\/a>.<br \/><a href=\"https:\/\/conducircolombia.com\/cea\/La-velocidad\">La velocidad.<\/a><br \/><a href=\"https:\/\/conducircolombia.com\/cea\/Respeto-de-lugares-exclusivos\">Respeto de lugares exclusivos.<\/a><\/p><p><span style=\"color: #000000;\"><strong>Se\u00f1alizaci\u00f3n<\/strong><\/span><\/p><p><a href=\"https:\/\/conducircolombia.com\/cea\/Senales-de-transito\">Se\u00f1ales de tr\u00e1nsito<\/a>.<br \/><a href=\"https:\/\/conducircolombia.com\/cea\/Las-vias\">Las v\u00edas.<\/a><br \/><a href=\"https:\/\/conducircolombia.com\/cea\/Carriles-de-transito-mixto\">Carriles de tr\u00e1nsito mixto.<\/a><br \/><a href=\"https:\/\/conducircolombia.com\/cea\/Ciclo-infraestructura\">Ciclo infraestructura.<\/a><br \/><a href=\"https:\/\/conducircolombia.com\/cea\/El-espacio-publico\">El espacio p\u00fablico.<\/a><\/p>\t\t\t\t\t\t\t\t<\/div>\n\t\t\t\t<\/div>\n\t\t\t\t\t<\/div>\n\t\t<\/div>\n\t\t\t\t<div class=\"elementor-column elementor-col-50 elementor-top-column elementor-element elementor-element-180027a elementor-invisible\" data-id=\"180027a\" data-element_type=\"column\" data-settings=\"{&quot;animation&quot;:&quot;fadeInLeft&quot;,&quot;background_background&quot;:&quot;classic&quot;}\">\n\t\t\t<div class=\"elementor-widget-wrap elementor-element-populated\">\n\t\t\t\t\t\t<div class=\"elementor-element elementor-element-16245d1 elementor-widget elementor-widget-heading\" data-id=\"16245d1\" data-element_type=\"widget\" data-widget_type=\"heading.default\">\n\t\t\t\t<div class=\"elementor-widget-container\">\n\t\t\t\t\t<h1 class=\"elementor-heading-title elementor-size-default\">El espacio p\u00fablico<\/h1>\t\t\t\t<\/div>\n\t\t\t\t<\/div>\n\t\t\t\t<div class=\"elementor-element elementor-element-f86d3df elementor-widget elementor-widget-heading\" data-id=\"f86d3df\" data-element_type=\"widget\" data-widget_type=\"heading.default\">\n\t\t\t\t<div class=\"elementor-widget-container\">\n\t\t\t\t\t<h2 class=\"elementor-heading-title elementor-size-xl\">M\u00f3dulo: 1. Formaci\u00f3n te\u00f3rica<\/h2>\t\t\t\t<\/div>\n\t\t\t\t<\/div>\n\t\t\t\t<div class=\"elementor-element elementor-element-02474fc elementor-widget elementor-widget-heading\" data-id=\"02474fc\" data-element_type=\"widget\" data-widget_type=\"heading.default\">\n\t\t\t\t<div class=\"elementor-widget-container\">\n\t\t\t\t\t<h3 class=\"elementor-heading-title elementor-size-large\">3. Se\u00f1alizaci\u00f3n e infraestructura<\/h3>\t\t\t\t<\/div>\n\t\t\t\t<\/div>\n\t\t\t\t<div class=\"elementor-element elementor-element-b192a69 elementor-widget elementor-widget-text-editor\" data-id=\"b192a69\" data-element_type=\"widget\" data-widget_type=\"text-editor.default\">\n\t\t\t\t<div class=\"elementor-widget-container\">\n\t\t\t\t\t\t\t\t\t<p style=\"text-align: left;\"><span style=\"font-size: 28px;\"><strong><img decoding=\"async\" style=\"float: left; height: 300px; margin-left: 31px; margin-right: 31px; width: 400px;\" src=\"https:\/\/conducircolombia.com\/cea\/wp-content\/uploads\/2023\/02\/Espacio-publico1-768x576.webp\" alt=\"Parque espacio p\u00fablico\" \/>El espacio p\u00fablico<\/strong><\/span><\/p><p style=\"text-align: left;\"><span style=\"font-size: 22px;\">El espacio p\u00fablico se clasifica seg\u00fan la Ley 9\u00aa:<\/span><\/p><ul style=\"text-align: left;\"><li><span style=\"font-size: 22px;\">\u00c1reas para la circulaci\u00f3n tanto peatonal como vehicular<\/span><\/li><li><span style=\"font-size: 22px;\">\u00c1reas para la recreaci\u00f3n p\u00fablica activa o pasiva, seguridad y tranquilidad ciudadana<\/span><\/li><li><span style=\"font-size: 22px;\">Franjas de retiro de las edificaciones sobre las v\u00edas<\/span><\/li><li><span style=\"font-size: 22px;\">Fuentes de agua<\/span><\/li><li><span style=\"font-size: 22px;\">Parques, plazas, zonas verdes<\/span><\/li><li><span style=\"font-size: 22px;\">\u00c1reas para la instalaci\u00f3n y mantenimiento de los servicios p\u00fablicos b\u00e1sicos<\/span><\/li><li><span style=\"font-size: 22px;\">Elementos hist\u00f3ricos, culturales, religiosos, recreativos y art\u00edsticos<\/span><\/li><li><span style=\"font-size: 22px;\">Playas marinas y fluviales<\/span><\/li><\/ul><p style=\"text-align: left;\"><span style=\"font-size: 22px;\">y cualquier zona que sea de inter\u00e9s colectivo y est\u00e9 destinada al uso o disfrute colectivo.<\/span><\/p><p style=\"text-align: left;\"><span style=\"font-size: 22px;\">Lo que caracteriza a los bienes del espacio p\u00fablico es su afectaci\u00f3n al inter\u00e9s general y su destinaci\u00f3n al uso directo o indirecto en favor de la colectividad.<\/span><\/p><p style=\"text-align: left;\"><span style=\"font-size: 22px;\"><strong>Encerramiento de parques y zonas verdes<\/strong><br \/>En general, los parques y zonas verdes que tienen el car\u00e1cter de bienes de uso p\u00fablico no pueden ser encerrados de forma que se prive a la ciudadan\u00eda de su uso, goce, disfrute visual y libre tr\u00e1nsito. Esto es importante para garantizar que estos espacios sigan siendo accesibles y utilizables por toda la comunidad.<\/span><\/p><p style=\"text-align: left;\"><span style=\"font-size: 22px;\">En algunos casos, la entidad competente de su manejo administrativo puede encargar la administraci\u00f3n, mantenimiento y dotaci\u00f3n de los parques y zonas verdes a organizaciones particulares sin \u00e1nimo de lucro que representen los intereses del barrio o localidad. Sin embargo, es importante que estas organizaciones garanticen el acceso al mismo de la poblaci\u00f3n, especialmente la permanente de su \u00e1rea de influencia. En resumen, aunque pueden haber excepciones, en general no se deben encerrar los parques y zonas verdes que tienen el car\u00e1cter de bienes de uso p\u00fablico.<\/span><\/p><p style=\"text-align: left;\"><span style=\"font-size: 22px;\"><strong>Defensa legal del espacio p\u00fablico<\/strong><br \/>Adem\u00e1s de la acci\u00f3n popular, existen otras acciones legales que pueden utilizarse para la defensa de los elementos constitutivos del espacio p\u00fablico, tales como:<br \/><strong>Acci\u00f3n de grupo<\/strong>: Esta acci\u00f3n est\u00e1 prevista en la Ley 472 de 1998 y puede ser interpuesta por un grupo de personas que comparten una misma situaci\u00f3n jur\u00eddica. Se utiliza para proteger derechos e intereses colectivos relacionados con el medio ambiente y el espacio p\u00fablico, entre otros.<br \/><strong>Acci\u00f3n de cumplimiento<\/strong>: Esta acci\u00f3n tiene como objetivo obligar a una autoridad o entidad p\u00fablica a cumplir con una obligaci\u00f3n legal o a realizar una actividad espec\u00edfica. Puede ser utilizada para exigir el mantenimiento y la conservaci\u00f3n de los elementos constitutivos del espacio p\u00fablico.<br \/><strong>Acci\u00f3n de tutela:<\/strong> Esta acci\u00f3n se utiliza para proteger derechos fundamentales de las personas, incluyendo aquellos relacionados con el uso y disfrute del espacio p\u00fablico y el medio ambiente.<br \/>Es importante destacar que el \u00e9xito de estas acciones legales depende en gran medida de la calidad de la prueba y la argumentaci\u00f3n presentada por quienes las promueven. Tambi\u00e9n es fundamental contar con el apoyo de abogados y expertos en el tema para garantizar una defensa efectiva de los derechos e intereses colectivos.<\/span><br \/>\u00a0<\/p><p style=\"text-align: left;\"><strong><span style=\"font-size: 22px;\">Las vias p\u00fablicas<\/span><\/strong><\/p><p style=\"text-align: left;\"><span style=\"font-size: 22px;\">Las v\u00edas p\u00fablicas forman parte esencial del espacio p\u00fablico y est\u00e1n destinadas al libre tr\u00e1nsito de los habitantes, por lo que no pueden ser objeto de disposici\u00f3n por parte de particulares u organismos administrativos que no tengan competencia para su regulaci\u00f3n. Sin embargo, las autoridades municipales s\u00ed tienen la facultad de otorgar permisos o establecer restricciones en el uso de las v\u00edas p\u00fablicas por motivos de seguridad, salubridad y orden p\u00fablico.<\/span><\/p><p style=\"text-align: left;\"><span style=\"font-size: 22px;\"><strong>Leyes que protegen el espacio p\u00fablico<\/strong><br \/>En Colombia, existen varias leyes que protegen el espacio p\u00fablico y su correcta utilizaci\u00f3n. Algunas de las m\u00e1s importantes son las siguientes:<br \/><strong>Constituci\u00f3n Pol\u00edtica de Colombia:<\/strong> El art\u00edculo 63 de la Constituci\u00f3n establece que los bienes de uso p\u00fablico, como los parques naturales y otros bienes determinados por la ley, son inalienables, imprescriptibles e inembargables. El art\u00edculo 82 establece el deber del Estado de proteger la integridad del espacio p\u00fablico y su destinaci\u00f3n al uso com\u00fan, que prevalece sobre el inter\u00e9s particular.<br \/><strong>Ley 388 de 1997 de Ordenamiento Territorial:<\/strong> Esta ley establece la obligatoriedad de localizar los equipamientos colectivos y espacios p\u00fablicos para parques y zonas verdes p\u00fablicas. Tambi\u00e9n se\u00f1ala sesiones urban\u00edsticas gratuitas correspondientes a dicha infraestructura.<br \/><strong>Ley 9\u00aa de 1989<\/strong>: Esta ley define el espacio p\u00fablico como el conjunto de inmuebles p\u00fablicos y los elementos arquitect\u00f3nicos y naturales de los inmuebles privados destinados por su naturaleza, uso o afectaci\u00f3n a la satisfacci\u00f3n de necesidades urbanas colectivas que trascienden los l\u00edmites de los intereses individuales de los habitantes.<br \/><strong>Decreto 1504 de 1998<\/strong>: Este decreto establece que el espacio p\u00fablico debe planearse, dise\u00f1arse, construirse y adecuarse de tal manera que facilite la accesibilidad a las personas con movilidad reducida. Tambi\u00e9n establece un \u00edndice m\u00ednimo de espacio p\u00fablico colectivo de 15 m2 por habitante.<\/span><\/p><p style=\"text-align: left;\"><span style=\"font-size: 22px;\">En general, estas leyes establecen que el espacio p\u00fablico es de uso com\u00fan y que su protecci\u00f3n y destinaci\u00f3n al uso colectivo prevalece sobre el inter\u00e9s particular. Adem\u00e1s, establecen normas espec\u00edficas para la localizaci\u00f3n, dise\u00f1o, construcci\u00f3n, mantenimiento y accesibilidad del espacio p\u00fablico.<\/span><\/p>\t\t\t\t\t\t\t\t<\/div>\n\t\t\t\t<\/div>\n\t\t\t\t<section class=\"elementor-section elementor-inner-section elementor-element elementor-element-0d6ea45 elementor-section-boxed elementor-section-height-default elementor-section-height-default\" data-id=\"0d6ea45\" data-element_type=\"section\">\n\t\t\t\t\t\t<div class=\"elementor-container elementor-column-gap-default\">\n\t\t\t\t\t<div class=\"elementor-column elementor-col-50 elementor-inner-column elementor-element elementor-element-1e0fd7f\" data-id=\"1e0fd7f\" data-element_type=\"column\">\n\t\t\t<div class=\"elementor-widget-wrap elementor-element-populated\">\n\t\t\t\t\t\t<div class=\"elementor-element elementor-element-b3225da elementor-widget elementor-widget-video\" data-id=\"b3225da\" data-element_type=\"widget\" data-settings=\"{&quot;youtube_url&quot;:&quot;https:\\\/\\\/youtu.be\\\/sr4tYF_-64k&quot;,&quot;video_type&quot;:&quot;youtube&quot;}\" data-widget_type=\"video.default\">\n\t\t\t\t<div class=\"elementor-widget-container\">\n\t\t\t\t\t\t\t<div class=\"elementor-wrapper elementor-open-inline\">\n\t\t\t<div class=\"elementor-video\"><\/div>\t\t<\/div>\n\t\t\t\t\t\t<\/div>\n\t\t\t\t<\/div>\n\t\t\t\t<div class=\"elementor-element elementor-element-e847195 elementor-widget elementor-widget-spacer\" data-id=\"e847195\" data-element_type=\"widget\" data-widget_type=\"spacer.default\">\n\t\t\t\t<div class=\"elementor-widget-container\">\n\t\t\t\t\t\t\t<div class=\"elementor-spacer\">\n\t\t\t<div class=\"elementor-spacer-inner\"><\/div>\n\t\t<\/div>\n\t\t\t\t\t\t<\/div>\n\t\t\t\t<\/div>\n\t\t\t\t\t<\/div>\n\t\t<\/div>\n\t\t\t\t<div class=\"elementor-column elementor-col-50 elementor-inner-column elementor-element elementor-element-733e22b\" data-id=\"733e22b\" data-element_type=\"column\">\n\t\t\t<div class=\"elementor-widget-wrap\">\n\t\t\t\t\t\t\t<\/div>\n\t\t<\/div>\n\t\t\t\t\t<\/div>\n\t\t<\/section>\n\t\t\t\t<div class=\"elementor-element elementor-element-e824fc1 elementor-widget elementor-widget-html\" data-id=\"e824fc1\" data-element_type=\"widget\" data-widget_type=\"html.default\">\n\t\t\t\t<div class=\"elementor-widget-container\">\n\t\t\t\t\t<div id=\"espacio-publico-quiz-app\">\r\n    <h3>Cuestionario: El Espacio P\u00fablico<\/h3>\r\n    <p id=\"ep-intro-text\">Prueba tus conocimientos sobre la definici\u00f3n, clasificaci\u00f3n y protecci\u00f3n del espacio p\u00fablico.<\/p>\r\n\r\n    <div id=\"ep-name-entry\">\r\n        <label for=\"ep-userName\">Por favor, ingresa tu nombre para comenzar:<\/label>\r\n        <input type=\"text\" id=\"ep-userName\" placeholder=\"Tu nombre\">\r\n        <button id=\"ep-startQuizBtn\">Iniciar Cuestionario<\/button>\r\n    <\/div>\r\n\r\n    <div id=\"ep-quiz-container\" style=\"display:none;\">\r\n        <form id=\"ep-quizForm\">\r\n            <!-- Pregunta 1 -->\r\n            <div class=\"ep-question\">\r\n                <p>1. Seg\u00fan la Ley 9\u00aa, \u00bfcu\u00e1l de los siguientes NO es un ejemplo de \u00e1rea que forma parte del espacio p\u00fablico?<\/p>\r\n                <div class=\"ep-option\"><input type=\"radio\" name=\"q1\" value=\"a\" id=\"ep-q1a\"><label for=\"ep-q1a\">a) Parques, plazas y zonas verdes.<\/label><\/div>\r\n                <div class=\"ep-option\"><input type=\"radio\" name=\"q1\" value=\"b\" id=\"ep-q1b\"><label for=\"ep-q1b\">b) Interiores de viviendas privadas.<\/label><\/div>\r\n                <div class=\"ep-option\"><input type=\"radio\" name=\"q1\" value=\"c\" id=\"ep-q1c\"><label for=\"ep-q1c\">c) Franjas de retiro de las edificaciones sobre las v\u00edas.<\/label><\/div>\r\n                <div class=\"ep-option\"><input type=\"radio\" name=\"q1\" value=\"d\" id=\"ep-q1d\"><label for=\"ep-q1d\">d) \u00c1reas para la instalaci\u00f3n y mantenimiento de los servicios p\u00fablicos b\u00e1sicos.<\/label><\/div>\r\n            <\/div>\r\n\r\n            <!-- Pregunta 2 -->\r\n            <div class=\"ep-question\">\r\n                <p>2. \u00bfQu\u00e9 caracteriza principalmente a los bienes del espacio p\u00fablico?<\/p>\r\n                <div class=\"ep-option\"><input type=\"radio\" name=\"q2\" value=\"a\" id=\"ep-q2a\"><label for=\"ep-q2a\">a) Su uso exclusivo por parte de entidades gubernamentales.<\/label><\/div>\r\n                <div class=\"ep-option\"><input type=\"radio\" name=\"q2\" value=\"b\" id=\"ep-q2b\"><label for=\"ep-q2b\">b) Su afectaci\u00f3n al inter\u00e9s general y su destinaci\u00f3n al uso colectivo.<\/label><\/div>\r\n                <div class=\"ep-option\"><input type=\"radio\" name=\"q2\" value=\"c\" id=\"ep-q2c\"><label for=\"ep-q2c\">c) Su valor econ\u00f3mico y potencial de venta.<\/label><\/div>\r\n                <div class=\"ep-option\"><input type=\"radio\" name=\"q2\" value=\"d\" id=\"ep-q2d\"><label for=\"ep-q2d\">d) Su restricci\u00f3n de acceso solo a residentes locales.<\/label><\/div>\r\n            <\/div>\r\n\r\n            <!-- Pregunta 3 -->\r\n            <div class=\"ep-question\">\r\n                <p>3. En general, \u00bfpueden ser encerrados los parques y zonas verdes que son bienes de uso p\u00fablico de forma que se prive a la ciudadan\u00eda de su uso?<\/p>\r\n                <div class=\"ep-option\"><input type=\"radio\" name=\"q3\" value=\"a\" id=\"ep-q3a\"><label for=\"ep-q3a\">a) S\u00ed, siempre que la entidad administrativa lo decida.<\/label><\/div>\r\n                <div class=\"ep-option\"><input type=\"radio\" name=\"q3\" value=\"b\" id=\"ep-q3b\"><label for=\"ep-q3b\">b) No, no pueden ser encerrados de forma que se prive su uso, goce y libre tr\u00e1nsito.<\/label><\/div>\r\n                <div class=\"ep-option\"><input type=\"radio\" name=\"q3\" value=\"c\" id=\"ep-q3c\"><label for=\"ep-q3c\">c) Solo si se cobra una tarifa de entrada.<\/label><\/div>\r\n                <div class=\"ep-option\"><input type=\"radio\" name=\"q3\" value=\"d\" id=\"ep-q3d\"><label for=\"ep-q3d\">d) S\u00ed, si una organizaci\u00f3n particular se encarga de su mantenimiento.<\/label><\/div>\r\n            <\/div>\r\n\r\n            <!-- Pregunta 4 -->\r\n            <div class=\"ep-question\">\r\n                <p>4. Si una organizaci\u00f3n particular sin \u00e1nimo de lucro administra un parque, \u00bfqu\u00e9 debe garantizar principalmente?<\/p>\r\n                <div class=\"ep-option\"><input type=\"radio\" name=\"q4\" value=\"a\" id=\"ep-q4a\"><label for=\"ep-q4a\">a) Que el parque genere ganancias econ\u00f3micas.<\/label><\/div>\r\n                <div class=\"ep-option\"><input type=\"radio\" name=\"q4\" value=\"b\" id=\"ep-q4b\"><label for=\"ep-q4b\">b) El acceso al mismo de la poblaci\u00f3n, especialmente la de su \u00e1rea de influencia.<\/label><\/div>\r\n                <div class=\"ep-option\"><input type=\"radio\" name=\"q4\" value=\"c\" id=\"ep-q4c\"><label for=\"ep-q4c\">c) Que solo los miembros de la organizaci\u00f3n puedan usarlo.<\/label><\/div>\r\n                <div class=\"ep-option\"><input type=\"radio\" name=\"q4\" value=\"d\" id=\"ep-q4d\"><label for=\"ep-q4d\">d) La construcci\u00f3n de m\u00e1s edificaciones dentro del parque.<\/label><\/div>\r\n            <\/div>\r\n\r\n            <!-- Pregunta 5 -->\r\n            <div class=\"ep-question\">\r\n                <p>5. \u00bfCu\u00e1l de las siguientes acciones legales NO se menciona espec\u00edficamente para la defensa del espacio p\u00fablico?<\/p>\r\n                <div class=\"ep-option\"><input type=\"radio\" name=\"q5\" value=\"a\" id=\"ep-q5a\"><label for=\"ep-q5a\">a) Acci\u00f3n popular.<\/label><\/div>\r\n                <div class=\"ep-option\"><input type=\"radio\" name=\"q5\" value=\"b\" id=\"ep-q5b\"><label for=\"ep-q5b\">b) Acci\u00f3n de grupo.<\/label><\/div>\r\n                <div class=\"ep-option\"><input type=\"radio\" name=\"q5\" value=\"c\" id=\"ep-q5c\"><label for=\"ep-q5c\">c) Acci\u00f3n de inconstitucionalidad.<\/label><\/div>\r\n                <div class=\"ep-option\"><input type=\"radio\" name=\"q5\" value=\"d\" id=\"ep-q5d\"><label for=\"ep-q5d\">d) Acci\u00f3n de tutela.<\/label><\/div>\r\n            <\/div>\r\n\r\n            <!-- Pregunta 6 -->\r\n            <div class=\"ep-question\">\r\n                <p>6. \u00bfPara qu\u00e9 se utiliza la Acci\u00f3n de Cumplimiento en el contexto del espacio p\u00fablico?<\/p>\r\n                <div class=\"ep-option\"><input type=\"radio\" name=\"q6\" value=\"a\" id=\"ep-q6a\"><label for=\"ep-q6a\">a) Para solicitar indemnizaci\u00f3n por da\u00f1os a un grupo de personas.<\/label><\/div>\r\n                <div class=\"ep-option\"><input type=\"radio\" name=\"q6\" value=\"b\" id=\"ep-q6b\"><label for=\"ep-q6b\">b) Para proteger derechos fundamentales individuales.<\/label><\/div>\r\n                <div class=\"ep-option\"><input type=\"radio\" name=\"q6\" value=\"c\" id=\"ep-q6c\"><label for=\"ep-q6c\">c) Para obligar a una autoridad a cumplir con una obligaci\u00f3n legal, como el mantenimiento.<\/label><\/div>\r\n                <div class=\"ep-option\"><input type=\"radio\" name=\"q6\" value=\"d\" id=\"ep-q6d\"><label for=\"ep-q6d\">d) Para declarar una ley contraria a la Constituci\u00f3n.<\/label><\/div>\r\n            <\/div>\r\n\r\n            <!-- Pregunta 7 -->\r\n            <div class=\"ep-question\">\r\n                <p>7. \u00bfQu\u00e9 establece el art\u00edculo 63 de la Constituci\u00f3n Pol\u00edtica de Colombia sobre los bienes de uso p\u00fablico?<\/p>\r\n                <div class=\"ep-option\"><input type=\"radio\" name=\"q7\" value=\"a\" id=\"ep-q7a\"><label for=\"ep-q7a\">a) Que pueden ser vendidos a particulares si hay necesidad econ\u00f3mica.<\/label><\/div>\r\n                <div class=\"ep-option\"><input type=\"radio\" name=\"q7\" value=\"b\" id=\"ep-q7b\"><label for=\"ep-q7b\">b) Que son inalienables, imprescriptibles e inembargables.<\/label><\/div>\r\n                <div class=\"ep-option\"><input type=\"radio\" name=\"q7\" value=\"c\" id=\"ep-q7c\"><label for=\"ep-q7c\">c) Que su uso puede ser restringido por el inter\u00e9s particular.<\/label><\/div>\r\n                <div class=\"ep-option\"><input type=\"radio\" name=\"q7\" value=\"d\" id=\"ep-q7d\"><label for=\"ep-q7d\">d) Que deben ser administrados exclusivamente por el gobierno central.<\/label><\/div>\r\n            <\/div>\r\n\r\n            <!-- Pregunta 8 -->\r\n            <div class=\"ep-question\">\r\n                <p>8. La Ley 9\u00aa de 1989 define el espacio p\u00fablico como el conjunto de inmuebles p\u00fablicos y elementos destinados a la satisfacci\u00f3n de:<\/p>\r\n                <div class=\"ep-option\"><input type=\"radio\" name=\"q8\" value=\"a\" id=\"ep-q8a\"><label for=\"ep-q8a\">a) Necesidades individuales de los propietarios.<\/label><\/div>\r\n                <div class=\"ep-option\"><input type=\"radio\" name=\"q8\" value=\"b\" id=\"ep-q8b\"><label for=\"ep-q8b\">b) Intereses comerciales privados.<\/label><\/div>\r\n                <div class=\"ep-option\"><input type=\"radio\" name=\"q8\" value=\"c\" id=\"ep-q8c\"><label for=\"ep-q8c\">c) Necesidades urbanas colectivas que trascienden los intereses individuales.<\/label><\/div>\r\n                <div class=\"ep-option\"><input type=\"radio\" name=\"q8\" value=\"d\" id=\"ep-q8d\"><label for=\"ep-q8d\">d) Requerimientos de las fuerzas armadas.<\/label><\/div>\r\n            <\/div>\r\n\r\n            <!-- Pregunta 9 -->\r\n            <div class=\"ep-question\">\r\n                <p>9. \u00bfQu\u00e9 establece el Decreto 1504 de 1998 respecto a la accesibilidad del espacio p\u00fablico?<\/p>\r\n                <div class=\"ep-option\"><input type=\"radio\" name=\"q9\" value=\"a\" id=\"ep-q9a\"><label for=\"ep-q9a\">a) Que debe ser de acceso restringido para mayor seguridad.<\/label><\/div>\r\n                <div class=\"ep-option\"><input type=\"radio\" name=\"q9\" value=\"b\" id=\"ep-q9b\"><label for=\"ep-q9b\">b) Que debe planearse y adecuarse para facilitar la accesibilidad a personas con movilidad reducida.<\/label><\/div>\r\n                <div class=\"ep-option\"><input type=\"radio\" name=\"q9\" value=\"c\" id=\"ep-q9c\"><label for=\"ep-q9c\">c) Que el acceso a personas con movilidad reducida es opcional.<\/label><\/div>\r\n                <div class=\"ep-option\"><input type=\"radio\" name=\"q9\" value=\"d\" id=\"ep-q9d\"><label for=\"ep-q9d\">d) Que solo se deben construir rampas en parques principales.<\/label><\/div>\r\n            <\/div>\r\n\r\n            <!-- Pregunta 10 -->\r\n            <div class=\"ep-question\">\r\n                <p>10. \u00bfCu\u00e1l es el \u00edndice m\u00ednimo de espacio p\u00fablico colectivo por habitante que establece el Decreto 1504 de 1998?<\/p>\r\n                <div class=\"ep-option\"><input type=\"radio\" name=\"q10\" value=\"a\" id=\"ep-q10a\"><label for=\"ep-q10a\">a) 5 m2 por habitante.<\/label><\/div>\r\n                <div class=\"ep-option\"><input type=\"radio\" name=\"q10\" value=\"b\" id=\"ep-q10b\"><label for=\"ep-q10b\">b) 10 m2 por habitante.<\/label><\/div>\r\n                <div class=\"ep-option\"><input type=\"radio\" name=\"q10\" value=\"c\" id=\"ep-q10c\"><label for=\"ep-q10c\">c) 15 m2 por habitante.<\/label><\/div>\r\n                <div class=\"ep-option\"><input type=\"radio\" name=\"q10\" value=\"d\" id=\"ep-q10d\"><label for=\"ep-q10d\">d) 20 m2 por habitante.<\/label><\/div>\r\n            <\/div>\r\n\r\n            <button type=\"submit\">Enviar Respuestas<\/button>\r\n        <\/form>\r\n    <\/div>\r\n\r\n    <div id=\"ep-results-container\" style=\"display:none;\" tabindex=\"-1\">\r\n        <!-- Los resultados se mostrar\u00e1n aqu\u00ed -->\r\n    <\/div>\r\n<\/div>\r\n\r\n<style>\r\n    #espacio-publico-quiz-app {\r\n        font-family: Arial, sans-serif;\r\n        line-height: 1.6;\r\n        padding: 20px;\r\n        background-color: #fff;\r\n        border-radius: 8px;\r\n        box-shadow: 0 0 10px rgba(0,0,0,0.1);\r\n        max-width: 100%;\r\n    }\r\n\r\n    #espacio-publico-quiz-app h3 {\r\n        color: #333;\r\n        text-align: center;\r\n        margin-top: 0;\r\n        margin-bottom: 10px;\r\n        font-size: 1.5em;\r\n    }\r\n    #espacio-publico-quiz-app #ep-intro-text {\r\n        text-align: center;\r\n        margin-bottom: 20px;\r\n        font-size: 0.95em;\r\n        color: #555;\r\n    }\r\n\r\n    #espacio-publico-quiz-app #ep-name-entry label {\r\n        display: block;\r\n        margin-bottom: 8px;\r\n        font-weight: bold;\r\n    }\r\n\r\n    #espacio-publico-quiz-app #ep-name-entry input[type=\"text\"] {\r\n        width: calc(100% - 22px);\r\n        padding: 10px;\r\n        margin-bottom: 15px;\r\n        border: 1px solid #ccc;\r\n        border-radius: 4px;\r\n        box-sizing: border-box;\r\n    }\r\n\r\n    #espacio-publico-quiz-app .ep-question {\r\n        margin-bottom: 20px;\r\n        padding: 15px;\r\n        border: 1px solid #e0e0e0;\r\n        border-radius: 5px;\r\n        background-color: #f9f9f9;\r\n    }\r\n\r\n    #espacio-publico-quiz-app .ep-question p {\r\n        margin-top: 0;\r\n        margin-bottom: 15px;\r\n        font-weight: bold;\r\n    }\r\n\r\n    #espacio-publico-quiz-app .ep-option {\r\n        margin-bottom: 10px;\r\n    }\r\n\r\n    #espacio-publico-quiz-app .ep-option input[type=\"radio\"] {\r\n        opacity: 0;\r\n        position: fixed;\r\n        width: 0;\r\n    }\r\n\r\n    #espacio-publico-quiz-app .ep-option label {\r\n        display: block;\r\n        background-color: #f0f0f0;\r\n        padding: 12px 15px;\r\n        border: 1px solid #ddd;\r\n        border-radius: 5px;\r\n        cursor: pointer;\r\n        transition: background-color 0.3s ease, border-color 0.3s ease;\r\n        text-align: left;\r\n    }\r\n\r\n    #espacio-publico-quiz-app .ep-option label:hover {\r\n        background-color: #e0e0e0;\r\n        border-color: #ccc;\r\n    }\r\n\r\n    #espacio-publico-quiz-app .ep-option input[type=\"radio\"]:checked + label {\r\n        background-color: #003380; \r\n        color: white;\r\n        border-color: #001a57; \r\n        font-weight: bold;\r\n    }\r\n\r\n    #espacio-publico-quiz-app button {\r\n        display: inline-block;\r\n        padding: 12px 20px;\r\n        background-color: #001a57; \r\n        color: white;\r\n        border: none;\r\n        cursor: pointer;\r\n        border-radius: 4px;\r\n        font-size: 16px;\r\n        transition: background-color 0.3s ease;\r\n        margin-top: 10px;\r\n    }\r\n\r\n    #espacio-publico-quiz-app button:hover {\r\n        background-color: #003380; \r\n    }\r\n\r\n    #espacio-publico-quiz-app #ep-results-container {\r\n        margin-top: 25px;\r\n        padding: 20px;\r\n        border: 1px solid #ccc;\r\n        border-radius: 5px;\r\n        background-color: #e9efff; \r\n    }\r\n    #espacio-publico-quiz-app #ep-results-container:focus {\r\n        outline: 2px solid #001a57; \r\n        outline-offset: 2px;\r\n    }\r\n\r\n    #espacio-publico-quiz-app #ep-results-container h4 {\r\n        margin-top: 0;\r\n        color: #001a57; \r\n    }\r\n\r\n    #espacio-publico-quiz-app #ep-results-container p {\r\n        margin-bottom: 10px;\r\n    }\r\n<\/style>\r\n\r\n<script>\r\n    (function() {\r\n        const quizAppContainer = document.getElementById('espacio-publico-quiz-app');\r\n        if (!quizAppContainer) {\r\n            console.warn('Contenedor del quiz #espacio-publico-quiz-app no encontrado.');\r\n            return;\r\n        }\r\n\r\n        const nameEntryDiv = document.getElementById('ep-name-entry');\r\n        const userNameInput = document.getElementById('ep-userName');\r\n        const startQuizBtn = document.getElementById('ep-startQuizBtn');\r\n        const quizContainerDiv = document.getElementById('ep-quiz-container');\r\n        const quizForm = document.getElementById('ep-quizForm');\r\n        const resultsContainerDiv = document.getElementById('ep-results-container');\r\n        const introTextP = document.getElementById('ep-intro-text');\r\n\r\n        if (!nameEntryDiv || !userNameInput || !startQuizBtn || !quizContainerDiv || !quizForm || !resultsContainerDiv || !introTextP) {\r\n            console.error('Uno o m\u00e1s elementos del quiz EP no se encontraron. Verifica los IDs.');\r\n            return;\r\n        }\r\n\r\n        let currentUserName = '';\r\n        const correctAnswers = {\r\n            q1: 'b', q2: 'b', q3: 'b', q4: 'b', q5: 'c',\r\n            q6: 'c', q7: 'b', q8: 'c', q9: 'b', q10: 'c'\r\n        };\r\n        const totalQuestions = Object.keys(correctAnswers).length;\r\n\r\n        startQuizBtn.addEventListener('click', startEPQuiz);\r\n        quizForm.addEventListener('submit', checkEPAnswers);\r\n\r\n        function startEPQuiz() {\r\n            currentUserName = userNameInput.value.trim();\r\n            if (currentUserName === \"\") {\r\n                alert(\"Por favor, ingresa tu nombre.\");\r\n                userNameInput.focus();\r\n                return;\r\n            }\r\n            nameEntryDiv.style.display = 'none';\r\n            introTextP.textContent = `Hola ${currentUserName}, selecciona la opci\u00f3n que consideres correcta para cada pregunta.`;\r\n            resultsContainerDiv.style.display = 'none';\r\n            quizForm.reset();\r\n            quizForm.querySelectorAll('.ep-option input[type=\"radio\"]').forEach(radio => {\r\n                if (radio.checked) radio.checked = false;\r\n            });\r\n            displayEPQuiz();\r\n        }\r\n\r\n        function displayEPQuiz() {\r\n            quizContainerDiv.style.display = 'block';\r\n        }\r\n\r\n        function checkEPAnswers(event) {\r\n            event.preventDefault();\r\n            let score = 0;\r\n            const formData = new FormData(quizForm);\r\n            let allAnswered = true;\r\n\r\n            for (const questionName in correctAnswers) {\r\n                const userAnswer = formData.get(questionName);\r\n                if (userAnswer === null) {\r\n                    allAnswered = false;\r\n                }\r\n                if (userAnswer === correctAnswers[questionName]) {\r\n                    score++;\r\n                }\r\n            }\r\n            \r\n            if (!allAnswered) {\r\n                resultsContainerDiv.innerHTML = '<p style=\"color: #c00;\">\u26a0\ufe0f \u00a1Atenci\u00f3n! Por favor, responde todas las preguntas para obtener tu resultado.<\/p>' +\r\n                                                '<p>\ud83d\ude0a \u00a1Completa el cuestionario al 100% e int\u00e9ntalo de nuevo! \u2728<\/p>';\r\n                resultsContainerDiv.style.display = 'block';\r\n                resultsContainerDiv.focus();\r\n                return;\r\n            }\r\n            displayEPResults(score);\r\n        }\r\n\r\n        function displayEPResults(score) {\r\n            quizContainerDiv.style.display = 'none';\r\n            resultsContainerDiv.innerHTML = '';\r\n\r\n            const percentage = (totalQuestions > 0) ? (score \/ totalQuestions) * 100 : 0;\r\n            let resultsHtml = `<h4>Resultados del Cuestionario para ${currentUserName}<\/h4>`;\r\n            resultsHtml += `<p>Tu puntuaci\u00f3n: ${score} de ${totalQuestions} (${percentage.toFixed(0)}%)<\/p>`;\r\n\r\n            let feedbackMessage = '';\r\n            if (percentage === 100) {\r\n                feedbackMessage = '\ud83c\udf89 \u00a1Excelente! Comprendes a la perfecci\u00f3n la importancia y normatividad del espacio p\u00fablico. \u00a1Sigue defendi\u00e9ndolo! \ud83d\udc4d';\r\n            } else if (percentage >= 80) {\r\n                feedbackMessage = '\u2705 \u00a1Muy bien! Tienes un buen conocimiento sobre el espacio p\u00fablico. Un peque\u00f1o repaso te har\u00e1 un experto. \ud83e\udd14';\r\n            } else if (percentage >= 50) {\r\n                feedbackMessage = '\ud83d\udcdd Conoces algunos aspectos, pero es crucial entender todos los elementos y leyes que protegen el espacio p\u00fablico.';\r\n            } else {\r\n                feedbackMessage = '\ud83d\udcda Es fundamental que estudies con m\u00e1s detalle sobre el espacio p\u00fablico. Es un bien de todos. \u00a1Vuelve a intentarlo! \ud83d\ude4f';\r\n            }\r\n\r\n            resultsHtml += `<p>${feedbackMessage}<\/p>`;\r\n            resultsHtml += `<button id=\"ep-retryQuizBtn\">Intentar de Nuevo<\/button>`;\r\n\r\n            resultsContainerDiv.innerHTML = resultsHtml;\r\n            resultsContainerDiv.style.display = 'block';\r\n            resultsContainerDiv.focus();\r\n\r\n            const retryBtn = document.getElementById('ep-retryQuizBtn');\r\n            if (retryBtn) retryBtn.addEventListener('click', resetAndShowNameEntryForEP);\r\n        }\r\n\r\n        function resetAndShowNameEntryForEP() {\r\n            resultsContainerDiv.style.display = 'none';\r\n            quizForm.reset();\r\n            quizForm.querySelectorAll('.ep-option input[type=\"radio\"]').forEach(radio => {\r\n                if (radio.checked) radio.checked = false;\r\n            });\r\n            userNameInput.value = '';\r\n            introTextP.textContent = 'Prueba tus conocimientos sobre la definici\u00f3n, clasificaci\u00f3n y protecci\u00f3n del espacio p\u00fablico.';\r\n            nameEntryDiv.style.display = 'block';\r\n            userNameInput.focus();\r\n        }\r\n\r\n    })();\r\n<\/script>\t\t\t\t<\/div>\n\t\t\t\t<\/div>\n\t\t\t\t\t<\/div>\n\t\t<\/div>\n\t\t\t\t\t<\/div>\n\t\t<\/section>\n\t\t\t\t<section class=\"elementor-section elementor-top-section elementor-element elementor-element-a4adf9c elementor-section-boxed elementor-section-height-default elementor-section-height-default\" data-id=\"a4adf9c\" data-element_type=\"section\">\n\t\t\t\t\t\t<div class=\"elementor-container elementor-column-gap-default\">\n\t\t\t\t\t<div class=\"elementor-column elementor-col-50 elementor-top-column elementor-element elementor-element-65e6634\" data-id=\"65e6634\" data-element_type=\"column\">\n\t\t\t<div class=\"elementor-widget-wrap elementor-element-populated\">\n\t\t\t\t\t\t<div class=\"elementor-element elementor-element-f518ea6 elementor-widget elementor-widget-text-editor\" data-id=\"f518ea6\" data-element_type=\"widget\" data-widget_type=\"text-editor.default\">\n\t\t\t\t<div class=\"elementor-widget-container\">\n\t\t\t\t\t\t\t\t\t<p style=\"text-align: right;\">\u00a0| <a href=\"https:\/\/conducircolombia.com\/cea\/ciclo-infraestructura\">Anterior <\/a>|<\/p>\t\t\t\t\t\t\t\t<\/div>\n\t\t\t\t<\/div>\n\t\t\t\t\t<\/div>\n\t\t<\/div>\n\t\t\t\t<div class=\"elementor-column elementor-col-50 elementor-top-column elementor-element elementor-element-2c86c37\" data-id=\"2c86c37\" data-element_type=\"column\">\n\t\t\t<div class=\"elementor-widget-wrap elementor-element-populated\">\n\t\t\t\t\t\t<div class=\"elementor-element elementor-element-afd07ae elementor-align-right elementor-hidden-desktop elementor-widget elementor-widget-button\" data-id=\"afd07ae\" data-element_type=\"widget\" data-widget_type=\"button.default\">\n\t\t\t\t<div class=\"elementor-widget-container\">\n\t\t\t\t\t\t\t\t\t<div class=\"elementor-button-wrapper\">\n\t\t\t\t\t<a class=\"elementor-button elementor-button-link elementor-size-sm\" href=\"https:\/\/conducircolombia.com\/cea\/indice-formacion-teorica\">\n\t\t\t\t\t\t<span class=\"elementor-button-content-wrapper\">\n\t\t\t\t\t\t\t\t\t<span class=\"elementor-button-text\">Ir al \u00edndice<\/span>\n\t\t\t\t\t<\/span>\n\t\t\t\t\t<\/a>\n\t\t\t\t<\/div>\n\t\t\t\t\t\t\t\t<\/div>\n\t\t\t\t<\/div>\n\t\t\t\t\t<\/div>\n\t\t<\/div>\n\t\t\t\t\t<\/div>\n\t\t<\/section>\n\t\t\t\t<section class=\"elementor-section elementor-top-section elementor-element elementor-element-41765b8 elementor-section-boxed elementor-section-height-default elementor-section-height-default\" data-id=\"41765b8\" data-element_type=\"section\">\n\t\t\t\t\t\t<div class=\"elementor-container elementor-column-gap-default\">\n\t\t\t\t\t<div class=\"elementor-column elementor-col-100 elementor-top-column elementor-element elementor-element-9feac7e\" data-id=\"9feac7e\" data-element_type=\"column\">\n\t\t\t<div class=\"elementor-widget-wrap elementor-element-populated\">\n\t\t\t\t\t\t<div class=\"elementor-element elementor-element-3f5b23c elementor-widget elementor-widget-image\" data-id=\"3f5b23c\" data-element_type=\"widget\" data-widget_type=\"image.default\">\n\t\t\t\t<div class=\"elementor-widget-container\">\n\t\t\t\t\t\t\t\t\t\t\t\t<figure class=\"wp-caption\">\n\t\t\t\t\t\t\t\t\t\t\t<a href=\"#arriba\">\n\t\t\t\t\t\t\t<img decoding=\"async\" src=\"https:\/\/conducircolombia.com\/cea\/wp-content\/uploads\/elementor\/thumbs\/arriba-q09wc4h6tpltpvw9t0jxwlp9yg6w77sa4flvsswuv0.png\" title=\"arriba\" alt=\"Ir Arriba\" loading=\"lazy\" \/>\t\t\t\t\t\t\t\t<\/a>\n\t\t\t\t\t\t\t\t\t\t\t<figcaption class=\"widget-image-caption wp-caption-text\">Arriba<\/figcaption>\n\t\t\t\t\t\t\t\t\t\t<\/figure>\n\t\t\t\t\t\t\t\t\t<\/div>\n\t\t\t\t<\/div>\n\t\t\t\t\t<\/div>\n\t\t<\/div>\n\t\t\t\t\t<\/div>\n\t\t<\/section>\n\t\t\t\t<section class=\"elementor-section elementor-top-section elementor-element elementor-element-e176327 elementor-section-boxed elementor-section-height-default elementor-section-height-default\" data-id=\"e176327\" data-element_type=\"section\">\n\t\t\t\t\t\t<div class=\"elementor-container elementor-column-gap-default\">\n\t\t\t\t\t<div class=\"elementor-column elementor-col-100 elementor-top-column elementor-element elementor-element-2781c69\" data-id=\"2781c69\" data-element_type=\"column\">\n\t\t\t<div class=\"elementor-widget-wrap elementor-element-populated\">\n\t\t\t\t\t\t<div class=\"elementor-element elementor-element-13b4f70 elementor-widget elementor-widget-wp-widget-recent-posts\" data-id=\"13b4f70\" data-element_type=\"widget\" data-widget_type=\"wp-widget-recent-posts.default\">\n\t\t\t\t<div class=\"elementor-widget-container\">\n\t\t\t\t\t\n\t\t\n\t\t<h5>Entradas recientes<\/h5><nav aria-label=\"Entradas recientes\">\n\t\t<ul>\n\t\t\t\t\t\t\t\t\t\t\t<li>\n\t\t\t\t\t<a href=\"https:\/\/conducircolombia.com\/cea\/manejo-defensivo-con-enfoque-en-cambio-de-actitudes\/\">Manejo defensivo con enfoque en cambio de actitudes<\/a>\n\t\t\t\t\t\t\t\t\t<\/li>\n\t\t\t\t\t\t\t\t\t\t\t<li>\n\t\t\t\t\t<a href=\"https:\/\/conducircolombia.com\/cea\/manejo-defensivo-2\/\">Manejo defensivo<\/a>\n\t\t\t\t\t\t\t\t\t<\/li>\n\t\t\t\t\t\t\t\t\t\t\t<li>\n\t\t\t\t\t<a href=\"https:\/\/conducircolombia.com\/cea\/cale-comunicado\/\">CALE comunicado<\/a>\n\t\t\t\t\t\t\t\t\t<\/li>\n\t\t\t\t\t\t\t\t\t\t\t<li>\n\t\t\t\t\t<a href=\"https:\/\/conducircolombia.com\/cea\/precios-del-examen-de-conduccion\/\">Precios del examen de conduccion<\/a>\n\t\t\t\t\t\t\t\t\t<\/li>\n\t\t\t\t\t\t\t\t\t\t\t<li>\n\t\t\t\t\t<a href=\"https:\/\/conducircolombia.com\/cea\/precios-oficiales-para-el-curso-de-conduccion\/\">Precios oficiales para el curso de conducci\u00f3n<\/a>\n\t\t\t\t\t\t\t\t\t<\/li>\n\t\t\t\t\t\t\t\t\t\t\t<li>\n\t\t\t\t\t<a href=\"https:\/\/conducircolombia.com\/cea\/precios-cursos-de-conduccion-2026\/\">precios cursos de conducci\u00f3n 2026<\/a>\n\t\t\t\t\t\t\t\t\t<\/li>\n\t\t\t\t\t\t\t\t\t\t\t<li>\n\t\t\t\t\t<a href=\"https:\/\/conducircolombia.com\/cea\/conducir-colombia-academia-de-conduccion-en-colombia-cursos-a2-b1-c1-c2-y-c3\/\">Conducir Colombia | Academia de Conducci\u00f3n en Colombia | Cursos A2, B1, C1, C2 y C3<\/a>\n\t\t\t\t\t\t\t\t\t<\/li>\n\t\t\t\t\t\t\t\t\t\t\t<li>\n\t\t\t\t\t<a href=\"https:\/\/conducircolombia.com\/cea\/prioridad-de-via-en-colombia-quien-sube-o-baja-guia-rapida\/\">Prioridad de V\u00eda en Colombia: \u00bfQui\u00e9n Sube o Baja? &#8211; Gu\u00eda R\u00e1pida<\/a>\n\t\t\t\t\t\t\t\t\t<\/li>\n\t\t\t\t\t\t\t\t\t\t\t<li>\n\t\t\t\t\t<a href=\"https:\/\/conducircolombia.com\/cea\/como-ahorrar-combustible-trucos-para-gastar-menos-gasolina\/\">C\u00f3mo ahorrar combustible: trucos para gastar menos gasolina<\/a>\n\t\t\t\t\t\t\t\t\t<\/li>\n\t\t\t\t\t\t\t\t\t\t\t<li>\n\t\t\t\t\t<a href=\"https:\/\/conducircolombia.com\/cea\/gasolina-corriente-o-extra-en-colombia-mitos-sobre-potencia-y-limpieza-del-motor\/\">\u00bfGasolina corriente o extra en Colombia? Mitos sobre potencia y limpieza del motor<\/a>\n\t\t\t\t\t\t\t\t\t<\/li>\n\t\t\t\t\t<\/ul>\n\n\t\t<\/nav>\t\t\t\t<\/div>\n\t\t\t\t<\/div>\n\t\t\t\t\t<\/div>\n\t\t<\/div>\n\t\t\t\t\t<\/div>\n\t\t<\/section>\n\t\t\t\t<\/div>\n\t\t","protected":false},"excerpt":{"rendered":"<p>\u00a0| Anterior | \u00cdNDICE Movilidad segura Visi\u00f3n cero.Las v\u00edctimas de accidentes de tr\u00e1nsito.Los usuarios vulnerables y su prelaci\u00f3n.La corresponsabilidad.La movilidad [&hellip;]<\/p>\n","protected":false},"author":1,"featured_media":6272,"comment_status":"closed","ping_status":"closed","sticky":false,"template":"elementor_theme","format":"standard","meta":{"site-sidebar-layout":"default","site-content-layout":"","ast-site-content-layout":"default","site-content-style":"default","site-sidebar-style":"default","ast-global-header-display":"","ast-banner-title-visibility":"","ast-main-header-display":"","ast-hfb-above-header-display":"","ast-hfb-below-header-display":"","ast-hfb-mobile-header-display":"","site-post-title":"","ast-breadcrumbs-content":"","ast-featured-img":"","footer-sml-layout":"","theme-transparent-header-meta":"","adv-header-id-meta":"","stick-header-meta":"","header-above-stick-meta":"","header-main-stick-meta":"","header-below-stick-meta":"","astra-migrate-meta-layouts":"set","ast-page-background-enabled":"default","ast-page-background-meta":{"desktop":{"background-color":"var(--ast-global-color-4)","background-image":"","background-repeat":"repeat","background-position":"center center","background-size":"auto","background-attachment":"scroll","background-type":"","background-media":"","overlay-type":"","overlay-color":"","overlay-opacity":"","overlay-gradient":""},"tablet":{"background-color":"","background-image":"","background-repeat":"repeat","background-position":"center center","background-size":"auto","background-attachment":"scroll","background-type":"","background-media":"","overlay-type":"","overlay-color":"","overlay-opacity":"","overlay-gradient":""},"mobile":{"background-color":"","background-image":"","background-repeat":"repeat","background-position":"center center","background-size":"auto","background-attachment":"scroll","background-type":"","background-media":"","overlay-type":"","overlay-color":"","overlay-opacity":"","overlay-gradient":""}},"ast-content-background-meta":{"desktop":{"background-color":"var(--ast-global-color-5)","background-image":"","background-repeat":"repeat","background-position":"center center","background-size":"auto","background-attachment":"scroll","background-type":"","background-media":"","overlay-type":"","overlay-color":"","overlay-opacity":"","overlay-gradient":""},"tablet":{"background-color":"var(--ast-global-color-5)","background-image":"","background-repeat":"repeat","background-position":"center center","background-size":"auto","background-attachment":"scroll","background-type":"","background-media":"","overlay-type":"","overlay-color":"","overlay-opacity":"","overlay-gradient":""},"mobile":{"background-color":"var(--ast-global-color-5)","background-image":"","background-repeat":"repeat","background-position":"center center","background-size":"auto","background-attachment":"scroll","background-type":"","background-media":"","overlay-type":"","overlay-color":"","overlay-opacity":"","overlay-gradient":""}},"footnotes":""},"categories":[9,11],"tags":[],"class_list":["post-6270","post","type-post","status-publish","format-standard","has-post-thumbnail","hentry","category-educacion","category-mallas-curriculares"],"yoast_head":"<!-- This site is optimized with the Yoast SEO plugin v26.4 - https:\/\/yoast.com\/wordpress\/plugins\/seo\/ -->\n<title>El-espacio-publico - Conducir Colombia<\/title>\n<meta name=\"description\" content=\"El espacio p\u00fablico. El espacio p\u00fablico se clasifica seg\u00fan la Ley 9\u00aa:\u00c1reas para la circulaci\u00f3n tanto peatonal como vehicular \u00c1reas para la recreaci\u00f3n p\u00fablica activa o pasiva, seguridad y tranquilidad ciudadana Franjas de retiro de las edificaciones sobre las v\u00edas\" \/>\n<meta name=\"robots\" content=\"index, follow, max-snippet:-1, max-image-preview:large, max-video-preview:-1\" \/>\n<link rel=\"canonical\" href=\"https:\/\/conducircolombia.com\/cea\/el-espacio-publico\/\" \/>\n<meta property=\"og:locale\" content=\"es_ES\" \/>\n<meta property=\"og:type\" content=\"article\" \/>\n<meta property=\"og:title\" content=\"El-espacio-publico - Conducir Colombia\" \/>\n<meta property=\"og:description\" content=\"El espacio p\u00fablico. El espacio p\u00fablico se clasifica seg\u00fan la Ley 9\u00aa:\u00c1reas para la circulaci\u00f3n tanto peatonal como vehicular \u00c1reas para la recreaci\u00f3n p\u00fablica activa o pasiva, seguridad y tranquilidad ciudadana Franjas de retiro de las edificaciones sobre las v\u00edas\" \/>\n<meta property=\"og:url\" content=\"https:\/\/conducircolombia.com\/cea\/el-espacio-publico\/\" \/>\n<meta property=\"og:site_name\" content=\"Conducir Colombia\" \/>\n<meta property=\"article:publisher\" content=\"https:\/\/www.facebook.com\/ConducirColombiaBogota\" \/>\n<meta property=\"article:published_time\" content=\"2023-02-15T02:02:39+00:00\" \/>\n<meta property=\"article:modified_time\" content=\"2025-05-21T05:33:25+00:00\" \/>\n<meta property=\"og:image\" content=\"https:\/\/conducircolombia.com\/cea\/wp-content\/uploads\/2023\/02\/Espacio-publico-e1676426541995.png\" \/>\n\t<meta property=\"og:image:width\" content=\"400\" \/>\n\t<meta property=\"og:image:height\" content=\"227\" \/>\n\t<meta property=\"og:image:type\" content=\"image\/png\" \/>\n<meta name=\"author\" content=\"conducir\" \/>\n<meta name=\"twitter:card\" content=\"summary_large_image\" \/>\n<meta name=\"twitter:label1\" content=\"Escrito por\" \/>\n\t<meta name=\"twitter:data1\" content=\"conducir\" \/>\n\t<meta name=\"twitter:label2\" content=\"Tiempo de lectura\" \/>\n\t<meta name=\"twitter:data2\" content=\"8 minutos\" \/>\n<script type=\"application\/ld+json\" class=\"yoast-schema-graph\">{\"@context\":\"https:\/\/schema.org\",\"@graph\":[{\"@type\":\"Article\",\"@id\":\"https:\/\/conducircolombia.com\/cea\/el-espacio-publico\/#article\",\"isPartOf\":{\"@id\":\"https:\/\/conducircolombia.com\/cea\/el-espacio-publico\/\"},\"author\":{\"name\":\"conducir\",\"@id\":\"https:\/\/conducircolombia.com\/cea\/#\/schema\/person\/f46408961e009da1824aa2945feb7023\"},\"headline\":\"El-espacio-publico\",\"datePublished\":\"2023-02-15T02:02:39+00:00\",\"dateModified\":\"2025-05-21T05:33:25+00:00\",\"mainEntityOfPage\":{\"@id\":\"https:\/\/conducircolombia.com\/cea\/el-espacio-publico\/\"},\"wordCount\":1612,\"publisher\":{\"@id\":\"https:\/\/conducircolombia.com\/cea\/#organization\"},\"image\":{\"@id\":\"https:\/\/conducircolombia.com\/cea\/el-espacio-publico\/#primaryimage\"},\"thumbnailUrl\":\"https:\/\/conducircolombia.com\/cea\/wp-content\/uploads\/2023\/02\/Espacio-publico-e1676426541995.png\",\"articleSection\":[\"Educaci\u00f3n\",\"Mallas Curriculares\"],\"inLanguage\":\"es\"},{\"@type\":\"WebPage\",\"@id\":\"https:\/\/conducircolombia.com\/cea\/el-espacio-publico\/\",\"url\":\"https:\/\/conducircolombia.com\/cea\/el-espacio-publico\/\",\"name\":\"El-espacio-publico - Conducir Colombia\",\"isPartOf\":{\"@id\":\"https:\/\/conducircolombia.com\/cea\/#website\"},\"primaryImageOfPage\":{\"@id\":\"https:\/\/conducircolombia.com\/cea\/el-espacio-publico\/#primaryimage\"},\"image\":{\"@id\":\"https:\/\/conducircolombia.com\/cea\/el-espacio-publico\/#primaryimage\"},\"thumbnailUrl\":\"https:\/\/conducircolombia.com\/cea\/wp-content\/uploads\/2023\/02\/Espacio-publico-e1676426541995.png\",\"datePublished\":\"2023-02-15T02:02:39+00:00\",\"dateModified\":\"2025-05-21T05:33:25+00:00\",\"description\":\"El espacio p\u00fablico. El espacio p\u00fablico se clasifica seg\u00fan la Ley 9\u00aa:\u00c1reas para la circulaci\u00f3n tanto peatonal como vehicular \u00c1reas para la recreaci\u00f3n p\u00fablica activa o pasiva, seguridad y tranquilidad ciudadana Franjas de retiro de las edificaciones sobre las v\u00edas\",\"breadcrumb\":{\"@id\":\"https:\/\/conducircolombia.com\/cea\/el-espacio-publico\/#breadcrumb\"},\"inLanguage\":\"es\",\"potentialAction\":[{\"@type\":\"ReadAction\",\"target\":[\"https:\/\/conducircolombia.com\/cea\/el-espacio-publico\/\"]}]},{\"@type\":\"ImageObject\",\"inLanguage\":\"es\",\"@id\":\"https:\/\/conducircolombia.com\/cea\/el-espacio-publico\/#primaryimage\",\"url\":\"https:\/\/conducircolombia.com\/cea\/wp-content\/uploads\/2023\/02\/Espacio-publico-e1676426541995.png\",\"contentUrl\":\"https:\/\/conducircolombia.com\/cea\/wp-content\/uploads\/2023\/02\/Espacio-publico-e1676426541995.png\",\"width\":400,\"height\":227},{\"@type\":\"BreadcrumbList\",\"@id\":\"https:\/\/conducircolombia.com\/cea\/el-espacio-publico\/#breadcrumb\",\"itemListElement\":[{\"@type\":\"ListItem\",\"position\":1,\"name\":\"Portada\",\"item\":\"https:\/\/conducircolombia.com\/cea\/\"},{\"@type\":\"ListItem\",\"position\":2,\"name\":\"El-espacio-publico\"}]},{\"@type\":\"WebSite\",\"@id\":\"https:\/\/conducircolombia.com\/cea\/#website\",\"url\":\"https:\/\/conducircolombia.com\/cea\/\",\"name\":\"Conducir Colombia\",\"description\":\"Academia de Conducci\u00f3n\",\"publisher\":{\"@id\":\"https:\/\/conducircolombia.com\/cea\/#organization\"},\"potentialAction\":[{\"@type\":\"SearchAction\",\"target\":{\"@type\":\"EntryPoint\",\"urlTemplate\":\"https:\/\/conducircolombia.com\/cea\/?s={search_term_string}\"},\"query-input\":{\"@type\":\"PropertyValueSpecification\",\"valueRequired\":true,\"valueName\":\"search_term_string\"}}],\"inLanguage\":\"es\"},{\"@type\":\"Organization\",\"@id\":\"https:\/\/conducircolombia.com\/cea\/#organization\",\"name\":\"Conducir Colombia\",\"alternateName\":\"Conducir Colombia\",\"url\":\"https:\/\/conducircolombia.com\/cea\/\",\"logo\":{\"@type\":\"ImageObject\",\"inLanguage\":\"es\",\"@id\":\"https:\/\/conducircolombia.com\/cea\/#\/schema\/logo\/image\/\",\"url\":\"https:\/\/conducircolombia.com\/cea\/wp-content\/uploads\/2025\/02\/logowp.jpg\",\"contentUrl\":\"https:\/\/conducircolombia.com\/cea\/wp-content\/uploads\/2025\/02\/logowp.jpg\",\"width\":300,\"height\":299,\"caption\":\"Conducir Colombia\"},\"image\":{\"@id\":\"https:\/\/conducircolombia.com\/cea\/#\/schema\/logo\/image\/\"},\"sameAs\":[\"https:\/\/www.facebook.com\/ConducirColombiaBogota\"]},{\"@type\":\"Person\",\"@id\":\"https:\/\/conducircolombia.com\/cea\/#\/schema\/person\/f46408961e009da1824aa2945feb7023\",\"name\":\"conducir\",\"image\":{\"@type\":\"ImageObject\",\"inLanguage\":\"es\",\"@id\":\"https:\/\/conducircolombia.com\/cea\/#\/schema\/person\/image\/\",\"url\":\"https:\/\/secure.gravatar.com\/avatar\/9643ba75ec7766c1087fac13c7a122a44c2a2e077f5777fee06c709345c575cc?s=96&d=mm&r=g\",\"contentUrl\":\"https:\/\/secure.gravatar.com\/avatar\/9643ba75ec7766c1087fac13c7a122a44c2a2e077f5777fee06c709345c575cc?s=96&d=mm&r=g\",\"caption\":\"conducir\"},\"sameAs\":[\"https:\/\/conducircolombia.com\/cea\"],\"url\":\"https:\/\/conducircolombia.com\/cea\/author\/conducir\/\"}]}<\/script>\n<!-- \/ Yoast SEO plugin. -->","yoast_head_json":{"title":"El-espacio-publico - Conducir Colombia","description":"El espacio p\u00fablico. El espacio p\u00fablico se clasifica seg\u00fan la Ley 9\u00aa:\u00c1reas para la circulaci\u00f3n tanto peatonal como vehicular \u00c1reas para la recreaci\u00f3n p\u00fablica activa o pasiva, seguridad y tranquilidad ciudadana Franjas de retiro de las edificaciones sobre las v\u00edas","robots":{"index":"index","follow":"follow","max-snippet":"max-snippet:-1","max-image-preview":"max-image-preview:large","max-video-preview":"max-video-preview:-1"},"canonical":"https:\/\/conducircolombia.com\/cea\/el-espacio-publico\/","og_locale":"es_ES","og_type":"article","og_title":"El-espacio-publico - Conducir Colombia","og_description":"El espacio p\u00fablico. El espacio p\u00fablico se clasifica seg\u00fan la Ley 9\u00aa:\u00c1reas para la circulaci\u00f3n tanto peatonal como vehicular \u00c1reas para la recreaci\u00f3n p\u00fablica activa o pasiva, seguridad y tranquilidad ciudadana Franjas de retiro de las edificaciones sobre las v\u00edas","og_url":"https:\/\/conducircolombia.com\/cea\/el-espacio-publico\/","og_site_name":"Conducir Colombia","article_publisher":"https:\/\/www.facebook.com\/ConducirColombiaBogota","article_published_time":"2023-02-15T02:02:39+00:00","article_modified_time":"2025-05-21T05:33:25+00:00","og_image":[{"width":400,"height":227,"url":"https:\/\/conducircolombia.com\/cea\/wp-content\/uploads\/2023\/02\/Espacio-publico-e1676426541995.png","type":"image\/png"}],"author":"conducir","twitter_card":"summary_large_image","twitter_misc":{"Escrito por":"conducir","Tiempo de lectura":"8 minutos"},"schema":{"@context":"https:\/\/schema.org","@graph":[{"@type":"Article","@id":"https:\/\/conducircolombia.com\/cea\/el-espacio-publico\/#article","isPartOf":{"@id":"https:\/\/conducircolombia.com\/cea\/el-espacio-publico\/"},"author":{"name":"conducir","@id":"https:\/\/conducircolombia.com\/cea\/#\/schema\/person\/f46408961e009da1824aa2945feb7023"},"headline":"El-espacio-publico","datePublished":"2023-02-15T02:02:39+00:00","dateModified":"2025-05-21T05:33:25+00:00","mainEntityOfPage":{"@id":"https:\/\/conducircolombia.com\/cea\/el-espacio-publico\/"},"wordCount":1612,"publisher":{"@id":"https:\/\/conducircolombia.com\/cea\/#organization"},"image":{"@id":"https:\/\/conducircolombia.com\/cea\/el-espacio-publico\/#primaryimage"},"thumbnailUrl":"https:\/\/conducircolombia.com\/cea\/wp-content\/uploads\/2023\/02\/Espacio-publico-e1676426541995.png","articleSection":["Educaci\u00f3n","Mallas Curriculares"],"inLanguage":"es"},{"@type":"WebPage","@id":"https:\/\/conducircolombia.com\/cea\/el-espacio-publico\/","url":"https:\/\/conducircolombia.com\/cea\/el-espacio-publico\/","name":"El-espacio-publico - Conducir Colombia","isPartOf":{"@id":"https:\/\/conducircolombia.com\/cea\/#website"},"primaryImageOfPage":{"@id":"https:\/\/conducircolombia.com\/cea\/el-espacio-publico\/#primaryimage"},"image":{"@id":"https:\/\/conducircolombia.com\/cea\/el-espacio-publico\/#primaryimage"},"thumbnailUrl":"https:\/\/conducircolombia.com\/cea\/wp-content\/uploads\/2023\/02\/Espacio-publico-e1676426541995.png","datePublished":"2023-02-15T02:02:39+00:00","dateModified":"2025-05-21T05:33:25+00:00","description":"El espacio p\u00fablico. El espacio p\u00fablico se clasifica seg\u00fan la Ley 9\u00aa:\u00c1reas para la circulaci\u00f3n tanto peatonal como vehicular \u00c1reas para la recreaci\u00f3n p\u00fablica activa o pasiva, seguridad y tranquilidad ciudadana Franjas de retiro de las edificaciones sobre las v\u00edas","breadcrumb":{"@id":"https:\/\/conducircolombia.com\/cea\/el-espacio-publico\/#breadcrumb"},"inLanguage":"es","potentialAction":[{"@type":"ReadAction","target":["https:\/\/conducircolombia.com\/cea\/el-espacio-publico\/"]}]},{"@type":"ImageObject","inLanguage":"es","@id":"https:\/\/conducircolombia.com\/cea\/el-espacio-publico\/#primaryimage","url":"https:\/\/conducircolombia.com\/cea\/wp-content\/uploads\/2023\/02\/Espacio-publico-e1676426541995.png","contentUrl":"https:\/\/conducircolombia.com\/cea\/wp-content\/uploads\/2023\/02\/Espacio-publico-e1676426541995.png","width":400,"height":227},{"@type":"BreadcrumbList","@id":"https:\/\/conducircolombia.com\/cea\/el-espacio-publico\/#breadcrumb","itemListElement":[{"@type":"ListItem","position":1,"name":"Portada","item":"https:\/\/conducircolombia.com\/cea\/"},{"@type":"ListItem","position":2,"name":"El-espacio-publico"}]},{"@type":"WebSite","@id":"https:\/\/conducircolombia.com\/cea\/#website","url":"https:\/\/conducircolombia.com\/cea\/","name":"Conducir Colombia","description":"Academia de Conducci\u00f3n","publisher":{"@id":"https:\/\/conducircolombia.com\/cea\/#organization"},"potentialAction":[{"@type":"SearchAction","target":{"@type":"EntryPoint","urlTemplate":"https:\/\/conducircolombia.com\/cea\/?s={search_term_string}"},"query-input":{"@type":"PropertyValueSpecification","valueRequired":true,"valueName":"search_term_string"}}],"inLanguage":"es"},{"@type":"Organization","@id":"https:\/\/conducircolombia.com\/cea\/#organization","name":"Conducir Colombia","alternateName":"Conducir Colombia","url":"https:\/\/conducircolombia.com\/cea\/","logo":{"@type":"ImageObject","inLanguage":"es","@id":"https:\/\/conducircolombia.com\/cea\/#\/schema\/logo\/image\/","url":"https:\/\/conducircolombia.com\/cea\/wp-content\/uploads\/2025\/02\/logowp.jpg","contentUrl":"https:\/\/conducircolombia.com\/cea\/wp-content\/uploads\/2025\/02\/logowp.jpg","width":300,"height":299,"caption":"Conducir Colombia"},"image":{"@id":"https:\/\/conducircolombia.com\/cea\/#\/schema\/logo\/image\/"},"sameAs":["https:\/\/www.facebook.com\/ConducirColombiaBogota"]},{"@type":"Person","@id":"https:\/\/conducircolombia.com\/cea\/#\/schema\/person\/f46408961e009da1824aa2945feb7023","name":"conducir","image":{"@type":"ImageObject","inLanguage":"es","@id":"https:\/\/conducircolombia.com\/cea\/#\/schema\/person\/image\/","url":"https:\/\/secure.gravatar.com\/avatar\/9643ba75ec7766c1087fac13c7a122a44c2a2e077f5777fee06c709345c575cc?s=96&d=mm&r=g","contentUrl":"https:\/\/secure.gravatar.com\/avatar\/9643ba75ec7766c1087fac13c7a122a44c2a2e077f5777fee06c709345c575cc?s=96&d=mm&r=g","caption":"conducir"},"sameAs":["https:\/\/conducircolombia.com\/cea"],"url":"https:\/\/conducircolombia.com\/cea\/author\/conducir\/"}]}},"_links":{"self":[{"href":"https:\/\/conducircolombia.com\/cea\/wp-json\/wp\/v2\/posts\/6270","targetHints":{"allow":["GET"]}}],"collection":[{"href":"https:\/\/conducircolombia.com\/cea\/wp-json\/wp\/v2\/posts"}],"about":[{"href":"https:\/\/conducircolombia.com\/cea\/wp-json\/wp\/v2\/types\/post"}],"author":[{"embeddable":true,"href":"https:\/\/conducircolombia.com\/cea\/wp-json\/wp\/v2\/users\/1"}],"replies":[{"embeddable":true,"href":"https:\/\/conducircolombia.com\/cea\/wp-json\/wp\/v2\/comments?post=6270"}],"version-history":[{"count":58,"href":"https:\/\/conducircolombia.com\/cea\/wp-json\/wp\/v2\/posts\/6270\/revisions"}],"predecessor-version":[{"id":15221,"href":"https:\/\/conducircolombia.com\/cea\/wp-json\/wp\/v2\/posts\/6270\/revisions\/15221"}],"wp:featuredmedia":[{"embeddable":true,"href":"https:\/\/conducircolombia.com\/cea\/wp-json\/wp\/v2\/media\/6272"}],"wp:attachment":[{"href":"https:\/\/conducircolombia.com\/cea\/wp-json\/wp\/v2\/media?parent=6270"}],"wp:term":[{"taxonomy":"category","embeddable":true,"href":"https:\/\/conducircolombia.com\/cea\/wp-json\/wp\/v2\/categories?post=6270"},{"taxonomy":"post_tag","embeddable":true,"href":"https:\/\/conducircolombia.com\/cea\/wp-json\/wp\/v2\/tags?post=6270"}],"curies":[{"name":"wp","href":"https:\/\/api.w.org\/{rel}","templated":true}]}}