{"id":9438,"date":"2024-09-15T18:57:28","date_gmt":"2024-09-15T23:57:28","guid":{"rendered":"https:\/\/conducircolombia.com\/cea\/?p=9438"},"modified":"2024-09-15T19:16:34","modified_gmt":"2024-09-16T00:16:34","slug":"plan-estrategico-de-seguridad-vial","status":"publish","type":"post","link":"https:\/\/conducircolombia.com\/cea\/plan-estrategico-de-seguridad-vial\/","title":{"rendered":"Plan Estrat\u00e9gico de Seguridad v\u00edal"},"content":{"rendered":"\t\t<div data-elementor-type=\"wp-post\" data-elementor-id=\"9438\" class=\"elementor elementor-9438\">\n\t\t\t\t\t\t<section class=\"elementor-section elementor-top-section elementor-element elementor-element-f8bd1eb elementor-section-boxed elementor-section-height-default elementor-section-height-default\" data-id=\"f8bd1eb\" data-element_type=\"section\">\n\t\t\t\t\t\t<div class=\"elementor-container elementor-column-gap-default\">\n\t\t\t\t\t<div class=\"elementor-column elementor-col-100 elementor-top-column elementor-element elementor-element-3b463ba\" data-id=\"3b463ba\" data-element_type=\"column\">\n\t\t\t<div class=\"elementor-widget-wrap elementor-element-populated\">\n\t\t\t\t\t\t<section class=\"elementor-section elementor-inner-section elementor-element elementor-element-b7657ae elementor-section-boxed elementor-section-height-default elementor-section-height-default\" data-id=\"b7657ae\" data-element_type=\"section\">\n\t\t\t\t\t\t<div class=\"elementor-container elementor-column-gap-default\">\n\t\t\t\t\t<div class=\"elementor-column elementor-col-50 elementor-inner-column elementor-element elementor-element-767795f\" data-id=\"767795f\" data-element_type=\"column\">\n\t\t\t<div class=\"elementor-widget-wrap elementor-element-populated\">\n\t\t\t\t\t\t<div class=\"elementor-element elementor-element-34d033e elementor-widget elementor-widget-menu-anchor\" data-id=\"34d033e\" data-element_type=\"widget\" data-widget_type=\"menu-anchor.default\">\n\t\t\t\t<div class=\"elementor-widget-container\">\n\t\t\t\t\t\t\t<div class=\"elementor-menu-anchor\" id=\"home\"><\/div>\n\t\t\t\t\t\t<\/div>\n\t\t\t\t<\/div>\n\t\t\t\t<div class=\"elementor-element elementor-element-91d83fa elementor-widget elementor-widget-image\" data-id=\"91d83fa\" data-element_type=\"widget\" data-widget_type=\"image.default\">\n\t\t\t\t<div class=\"elementor-widget-container\">\n\t\t\t\t\t\t\t\t\t\t\t\t\t\t\t\t<a href=\"https:\/\/conducircolombia.com\/\">\n\t\t\t\t\t\t\t<img fetchpriority=\"high\" decoding=\"async\" width=\"500\" height=\"100\" src=\"https:\/\/conducircolombia.com\/cea\/wp-content\/uploads\/2022\/12\/logo500-455x91.jpg\" class=\"attachment-medium_large size-medium_large wp-image-10\" alt=\"Logo de Conducir Colombia\" srcset=\"https:\/\/conducircolombia.com\/cea\/wp-content\/uploads\/2022\/12\/logo500.jpg 500w, https:\/\/conducircolombia.com\/cea\/wp-content\/uploads\/2022\/12\/logo500-300x60.jpg 300w, https:\/\/conducircolombia.com\/cea\/wp-content\/uploads\/2022\/12\/logo500-455x91.jpg 455w\" sizes=\"(max-width: 500px) 100vw, 500px\" \/>\t\t\t\t\t\t\t\t<\/a>\n\t\t\t\t\t\t\t\t\t\t\t\t\t\t\t<\/div>\n\t\t\t\t<\/div>\n\t\t\t\t\t<\/div>\n\t\t<\/div>\n\t\t\t\t<div class=\"elementor-column elementor-col-50 elementor-inner-column elementor-element elementor-element-cf6f66d\" data-id=\"cf6f66d\" data-element_type=\"column\">\n\t\t\t<div class=\"elementor-widget-wrap elementor-element-populated\">\n\t\t\t\t\t\t<div class=\"elementor-element elementor-element-1b8d1c8 elementor-widget__width-initial elementor-widget elementor-widget-text-editor\" data-id=\"1b8d1c8\" data-element_type=\"widget\" data-widget_type=\"text-editor.default\">\n\t\t\t\t<div class=\"elementor-widget-container\">\n\t\t\t\t\t\t\t\t\t<p><a href=\"https:\/\/conducircolombia.com\/cea\/manejo-defensivo\/\" target=\"_blank\" rel=\"noopener noreferrer\">Curso de Manejo Defensivo<\/a><\/p>\t\t\t\t\t\t\t\t<\/div>\n\t\t\t\t<\/div>\n\t\t\t\t\t<\/div>\n\t\t<\/div>\n\t\t\t\t\t<\/div>\n\t\t<\/section>\n\t\t\t\t\t<\/div>\n\t\t<\/div>\n\t\t\t\t\t<\/div>\n\t\t<\/section>\n\t\t\t\t<section class=\"elementor-section elementor-top-section elementor-element elementor-element-b175463 elementor-section-boxed elementor-section-height-default elementor-section-height-default\" data-id=\"b175463\" data-element_type=\"section\">\n\t\t\t\t\t\t<div class=\"elementor-container elementor-column-gap-default\">\n\t\t\t\t\t<div class=\"elementor-column elementor-col-100 elementor-top-column elementor-element elementor-element-48078e5\" data-id=\"48078e5\" data-element_type=\"column\">\n\t\t\t<div class=\"elementor-widget-wrap elementor-element-populated\">\n\t\t\t\t\t\t<div class=\"elementor-element elementor-element-b7bfc4d elementor-widget elementor-widget-heading\" data-id=\"b7bfc4d\" data-element_type=\"widget\" data-widget_type=\"heading.default\">\n\t\t\t\t<div class=\"elementor-widget-container\">\n\t\t\t\t\t<h2 class=\"elementor-heading-title elementor-size-default\">Implementa tu Plan Estrat\u00e9gico de Seguridad Vial seg\u00fan la Ley 1503 de 2011<\/h2>\t\t\t\t<\/div>\n\t\t\t\t<\/div>\n\t\t\t\t<section class=\"elementor-section elementor-inner-section elementor-element elementor-element-55db8d9 elementor-section-boxed elementor-section-height-default elementor-section-height-default\" data-id=\"55db8d9\" data-element_type=\"section\">\n\t\t\t\t\t\t<div class=\"elementor-container elementor-column-gap-default\">\n\t\t\t\t\t<div class=\"elementor-column elementor-col-50 elementor-inner-column elementor-element elementor-element-9763769\" data-id=\"9763769\" data-element_type=\"column\">\n\t\t\t<div class=\"elementor-widget-wrap elementor-element-populated\">\n\t\t\t\t\t\t<div class=\"elementor-element elementor-element-eb3c85f elementor-widget elementor-widget-image\" data-id=\"eb3c85f\" data-element_type=\"widget\" data-widget_type=\"image.default\">\n\t\t\t\t<div class=\"elementor-widget-container\">\n\t\t\t\t\t\t\t\t\t\t\t\t\t\t\t<img decoding=\"async\" width=\"600\" height=\"300\" src=\"https:\/\/conducircolombia.com\/cea\/wp-content\/uploads\/2024\/09\/P.E.S.V.webp\" class=\"attachment-large size-large wp-image-9441\" alt=\"\" srcset=\"https:\/\/conducircolombia.com\/cea\/wp-content\/uploads\/2024\/09\/P.E.S.V.webp 600w, https:\/\/conducircolombia.com\/cea\/wp-content\/uploads\/2024\/09\/P.E.S.V-300x150.webp 300w\" sizes=\"(max-width: 600px) 100vw, 600px\" \/>\t\t\t\t\t\t\t\t\t\t\t\t\t\t\t<\/div>\n\t\t\t\t<\/div>\n\t\t\t\t\t<\/div>\n\t\t<\/div>\n\t\t\t\t<div class=\"elementor-column elementor-col-50 elementor-inner-column elementor-element elementor-element-e54d38e\" data-id=\"e54d38e\" data-element_type=\"column\">\n\t\t\t<div class=\"elementor-widget-wrap elementor-element-populated\">\n\t\t\t\t\t\t<div class=\"elementor-element elementor-element-f9738a4 elementor-widget elementor-widget-text-editor\" data-id=\"f9738a4\" data-element_type=\"widget\" data-widget_type=\"text-editor.default\">\n\t\t\t\t<div class=\"elementor-widget-container\">\n\t\t\t\t\t\t\t\t\t<p>La correcta <strong>gesti\u00f3n de la seguridad vial<\/strong> es clave para prevenir accidentes de tr\u00e1nsito y cumplir con los requisitos legales establecidos en la <strong>Ley 1503 de 2011<\/strong>, el <strong>Decreto 2851 de 2013<\/strong> y la <strong>Resoluci\u00f3n 50595 de 2022<\/strong>.<\/p>\n<p>Perm\u00edtenos realizar un <strong>diagn\u00f3stico integral de tu empresa<\/strong> para dise\u00f1ar e implementar un <strong>Plan Estrat\u00e9gico de Seguridad Vial<\/strong> que optimice la seguridad en tu organizaci\u00f3n y garantice el cumplimiento normativo. Mejora la seguridad vial de tus empleados y reduce los riesgos en las v\u00edas.<\/p>\t\t\t\t\t\t\t\t<\/div>\n\t\t\t\t<\/div>\n\t\t\t\t<div class=\"elementor-element elementor-element-0199ff9 elementor-widget elementor-widget-button\" data-id=\"0199ff9\" data-element_type=\"widget\" data-widget_type=\"button.default\">\n\t\t\t\t<div class=\"elementor-widget-container\">\n\t\t\t\t\t\t\t\t\t<div class=\"elementor-button-wrapper\">\n\t\t\t\t\t<a class=\"elementor-button elementor-button-link elementor-size-sm\" href=\"https:\/\/wa.me\/573188352225?text=cc.com-Se%C3%B1ores%20Conducir%20Colombia.%20Tengo%20inter\u00e9s%20en%20un%20diagn\u00f3stico%20integral%20para%20el%20P.E.S.V\">\n\t\t\t\t\t\t<span class=\"elementor-button-content-wrapper\">\n\t\t\t\t\t\t\t\t\t<span class=\"elementor-button-text\">CONTACTAR CON UN ASESOR<\/span>\n\t\t\t\t\t<\/span>\n\t\t\t\t\t<\/a>\n\t\t\t\t<\/div>\n\t\t\t\t\t\t\t\t<\/div>\n\t\t\t\t<\/div>\n\t\t\t\t\t<\/div>\n\t\t<\/div>\n\t\t\t\t\t<\/div>\n\t\t<\/section>\n\t\t\t\t\t<\/div>\n\t\t<\/div>\n\t\t\t\t\t<\/div>\n\t\t<\/section>\n\t\t\t\t<section class=\"elementor-section elementor-top-section elementor-element elementor-element-cc20ecd elementor-section-boxed elementor-section-height-default elementor-section-height-default\" data-id=\"cc20ecd\" data-element_type=\"section\">\n\t\t\t\t\t\t<div class=\"elementor-container elementor-column-gap-default\">\n\t\t\t\t\t<div class=\"elementor-column elementor-col-50 elementor-top-column elementor-element elementor-element-3641526\" data-id=\"3641526\" data-element_type=\"column\">\n\t\t\t<div class=\"elementor-widget-wrap elementor-element-populated\">\n\t\t\t\t\t\t<div class=\"elementor-element elementor-element-9f14eec elementor-widget elementor-widget-text-editor\" data-id=\"9f14eec\" data-element_type=\"widget\" data-widget_type=\"text-editor.default\">\n\t\t\t\t<div class=\"elementor-widget-container\">\n\t\t\t\t\t\t\t\t\t<div class=\"site-footer-primary-section-1 site-footer-section site-footer-section-1\" style=\"-webkit-text-stroke-width: 0px; align-items: flex-start; background-color: #0a4c76; box-sizing: inherit; color: #1e293b; font-family: -apple-system, BlinkMacSystemFont, 'Segoe UI', Roboto, Oxygen-Sans, Ubuntu, Cantarell, 'Helvetica Neue', sans-serif; font-size: 19px; font-style: normal; font-variant-caps: normal; font-variant-ligatures: normal; font-weight: 400; justify-content: center; letter-spacing: normal; orphans: 2; text-align: start; text-decoration-color: initial; text-decoration-style: initial; text-decoration-thickness: initial; text-indent: 0px; text-transform: none; white-space: normal; widows: 2; word-spacing: 0px;\"><div class=\"footer-widget-area widget-area site-footer-focus-item ast-footer-html-1\" style=\"box-sizing: inherit; display: block; margin-bottom: 0px; margin-left: 11px; margin-right: 11px; width: auto;\" data-section=\"section-fb-html-1\"><div class=\"ast-header-html inner-link-style-\" style=\"box-sizing: inherit;\"><div class=\"ast-builder-html-element\" style=\"box-sizing: inherit; text-align: left;\"><h2 id=\"direccion-conducir-colombia\" style=\"border-width: 0px; box-sizing: inherit; clear: both; color: var(--ast-global-color-2); font-size: 1.68421rem; font-style: inherit; line-height: 1.25em; margin: 0px; outline: 0px; padding: 0px; text-align: left; text-decoration: none; vertical-align: baseline;\"><span style=\"color: #ffffff; font-size: 14pt;\"><span style=\"box-sizing: inherit;\"><strong style=\"box-sizing: inherit;\">Barrio Santa Isabel<\/strong><\/span><\/span><\/h2><p style=\"border-width: 0px; box-sizing: inherit; font-size: 19px; font-style: inherit; font-weight: inherit; margin: 0px 0px 1.75em; outline: 0px; padding: 0px; text-align: left; vertical-align: baseline;\"><span style=\"color: #ffffff;\"><span style=\"box-sizing: inherit;\">Av Carrera 30 # 1D \u2013 72<\/span><\/span><\/p><p style=\"border-width: 0px; box-sizing: inherit; font-size: 19px; font-style: inherit; font-weight: inherit; margin: 0px 0px 1.75em; outline: 0px; padding: 0px; text-align: left; vertical-align: baseline;\"><a style=\"background-color: transparent; box-sizing: inherit; color: var(--ast-global-color-0); text-decoration: none; transition: 0.2s linear;\" href=\"tel:3103159131\"><img decoding=\"async\" style=\"border-width: 0px; box-sizing: inherit; height: auto; max-width: 100%; transition: 0.2s linear; vertical-align: middle;\" src=\"https:\/\/conducircolombia.edu.co\/wp\/wp-content\/uploads\/2023\/05\/telefono-e1684169481861.webp\" alt=\"Telefono conducir\" width=\"50\" height=\"50\" \/><\/a><\/p><p style=\"border-width: 0px; box-sizing: inherit; font-size: 19px; font-style: inherit; font-weight: inherit; margin: 0px 0px 1.75em; outline: 0px; padding: 0px; text-align: left; vertical-align: baseline;\"><span style=\"color: #ffffff;\"><span style=\"box-sizing: inherit;\">Celular:<\/span><\/span><br \/><a style=\"background-color: transparent; box-sizing: inherit; color: var(--ast-global-color-0); text-decoration: none; transition: 0.2s linear;\" href=\"tel:3144496550\"><button style=\"appearance: button; background-attachment: initial; background-clip: initial; background-color: var(--ast-global-color-1); background-image: initial; background-origin: initial; background-position: initial; background-repeat: initial; background-size: initial; border-image: initial; border-radius: 2px; border: 0px solid var(--ast-global-color-1); box-sizing: inherit; color: var(--ast-global-color-5); cursor: pointer; font-family: inherit; font-feature-settings: inherit; font-kerning: inherit; font-optical-sizing: inherit; font-size-adjust: inherit; font-size: 0.842105rem; font-stretch: inherit; font-style: inherit; font-variant: inherit; font-variation-settings: inherit; font-weight: 500; line-height: 1em; margin: 0px; overflow: visible; padding: 15px 30px; text-transform: none; transition: 0.2s linear; vertical-align: baseline;\" type=\"button\">314 449 6550<\/button><\/a> <a style=\"background-color: transparent; box-sizing: inherit; color: var(--ast-global-color-0); text-decoration: none; transition: 0.2s linear;\" href=\"tel:3184777088\"><button style=\"appearance: button; background-attachment: initial; background-clip: initial; background-color: var(--ast-global-color-1); background-image: initial; background-origin: initial; background-position: initial; background-repeat: initial; background-size: initial; border-image: initial; border-radius: 2px; border: 0px solid var(--ast-global-color-1); box-sizing: inherit; color: var(--ast-global-color-5); cursor: pointer; font-family: inherit; font-feature-settings: inherit; font-kerning: inherit; font-optical-sizing: inherit; font-size-adjust: inherit; font-size: 0.842105rem; font-stretch: inherit; font-style: inherit; font-variant: inherit; font-variation-settings: inherit; font-weight: 500; line-height: 1em; margin: 0px; overflow: visible; padding: 15px 30px; text-transform: none; transition: 0.2s linear; vertical-align: baseline;\" type=\"button\">318 477 7088<\/button><\/a><br \/><span style=\"color: #ffffff;\"><span style=\"box-sizing: inherit;\">Fijo:<\/span><\/span><br \/><a style=\"background-color: transparent; box-sizing: inherit; color: var(--ast-global-color-0); text-decoration: none; transition: 0.2s linear;\" href=\"tel:6017557227\"><button style=\"appearance: button; background-attachment: initial; background-clip: initial; background-color: var(--ast-global-color-1); background-image: initial; background-origin: initial; background-position: initial; background-repeat: initial; background-size: initial; border-image: initial; border-radius: 2px; border: 0px solid var(--ast-global-color-1); box-sizing: inherit; color: var(--ast-global-color-5); cursor: pointer; font-family: inherit; font-feature-settings: inherit; font-kerning: inherit; font-optical-sizing: inherit; font-size-adjust: inherit; font-size: 0.842105rem; font-stretch: inherit; font-style: inherit; font-variant: inherit; font-variation-settings: inherit; font-weight: 500; line-height: 1em; margin: 0px; overflow: visible; padding: 15px 30px; text-transform: none; transition: 0.2s linear; vertical-align: baseline;\" type=\"button\">601-755 72 27<\/button><\/a> <a style=\"background-color: transparent; box-sizing: inherit; color: var(--ast-global-color-0); text-decoration: none; transition: 0.2s linear;\" href=\"tel:6013002037\"><button style=\"appearance: button; background-attachment: initial; background-clip: initial; background-color: var(--ast-global-color-1); background-image: initial; background-origin: initial; background-position: initial; background-repeat: initial; background-size: initial; border-image: initial; border-radius: 2px; border: 0px solid var(--ast-global-color-1); box-sizing: inherit; color: var(--ast-global-color-5); cursor: pointer; font-family: inherit; font-feature-settings: inherit; font-kerning: inherit; font-optical-sizing: inherit; font-size-adjust: inherit; font-size: 0.842105rem; font-stretch: inherit; font-style: inherit; font-variant: inherit; font-variation-settings: inherit; font-weight: 500; line-height: 1em; margin: 0px; overflow: visible; padding: 15px 30px; text-transform: none; transition: 0.2s linear; vertical-align: baseline;\" type=\"button\">601-300 20 37<\/button><\/a><\/p><p style=\"border-width: 0px; box-sizing: inherit; font-size: 19px; font-style: inherit; font-weight: inherit; margin: 0px 0px 1.75em; outline: 0px; padding: 0px; text-align: left; vertical-align: baseline;\"><a style=\"background-color: transparent; box-sizing: inherit; color: #ffcc00; text-decoration: none; transition: 0.2s linear;\" href=\"https:\/\/www.google.com\/maps\/dir\/\/Conducir+Colombia,+Ave+Cra+30+%231D-72,+Bogot%C3%A1\/@4.6974818,-74.1735376,12z\/data=!4m9!4m8!1m0!1m5!1m1!1s0x8e3f993c5250171f:0x99580b395d6d1e7b!2m2!1d-74.1034895!2d4.6004184!3e0?hl=es\" target=\"_blank\" rel=\"noopener noreferrer\"><span style=\"color: #ffcc00;\"><span style=\"box-sizing: inherit;\"><img loading=\"lazy\" decoding=\"async\" style=\"border-width: 0px; box-sizing: inherit; height: auto; max-width: 100%; transition: 0.2s linear; vertical-align: middle;\" src=\"https:\/\/conducircolombia.edu.co\/wp\/wp-content\/uploads\/2023\/05\/como-llegar-a-conducir-colombia-e1684171401132.png\" alt=\"Como llegar\" width=\"25\" height=\"37\" \/><\/span><\/span><\/a><a style=\"background-color: transparent; box-sizing: inherit; color: var(--ast-global-color-0); text-decoration: none; transition: 0.2s linear;\" href=\"https:\/\/www.google.com\/maps\/dir\/\/Conducir+Colombia,+Ave+Cra+30+%231D-72,+Bogot%C3%A1\/@4.6974818,-74.1735376,12z\/data=!4m9!4m8!1m0!1m5!1m1!1s0x8e3f993c5250171f:0x99580b395d6d1e7b!2m2!1d-74.1034895!2d4.6004184!3e0?hl=es\" target=\"_blank\" rel=\"noopener noreferrer\"><span style=\"color: #feff28;\"><span style=\"box-sizing: inherit; transition: 0.2s linear;\">Como llegar<\/span><\/span><\/a><span style=\"color: var(--ast-global-color-2); font-size: 1.68421rem; font-style: inherit; font-weight: 600;\">\u00a0<\/span><\/p><p style=\"border-width: 0px; box-sizing: inherit; font-size: 19px; font-style: inherit; font-weight: inherit; margin: 0px 0px 1.75em; outline: 0px; padding: 0px; text-align: left; vertical-align: baseline;\"><span style=\"color: var(--ast-global-color-2); font-size: 1.68421rem; font-style: inherit; font-weight: 600;\">\u00a0<\/span><\/p><\/div><\/div><\/div><\/div>\t\t\t\t\t\t\t\t<\/div>\n\t\t\t\t<\/div>\n\t\t\t\t\t<\/div>\n\t\t<\/div>\n\t\t\t\t<div class=\"elementor-column elementor-col-50 elementor-top-column elementor-element elementor-element-01093f5\" data-id=\"01093f5\" data-element_type=\"column\">\n\t\t\t<div class=\"elementor-widget-wrap elementor-element-populated\">\n\t\t\t\t\t\t<div class=\"elementor-element elementor-element-a276267 elementor-widget elementor-widget-text-editor\" data-id=\"a276267\" data-element_type=\"widget\" data-widget_type=\"text-editor.default\">\n\t\t\t\t<div class=\"elementor-widget-container\">\n\t\t\t\t\t\t\t\t\t<div class=\"site-footer-primary-section-1 site-footer-section site-footer-section-1\" style=\"-webkit-text-stroke-width: 0px; align-items: flex-start; background-color: #0a4c76; box-sizing: inherit; color: #1e293b; font-family: -apple-system, BlinkMacSystemFont, 'Segoe UI', Roboto, Oxygen-Sans, Ubuntu, Cantarell, 'Helvetica Neue', sans-serif; font-size: 19px; font-style: normal; font-variant-caps: normal; font-variant-ligatures: normal; font-weight: 400; justify-content: center; letter-spacing: normal; orphans: 2; text-align: start; text-decoration-color: initial; text-decoration-style: initial; text-decoration-thickness: initial; text-indent: 0px; text-transform: none; white-space: normal; widows: 2; word-spacing: 0px;\">\n<div class=\"footer-widget-area widget-area site-footer-focus-item ast-footer-html-1\" style=\"box-sizing: inherit; display: block; margin-bottom: 0px; margin-left: 11px; margin-right: 11px; width: auto;\" data-section=\"section-fb-html-1\">\n<div class=\"ast-header-html inner-link-style-\" style=\"box-sizing: inherit;\">\n<div class=\"ast-builder-html-element\" style=\"box-sizing: inherit; text-align: left;\">\n<h2 id=\"direccion-conducir-colombia\" style=\"border-width: 0px; box-sizing: inherit; clear: both; color: var(--ast-global-color-2); font-size: 1.68421rem; font-style: inherit; line-height: 1.25em; margin: 0px; outline: 0px; padding: 0px; text-align: left; text-decoration: none; vertical-align: baseline;\">&nbsp;<strong style=\"color: #ffffff; font-size: 14pt; font-style: inherit; box-sizing: inherit;\">Barrio Teusaquillo<\/strong><\/h2>\n<\/div>\n<\/div>\n<\/div>\n<\/div>\n<div class=\"site-footer-primary-section-2 site-footer-section site-footer-section-2\" style=\"-webkit-text-stroke-width: 0px; align-items: flex-start; background-color: #0a4c76; box-sizing: inherit; color: #1e293b; font-family: -apple-system, BlinkMacSystemFont, 'Segoe UI', Roboto, Oxygen-Sans, Ubuntu, Cantarell, 'Helvetica Neue', sans-serif; font-size: 19px; font-style: normal; font-variant-caps: normal; font-variant-ligatures: normal; font-weight: 400; justify-content: center; letter-spacing: normal; orphans: 2; text-align: start; text-decoration-color: initial; text-decoration-style: initial; text-decoration-thickness: initial; text-indent: 0px; text-transform: none; white-space: normal; widows: 2; word-spacing: 0px;\">\n<div class=\"footer-widget-area widget-area site-footer-focus-item ast-footer-html-2\" style=\"box-sizing: inherit; display: block; margin-bottom: 0px; margin-left: 11px; margin-right: 11px; width: auto;\" data-section=\"section-fb-html-2\">\n<div class=\"ast-header-html inner-link-style-\" style=\"box-sizing: inherit;\">\n<div class=\"ast-builder-html-element\" style=\"box-sizing: inherit; text-align: center;\">\n<p style=\"border-width: 0px; box-sizing: inherit; font-size: 19px; font-style: inherit; font-weight: inherit; margin: 0px 0px 1.75em; outline: 0px; padding: 0px; text-align: left; vertical-align: baseline;\"><span style=\"color: #ffffff;\"><span style=\"box-sizing: inherit;\">Calle 45 # 27-31<\/span><\/span><\/p>\n<p style=\"border-width: 0px; box-sizing: inherit; font-size: 19px; font-style: inherit; font-weight: inherit; margin: 0px 0px 1.75em; outline: 0px; padding: 0px; text-align: left; vertical-align: baseline;\"><a style=\"background-color: transparent; box-sizing: inherit; color: var(--ast-global-color-0); text-decoration: none; transition: 0.2s linear;\" href=\"tel:3103159131\"><img loading=\"lazy\" decoding=\"async\" style=\"border-width: 0px; box-sizing: inherit; height: auto; max-width: 100%; transition: 0.2s linear; vertical-align: middle;\" src=\"https:\/\/conducircolombia.edu.co\/wp\/wp-content\/uploads\/2023\/05\/telefono-e1684169481861.webp\" alt=\"Telefono Teusaquillo\" width=\"50\" height=\"50\"><\/a><\/p>\n<p style=\"border-width: 0px; box-sizing: inherit; font-size: 19px; font-style: inherit; font-weight: inherit; margin: 0px 0px 1.75em; outline: 0px; padding: 0px; text-align: left; vertical-align: baseline;\"><span style=\"color: #ffffff;\"><span style=\"box-sizing: inherit;\">Celular:<\/span><\/span><br><a style=\"background-color: transparent; box-sizing: inherit; color: var(--ast-global-color-0); text-decoration: none; transition: 0.2s linear;\" href=\"tel:3014262960\"><button style=\"appearance: button; background-attachment: initial; background-clip: initial; background-color: var(--ast-global-color-1); background-image: initial; background-origin: initial; background-position: initial; background-repeat: initial; background-size: initial; border-image: initial; border-radius: 2px; border: 0px solid var(--ast-global-color-1); box-sizing: inherit; color: var(--ast-global-color-5); cursor: pointer; font-family: inherit; font-feature-settings: inherit; font-kerning: inherit; font-optical-sizing: inherit; font-size-adjust: inherit; font-size: 0.842105rem; font-stretch: inherit; font-style: inherit; font-variant: inherit; font-variation-settings: inherit; font-weight: 500; line-height: 1em; margin: 0px; overflow: visible; padding: 15px 30px; text-transform: none; transition: 0.2s linear; vertical-align: baseline;\" type=\"button\">301 426 2960<\/button><\/a> <a style=\"background-color: transparent; box-sizing: inherit; color: var(--ast-global-color-0); text-decoration: none; transition: 0.2s linear;\" href=\"tel:3014262934\"><button style=\"appearance: button; background-attachment: initial; background-clip: initial; background-color: var(--ast-global-color-1); background-image: initial; background-origin: initial; background-position: initial; background-repeat: initial; background-size: initial; border-image: initial; border-radius: 2px; border: 0px solid var(--ast-global-color-1); box-sizing: inherit; color: var(--ast-global-color-5); cursor: pointer; font-family: inherit; font-feature-settings: inherit; font-kerning: inherit; font-optical-sizing: inherit; font-size-adjust: inherit; font-size: 0.842105rem; font-stretch: inherit; font-style: inherit; font-variant: inherit; font-variation-settings: inherit; font-weight: 500; line-height: 1em; margin: 0px; overflow: visible; padding: 15px 30px; text-transform: none; transition: 0.2s linear; vertical-align: baseline;\" type=\"button\">301 426 2934<\/button><\/a><br><span style=\"color: #ffffff;\"><span style=\"box-sizing: inherit;\">Fijo:<\/span><\/span><br><a style=\"background-color: transparent; box-sizing: inherit; color: var(--ast-global-color-0); text-decoration: none; transition: 0.2s linear;\" href=\"tel:6013399553\"><button style=\"appearance: button; background-attachment: initial; background-clip: initial; background-color: var(--ast-global-color-1); background-image: initial; background-origin: initial; background-position: initial; background-repeat: initial; background-size: initial; border-image: initial; border-radius: 2px; border: 0px solid var(--ast-global-color-1); box-sizing: inherit; color: var(--ast-global-color-5); cursor: pointer; font-family: inherit; font-feature-settings: inherit; font-kerning: inherit; font-optical-sizing: inherit; font-size-adjust: inherit; font-size: 0.842105rem; font-stretch: inherit; font-style: inherit; font-variant: inherit; font-variation-settings: inherit; font-weight: 500; line-height: 1em; margin: 0px; overflow: visible; padding: 15px 30px; text-transform: none; transition: 0.2s linear; vertical-align: baseline;\" type=\"button\">601-339 9553<\/button><\/a> <a style=\"background-color: transparent; box-sizing: inherit; color: var(--ast-global-color-0); text-decoration: none; transition: 0.2s linear;\" href=\"tel:6013690049\"><button style=\"appearance: button; background-attachment: initial; background-clip: initial; background-color: var(--ast-global-color-1); background-image: initial; background-origin: initial; background-position: initial; background-repeat: initial; background-size: initial; border-image: initial; border-radius: 2px; border: 0px solid var(--ast-global-color-1); box-sizing: inherit; color: var(--ast-global-color-5); cursor: pointer; font-family: inherit; font-feature-settings: inherit; font-kerning: inherit; font-optical-sizing: inherit; font-size-adjust: inherit; font-size: 0.842105rem; font-stretch: inherit; font-style: inherit; font-variant: inherit; font-variation-settings: inherit; font-weight: 500; line-height: 1em; margin: 0px; overflow: visible; padding: 15px 30px; text-transform: none; transition: 0.2s linear; vertical-align: baseline;\" type=\"button\">601 369 0049<\/button><\/a><\/p>\n<p style=\"border-width: 0px; box-sizing: inherit; font-size: 19px; font-style: inherit; font-weight: inherit; margin: 0px 0px 1.75em; outline: 0px; padding: 0px; text-align: left; vertical-align: baseline;\"><a style=\"font-style: inherit; font-weight: inherit; box-sizing: inherit; color: #ffcc00; transition-property: all;\" href=\"https:\/\/www.google.com\/maps\/dir\/\/Conducir+Colombia,+Cl.+45+%232731,+Bogot%C3%A1\/@4.6974748,-74.1735379,12z\/data=!4m9!4m8!1m0!1m5!1m1!1s0x8e3f9bd328d666f9:0xc1359380ce268569!2m2!1d-74.0776373!2d4.6340597!3e0?hl=es\" target=\"_blank\" rel=\"noopener noreferrer\"><span style=\"box-sizing: inherit;\"><img loading=\"lazy\" decoding=\"async\" style=\"border-width: 0px; box-sizing: inherit; transition: 0.2s linear;\" src=\"https:\/\/conducircolombia.edu.co\/wp\/wp-content\/uploads\/2023\/05\/como-llegar-a-conducir-colombia-e1684171401132.png\" alt=\"Como llegar teusaquillo\" width=\"25\" height=\"37\"><\/span><span style=\"color: #feff28;\"><span style=\"box-sizing: inherit; transition: 0.2s linear;\">Como llegar<\/span><\/span><\/a><\/p><p style=\"border-width: 0px; box-sizing: inherit; font-size: 19px; font-style: inherit; font-weight: inherit; margin: 0px 0px 1.75em; outline: 0px; padding: 0px; text-align: left; vertical-align: baseline;\"><br><\/p>\n<\/div>\n<\/div>\n<\/div>\n<\/div>\t\t\t\t\t\t\t\t<\/div>\n\t\t\t\t<\/div>\n\t\t\t\t\t<\/div>\n\t\t<\/div>\n\t\t\t\t\t<\/div>\n\t\t<\/section>\n\t\t\t\t<\/div>\n\t\t","protected":false},"excerpt":{"rendered":"<p>Curso de Manejo Defensivo Implementa tu Plan Estrat\u00e9gico de Seguridad Vial seg\u00fan la Ley 1503 de 2011 La correcta gesti\u00f3n [&hellip;]<\/p>\n","protected":false},"author":2,"featured_media":0,"comment_status":"open","ping_status":"open","sticky":false,"template":"elementor_canvas","format":"standard","meta":{"site-sidebar-layout":"default","site-content-layout":"","ast-site-content-layout":"default","site-content-style":"default","site-sidebar-style":"default","ast-global-header-display":"","ast-banner-title-visibility":"","ast-main-header-display":"","ast-hfb-above-header-display":"","ast-hfb-below-header-display":"","ast-hfb-mobile-header-display":"","site-post-title":"","ast-breadcrumbs-content":"","ast-featured-img":"","footer-sml-layout":"","theme-transparent-header-meta":"","adv-header-id-meta":"","stick-header-meta":"","header-above-stick-meta":"","header-main-stick-meta":"","header-below-stick-meta":"","astra-migrate-meta-layouts":"set","ast-page-background-enabled":"default","ast-page-background-meta":{"desktop":{"background-color":"var(--ast-global-color-4)","background-image":"","background-repeat":"repeat","background-position":"center center","background-size":"auto","background-attachment":"scroll","background-type":"","background-media":"","overlay-type":"","overlay-color":"","overlay-opacity":"","overlay-gradient":""},"tablet":{"background-color":"","background-image":"","background-repeat":"repeat","background-position":"center center","background-size":"auto","background-attachment":"scroll","background-type":"","background-media":"","overlay-type":"","overlay-color":"","overlay-opacity":"","overlay-gradient":""},"mobile":{"background-color":"","background-image":"","background-repeat":"repeat","background-position":"center center","background-size":"auto","background-attachment":"scroll","background-type":"","background-media":"","overlay-type":"","overlay-color":"","overlay-opacity":"","overlay-gradient":""}},"ast-content-background-meta":{"desktop":{"background-color":"var(--ast-global-color-5)","background-image":"","background-repeat":"repeat","background-position":"center center","background-size":"auto","background-attachment":"scroll","background-type":"","background-media":"","overlay-type":"","overlay-color":"","overlay-opacity":"","overlay-gradient":""},"tablet":{"background-color":"var(--ast-global-color-5)","background-image":"","background-repeat":"repeat","background-position":"center center","background-size":"auto","background-attachment":"scroll","background-type":"","background-media":"","overlay-type":"","overlay-color":"","overlay-opacity":"","overlay-gradient":""},"mobile":{"background-color":"var(--ast-global-color-5)","background-image":"","background-repeat":"repeat","background-position":"center center","background-size":"auto","background-attachment":"scroll","background-type":"","background-media":"","overlay-type":"","overlay-color":"","overlay-opacity":"","overlay-gradient":""}},"footnotes":""},"categories":[1],"tags":[],"class_list":["post-9438","post","type-post","status-publish","format-standard","hentry","category-uncategorized"],"yoast_head":"<!-- This site is optimized with the Yoast SEO plugin v26.4 - https:\/\/yoast.com\/wordpress\/plugins\/seo\/ -->\n<title>Implementaci\u00f3n del Plan Estrat\u00e9gico de Seguridad Vial |<\/title>\n<meta name=\"description\" content=\"Mejora la seguridad vial en tu empresa con nuestro diagn\u00f3stico para implementar el Plan Estrat\u00e9gico de Seguridad Vial, cumpliendo con la Ley 1503 de 2011, el Decreto 2851 de 2013 y la Resoluci\u00f3n 50595 de 2022\" \/>\n<meta name=\"robots\" content=\"index, follow, max-snippet:-1, max-image-preview:large, max-video-preview:-1\" \/>\n<link rel=\"canonical\" href=\"https:\/\/conducircolombia.com\/cea\/plan-estrategico-de-seguridad-vial\/\" \/>\n<meta property=\"og:locale\" content=\"es_ES\" \/>\n<meta property=\"og:type\" content=\"article\" \/>\n<meta property=\"og:title\" content=\"Implementaci\u00f3n del Plan Estrat\u00e9gico de Seguridad Vial |\" \/>\n<meta property=\"og:description\" content=\"Mejora la seguridad vial en tu empresa con nuestro diagn\u00f3stico para implementar el Plan Estrat\u00e9gico de Seguridad Vial, cumpliendo con la Ley 1503 de 2011, el Decreto 2851 de 2013 y la Resoluci\u00f3n 50595 de 2022\" \/>\n<meta property=\"og:url\" content=\"https:\/\/conducircolombia.com\/cea\/plan-estrategico-de-seguridad-vial\/\" \/>\n<meta property=\"og:site_name\" content=\"Conducir Colombia\" \/>\n<meta property=\"article:publisher\" content=\"https:\/\/www.facebook.com\/ConducirColombiaBogota\" \/>\n<meta property=\"article:published_time\" content=\"2024-09-15T23:57:28+00:00\" \/>\n<meta property=\"article:modified_time\" content=\"2024-09-16T00:16:34+00:00\" \/>\n<meta property=\"og:image\" content=\"https:\/\/conducircolombia.com\/cea\/wp-content\/uploads\/2022\/12\/logo500-411x82.jpg\" \/>\n<meta name=\"author\" content=\"memo fichas\" \/>\n<meta name=\"twitter:card\" content=\"summary_large_image\" \/>\n<meta name=\"twitter:label1\" content=\"Escrito por\" \/>\n\t<meta name=\"twitter:data1\" content=\"memo fichas\" \/>\n\t<meta name=\"twitter:label2\" content=\"Tiempo de lectura\" \/>\n\t<meta name=\"twitter:data2\" content=\"2 minutos\" \/>\n<script type=\"application\/ld+json\" class=\"yoast-schema-graph\">{\"@context\":\"https:\/\/schema.org\",\"@graph\":[{\"@type\":\"Article\",\"@id\":\"https:\/\/conducircolombia.com\/cea\/plan-estrategico-de-seguridad-vial\/#article\",\"isPartOf\":{\"@id\":\"https:\/\/conducircolombia.com\/cea\/plan-estrategico-de-seguridad-vial\/\"},\"author\":{\"name\":\"memo fichas\",\"@id\":\"https:\/\/conducircolombia.com\/cea\/#\/schema\/person\/39f266f3357066ea02c614168ee5b0d2\"},\"headline\":\"Plan Estrat\u00e9gico de Seguridad v\u00edal\",\"datePublished\":\"2024-09-15T23:57:28+00:00\",\"dateModified\":\"2024-09-16T00:16:34+00:00\",\"mainEntityOfPage\":{\"@id\":\"https:\/\/conducircolombia.com\/cea\/plan-estrategico-de-seguridad-vial\/\"},\"wordCount\":135,\"commentCount\":0,\"publisher\":{\"@id\":\"https:\/\/conducircolombia.com\/cea\/#organization\"},\"image\":{\"@id\":\"https:\/\/conducircolombia.com\/cea\/plan-estrategico-de-seguridad-vial\/#primaryimage\"},\"thumbnailUrl\":\"https:\/\/conducircolombia.com\/cea\/wp-content\/uploads\/2022\/12\/logo500-411x82.jpg\",\"articleSection\":[\"Uncategorized\"],\"inLanguage\":\"es\",\"potentialAction\":[{\"@type\":\"CommentAction\",\"name\":\"Comment\",\"target\":[\"https:\/\/conducircolombia.com\/cea\/plan-estrategico-de-seguridad-vial\/#respond\"]}]},{\"@type\":\"WebPage\",\"@id\":\"https:\/\/conducircolombia.com\/cea\/plan-estrategico-de-seguridad-vial\/\",\"url\":\"https:\/\/conducircolombia.com\/cea\/plan-estrategico-de-seguridad-vial\/\",\"name\":\"Implementaci\u00f3n del Plan Estrat\u00e9gico de Seguridad Vial |\",\"isPartOf\":{\"@id\":\"https:\/\/conducircolombia.com\/cea\/#website\"},\"primaryImageOfPage\":{\"@id\":\"https:\/\/conducircolombia.com\/cea\/plan-estrategico-de-seguridad-vial\/#primaryimage\"},\"image\":{\"@id\":\"https:\/\/conducircolombia.com\/cea\/plan-estrategico-de-seguridad-vial\/#primaryimage\"},\"thumbnailUrl\":\"https:\/\/conducircolombia.com\/cea\/wp-content\/uploads\/2022\/12\/logo500-411x82.jpg\",\"datePublished\":\"2024-09-15T23:57:28+00:00\",\"dateModified\":\"2024-09-16T00:16:34+00:00\",\"description\":\"Mejora la seguridad vial en tu empresa con nuestro diagn\u00f3stico para implementar el Plan Estrat\u00e9gico de Seguridad Vial, cumpliendo con la Ley 1503 de 2011, el Decreto 2851 de 2013 y la Resoluci\u00f3n 50595 de 2022\",\"breadcrumb\":{\"@id\":\"https:\/\/conducircolombia.com\/cea\/plan-estrategico-de-seguridad-vial\/#breadcrumb\"},\"inLanguage\":\"es\",\"potentialAction\":[{\"@type\":\"ReadAction\",\"target\":[\"https:\/\/conducircolombia.com\/cea\/plan-estrategico-de-seguridad-vial\/\"]}]},{\"@type\":\"ImageObject\",\"inLanguage\":\"es\",\"@id\":\"https:\/\/conducircolombia.com\/cea\/plan-estrategico-de-seguridad-vial\/#primaryimage\",\"url\":\"https:\/\/conducircolombia.com\/cea\/wp-content\/uploads\/2022\/12\/logo500.jpg\",\"contentUrl\":\"https:\/\/conducircolombia.com\/cea\/wp-content\/uploads\/2022\/12\/logo500.jpg\",\"width\":500,\"height\":100,\"caption\":\"Logo Conducir Colombia\"},{\"@type\":\"BreadcrumbList\",\"@id\":\"https:\/\/conducircolombia.com\/cea\/plan-estrategico-de-seguridad-vial\/#breadcrumb\",\"itemListElement\":[{\"@type\":\"ListItem\",\"position\":1,\"name\":\"Portada\",\"item\":\"https:\/\/conducircolombia.com\/cea\/\"},{\"@type\":\"ListItem\",\"position\":2,\"name\":\"Plan Estrat\u00e9gico de Seguridad v\u00edal\"}]},{\"@type\":\"WebSite\",\"@id\":\"https:\/\/conducircolombia.com\/cea\/#website\",\"url\":\"https:\/\/conducircolombia.com\/cea\/\",\"name\":\"Conducir Colombia\",\"description\":\"Academia de Conducci\u00f3n\",\"publisher\":{\"@id\":\"https:\/\/conducircolombia.com\/cea\/#organization\"},\"potentialAction\":[{\"@type\":\"SearchAction\",\"target\":{\"@type\":\"EntryPoint\",\"urlTemplate\":\"https:\/\/conducircolombia.com\/cea\/?s={search_term_string}\"},\"query-input\":{\"@type\":\"PropertyValueSpecification\",\"valueRequired\":true,\"valueName\":\"search_term_string\"}}],\"inLanguage\":\"es\"},{\"@type\":\"Organization\",\"@id\":\"https:\/\/conducircolombia.com\/cea\/#organization\",\"name\":\"Conducir Colombia\",\"alternateName\":\"Conducir Colombia\",\"url\":\"https:\/\/conducircolombia.com\/cea\/\",\"logo\":{\"@type\":\"ImageObject\",\"inLanguage\":\"es\",\"@id\":\"https:\/\/conducircolombia.com\/cea\/#\/schema\/logo\/image\/\",\"url\":\"https:\/\/conducircolombia.com\/cea\/wp-content\/uploads\/2025\/02\/logowp.jpg\",\"contentUrl\":\"https:\/\/conducircolombia.com\/cea\/wp-content\/uploads\/2025\/02\/logowp.jpg\",\"width\":300,\"height\":299,\"caption\":\"Conducir Colombia\"},\"image\":{\"@id\":\"https:\/\/conducircolombia.com\/cea\/#\/schema\/logo\/image\/\"},\"sameAs\":[\"https:\/\/www.facebook.com\/ConducirColombiaBogota\"]},{\"@type\":\"Person\",\"@id\":\"https:\/\/conducircolombia.com\/cea\/#\/schema\/person\/39f266f3357066ea02c614168ee5b0d2\",\"name\":\"memo fichas\",\"image\":{\"@type\":\"ImageObject\",\"inLanguage\":\"es\",\"@id\":\"https:\/\/conducircolombia.com\/cea\/#\/schema\/person\/image\/\",\"url\":\"https:\/\/secure.gravatar.com\/avatar\/e1b894dfed71a479efeaf73bfb32c5e92c855e56311b32924ca240a9bcec68b2?s=96&d=mm&r=g\",\"contentUrl\":\"https:\/\/secure.gravatar.com\/avatar\/e1b894dfed71a479efeaf73bfb32c5e92c855e56311b32924ca240a9bcec68b2?s=96&d=mm&r=g\",\"caption\":\"memo fichas\"},\"url\":\"https:\/\/conducircolombia.com\/cea\/author\/conducir1\/\"}]}<\/script>\n<!-- \/ Yoast SEO plugin. -->","yoast_head_json":{"title":"Implementaci\u00f3n del Plan Estrat\u00e9gico de Seguridad Vial |","description":"Mejora la seguridad vial en tu empresa con nuestro diagn\u00f3stico para implementar el Plan Estrat\u00e9gico de Seguridad Vial, cumpliendo con la Ley 1503 de 2011, el Decreto 2851 de 2013 y la Resoluci\u00f3n 50595 de 2022","robots":{"index":"index","follow":"follow","max-snippet":"max-snippet:-1","max-image-preview":"max-image-preview:large","max-video-preview":"max-video-preview:-1"},"canonical":"https:\/\/conducircolombia.com\/cea\/plan-estrategico-de-seguridad-vial\/","og_locale":"es_ES","og_type":"article","og_title":"Implementaci\u00f3n del Plan Estrat\u00e9gico de Seguridad Vial |","og_description":"Mejora la seguridad vial en tu empresa con nuestro diagn\u00f3stico para implementar el Plan Estrat\u00e9gico de Seguridad Vial, cumpliendo con la Ley 1503 de 2011, el Decreto 2851 de 2013 y la Resoluci\u00f3n 50595 de 2022","og_url":"https:\/\/conducircolombia.com\/cea\/plan-estrategico-de-seguridad-vial\/","og_site_name":"Conducir Colombia","article_publisher":"https:\/\/www.facebook.com\/ConducirColombiaBogota","article_published_time":"2024-09-15T23:57:28+00:00","article_modified_time":"2024-09-16T00:16:34+00:00","og_image":[{"url":"https:\/\/conducircolombia.com\/cea\/wp-content\/uploads\/2022\/12\/logo500-411x82.jpg","type":"","width":"","height":""}],"author":"memo fichas","twitter_card":"summary_large_image","twitter_misc":{"Escrito por":"memo fichas","Tiempo de lectura":"2 minutos"},"schema":{"@context":"https:\/\/schema.org","@graph":[{"@type":"Article","@id":"https:\/\/conducircolombia.com\/cea\/plan-estrategico-de-seguridad-vial\/#article","isPartOf":{"@id":"https:\/\/conducircolombia.com\/cea\/plan-estrategico-de-seguridad-vial\/"},"author":{"name":"memo fichas","@id":"https:\/\/conducircolombia.com\/cea\/#\/schema\/person\/39f266f3357066ea02c614168ee5b0d2"},"headline":"Plan Estrat\u00e9gico de Seguridad v\u00edal","datePublished":"2024-09-15T23:57:28+00:00","dateModified":"2024-09-16T00:16:34+00:00","mainEntityOfPage":{"@id":"https:\/\/conducircolombia.com\/cea\/plan-estrategico-de-seguridad-vial\/"},"wordCount":135,"commentCount":0,"publisher":{"@id":"https:\/\/conducircolombia.com\/cea\/#organization"},"image":{"@id":"https:\/\/conducircolombia.com\/cea\/plan-estrategico-de-seguridad-vial\/#primaryimage"},"thumbnailUrl":"https:\/\/conducircolombia.com\/cea\/wp-content\/uploads\/2022\/12\/logo500-411x82.jpg","articleSection":["Uncategorized"],"inLanguage":"es","potentialAction":[{"@type":"CommentAction","name":"Comment","target":["https:\/\/conducircolombia.com\/cea\/plan-estrategico-de-seguridad-vial\/#respond"]}]},{"@type":"WebPage","@id":"https:\/\/conducircolombia.com\/cea\/plan-estrategico-de-seguridad-vial\/","url":"https:\/\/conducircolombia.com\/cea\/plan-estrategico-de-seguridad-vial\/","name":"Implementaci\u00f3n del Plan Estrat\u00e9gico de Seguridad Vial |","isPartOf":{"@id":"https:\/\/conducircolombia.com\/cea\/#website"},"primaryImageOfPage":{"@id":"https:\/\/conducircolombia.com\/cea\/plan-estrategico-de-seguridad-vial\/#primaryimage"},"image":{"@id":"https:\/\/conducircolombia.com\/cea\/plan-estrategico-de-seguridad-vial\/#primaryimage"},"thumbnailUrl":"https:\/\/conducircolombia.com\/cea\/wp-content\/uploads\/2022\/12\/logo500-411x82.jpg","datePublished":"2024-09-15T23:57:28+00:00","dateModified":"2024-09-16T00:16:34+00:00","description":"Mejora la seguridad vial en tu empresa con nuestro diagn\u00f3stico para implementar el Plan Estrat\u00e9gico de Seguridad Vial, cumpliendo con la Ley 1503 de 2011, el Decreto 2851 de 2013 y la Resoluci\u00f3n 50595 de 2022","breadcrumb":{"@id":"https:\/\/conducircolombia.com\/cea\/plan-estrategico-de-seguridad-vial\/#breadcrumb"},"inLanguage":"es","potentialAction":[{"@type":"ReadAction","target":["https:\/\/conducircolombia.com\/cea\/plan-estrategico-de-seguridad-vial\/"]}]},{"@type":"ImageObject","inLanguage":"es","@id":"https:\/\/conducircolombia.com\/cea\/plan-estrategico-de-seguridad-vial\/#primaryimage","url":"https:\/\/conducircolombia.com\/cea\/wp-content\/uploads\/2022\/12\/logo500.jpg","contentUrl":"https:\/\/conducircolombia.com\/cea\/wp-content\/uploads\/2022\/12\/logo500.jpg","width":500,"height":100,"caption":"Logo Conducir Colombia"},{"@type":"BreadcrumbList","@id":"https:\/\/conducircolombia.com\/cea\/plan-estrategico-de-seguridad-vial\/#breadcrumb","itemListElement":[{"@type":"ListItem","position":1,"name":"Portada","item":"https:\/\/conducircolombia.com\/cea\/"},{"@type":"ListItem","position":2,"name":"Plan Estrat\u00e9gico de Seguridad v\u00edal"}]},{"@type":"WebSite","@id":"https:\/\/conducircolombia.com\/cea\/#website","url":"https:\/\/conducircolombia.com\/cea\/","name":"Conducir Colombia","description":"Academia de Conducci\u00f3n","publisher":{"@id":"https:\/\/conducircolombia.com\/cea\/#organization"},"potentialAction":[{"@type":"SearchAction","target":{"@type":"EntryPoint","urlTemplate":"https:\/\/conducircolombia.com\/cea\/?s={search_term_string}"},"query-input":{"@type":"PropertyValueSpecification","valueRequired":true,"valueName":"search_term_string"}}],"inLanguage":"es"},{"@type":"Organization","@id":"https:\/\/conducircolombia.com\/cea\/#organization","name":"Conducir Colombia","alternateName":"Conducir Colombia","url":"https:\/\/conducircolombia.com\/cea\/","logo":{"@type":"ImageObject","inLanguage":"es","@id":"https:\/\/conducircolombia.com\/cea\/#\/schema\/logo\/image\/","url":"https:\/\/conducircolombia.com\/cea\/wp-content\/uploads\/2025\/02\/logowp.jpg","contentUrl":"https:\/\/conducircolombia.com\/cea\/wp-content\/uploads\/2025\/02\/logowp.jpg","width":300,"height":299,"caption":"Conducir Colombia"},"image":{"@id":"https:\/\/conducircolombia.com\/cea\/#\/schema\/logo\/image\/"},"sameAs":["https:\/\/www.facebook.com\/ConducirColombiaBogota"]},{"@type":"Person","@id":"https:\/\/conducircolombia.com\/cea\/#\/schema\/person\/39f266f3357066ea02c614168ee5b0d2","name":"memo fichas","image":{"@type":"ImageObject","inLanguage":"es","@id":"https:\/\/conducircolombia.com\/cea\/#\/schema\/person\/image\/","url":"https:\/\/secure.gravatar.com\/avatar\/e1b894dfed71a479efeaf73bfb32c5e92c855e56311b32924ca240a9bcec68b2?s=96&d=mm&r=g","contentUrl":"https:\/\/secure.gravatar.com\/avatar\/e1b894dfed71a479efeaf73bfb32c5e92c855e56311b32924ca240a9bcec68b2?s=96&d=mm&r=g","caption":"memo fichas"},"url":"https:\/\/conducircolombia.com\/cea\/author\/conducir1\/"}]}},"_links":{"self":[{"href":"https:\/\/conducircolombia.com\/cea\/wp-json\/wp\/v2\/posts\/9438","targetHints":{"allow":["GET"]}}],"collection":[{"href":"https:\/\/conducircolombia.com\/cea\/wp-json\/wp\/v2\/posts"}],"about":[{"href":"https:\/\/conducircolombia.com\/cea\/wp-json\/wp\/v2\/types\/post"}],"author":[{"embeddable":true,"href":"https:\/\/conducircolombia.com\/cea\/wp-json\/wp\/v2\/users\/2"}],"replies":[{"embeddable":true,"href":"https:\/\/conducircolombia.com\/cea\/wp-json\/wp\/v2\/comments?post=9438"}],"version-history":[{"count":14,"href":"https:\/\/conducircolombia.com\/cea\/wp-json\/wp\/v2\/posts\/9438\/revisions"}],"predecessor-version":[{"id":9455,"href":"https:\/\/conducircolombia.com\/cea\/wp-json\/wp\/v2\/posts\/9438\/revisions\/9455"}],"wp:attachment":[{"href":"https:\/\/conducircolombia.com\/cea\/wp-json\/wp\/v2\/media?parent=9438"}],"wp:term":[{"taxonomy":"category","embeddable":true,"href":"https:\/\/conducircolombia.com\/cea\/wp-json\/wp\/v2\/categories?post=9438"},{"taxonomy":"post_tag","embeddable":true,"href":"https:\/\/conducircolombia.com\/cea\/wp-json\/wp\/v2\/tags?post=9438"}],"curies":[{"name":"wp","href":"https:\/\/api.w.org\/{rel}","templated":true}]}}